{"id":6707,"date":"2020-02-03T08:00:00","date_gmt":"2020-02-03T07:00:00","guid":{"rendered":"https:\/\/www.welovecycling.com\/hu\/?p=6707"},"modified":"2020-01-31T14:30:20","modified_gmt":"2020-01-31T13:30:20","slug":"16-ok-amiert-egy-mountain-bike-jobb-mint-egy-orszaguti","status":"publish","type":"post","link":"https:\/\/www.welovecycling.com\/hu\/trekking-mtb\/16-ok-amiert-egy-mountain-bike-jobb-mint-egy-orszaguti\/","title":{"rendered":"16 ok, ami\u00e9rt egy mountain bike jobb, mint egy orsz\u00e1g\u00fati"},"content":{"rendered":"<p><strong>B\u00e1r aszfalton biztosan elvesz\u00edted a versenyt, ha orsz\u00e1g\u00fatis ellen indulsz, ak\u00e1rhogy is pr\u00f3b\u00e1lkozol, rengeteg el\u0151ny \u00e1ll a te oldaladon, ha montin \u00fclsz. \u00d6sszegy\u0171jt\u00f6tt\u00fck mi\u00e9rt jobb egy MTB!<\/strong><!--more--><\/p>\n<p>1. Nem kell mesters\u00e9ges utakat k\u00f6vetned, \u00edgy v\u00e9gtelen\u00fcl szabad vagy.<\/p>\n<p>2. Ha le akarod ny\u0171g\u00f6zni a bar\u00e1taidat, erre sokkal t\u00f6bb lehet\u0151s\u00e9get ny\u00fajt egy szuszpenzi\u00f3s MTB, mint egy orsz\u00e1g\u00fati bicikli.<\/p>\n<p>3. Egyed\u00fcl is \u00e9lvezheted az erdei utakat an\u00e9lk\u00fcl, hogy arr\u00f3l kelljen panaszkodnod, hogy senki nem fogta fel el\u0151tted a menetszelet.<\/p>\n<p>4. S\u00f6rt inni nem b\u0171n!<\/p>\n<figure id=\"attachment_6709\" aria-describedby=\"caption-attachment-6709\" style=\"width: 640px\" class=\"wp-caption alignnone\"><img loading=\"lazy\" decoding=\"async\" class=\"wp-image-6709 size-full\" src=\"https:\/\/d2p6e6u75xmxt8.cloudfront.net\/12\/2020\/01\/Beer-Barrels-pexels-photo-1267359.jpeg\" alt=\"\" width=\"640\" height=\"427\" srcset=\"https:\/\/d2p6e6u75xmxt8.cloudfront.net\/12\/2020\/01\/Beer-Barrels-pexels-photo-1267359.jpeg 640w, https:\/\/d2p6e6u75xmxt8.cloudfront.net\/12\/2020\/01\/Beer-Barrels-pexels-photo-1267359-300x200.jpeg 300w, https:\/\/d2p6e6u75xmxt8.cloudfront.net\/12\/2020\/01\/Beer-Barrels-pexels-photo-1267359-272x182.jpeg 272w\" sizes=\"auto, (max-width: 640px) 100vw, 640px\" \/><figcaption id=\"caption-attachment-6709\" class=\"wp-caption-text\">Doctors in Japan have observed patients with what\u2019s now called the \u201cauto-brewery syndrome\u201d. It is found in people with overgrowth of candida yeast in the intestine. Candida is a microbe that excretes alcohol as a metabolic by-product. In severe cases, the overgrowth can cause drunkenness.<\/figcaption><\/figure>\n<p>5. Kevesebbet agg\u00f3dsz azon, hogy mi lesz, ha megkarcol\u00f3dik a bring\u00e1d, vagy vajon megy-e egym\u00e1shoz a v\u00e1z \u00e9s a felszerel\u00e9sed sz\u00edne.<\/p>\n<p>6. Nem pazarolsz id\u0151t a szem\u00e9lyre szab\u00e1sra.<\/p>\n<p>7. Az orsz\u00e1g\u00faton teker\u00e9s csak l\u00e1bra megy, montin viszont eg\u00e9sz testre gy\u00farsz.<\/p>\n<p>8. Ugrathatsz, \u00e9s ez iszonyat kir\u00e1ly.<\/p>\n<div class=\"embed-controller-wrapper\">\n<blockquote class=\"twitter-tweet\" data-width=\"500\" data-dnt=\"true\">\n<p lang=\"en\" dir=\"ltr\">Do *NOT* try this at home&#8230; <a href=\"https:\/\/twitter.com\/hashtag\/TDF2018?src=hash&amp;ref_src=twsrc%5Etfw\">#TDF2018<\/a> <a href=\"https:\/\/t.co\/8lgr6MBh92\">pic.twitter.com\/8lgr6MBh92<\/a><\/p>\n<p>&mdash; NBC Sports Cycling (@NBCSCycling) <a href=\"https:\/\/twitter.com\/NBCSCycling\/status\/1019210065218359296?ref_src=twsrc%5Etfw\">July 17, 2018<\/a><\/p><\/blockquote>\n<p><script async data-src=\"https:\/\/platform.twitter.com\/widgets.js\" charset=\"utf-8\"><\/script><\/div>\n<p>9. Van, hogy sz\u00edvesebben h\u00fazunk laza MTB nadr\u00e1got, mint fesz\u00fcl\u0151s bringagaty\u00e1t.<\/p>\n<p>10. Akkor is j\u00f3l \u00e9rzed magad teker\u00e9s k\u00f6zben, ha kev\u00e9sb\u00e9 vagy fitt.<\/p>\n<p>11. Felesleges vagyonokat k\u00f6ltened min\u00e9l k\u00f6nnyebb \u00e9s k\u00f6nnyebb alkatr\u00e9szekre, hiszen \u00f6t perc ut\u00e1n \u00fagyis a bring\u00e1d s\u00faly\u00e1nak megfelel\u0151 mennyis\u00e9g\u0171 s\u00e1r tapad r\u00e1d.<\/p>\n<p>12. Nem kell l\u00e1bat borotv\u00e1lni!<\/p>\n<p><img loading=\"lazy\" decoding=\"async\" class=\"alignnone size-full wp-image-6710\" src=\"https:\/\/d2p6e6u75xmxt8.cloudfront.net\/12\/2020\/01\/perfectshot-cover.jpg\" alt=\"\" width=\"1375\" height=\"600\" srcset=\"https:\/\/d2p6e6u75xmxt8.cloudfront.net\/12\/2020\/01\/perfectshot-cover.jpg 1375w, https:\/\/d2p6e6u75xmxt8.cloudfront.net\/12\/2020\/01\/perfectshot-cover-300x131.jpg 300w, https:\/\/d2p6e6u75xmxt8.cloudfront.net\/12\/2020\/01\/perfectshot-cover-768x335.jpg 768w, https:\/\/d2p6e6u75xmxt8.cloudfront.net\/12\/2020\/01\/perfectshot-cover-1024x447.jpg 1024w\" sizes=\"auto, (max-width: 1375px) 100vw, 1375px\" \/><\/p>\n<p>13. Ha \u00faton tekersz, nem b\u00fajhatsz el az aut\u00f3k el\u0151l. Montin viszont egyszer s mindenkorra megszabadulsz a forgalomban teker\u00e9s neh\u00e9zs\u00e9geit\u0151l.<\/p>\n<p>14. \u00c9lhetsz Strava rekordok n\u00e9lk\u00fcl.<\/p>\n<p>15. Nem \u00e1ll\u00edthat meg egy \u00fathiba, bukkan\u00f3 vagy g\u00f6d\u00f6r.<\/p>\n<p>16. A mountain bike feltal\u00e1l\u00f3i hippik voltak. Men\u0151!<\/p>\n","protected":false},"excerpt":{"rendered":"<p>B\u00e1r aszfalton biztosan elvesz\u00edted a versenyt, ha orsz\u00e1g\u00fatis ellen indulsz, ak\u00e1rhogy is pr\u00f3b\u00e1lkozol, rengeteg el\u0151ny \u00e1ll a te oldaladon, ha [&hellip;]<\/p>\n","protected":false},"author":71,"featured_media":6712,"comment_status":"open","ping_status":"open","sticky":false,"template":"","format":"standard","meta":{"footnotes":""},"categories":[7],"tags":[],"global-categories":[],"class_list":["post-6707","post","type-post","status-publish","format-standard","has-post-thumbnail","hentry","category-trekking-mtb"],"yoast_head":"<!-- This site is optimized with the Yoast SEO Premium plugin v25.3 (Yoast SEO v25.9) - https:\/\/yoast.com\/wordpress\/plugins\/seo\/ -->\n<title>16 ok, ami\u00e9rt egy mountain bike jobb, mint egy orsz\u00e1g\u00fati - \u0160koda We Love Cycling - Magyarorsz\u00e1g<\/title>\n<meta name=\"robots\" content=\"index, follow, max-snippet:-1, max-image-preview:large, max-video-preview:-1\" \/>\n<link rel=\"canonical\" href=\"https:\/\/www.welovecycling.com\/hu\/trekking-mtb\/16-ok-amiert-egy-mountain-bike-jobb-mint-egy-orszaguti\/\" \/>\n<meta property=\"og:locale\" content=\"hu_HU\" \/>\n<meta property=\"og:type\" content=\"article\" \/>\n<meta property=\"og:title\" content=\"16 ok, ami\u00e9rt egy mountain bike jobb, mint egy orsz\u00e1g\u00fati\" \/>\n<meta property=\"og:description\" content=\"B\u00e1r aszfalton biztosan elvesz\u00edted a versenyt, ha orsz\u00e1g\u00fatis ellen indulsz, ak\u00e1rhogy is pr\u00f3b\u00e1lkozol, rengeteg el\u0151ny \u00e1ll a te oldaladon, ha [&hellip;]\" \/>\n<meta property=\"og:url\" content=\"https:\/\/www.welovecycling.com\/hu\/trekking-mtb\/16-ok-amiert-egy-mountain-bike-jobb-mint-egy-orszaguti\/\" \/>\n<meta property=\"og:site_name\" content=\"\u0160koda We Love Cycling - Magyarorsz\u00e1g\" \/>\n<meta property=\"article:publisher\" content=\"https:\/\/www.facebook.com\/WeLoveCyclingHungary\/\" \/>\n<meta property=\"article:published_time\" content=\"2020-02-03T07:00:00+00:00\" \/>\n<meta property=\"og:image\" content=\"https:\/\/d2p6e6u75xmxt8.cloudfront.net\/12\/2020\/01\/Woman-MTB-CVR-profimedia-0481069246.jpg\" \/>\n\t<meta property=\"og:image:width\" content=\"1366\" \/>\n\t<meta property=\"og:image:height\" content=\"600\" \/>\n\t<meta property=\"og:image:type\" content=\"image\/jpeg\" \/>\n<meta name=\"author\" content=\"hegyizs\" \/>\n<meta name=\"twitter:card\" content=\"summary_large_image\" \/>\n<meta name=\"twitter:label1\" content=\"Written by\" \/>\n\t<meta name=\"twitter:data1\" content=\"Adam Marsal\" \/>\n\t<meta name=\"twitter:label2\" content=\"Est. reading time\" \/>\n\t<meta name=\"twitter:data2\" content=\"7\" \/>\n<script type=\"application\/ld+json\" class=\"yoast-schema-graph\">{\"@context\":\"https:\/\/schema.org\",\"@graph\":[{\"@type\":\"WebPage\",\"@id\":\"https:\/\/www.welovecycling.com\/hu\/trekking-mtb\/16-ok-amiert-egy-mountain-bike-jobb-mint-egy-orszaguti\/\",\"url\":\"https:\/\/www.welovecycling.com\/hu\/trekking-mtb\/16-ok-amiert-egy-mountain-bike-jobb-mint-egy-orszaguti\/\",\"name\":\"16 ok, ami\u00e9rt egy mountain bike jobb, mint egy orsz\u00e1g\u00fati - \u0160koda We Love Cycling - Magyarorsz\u00e1g\",\"isPartOf\":{\"@id\":\"https:\/\/www.welovecycling.com\/hu\/#website\"},\"primaryImageOfPage\":{\"@id\":\"https:\/\/www.welovecycling.com\/hu\/trekking-mtb\/16-ok-amiert-egy-mountain-bike-jobb-mint-egy-orszaguti\/#primaryimage\"},\"image\":{\"@id\":\"https:\/\/www.welovecycling.com\/hu\/trekking-mtb\/16-ok-amiert-egy-mountain-bike-jobb-mint-egy-orszaguti\/#primaryimage\"},\"thumbnailUrl\":\"https:\/\/d2p6e6u75xmxt8.cloudfront.net\/12\/2020\/01\/Woman-MTB-CVR-profimedia-0481069246.jpg\",\"datePublished\":\"2020-02-03T07:00:00+00:00\",\"author\":{\"@id\":\"https:\/\/www.welovecycling.com\/hu\/#\/schema\/person\/414a2aebf1801691a5320edb6468e194\"},\"breadcrumb\":{\"@id\":\"https:\/\/www.welovecycling.com\/hu\/trekking-mtb\/16-ok-amiert-egy-mountain-bike-jobb-mint-egy-orszaguti\/#breadcrumb\"},\"inLanguage\":\"hu\",\"potentialAction\":[{\"@type\":\"ReadAction\",\"target\":[\"https:\/\/www.welovecycling.com\/hu\/trekking-mtb\/16-ok-amiert-egy-mountain-bike-jobb-mint-egy-orszaguti\/\"]}]},{\"@type\":\"ImageObject\",\"inLanguage\":\"hu\",\"@id\":\"https:\/\/www.welovecycling.com\/hu\/trekking-mtb\/16-ok-amiert-egy-mountain-bike-jobb-mint-egy-orszaguti\/#primaryimage\",\"url\":\"https:\/\/d2p6e6u75xmxt8.cloudfront.net\/12\/2020\/01\/Woman-MTB-CVR-profimedia-0481069246.jpg\",\"contentUrl\":\"https:\/\/d2p6e6u75xmxt8.cloudfront.net\/12\/2020\/01\/Woman-MTB-CVR-profimedia-0481069246.jpg\",\"width\":1366,\"height\":600},{\"@type\":\"BreadcrumbList\",\"@id\":\"https:\/\/www.welovecycling.com\/hu\/trekking-mtb\/16-ok-amiert-egy-mountain-bike-jobb-mint-egy-orszaguti\/#breadcrumb\",\"itemListElement\":[{\"@type\":\"ListItem\",\"position\":1,\"name\":\"Home\",\"item\":\"https:\/\/www.welovecycling.com\/hu\/\"},{\"@type\":\"ListItem\",\"position\":2,\"name\":\"16 ok, ami\u00e9rt egy mountain bike jobb, mint egy orsz\u00e1g\u00fati\"}]},{\"@type\":\"WebSite\",\"@id\":\"https:\/\/www.welovecycling.com\/hu\/#website\",\"url\":\"https:\/\/www.welovecycling.com\/hu\/\",\"name\":\"\u0160koda We Love Cycling - Magyarorsz\u00e1g\",\"description\":\"\u0160koda WeLoveCycling\",\"potentialAction\":[{\"@type\":\"SearchAction\",\"target\":{\"@type\":\"EntryPoint\",\"urlTemplate\":\"https:\/\/www.welovecycling.com\/hu\/?s={search_term_string}\"},\"query-input\":{\"@type\":\"PropertyValueSpecification\",\"valueRequired\":true,\"valueName\":\"search_term_string\"}}],\"inLanguage\":\"hu\"},{\"@type\":\"Person\",\"@id\":\"https:\/\/www.welovecycling.com\/hu\/#\/schema\/person\/414a2aebf1801691a5320edb6468e194\",\"name\":\"hegyizs\",\"image\":{\"@type\":\"ImageObject\",\"inLanguage\":\"hu\",\"@id\":\"https:\/\/www.welovecycling.com\/hu\/#\/schema\/person\/image\/\",\"url\":\"https:\/\/secure.gravatar.com\/avatar\/02cf8a7906b8cf90cecb4679defac7cfd33a1c2e3b88e4903d947f3bb58eedd3?s=96&d=mm&r=g\",\"contentUrl\":\"https:\/\/secure.gravatar.com\/avatar\/02cf8a7906b8cf90cecb4679defac7cfd33a1c2e3b88e4903d947f3bb58eedd3?s=96&d=mm&r=g\",\"caption\":\"hegyizs\"},\"url\":\"https:\/\/www.welovecycling.com\/hu\/author\/hegyizs\/\"}]}<\/script>\n<!-- \/ Yoast SEO Premium plugin. -->","yoast_head_json":{"title":"16 ok, ami\u00e9rt egy mountain bike jobb, mint egy orsz\u00e1g\u00fati - \u0160koda We Love Cycling - Magyarorsz\u00e1g","robots":{"index":"index","follow":"follow","max-snippet":"max-snippet:-1","max-image-preview":"max-image-preview:large","max-video-preview":"max-video-preview:-1"},"canonical":"https:\/\/www.welovecycling.com\/hu\/trekking-mtb\/16-ok-amiert-egy-mountain-bike-jobb-mint-egy-orszaguti\/","og_locale":"hu_HU","og_type":"article","og_title":"16 ok, ami\u00e9rt egy mountain bike jobb, mint egy orsz\u00e1g\u00fati","og_description":"B\u00e1r aszfalton biztosan elvesz\u00edted a versenyt, ha orsz\u00e1g\u00fatis ellen indulsz, ak\u00e1rhogy is pr\u00f3b\u00e1lkozol, rengeteg el\u0151ny \u00e1ll a te oldaladon, ha [&hellip;]","og_url":"https:\/\/www.welovecycling.com\/hu\/trekking-mtb\/16-ok-amiert-egy-mountain-bike-jobb-mint-egy-orszaguti\/","og_site_name":"\u0160koda We Love Cycling - Magyarorsz\u00e1g","article_publisher":"https:\/\/www.facebook.com\/WeLoveCyclingHungary\/","article_published_time":"2020-02-03T07:00:00+00:00","og_image":[{"width":1366,"height":600,"url":"https:\/\/d2p6e6u75xmxt8.cloudfront.net\/12\/2020\/01\/Woman-MTB-CVR-profimedia-0481069246.jpg","type":"image\/jpeg"}],"author":"hegyizs","twitter_card":"summary_large_image","twitter_misc":{"Written by":"Adam Marsal","Est. reading time":"7"},"schema":{"@context":"https:\/\/schema.org","@graph":[{"@type":"WebPage","@id":"https:\/\/www.welovecycling.com\/hu\/trekking-mtb\/16-ok-amiert-egy-mountain-bike-jobb-mint-egy-orszaguti\/","url":"https:\/\/www.welovecycling.com\/hu\/trekking-mtb\/16-ok-amiert-egy-mountain-bike-jobb-mint-egy-orszaguti\/","name":"16 ok, ami\u00e9rt egy mountain bike jobb, mint egy orsz\u00e1g\u00fati - \u0160koda We Love Cycling - Magyarorsz\u00e1g","isPartOf":{"@id":"https:\/\/www.welovecycling.com\/hu\/#website"},"primaryImageOfPage":{"@id":"https:\/\/www.welovecycling.com\/hu\/trekking-mtb\/16-ok-amiert-egy-mountain-bike-jobb-mint-egy-orszaguti\/#primaryimage"},"image":{"@id":"https:\/\/www.welovecycling.com\/hu\/trekking-mtb\/16-ok-amiert-egy-mountain-bike-jobb-mint-egy-orszaguti\/#primaryimage"},"thumbnailUrl":"https:\/\/d2p6e6u75xmxt8.cloudfront.net\/12\/2020\/01\/Woman-MTB-CVR-profimedia-0481069246.jpg","datePublished":"2020-02-03T07:00:00+00:00","author":{"@id":"https:\/\/www.welovecycling.com\/hu\/#\/schema\/person\/414a2aebf1801691a5320edb6468e194"},"breadcrumb":{"@id":"https:\/\/www.welovecycling.com\/hu\/trekking-mtb\/16-ok-amiert-egy-mountain-bike-jobb-mint-egy-orszaguti\/#breadcrumb"},"inLanguage":"hu","potentialAction":[{"@type":"ReadAction","target":["https:\/\/www.welovecycling.com\/hu\/trekking-mtb\/16-ok-amiert-egy-mountain-bike-jobb-mint-egy-orszaguti\/"]}]},{"@type":"ImageObject","inLanguage":"hu","@id":"https:\/\/www.welovecycling.com\/hu\/trekking-mtb\/16-ok-amiert-egy-mountain-bike-jobb-mint-egy-orszaguti\/#primaryimage","url":"https:\/\/d2p6e6u75xmxt8.cloudfront.net\/12\/2020\/01\/Woman-MTB-CVR-profimedia-0481069246.jpg","contentUrl":"https:\/\/d2p6e6u75xmxt8.cloudfront.net\/12\/2020\/01\/Woman-MTB-CVR-profimedia-0481069246.jpg","width":1366,"height":600},{"@type":"BreadcrumbList","@id":"https:\/\/www.welovecycling.com\/hu\/trekking-mtb\/16-ok-amiert-egy-mountain-bike-jobb-mint-egy-orszaguti\/#breadcrumb","itemListElement":[{"@type":"ListItem","position":1,"name":"Home","item":"https:\/\/www.welovecycling.com\/hu\/"},{"@type":"ListItem","position":2,"name":"16 ok, ami\u00e9rt egy mountain bike jobb, mint egy orsz\u00e1g\u00fati"}]},{"@type":"WebSite","@id":"https:\/\/www.welovecycling.com\/hu\/#website","url":"https:\/\/www.welovecycling.com\/hu\/","name":"\u0160koda We Love Cycling - Magyarorsz\u00e1g","description":"\u0160koda WeLoveCycling","potentialAction":[{"@type":"SearchAction","target":{"@type":"EntryPoint","urlTemplate":"https:\/\/www.welovecycling.com\/hu\/?s={search_term_string}"},"query-input":{"@type":"PropertyValueSpecification","valueRequired":true,"valueName":"search_term_string"}}],"inLanguage":"hu"},{"@type":"Person","@id":"https:\/\/www.welovecycling.com\/hu\/#\/schema\/person\/414a2aebf1801691a5320edb6468e194","name":"hegyizs","image":{"@type":"ImageObject","inLanguage":"hu","@id":"https:\/\/www.welovecycling.com\/hu\/#\/schema\/person\/image\/","url":"https:\/\/secure.gravatar.com\/avatar\/02cf8a7906b8cf90cecb4679defac7cfd33a1c2e3b88e4903d947f3bb58eedd3?s=96&d=mm&r=g","contentUrl":"https:\/\/secure.gravatar.com\/avatar\/02cf8a7906b8cf90cecb4679defac7cfd33a1c2e3b88e4903d947f3bb58eedd3?s=96&d=mm&r=g","caption":"hegyizs"},"url":"https:\/\/www.welovecycling.com\/hu\/author\/hegyizs\/"}]}},"_links":{"self":[{"href":"https:\/\/www.welovecycling.com\/hu\/wp-json\/wp\/v2\/posts\/6707","targetHints":{"allow":["GET"]}}],"collection":[{"href":"https:\/\/www.welovecycling.com\/hu\/wp-json\/wp\/v2\/posts"}],"about":[{"href":"https:\/\/www.welovecycling.com\/hu\/wp-json\/wp\/v2\/types\/post"}],"author":[{"embeddable":true,"href":"https:\/\/www.welovecycling.com\/hu\/wp-json\/wp\/v2\/users\/71"}],"replies":[{"embeddable":true,"href":"https:\/\/www.welovecycling.com\/hu\/wp-json\/wp\/v2\/comments?post=6707"}],"version-history":[{"count":2,"href":"https:\/\/www.welovecycling.com\/hu\/wp-json\/wp\/v2\/posts\/6707\/revisions"}],"predecessor-version":[{"id":6757,"href":"https:\/\/www.welovecycling.com\/hu\/wp-json\/wp\/v2\/posts\/6707\/revisions\/6757"}],"wp:featuredmedia":[{"embeddable":true,"href":"https:\/\/www.welovecycling.com\/hu\/wp-json\/wp\/v2\/media\/6712"}],"wp:attachment":[{"href":"https:\/\/www.welovecycling.com\/hu\/wp-json\/wp\/v2\/media?parent=6707"}],"wp:term":[{"taxonomy":"category","embeddable":true,"href":"https:\/\/www.welovecycling.com\/hu\/wp-json\/wp\/v2\/categories?post=6707"},{"taxonomy":"post_tag","embeddable":true,"href":"https:\/\/www.welovecycling.com\/hu\/wp-json\/wp\/v2\/tags?post=6707"},{"taxonomy":"global-categories","embeddable":true,"href":"https:\/\/www.welovecycling.com\/hu\/wp-json\/wp\/v2\/global-categories?post=6707"}],"curies":[{"name":"wp","href":"https:\/\/api.w.org\/{rel}","templated":true}]}}