{"id":6631,"date":"2020-02-02T08:00:41","date_gmt":"2020-02-02T07:00:41","guid":{"rendered":"https:\/\/www.welovecycling.com\/hu\/?p=6631"},"modified":"2020-01-24T18:44:03","modified_gmt":"2020-01-24T17:44:03","slug":"14-ok-amiert-jobb-egy-orszaguti-mint-egy-monti","status":"publish","type":"post","link":"https:\/\/www.welovecycling.com\/hu\/orszaguti-kerekpar\/14-ok-amiert-jobb-egy-orszaguti-mint-egy-monti\/","title":{"rendered":"14 ok, ami\u00e9rt jobb egy orsz\u00e1g\u00fati, mint egy monti"},"content":{"rendered":"<p><strong>Nem lehet kiker\u00fclni a vit\u00e1kat arr\u00f3l, hogy melyik a legjobb bringa. Ha egyszer k\u00e9nytelen vagy belemenni egy sz\u00f3csat\u00e1ba, \u00edme n\u00e9h\u00e1ny \u00e9rv, amit haszn\u00e1lhatsz orsz\u00e1g\u00fatid v\u00e9delm\u00e9ben!<\/strong><\/p>\n<p><!--more--><\/p>\n<p>1. Egy eg\u00e9sz napos 100 km-es MTB t\u00fara, orsz\u00e1g\u00fatival egy d\u00e9lel\u0151tt alatt megvan.<\/p>\n<p>2. M\u00edg a mountain bike tervez\u0151i v\u00e9rt izzadnak, hogy 10 kg al\u00e1 vigy\u00e9k a bringa s\u00faly\u00e1t, orsz\u00e1g\u00fatib\u00f3l m\u00e1r hat kil\u00f3sat is nagyobb er\u0151fesz\u00edt\u00e9s n\u00e9lk\u00fcl kapsz.<\/p>\n<p>3. A j\u00f3 teljes\u00edtm\u00e9nyhez sem kell olyan sok fokozat!<\/p>\n<p>4. A konzervat\u00edv kialak\u00edt\u00e1s\u00fa v\u00e1z biztos\u00edtja, hogy a rug\u00f3z\u00e1s ne nyeljen el energi\u00e1t.<\/p>\n<p>5. Orsz\u00e1g\u00fatival is tudsz egy ker\u00e9ken gurulni!<\/p>\n<p>6. Sokkal t\u00f6bb fel\u00fclete alkalmas a nedves ruh\u00e1k kitereget\u00e9s\u00e9re.<\/p>\n<p><img loading=\"lazy\" decoding=\"async\" class=\"alignnone size-full wp-image-6632\" src=\"https:\/\/d2p6e6u75xmxt8.cloudfront.net\/12\/2020\/01\/bike-rack-sddouyue9w-large.jpg\" alt=\"\" width=\"600\" height=\"600\" srcset=\"https:\/\/d2p6e6u75xmxt8.cloudfront.net\/12\/2020\/01\/bike-rack-sddouyue9w-large.jpg 600w, https:\/\/d2p6e6u75xmxt8.cloudfront.net\/12\/2020\/01\/bike-rack-sddouyue9w-large-150x150.jpg 150w, https:\/\/d2p6e6u75xmxt8.cloudfront.net\/12\/2020\/01\/bike-rack-sddouyue9w-large-300x300.jpg 300w\" sizes=\"auto, (max-width: 600px) 100vw, 600px\" \/><\/p>\n<p>7.Egy \u00f6r\u00f6kk\u00e9val\u00f3s\u00e1got elt\u00f6lthetsz a ker\u00e9kp\u00e1rod testreszab\u00e1s\u00e1val \u2013 err\u0151l pedig egy montis val\u00f3sz\u00edn\u0171leg m\u00e9g nem is hallott.<\/p>\n<p>8. Egy es\u0151s teker\u00e9s ut\u00e1ni takar\u00edt\u00e1s nem ny\u00falik eg\u00e9sz d\u00e9lut\u00e1nos szivaccsal \u00e9s kef\u00e9vel val\u00f3 k\u00fczdelembe.<\/p>\n<p>9. An\u00e9lk\u00fcl t\u00e1rolhatod a nappaliban, hogy f\u00e9lned kellene a semmib\u0151l hull\u00f3 s\u00e1rdarabokt\u00f3l \u00e9s az ideges csal\u00e1dtagokt\u00f3l.<\/p>\n<p>10. Vannak olyan, 100 \u00e9vvel ezel\u0151tt \u00e9lt legend\u00e1k, akikre m\u00e9g ma is eml\u00e9kez\u00fcnk. \u00c9s mind orsz\u00e1g\u00fatisok.<\/p>\n<p>11. Hi\u00e1ba a s\u00falycs\u00f6kken\u00e9s, egy monti m\u00e9g mindig \u00e1tok egy panelben \u00e9l\u0151 sz\u00e1m\u00e1ra.<\/p>\n<p>12. B\u00e1r vannak men\u0151 MTB versenyek, a kir\u00e1ly mindig a Tour de France marad. Mindig.<\/p>\n<p><img loading=\"lazy\" decoding=\"async\" class=\"alignnone size-full wp-image-6633\" src=\"https:\/\/d2p6e6u75xmxt8.cloudfront.net\/12\/2020\/01\/Women-Bike-Sleep.jpg\" alt=\"\" width=\"1378\" height=\"918\" srcset=\"https:\/\/d2p6e6u75xmxt8.cloudfront.net\/12\/2020\/01\/Women-Bike-Sleep.jpg 1378w, https:\/\/d2p6e6u75xmxt8.cloudfront.net\/12\/2020\/01\/Women-Bike-Sleep-300x200.jpg 300w, https:\/\/d2p6e6u75xmxt8.cloudfront.net\/12\/2020\/01\/Women-Bike-Sleep-768x512.jpg 768w, https:\/\/d2p6e6u75xmxt8.cloudfront.net\/12\/2020\/01\/Women-Bike-Sleep-1024x682.jpg 1024w, https:\/\/d2p6e6u75xmxt8.cloudfront.net\/12\/2020\/01\/Women-Bike-Sleep-272x182.jpg 272w\" sizes=\"auto, (max-width: 1378px) 100vw, 1378px\" \/><\/p>\n<p>13. Ha sikeres orsz\u00e1g\u00fatis vagy, arr\u00f3l mindenki tud. Ha sikeres MTB-s, arr\u00f3l csak a t\u00f6bbi MTB-s.<\/p>\n<p>14. Mindig fenn \u00e1ll az es\u00e9lye, hogy hipsternek n\u00e9znek, ha orsz\u00e1g\u00fatin \u00fclsz. Ki is mondta, hogy el\u0151ny\u00f6s?<\/p>\n","protected":false},"excerpt":{"rendered":"<p>Nem lehet kiker\u00fclni a vit\u00e1kat arr\u00f3l, hogy melyik a legjobb bringa. Ha egyszer k\u00e9nytelen vagy belemenni egy sz\u00f3csat\u00e1ba, \u00edme n\u00e9h\u00e1ny [&hellip;]<\/p>\n","protected":false},"author":71,"featured_media":4447,"comment_status":"open","ping_status":"open","sticky":false,"template":"","format":"standard","meta":{"footnotes":""},"categories":[8],"tags":[],"global-categories":[],"class_list":["post-6631","post","type-post","status-publish","format-standard","has-post-thumbnail","hentry","category-orszaguti-kerekpar"],"yoast_head":"<!-- This site is optimized with the Yoast SEO Premium plugin v25.3 (Yoast SEO v25.9) - https:\/\/yoast.com\/wordpress\/plugins\/seo\/ -->\n<title>14 ok, ami\u00e9rt jobb egy orsz\u00e1g\u00fati, mint egy monti - \u0160koda We Love Cycling - Magyarorsz\u00e1g<\/title>\n<meta name=\"robots\" content=\"index, follow, max-snippet:-1, max-image-preview:large, max-video-preview:-1\" \/>\n<link rel=\"canonical\" href=\"https:\/\/www.welovecycling.com\/hu\/orszaguti-kerekpar\/14-ok-amiert-jobb-egy-orszaguti-mint-egy-monti\/\" \/>\n<meta property=\"og:locale\" content=\"hu_HU\" \/>\n<meta property=\"og:type\" content=\"article\" \/>\n<meta property=\"og:title\" content=\"14 ok, ami\u00e9rt jobb egy orsz\u00e1g\u00fati, mint egy monti\" \/>\n<meta property=\"og:description\" content=\"Nem lehet kiker\u00fclni a vit\u00e1kat arr\u00f3l, hogy melyik a legjobb bringa. Ha egyszer k\u00e9nytelen vagy belemenni egy sz\u00f3csat\u00e1ba, \u00edme n\u00e9h\u00e1ny [&hellip;]\" \/>\n<meta property=\"og:url\" content=\"https:\/\/www.welovecycling.com\/hu\/orszaguti-kerekpar\/14-ok-amiert-jobb-egy-orszaguti-mint-egy-monti\/\" \/>\n<meta property=\"og:site_name\" content=\"\u0160koda We Love Cycling - Magyarorsz\u00e1g\" \/>\n<meta property=\"article:publisher\" content=\"https:\/\/www.facebook.com\/WeLoveCyclingHungary\/\" \/>\n<meta property=\"article:published_time\" content=\"2020-02-02T07:00:41+00:00\" \/>\n<meta property=\"og:image\" content=\"https:\/\/d2p6e6u75xmxt8.cloudfront.net\/12\/2019\/07\/JosCVR.jpg\" \/>\n\t<meta property=\"og:image:width\" content=\"1366\" \/>\n\t<meta property=\"og:image:height\" content=\"600\" \/>\n\t<meta property=\"og:image:type\" content=\"image\/jpeg\" \/>\n<meta name=\"author\" content=\"hegyizs\" \/>\n<meta name=\"twitter:card\" content=\"summary_large_image\" \/>\n<meta name=\"twitter:label1\" content=\"Written by\" \/>\n\t<meta name=\"twitter:data1\" content=\"Adam Marsal\" \/>\n\t<meta name=\"twitter:label2\" content=\"Est. reading time\" \/>\n\t<meta name=\"twitter:data2\" content=\"5\" \/>\n<script type=\"application\/ld+json\" class=\"yoast-schema-graph\">{\"@context\":\"https:\/\/schema.org\",\"@graph\":[{\"@type\":\"WebPage\",\"@id\":\"https:\/\/www.welovecycling.com\/hu\/orszaguti-kerekpar\/14-ok-amiert-jobb-egy-orszaguti-mint-egy-monti\/\",\"url\":\"https:\/\/www.welovecycling.com\/hu\/orszaguti-kerekpar\/14-ok-amiert-jobb-egy-orszaguti-mint-egy-monti\/\",\"name\":\"14 ok, ami\u00e9rt jobb egy orsz\u00e1g\u00fati, mint egy monti - \u0160koda We Love Cycling - Magyarorsz\u00e1g\",\"isPartOf\":{\"@id\":\"https:\/\/www.welovecycling.com\/hu\/#website\"},\"primaryImageOfPage\":{\"@id\":\"https:\/\/www.welovecycling.com\/hu\/orszaguti-kerekpar\/14-ok-amiert-jobb-egy-orszaguti-mint-egy-monti\/#primaryimage\"},\"image\":{\"@id\":\"https:\/\/www.welovecycling.com\/hu\/orszaguti-kerekpar\/14-ok-amiert-jobb-egy-orszaguti-mint-egy-monti\/#primaryimage\"},\"thumbnailUrl\":\"https:\/\/d2p6e6u75xmxt8.cloudfront.net\/12\/2019\/07\/JosCVR.jpg\",\"datePublished\":\"2020-02-02T07:00:41+00:00\",\"author\":{\"@id\":\"https:\/\/www.welovecycling.com\/hu\/#\/schema\/person\/414a2aebf1801691a5320edb6468e194\"},\"breadcrumb\":{\"@id\":\"https:\/\/www.welovecycling.com\/hu\/orszaguti-kerekpar\/14-ok-amiert-jobb-egy-orszaguti-mint-egy-monti\/#breadcrumb\"},\"inLanguage\":\"hu\",\"potentialAction\":[{\"@type\":\"ReadAction\",\"target\":[\"https:\/\/www.welovecycling.com\/hu\/orszaguti-kerekpar\/14-ok-amiert-jobb-egy-orszaguti-mint-egy-monti\/\"]}]},{\"@type\":\"ImageObject\",\"inLanguage\":\"hu\",\"@id\":\"https:\/\/www.welovecycling.com\/hu\/orszaguti-kerekpar\/14-ok-amiert-jobb-egy-orszaguti-mint-egy-monti\/#primaryimage\",\"url\":\"https:\/\/d2p6e6u75xmxt8.cloudfront.net\/12\/2019\/07\/JosCVR.jpg\",\"contentUrl\":\"https:\/\/d2p6e6u75xmxt8.cloudfront.net\/12\/2019\/07\/JosCVR.jpg\",\"width\":1366,\"height\":600},{\"@type\":\"BreadcrumbList\",\"@id\":\"https:\/\/www.welovecycling.com\/hu\/orszaguti-kerekpar\/14-ok-amiert-jobb-egy-orszaguti-mint-egy-monti\/#breadcrumb\",\"itemListElement\":[{\"@type\":\"ListItem\",\"position\":1,\"name\":\"Home\",\"item\":\"https:\/\/www.welovecycling.com\/hu\/\"},{\"@type\":\"ListItem\",\"position\":2,\"name\":\"14 ok, ami\u00e9rt jobb egy orsz\u00e1g\u00fati, mint egy monti\"}]},{\"@type\":\"WebSite\",\"@id\":\"https:\/\/www.welovecycling.com\/hu\/#website\",\"url\":\"https:\/\/www.welovecycling.com\/hu\/\",\"name\":\"\u0160koda We Love Cycling - Magyarorsz\u00e1g\",\"description\":\"\u0160koda WeLoveCycling\",\"potentialAction\":[{\"@type\":\"SearchAction\",\"target\":{\"@type\":\"EntryPoint\",\"urlTemplate\":\"https:\/\/www.welovecycling.com\/hu\/?s={search_term_string}\"},\"query-input\":{\"@type\":\"PropertyValueSpecification\",\"valueRequired\":true,\"valueName\":\"search_term_string\"}}],\"inLanguage\":\"hu\"},{\"@type\":\"Person\",\"@id\":\"https:\/\/www.welovecycling.com\/hu\/#\/schema\/person\/414a2aebf1801691a5320edb6468e194\",\"name\":\"hegyizs\",\"image\":{\"@type\":\"ImageObject\",\"inLanguage\":\"hu\",\"@id\":\"https:\/\/www.welovecycling.com\/hu\/#\/schema\/person\/image\/\",\"url\":\"https:\/\/secure.gravatar.com\/avatar\/02cf8a7906b8cf90cecb4679defac7cfd33a1c2e3b88e4903d947f3bb58eedd3?s=96&d=mm&r=g\",\"contentUrl\":\"https:\/\/secure.gravatar.com\/avatar\/02cf8a7906b8cf90cecb4679defac7cfd33a1c2e3b88e4903d947f3bb58eedd3?s=96&d=mm&r=g\",\"caption\":\"hegyizs\"},\"url\":\"https:\/\/www.welovecycling.com\/hu\/author\/hegyizs\/\"}]}<\/script>\n<!-- \/ Yoast SEO Premium plugin. -->","yoast_head_json":{"title":"14 ok, ami\u00e9rt jobb egy orsz\u00e1g\u00fati, mint egy monti - \u0160koda We Love Cycling - Magyarorsz\u00e1g","robots":{"index":"index","follow":"follow","max-snippet":"max-snippet:-1","max-image-preview":"max-image-preview:large","max-video-preview":"max-video-preview:-1"},"canonical":"https:\/\/www.welovecycling.com\/hu\/orszaguti-kerekpar\/14-ok-amiert-jobb-egy-orszaguti-mint-egy-monti\/","og_locale":"hu_HU","og_type":"article","og_title":"14 ok, ami\u00e9rt jobb egy orsz\u00e1g\u00fati, mint egy monti","og_description":"Nem lehet kiker\u00fclni a vit\u00e1kat arr\u00f3l, hogy melyik a legjobb bringa. Ha egyszer k\u00e9nytelen vagy belemenni egy sz\u00f3csat\u00e1ba, \u00edme n\u00e9h\u00e1ny [&hellip;]","og_url":"https:\/\/www.welovecycling.com\/hu\/orszaguti-kerekpar\/14-ok-amiert-jobb-egy-orszaguti-mint-egy-monti\/","og_site_name":"\u0160koda We Love Cycling - Magyarorsz\u00e1g","article_publisher":"https:\/\/www.facebook.com\/WeLoveCyclingHungary\/","article_published_time":"2020-02-02T07:00:41+00:00","og_image":[{"width":1366,"height":600,"url":"https:\/\/d2p6e6u75xmxt8.cloudfront.net\/12\/2019\/07\/JosCVR.jpg","type":"image\/jpeg"}],"author":"hegyizs","twitter_card":"summary_large_image","twitter_misc":{"Written by":"Adam Marsal","Est. reading time":"5"},"schema":{"@context":"https:\/\/schema.org","@graph":[{"@type":"WebPage","@id":"https:\/\/www.welovecycling.com\/hu\/orszaguti-kerekpar\/14-ok-amiert-jobb-egy-orszaguti-mint-egy-monti\/","url":"https:\/\/www.welovecycling.com\/hu\/orszaguti-kerekpar\/14-ok-amiert-jobb-egy-orszaguti-mint-egy-monti\/","name":"14 ok, ami\u00e9rt jobb egy orsz\u00e1g\u00fati, mint egy monti - \u0160koda We Love Cycling - Magyarorsz\u00e1g","isPartOf":{"@id":"https:\/\/www.welovecycling.com\/hu\/#website"},"primaryImageOfPage":{"@id":"https:\/\/www.welovecycling.com\/hu\/orszaguti-kerekpar\/14-ok-amiert-jobb-egy-orszaguti-mint-egy-monti\/#primaryimage"},"image":{"@id":"https:\/\/www.welovecycling.com\/hu\/orszaguti-kerekpar\/14-ok-amiert-jobb-egy-orszaguti-mint-egy-monti\/#primaryimage"},"thumbnailUrl":"https:\/\/d2p6e6u75xmxt8.cloudfront.net\/12\/2019\/07\/JosCVR.jpg","datePublished":"2020-02-02T07:00:41+00:00","author":{"@id":"https:\/\/www.welovecycling.com\/hu\/#\/schema\/person\/414a2aebf1801691a5320edb6468e194"},"breadcrumb":{"@id":"https:\/\/www.welovecycling.com\/hu\/orszaguti-kerekpar\/14-ok-amiert-jobb-egy-orszaguti-mint-egy-monti\/#breadcrumb"},"inLanguage":"hu","potentialAction":[{"@type":"ReadAction","target":["https:\/\/www.welovecycling.com\/hu\/orszaguti-kerekpar\/14-ok-amiert-jobb-egy-orszaguti-mint-egy-monti\/"]}]},{"@type":"ImageObject","inLanguage":"hu","@id":"https:\/\/www.welovecycling.com\/hu\/orszaguti-kerekpar\/14-ok-amiert-jobb-egy-orszaguti-mint-egy-monti\/#primaryimage","url":"https:\/\/d2p6e6u75xmxt8.cloudfront.net\/12\/2019\/07\/JosCVR.jpg","contentUrl":"https:\/\/d2p6e6u75xmxt8.cloudfront.net\/12\/2019\/07\/JosCVR.jpg","width":1366,"height":600},{"@type":"BreadcrumbList","@id":"https:\/\/www.welovecycling.com\/hu\/orszaguti-kerekpar\/14-ok-amiert-jobb-egy-orszaguti-mint-egy-monti\/#breadcrumb","itemListElement":[{"@type":"ListItem","position":1,"name":"Home","item":"https:\/\/www.welovecycling.com\/hu\/"},{"@type":"ListItem","position":2,"name":"14 ok, ami\u00e9rt jobb egy orsz\u00e1g\u00fati, mint egy monti"}]},{"@type":"WebSite","@id":"https:\/\/www.welovecycling.com\/hu\/#website","url":"https:\/\/www.welovecycling.com\/hu\/","name":"\u0160koda We Love Cycling - Magyarorsz\u00e1g","description":"\u0160koda WeLoveCycling","potentialAction":[{"@type":"SearchAction","target":{"@type":"EntryPoint","urlTemplate":"https:\/\/www.welovecycling.com\/hu\/?s={search_term_string}"},"query-input":{"@type":"PropertyValueSpecification","valueRequired":true,"valueName":"search_term_string"}}],"inLanguage":"hu"},{"@type":"Person","@id":"https:\/\/www.welovecycling.com\/hu\/#\/schema\/person\/414a2aebf1801691a5320edb6468e194","name":"hegyizs","image":{"@type":"ImageObject","inLanguage":"hu","@id":"https:\/\/www.welovecycling.com\/hu\/#\/schema\/person\/image\/","url":"https:\/\/secure.gravatar.com\/avatar\/02cf8a7906b8cf90cecb4679defac7cfd33a1c2e3b88e4903d947f3bb58eedd3?s=96&d=mm&r=g","contentUrl":"https:\/\/secure.gravatar.com\/avatar\/02cf8a7906b8cf90cecb4679defac7cfd33a1c2e3b88e4903d947f3bb58eedd3?s=96&d=mm&r=g","caption":"hegyizs"},"url":"https:\/\/www.welovecycling.com\/hu\/author\/hegyizs\/"}]}},"_links":{"self":[{"href":"https:\/\/www.welovecycling.com\/hu\/wp-json\/wp\/v2\/posts\/6631","targetHints":{"allow":["GET"]}}],"collection":[{"href":"https:\/\/www.welovecycling.com\/hu\/wp-json\/wp\/v2\/posts"}],"about":[{"href":"https:\/\/www.welovecycling.com\/hu\/wp-json\/wp\/v2\/types\/post"}],"author":[{"embeddable":true,"href":"https:\/\/www.welovecycling.com\/hu\/wp-json\/wp\/v2\/users\/71"}],"replies":[{"embeddable":true,"href":"https:\/\/www.welovecycling.com\/hu\/wp-json\/wp\/v2\/comments?post=6631"}],"version-history":[{"count":2,"href":"https:\/\/www.welovecycling.com\/hu\/wp-json\/wp\/v2\/posts\/6631\/revisions"}],"predecessor-version":[{"id":6649,"href":"https:\/\/www.welovecycling.com\/hu\/wp-json\/wp\/v2\/posts\/6631\/revisions\/6649"}],"wp:featuredmedia":[{"embeddable":true,"href":"https:\/\/www.welovecycling.com\/hu\/wp-json\/wp\/v2\/media\/4447"}],"wp:attachment":[{"href":"https:\/\/www.welovecycling.com\/hu\/wp-json\/wp\/v2\/media?parent=6631"}],"wp:term":[{"taxonomy":"category","embeddable":true,"href":"https:\/\/www.welovecycling.com\/hu\/wp-json\/wp\/v2\/categories?post=6631"},{"taxonomy":"post_tag","embeddable":true,"href":"https:\/\/www.welovecycling.com\/hu\/wp-json\/wp\/v2\/tags?post=6631"},{"taxonomy":"global-categories","embeddable":true,"href":"https:\/\/www.welovecycling.com\/hu\/wp-json\/wp\/v2\/global-categories?post=6631"}],"curies":[{"name":"wp","href":"https:\/\/api.w.org\/{rel}","templated":true}]}}