{"id":6617,"date":"2020-01-29T08:00:02","date_gmt":"2020-01-29T07:00:02","guid":{"rendered":"https:\/\/www.welovecycling.com\/hu\/?p=6617"},"modified":"2020-01-24T18:40:25","modified_gmt":"2020-01-24T17:40:25","slug":"kerekpartortenelem-a-nyugaton-kivul","status":"publish","type":"post","link":"https:\/\/www.welovecycling.com\/hu\/kozosseg-es-kultura\/kerekpartortenelem-a-nyugaton-kivul\/","title":{"rendered":"Ker\u00e9kp\u00e1rt\u00f6rt\u00e9nelem a Nyugaton k\u00edv\u00fcl"},"content":{"rendered":"<p><strong>Amikor a ker\u00e9kp\u00e1r el\u0151sz\u00f6r \u00e9rkezett meg \u00c1zsi\u00e1ba \u00e9s Afrik\u00e1ba, nem keltett t\u00fal j\u00f3 benyom\u00e1st. A furcsa k\u00e9tkerek\u0171 t\u00e1rgyat, amit a nem t\u00fal n\u00e9pszer\u0171 nyugati gyarmatos\u00edt\u00f3k hoztak magukkal, bizalmatlanul fogadt\u00e1k.<\/strong><\/p>\n<p><!--more--><\/p>\n<p>Eur\u00f3p\u00e1ban a biciklik \u00faj, izgalmas, \u00fatt\u00f6r\u0151 tal\u00e1lm\u00e1nyk\u00e9nt ker\u00fcltek a piacra. Mind\u00f6ssze egy \u00e9vtizeddel k\u00e9s\u0151bb m\u00e1r minden t\u00e1rsadalmi oszt\u00e1ly \u00e9lvezte ennek a k\u00f6zleked\u00e9si m\u00f3dnak az el\u0151nyeit. Azonban Afrik\u00e1ban \u00e9s \u00c1zsi\u00e1ban sokkal nehezebben terjedt el. A ker\u00e9kp\u00e1r kora csak a m\u00e1sodik vil\u00e1gh\u00e1bor\u00fa ut\u00e1n vir\u00e1gzott fel. De vajon mi\u00e9rt?<\/p>\n<figure id=\"attachment_6618\" aria-describedby=\"caption-attachment-6618\" style=\"width: 1250px\" class=\"wp-caption alignnone\"><img loading=\"lazy\" decoding=\"async\" class=\"size-full wp-image-6618\" src=\"https:\/\/d2p6e6u75xmxt8.cloudfront.net\/12\/2020\/01\/profimedia-0278344276.jpg\" alt=\"\" width=\"1250\" height=\"666\" srcset=\"https:\/\/d2p6e6u75xmxt8.cloudfront.net\/12\/2020\/01\/profimedia-0278344276.jpg 1250w, https:\/\/d2p6e6u75xmxt8.cloudfront.net\/12\/2020\/01\/profimedia-0278344276-300x160.jpg 300w, https:\/\/d2p6e6u75xmxt8.cloudfront.net\/12\/2020\/01\/profimedia-0278344276-768x409.jpg 768w, https:\/\/d2p6e6u75xmxt8.cloudfront.net\/12\/2020\/01\/profimedia-0278344276-1024x546.jpg 1024w\" sizes=\"auto, (max-width: 1250px) 100vw, 1250px\" \/><figcaption id=\"caption-attachment-6618\" class=\"wp-caption-text\"><em>Bicikliz\u00e9s Kuala Lumpurban \u00a9 Pictures From History \/ AKG \/ Profimedia<\/em><\/figcaption><\/figure>\n<h2><strong>K\u00f6sz\u00f6nj\u00fck, nem k\u00e9rj\u00fck<\/strong><\/h2>\n<p>Az els\u0151 \u00e9s legjelent\u0151sebb probl\u00e9ma a megb\u00e9lyegz\u00e9s volt. Ahelyett, hogy innov\u00e1ci\u00f3t \u00e9s fejl\u0151d\u00e9st t\u00e1rs\u00edtottak volna hozz\u00e1, az emberek csak egy \u00fajabb imperialista eszk\u00f6zk\u00e9nt tekintettek a ker\u00e9kp\u00e1rokra, amiket az\u00e9rt hoztak a nyugatiak, hogy ezzel is \u00e1tform\u00e1lj\u00e1k \u00e9s asszimil\u00e1lj\u00e1k a t\u00e1rsadalmat. Mik\u00f6zben m\u00e1s nyugati term\u00e9keket k\u00f6nnyen befogadtak, mint p\u00e9ld\u00e1ul a szappant, a biciklik \u00fczenete m\u00e1st hordozott: <em>\u201eV\u00e1ltozzatok meg, legyetek olyanok, mint mi!\u201d<\/em> \u0150k pedig nem akartak olyanok lenni. K\u00edn\u00e1ban p\u00e9ld\u00e1ul er\u0151szakos t\u00fcntet\u00e9sekhez vezetett ez az eg\u00e9sz helyzet.<\/p>\n<p>Afrik\u00e1ban sem t\u00f6rt\u00e9nt m\u00e1sk\u00e9pp: hossz\u00fa ideig nem fogadt\u00e1k el a ker\u00e9kp\u00e1rokat. 1931-ben egy kis falub\u00f3l sz\u00e1rmaz\u00f3 f\u00e9rfi beszerzett egyet, ami igen h\u00e1tborzongat\u00f3 tettnek t\u0171nt akkoriban. Arra haszn\u00e1lta, hogy dolgozni j\u00e1rjon vele. \u00c9vekkel k\u00e9s\u0151bb a szomsz\u00e9dok m\u00e9g mindig \u00fagy emlegett\u00e9k: \u201ea feh\u00e9r ember.\u201d<\/p>\n<figure id=\"attachment_6619\" aria-describedby=\"caption-attachment-6619\" style=\"width: 640px\" class=\"wp-caption alignnone\"><img loading=\"lazy\" decoding=\"async\" class=\"wp-image-6619 size-full\" src=\"https:\/\/d2p6e6u75xmxt8.cloudfront.net\/12\/2020\/01\/soba-delivery-4.jpg\" alt=\"\" width=\"640\" height=\"877\" srcset=\"https:\/\/d2p6e6u75xmxt8.cloudfront.net\/12\/2020\/01\/soba-delivery-4.jpg 640w, https:\/\/d2p6e6u75xmxt8.cloudfront.net\/12\/2020\/01\/soba-delivery-4-219x300.jpg 219w\" sizes=\"auto, (max-width: 640px) 100vw, 640px\" \/><figcaption id=\"caption-attachment-6619\" class=\"wp-caption-text\"><em>\u00c9telsz\u00e1ll\u00edt\u00e1s Jap\u00e1nban<\/em><\/figcaption><\/figure>\n<p>Jap\u00e1nban azonban nem volt ekkora az ellen\u00e1ll\u00e1s a nyugati moderns\u00e9ggel szemben. A 20. sz\u00e1zad elej\u00e9n m\u00e1r saj\u00e1t ker\u00e9kp\u00e1ripart m\u0171k\u00f6dtettek, k\u00fclf\u00f6ldre is gy\u00e1rtottak j\u00e1rm\u0171veket. Azonban akadtak m\u00e1s probl\u00e9m\u00e1k, amik az emberek sz\u00edv\u00e9hez vezet\u0151 \u00faton akad\u00e1lyk\u00e9nt \u00e1lltak. A ker\u00e9kp\u00e1rok luxuscikkeknek sz\u00e1m\u00edtottak, amiket csak a gazdagok haszn\u00e1lnak. Az alacsonyabb t\u00e1rsadalmi oszt\u00e1lyoknak nem volt ilyesmire p\u00e9nz\u00fck.<\/p>\n<h2><strong>N\u0151knek a vil\u00e1gon sehol<\/strong><\/h2>\n<p>Neh\u00e9z olyan kultur\u00e1lis pontokat tal\u00e1lni, melyek minden orsz\u00e1gra igazak, de a n\u0151k \u00e9s a bicikliz\u00e9s kapcsolata pont ilyen. Nem sz\u00e1m\u00edt, hogy jap\u00e1n, angol vagy indiai: ha n\u0151, akkor nem ker\u00e9kp\u00e1rozhat. Sok \u00e1zsiai orsz\u00e1gban ez t\u00f6bb mint 50 \u00e9ven \u00e1t \u00edgy volt.*<\/p>\n<p>Afrik\u00e1ban pedig m\u00e9g tov\u00e1bb. A 20. sz\u00e1zad v\u00e9g\u00e9ig a ker\u00e9kp\u00e1r a f\u00e9rfiak\u00e9 volt, \u00edgy egy \u00fajabb eszk\u00f6ze lett a h\u00edmsovinizmusnak. Gh\u00e1n\u00e1ban p\u00e9ld\u00e1ul a f\u00e9rfiak boldogan pattantak vasparip\u00e1ra, hogy kimenjenek vele a f\u00f6ldekre dolgozni, a n\u0151k azonban nem. Hazat\u00e9r\u00e9skor a fej\u00fck\u00f6n cipelt\u00e9k a term\u00e9nyt, f\u00e9rj\u00fck pedig elh\u00fazott mellett\u00fck bring\u00e1j\u00e1n. Persze nem vett\u00e9k \u00e1t a terhet\u2026<\/p>\n<p><img loading=\"lazy\" decoding=\"async\" class=\"alignnone size-full wp-image-6620\" src=\"https:\/\/d2p6e6u75xmxt8.cloudfront.net\/12\/2020\/01\/Women-Suffragists.jpg\" alt=\"\" width=\"640\" height=\"471\" srcset=\"https:\/\/d2p6e6u75xmxt8.cloudfront.net\/12\/2020\/01\/Women-Suffragists.jpg 640w, https:\/\/d2p6e6u75xmxt8.cloudfront.net\/12\/2020\/01\/Women-Suffragists-300x221.jpg 300w\" sizes=\"auto, (max-width: 640px) 100vw, 640px\" \/><\/p>\n<h2><strong>A l\u00e1zad\u00f3 ker\u00e9kp\u00e1r<\/strong><\/h2>\n<p>Minden tiltakoz\u00e1s ellen\u00e9re, amikor t\u00e1rsadalmi \u00e9s politikai k\u00e9rd\u00e9sek ker\u00fcltek el\u0151t\u00e9rbe, az emberis\u00e9g hirtelen nagyon hasznosnak tal\u00e1lta a bicikliket. A gyarmatos\u00edt\u00e1s idej\u00e9n, \u00e9s m\u00e9g ut\u00e1na is, a korm\u00e1nyok megad\u00f3ztatt\u00e1k a ker\u00e9kp\u00e1roz\u00e1st, korl\u00e1tozt\u00e1k a nyilv\u00e1nos haszn\u00e1latot, mik\u00f6zben a rend\u0151r\u00f6k k\u00e9t ker\u00e9ken \u0151rizt\u00e9k a rendet. Azonban a gyarmatos\u00edt\u00f3k elleni tiltakoz\u00e1sok sor\u00e1n, az emberek m\u00e9gis kihaszn\u00e1lt\u00e1k a bicikli ny\u00fajtotta lehet\u0151s\u00e9geket: \u00edgy sz\u00e1ll\u00edtott\u00e1k a bomb\u00e1ikat.<\/p>\n<p>Ak\u00e1rhov\u00e1 is gurult be, mindenhol jelent\u0151s v\u00e1ltoz\u00e1sokat hozott. M\u00e9g a nemzetk\u00f6zi kapcsolatokat is \u00e1talak\u00edtotta. Rem\u00e9lj\u00fck, hogy a jelenben \u00e9s a j\u00f6v\u0151ben a bicikliz\u00e9s k\u00f6zelebb hozza egym\u00e1shoz az embereket, seg\u00edt az egyenl\u0151s\u00e9g\u00e9rt val\u00f3 k\u00fczdelemben \u00e9s k\u00f6zben eg\u00e9szs\u00e9ges, fenntarthat\u00f3 \u00e9letm\u00f3dot hirdet vil\u00e1gszerte.<\/p>\n<p><em>*\u00c9rdekes fordulatot vett a k\u00ednai bringa-t\u00f6rt\u00e9nelem: az 1960-as \u00e9vekben a korm\u00e1ny \u00e1ltal szponzor\u00e1lt n\u00e9pszer\u0171s\u00edt\u00e9s k\u00f6vetkezt\u00e9ben, a ker\u00e9kp\u00e1rok olyan jelent\u0151s r\u00e9szeiv\u00e9 v\u00e1ltak a t\u00e1rsadalomnak, hogy a legt\u00f6bb k\u00ednai azt gondolta, \u0151k tal\u00e1lt\u00e1k fel.<\/em><\/p>\n","protected":false},"excerpt":{"rendered":"<p>Amikor a ker\u00e9kp\u00e1r el\u0151sz\u00f6r \u00e9rkezett meg \u00c1zsi\u00e1ba \u00e9s Afrik\u00e1ba, nem keltett t\u00fal j\u00f3 benyom\u00e1st. A furcsa k\u00e9tkerek\u0171 t\u00e1rgyat, amit a [&hellip;]<\/p>\n","protected":false},"author":71,"featured_media":6622,"comment_status":"open","ping_status":"open","sticky":false,"template":"","format":"standard","meta":{"footnotes":""},"categories":[12],"tags":[],"global-categories":[],"class_list":["post-6617","post","type-post","status-publish","format-standard","has-post-thumbnail","hentry","category-kozosseg-es-kultura"],"yoast_head":"<!-- This site is optimized with the Yoast SEO Premium plugin v25.3 (Yoast SEO v25.9) - https:\/\/yoast.com\/wordpress\/plugins\/seo\/ -->\n<title>Ker\u00e9kp\u00e1rt\u00f6rt\u00e9nelem a Nyugaton k\u00edv\u00fcl - \u0160koda We Love Cycling - Magyarorsz\u00e1g<\/title>\n<meta name=\"robots\" content=\"index, follow, max-snippet:-1, max-image-preview:large, max-video-preview:-1\" \/>\n<link rel=\"canonical\" href=\"https:\/\/www.welovecycling.com\/hu\/kozosseg-es-kultura\/kerekpartortenelem-a-nyugaton-kivul\/\" \/>\n<meta property=\"og:locale\" content=\"hu_HU\" \/>\n<meta property=\"og:type\" content=\"article\" \/>\n<meta property=\"og:title\" content=\"Ker\u00e9kp\u00e1rt\u00f6rt\u00e9nelem a Nyugaton k\u00edv\u00fcl\" \/>\n<meta property=\"og:description\" content=\"Amikor a ker\u00e9kp\u00e1r el\u0151sz\u00f6r \u00e9rkezett meg \u00c1zsi\u00e1ba \u00e9s Afrik\u00e1ba, nem keltett t\u00fal j\u00f3 benyom\u00e1st. A furcsa k\u00e9tkerek\u0171 t\u00e1rgyat, amit a [&hellip;]\" \/>\n<meta property=\"og:url\" content=\"https:\/\/www.welovecycling.com\/hu\/kozosseg-es-kultura\/kerekpartortenelem-a-nyugaton-kivul\/\" \/>\n<meta property=\"og:site_name\" content=\"\u0160koda We Love Cycling - Magyarorsz\u00e1g\" \/>\n<meta property=\"article:publisher\" content=\"https:\/\/www.facebook.com\/WeLoveCyclingHungary\/\" \/>\n<meta property=\"article:published_time\" content=\"2020-01-29T07:00:02+00:00\" \/>\n<meta property=\"og:image\" content=\"https:\/\/d2p6e6u75xmxt8.cloudfront.net\/12\/2020\/01\/LionCVR.jpg\" \/>\n\t<meta property=\"og:image:width\" content=\"1366\" \/>\n\t<meta property=\"og:image:height\" content=\"600\" \/>\n\t<meta property=\"og:image:type\" content=\"image\/jpeg\" \/>\n<meta name=\"author\" content=\"hegyizs\" \/>\n<meta name=\"twitter:card\" content=\"summary_large_image\" \/>\n<meta name=\"twitter:label1\" content=\"Written by\" \/>\n\t<meta name=\"twitter:data1\" content=\"Tereza Antonova\" \/>\n\t<meta name=\"twitter:label2\" content=\"Est. reading time\" \/>\n\t<meta name=\"twitter:data2\" content=\"7\" \/>\n<script type=\"application\/ld+json\" class=\"yoast-schema-graph\">{\"@context\":\"https:\/\/schema.org\",\"@graph\":[{\"@type\":\"WebPage\",\"@id\":\"https:\/\/www.welovecycling.com\/hu\/kozosseg-es-kultura\/kerekpartortenelem-a-nyugaton-kivul\/\",\"url\":\"https:\/\/www.welovecycling.com\/hu\/kozosseg-es-kultura\/kerekpartortenelem-a-nyugaton-kivul\/\",\"name\":\"Ker\u00e9kp\u00e1rt\u00f6rt\u00e9nelem a Nyugaton k\u00edv\u00fcl - \u0160koda We Love Cycling - Magyarorsz\u00e1g\",\"isPartOf\":{\"@id\":\"https:\/\/www.welovecycling.com\/hu\/#website\"},\"primaryImageOfPage\":{\"@id\":\"https:\/\/www.welovecycling.com\/hu\/kozosseg-es-kultura\/kerekpartortenelem-a-nyugaton-kivul\/#primaryimage\"},\"image\":{\"@id\":\"https:\/\/www.welovecycling.com\/hu\/kozosseg-es-kultura\/kerekpartortenelem-a-nyugaton-kivul\/#primaryimage\"},\"thumbnailUrl\":\"https:\/\/d2p6e6u75xmxt8.cloudfront.net\/12\/2020\/01\/LionCVR.jpg\",\"datePublished\":\"2020-01-29T07:00:02+00:00\",\"author\":{\"@id\":\"https:\/\/www.welovecycling.com\/hu\/#\/schema\/person\/414a2aebf1801691a5320edb6468e194\"},\"breadcrumb\":{\"@id\":\"https:\/\/www.welovecycling.com\/hu\/kozosseg-es-kultura\/kerekpartortenelem-a-nyugaton-kivul\/#breadcrumb\"},\"inLanguage\":\"hu\",\"potentialAction\":[{\"@type\":\"ReadAction\",\"target\":[\"https:\/\/www.welovecycling.com\/hu\/kozosseg-es-kultura\/kerekpartortenelem-a-nyugaton-kivul\/\"]}]},{\"@type\":\"ImageObject\",\"inLanguage\":\"hu\",\"@id\":\"https:\/\/www.welovecycling.com\/hu\/kozosseg-es-kultura\/kerekpartortenelem-a-nyugaton-kivul\/#primaryimage\",\"url\":\"https:\/\/d2p6e6u75xmxt8.cloudfront.net\/12\/2020\/01\/LionCVR.jpg\",\"contentUrl\":\"https:\/\/d2p6e6u75xmxt8.cloudfront.net\/12\/2020\/01\/LionCVR.jpg\",\"width\":1366,\"height\":600},{\"@type\":\"BreadcrumbList\",\"@id\":\"https:\/\/www.welovecycling.com\/hu\/kozosseg-es-kultura\/kerekpartortenelem-a-nyugaton-kivul\/#breadcrumb\",\"itemListElement\":[{\"@type\":\"ListItem\",\"position\":1,\"name\":\"Home\",\"item\":\"https:\/\/www.welovecycling.com\/hu\/\"},{\"@type\":\"ListItem\",\"position\":2,\"name\":\"Ker\u00e9kp\u00e1rt\u00f6rt\u00e9nelem a Nyugaton k\u00edv\u00fcl\"}]},{\"@type\":\"WebSite\",\"@id\":\"https:\/\/www.welovecycling.com\/hu\/#website\",\"url\":\"https:\/\/www.welovecycling.com\/hu\/\",\"name\":\"\u0160koda We Love Cycling - Magyarorsz\u00e1g\",\"description\":\"\u0160koda WeLoveCycling\",\"potentialAction\":[{\"@type\":\"SearchAction\",\"target\":{\"@type\":\"EntryPoint\",\"urlTemplate\":\"https:\/\/www.welovecycling.com\/hu\/?s={search_term_string}\"},\"query-input\":{\"@type\":\"PropertyValueSpecification\",\"valueRequired\":true,\"valueName\":\"search_term_string\"}}],\"inLanguage\":\"hu\"},{\"@type\":\"Person\",\"@id\":\"https:\/\/www.welovecycling.com\/hu\/#\/schema\/person\/414a2aebf1801691a5320edb6468e194\",\"name\":\"hegyizs\",\"image\":{\"@type\":\"ImageObject\",\"inLanguage\":\"hu\",\"@id\":\"https:\/\/www.welovecycling.com\/hu\/#\/schema\/person\/image\/\",\"url\":\"https:\/\/secure.gravatar.com\/avatar\/02cf8a7906b8cf90cecb4679defac7cfd33a1c2e3b88e4903d947f3bb58eedd3?s=96&d=mm&r=g\",\"contentUrl\":\"https:\/\/secure.gravatar.com\/avatar\/02cf8a7906b8cf90cecb4679defac7cfd33a1c2e3b88e4903d947f3bb58eedd3?s=96&d=mm&r=g\",\"caption\":\"hegyizs\"},\"url\":\"https:\/\/www.welovecycling.com\/hu\/author\/hegyizs\/\"}]}<\/script>\n<!-- \/ Yoast SEO Premium plugin. -->","yoast_head_json":{"title":"Ker\u00e9kp\u00e1rt\u00f6rt\u00e9nelem a Nyugaton k\u00edv\u00fcl - \u0160koda We Love Cycling - Magyarorsz\u00e1g","robots":{"index":"index","follow":"follow","max-snippet":"max-snippet:-1","max-image-preview":"max-image-preview:large","max-video-preview":"max-video-preview:-1"},"canonical":"https:\/\/www.welovecycling.com\/hu\/kozosseg-es-kultura\/kerekpartortenelem-a-nyugaton-kivul\/","og_locale":"hu_HU","og_type":"article","og_title":"Ker\u00e9kp\u00e1rt\u00f6rt\u00e9nelem a Nyugaton k\u00edv\u00fcl","og_description":"Amikor a ker\u00e9kp\u00e1r el\u0151sz\u00f6r \u00e9rkezett meg \u00c1zsi\u00e1ba \u00e9s Afrik\u00e1ba, nem keltett t\u00fal j\u00f3 benyom\u00e1st. A furcsa k\u00e9tkerek\u0171 t\u00e1rgyat, amit a [&hellip;]","og_url":"https:\/\/www.welovecycling.com\/hu\/kozosseg-es-kultura\/kerekpartortenelem-a-nyugaton-kivul\/","og_site_name":"\u0160koda We Love Cycling - Magyarorsz\u00e1g","article_publisher":"https:\/\/www.facebook.com\/WeLoveCyclingHungary\/","article_published_time":"2020-01-29T07:00:02+00:00","og_image":[{"width":1366,"height":600,"url":"https:\/\/d2p6e6u75xmxt8.cloudfront.net\/12\/2020\/01\/LionCVR.jpg","type":"image\/jpeg"}],"author":"hegyizs","twitter_card":"summary_large_image","twitter_misc":{"Written by":"Tereza Antonova","Est. reading time":"7"},"schema":{"@context":"https:\/\/schema.org","@graph":[{"@type":"WebPage","@id":"https:\/\/www.welovecycling.com\/hu\/kozosseg-es-kultura\/kerekpartortenelem-a-nyugaton-kivul\/","url":"https:\/\/www.welovecycling.com\/hu\/kozosseg-es-kultura\/kerekpartortenelem-a-nyugaton-kivul\/","name":"Ker\u00e9kp\u00e1rt\u00f6rt\u00e9nelem a Nyugaton k\u00edv\u00fcl - \u0160koda We Love Cycling - Magyarorsz\u00e1g","isPartOf":{"@id":"https:\/\/www.welovecycling.com\/hu\/#website"},"primaryImageOfPage":{"@id":"https:\/\/www.welovecycling.com\/hu\/kozosseg-es-kultura\/kerekpartortenelem-a-nyugaton-kivul\/#primaryimage"},"image":{"@id":"https:\/\/www.welovecycling.com\/hu\/kozosseg-es-kultura\/kerekpartortenelem-a-nyugaton-kivul\/#primaryimage"},"thumbnailUrl":"https:\/\/d2p6e6u75xmxt8.cloudfront.net\/12\/2020\/01\/LionCVR.jpg","datePublished":"2020-01-29T07:00:02+00:00","author":{"@id":"https:\/\/www.welovecycling.com\/hu\/#\/schema\/person\/414a2aebf1801691a5320edb6468e194"},"breadcrumb":{"@id":"https:\/\/www.welovecycling.com\/hu\/kozosseg-es-kultura\/kerekpartortenelem-a-nyugaton-kivul\/#breadcrumb"},"inLanguage":"hu","potentialAction":[{"@type":"ReadAction","target":["https:\/\/www.welovecycling.com\/hu\/kozosseg-es-kultura\/kerekpartortenelem-a-nyugaton-kivul\/"]}]},{"@type":"ImageObject","inLanguage":"hu","@id":"https:\/\/www.welovecycling.com\/hu\/kozosseg-es-kultura\/kerekpartortenelem-a-nyugaton-kivul\/#primaryimage","url":"https:\/\/d2p6e6u75xmxt8.cloudfront.net\/12\/2020\/01\/LionCVR.jpg","contentUrl":"https:\/\/d2p6e6u75xmxt8.cloudfront.net\/12\/2020\/01\/LionCVR.jpg","width":1366,"height":600},{"@type":"BreadcrumbList","@id":"https:\/\/www.welovecycling.com\/hu\/kozosseg-es-kultura\/kerekpartortenelem-a-nyugaton-kivul\/#breadcrumb","itemListElement":[{"@type":"ListItem","position":1,"name":"Home","item":"https:\/\/www.welovecycling.com\/hu\/"},{"@type":"ListItem","position":2,"name":"Ker\u00e9kp\u00e1rt\u00f6rt\u00e9nelem a Nyugaton k\u00edv\u00fcl"}]},{"@type":"WebSite","@id":"https:\/\/www.welovecycling.com\/hu\/#website","url":"https:\/\/www.welovecycling.com\/hu\/","name":"\u0160koda We Love Cycling - Magyarorsz\u00e1g","description":"\u0160koda WeLoveCycling","potentialAction":[{"@type":"SearchAction","target":{"@type":"EntryPoint","urlTemplate":"https:\/\/www.welovecycling.com\/hu\/?s={search_term_string}"},"query-input":{"@type":"PropertyValueSpecification","valueRequired":true,"valueName":"search_term_string"}}],"inLanguage":"hu"},{"@type":"Person","@id":"https:\/\/www.welovecycling.com\/hu\/#\/schema\/person\/414a2aebf1801691a5320edb6468e194","name":"hegyizs","image":{"@type":"ImageObject","inLanguage":"hu","@id":"https:\/\/www.welovecycling.com\/hu\/#\/schema\/person\/image\/","url":"https:\/\/secure.gravatar.com\/avatar\/02cf8a7906b8cf90cecb4679defac7cfd33a1c2e3b88e4903d947f3bb58eedd3?s=96&d=mm&r=g","contentUrl":"https:\/\/secure.gravatar.com\/avatar\/02cf8a7906b8cf90cecb4679defac7cfd33a1c2e3b88e4903d947f3bb58eedd3?s=96&d=mm&r=g","caption":"hegyizs"},"url":"https:\/\/www.welovecycling.com\/hu\/author\/hegyizs\/"}]}},"_links":{"self":[{"href":"https:\/\/www.welovecycling.com\/hu\/wp-json\/wp\/v2\/posts\/6617","targetHints":{"allow":["GET"]}}],"collection":[{"href":"https:\/\/www.welovecycling.com\/hu\/wp-json\/wp\/v2\/posts"}],"about":[{"href":"https:\/\/www.welovecycling.com\/hu\/wp-json\/wp\/v2\/types\/post"}],"author":[{"embeddable":true,"href":"https:\/\/www.welovecycling.com\/hu\/wp-json\/wp\/v2\/users\/71"}],"replies":[{"embeddable":true,"href":"https:\/\/www.welovecycling.com\/hu\/wp-json\/wp\/v2\/comments?post=6617"}],"version-history":[{"count":2,"href":"https:\/\/www.welovecycling.com\/hu\/wp-json\/wp\/v2\/posts\/6617\/revisions"}],"predecessor-version":[{"id":6640,"href":"https:\/\/www.welovecycling.com\/hu\/wp-json\/wp\/v2\/posts\/6617\/revisions\/6640"}],"wp:featuredmedia":[{"embeddable":true,"href":"https:\/\/www.welovecycling.com\/hu\/wp-json\/wp\/v2\/media\/6622"}],"wp:attachment":[{"href":"https:\/\/www.welovecycling.com\/hu\/wp-json\/wp\/v2\/media?parent=6617"}],"wp:term":[{"taxonomy":"category","embeddable":true,"href":"https:\/\/www.welovecycling.com\/hu\/wp-json\/wp\/v2\/categories?post=6617"},{"taxonomy":"post_tag","embeddable":true,"href":"https:\/\/www.welovecycling.com\/hu\/wp-json\/wp\/v2\/tags?post=6617"},{"taxonomy":"global-categories","embeddable":true,"href":"https:\/\/www.welovecycling.com\/hu\/wp-json\/wp\/v2\/global-categories?post=6617"}],"curies":[{"name":"wp","href":"https:\/\/api.w.org\/{rel}","templated":true}]}}