{"id":6602,"date":"2020-01-28T08:00:24","date_gmt":"2020-01-28T07:00:24","guid":{"rendered":"https:\/\/www.welovecycling.com\/hu\/?p=6602"},"modified":"2020-01-24T18:39:27","modified_gmt":"2020-01-24T17:39:27","slug":"egy-vilagkoruli-bringatura-5-tanulsaga","status":"publish","type":"post","link":"https:\/\/www.welovecycling.com\/hu\/kozosseg-es-kultura\/egy-vilagkoruli-bringatura-5-tanulsaga\/","title":{"rendered":"Egy vil\u00e1gk\u00f6r\u00fcli bringat\u00fara 5 tanuls\u00e1ga"},"content":{"rendered":"<p><strong>Cat Dixon \u00e9s Raz Marsden \u00e9pp k\u00eds\u00e9rleteznek egy Guiness-rekord \u00e1ll\u00edt\u00e1ssal, mik\u00f6zben adom\u00e1nyokat gy\u0171jtenek alap\u00edtv\u00e1nyok sz\u00e1m\u00e1ra. Neked hogy telt az \u00e9v els\u0151 h\u00f3napja?<\/strong><!--more--><\/p>\n<p>Cathrine \u00e9s Rachael egy Alice n\u00e9vre hallgat\u00f3, \u00e9l\u00e9nk r\u00f3zsasz\u00edn tandemen terveznek letekernek 18.000 m\u00e9rf\u00f6ldet, vagyis majdnem 30.000 kilom\u00e9tert, ezzel fel\u00e1ll\u00edtva a n\u0151i vil\u00e1g k\u00f6r\u00fcli tandem-t\u00fara rekordj\u00e1t. Mindek\u00f6zben adom\u00e1nyt is gy\u0171jtenek k\u00e9t szervezet sz\u00e1m\u00e1ra: az Oxfam a nemzetk\u00f6zi szeg\u00e9nys\u00e9get igyekszik felsz\u00e1molni, a Motor Neurone Disease Association pedig a mononeutron-betegs\u00e9gekkel (legismertebb form\u00e1ja az amiotr\u00f3fi\u00e1s later\u00e1lszkler\u00f3zis, mely izomsorvad\u00e1shoz vezet) \u00e9l\u0151k sz\u00e1m\u00e1ra ny\u00fajt t\u00e1mogat\u00e1st. C\u00e9ljuk az volt, hogy m\u00e9rf\u00f6ldenk\u00e9nt egy fontot \u00f6sszegy\u0171jtsenek, a 18.000 font azonban m\u00e1r 13.000 m\u00e9rf\u00f6ld ut\u00e1n megvolt. Minden adom\u00e1nyoz\u00f3t arra k\u00e9rtek, egy ismer\u0151se tisztelet\u00e9re vagy eml\u00e9k\u00e9re adom\u00e1nyozzon, \u00e9s k\u00fcldje el nekik az illet\u0151 kedvenc zen\u00e9j\u00e9t. Ezeket a dalokat hallgatj\u00e1k t\u00far\u00e1juk alatt.<\/p>\n<p><img loading=\"lazy\" decoding=\"async\" class=\"aligncenter size-full wp-image-6605\" src=\"https:\/\/d2p6e6u75xmxt8.cloudfront.net\/12\/2020\/01\/5tan02.jpg\" alt=\"\" width=\"600\" height=\"500\" srcset=\"https:\/\/d2p6e6u75xmxt8.cloudfront.net\/12\/2020\/01\/5tan02.jpg 600w, https:\/\/d2p6e6u75xmxt8.cloudfront.net\/12\/2020\/01\/5tan02-300x250.jpg 300w\" sizes=\"auto, (max-width: 600px) 100vw, 600px\" \/><\/p>\n<p>Ahhoz, hogy rekordot \u00e1ll\u00edtsanak, a Guiness bizotts\u00e1ga kik\u00f6t\u00f6tte, hogy 320 nap alatt kell v\u00e9gezni\u00fck a t\u00far\u00e1val. J\u00fanius 29-\u00e9n indultak \u00e9s \u00e1prilis 4-\u00e9n szeretn\u00e9nek hazat\u00e9rni, ez csak 280 nap. Most pedig \u00fagy t\u0171nik m\u00e1r m\u00e1rcius v\u00e9g\u00e9n \u00e1thajthatnak a r\u00f3zsasz\u00edn c\u00e9lvonalon. Ha minden j\u00f3l megy, rekordjuk gyorsabb lesz a f\u00e9rfiak\u00e9n\u00e1l, ami 281 nap, 22 \u00f3ra \u00e9s 20 perc.<\/p>\n<p>M\u00e1r t\u00fal vannak teh\u00e1t t\u00f6bb mint a fel\u00e9n. \u00d6sszefoglalt\u00e1k legfontosabb tapasztalataikat.<\/p>\n<h3><strong> 1. T\u00f6bbre vagy k\u00e9pes, mint hinn\u00e9d<\/strong><\/h3>\n<p>Az 55 \u00e9ves Marsden r\u00e9g\u00f3ta ker\u00e9kp\u00e1rozik, ezer \u00e9ve bicajjal j\u00e1r dolgozni. A London-P\u00e1rizs kih\u00edv\u00e1son tal\u00e1lkozott a k\u00e9t \u00e9vvel fiatalabb Dixonnal, ekkor szint\u00e9n Motor Neurone Disease Association-nek gy\u0171jt\u00f6ttek.<\/p>\n<p><em>\u201eCat tipikusan olyan ember, aki amikor azt gondolod, j\u00f3l teljes\u00edtett\u00e9l, azt mondja: lehetett volna jobb is.\u201d<\/em> \u2013 mes\u00e9li Marsden. M\u00e9g csak egy h\u00f3napja biciklizett, amikor Dixon elh\u00edvta egy komoly versenyre. <em>\u201eCsak 4000 m\u00e9ter, meg tudod csin\u00e1lni \u2013 mondta Marsden. Azt nem mondta, hogy 4000 m\u00e9ter m\u00e1sz\u00e1s. De gondoltam, ok\u00e9, akkor meg tudom csin\u00e1lni. \u00c9s \u00edgy is lett!\u201d<\/em><\/p>\n<p>Az\u00f3ta sz\u00e1mos t\u00far\u00e1n vettek r\u00e9szt egy\u00fctt Angli\u00e1ban, hatalmas eur\u00f3pai hegyeket m\u00e1sztak meg \u00e9s nekiindultak a L\u2019Etape du Tour-nak is. V\u00e9g\u00fcl \u00fagy d\u00f6nt\u00f6ttek, megval\u00f3s\u00edtj\u00e1k Dixon \u00e1lm\u00e1t \u00e9s k\u00f6rbetekerik a vil\u00e1got.<\/p>\n<p><em>\u201eSzerezt\u00fcnk egy tandemet, gyakoroltunk, \u00e9s most itt vagyunk.\u201d<\/em><\/p>\n<h3><strong> 2. Ausztr\u00e1lia nagyon, nagyon kem\u00e9ny<\/strong><\/h3>\n<p>Bevenni Ausztr\u00e1li\u00e1t k\u00e9t dolog miatt volt nagyon neh\u00e9z: az egyik a hatalmas boz\u00f3tt\u0171z volt, term\u00e9szetesen. De azt is nagyon rossz volt l\u00e1tni, hogy a l\u00e1ngok \u00e9s a hamu beter\u00edtik a v\u00e1rosokat.<\/p>\n<p>Ausztr\u00e1lia volt a legnehezebb. Majdnem az eg\u00e9sz novembert \u00e9s december fel\u00e9t itt t\u00f6lt\u00f6tt\u00e9k. <em>\u201eAzt gondoltuk, India lesz a legkem\u00e9nyebb, de Ausztr\u00e1lia vitte a pr\u00edmet.\u201d <\/em>A teljes partszakasz l\u00e1ngokban \u00e1llt. B\u00e1r Sydney fel\u00e9 akartak haladni, azt a tan\u00e1csot kapt\u00e1k, hogy jobb, ha ker\u00fcl\u0151t tesznek, azonban m\u00e9g \u00edgy is forr\u00f3s\u00e1gban, porban, r\u00e1ad\u00e1sul sivatagos ter\u00fcleteken kellett tekerni\u00fck. Ide az\u00e9rt nem jutottak el a l\u00e1ngok, mert 2016-ban esett utolj\u00e1ra az es\u0151, \u00edgy nincs t\u00fal sok mindennek el\u00e9gnie.<\/p>\n<p><img loading=\"lazy\" decoding=\"async\" class=\"aligncenter size-full wp-image-6606\" src=\"https:\/\/d2p6e6u75xmxt8.cloudfront.net\/12\/2020\/01\/5tan03.jpg\" alt=\"\" width=\"960\" height=\"642\" srcset=\"https:\/\/d2p6e6u75xmxt8.cloudfront.net\/12\/2020\/01\/5tan03.jpg 960w, https:\/\/d2p6e6u75xmxt8.cloudfront.net\/12\/2020\/01\/5tan03-300x201.jpg 300w, https:\/\/d2p6e6u75xmxt8.cloudfront.net\/12\/2020\/01\/5tan03-768x514.jpg 768w, https:\/\/d2p6e6u75xmxt8.cloudfront.net\/12\/2020\/01\/5tan03-272x182.jpg 272w\" sizes=\"auto, (max-width: 960px) 100vw, 960px\" \/><\/p>\n<h3><strong>3. \u00daj-Z\u00e9landon \u00e9lnek a legidegeseb sof\u0151r\u00f6k<\/strong><\/h3>\n<p>De Horv\u00e1torsz\u00e1g sem marad el. A vezet\u00e9s \u00fagy t\u0171nik, a legrosszabbat hozza ki egyes emberekb\u0151l. Ezt sajnos els\u0151 k\u00e9zb\u0151l is megtapasztalhatt\u00e1k a l\u00e1nyok<em>. \u201eEgyszer\u0171en nem t\u0171rtek meg minket az utakon\u201d<\/em> \u2013 mes\u00e9li Dixon \u2013 <em>\u201efolyamatosan kiab\u00e1ltak r\u00e1nk, pedig leh\u00faz\u00f3dtunk a murv\u00e1ra.\u201d<\/em> Igyekeztek elker\u00fclni a legforgalmasabb utakat, de nem mindig volt erre lehet\u0151s\u00e9g. S\u0151t, a bicikilutakon sem \u00e9rezt\u00e9k magukat a legnagyobb biztons\u00e1gban. <em>\u201eSportot \u0171ztek abb\u00f3l, hogy a h\u00e1tad m\u00f6g\u00e9 osonjanak \u00e9s valami ijeszt\u0151t ki\u00e1ltsanak r\u00e1d. M\u00e9g j\u00f3, hogy \u00e1ltal\u00e1ban nem \u00e9rtettem mit!\u201d<\/em><\/p>\n<p>Indi\u00e1t\u00f3l v\u00e1rtak ilyesmit, ott azonban ennek ellenkez\u0151j\u00e9t tapasztalhatt\u00e1k: az emberek kedvesek, t\u00fcrelmesek, a sof\u0151r\u00f6k pedig figyeltek r\u00e1juk.<\/p>\n<p><img loading=\"lazy\" decoding=\"async\" class=\"aligncenter size-full wp-image-6608\" src=\"https:\/\/d2p6e6u75xmxt8.cloudfront.net\/12\/2020\/01\/5tan04.jpg\" alt=\"\" width=\"537\" height=\"403\" srcset=\"https:\/\/d2p6e6u75xmxt8.cloudfront.net\/12\/2020\/01\/5tan04.jpg 537w, https:\/\/d2p6e6u75xmxt8.cloudfront.net\/12\/2020\/01\/5tan04-300x225.jpg 300w\" sizes=\"auto, (max-width: 537px) 100vw, 537px\" \/><\/p>\n<p>Horv\u00e1torsz\u00e1gban viszont m\u00e9g neki is mentek Dixonnak, annyira nem hagytak helyet sz\u00e1mukra. Valami\u00e9rt igen m\u00e9rgesek voltak r\u00e1juk\u2026<\/p>\n<h3><strong> 4. Az emberek t\u00f6bbs\u00e9ge hihetetlen\u00fcl kedves<\/strong><\/h3>\n<p>Ausztr\u00e1lia term\u00e9szeti oldalr\u00f3l ugyan nem volt t\u00fal vend\u00e9gszeret\u0151, lakosai ann\u00e1l ink\u00e1bb. Az aut\u00f3sok meg\u00e1lltak mellett\u00fck, hogy megn\u00e9zz\u00e9k, j\u00f3l vannak-e, s\u0151t egy p\u00e1r, akikkel egy\u00fctt kempingeztek, k\u00e1v\u00e9val \u00e9s \u00e9tellel is k\u00edn\u00e1lta \u0151ket. K\u00e9sz\u00edtettek nekik egy r\u00e9patort\u00e1t!<\/p>\n<p><img loading=\"lazy\" decoding=\"async\" class=\"aligncenter size-full wp-image-6609\" src=\"https:\/\/d2p6e6u75xmxt8.cloudfront.net\/12\/2020\/01\/5tan05.jpg\" alt=\"\" width=\"960\" height=\"640\" srcset=\"https:\/\/d2p6e6u75xmxt8.cloudfront.net\/12\/2020\/01\/5tan05.jpg 960w, https:\/\/d2p6e6u75xmxt8.cloudfront.net\/12\/2020\/01\/5tan05-300x200.jpg 300w, https:\/\/d2p6e6u75xmxt8.cloudfront.net\/12\/2020\/01\/5tan05-768x512.jpg 768w, https:\/\/d2p6e6u75xmxt8.cloudfront.net\/12\/2020\/01\/5tan05-272x182.jpg 272w\" sizes=\"auto, (max-width: 960px) 100vw, 960px\" \/><\/p>\n<h3><strong> 5. Kalifornia val\u00f3sz\u00edn\u0171leg a legszebb partvid\u00e9k<\/strong><\/h3>\n<p>Rengeteg csodasz\u00e9p \u201eazta\u201d pillanatot \u00e9ltek \u00e1t, Velenc\u00e9t\u0151l kezdve, Keral\u00e1ig, ahol az \u00f3ce\u00e1n \u00e9s a foly\u00f3 k\u00f6zt tekertek. Nem is lehet kiemelni egy legszebb dolgot. Kiv\u00e9ve tal\u00e1n a kaliforniai partvid\u00e9ket.<\/p>\n<p><img loading=\"lazy\" decoding=\"async\" class=\"aligncenter size-full wp-image-6610\" src=\"https:\/\/d2p6e6u75xmxt8.cloudfront.net\/12\/2020\/01\/5tan06.jpg\" alt=\"\" width=\"590\" height=\"433\" srcset=\"https:\/\/d2p6e6u75xmxt8.cloudfront.net\/12\/2020\/01\/5tan06.jpg 590w, https:\/\/d2p6e6u75xmxt8.cloudfront.net\/12\/2020\/01\/5tan06-300x220.jpg 300w\" sizes=\"auto, (max-width: 590px) 100vw, 590px\" \/><\/p>\n<p>Itt a csod\u00e1latos l\u00e1tv\u00e1ny mellett remek k\u00e1v\u00e9t is ittak, \u00e9s szupersima utakon tekerhettek. Utols\u00f3 \u00e1llom\u00e1suk Amerik\u00e1ban Miami, innen Marokk\u00f3ba rep\u00fclnek, majd Spanyolorsz\u00e1got \u00e9s Franciaorsz\u00e1got is beveszik, hogy Angli\u00e1val z\u00e1rj\u00e1k \u00fatjukat.<\/p>\n<p><em>Forr\u00e1s: <\/em><a href=\"https:\/\/www.bicycling.com\/culture\/a30553347\/cat-dixon-raz-marsden-tandem-world-record\/\"><em>bicycling.com<\/em><\/a><\/p>\n","protected":false},"excerpt":{"rendered":"<p>Cat Dixon \u00e9s Raz Marsden \u00e9pp k\u00eds\u00e9rleteznek egy Guiness-rekord \u00e1ll\u00edt\u00e1ssal, mik\u00f6zben adom\u00e1nyokat gy\u0171jtenek alap\u00edtv\u00e1nyok sz\u00e1m\u00e1ra. Neked hogy telt az \u00e9v [&hellip;]<\/p>\n","protected":false},"author":71,"featured_media":6603,"comment_status":"open","ping_status":"open","sticky":false,"template":"","format":"standard","meta":{"footnotes":""},"categories":[12],"tags":[],"global-categories":[],"class_list":["post-6602","post","type-post","status-publish","format-standard","has-post-thumbnail","hentry","category-kozosseg-es-kultura"],"yoast_head":"<!-- This site is optimized with the Yoast SEO Premium plugin v25.3 (Yoast SEO v25.9) - https:\/\/yoast.com\/wordpress\/plugins\/seo\/ -->\n<title>Egy vil\u00e1gk\u00f6r\u00fcli bringat\u00fara 5 tanuls\u00e1ga - \u0160koda We Love Cycling - Magyarorsz\u00e1g<\/title>\n<meta name=\"robots\" content=\"index, follow, max-snippet:-1, max-image-preview:large, max-video-preview:-1\" \/>\n<link rel=\"canonical\" href=\"https:\/\/www.welovecycling.com\/hu\/kozosseg-es-kultura\/egy-vilagkoruli-bringatura-5-tanulsaga\/\" \/>\n<meta property=\"og:locale\" content=\"hu_HU\" \/>\n<meta property=\"og:type\" content=\"article\" \/>\n<meta property=\"og:title\" content=\"Egy vil\u00e1gk\u00f6r\u00fcli bringat\u00fara 5 tanuls\u00e1ga\" \/>\n<meta property=\"og:description\" content=\"Cat Dixon \u00e9s Raz Marsden \u00e9pp k\u00eds\u00e9rleteznek egy Guiness-rekord \u00e1ll\u00edt\u00e1ssal, mik\u00f6zben adom\u00e1nyokat gy\u0171jtenek alap\u00edtv\u00e1nyok sz\u00e1m\u00e1ra. Neked hogy telt az \u00e9v [&hellip;]\" \/>\n<meta property=\"og:url\" content=\"https:\/\/www.welovecycling.com\/hu\/kozosseg-es-kultura\/egy-vilagkoruli-bringatura-5-tanulsaga\/\" \/>\n<meta property=\"og:site_name\" content=\"\u0160koda We Love Cycling - Magyarorsz\u00e1g\" \/>\n<meta property=\"article:publisher\" content=\"https:\/\/www.facebook.com\/WeLoveCyclingHungary\/\" \/>\n<meta property=\"article:published_time\" content=\"2020-01-28T07:00:24+00:00\" \/>\n<meta property=\"og:image\" content=\"https:\/\/d2p6e6u75xmxt8.cloudfront.net\/12\/2020\/01\/5tan01.jpg\" \/>\n\t<meta property=\"og:image:width\" content=\"1200\" \/>\n\t<meta property=\"og:image:height\" content=\"800\" \/>\n\t<meta property=\"og:image:type\" content=\"image\/jpeg\" \/>\n<meta name=\"author\" content=\"hegyizs\" \/>\n<meta name=\"twitter:card\" content=\"summary_large_image\" \/>\n<meta name=\"twitter:label1\" content=\"Written by\" \/>\n\t<meta name=\"twitter:data1\" content=\"WLC\" \/>\n\t<meta name=\"twitter:label2\" content=\"Est. reading time\" \/>\n\t<meta name=\"twitter:data2\" content=\"5 minutes\" \/>\n<script type=\"application\/ld+json\" class=\"yoast-schema-graph\">{\"@context\":\"https:\/\/schema.org\",\"@graph\":[{\"@type\":\"WebPage\",\"@id\":\"https:\/\/www.welovecycling.com\/hu\/kozosseg-es-kultura\/egy-vilagkoruli-bringatura-5-tanulsaga\/\",\"url\":\"https:\/\/www.welovecycling.com\/hu\/kozosseg-es-kultura\/egy-vilagkoruli-bringatura-5-tanulsaga\/\",\"name\":\"Egy vil\u00e1gk\u00f6r\u00fcli bringat\u00fara 5 tanuls\u00e1ga - \u0160koda We Love Cycling - Magyarorsz\u00e1g\",\"isPartOf\":{\"@id\":\"https:\/\/www.welovecycling.com\/hu\/#website\"},\"primaryImageOfPage\":{\"@id\":\"https:\/\/www.welovecycling.com\/hu\/kozosseg-es-kultura\/egy-vilagkoruli-bringatura-5-tanulsaga\/#primaryimage\"},\"image\":{\"@id\":\"https:\/\/www.welovecycling.com\/hu\/kozosseg-es-kultura\/egy-vilagkoruli-bringatura-5-tanulsaga\/#primaryimage\"},\"thumbnailUrl\":\"https:\/\/d2p6e6u75xmxt8.cloudfront.net\/12\/2020\/01\/5tan01.jpg\",\"datePublished\":\"2020-01-28T07:00:24+00:00\",\"author\":{\"@id\":\"https:\/\/www.welovecycling.com\/hu\/#\/schema\/person\/414a2aebf1801691a5320edb6468e194\"},\"breadcrumb\":{\"@id\":\"https:\/\/www.welovecycling.com\/hu\/kozosseg-es-kultura\/egy-vilagkoruli-bringatura-5-tanulsaga\/#breadcrumb\"},\"inLanguage\":\"hu\",\"potentialAction\":[{\"@type\":\"ReadAction\",\"target\":[\"https:\/\/www.welovecycling.com\/hu\/kozosseg-es-kultura\/egy-vilagkoruli-bringatura-5-tanulsaga\/\"]}]},{\"@type\":\"ImageObject\",\"inLanguage\":\"hu\",\"@id\":\"https:\/\/www.welovecycling.com\/hu\/kozosseg-es-kultura\/egy-vilagkoruli-bringatura-5-tanulsaga\/#primaryimage\",\"url\":\"https:\/\/d2p6e6u75xmxt8.cloudfront.net\/12\/2020\/01\/5tan01.jpg\",\"contentUrl\":\"https:\/\/d2p6e6u75xmxt8.cloudfront.net\/12\/2020\/01\/5tan01.jpg\",\"width\":1200,\"height\":800},{\"@type\":\"BreadcrumbList\",\"@id\":\"https:\/\/www.welovecycling.com\/hu\/kozosseg-es-kultura\/egy-vilagkoruli-bringatura-5-tanulsaga\/#breadcrumb\",\"itemListElement\":[{\"@type\":\"ListItem\",\"position\":1,\"name\":\"Home\",\"item\":\"https:\/\/www.welovecycling.com\/hu\/\"},{\"@type\":\"ListItem\",\"position\":2,\"name\":\"Egy vil\u00e1gk\u00f6r\u00fcli bringat\u00fara 5 tanuls\u00e1ga\"}]},{\"@type\":\"WebSite\",\"@id\":\"https:\/\/www.welovecycling.com\/hu\/#website\",\"url\":\"https:\/\/www.welovecycling.com\/hu\/\",\"name\":\"\u0160koda We Love Cycling - Magyarorsz\u00e1g\",\"description\":\"\u0160koda WeLoveCycling\",\"potentialAction\":[{\"@type\":\"SearchAction\",\"target\":{\"@type\":\"EntryPoint\",\"urlTemplate\":\"https:\/\/www.welovecycling.com\/hu\/?s={search_term_string}\"},\"query-input\":{\"@type\":\"PropertyValueSpecification\",\"valueRequired\":true,\"valueName\":\"search_term_string\"}}],\"inLanguage\":\"hu\"},{\"@type\":\"Person\",\"@id\":\"https:\/\/www.welovecycling.com\/hu\/#\/schema\/person\/414a2aebf1801691a5320edb6468e194\",\"name\":\"hegyizs\",\"image\":{\"@type\":\"ImageObject\",\"inLanguage\":\"hu\",\"@id\":\"https:\/\/www.welovecycling.com\/hu\/#\/schema\/person\/image\/\",\"url\":\"https:\/\/secure.gravatar.com\/avatar\/02cf8a7906b8cf90cecb4679defac7cfd33a1c2e3b88e4903d947f3bb58eedd3?s=96&d=mm&r=g\",\"contentUrl\":\"https:\/\/secure.gravatar.com\/avatar\/02cf8a7906b8cf90cecb4679defac7cfd33a1c2e3b88e4903d947f3bb58eedd3?s=96&d=mm&r=g\",\"caption\":\"hegyizs\"},\"url\":\"https:\/\/www.welovecycling.com\/hu\/author\/hegyizs\/\"}]}<\/script>\n<!-- \/ Yoast SEO Premium plugin. -->","yoast_head_json":{"title":"Egy vil\u00e1gk\u00f6r\u00fcli bringat\u00fara 5 tanuls\u00e1ga - \u0160koda We Love Cycling - Magyarorsz\u00e1g","robots":{"index":"index","follow":"follow","max-snippet":"max-snippet:-1","max-image-preview":"max-image-preview:large","max-video-preview":"max-video-preview:-1"},"canonical":"https:\/\/www.welovecycling.com\/hu\/kozosseg-es-kultura\/egy-vilagkoruli-bringatura-5-tanulsaga\/","og_locale":"hu_HU","og_type":"article","og_title":"Egy vil\u00e1gk\u00f6r\u00fcli bringat\u00fara 5 tanuls\u00e1ga","og_description":"Cat Dixon \u00e9s Raz Marsden \u00e9pp k\u00eds\u00e9rleteznek egy Guiness-rekord \u00e1ll\u00edt\u00e1ssal, mik\u00f6zben adom\u00e1nyokat gy\u0171jtenek alap\u00edtv\u00e1nyok sz\u00e1m\u00e1ra. Neked hogy telt az \u00e9v [&hellip;]","og_url":"https:\/\/www.welovecycling.com\/hu\/kozosseg-es-kultura\/egy-vilagkoruli-bringatura-5-tanulsaga\/","og_site_name":"\u0160koda We Love Cycling - Magyarorsz\u00e1g","article_publisher":"https:\/\/www.facebook.com\/WeLoveCyclingHungary\/","article_published_time":"2020-01-28T07:00:24+00:00","og_image":[{"width":1200,"height":800,"url":"https:\/\/d2p6e6u75xmxt8.cloudfront.net\/12\/2020\/01\/5tan01.jpg","type":"image\/jpeg"}],"author":"hegyizs","twitter_card":"summary_large_image","twitter_misc":{"Written by":"WLC","Est. reading time":"5 minutes"},"schema":{"@context":"https:\/\/schema.org","@graph":[{"@type":"WebPage","@id":"https:\/\/www.welovecycling.com\/hu\/kozosseg-es-kultura\/egy-vilagkoruli-bringatura-5-tanulsaga\/","url":"https:\/\/www.welovecycling.com\/hu\/kozosseg-es-kultura\/egy-vilagkoruli-bringatura-5-tanulsaga\/","name":"Egy vil\u00e1gk\u00f6r\u00fcli bringat\u00fara 5 tanuls\u00e1ga - \u0160koda We Love Cycling - Magyarorsz\u00e1g","isPartOf":{"@id":"https:\/\/www.welovecycling.com\/hu\/#website"},"primaryImageOfPage":{"@id":"https:\/\/www.welovecycling.com\/hu\/kozosseg-es-kultura\/egy-vilagkoruli-bringatura-5-tanulsaga\/#primaryimage"},"image":{"@id":"https:\/\/www.welovecycling.com\/hu\/kozosseg-es-kultura\/egy-vilagkoruli-bringatura-5-tanulsaga\/#primaryimage"},"thumbnailUrl":"https:\/\/d2p6e6u75xmxt8.cloudfront.net\/12\/2020\/01\/5tan01.jpg","datePublished":"2020-01-28T07:00:24+00:00","author":{"@id":"https:\/\/www.welovecycling.com\/hu\/#\/schema\/person\/414a2aebf1801691a5320edb6468e194"},"breadcrumb":{"@id":"https:\/\/www.welovecycling.com\/hu\/kozosseg-es-kultura\/egy-vilagkoruli-bringatura-5-tanulsaga\/#breadcrumb"},"inLanguage":"hu","potentialAction":[{"@type":"ReadAction","target":["https:\/\/www.welovecycling.com\/hu\/kozosseg-es-kultura\/egy-vilagkoruli-bringatura-5-tanulsaga\/"]}]},{"@type":"ImageObject","inLanguage":"hu","@id":"https:\/\/www.welovecycling.com\/hu\/kozosseg-es-kultura\/egy-vilagkoruli-bringatura-5-tanulsaga\/#primaryimage","url":"https:\/\/d2p6e6u75xmxt8.cloudfront.net\/12\/2020\/01\/5tan01.jpg","contentUrl":"https:\/\/d2p6e6u75xmxt8.cloudfront.net\/12\/2020\/01\/5tan01.jpg","width":1200,"height":800},{"@type":"BreadcrumbList","@id":"https:\/\/www.welovecycling.com\/hu\/kozosseg-es-kultura\/egy-vilagkoruli-bringatura-5-tanulsaga\/#breadcrumb","itemListElement":[{"@type":"ListItem","position":1,"name":"Home","item":"https:\/\/www.welovecycling.com\/hu\/"},{"@type":"ListItem","position":2,"name":"Egy vil\u00e1gk\u00f6r\u00fcli bringat\u00fara 5 tanuls\u00e1ga"}]},{"@type":"WebSite","@id":"https:\/\/www.welovecycling.com\/hu\/#website","url":"https:\/\/www.welovecycling.com\/hu\/","name":"\u0160koda We Love Cycling - Magyarorsz\u00e1g","description":"\u0160koda WeLoveCycling","potentialAction":[{"@type":"SearchAction","target":{"@type":"EntryPoint","urlTemplate":"https:\/\/www.welovecycling.com\/hu\/?s={search_term_string}"},"query-input":{"@type":"PropertyValueSpecification","valueRequired":true,"valueName":"search_term_string"}}],"inLanguage":"hu"},{"@type":"Person","@id":"https:\/\/www.welovecycling.com\/hu\/#\/schema\/person\/414a2aebf1801691a5320edb6468e194","name":"hegyizs","image":{"@type":"ImageObject","inLanguage":"hu","@id":"https:\/\/www.welovecycling.com\/hu\/#\/schema\/person\/image\/","url":"https:\/\/secure.gravatar.com\/avatar\/02cf8a7906b8cf90cecb4679defac7cfd33a1c2e3b88e4903d947f3bb58eedd3?s=96&d=mm&r=g","contentUrl":"https:\/\/secure.gravatar.com\/avatar\/02cf8a7906b8cf90cecb4679defac7cfd33a1c2e3b88e4903d947f3bb58eedd3?s=96&d=mm&r=g","caption":"hegyizs"},"url":"https:\/\/www.welovecycling.com\/hu\/author\/hegyizs\/"}]}},"_links":{"self":[{"href":"https:\/\/www.welovecycling.com\/hu\/wp-json\/wp\/v2\/posts\/6602","targetHints":{"allow":["GET"]}}],"collection":[{"href":"https:\/\/www.welovecycling.com\/hu\/wp-json\/wp\/v2\/posts"}],"about":[{"href":"https:\/\/www.welovecycling.com\/hu\/wp-json\/wp\/v2\/types\/post"}],"author":[{"embeddable":true,"href":"https:\/\/www.welovecycling.com\/hu\/wp-json\/wp\/v2\/users\/71"}],"replies":[{"embeddable":true,"href":"https:\/\/www.welovecycling.com\/hu\/wp-json\/wp\/v2\/comments?post=6602"}],"version-history":[{"count":2,"href":"https:\/\/www.welovecycling.com\/hu\/wp-json\/wp\/v2\/posts\/6602\/revisions"}],"predecessor-version":[{"id":6611,"href":"https:\/\/www.welovecycling.com\/hu\/wp-json\/wp\/v2\/posts\/6602\/revisions\/6611"}],"wp:featuredmedia":[{"embeddable":true,"href":"https:\/\/www.welovecycling.com\/hu\/wp-json\/wp\/v2\/media\/6603"}],"wp:attachment":[{"href":"https:\/\/www.welovecycling.com\/hu\/wp-json\/wp\/v2\/media?parent=6602"}],"wp:term":[{"taxonomy":"category","embeddable":true,"href":"https:\/\/www.welovecycling.com\/hu\/wp-json\/wp\/v2\/categories?post=6602"},{"taxonomy":"post_tag","embeddable":true,"href":"https:\/\/www.welovecycling.com\/hu\/wp-json\/wp\/v2\/tags?post=6602"},{"taxonomy":"global-categories","embeddable":true,"href":"https:\/\/www.welovecycling.com\/hu\/wp-json\/wp\/v2\/global-categories?post=6602"}],"curies":[{"name":"wp","href":"https:\/\/api.w.org\/{rel}","templated":true}]}}