{"id":6538,"date":"2020-01-25T08:00:43","date_gmt":"2020-01-25T07:00:43","guid":{"rendered":"https:\/\/www.welovecycling.com\/hu\/?p=6538"},"modified":"2020-01-17T15:57:29","modified_gmt":"2020-01-17T14:57:29","slug":"cycle-chic-a-mozgalom-ami-divatossa-tette-a-bicikliket","status":"publish","type":"post","link":"https:\/\/www.welovecycling.com\/hu\/varosi-kerekparozas\/cycle-chic-a-mozgalom-ami-divatossa-tette-a-bicikliket\/","title":{"rendered":"Cycle chic: a mozgalom, ami divatoss\u00e1 tette a bicikliket"},"content":{"rendered":"<p><strong>Nem tudom, ti hogy vagytok vele, de szem\u00e9ly szerint \u00e9n felteszek egy sisakot, zoknit \u00e9s cip\u0151t h\u00fazok, beleb\u00fajok egy r\u00e9gi gaty\u00e1ba \u00e9s felkapok egy pulcsit, miel\u0151tt bring\u00e1ra \u00fcl\u00f6k. Nem csin\u00e1lok nagy divat-k\u00e9rd\u00e9st a teker\u00e9sb\u0151l: csak tekerek.<\/strong><\/p>\n<p><!--more--><\/p>\n<p>Vannak azonban olyan ker\u00e9kp\u00e1rosok \u2013 t\u00f6bbnyire n\u0151k \u2013 akik kieg\u00e9sz\u00edt\u0151k\u00e9nt tekintenek erre a k\u00e9t ker\u00e9kre, ami t\u00f6k\u00e9letes eszk\u00f6z arra, hogy bemutass\u00e1k eleg\u00e1ns gardr\u00f3bjukat. Mint p\u00e9ld\u00e1ul az a New York-i h\u00f6lgy, aki \u00edgy vezetett fel egy cikket a New York Times-ban: <em>\u201eBesz\u00e9lj\u00fcnk az igazi bel\u00e9p\u0151r\u0151l. Nem r\u00e9g egy puccos g\u00e1l\u00e1ra Topaz Page-Green egy vintage bring\u00e1n suhant be a helysz\u00ednre. T\u00f6bbek k\u00f6z\u00f6tt egy testhez\u00e1ll\u00f3, skarl\u00e1tv\u00f6r\u00f6s ruh\u00e1t viselt az 1920-as \u00e9veket id\u00e9zve. \u2019Eg\u00e9szen a bok\u00e1ig \u00e9rt\u2019 \u2013 eml\u00e9kezett vissza. \u2019K\u00e9nytelen volt felhajtani.\u2019<\/em><\/p>\n<figure id=\"attachment_6539\" aria-describedby=\"caption-attachment-6539\" style=\"width: 1024px\" class=\"wp-caption alignnone\"><img loading=\"lazy\" decoding=\"async\" class=\"size-full wp-image-6539\" src=\"https:\/\/d2p6e6u75xmxt8.cloudfront.net\/12\/2020\/01\/BIKE-JP-E-jumbo.jpg\" alt=\"\" width=\"1024\" height=\"895\" srcset=\"https:\/\/d2p6e6u75xmxt8.cloudfront.net\/12\/2020\/01\/BIKE-JP-E-jumbo.jpg 1024w, https:\/\/d2p6e6u75xmxt8.cloudfront.net\/12\/2020\/01\/BIKE-JP-E-jumbo-300x262.jpg 300w, https:\/\/d2p6e6u75xmxt8.cloudfront.net\/12\/2020\/01\/BIKE-JP-E-jumbo-768x671.jpg 768w\" sizes=\"auto, (max-width: 1024px) 100vw, 1024px\" \/><figcaption id=\"caption-attachment-6539\" class=\"wp-caption-text\">\u00a9 <em>Elizabeth Lippman a The New York Times-t\u00f3l<\/em><\/figcaption><\/figure>\n<p>A cikk a Divat \u00e9s St\u00edlus rovatban jelent meg a k\u00f6vetkez\u0151 f\u0151c\u00edmmel: <em>Sebess\u00e9gbe kapcsolt a bring\u00e1s sikk.<\/em> Ha pedig m\u00e1r sikkr\u0151l van sz\u00f3: besz\u00e9lj\u00fcnk a <em>Cycle Chic<\/em> mozgalomr\u00f3l, amit 2007-ben ind\u00edtott el Mikael Colville-Andersen, a kanadai-d\u00e1n v\u00e1rostervez\u0151 \u00e9s mobilit\u00e1si szak\u00e9rt\u0151, aki a helyi \u00e9s a nemzeti \u00f6nkorm\u00e1nyzattal dolgozik egy\u00fctt azon, hogy min\u00e9l bicikli-bar\u00e1tabb\u00e1 tegy\u00e9k a v\u00e1rosokat.<\/p>\n<p>Colville-Andersen vezette be a <em>cycle chic <\/em>vagy <em>bicycle chic<\/em> kifejez\u00e9st, a mindennapi, divatos ruh\u00e1kban ing\u00e1z\u00f3 emberek, a st\u00edlusos ker\u00e9kp\u00e1r kieg\u00e9sz\u00edt\u0151k \u00e9s a csinos biciklik &#8211; mint amilyen Ms. Page-Green vintage j\u00e1rm\u0171ve \u2013 \u00f6sszefoglal\u00e1s\u00e1ra. A misszi\u00f3ja azonban az volt, hogy mag\u00e1t a ker\u00e9kp\u00e1roz\u00e1st tegye divatoss\u00e1: nagyr\u00e9szt neki k\u00f6sz\u00f6nhetj\u00fck, hogy ilyen n\u00e9pszer\u0171 lett ez a k\u00f6zleked\u00e9si m\u00f3d. 2007 j\u00fanius\u00e1ban ind\u00edtotta el blogj\u00e1t, ahol k\u00f6zz\u00e9tette a k\u00e9pet, amire sokszor csak \u00edgy hivatkoznak: <em>\u201eA fot\u00f3, ami milli\u00f3 biciklit ind\u00edtott \u00fatnak.\u201d<\/em><\/p>\n<figure id=\"attachment_6540\" aria-describedby=\"caption-attachment-6540\" style=\"width: 560px\" class=\"wp-caption alignnone\"><img loading=\"lazy\" decoding=\"async\" class=\"wp-image-6540 size-full\" src=\"https:\/\/d2p6e6u75xmxt8.cloudfront.net\/12\/2020\/01\/eabafb3b4f7bac3bc351d46b01ec5bac.jpg\" alt=\"\" width=\"560\" height=\"640\" srcset=\"https:\/\/d2p6e6u75xmxt8.cloudfront.net\/12\/2020\/01\/eabafb3b4f7bac3bc351d46b01ec5bac.jpg 560w, https:\/\/d2p6e6u75xmxt8.cloudfront.net\/12\/2020\/01\/eabafb3b4f7bac3bc351d46b01ec5bac-263x300.jpg 263w\" sizes=\"auto, (max-width: 560px) 100vw, 560px\" \/><figcaption id=\"caption-attachment-6540\" class=\"wp-caption-text\"><em>\u201eA fot\u00f3, ami milli\u00f3 biciklit ind\u00edtott \u00fatnak.\u201d \u00a9 Mikael Colville-Andersen<\/em><\/figcaption><\/figure>\n<p>A blog l\u00e9nyege az volt, hogy online gy\u0171jtse \u00f6ssze a koppenh\u00e1gai biciklis kult\u00far\u00e1t bemutat\u00f3 k\u00e9peket, p\u00e9ld\u00e1ul a divatos v\u00e1rosi ker\u00e9kp\u00e1rosokr\u00f3l. Az azonban meglepet\u00e9sk\u00e9nt \u00e9rte az alkot\u00f3t, hogy a m\u00e9dia \u00e9s a biciklis k\u00f6z\u00f6ss\u00e9gek is \u00e1tvett\u00e9k a <em>cycle chic<\/em> kifejez\u00e9st \u2013 ahogy ezt a New York Times p\u00e9ld\u00e1j\u00e1n kereszt\u00fcl is l\u00e1thatjuk \u2013 \u00e9s glob\u00e1lis mozgalom alakult ki bel\u0151le. A blog rengeteg embert vonzott, azokat is, akik a divatban voltak \u00e9rdekeltek \u00e9s azokat is, akik a bicikliz\u00e9sben.<\/p>\n<p>A <em>Cycle Chic<\/em> blog a Guardian \u00e1ltal v\u00e1lasztott top t\u00edz divatblog k\u00f6z\u00e9 is beker\u00fclt, ezen k\u00edv\u00fcl a legjobb 100-hoz sorolta a Times \u00e9s szint\u00e9n a 10 legforr\u00f3bb divatoldal k\u00f6z\u00e9 a Marketing Magazine.<\/p>\n<figure id=\"attachment_6541\" aria-describedby=\"caption-attachment-6541\" style=\"width: 1000px\" class=\"wp-caption alignnone\"><img loading=\"lazy\" decoding=\"async\" class=\"wp-image-6541 size-full\" src=\"https:\/\/d2p6e6u75xmxt8.cloudfront.net\/12\/2020\/01\/RABSCH_0048aSW_cyclechic_blog.jpg\" alt=\"\" width=\"1000\" height=\"525\" srcset=\"https:\/\/d2p6e6u75xmxt8.cloudfront.net\/12\/2020\/01\/RABSCH_0048aSW_cyclechic_blog.jpg 1000w, https:\/\/d2p6e6u75xmxt8.cloudfront.net\/12\/2020\/01\/RABSCH_0048aSW_cyclechic_blog-300x158.jpg 300w, https:\/\/d2p6e6u75xmxt8.cloudfront.net\/12\/2020\/01\/RABSCH_0048aSW_cyclechic_blog-768x403.jpg 768w\" sizes=\"auto, (max-width: 1000px) 100vw, 1000px\" \/><figcaption id=\"caption-attachment-6541\" class=\"wp-caption-text\">Mikael Colville-Andersen by Thomas Rabsch<\/figcaption><\/figure>\n<p>Emellett a blog ezreket inspir\u00e1lt, hogy hasonl\u00f3 weboldalakat hozzanak l\u00e9tre, ezekb\u0151l pedig l\u00e9trej\u00f6tt a <em>Cycle Chic Republic.<\/em> A k\u00f6z\u00f6ss\u00e9ghez tartoz\u00f3k \u00e9vente \u00f6sszegy\u0171ltek, hogy megvitass\u00e1k az aktualit\u00e1sokat a v\u00e1rosi bicikliz\u00e9s ter\u00e9n.<\/p>\n<p>Vegy\u00fck \u00e9szre azonban a m\u00falt id\u0151t: \u00f6sszegy\u0171ltek. A <em>Cycle Chic Republic<\/em> weboldala m\u00e1r nem \u00e9l. Az utols\u00f3 <em>Cycle Chic <\/em>blogbejegyz\u00e9s pedig 2018. szeptember 7-\u00e9n ker\u00fclt ki a webhelyre. Felt\u00e9telezhetj\u00fck teh\u00e1t, hogy Colville-Andersen m\u00e1r tov\u00e1bbl\u00e9pett, a <em>Cycle Chic<\/em> mozgalom pedig beteljes\u00edtette feladat\u00e1t, ami a weboldal szerint a k\u00f6vetkez\u0151 volt: <em>\u201eA Cycle Chic c\u00e9lja, hogy \u00e9p\u00edtse a ker\u00e9kp\u00e1ros kult\u00far\u00e1t azzal, hogy bemutatja, hogy a bicikliz\u00e9s egy egys\u00e9get alkot\u00f3, tisztelend\u0151 \u00e9s t\u00f6k\u00e9letesen alkalmas k\u00f6zleked\u00e9si eszk\u00f6z, a sportruh\u00e1zat \u00e9s felszerel\u00e9sek h\u00e1l\u00f3ja n\u00e9lk\u00fcl is, \u00e9s \u00edgy l\u00e9tfontoss\u00e1g\u00fa szerepe van a v\u00e1rosi \u00e9letmin\u0151s\u00e9g fejleszt\u00e9s\u00e9ben.\u201d<\/em><\/p>\n","protected":false},"excerpt":{"rendered":"<p>Nem tudom, ti hogy vagytok vele, de szem\u00e9ly szerint \u00e9n felteszek egy sisakot, zoknit \u00e9s cip\u0151t h\u00fazok, beleb\u00fajok egy r\u00e9gi [&hellip;]<\/p>\n","protected":false},"author":71,"featured_media":6543,"comment_status":"open","ping_status":"open","sticky":false,"template":"","format":"standard","meta":{"footnotes":""},"categories":[9],"tags":[],"global-categories":[],"class_list":["post-6538","post","type-post","status-publish","format-standard","has-post-thumbnail","hentry","category-varosi-kerekparozas"],"yoast_head":"<!-- This site is optimized with the Yoast SEO Premium plugin v25.3 (Yoast SEO v25.9) - https:\/\/yoast.com\/wordpress\/plugins\/seo\/ -->\n<title>Cycle chic: a mozgalom, ami divatoss\u00e1 tette a bicikliket - \u0160koda We Love Cycling - Magyarorsz\u00e1g<\/title>\n<meta name=\"robots\" content=\"index, follow, max-snippet:-1, max-image-preview:large, max-video-preview:-1\" \/>\n<link rel=\"canonical\" href=\"https:\/\/www.welovecycling.com\/hu\/varosi-kerekparozas\/cycle-chic-a-mozgalom-ami-divatossa-tette-a-bicikliket\/\" \/>\n<meta property=\"og:locale\" content=\"hu_HU\" \/>\n<meta property=\"og:type\" content=\"article\" \/>\n<meta property=\"og:title\" content=\"Cycle chic: a mozgalom, ami divatoss\u00e1 tette a bicikliket\" \/>\n<meta property=\"og:description\" content=\"Nem tudom, ti hogy vagytok vele, de szem\u00e9ly szerint \u00e9n felteszek egy sisakot, zoknit \u00e9s cip\u0151t h\u00fazok, beleb\u00fajok egy r\u00e9gi [&hellip;]\" \/>\n<meta property=\"og:url\" content=\"https:\/\/www.welovecycling.com\/hu\/varosi-kerekparozas\/cycle-chic-a-mozgalom-ami-divatossa-tette-a-bicikliket\/\" \/>\n<meta property=\"og:site_name\" content=\"\u0160koda We Love Cycling - Magyarorsz\u00e1g\" \/>\n<meta property=\"article:publisher\" content=\"https:\/\/www.facebook.com\/WeLoveCyclingHungary\/\" \/>\n<meta property=\"article:published_time\" content=\"2020-01-25T07:00:43+00:00\" \/>\n<meta property=\"og:image\" content=\"https:\/\/d2p6e6u75xmxt8.cloudfront.net\/12\/2020\/01\/Cycle-Chic-CVR.jpg\" \/>\n\t<meta property=\"og:image:width\" content=\"1366\" \/>\n\t<meta property=\"og:image:height\" content=\"600\" \/>\n\t<meta property=\"og:image:type\" content=\"image\/jpeg\" \/>\n<meta name=\"author\" content=\"hegyizs\" \/>\n<meta name=\"twitter:card\" content=\"summary_large_image\" \/>\n<meta name=\"twitter:label1\" content=\"Written by\" \/>\n\t<meta name=\"twitter:data1\" content=\"Siegfried Mortkowitz\" \/>\n\t<meta name=\"twitter:label2\" content=\"Est. reading time\" \/>\n\t<meta name=\"twitter:data2\" content=\"7\" \/>\n<script type=\"application\/ld+json\" class=\"yoast-schema-graph\">{\"@context\":\"https:\/\/schema.org\",\"@graph\":[{\"@type\":\"WebPage\",\"@id\":\"https:\/\/www.welovecycling.com\/hu\/varosi-kerekparozas\/cycle-chic-a-mozgalom-ami-divatossa-tette-a-bicikliket\/\",\"url\":\"https:\/\/www.welovecycling.com\/hu\/varosi-kerekparozas\/cycle-chic-a-mozgalom-ami-divatossa-tette-a-bicikliket\/\",\"name\":\"Cycle chic: a mozgalom, ami divatoss\u00e1 tette a bicikliket - \u0160koda We Love Cycling - Magyarorsz\u00e1g\",\"isPartOf\":{\"@id\":\"https:\/\/www.welovecycling.com\/hu\/#website\"},\"primaryImageOfPage\":{\"@id\":\"https:\/\/www.welovecycling.com\/hu\/varosi-kerekparozas\/cycle-chic-a-mozgalom-ami-divatossa-tette-a-bicikliket\/#primaryimage\"},\"image\":{\"@id\":\"https:\/\/www.welovecycling.com\/hu\/varosi-kerekparozas\/cycle-chic-a-mozgalom-ami-divatossa-tette-a-bicikliket\/#primaryimage\"},\"thumbnailUrl\":\"https:\/\/d2p6e6u75xmxt8.cloudfront.net\/12\/2020\/01\/Cycle-Chic-CVR.jpg\",\"datePublished\":\"2020-01-25T07:00:43+00:00\",\"author\":{\"@id\":\"https:\/\/www.welovecycling.com\/hu\/#\/schema\/person\/414a2aebf1801691a5320edb6468e194\"},\"breadcrumb\":{\"@id\":\"https:\/\/www.welovecycling.com\/hu\/varosi-kerekparozas\/cycle-chic-a-mozgalom-ami-divatossa-tette-a-bicikliket\/#breadcrumb\"},\"inLanguage\":\"hu\",\"potentialAction\":[{\"@type\":\"ReadAction\",\"target\":[\"https:\/\/www.welovecycling.com\/hu\/varosi-kerekparozas\/cycle-chic-a-mozgalom-ami-divatossa-tette-a-bicikliket\/\"]}]},{\"@type\":\"ImageObject\",\"inLanguage\":\"hu\",\"@id\":\"https:\/\/www.welovecycling.com\/hu\/varosi-kerekparozas\/cycle-chic-a-mozgalom-ami-divatossa-tette-a-bicikliket\/#primaryimage\",\"url\":\"https:\/\/d2p6e6u75xmxt8.cloudfront.net\/12\/2020\/01\/Cycle-Chic-CVR.jpg\",\"contentUrl\":\"https:\/\/d2p6e6u75xmxt8.cloudfront.net\/12\/2020\/01\/Cycle-Chic-CVR.jpg\",\"width\":1366,\"height\":600},{\"@type\":\"BreadcrumbList\",\"@id\":\"https:\/\/www.welovecycling.com\/hu\/varosi-kerekparozas\/cycle-chic-a-mozgalom-ami-divatossa-tette-a-bicikliket\/#breadcrumb\",\"itemListElement\":[{\"@type\":\"ListItem\",\"position\":1,\"name\":\"Home\",\"item\":\"https:\/\/www.welovecycling.com\/hu\/\"},{\"@type\":\"ListItem\",\"position\":2,\"name\":\"Cycle chic: a mozgalom, ami divatoss\u00e1 tette a bicikliket\"}]},{\"@type\":\"WebSite\",\"@id\":\"https:\/\/www.welovecycling.com\/hu\/#website\",\"url\":\"https:\/\/www.welovecycling.com\/hu\/\",\"name\":\"\u0160koda We Love Cycling - Magyarorsz\u00e1g\",\"description\":\"\u0160koda WeLoveCycling\",\"potentialAction\":[{\"@type\":\"SearchAction\",\"target\":{\"@type\":\"EntryPoint\",\"urlTemplate\":\"https:\/\/www.welovecycling.com\/hu\/?s={search_term_string}\"},\"query-input\":{\"@type\":\"PropertyValueSpecification\",\"valueRequired\":true,\"valueName\":\"search_term_string\"}}],\"inLanguage\":\"hu\"},{\"@type\":\"Person\",\"@id\":\"https:\/\/www.welovecycling.com\/hu\/#\/schema\/person\/414a2aebf1801691a5320edb6468e194\",\"name\":\"hegyizs\",\"image\":{\"@type\":\"ImageObject\",\"inLanguage\":\"hu\",\"@id\":\"https:\/\/www.welovecycling.com\/hu\/#\/schema\/person\/image\/\",\"url\":\"https:\/\/secure.gravatar.com\/avatar\/02cf8a7906b8cf90cecb4679defac7cfd33a1c2e3b88e4903d947f3bb58eedd3?s=96&d=mm&r=g\",\"contentUrl\":\"https:\/\/secure.gravatar.com\/avatar\/02cf8a7906b8cf90cecb4679defac7cfd33a1c2e3b88e4903d947f3bb58eedd3?s=96&d=mm&r=g\",\"caption\":\"hegyizs\"},\"url\":\"https:\/\/www.welovecycling.com\/hu\/author\/hegyizs\/\"}]}<\/script>\n<!-- \/ Yoast SEO Premium plugin. -->","yoast_head_json":{"title":"Cycle chic: a mozgalom, ami divatoss\u00e1 tette a bicikliket - \u0160koda We Love Cycling - Magyarorsz\u00e1g","robots":{"index":"index","follow":"follow","max-snippet":"max-snippet:-1","max-image-preview":"max-image-preview:large","max-video-preview":"max-video-preview:-1"},"canonical":"https:\/\/www.welovecycling.com\/hu\/varosi-kerekparozas\/cycle-chic-a-mozgalom-ami-divatossa-tette-a-bicikliket\/","og_locale":"hu_HU","og_type":"article","og_title":"Cycle chic: a mozgalom, ami divatoss\u00e1 tette a bicikliket","og_description":"Nem tudom, ti hogy vagytok vele, de szem\u00e9ly szerint \u00e9n felteszek egy sisakot, zoknit \u00e9s cip\u0151t h\u00fazok, beleb\u00fajok egy r\u00e9gi [&hellip;]","og_url":"https:\/\/www.welovecycling.com\/hu\/varosi-kerekparozas\/cycle-chic-a-mozgalom-ami-divatossa-tette-a-bicikliket\/","og_site_name":"\u0160koda We Love Cycling - Magyarorsz\u00e1g","article_publisher":"https:\/\/www.facebook.com\/WeLoveCyclingHungary\/","article_published_time":"2020-01-25T07:00:43+00:00","og_image":[{"width":1366,"height":600,"url":"https:\/\/d2p6e6u75xmxt8.cloudfront.net\/12\/2020\/01\/Cycle-Chic-CVR.jpg","type":"image\/jpeg"}],"author":"hegyizs","twitter_card":"summary_large_image","twitter_misc":{"Written by":"Siegfried Mortkowitz","Est. reading time":"7"},"schema":{"@context":"https:\/\/schema.org","@graph":[{"@type":"WebPage","@id":"https:\/\/www.welovecycling.com\/hu\/varosi-kerekparozas\/cycle-chic-a-mozgalom-ami-divatossa-tette-a-bicikliket\/","url":"https:\/\/www.welovecycling.com\/hu\/varosi-kerekparozas\/cycle-chic-a-mozgalom-ami-divatossa-tette-a-bicikliket\/","name":"Cycle chic: a mozgalom, ami divatoss\u00e1 tette a bicikliket - \u0160koda We Love Cycling - Magyarorsz\u00e1g","isPartOf":{"@id":"https:\/\/www.welovecycling.com\/hu\/#website"},"primaryImageOfPage":{"@id":"https:\/\/www.welovecycling.com\/hu\/varosi-kerekparozas\/cycle-chic-a-mozgalom-ami-divatossa-tette-a-bicikliket\/#primaryimage"},"image":{"@id":"https:\/\/www.welovecycling.com\/hu\/varosi-kerekparozas\/cycle-chic-a-mozgalom-ami-divatossa-tette-a-bicikliket\/#primaryimage"},"thumbnailUrl":"https:\/\/d2p6e6u75xmxt8.cloudfront.net\/12\/2020\/01\/Cycle-Chic-CVR.jpg","datePublished":"2020-01-25T07:00:43+00:00","author":{"@id":"https:\/\/www.welovecycling.com\/hu\/#\/schema\/person\/414a2aebf1801691a5320edb6468e194"},"breadcrumb":{"@id":"https:\/\/www.welovecycling.com\/hu\/varosi-kerekparozas\/cycle-chic-a-mozgalom-ami-divatossa-tette-a-bicikliket\/#breadcrumb"},"inLanguage":"hu","potentialAction":[{"@type":"ReadAction","target":["https:\/\/www.welovecycling.com\/hu\/varosi-kerekparozas\/cycle-chic-a-mozgalom-ami-divatossa-tette-a-bicikliket\/"]}]},{"@type":"ImageObject","inLanguage":"hu","@id":"https:\/\/www.welovecycling.com\/hu\/varosi-kerekparozas\/cycle-chic-a-mozgalom-ami-divatossa-tette-a-bicikliket\/#primaryimage","url":"https:\/\/d2p6e6u75xmxt8.cloudfront.net\/12\/2020\/01\/Cycle-Chic-CVR.jpg","contentUrl":"https:\/\/d2p6e6u75xmxt8.cloudfront.net\/12\/2020\/01\/Cycle-Chic-CVR.jpg","width":1366,"height":600},{"@type":"BreadcrumbList","@id":"https:\/\/www.welovecycling.com\/hu\/varosi-kerekparozas\/cycle-chic-a-mozgalom-ami-divatossa-tette-a-bicikliket\/#breadcrumb","itemListElement":[{"@type":"ListItem","position":1,"name":"Home","item":"https:\/\/www.welovecycling.com\/hu\/"},{"@type":"ListItem","position":2,"name":"Cycle chic: a mozgalom, ami divatoss\u00e1 tette a bicikliket"}]},{"@type":"WebSite","@id":"https:\/\/www.welovecycling.com\/hu\/#website","url":"https:\/\/www.welovecycling.com\/hu\/","name":"\u0160koda We Love Cycling - Magyarorsz\u00e1g","description":"\u0160koda WeLoveCycling","potentialAction":[{"@type":"SearchAction","target":{"@type":"EntryPoint","urlTemplate":"https:\/\/www.welovecycling.com\/hu\/?s={search_term_string}"},"query-input":{"@type":"PropertyValueSpecification","valueRequired":true,"valueName":"search_term_string"}}],"inLanguage":"hu"},{"@type":"Person","@id":"https:\/\/www.welovecycling.com\/hu\/#\/schema\/person\/414a2aebf1801691a5320edb6468e194","name":"hegyizs","image":{"@type":"ImageObject","inLanguage":"hu","@id":"https:\/\/www.welovecycling.com\/hu\/#\/schema\/person\/image\/","url":"https:\/\/secure.gravatar.com\/avatar\/02cf8a7906b8cf90cecb4679defac7cfd33a1c2e3b88e4903d947f3bb58eedd3?s=96&d=mm&r=g","contentUrl":"https:\/\/secure.gravatar.com\/avatar\/02cf8a7906b8cf90cecb4679defac7cfd33a1c2e3b88e4903d947f3bb58eedd3?s=96&d=mm&r=g","caption":"hegyizs"},"url":"https:\/\/www.welovecycling.com\/hu\/author\/hegyizs\/"}]}},"_links":{"self":[{"href":"https:\/\/www.welovecycling.com\/hu\/wp-json\/wp\/v2\/posts\/6538","targetHints":{"allow":["GET"]}}],"collection":[{"href":"https:\/\/www.welovecycling.com\/hu\/wp-json\/wp\/v2\/posts"}],"about":[{"href":"https:\/\/www.welovecycling.com\/hu\/wp-json\/wp\/v2\/types\/post"}],"author":[{"embeddable":true,"href":"https:\/\/www.welovecycling.com\/hu\/wp-json\/wp\/v2\/users\/71"}],"replies":[{"embeddable":true,"href":"https:\/\/www.welovecycling.com\/hu\/wp-json\/wp\/v2\/comments?post=6538"}],"version-history":[{"count":2,"href":"https:\/\/www.welovecycling.com\/hu\/wp-json\/wp\/v2\/posts\/6538\/revisions"}],"predecessor-version":[{"id":6561,"href":"https:\/\/www.welovecycling.com\/hu\/wp-json\/wp\/v2\/posts\/6538\/revisions\/6561"}],"wp:featuredmedia":[{"embeddable":true,"href":"https:\/\/www.welovecycling.com\/hu\/wp-json\/wp\/v2\/media\/6543"}],"wp:attachment":[{"href":"https:\/\/www.welovecycling.com\/hu\/wp-json\/wp\/v2\/media?parent=6538"}],"wp:term":[{"taxonomy":"category","embeddable":true,"href":"https:\/\/www.welovecycling.com\/hu\/wp-json\/wp\/v2\/categories?post=6538"},{"taxonomy":"post_tag","embeddable":true,"href":"https:\/\/www.welovecycling.com\/hu\/wp-json\/wp\/v2\/tags?post=6538"},{"taxonomy":"global-categories","embeddable":true,"href":"https:\/\/www.welovecycling.com\/hu\/wp-json\/wp\/v2\/global-categories?post=6538"}],"curies":[{"name":"wp","href":"https:\/\/api.w.org\/{rel}","templated":true}]}}