{"id":6519,"date":"2020-01-20T08:00:17","date_gmt":"2020-01-20T07:00:17","guid":{"rendered":"https:\/\/www.welovecycling.com\/hu\/?p=6519"},"modified":"2020-01-17T15:49:56","modified_gmt":"2020-01-17T14:49:56","slug":"ossze-mernel-firkalni-egy-31500-euros-karbonszalas-szuperbringat","status":"publish","type":"post","link":"https:\/\/www.welovecycling.com\/hu\/kozosseg-es-kultura\/ossze-mernel-firkalni-egy-31500-euros-karbonszalas-szuperbringat\/","title":{"rendered":"\u00d6ssze mern\u00e9l firk\u00e1lni egy 31,500 eur\u00f3s karbonsz\u00e1las szuperbring\u00e1t?"},"content":{"rendered":"<p><strong>A porcel\u00e1ngy\u0171jt\u0151 Suratchaj Chenyavanij sz\u00e1m\u00e1ra k\u00e9sz\u00fclt, Michal Ba\u010d\u00e1k \u00e1ltal d\u00edsz\u00edtett, 24 kar\u00e1tos arannyal \u00e9kes\u00edtett, 31,500 eur\u00f3s Festka Spectre Porcelain karbonsz\u00e1las ker\u00e9kp\u00e1r megmutatja, meddig mehet\u00fcnk el, ha szem\u00e9lyre szab\u00e1sr\u00f3l van sz\u00f3. A projekt 13 h\u00f3napot \u00e9s rengeteg kreat\u00edv energi\u00e1t vett ig\u00e9nybe. A m\u00e9lt\u00e1n h\u00edres cseh m\u0171v\u00e9sz \u00e9s illusztr\u00e1tor, Michal Ba\u010d\u00e1k k\u00e9zzel dekor\u00e1lta ki a bicikli v\u00e1z\u00e1t. Michal a saj\u00e1t st\u00edlus\u00e1t vitte bele a projektbe, mik\u00f6zben k\u00fcl\u00f6nb\u00f6z\u0151 mot\u00edvumokat haszn\u00e1lt fel \u2013 p\u00e9ld\u00e1ul a portug\u00e1l Azulejo \u00e9s az angol Churchill Blue Willow mint\u00e1zatokat. A We Love Cycling csapata k\u00edv\u00e1ncsi volt az orsz\u00e1ghat\u00e1rokat \u00e9s m\u0171v\u00e9szeti \u00e1gazatokat \u00e1t\u00edvel\u0151 alkot\u00e1s r\u00e9szleteire.<\/strong><\/p>\n<p><!--more--><\/p>\n<p><strong>A weboldalad alapj\u00e1n im\u00e1dod a denev\u00e9reket, Leo\u0161 Jan\u00e1\u010dek-et \u00e9s a s\u00f6rt. Mi a helyzet a bicikliz\u00e9ssel?<\/strong><\/p>\n<p>Szoktam tekerni. Sz\u00e1momra ez egy csod\u00e1latos tev\u00e9kenys\u00e9g, r\u00e1ad\u00e1sul sokkal gyorsabb is, mint gyalogolni. De nem mag\u00e1\u00e9rt a bicikliz\u00e9s\u00e9rt \u00fcl\u00f6k fel a j\u00e1rg\u00e1nyomra. Egy eg\u00e9szs\u00e9ges t\u00e1rsadalomnak meg kell tudnia teremteni a lehet\u0151s\u00e9get, hogy a polg\u00e1rai olyan k\u00f6rnyezetben \u00e9ljenek, ahol t\u00f6bb a ker\u00e9kp\u00e1r, mint az aut\u00f3. A bicikli csak egy eleg\u00e1ns k\u00f6zleked\u00e9si eszk\u00f6z. Gyakran haszn\u00e1lom \u00e9n is erre az otthonom \u00e9s a st\u00fadi\u00f3m k\u00f6z\u00f6tt, de sokszor szoktam csak \u00fagy k\u00f3sz\u00e1lni vele a v\u00e1roshat\u00e1ron. Minden ny\u00e1ron elmegyek a bar\u00e1taimmal Csehorsz\u00e1g hat\u00e1ra ment\u00e9n bring\u00e1zni. Egy m\u00e1sik haverral pedig hazatekert\u00fcnk Csehorsz\u00e1gba Rotterdamb\u00f3l, amikor ott tanultunk, Belgiumon \u00e9s N\u00e9metorsz\u00e1gon kereszt\u00fcl.<\/p>\n<div id='gallery-1' class='gallery galleryid-6519 gallery-columns-2 gallery-size-large'><figure class='gallery-item'>\n\t\t\t<div class='gallery-icon portrait'>\n\t\t\t\t<a href='https:\/\/d2p6e6u75xmxt8.cloudfront.net\/12\/2020\/01\/Bacak-Festka-2.jpg'><img loading=\"lazy\" decoding=\"async\" width=\"683\" height=\"1024\" src=\"https:\/\/d2p6e6u75xmxt8.cloudfront.net\/12\/2020\/01\/Bacak-Festka-2-683x1024.jpg\" class=\"attachment-large size-large\" alt=\"\" srcset=\"https:\/\/d2p6e6u75xmxt8.cloudfront.net\/12\/2020\/01\/Bacak-Festka-2-683x1024.jpg 683w, https:\/\/d2p6e6u75xmxt8.cloudfront.net\/12\/2020\/01\/Bacak-Festka-2-200x300.jpg 200w, https:\/\/d2p6e6u75xmxt8.cloudfront.net\/12\/2020\/01\/Bacak-Festka-2-768x1152.jpg 768w, https:\/\/d2p6e6u75xmxt8.cloudfront.net\/12\/2020\/01\/Bacak-Festka-2.jpg 864w\" sizes=\"auto, (max-width: 683px) 100vw, 683px\" \/><\/a>\n\t\t\t<\/div><\/figure><figure class='gallery-item'>\n\t\t\t<div class='gallery-icon portrait'>\n\t\t\t\t<a href='https:\/\/d2p6e6u75xmxt8.cloudfront.net\/12\/2020\/01\/Bacak-Festka-3.jpg'><img loading=\"lazy\" decoding=\"async\" width=\"683\" height=\"1024\" src=\"https:\/\/d2p6e6u75xmxt8.cloudfront.net\/12\/2020\/01\/Bacak-Festka-3-683x1024.jpg\" class=\"attachment-large size-large\" alt=\"\" srcset=\"https:\/\/d2p6e6u75xmxt8.cloudfront.net\/12\/2020\/01\/Bacak-Festka-3-683x1024.jpg 683w, https:\/\/d2p6e6u75xmxt8.cloudfront.net\/12\/2020\/01\/Bacak-Festka-3-200x300.jpg 200w, https:\/\/d2p6e6u75xmxt8.cloudfront.net\/12\/2020\/01\/Bacak-Festka-3-768x1152.jpg 768w, https:\/\/d2p6e6u75xmxt8.cloudfront.net\/12\/2020\/01\/Bacak-Festka-3.jpg 864w\" sizes=\"auto, (max-width: 683px) 100vw, 683px\" \/><\/a>\n\t\t\t<\/div><\/figure>\n\t\t<\/div>\n\n<p><strong>M\u00e9g mindig megvan a bring\u00e1d?<\/strong><\/p>\n<p>Igen, meg. Ahogy mondtam, t\u00f6bbnyire arra szolg\u00e1l, hogy elvigyen A pontb\u00f3l B-be.<\/p>\n<p><strong>Ha a diz\u00e1jnt n\u00e9zz\u00fck, milyen t\u00edpus\u00fa bicikliket szeretsz?<\/strong><\/p>\n<p>Oda vagyok a r\u00e9gi v\u00e1rosi bring\u00e1k\u00e9rt, amiket m\u00e1r csak haszn\u00e1ltan kapsz meg: nehezek, feket\u00e9k \u00e9s hangosak. R\u00e1ad\u00e1sul otthagyhatod b\u00e1rmilyen k\u00f6rny\u00e9ken egy villanyoszlophoz k\u00f6tve, a tolvajok \u00e9szre sem veszik. Pontosan az ellenkez\u0151i a Festka modellnek, de im\u00e1dom ahogy megk\u00f6zel\u00edtik a technol\u00f3gia \u00e9s a diz\u00e1jn k\u00e9rd\u00e9s\u00e9t. Hi\u00e1ba, r\u00e9gim\u00f3di vagyok.<\/p>\n<p><strong>Mi a legnagyobb k\u00fcl\u00f6nbs\u00e9g a pap\u00edr \u00e9s a bicikliv\u00e1z k\u00f6z\u00f6tt, ha rajzolni kell r\u00e1juk?<\/strong><\/p>\n<p>A legszembet\u0171n\u0151bb k\u00fcl\u00f6nbs\u00e9g el\u00e9g alapvet\u0151: a pap\u00edr egy egyenletes, hatalmas, lapos fel\u00fclet. A v\u00e1zon a legnagyobb egybef\u00fcgg\u0151 lapos fel\u00fclet nagyj\u00e1b\u00f3l 2 n\u00e9gyzetcentim\u00e9teres. A legnagyobb kih\u00edv\u00e1s az aranyoz\u00e1s volt.<\/p>\n<p><img loading=\"lazy\" decoding=\"async\" class=\"alignnone size-full wp-image-6520\" src=\"https:\/\/d2p6e6u75xmxt8.cloudfront.net\/12\/2020\/01\/Bacak-Festka-1.jpg\" alt=\"\" width=\"1385\" height=\"921\" srcset=\"https:\/\/d2p6e6u75xmxt8.cloudfront.net\/12\/2020\/01\/Bacak-Festka-1.jpg 1385w, https:\/\/d2p6e6u75xmxt8.cloudfront.net\/12\/2020\/01\/Bacak-Festka-1-300x199.jpg 300w, https:\/\/d2p6e6u75xmxt8.cloudfront.net\/12\/2020\/01\/Bacak-Festka-1-768x511.jpg 768w, https:\/\/d2p6e6u75xmxt8.cloudfront.net\/12\/2020\/01\/Bacak-Festka-1-1024x681.jpg 1024w, https:\/\/d2p6e6u75xmxt8.cloudfront.net\/12\/2020\/01\/Bacak-Festka-1-272x182.jpg 272w\" sizes=\"auto, (max-width: 1385px) 100vw, 1385px\" \/><\/p>\n<p><strong>Milyen technol\u00f3gia kellett ahhoz, hogy ne folyjanak sz\u00e9t a rajzok?<\/strong><\/p>\n<p>Nagyon sok t\u00fcrelem \u00e9s speci\u00e1lis keszty\u0171k. Ha egy-egy vonal v\u00e9letlen\u00fcl elmos\u00f3dott, azonnal le kellett t\u00f6r\u00f6lni alkohollal, hogy ne hagyjon foltot.<\/p>\n<p><strong>Hogyan jellemezn\u00e9d a k\u00e9sz m\u0171 st\u00edlus\u00e1t?<\/strong><\/p>\n<p>Narrat\u00edv, n\u00e9hol vicces rajzokkal d\u00edsz\u00edtettem, inspir\u00e1ltak a keleties mint\u00e1zatok, melyek t\u00f6k\u00e9letesek az \u00fcres helyek felt\u00f6lt\u00e9s\u00e9re. A v\u00e9geredm\u00e9ny valahol a karikat\u00fara \u00e9s egy porcel\u00e1n d\u00edszt\u00e1rgy k\u00f6z\u00f6tt van.<\/p>\n<p><strong>Hogy tal\u00e1lkozt\u00e1l a Festka munkat\u00e1rsaival?<\/strong><\/p>\n<p>M\u00e1r kor\u00e1bban ismertem a m\u00e1rk\u00e1t, azt viszont nem tudom, \u0151k hogy tal\u00e1ltak meg engem. Tom Hnida, a m\u0171v\u00e9szeti vezet\u0151 keresett meg azzal, hogy szeretn\u00e9k-e egy\u00fctt dolgozni vel\u00fck egy izgalmas projekten. Egy k\u00f6z\u00f6s ismer\u0151s r\u00e9v\u00e9n tal\u00e1lhattak meg.<\/p>\n<p><img loading=\"lazy\" decoding=\"async\" class=\"alignnone size-full wp-image-6521\" src=\"https:\/\/d2p6e6u75xmxt8.cloudfront.net\/12\/2020\/01\/Bacak-Festka-4.jpg\" alt=\"\" width=\"824\" height=\"1236\" srcset=\"https:\/\/d2p6e6u75xmxt8.cloudfront.net\/12\/2020\/01\/Bacak-Festka-4.jpg 824w, https:\/\/d2p6e6u75xmxt8.cloudfront.net\/12\/2020\/01\/Bacak-Festka-4-200x300.jpg 200w, https:\/\/d2p6e6u75xmxt8.cloudfront.net\/12\/2020\/01\/Bacak-Festka-4-768x1152.jpg 768w, https:\/\/d2p6e6u75xmxt8.cloudfront.net\/12\/2020\/01\/Bacak-Festka-4-683x1024.jpg 683w\" sizes=\"auto, (max-width: 824px) 100vw, 824px\" \/><\/p>\n<p><strong>Mi inspir\u00e1lt a Festka Porcel\u00e1n projekt megval\u00f3s\u00edt\u00e1s\u00e1ban?<\/strong><\/p>\n<p>Im\u00e1dom a porcel\u00e1nt \u00e9s a keleti eszt\u00e9tik\u00e1t. A v\u00e1zon megjelen\u0151 mot\u00edvumokat gondosan v\u00e1logattuk ki az \u00fcgyf\u00e9l \u00edzl\u00e9se alapj\u00e1n. A bicikli egyfajta meglepet\u00e9s volt sz\u00e1m\u00e1ra, \u00edgy titokban kellett tartanunk. N\u00e9h\u00e1ny t\u00e9ma az Instagram profilja alapj\u00e1n ker\u00fclt be a reperto\u00e1rba, a t\u00f6bbit pedig \u00e9n eg\u00e9sz\u00edtettem ki saj\u00e1t asszoci\u00e1ci\u00f3kkal. Pozit\u00edvum, hogy \u0151 is ugyanakkora porcel\u00e1n-rajong\u00f3, mint \u00e9n. Val\u00f3sz\u00edn\u0171leg ez\u00e9rt v\u00e1lasztottak engem a projekthez. Az \u00fcgyf\u00e9l legjobb bar\u00e1tj\u00e1val sz\u00e1mos Skype vide\u00f3h\u00edv\u00e1son est\u00fcnk \u00e1t miel\u0151tt tal\u00e1lkoztunk volna a pr\u00e1gai st\u00fadi\u00f3mban. A diz\u00e1jn nagyr\u00e9sze Tom Hnida-val egy\u00fctt k\u00e9sz\u00fclt. A k\u00e9sz m\u0171 tartalmazza az \u00fcgyf\u00e9l minden m\u00e9rf\u00f6ldk\u00f6v\u00e9t, mint p\u00e9ld\u00e1ul a gyerekei nev\u00e9t, a hobbijait: az utaz\u00e1st, a fuvol\u00e1z\u00e1st, \u00e9s persze a bicikliz\u00e9st.<\/p>\n<p><strong>Mit sz\u00f3lt hozz\u00e1 az \u00fcgyf\u00e9l?<\/strong><\/p>\n<p>Az elk\u00e9sz\u00fclt bring\u00e1t rep\u00fcl\u0151vel sz\u00e1ll\u00edtott\u00e1k Bangkokba, sz\u00f3val nem l\u00e1thattam szem\u00e9lyesen az els\u0151 reakci\u00f3t. Nem sokkal k\u00e9s\u0151bb azonban, kaptam t\u0151le egy \u00fczenetet, amiben elmondta, hogy hi\u00e1ba van rengeteg egyedi bring\u00e1ja, ez az egyetlen, ami t\u00e9nyleg szem\u00e9lyre szabott. K\u00e9pzelhetitek, mennyire feldobott ez az \u00fczenet!<\/p>\n<p><img loading=\"lazy\" decoding=\"async\" class=\"alignnone size-full wp-image-6522\" src=\"https:\/\/d2p6e6u75xmxt8.cloudfront.net\/12\/2020\/01\/Bacak-Festka.jpg\" alt=\"\" width=\"1055\" height=\"703\" srcset=\"https:\/\/d2p6e6u75xmxt8.cloudfront.net\/12\/2020\/01\/Bacak-Festka.jpg 1055w, https:\/\/d2p6e6u75xmxt8.cloudfront.net\/12\/2020\/01\/Bacak-Festka-300x200.jpg 300w, https:\/\/d2p6e6u75xmxt8.cloudfront.net\/12\/2020\/01\/Bacak-Festka-768x512.jpg 768w, https:\/\/d2p6e6u75xmxt8.cloudfront.net\/12\/2020\/01\/Bacak-Festka-1024x682.jpg 1024w, https:\/\/d2p6e6u75xmxt8.cloudfront.net\/12\/2020\/01\/Bacak-Festka-272x182.jpg 272w\" sizes=\"auto, (max-width: 1055px) 100vw, 1055px\" \/><\/p>\n<p><em>Michal Ba\u010d\u00e1k term\u00e9kdiz\u00e1jn szakon tanult Zl\u00ednben, majd Hollandi\u00e1ban folytatta tanulm\u00e1nyait. Karrierje sor\u00e1n m\u00e1r sz\u00e1mos nagy c\u00e9g kereste fel, legut\u00f3bb p\u00e9ld\u00e1ul a Herm\u00e9s. 2016-ban az \u00e9v illusztr\u00e1tor\u00e1nak v\u00e1lasztott\u00e1k. Itt tal\u00e1lhatod meg a munk\u00e1it: <a href=\"http:\/\/www.michalbacak.com\">www.michalbacak.com<\/a>.<\/em><\/p>\n","protected":false},"excerpt":{"rendered":"<p>A porcel\u00e1ngy\u0171jt\u0151 Suratchaj Chenyavanij sz\u00e1m\u00e1ra k\u00e9sz\u00fclt, Michal Ba\u010d\u00e1k \u00e1ltal d\u00edsz\u00edtett, 24 kar\u00e1tos arannyal \u00e9kes\u00edtett, 31,500 eur\u00f3s Festka Spectre Porcelain karbonsz\u00e1las [&hellip;]<\/p>\n","protected":false},"author":71,"featured_media":6524,"comment_status":"open","ping_status":"open","sticky":false,"template":"","format":"standard","meta":{"footnotes":""},"categories":[12],"tags":[],"global-categories":[],"class_list":["post-6519","post","type-post","status-publish","format-standard","has-post-thumbnail","hentry","category-kozosseg-es-kultura"],"yoast_head":"<!-- This site is optimized with the Yoast SEO Premium plugin v25.3 (Yoast SEO v25.9) - https:\/\/yoast.com\/wordpress\/plugins\/seo\/ -->\n<title>\u00d6ssze mern\u00e9l firk\u00e1lni egy 31,500 eur\u00f3s karbonsz\u00e1las szuperbring\u00e1t? - \u0160koda We Love Cycling - Magyarorsz\u00e1g<\/title>\n<meta name=\"robots\" content=\"index, follow, max-snippet:-1, max-image-preview:large, max-video-preview:-1\" \/>\n<link rel=\"canonical\" href=\"https:\/\/www.welovecycling.com\/hu\/kozosseg-es-kultura\/ossze-mernel-firkalni-egy-31500-euros-karbonszalas-szuperbringat\/\" \/>\n<meta property=\"og:locale\" content=\"hu_HU\" \/>\n<meta property=\"og:type\" content=\"article\" \/>\n<meta property=\"og:title\" content=\"\u00d6ssze mern\u00e9l firk\u00e1lni egy 31,500 eur\u00f3s karbonsz\u00e1las szuperbring\u00e1t?\" \/>\n<meta property=\"og:description\" content=\"A porcel\u00e1ngy\u0171jt\u0151 Suratchaj Chenyavanij sz\u00e1m\u00e1ra k\u00e9sz\u00fclt, Michal Ba\u010d\u00e1k \u00e1ltal d\u00edsz\u00edtett, 24 kar\u00e1tos arannyal \u00e9kes\u00edtett, 31,500 eur\u00f3s Festka Spectre Porcelain karbonsz\u00e1las [&hellip;]\" \/>\n<meta property=\"og:url\" content=\"https:\/\/www.welovecycling.com\/hu\/kozosseg-es-kultura\/ossze-mernel-firkalni-egy-31500-euros-karbonszalas-szuperbringat\/\" \/>\n<meta property=\"og:site_name\" content=\"\u0160koda We Love Cycling - Magyarorsz\u00e1g\" \/>\n<meta property=\"article:publisher\" content=\"https:\/\/www.facebook.com\/WeLoveCyclingHungary\/\" \/>\n<meta property=\"article:published_time\" content=\"2020-01-20T07:00:17+00:00\" \/>\n<meta property=\"og:image\" content=\"https:\/\/d2p6e6u75xmxt8.cloudfront.net\/12\/2020\/01\/Michal-Bacak-Festka-CVR.jpg\" \/>\n\t<meta property=\"og:image:width\" content=\"1366\" \/>\n\t<meta property=\"og:image:height\" content=\"600\" \/>\n\t<meta property=\"og:image:type\" content=\"image\/jpeg\" \/>\n<meta name=\"author\" content=\"hegyizs\" \/>\n<meta name=\"twitter:card\" content=\"summary_large_image\" \/>\n<meta name=\"twitter:label1\" content=\"Written by\" \/>\n\t<meta name=\"twitter:data1\" content=\"Adam Marsal\" \/>\n\t<meta name=\"twitter:label2\" content=\"Est. reading time\" \/>\n\t<meta name=\"twitter:data2\" content=\"7\" \/>\n<script type=\"application\/ld+json\" class=\"yoast-schema-graph\">{\"@context\":\"https:\/\/schema.org\",\"@graph\":[{\"@type\":\"WebPage\",\"@id\":\"https:\/\/www.welovecycling.com\/hu\/kozosseg-es-kultura\/ossze-mernel-firkalni-egy-31500-euros-karbonszalas-szuperbringat\/\",\"url\":\"https:\/\/www.welovecycling.com\/hu\/kozosseg-es-kultura\/ossze-mernel-firkalni-egy-31500-euros-karbonszalas-szuperbringat\/\",\"name\":\"\u00d6ssze mern\u00e9l firk\u00e1lni egy 31,500 eur\u00f3s karbonsz\u00e1las szuperbring\u00e1t? - \u0160koda We Love Cycling - Magyarorsz\u00e1g\",\"isPartOf\":{\"@id\":\"https:\/\/www.welovecycling.com\/hu\/#website\"},\"primaryImageOfPage\":{\"@id\":\"https:\/\/www.welovecycling.com\/hu\/kozosseg-es-kultura\/ossze-mernel-firkalni-egy-31500-euros-karbonszalas-szuperbringat\/#primaryimage\"},\"image\":{\"@id\":\"https:\/\/www.welovecycling.com\/hu\/kozosseg-es-kultura\/ossze-mernel-firkalni-egy-31500-euros-karbonszalas-szuperbringat\/#primaryimage\"},\"thumbnailUrl\":\"https:\/\/d2p6e6u75xmxt8.cloudfront.net\/12\/2020\/01\/Michal-Bacak-Festka-CVR.jpg\",\"datePublished\":\"2020-01-20T07:00:17+00:00\",\"author\":{\"@id\":\"https:\/\/www.welovecycling.com\/hu\/#\/schema\/person\/414a2aebf1801691a5320edb6468e194\"},\"breadcrumb\":{\"@id\":\"https:\/\/www.welovecycling.com\/hu\/kozosseg-es-kultura\/ossze-mernel-firkalni-egy-31500-euros-karbonszalas-szuperbringat\/#breadcrumb\"},\"inLanguage\":\"hu\",\"potentialAction\":[{\"@type\":\"ReadAction\",\"target\":[\"https:\/\/www.welovecycling.com\/hu\/kozosseg-es-kultura\/ossze-mernel-firkalni-egy-31500-euros-karbonszalas-szuperbringat\/\"]}]},{\"@type\":\"ImageObject\",\"inLanguage\":\"hu\",\"@id\":\"https:\/\/www.welovecycling.com\/hu\/kozosseg-es-kultura\/ossze-mernel-firkalni-egy-31500-euros-karbonszalas-szuperbringat\/#primaryimage\",\"url\":\"https:\/\/d2p6e6u75xmxt8.cloudfront.net\/12\/2020\/01\/Michal-Bacak-Festka-CVR.jpg\",\"contentUrl\":\"https:\/\/d2p6e6u75xmxt8.cloudfront.net\/12\/2020\/01\/Michal-Bacak-Festka-CVR.jpg\",\"width\":1366,\"height\":600},{\"@type\":\"BreadcrumbList\",\"@id\":\"https:\/\/www.welovecycling.com\/hu\/kozosseg-es-kultura\/ossze-mernel-firkalni-egy-31500-euros-karbonszalas-szuperbringat\/#breadcrumb\",\"itemListElement\":[{\"@type\":\"ListItem\",\"position\":1,\"name\":\"Home\",\"item\":\"https:\/\/www.welovecycling.com\/hu\/\"},{\"@type\":\"ListItem\",\"position\":2,\"name\":\"\u00d6ssze mern\u00e9l firk\u00e1lni egy 31,500 eur\u00f3s karbonsz\u00e1las szuperbring\u00e1t?\"}]},{\"@type\":\"WebSite\",\"@id\":\"https:\/\/www.welovecycling.com\/hu\/#website\",\"url\":\"https:\/\/www.welovecycling.com\/hu\/\",\"name\":\"\u0160koda We Love Cycling - Magyarorsz\u00e1g\",\"description\":\"\u0160koda WeLoveCycling\",\"potentialAction\":[{\"@type\":\"SearchAction\",\"target\":{\"@type\":\"EntryPoint\",\"urlTemplate\":\"https:\/\/www.welovecycling.com\/hu\/?s={search_term_string}\"},\"query-input\":{\"@type\":\"PropertyValueSpecification\",\"valueRequired\":true,\"valueName\":\"search_term_string\"}}],\"inLanguage\":\"hu\"},{\"@type\":\"Person\",\"@id\":\"https:\/\/www.welovecycling.com\/hu\/#\/schema\/person\/414a2aebf1801691a5320edb6468e194\",\"name\":\"hegyizs\",\"image\":{\"@type\":\"ImageObject\",\"inLanguage\":\"hu\",\"@id\":\"https:\/\/www.welovecycling.com\/hu\/#\/schema\/person\/image\/\",\"url\":\"https:\/\/secure.gravatar.com\/avatar\/02cf8a7906b8cf90cecb4679defac7cfd33a1c2e3b88e4903d947f3bb58eedd3?s=96&d=mm&r=g\",\"contentUrl\":\"https:\/\/secure.gravatar.com\/avatar\/02cf8a7906b8cf90cecb4679defac7cfd33a1c2e3b88e4903d947f3bb58eedd3?s=96&d=mm&r=g\",\"caption\":\"hegyizs\"},\"url\":\"https:\/\/www.welovecycling.com\/hu\/author\/hegyizs\/\"}]}<\/script>\n<!-- \/ Yoast SEO Premium plugin. -->","yoast_head_json":{"title":"\u00d6ssze mern\u00e9l firk\u00e1lni egy 31,500 eur\u00f3s karbonsz\u00e1las szuperbring\u00e1t? - \u0160koda We Love Cycling - Magyarorsz\u00e1g","robots":{"index":"index","follow":"follow","max-snippet":"max-snippet:-1","max-image-preview":"max-image-preview:large","max-video-preview":"max-video-preview:-1"},"canonical":"https:\/\/www.welovecycling.com\/hu\/kozosseg-es-kultura\/ossze-mernel-firkalni-egy-31500-euros-karbonszalas-szuperbringat\/","og_locale":"hu_HU","og_type":"article","og_title":"\u00d6ssze mern\u00e9l firk\u00e1lni egy 31,500 eur\u00f3s karbonsz\u00e1las szuperbring\u00e1t?","og_description":"A porcel\u00e1ngy\u0171jt\u0151 Suratchaj Chenyavanij sz\u00e1m\u00e1ra k\u00e9sz\u00fclt, Michal Ba\u010d\u00e1k \u00e1ltal d\u00edsz\u00edtett, 24 kar\u00e1tos arannyal \u00e9kes\u00edtett, 31,500 eur\u00f3s Festka Spectre Porcelain karbonsz\u00e1las [&hellip;]","og_url":"https:\/\/www.welovecycling.com\/hu\/kozosseg-es-kultura\/ossze-mernel-firkalni-egy-31500-euros-karbonszalas-szuperbringat\/","og_site_name":"\u0160koda We Love Cycling - Magyarorsz\u00e1g","article_publisher":"https:\/\/www.facebook.com\/WeLoveCyclingHungary\/","article_published_time":"2020-01-20T07:00:17+00:00","og_image":[{"width":1366,"height":600,"url":"https:\/\/d2p6e6u75xmxt8.cloudfront.net\/12\/2020\/01\/Michal-Bacak-Festka-CVR.jpg","type":"image\/jpeg"}],"author":"hegyizs","twitter_card":"summary_large_image","twitter_misc":{"Written by":"Adam Marsal","Est. reading time":"7"},"schema":{"@context":"https:\/\/schema.org","@graph":[{"@type":"WebPage","@id":"https:\/\/www.welovecycling.com\/hu\/kozosseg-es-kultura\/ossze-mernel-firkalni-egy-31500-euros-karbonszalas-szuperbringat\/","url":"https:\/\/www.welovecycling.com\/hu\/kozosseg-es-kultura\/ossze-mernel-firkalni-egy-31500-euros-karbonszalas-szuperbringat\/","name":"\u00d6ssze mern\u00e9l firk\u00e1lni egy 31,500 eur\u00f3s karbonsz\u00e1las szuperbring\u00e1t? - \u0160koda We Love Cycling - Magyarorsz\u00e1g","isPartOf":{"@id":"https:\/\/www.welovecycling.com\/hu\/#website"},"primaryImageOfPage":{"@id":"https:\/\/www.welovecycling.com\/hu\/kozosseg-es-kultura\/ossze-mernel-firkalni-egy-31500-euros-karbonszalas-szuperbringat\/#primaryimage"},"image":{"@id":"https:\/\/www.welovecycling.com\/hu\/kozosseg-es-kultura\/ossze-mernel-firkalni-egy-31500-euros-karbonszalas-szuperbringat\/#primaryimage"},"thumbnailUrl":"https:\/\/d2p6e6u75xmxt8.cloudfront.net\/12\/2020\/01\/Michal-Bacak-Festka-CVR.jpg","datePublished":"2020-01-20T07:00:17+00:00","author":{"@id":"https:\/\/www.welovecycling.com\/hu\/#\/schema\/person\/414a2aebf1801691a5320edb6468e194"},"breadcrumb":{"@id":"https:\/\/www.welovecycling.com\/hu\/kozosseg-es-kultura\/ossze-mernel-firkalni-egy-31500-euros-karbonszalas-szuperbringat\/#breadcrumb"},"inLanguage":"hu","potentialAction":[{"@type":"ReadAction","target":["https:\/\/www.welovecycling.com\/hu\/kozosseg-es-kultura\/ossze-mernel-firkalni-egy-31500-euros-karbonszalas-szuperbringat\/"]}]},{"@type":"ImageObject","inLanguage":"hu","@id":"https:\/\/www.welovecycling.com\/hu\/kozosseg-es-kultura\/ossze-mernel-firkalni-egy-31500-euros-karbonszalas-szuperbringat\/#primaryimage","url":"https:\/\/d2p6e6u75xmxt8.cloudfront.net\/12\/2020\/01\/Michal-Bacak-Festka-CVR.jpg","contentUrl":"https:\/\/d2p6e6u75xmxt8.cloudfront.net\/12\/2020\/01\/Michal-Bacak-Festka-CVR.jpg","width":1366,"height":600},{"@type":"BreadcrumbList","@id":"https:\/\/www.welovecycling.com\/hu\/kozosseg-es-kultura\/ossze-mernel-firkalni-egy-31500-euros-karbonszalas-szuperbringat\/#breadcrumb","itemListElement":[{"@type":"ListItem","position":1,"name":"Home","item":"https:\/\/www.welovecycling.com\/hu\/"},{"@type":"ListItem","position":2,"name":"\u00d6ssze mern\u00e9l firk\u00e1lni egy 31,500 eur\u00f3s karbonsz\u00e1las szuperbring\u00e1t?"}]},{"@type":"WebSite","@id":"https:\/\/www.welovecycling.com\/hu\/#website","url":"https:\/\/www.welovecycling.com\/hu\/","name":"\u0160koda We Love Cycling - Magyarorsz\u00e1g","description":"\u0160koda WeLoveCycling","potentialAction":[{"@type":"SearchAction","target":{"@type":"EntryPoint","urlTemplate":"https:\/\/www.welovecycling.com\/hu\/?s={search_term_string}"},"query-input":{"@type":"PropertyValueSpecification","valueRequired":true,"valueName":"search_term_string"}}],"inLanguage":"hu"},{"@type":"Person","@id":"https:\/\/www.welovecycling.com\/hu\/#\/schema\/person\/414a2aebf1801691a5320edb6468e194","name":"hegyizs","image":{"@type":"ImageObject","inLanguage":"hu","@id":"https:\/\/www.welovecycling.com\/hu\/#\/schema\/person\/image\/","url":"https:\/\/secure.gravatar.com\/avatar\/02cf8a7906b8cf90cecb4679defac7cfd33a1c2e3b88e4903d947f3bb58eedd3?s=96&d=mm&r=g","contentUrl":"https:\/\/secure.gravatar.com\/avatar\/02cf8a7906b8cf90cecb4679defac7cfd33a1c2e3b88e4903d947f3bb58eedd3?s=96&d=mm&r=g","caption":"hegyizs"},"url":"https:\/\/www.welovecycling.com\/hu\/author\/hegyizs\/"}]}},"_links":{"self":[{"href":"https:\/\/www.welovecycling.com\/hu\/wp-json\/wp\/v2\/posts\/6519","targetHints":{"allow":["GET"]}}],"collection":[{"href":"https:\/\/www.welovecycling.com\/hu\/wp-json\/wp\/v2\/posts"}],"about":[{"href":"https:\/\/www.welovecycling.com\/hu\/wp-json\/wp\/v2\/types\/post"}],"author":[{"embeddable":true,"href":"https:\/\/www.welovecycling.com\/hu\/wp-json\/wp\/v2\/users\/71"}],"replies":[{"embeddable":true,"href":"https:\/\/www.welovecycling.com\/hu\/wp-json\/wp\/v2\/comments?post=6519"}],"version-history":[{"count":2,"href":"https:\/\/www.welovecycling.com\/hu\/wp-json\/wp\/v2\/posts\/6519\/revisions"}],"predecessor-version":[{"id":6549,"href":"https:\/\/www.welovecycling.com\/hu\/wp-json\/wp\/v2\/posts\/6519\/revisions\/6549"}],"wp:featuredmedia":[{"embeddable":true,"href":"https:\/\/www.welovecycling.com\/hu\/wp-json\/wp\/v2\/media\/6524"}],"wp:attachment":[{"href":"https:\/\/www.welovecycling.com\/hu\/wp-json\/wp\/v2\/media?parent=6519"}],"wp:term":[{"taxonomy":"category","embeddable":true,"href":"https:\/\/www.welovecycling.com\/hu\/wp-json\/wp\/v2\/categories?post=6519"},{"taxonomy":"post_tag","embeddable":true,"href":"https:\/\/www.welovecycling.com\/hu\/wp-json\/wp\/v2\/tags?post=6519"},{"taxonomy":"global-categories","embeddable":true,"href":"https:\/\/www.welovecycling.com\/hu\/wp-json\/wp\/v2\/global-categories?post=6519"}],"curies":[{"name":"wp","href":"https:\/\/api.w.org\/{rel}","templated":true}]}}