{"id":6496,"date":"2020-01-21T08:00:47","date_gmt":"2020-01-21T07:00:47","guid":{"rendered":"https:\/\/www.welovecycling.com\/hu\/?p=6496"},"modified":"2020-01-17T15:51:26","modified_gmt":"2020-01-17T14:51:26","slug":"japan-az-emberek-az-utak-es-a-biciklizes-muveszete","status":"publish","type":"post","link":"https:\/\/www.welovecycling.com\/hu\/kozosseg-es-kultura\/japan-az-emberek-az-utak-es-a-biciklizes-muveszete\/","title":{"rendered":"Jap\u00e1n, az emberek, az utak \u00e9s a bicikliz\u00e9s m\u0171v\u00e9szete"},"content":{"rendered":"<p><strong>Ez az a fajta ker\u00e9kp\u00e1roz\u00e1s, amire eg\u00e9sz \u00e9let\u00fcnkben v\u00e1gyunk.<\/strong><!--more--><\/p>\n<p>Egy edo-i po\u00e9t\u00e1t k\u00f6vet\u00fcnk, hogy \u00e1t\u00e9lj\u00fck, amit \u0151: 1684-ben Matsu Bash\u014d, a legnagyobb haiku mester, elindult otthon\u00e1b\u00f3l, hogy felfedezze a vil\u00e1got. Depresszi\u00f3san, mag\u00e1nyosan indult \u00fatnak \u00e9s arra v\u00e1rt, hogy a k\u00f6z\u00e9pkori k\u00f6r\u00fclm\u00e9nyekbe hamar belehal. Ehelyett idegenekkel bar\u00e1tkozott \u00f6ssze, mag\u00e1hoz \u00f6lelte a k\u00fclvil\u00e1got \u00e9s meg\u00fajulva t\u00e9rt haza. A befel\u00e9 fordul\u00f3 k\u00f6lt\u0151t nyitott\u00e1 \u00e9s befogad\u00f3v\u00e1 tette a jap\u00e1n vid\u00e9k.<\/p>\n<p>A mi t\u00f6rt\u00e9net\u00fcnk enn\u00e9l kicsit pr\u00f3zaibb el\u0151zm\u00e9nyekre vezet vissza: Joe Cruz \u00e9s Chris Burati n\u00e9h\u00e1ny s\u00f6r \u00e9s egy met\u00e1l show mellett besz\u00e9lgettek a nagy biciklit\u00far\u00e1kr\u00f3l. Jap\u00e1n \u00f6tlete Chris fej\u00e9ben fogant meg. Annak idej\u00e9n jap\u00e1n irodalmat tanult, \u00e9s Bash\u014d utaz\u00e1sa \u00e9s k\u00f6lt\u00e9szete m\u00e9ly nyomott hagyott benne. Joe, a tapasztaltabb bring\u00e1s kijel\u00f6lte az \u00fatvonalat: 800 m\u00e9rf\u00f6ld Toki\u00f3t\u00f3l \u2013 Bash\u014d idej\u00e9n m\u00e9g Edonak h\u00edvt\u00e1k\u00a0 &#8211; Hiroshim\u00e1ig, a k\u00f6z\u00e9pkori k\u00f6lt\u0151 nyom\u00e1ban j\u00e1rva. Bryan Banducci \u00e9s a fot\u00f3s Parker Feierbach is csatlakozott hozz\u00e1juk: nekik k\u00f6sz\u00f6nhetj\u00fck, hogy elmes\u00e9lhetj\u00fck a t\u00f6rt\u00e9netet. Bryan Banducci besz\u00e1mol\u00f3ja k\u00f6vetkezik.<\/p>\n<p>H\u00faszkil\u00f3s h\u00e1tizs\u00e1kokkal kelt\u00fcnk \u00e1t a hegyeken, a legt\u00f6bb \u00e9jszak\u00e1t pedig ott t\u00f6lt\u00f6tt\u00fck, ahol \u00e9ppen \u00e9rt minket: mez\u0151k\u00f6n, erd\u0151kben, parkokban kempingezve. Meg\u00e1lltunk f\u00fcrd\u0151kben, hogy felt\u00f6lt\u0151dj\u00fcnk, \u00e9s visszamosolyogjunk a helyiekre. Att\u00f3l a pillanatt\u00f3l fogva, hogy Bash\u014d megl\u00e1tta maga el\u0151tt Jap\u00e1nt, nem tudott m\u00e1sfel\u00e9 n\u00e9zni. Az utunk v\u00e9g\u00e9re m\u00e1r mi sem akartunk.<\/p>\n<figure id=\"attachment_6500\" aria-describedby=\"caption-attachment-6500\" style=\"width: 768px\" class=\"wp-caption aligncenter\"><img loading=\"lazy\" decoding=\"async\" class=\"size-full wp-image-6500\" src=\"https:\/\/d2p6e6u75xmxt8.cloudfront.net\/12\/2020\/01\/wlc_japan_02.jpg\" alt=\"\" width=\"768\" height=\"432\" srcset=\"https:\/\/d2p6e6u75xmxt8.cloudfront.net\/12\/2020\/01\/wlc_japan_02.jpg 768w, https:\/\/d2p6e6u75xmxt8.cloudfront.net\/12\/2020\/01\/wlc_japan_02-300x169.jpg 300w\" sizes=\"auto, (max-width: 768px) 100vw, 768px\" \/><figcaption id=\"caption-attachment-6500\" class=\"wp-caption-text\">Bryan Banducci &amp; Parker Feierbach<\/figcaption><\/figure>\n<h3><strong>Az utak<\/strong><\/h3>\n<p>Jap\u00e1n t\u00f6r\u0151dik az utakkal, mindegyikkel. A legt\u00f6bb t\u00e1voli r\u00e9gi\u00f3, amit bej\u00e1rtunk j\u00f3 min\u0151s\u00e9g\u0171, egyenletes utakkal volt \u00e1tsz\u0151ve. Mindent\u0151l t\u00e1vol voltunk, de mindig volt a l\u00e1bunk alatt frissen betonozott \u00fat.<\/p>\n<p><img loading=\"lazy\" decoding=\"async\" class=\"aligncenter size-full wp-image-6501\" src=\"https:\/\/d2p6e6u75xmxt8.cloudfront.net\/12\/2020\/01\/wlc_japan_03.jpg\" alt=\"\" width=\"768\" height=\"512\" srcset=\"https:\/\/d2p6e6u75xmxt8.cloudfront.net\/12\/2020\/01\/wlc_japan_03.jpg 768w, https:\/\/d2p6e6u75xmxt8.cloudfront.net\/12\/2020\/01\/wlc_japan_03-300x200.jpg 300w, https:\/\/d2p6e6u75xmxt8.cloudfront.net\/12\/2020\/01\/wlc_japan_03-272x182.jpg 272w\" sizes=\"auto, (max-width: 768px) 100vw, 768px\" \/><\/p>\n<figure id=\"attachment_6502\" aria-describedby=\"caption-attachment-6502\" style=\"width: 768px\" class=\"wp-caption aligncenter\"><img loading=\"lazy\" decoding=\"async\" class=\"size-full wp-image-6502\" src=\"https:\/\/d2p6e6u75xmxt8.cloudfront.net\/12\/2020\/01\/wlc_japan_04.jpg\" alt=\"\" width=\"768\" height=\"432\" srcset=\"https:\/\/d2p6e6u75xmxt8.cloudfront.net\/12\/2020\/01\/wlc_japan_04.jpg 768w, https:\/\/d2p6e6u75xmxt8.cloudfront.net\/12\/2020\/01\/wlc_japan_04-300x169.jpg 300w\" sizes=\"auto, (max-width: 768px) 100vw, 768px\" \/><figcaption id=\"caption-attachment-6502\" class=\"wp-caption-text\">Bryan Banducci &amp; Parker Feierbach<\/figcaption><\/figure>\n<h3><em>\u00a0<\/em><strong>A Fuji<\/strong><\/h3>\n<p>Toki\u00f3b\u00f3l vonattal \u00e9rkezt\u00fcnk meg Fujiyoshid\u00e1ba, a Fuji l\u00e1b\u00e1n\u00e1l fekv\u0151 v\u00e1rosba, ahol elkezd\u0151d\u00f6tt az utunk. A k\u00f6telez\u0151 jelleg\u0171 k\u00e1v\u00e9- \u00e9s palacsintabeszerz\u0151 kit\u00e9r\u0151 ut\u00e1n elindultunk. A m\u00e1sz\u00e1s a v\u00e1ros csendes utc\u00e1in kezd\u0151d\u00f6tt, p\u00e1r kilom\u00e9ter alatt pedig a lehet\u0151 legjobban levetk\u0151zt\u00fcnk a hatalmas p\u00e1ratartalom \u00e9s a forr\u00f3s\u00e1g miatt. A legalacsonyabb sebess\u00e9gfokozatban is alig tudtuk tekerni megpakolt bring\u00e1inkat, de az erd\u0151n \u00e1t vezet\u0151 \u00fat csod\u00e1latos l\u00e1tv\u00e1nnyal kecsegtetett: v\u00f6lgyek \u00e9s tavak a Fuji alatt. Hogy elker\u00fclj\u00fck a turistabuszokat \u00e9s az aut\u00f3kat, amit a legt\u00f6bb bring\u00e1s seg\u00edts\u00e9g\u00fcl h\u00edv, \u00e1tm\u00e1sztunk egy ker\u00edt\u00e9sen, figyelmen k\u00edv\u00fcl hagyva a t\u00far\u00e1z\u00f3k aggodalmaskod\u00e1s\u00e1t, \u00e9s egy \u00f6sv\u00e9nyen feltekert\u00fcnk a legmagasabb el\u00e9rhet\u0151 pontra. A c\u00e9lhoz k\u00f6zeledve a talaj porr\u00e1 \u00e9s vulk\u00e1ni hamuv\u00e1 v\u00e1lt.\u00a0 H\u00e1rom \u00f3r\u00e1val k\u00e9s\u0151bb el\u00e9rt\u00fck a Fujisankomitake Shrine-t b\u00fcszk\u00e9n, izzadtan, \u00e9s imm\u00e1r f\u00e1zva. M\u00e9g volt h\u00e1tra 9 \u00f3ra teker\u00e9s miel\u0151tt felverhett\u00fck volna s\u00e1trainkat egy park sz\u00e9l\u00e9n, de el\u0151sz\u00f6r r\u00e9tegesen fel\u00f6lt\u00f6zk\u00f6dt\u00fcnk, megszisszentett\u00fcnk egy-egy doboz k\u00f3l\u00e1t \u00e9s leb\u00e1multunk az 1300 m\u00e9teres magass\u00e1gb\u00f3l a csendes, szinte aut\u00f3mentes \u00fatra.<\/p>\n<figure id=\"attachment_6503\" aria-describedby=\"caption-attachment-6503\" style=\"width: 768px\" class=\"wp-caption aligncenter\"><img loading=\"lazy\" decoding=\"async\" class=\"size-full wp-image-6503\" src=\"https:\/\/d2p6e6u75xmxt8.cloudfront.net\/12\/2020\/01\/wlc_japan_05.jpg\" alt=\"\" width=\"768\" height=\"512\" srcset=\"https:\/\/d2p6e6u75xmxt8.cloudfront.net\/12\/2020\/01\/wlc_japan_05.jpg 768w, https:\/\/d2p6e6u75xmxt8.cloudfront.net\/12\/2020\/01\/wlc_japan_05-300x200.jpg 300w, https:\/\/d2p6e6u75xmxt8.cloudfront.net\/12\/2020\/01\/wlc_japan_05-272x182.jpg 272w\" sizes=\"auto, (max-width: 768px) 100vw, 768px\" \/><figcaption id=\"caption-attachment-6503\" class=\"wp-caption-text\">Bryan Banducci &amp; Parker Feierbach<\/figcaption><\/figure>\n<h3><strong>A legjobb felt\u00f6lt\u0151-\u00e1llom\u00e1sok<\/strong><\/h3>\n<p>A jap\u00e1n k\u00e9nyelmi \u00fczletek, a <em>konbinik<\/em>, a kulin\u00e1ris \u00e9lvezetek netov\u00e1bbjai. Az el\u0151re csomagolt \u00e9telek sz\u00e9les v\u00e1laszt\u00e9k\u00e1t egy h\u00e9tig tudod enni. Ezt is tett\u00fck.<\/p>\n<figure id=\"attachment_6504\" aria-describedby=\"caption-attachment-6504\" style=\"width: 424px\" class=\"wp-caption aligncenter\"><img loading=\"lazy\" decoding=\"async\" class=\"size-full wp-image-6504\" src=\"https:\/\/d2p6e6u75xmxt8.cloudfront.net\/12\/2020\/01\/wlc_japan_06.jpg\" alt=\"\" width=\"424\" height=\"282\" srcset=\"https:\/\/d2p6e6u75xmxt8.cloudfront.net\/12\/2020\/01\/wlc_japan_06.jpg 424w, https:\/\/d2p6e6u75xmxt8.cloudfront.net\/12\/2020\/01\/wlc_japan_06-300x200.jpg 300w, https:\/\/d2p6e6u75xmxt8.cloudfront.net\/12\/2020\/01\/wlc_japan_06-272x182.jpg 272w\" sizes=\"auto, (max-width: 424px) 100vw, 424px\" \/><figcaption id=\"caption-attachment-6504\" class=\"wp-caption-text\">Pocari Sweat: k\u00f6nnyebb, mint a legt\u00f6bb sportital, \u00e9s nagyon friss\u00edt\u0151<\/figcaption><\/figure>\n<p><em>\u00a0<\/em><\/p>\n<figure id=\"attachment_6505\" aria-describedby=\"caption-attachment-6505\" style=\"width: 480px\" class=\"wp-caption aligncenter\"><img loading=\"lazy\" decoding=\"async\" class=\"size-full wp-image-6505\" src=\"https:\/\/d2p6e6u75xmxt8.cloudfront.net\/12\/2020\/01\/wlc_japan_07.jpg\" alt=\"\" width=\"480\" height=\"321\" srcset=\"https:\/\/d2p6e6u75xmxt8.cloudfront.net\/12\/2020\/01\/wlc_japan_07.jpg 480w, https:\/\/d2p6e6u75xmxt8.cloudfront.net\/12\/2020\/01\/wlc_japan_07-300x201.jpg 300w, https:\/\/d2p6e6u75xmxt8.cloudfront.net\/12\/2020\/01\/wlc_japan_07-272x182.jpg 272w\" sizes=\"auto, (max-width: 480px) 100vw, 480px\" \/><figcaption id=\"caption-attachment-6505\" class=\"wp-caption-text\">Boss Black: Dobozos jegesk\u00e1v\u00e9 csepegtetett eszpressz\u00f3val<\/figcaption><\/figure>\n<figure id=\"attachment_6506\" aria-describedby=\"caption-attachment-6506\" style=\"width: 448px\" class=\"wp-caption aligncenter\"><img loading=\"lazy\" decoding=\"async\" class=\"size-full wp-image-6506\" src=\"https:\/\/d2p6e6u75xmxt8.cloudfront.net\/12\/2020\/01\/wlc_japan_08.jpg\" alt=\"\" width=\"448\" height=\"298\" srcset=\"https:\/\/d2p6e6u75xmxt8.cloudfront.net\/12\/2020\/01\/wlc_japan_08.jpg 448w, https:\/\/d2p6e6u75xmxt8.cloudfront.net\/12\/2020\/01\/wlc_japan_08-300x200.jpg 300w, https:\/\/d2p6e6u75xmxt8.cloudfront.net\/12\/2020\/01\/wlc_japan_08-272x182.jpg 272w\" sizes=\"auto, (max-width: 448px) 100vw, 448px\" \/><figcaption id=\"caption-attachment-6506\" class=\"wp-caption-text\">Dorayak: Palacsinta-szendvics. Im\u00e1dtuk a vajjal \u00e9s sziruppal t\u00f6lt\u00f6tteket!<\/figcaption><\/figure>\n<figure id=\"attachment_6507\" aria-describedby=\"caption-attachment-6507\" style=\"width: 480px\" class=\"wp-caption aligncenter\"><img loading=\"lazy\" decoding=\"async\" class=\"size-full wp-image-6507\" src=\"https:\/\/d2p6e6u75xmxt8.cloudfront.net\/12\/2020\/01\/wlc_japan_09.jpg\" alt=\"\" width=\"480\" height=\"320\" srcset=\"https:\/\/d2p6e6u75xmxt8.cloudfront.net\/12\/2020\/01\/wlc_japan_09.jpg 480w, https:\/\/d2p6e6u75xmxt8.cloudfront.net\/12\/2020\/01\/wlc_japan_09-300x200.jpg 300w, https:\/\/d2p6e6u75xmxt8.cloudfront.net\/12\/2020\/01\/wlc_japan_09-272x182.jpg 272w\" sizes=\"auto, (max-width: 480px) 100vw, 480px\" \/><figcaption id=\"caption-attachment-6507\" class=\"wp-caption-text\">Onigiri: Rizsgoly\u00f3, a k\u00f6zep\u00e9n savanyk\u00e1s t\u00f6ltel\u00e9kkel. Keress toj\u00e1sosat!<\/figcaption><\/figure>\n<figure id=\"attachment_6508\" aria-describedby=\"caption-attachment-6508\" style=\"width: 480px\" class=\"wp-caption aligncenter\"><img loading=\"lazy\" decoding=\"async\" class=\"size-full wp-image-6508\" src=\"https:\/\/d2p6e6u75xmxt8.cloudfront.net\/12\/2020\/01\/wlc_japan_10.jpg\" alt=\"\" width=\"480\" height=\"320\" srcset=\"https:\/\/d2p6e6u75xmxt8.cloudfront.net\/12\/2020\/01\/wlc_japan_10.jpg 480w, https:\/\/d2p6e6u75xmxt8.cloudfront.net\/12\/2020\/01\/wlc_japan_10-300x200.jpg 300w, https:\/\/d2p6e6u75xmxt8.cloudfront.net\/12\/2020\/01\/wlc_japan_10-272x182.jpg 272w\" sizes=\"auto, (max-width: 480px) 100vw, 480px\" \/><figcaption id=\"caption-attachment-6508\" class=\"wp-caption-text\">Sushi: Jap\u00e1nban a benzinkutas sushi egy val\u00f3s fogalom<\/figcaption><\/figure>\n<figure id=\"attachment_6509\" aria-describedby=\"caption-attachment-6509\" style=\"width: 768px\" class=\"wp-caption aligncenter\"><img loading=\"lazy\" decoding=\"async\" class=\"size-full wp-image-6509\" src=\"https:\/\/d2p6e6u75xmxt8.cloudfront.net\/12\/2020\/01\/wlc_japan_11.jpg\" alt=\"\" width=\"768\" height=\"512\" srcset=\"https:\/\/d2p6e6u75xmxt8.cloudfront.net\/12\/2020\/01\/wlc_japan_11.jpg 768w, https:\/\/d2p6e6u75xmxt8.cloudfront.net\/12\/2020\/01\/wlc_japan_11-300x200.jpg 300w, https:\/\/d2p6e6u75xmxt8.cloudfront.net\/12\/2020\/01\/wlc_japan_11-272x182.jpg 272w\" sizes=\"auto, (max-width: 768px) 100vw, 768px\" \/><figcaption id=\"caption-attachment-6509\" class=\"wp-caption-text\">Joe Cruz<\/figcaption><\/figure>\n<figure id=\"attachment_6510\" aria-describedby=\"caption-attachment-6510\" style=\"width: 768px\" class=\"wp-caption aligncenter\"><img loading=\"lazy\" decoding=\"async\" class=\"size-full wp-image-6510\" src=\"https:\/\/d2p6e6u75xmxt8.cloudfront.net\/12\/2020\/01\/wlc_japan_12.jpg\" alt=\"\" width=\"768\" height=\"512\" srcset=\"https:\/\/d2p6e6u75xmxt8.cloudfront.net\/12\/2020\/01\/wlc_japan_12.jpg 768w, https:\/\/d2p6e6u75xmxt8.cloudfront.net\/12\/2020\/01\/wlc_japan_12-300x200.jpg 300w, https:\/\/d2p6e6u75xmxt8.cloudfront.net\/12\/2020\/01\/wlc_japan_12-272x182.jpg 272w\" sizes=\"auto, (max-width: 768px) 100vw, 768px\" \/><figcaption id=\"caption-attachment-6510\" class=\"wp-caption-text\">Bryan Banducci &amp; Parker Feierbach<\/figcaption><\/figure>\n<h3><strong>A vend\u00e9gszeretet<\/strong><\/h3>\n<p>A kedvess\u00e9g \u00e9s melegs\u00e9g amivel tal\u00e1lkoztunk le\u00edrhatatlan. Ak\u00e1rmikor elment\u00fcnk valaki mellett, csengett\u00fcnk \u00e9s \u201eohayo\u201d-val k\u00f6sz\u00f6nt\u00fcnk neki, mindenki viszonozta az \u00fcdv\u00f6zl\u00e9st. A helyiek, akikkel izzadtan, koszosan, de mosolyogva \u00e1lltunk le besz\u00e9lgetni, a leveg\u0151t kapkodt\u00e1k, amikor hallottak hossz\u00fa utunkr\u00f3l. Egy helyi k\u00e9zm\u0171ves te\u00e1t \u00e9s helyet k\u00edn\u00e1lt fel nek\u00fcnk a k\u00e1lyha mellett, hogy felmelegedj\u00fcnk. Egy apr\u00f3 ramen-\u00fczlet tulajdonosai s\u00f6rrel \u00e9s szak\u00e9val l\u00e1ttak el minket. Egy ker\u00e9kp\u00e1ros \u00fczlet pedig alkatr\u00e9szeket hozott nek\u00fcnk aut\u00f3val, amikor sz\u00fcks\u00e9g\u00fcnk volt r\u00e1.<\/p>\n<figure id=\"attachment_6511\" aria-describedby=\"caption-attachment-6511\" style=\"width: 576px\" class=\"wp-caption aligncenter\"><img loading=\"lazy\" decoding=\"async\" class=\"wp-image-6511 size-large\" src=\"https:\/\/d2p6e6u75xmxt8.cloudfront.net\/12\/2020\/01\/wlc_japan_13-576x1024.jpg\" alt=\"\" width=\"576\" height=\"1024\" srcset=\"https:\/\/d2p6e6u75xmxt8.cloudfront.net\/12\/2020\/01\/wlc_japan_13-576x1024.jpg 576w, https:\/\/d2p6e6u75xmxt8.cloudfront.net\/12\/2020\/01\/wlc_japan_13-169x300.jpg 169w, https:\/\/d2p6e6u75xmxt8.cloudfront.net\/12\/2020\/01\/wlc_japan_13.jpg 768w\" sizes=\"auto, (max-width: 576px) 100vw, 576px\" \/><figcaption id=\"caption-attachment-6511\" class=\"wp-caption-text\">Bryan Banducci &amp; Parker Feierbach<\/figcaption><\/figure>\n<p>\u00c9s ott volt Humi. Humi szolg\u00e1lt ki minket, amikor a Jap\u00e1n Alpokon \u00e1ttekerve bet\u00e9rt\u00fcnk egy \u00e9tterembe. Elmagyar\u00e1zta az eg\u00e9sz men\u00fct, amit pedig nem tudott angolul elmondani, azt kihozta. K\u00e9rdezett az utunkr\u00f3l \u00e9s elmes\u00e9lte a saj\u00e1t t\u00f6rt\u00e9net\u00e9t \u2013 Kobe v\u00e1ros\u00e1ban n\u0151tt fel, de elk\u00f6lt\u00f6z\u00f6tt a hegyek \u00e9s a szabad \u00e9g al\u00e1. A hivatalos, meglep\u0151en szomor\u00fa b\u00facs\u00faz\u00e1s ut\u00e1n, azt mondtam, m\u00e9g visszat\u00e9r\u00fcnk egyszer. \u00d6r\u00f6m\u00e9ben felugrott. Elolvadt a sz\u00edv\u00fcnk.<\/p>\n<h3><strong>Tokusima prefekt\u00fara<\/strong><\/h3>\n<p>A Shikuku sziget keleti r\u00e9sze, f\u0151leg a Tokusima prefekt\u00fara csod\u00e1latos, eldugott \u00e9s csipk\u00e9s. A kilencedik napon elindultunk felfel\u00e9 \u00e9s egyszer csak a felh\u0151k felett tal\u00e1ltuk magunkat. Az \u00fat alig volt aut\u00f3nyi sz\u00e9les, k\u00f6r\u00fcl\u00f6tte pedig z\u00f6ldell\u0151, vadreg\u00e9nyes t\u00e1j ter\u00fclt el.<\/p>\n<p>K\u00f6vetkez\u0151 nap visszat\u00e9rt\u00fcnk Tsurugisan-be, hogy folytassuk utunkat nyugat fel\u00e9. Esni kezdett \u00e9s \u00fagy t\u0171nt, soha nem is fog abbamaradni. Ism\u00e9t felm\u00e1sztunk a felh\u0151k magass\u00e1g\u00e1ba \u00e9s leny\u0171g\u00f6z\u0151 utat tett\u00fcnk meg a hegyekr\u0151l leg\u00f6rd\u00fcl\u0151 k\u0151t\u00f6mb\u00f6ket ker\u00fclgetve. Az orrunkig sem l\u00e1ttunk. K\u00f6d\u00f6s volt \u00e9s hideg \u00e9s szeles \u00e9s gy\u00f6ny\u00f6r\u0171 \u00e9s ijeszt\u0151 egyszerre. A cs\u00facsra \u00e9rve megpihent\u00fcnk egy v\u00e9dett helyen, hogy ell\u0151j\u00fck a po\u00e9nokat, amiket az \u00e1zott, kimer\u00fclt emberek el szoktak l\u0151ni: \u201eNem lenne j\u00f3, ha a k\u00f6vetkez\u0151 kanyarban lenne egy \u00e9tterem?\u201d K\u00e9t perccel k\u00e9s\u0151bb, m\u00e1r benne \u00fclt\u00fcnk. Forr\u00f3 te\u00e1t, noodlest \u00e9s s\u00f6rt fogyasztottunk, \u00e9s v\u00e9g\u00fcl az egyik \u00fcres szob\u00e1ban aludtunk.<\/p>\n<figure id=\"attachment_6512\" aria-describedby=\"caption-attachment-6512\" style=\"width: 768px\" class=\"wp-caption aligncenter\"><img loading=\"lazy\" decoding=\"async\" class=\"size-full wp-image-6512\" src=\"https:\/\/d2p6e6u75xmxt8.cloudfront.net\/12\/2020\/01\/wlc_japan_14.jpg\" alt=\"\" width=\"768\" height=\"432\" srcset=\"https:\/\/d2p6e6u75xmxt8.cloudfront.net\/12\/2020\/01\/wlc_japan_14.jpg 768w, https:\/\/d2p6e6u75xmxt8.cloudfront.net\/12\/2020\/01\/wlc_japan_14-300x169.jpg 300w\" sizes=\"auto, (max-width: 768px) 100vw, 768px\" \/><figcaption id=\"caption-attachment-6512\" class=\"wp-caption-text\">Bryan Banducci &amp; Parker Feierbach<\/figcaption><\/figure>\n<h3><strong>A j\u00f6v\u0151re n\u00e9zve<\/strong><\/h3>\n<p>Sokszor eszembe jutott, milyen j\u00f3 lenne egy k\u00f6nnyebb bicikli. De egy magasabb szint\u0171 pakol\u00e1si m\u00f3dszert is ki kellene pr\u00f3b\u00e1lni, amikor csak \u00e9telt viszel, \u00e9s teljesen szabad vagy.<\/p>\n<figure id=\"attachment_6513\" aria-describedby=\"caption-attachment-6513\" style=\"width: 683px\" class=\"wp-caption aligncenter\"><img loading=\"lazy\" decoding=\"async\" class=\"size-large wp-image-6513\" src=\"https:\/\/d2p6e6u75xmxt8.cloudfront.net\/12\/2020\/01\/wlc_japan_15-683x1024.jpg\" alt=\"\" width=\"683\" height=\"1024\" srcset=\"https:\/\/d2p6e6u75xmxt8.cloudfront.net\/12\/2020\/01\/wlc_japan_15-683x1024.jpg 683w, https:\/\/d2p6e6u75xmxt8.cloudfront.net\/12\/2020\/01\/wlc_japan_15-200x300.jpg 200w, https:\/\/d2p6e6u75xmxt8.cloudfront.net\/12\/2020\/01\/wlc_japan_15.jpg 768w\" sizes=\"auto, (max-width: 683px) 100vw, 683px\" \/><figcaption id=\"caption-attachment-6513\" class=\"wp-caption-text\">Bryan Banducci &amp; Parker Feierbach<\/figcaption><\/figure>\n<p>Megpr\u00f3b\u00e1ltunk a lehet\u0151 legt\u00f6bb l\u00e1tnival\u00f3t megl\u00e1togatni, ami sok ped\u00e1loz\u00e1st \u00e9s alkudoz\u00e1st ig\u00e9nyelt. A k\u00f6vetkez\u0151 t\u00far\u00e1n sokkal jobban f\u00f3kusz\u00e1ln\u00e9k a r\u00e9gi\u00f3kra, k\u00f6rbetekern\u00e9k egy-egy ter\u00fcleten, hogy jobban megismerjem, ahelyett, hogy csak \u00e1thaladok rajta. \u00c9s persze, ism\u00e9t megl\u00e1togatn\u00e1m Humit. Jap\u00e1n megtan\u00edtotta, hogy biciklin olyan dolgokat l\u00e1thatok, \u00e9s olyan emberekkel tal\u00e1lkozhatok, amit el sem tudok k\u00e9pzelni. Ez az a fajta ker\u00e9kp\u00e1roz\u00e1s, amit eg\u00e9sz \u00e9letemben tudn\u00e9k csin\u00e1lni.<\/p>\n<p><em>Forr\u00e1s: <\/em><a href=\"https:\/\/www.bicycling.com\/rides\/a29817448\/cycling-japan-poetry\/\"><em>www.bicycling.com<\/em><\/a><\/p>\n","protected":false},"excerpt":{"rendered":"<p>Ez az a fajta ker\u00e9kp\u00e1roz\u00e1s, amire eg\u00e9sz \u00e9let\u00fcnkben v\u00e1gyunk.<\/p>\n","protected":false},"author":71,"featured_media":6499,"comment_status":"open","ping_status":"open","sticky":false,"template":"","format":"standard","meta":{"footnotes":""},"categories":[12],"tags":[],"global-categories":[],"class_list":["post-6496","post","type-post","status-publish","format-standard","has-post-thumbnail","hentry","category-kozosseg-es-kultura"],"yoast_head":"<!-- This site is optimized with the Yoast SEO Premium plugin v25.3 (Yoast SEO v25.9) - https:\/\/yoast.com\/wordpress\/plugins\/seo\/ -->\n<title>Jap\u00e1n, az emberek, az utak \u00e9s a bicikliz\u00e9s m\u0171v\u00e9szete - \u0160koda We Love Cycling - Magyarorsz\u00e1g<\/title>\n<meta name=\"robots\" content=\"index, follow, max-snippet:-1, max-image-preview:large, max-video-preview:-1\" \/>\n<link rel=\"canonical\" href=\"https:\/\/www.welovecycling.com\/hu\/kozosseg-es-kultura\/japan-az-emberek-az-utak-es-a-biciklizes-muveszete\/\" \/>\n<meta property=\"og:locale\" content=\"hu_HU\" \/>\n<meta property=\"og:type\" content=\"article\" \/>\n<meta property=\"og:title\" content=\"Jap\u00e1n, az emberek, az utak \u00e9s a bicikliz\u00e9s m\u0171v\u00e9szete\" \/>\n<meta property=\"og:description\" content=\"Ez az a fajta ker\u00e9kp\u00e1roz\u00e1s, amire eg\u00e9sz \u00e9let\u00fcnkben v\u00e1gyunk.\" \/>\n<meta property=\"og:url\" content=\"https:\/\/www.welovecycling.com\/hu\/kozosseg-es-kultura\/japan-az-emberek-az-utak-es-a-biciklizes-muveszete\/\" \/>\n<meta property=\"og:site_name\" content=\"\u0160koda We Love Cycling - Magyarorsz\u00e1g\" \/>\n<meta property=\"article:publisher\" content=\"https:\/\/www.facebook.com\/WeLoveCyclingHungary\/\" \/>\n<meta property=\"article:published_time\" content=\"2020-01-21T07:00:47+00:00\" \/>\n<meta property=\"og:image\" content=\"https:\/\/d2p6e6u75xmxt8.cloudfront.net\/12\/2020\/01\/wlc_japan_01.jpg\" \/>\n\t<meta property=\"og:image:width\" content=\"1880\" \/>\n\t<meta property=\"og:image:height\" content=\"1253\" \/>\n\t<meta property=\"og:image:type\" content=\"image\/jpeg\" \/>\n<meta name=\"author\" content=\"hegyizs\" \/>\n<meta name=\"twitter:card\" content=\"summary_large_image\" \/>\n<meta name=\"twitter:label1\" content=\"Written by\" \/>\n\t<meta name=\"twitter:data1\" content=\"WLC\" \/>\n\t<meta name=\"twitter:label2\" content=\"Est. reading time\" \/>\n\t<meta name=\"twitter:data2\" content=\"7 minutes\" \/>\n<script type=\"application\/ld+json\" class=\"yoast-schema-graph\">{\"@context\":\"https:\/\/schema.org\",\"@graph\":[{\"@type\":\"WebPage\",\"@id\":\"https:\/\/www.welovecycling.com\/hu\/kozosseg-es-kultura\/japan-az-emberek-az-utak-es-a-biciklizes-muveszete\/\",\"url\":\"https:\/\/www.welovecycling.com\/hu\/kozosseg-es-kultura\/japan-az-emberek-az-utak-es-a-biciklizes-muveszete\/\",\"name\":\"Jap\u00e1n, az emberek, az utak \u00e9s a bicikliz\u00e9s m\u0171v\u00e9szete - \u0160koda We Love Cycling - Magyarorsz\u00e1g\",\"isPartOf\":{\"@id\":\"https:\/\/www.welovecycling.com\/hu\/#website\"},\"primaryImageOfPage\":{\"@id\":\"https:\/\/www.welovecycling.com\/hu\/kozosseg-es-kultura\/japan-az-emberek-az-utak-es-a-biciklizes-muveszete\/#primaryimage\"},\"image\":{\"@id\":\"https:\/\/www.welovecycling.com\/hu\/kozosseg-es-kultura\/japan-az-emberek-az-utak-es-a-biciklizes-muveszete\/#primaryimage\"},\"thumbnailUrl\":\"https:\/\/d2p6e6u75xmxt8.cloudfront.net\/12\/2020\/01\/wlc_japan_01.jpg\",\"datePublished\":\"2020-01-21T07:00:47+00:00\",\"author\":{\"@id\":\"https:\/\/www.welovecycling.com\/hu\/#\/schema\/person\/414a2aebf1801691a5320edb6468e194\"},\"breadcrumb\":{\"@id\":\"https:\/\/www.welovecycling.com\/hu\/kozosseg-es-kultura\/japan-az-emberek-az-utak-es-a-biciklizes-muveszete\/#breadcrumb\"},\"inLanguage\":\"hu\",\"potentialAction\":[{\"@type\":\"ReadAction\",\"target\":[\"https:\/\/www.welovecycling.com\/hu\/kozosseg-es-kultura\/japan-az-emberek-az-utak-es-a-biciklizes-muveszete\/\"]}]},{\"@type\":\"ImageObject\",\"inLanguage\":\"hu\",\"@id\":\"https:\/\/www.welovecycling.com\/hu\/kozosseg-es-kultura\/japan-az-emberek-az-utak-es-a-biciklizes-muveszete\/#primaryimage\",\"url\":\"https:\/\/d2p6e6u75xmxt8.cloudfront.net\/12\/2020\/01\/wlc_japan_01.jpg\",\"contentUrl\":\"https:\/\/d2p6e6u75xmxt8.cloudfront.net\/12\/2020\/01\/wlc_japan_01.jpg\",\"width\":1880,\"height\":1253},{\"@type\":\"BreadcrumbList\",\"@id\":\"https:\/\/www.welovecycling.com\/hu\/kozosseg-es-kultura\/japan-az-emberek-az-utak-es-a-biciklizes-muveszete\/#breadcrumb\",\"itemListElement\":[{\"@type\":\"ListItem\",\"position\":1,\"name\":\"Home\",\"item\":\"https:\/\/www.welovecycling.com\/hu\/\"},{\"@type\":\"ListItem\",\"position\":2,\"name\":\"Jap\u00e1n, az emberek, az utak \u00e9s a bicikliz\u00e9s m\u0171v\u00e9szete\"}]},{\"@type\":\"WebSite\",\"@id\":\"https:\/\/www.welovecycling.com\/hu\/#website\",\"url\":\"https:\/\/www.welovecycling.com\/hu\/\",\"name\":\"\u0160koda We Love Cycling - Magyarorsz\u00e1g\",\"description\":\"\u0160koda WeLoveCycling\",\"potentialAction\":[{\"@type\":\"SearchAction\",\"target\":{\"@type\":\"EntryPoint\",\"urlTemplate\":\"https:\/\/www.welovecycling.com\/hu\/?s={search_term_string}\"},\"query-input\":{\"@type\":\"PropertyValueSpecification\",\"valueRequired\":true,\"valueName\":\"search_term_string\"}}],\"inLanguage\":\"hu\"},{\"@type\":\"Person\",\"@id\":\"https:\/\/www.welovecycling.com\/hu\/#\/schema\/person\/414a2aebf1801691a5320edb6468e194\",\"name\":\"hegyizs\",\"image\":{\"@type\":\"ImageObject\",\"inLanguage\":\"hu\",\"@id\":\"https:\/\/www.welovecycling.com\/hu\/#\/schema\/person\/image\/\",\"url\":\"https:\/\/secure.gravatar.com\/avatar\/02cf8a7906b8cf90cecb4679defac7cfd33a1c2e3b88e4903d947f3bb58eedd3?s=96&d=mm&r=g\",\"contentUrl\":\"https:\/\/secure.gravatar.com\/avatar\/02cf8a7906b8cf90cecb4679defac7cfd33a1c2e3b88e4903d947f3bb58eedd3?s=96&d=mm&r=g\",\"caption\":\"hegyizs\"},\"url\":\"https:\/\/www.welovecycling.com\/hu\/author\/hegyizs\/\"}]}<\/script>\n<!-- \/ Yoast SEO Premium plugin. -->","yoast_head_json":{"title":"Jap\u00e1n, az emberek, az utak \u00e9s a bicikliz\u00e9s m\u0171v\u00e9szete - \u0160koda We Love Cycling - Magyarorsz\u00e1g","robots":{"index":"index","follow":"follow","max-snippet":"max-snippet:-1","max-image-preview":"max-image-preview:large","max-video-preview":"max-video-preview:-1"},"canonical":"https:\/\/www.welovecycling.com\/hu\/kozosseg-es-kultura\/japan-az-emberek-az-utak-es-a-biciklizes-muveszete\/","og_locale":"hu_HU","og_type":"article","og_title":"Jap\u00e1n, az emberek, az utak \u00e9s a bicikliz\u00e9s m\u0171v\u00e9szete","og_description":"Ez az a fajta ker\u00e9kp\u00e1roz\u00e1s, amire eg\u00e9sz \u00e9let\u00fcnkben v\u00e1gyunk.","og_url":"https:\/\/www.welovecycling.com\/hu\/kozosseg-es-kultura\/japan-az-emberek-az-utak-es-a-biciklizes-muveszete\/","og_site_name":"\u0160koda We Love Cycling - Magyarorsz\u00e1g","article_publisher":"https:\/\/www.facebook.com\/WeLoveCyclingHungary\/","article_published_time":"2020-01-21T07:00:47+00:00","og_image":[{"width":1880,"height":1253,"url":"https:\/\/d2p6e6u75xmxt8.cloudfront.net\/12\/2020\/01\/wlc_japan_01.jpg","type":"image\/jpeg"}],"author":"hegyizs","twitter_card":"summary_large_image","twitter_misc":{"Written by":"WLC","Est. reading time":"7 minutes"},"schema":{"@context":"https:\/\/schema.org","@graph":[{"@type":"WebPage","@id":"https:\/\/www.welovecycling.com\/hu\/kozosseg-es-kultura\/japan-az-emberek-az-utak-es-a-biciklizes-muveszete\/","url":"https:\/\/www.welovecycling.com\/hu\/kozosseg-es-kultura\/japan-az-emberek-az-utak-es-a-biciklizes-muveszete\/","name":"Jap\u00e1n, az emberek, az utak \u00e9s a bicikliz\u00e9s m\u0171v\u00e9szete - \u0160koda We Love Cycling - Magyarorsz\u00e1g","isPartOf":{"@id":"https:\/\/www.welovecycling.com\/hu\/#website"},"primaryImageOfPage":{"@id":"https:\/\/www.welovecycling.com\/hu\/kozosseg-es-kultura\/japan-az-emberek-az-utak-es-a-biciklizes-muveszete\/#primaryimage"},"image":{"@id":"https:\/\/www.welovecycling.com\/hu\/kozosseg-es-kultura\/japan-az-emberek-az-utak-es-a-biciklizes-muveszete\/#primaryimage"},"thumbnailUrl":"https:\/\/d2p6e6u75xmxt8.cloudfront.net\/12\/2020\/01\/wlc_japan_01.jpg","datePublished":"2020-01-21T07:00:47+00:00","author":{"@id":"https:\/\/www.welovecycling.com\/hu\/#\/schema\/person\/414a2aebf1801691a5320edb6468e194"},"breadcrumb":{"@id":"https:\/\/www.welovecycling.com\/hu\/kozosseg-es-kultura\/japan-az-emberek-az-utak-es-a-biciklizes-muveszete\/#breadcrumb"},"inLanguage":"hu","potentialAction":[{"@type":"ReadAction","target":["https:\/\/www.welovecycling.com\/hu\/kozosseg-es-kultura\/japan-az-emberek-az-utak-es-a-biciklizes-muveszete\/"]}]},{"@type":"ImageObject","inLanguage":"hu","@id":"https:\/\/www.welovecycling.com\/hu\/kozosseg-es-kultura\/japan-az-emberek-az-utak-es-a-biciklizes-muveszete\/#primaryimage","url":"https:\/\/d2p6e6u75xmxt8.cloudfront.net\/12\/2020\/01\/wlc_japan_01.jpg","contentUrl":"https:\/\/d2p6e6u75xmxt8.cloudfront.net\/12\/2020\/01\/wlc_japan_01.jpg","width":1880,"height":1253},{"@type":"BreadcrumbList","@id":"https:\/\/www.welovecycling.com\/hu\/kozosseg-es-kultura\/japan-az-emberek-az-utak-es-a-biciklizes-muveszete\/#breadcrumb","itemListElement":[{"@type":"ListItem","position":1,"name":"Home","item":"https:\/\/www.welovecycling.com\/hu\/"},{"@type":"ListItem","position":2,"name":"Jap\u00e1n, az emberek, az utak \u00e9s a bicikliz\u00e9s m\u0171v\u00e9szete"}]},{"@type":"WebSite","@id":"https:\/\/www.welovecycling.com\/hu\/#website","url":"https:\/\/www.welovecycling.com\/hu\/","name":"\u0160koda We Love Cycling - Magyarorsz\u00e1g","description":"\u0160koda WeLoveCycling","potentialAction":[{"@type":"SearchAction","target":{"@type":"EntryPoint","urlTemplate":"https:\/\/www.welovecycling.com\/hu\/?s={search_term_string}"},"query-input":{"@type":"PropertyValueSpecification","valueRequired":true,"valueName":"search_term_string"}}],"inLanguage":"hu"},{"@type":"Person","@id":"https:\/\/www.welovecycling.com\/hu\/#\/schema\/person\/414a2aebf1801691a5320edb6468e194","name":"hegyizs","image":{"@type":"ImageObject","inLanguage":"hu","@id":"https:\/\/www.welovecycling.com\/hu\/#\/schema\/person\/image\/","url":"https:\/\/secure.gravatar.com\/avatar\/02cf8a7906b8cf90cecb4679defac7cfd33a1c2e3b88e4903d947f3bb58eedd3?s=96&d=mm&r=g","contentUrl":"https:\/\/secure.gravatar.com\/avatar\/02cf8a7906b8cf90cecb4679defac7cfd33a1c2e3b88e4903d947f3bb58eedd3?s=96&d=mm&r=g","caption":"hegyizs"},"url":"https:\/\/www.welovecycling.com\/hu\/author\/hegyizs\/"}]}},"_links":{"self":[{"href":"https:\/\/www.welovecycling.com\/hu\/wp-json\/wp\/v2\/posts\/6496","targetHints":{"allow":["GET"]}}],"collection":[{"href":"https:\/\/www.welovecycling.com\/hu\/wp-json\/wp\/v2\/posts"}],"about":[{"href":"https:\/\/www.welovecycling.com\/hu\/wp-json\/wp\/v2\/types\/post"}],"author":[{"embeddable":true,"href":"https:\/\/www.welovecycling.com\/hu\/wp-json\/wp\/v2\/users\/71"}],"replies":[{"embeddable":true,"href":"https:\/\/www.welovecycling.com\/hu\/wp-json\/wp\/v2\/comments?post=6496"}],"version-history":[{"count":2,"href":"https:\/\/www.welovecycling.com\/hu\/wp-json\/wp\/v2\/posts\/6496\/revisions"}],"predecessor-version":[{"id":6516,"href":"https:\/\/www.welovecycling.com\/hu\/wp-json\/wp\/v2\/posts\/6496\/revisions\/6516"}],"wp:featuredmedia":[{"embeddable":true,"href":"https:\/\/www.welovecycling.com\/hu\/wp-json\/wp\/v2\/media\/6499"}],"wp:attachment":[{"href":"https:\/\/www.welovecycling.com\/hu\/wp-json\/wp\/v2\/media?parent=6496"}],"wp:term":[{"taxonomy":"category","embeddable":true,"href":"https:\/\/www.welovecycling.com\/hu\/wp-json\/wp\/v2\/categories?post=6496"},{"taxonomy":"post_tag","embeddable":true,"href":"https:\/\/www.welovecycling.com\/hu\/wp-json\/wp\/v2\/tags?post=6496"},{"taxonomy":"global-categories","embeddable":true,"href":"https:\/\/www.welovecycling.com\/hu\/wp-json\/wp\/v2\/global-categories?post=6496"}],"curies":[{"name":"wp","href":"https:\/\/api.w.org\/{rel}","templated":true}]}}