{"id":6475,"date":"2020-01-19T08:00:51","date_gmt":"2020-01-19T07:00:51","guid":{"rendered":"https:\/\/www.welovecycling.com\/hu\/?p=6475"},"modified":"2020-01-13T15:52:13","modified_gmt":"2020-01-13T14:52:13","slug":"biciklis-oltozet-a-leghidegebb-honapokra","status":"publish","type":"post","link":"https:\/\/www.welovecycling.com\/hu\/varosi-kerekparozas\/biciklis-oltozet-a-leghidegebb-honapokra\/","title":{"rendered":"Biciklis \u00f6lt\u00f6zet a leghidegebb h\u00f3napokra"},"content":{"rendered":"<p><strong>Menj biztosra, ha a megfelel\u0151 \u00f6lt\u00f6zk\u00f6d\u00e9sr\u0151l van sz\u00f3 az \u00e9v leghidegebb id\u0151szak\u00e1ban, mert egy betegs\u00e9g ak\u00e1r hetekre is elv\u00e1laszthat a nyeregt\u0151l!<\/strong><\/p>\n<p><!--more--><\/p>\n<p>Rengeteg okot tudn\u00e1nk felsorolni, hogy mi\u00e9rt biciklizz t\u00e9len is. Nem vesz\u00edted el a fitts\u00e9ged, nem vesztegelsz a dug\u00f3ban \u00e9s ledolgozod az \u00fcnnepek alatt elfogyasztott kal\u00f3ri\u00e1kat. A t\u00e9li gumi a biciklin alapfelszerel\u00e9s, hiszen jobb tapad\u00e1st ny\u00fajt, ellen\u00e1ll a nedvess\u00e9gnek \u00e9s stabilit\u00e1st biztost. A kulcs ahhoz, hogy a fagy be\u00e1llta ut\u00e1n is a bring\u00e1don maradj a meleg, technik\u00e1s \u00f6lt\u00f6zet. A nagy\u00e1ruh\u00e1zakban, p\u00e9ld\u00e1ul a Decathlonban is tal\u00e1lsz olyan darabokat, amikre sz\u00fcks\u00e9ged lehet, j\u00f3 \u00e1ron.<\/p>\n<figure id=\"attachment_6476\" aria-describedby=\"caption-attachment-6476\" style=\"width: 1800px\" class=\"wp-caption alignnone\"><img loading=\"lazy\" decoding=\"async\" class=\"wp-image-6476 size-full\" src=\"https:\/\/d2p6e6u75xmxt8.cloudfront.net\/12\/2020\/01\/profimedia-0310344947.jpg\" alt=\"\" width=\"1800\" height=\"904\" srcset=\"https:\/\/d2p6e6u75xmxt8.cloudfront.net\/12\/2020\/01\/profimedia-0310344947.jpg 1800w, https:\/\/d2p6e6u75xmxt8.cloudfront.net\/12\/2020\/01\/profimedia-0310344947-300x151.jpg 300w, https:\/\/d2p6e6u75xmxt8.cloudfront.net\/12\/2020\/01\/profimedia-0310344947-768x386.jpg 768w, https:\/\/d2p6e6u75xmxt8.cloudfront.net\/12\/2020\/01\/profimedia-0310344947-1024x514.jpg 1024w\" sizes=\"auto, (max-width: 1800px) 100vw, 1800px\" \/><figcaption id=\"caption-attachment-6476\" class=\"wp-caption-text\">Biciklisek Londonban. \u00a9 BEN STANSALL \/ AFP \/ Profimedia<\/figcaption><\/figure>\n<h2><strong>A f\u0151 r\u00e9teg<\/strong><\/h2>\n<p>A t\u00e9li bicikliz\u00e9s olyan fels\u0151ruh\u00e1zatot ig\u00e9nyel, ami j\u00f3l szell\u0151zik, h\u00e1tul hosszabban kiv\u00e1gott, \u00e9s hossz\u00fa ujjai vannak. Ahhoz, hogy sz\u00e1raz maradj elengedhetetlen a v\u00edz- vagy nedvess\u00e9g\u00e1ll\u00f3 fel\u00fclet. A meghosszabb\u00edtott h\u00e1ts\u00f3 kiv\u00e1g\u00e1s megakad\u00e1lyozza, hogy az izzads\u00e1gt\u00f3l \u00e1tnedvesedjen a h\u00e1tad, a hossz\u00fa ujjaknak pedig akkor is el kell \u00e9rni\u00fck a csukl\u00f3dig, amikor kiny\u00fajtod a karod. A j\u00f3l szell\u0151z\u0151 anyag biztos\u00edtja, hogy ne f\u0151jj meg a ruha alatt a saj\u00e1t izzads\u00e1godban, ami egy k\u00f6nnyebb szakaszon j\u00e9gdarabb\u00e1 fagyasztana. A k\u00e9tir\u00e1ny\u00fa zipz\u00e1rok lehet\u0151v\u00e9 teszi, hogy alul k\u00f6nny\u00edts a ruh\u00e1zaton an\u00e9lk\u00fcl, hogy le kelljen venned a kab\u00e1tod. Hideg \u00e9s sz\u00e1raz id\u0151ben a softshell kab\u00e1tok a legjobbak. Melegen tartanak, de j\u00f3l szell\u0151znek.<\/p>\n<h2><strong>V\u00e9dd a fejed<\/strong><\/h2>\n<p>Ha tekert\u00e9l m\u00e1r fagypont k\u00f6r\u00fcli id\u0151ben, tiszt\u00e1ban vagy vele, hogy a fej milyen k\u00f6nnyen kih\u0171l, r\u00e1ad\u00e1sul a mozg\u00e1s sem meleg\u00edti fel. Egy v\u00e9kony sapka, ami bef\u00e9r a sisak al\u00e1 megoldja a probl\u00e9m\u00e1t, de legyen n\u00e1lad s\u00edmaszk, arra az esetre, ha nem b\u00edrn\u00e1d m\u00e1r a hideget!<\/p>\n<figure id=\"attachment_6477\" aria-describedby=\"caption-attachment-6477\" style=\"width: 1250px\" class=\"wp-caption alignnone\"><img loading=\"lazy\" decoding=\"async\" class=\"wp-image-6477 size-full\" src=\"https:\/\/d2p6e6u75xmxt8.cloudfront.net\/12\/2020\/01\/profimedia-0214926175.jpg\" alt=\"\" width=\"1250\" height=\"833\" srcset=\"https:\/\/d2p6e6u75xmxt8.cloudfront.net\/12\/2020\/01\/profimedia-0214926175.jpg 1250w, https:\/\/d2p6e6u75xmxt8.cloudfront.net\/12\/2020\/01\/profimedia-0214926175-300x200.jpg 300w, https:\/\/d2p6e6u75xmxt8.cloudfront.net\/12\/2020\/01\/profimedia-0214926175-768x512.jpg 768w, https:\/\/d2p6e6u75xmxt8.cloudfront.net\/12\/2020\/01\/profimedia-0214926175-1024x682.jpg 1024w, https:\/\/d2p6e6u75xmxt8.cloudfront.net\/12\/2020\/01\/profimedia-0214926175-272x182.jpg 272w\" sizes=\"auto, (max-width: 1250px) 100vw, 1250px\" \/><figcaption id=\"caption-attachment-6477\" class=\"wp-caption-text\">Egy n\u0151i ing\u00e1z\u00f3 Paddingtonban, 2015 janu\u00e1rj\u00e1ban. \u00a9 TW Photo Images \/ Alamy \/ Alamy \/ Profimedia<\/figcaption><\/figure>\n<h2><strong>L\u00e1bbeli<\/strong><\/h2>\n<p>Mindegy, mit veszel fel, a l\u00e1bad biztosan f\u00e1zni fog egy hossz\u00fa, t\u00e9li t\u00far\u00e1n. Egy id\u0151 ut\u00e1n m\u00e1r nem is fogod \u00e9rezni. A gyapj\u00fazokni seg\u00edthet, de nem t\u00fal sok\u00e1ig, ha pedig t\u00fal sok zoknit veszel fel, elszor\u00edtod a v\u00e9rkering\u00e9sed, \u00e9s v\u00e9g\u00fcl lefagy majd a l\u00e1bad. H\u00fcvelykujjszab\u00e1ly: ha a tested melegen tartod, a v\u00e9gtagjaid sem h\u0171lnek ki, ez\u00e9rt az els\u0151 l\u00e9p\u00e9s a fels\u0151ruh\u00e1zat beszerz\u00e9se. Egy t\u00e9li cip\u0151nek t\u00f6k\u00e9letesen kell illeszkednie. Ha szor\u00edt vagy k\u00e9nyelmetlen szobah\u0151m\u00e9rs\u00e9kleten, sokkal rosszabb lesz odakint! Ez\u00e9rt hordanak sokan MTB cip\u0151t orsz\u00e1g\u00faton is: k\u00e9nyelmes \u00e9s t\u00e1gas, r\u00e1ad\u00e1sul a stoplik a gyalogl\u00e1st is seg\u00edtik. A magassz\u00e1r\u00fa l\u00e1bbelikbe jobban be tudod t\u0171rni a nadr\u00e1got \u00e9s a l\u00e1bmeleg\u00edt\u0151t \u00e9s kisebb es\u00e9llyel folyik bele a felcsap\u00f3d\u00f3 v\u00edz.<\/p>\n<h2><strong>Kezek<\/strong><\/h2>\n<p>New Yorkban sok ker\u00e9kp\u00e1ros haszn\u00e1l m\u0171anyag bev\u00e1s\u00e1l\u00f3szatyrokat, hogy megv\u00e9dj\u00e9k a kez\u00fcket a nedvess\u00e9gt\u0151l, de ez nem a legpraktikusabb felszerel\u00e9s. Azonban t\u00e9nyleg fontos, hogy sz\u00e1razon tartsd a kezed, ha k\u00e9nyelmesen akarsz tekerni. A v\u00edz\u00e1ll\u00f3 keszty\u0171ket aj\u00e1nljuk, de nem a legpufibbakat a biztons\u00e1g \u00e9rdek\u00e9ben.<\/p>\n","protected":false},"excerpt":{"rendered":"<p>Menj biztosra, ha a megfelel\u0151 \u00f6lt\u00f6zk\u00f6d\u00e9sr\u0151l van sz\u00f3 az \u00e9v leghidegebb id\u0151szak\u00e1ban, mert egy betegs\u00e9g ak\u00e1r hetekre is elv\u00e1laszthat a [&hellip;]<\/p>\n","protected":false},"author":71,"featured_media":6479,"comment_status":"open","ping_status":"open","sticky":false,"template":"","format":"standard","meta":{"footnotes":""},"categories":[9],"tags":[],"global-categories":[],"class_list":["post-6475","post","type-post","status-publish","format-standard","has-post-thumbnail","hentry","category-varosi-kerekparozas"],"yoast_head":"<!-- This site is optimized with the Yoast SEO Premium plugin v25.3 (Yoast SEO v25.9) - https:\/\/yoast.com\/wordpress\/plugins\/seo\/ -->\n<title>Biciklis \u00f6lt\u00f6zet a leghidegebb h\u00f3napokra - \u0160koda We Love Cycling - Magyarorsz\u00e1g<\/title>\n<meta name=\"robots\" content=\"index, follow, max-snippet:-1, max-image-preview:large, max-video-preview:-1\" \/>\n<link rel=\"canonical\" href=\"https:\/\/www.welovecycling.com\/hu\/varosi-kerekparozas\/biciklis-oltozet-a-leghidegebb-honapokra\/\" \/>\n<meta property=\"og:locale\" content=\"hu_HU\" \/>\n<meta property=\"og:type\" content=\"article\" \/>\n<meta property=\"og:title\" content=\"Biciklis \u00f6lt\u00f6zet a leghidegebb h\u00f3napokra\" \/>\n<meta property=\"og:description\" content=\"Menj biztosra, ha a megfelel\u0151 \u00f6lt\u00f6zk\u00f6d\u00e9sr\u0151l van sz\u00f3 az \u00e9v leghidegebb id\u0151szak\u00e1ban, mert egy betegs\u00e9g ak\u00e1r hetekre is elv\u00e1laszthat a [&hellip;]\" \/>\n<meta property=\"og:url\" content=\"https:\/\/www.welovecycling.com\/hu\/varosi-kerekparozas\/biciklis-oltozet-a-leghidegebb-honapokra\/\" \/>\n<meta property=\"og:site_name\" content=\"\u0160koda We Love Cycling - Magyarorsz\u00e1g\" \/>\n<meta property=\"article:publisher\" content=\"https:\/\/www.facebook.com\/WeLoveCyclingHungary\/\" \/>\n<meta property=\"article:published_time\" content=\"2020-01-19T07:00:51+00:00\" \/>\n<meta property=\"og:image\" content=\"https:\/\/d2p6e6u75xmxt8.cloudfront.net\/12\/2020\/01\/Winter-Cycling-CVR-profimedia-0274771683.jpg\" \/>\n\t<meta property=\"og:image:width\" content=\"1366\" \/>\n\t<meta property=\"og:image:height\" content=\"600\" \/>\n\t<meta property=\"og:image:type\" content=\"image\/jpeg\" \/>\n<meta name=\"author\" content=\"hegyizs\" \/>\n<meta name=\"twitter:card\" content=\"summary_large_image\" \/>\n<meta name=\"twitter:label1\" content=\"Written by\" \/>\n\t<meta name=\"twitter:data1\" content=\"Adam Marsal\" \/>\n\t<meta name=\"twitter:label2\" content=\"Est. reading time\" \/>\n\t<meta name=\"twitter:data2\" content=\"7\" \/>\n<script type=\"application\/ld+json\" class=\"yoast-schema-graph\">{\"@context\":\"https:\/\/schema.org\",\"@graph\":[{\"@type\":\"WebPage\",\"@id\":\"https:\/\/www.welovecycling.com\/hu\/varosi-kerekparozas\/biciklis-oltozet-a-leghidegebb-honapokra\/\",\"url\":\"https:\/\/www.welovecycling.com\/hu\/varosi-kerekparozas\/biciklis-oltozet-a-leghidegebb-honapokra\/\",\"name\":\"Biciklis \u00f6lt\u00f6zet a leghidegebb h\u00f3napokra - \u0160koda We Love Cycling - Magyarorsz\u00e1g\",\"isPartOf\":{\"@id\":\"https:\/\/www.welovecycling.com\/hu\/#website\"},\"primaryImageOfPage\":{\"@id\":\"https:\/\/www.welovecycling.com\/hu\/varosi-kerekparozas\/biciklis-oltozet-a-leghidegebb-honapokra\/#primaryimage\"},\"image\":{\"@id\":\"https:\/\/www.welovecycling.com\/hu\/varosi-kerekparozas\/biciklis-oltozet-a-leghidegebb-honapokra\/#primaryimage\"},\"thumbnailUrl\":\"https:\/\/d2p6e6u75xmxt8.cloudfront.net\/12\/2020\/01\/Winter-Cycling-CVR-profimedia-0274771683.jpg\",\"datePublished\":\"2020-01-19T07:00:51+00:00\",\"author\":{\"@id\":\"https:\/\/www.welovecycling.com\/hu\/#\/schema\/person\/414a2aebf1801691a5320edb6468e194\"},\"breadcrumb\":{\"@id\":\"https:\/\/www.welovecycling.com\/hu\/varosi-kerekparozas\/biciklis-oltozet-a-leghidegebb-honapokra\/#breadcrumb\"},\"inLanguage\":\"hu\",\"potentialAction\":[{\"@type\":\"ReadAction\",\"target\":[\"https:\/\/www.welovecycling.com\/hu\/varosi-kerekparozas\/biciklis-oltozet-a-leghidegebb-honapokra\/\"]}]},{\"@type\":\"ImageObject\",\"inLanguage\":\"hu\",\"@id\":\"https:\/\/www.welovecycling.com\/hu\/varosi-kerekparozas\/biciklis-oltozet-a-leghidegebb-honapokra\/#primaryimage\",\"url\":\"https:\/\/d2p6e6u75xmxt8.cloudfront.net\/12\/2020\/01\/Winter-Cycling-CVR-profimedia-0274771683.jpg\",\"contentUrl\":\"https:\/\/d2p6e6u75xmxt8.cloudfront.net\/12\/2020\/01\/Winter-Cycling-CVR-profimedia-0274771683.jpg\",\"width\":1366,\"height\":600},{\"@type\":\"BreadcrumbList\",\"@id\":\"https:\/\/www.welovecycling.com\/hu\/varosi-kerekparozas\/biciklis-oltozet-a-leghidegebb-honapokra\/#breadcrumb\",\"itemListElement\":[{\"@type\":\"ListItem\",\"position\":1,\"name\":\"Home\",\"item\":\"https:\/\/www.welovecycling.com\/hu\/\"},{\"@type\":\"ListItem\",\"position\":2,\"name\":\"Biciklis \u00f6lt\u00f6zet a leghidegebb h\u00f3napokra\"}]},{\"@type\":\"WebSite\",\"@id\":\"https:\/\/www.welovecycling.com\/hu\/#website\",\"url\":\"https:\/\/www.welovecycling.com\/hu\/\",\"name\":\"\u0160koda We Love Cycling - Magyarorsz\u00e1g\",\"description\":\"\u0160koda WeLoveCycling\",\"potentialAction\":[{\"@type\":\"SearchAction\",\"target\":{\"@type\":\"EntryPoint\",\"urlTemplate\":\"https:\/\/www.welovecycling.com\/hu\/?s={search_term_string}\"},\"query-input\":{\"@type\":\"PropertyValueSpecification\",\"valueRequired\":true,\"valueName\":\"search_term_string\"}}],\"inLanguage\":\"hu\"},{\"@type\":\"Person\",\"@id\":\"https:\/\/www.welovecycling.com\/hu\/#\/schema\/person\/414a2aebf1801691a5320edb6468e194\",\"name\":\"hegyizs\",\"image\":{\"@type\":\"ImageObject\",\"inLanguage\":\"hu\",\"@id\":\"https:\/\/www.welovecycling.com\/hu\/#\/schema\/person\/image\/\",\"url\":\"https:\/\/secure.gravatar.com\/avatar\/02cf8a7906b8cf90cecb4679defac7cfd33a1c2e3b88e4903d947f3bb58eedd3?s=96&d=mm&r=g\",\"contentUrl\":\"https:\/\/secure.gravatar.com\/avatar\/02cf8a7906b8cf90cecb4679defac7cfd33a1c2e3b88e4903d947f3bb58eedd3?s=96&d=mm&r=g\",\"caption\":\"hegyizs\"},\"url\":\"https:\/\/www.welovecycling.com\/hu\/author\/hegyizs\/\"}]}<\/script>\n<!-- \/ Yoast SEO Premium plugin. -->","yoast_head_json":{"title":"Biciklis \u00f6lt\u00f6zet a leghidegebb h\u00f3napokra - \u0160koda We Love Cycling - Magyarorsz\u00e1g","robots":{"index":"index","follow":"follow","max-snippet":"max-snippet:-1","max-image-preview":"max-image-preview:large","max-video-preview":"max-video-preview:-1"},"canonical":"https:\/\/www.welovecycling.com\/hu\/varosi-kerekparozas\/biciklis-oltozet-a-leghidegebb-honapokra\/","og_locale":"hu_HU","og_type":"article","og_title":"Biciklis \u00f6lt\u00f6zet a leghidegebb h\u00f3napokra","og_description":"Menj biztosra, ha a megfelel\u0151 \u00f6lt\u00f6zk\u00f6d\u00e9sr\u0151l van sz\u00f3 az \u00e9v leghidegebb id\u0151szak\u00e1ban, mert egy betegs\u00e9g ak\u00e1r hetekre is elv\u00e1laszthat a [&hellip;]","og_url":"https:\/\/www.welovecycling.com\/hu\/varosi-kerekparozas\/biciklis-oltozet-a-leghidegebb-honapokra\/","og_site_name":"\u0160koda We Love Cycling - Magyarorsz\u00e1g","article_publisher":"https:\/\/www.facebook.com\/WeLoveCyclingHungary\/","article_published_time":"2020-01-19T07:00:51+00:00","og_image":[{"width":1366,"height":600,"url":"https:\/\/d2p6e6u75xmxt8.cloudfront.net\/12\/2020\/01\/Winter-Cycling-CVR-profimedia-0274771683.jpg","type":"image\/jpeg"}],"author":"hegyizs","twitter_card":"summary_large_image","twitter_misc":{"Written by":"Adam Marsal","Est. reading time":"7"},"schema":{"@context":"https:\/\/schema.org","@graph":[{"@type":"WebPage","@id":"https:\/\/www.welovecycling.com\/hu\/varosi-kerekparozas\/biciklis-oltozet-a-leghidegebb-honapokra\/","url":"https:\/\/www.welovecycling.com\/hu\/varosi-kerekparozas\/biciklis-oltozet-a-leghidegebb-honapokra\/","name":"Biciklis \u00f6lt\u00f6zet a leghidegebb h\u00f3napokra - \u0160koda We Love Cycling - Magyarorsz\u00e1g","isPartOf":{"@id":"https:\/\/www.welovecycling.com\/hu\/#website"},"primaryImageOfPage":{"@id":"https:\/\/www.welovecycling.com\/hu\/varosi-kerekparozas\/biciklis-oltozet-a-leghidegebb-honapokra\/#primaryimage"},"image":{"@id":"https:\/\/www.welovecycling.com\/hu\/varosi-kerekparozas\/biciklis-oltozet-a-leghidegebb-honapokra\/#primaryimage"},"thumbnailUrl":"https:\/\/d2p6e6u75xmxt8.cloudfront.net\/12\/2020\/01\/Winter-Cycling-CVR-profimedia-0274771683.jpg","datePublished":"2020-01-19T07:00:51+00:00","author":{"@id":"https:\/\/www.welovecycling.com\/hu\/#\/schema\/person\/414a2aebf1801691a5320edb6468e194"},"breadcrumb":{"@id":"https:\/\/www.welovecycling.com\/hu\/varosi-kerekparozas\/biciklis-oltozet-a-leghidegebb-honapokra\/#breadcrumb"},"inLanguage":"hu","potentialAction":[{"@type":"ReadAction","target":["https:\/\/www.welovecycling.com\/hu\/varosi-kerekparozas\/biciklis-oltozet-a-leghidegebb-honapokra\/"]}]},{"@type":"ImageObject","inLanguage":"hu","@id":"https:\/\/www.welovecycling.com\/hu\/varosi-kerekparozas\/biciklis-oltozet-a-leghidegebb-honapokra\/#primaryimage","url":"https:\/\/d2p6e6u75xmxt8.cloudfront.net\/12\/2020\/01\/Winter-Cycling-CVR-profimedia-0274771683.jpg","contentUrl":"https:\/\/d2p6e6u75xmxt8.cloudfront.net\/12\/2020\/01\/Winter-Cycling-CVR-profimedia-0274771683.jpg","width":1366,"height":600},{"@type":"BreadcrumbList","@id":"https:\/\/www.welovecycling.com\/hu\/varosi-kerekparozas\/biciklis-oltozet-a-leghidegebb-honapokra\/#breadcrumb","itemListElement":[{"@type":"ListItem","position":1,"name":"Home","item":"https:\/\/www.welovecycling.com\/hu\/"},{"@type":"ListItem","position":2,"name":"Biciklis \u00f6lt\u00f6zet a leghidegebb h\u00f3napokra"}]},{"@type":"WebSite","@id":"https:\/\/www.welovecycling.com\/hu\/#website","url":"https:\/\/www.welovecycling.com\/hu\/","name":"\u0160koda We Love Cycling - Magyarorsz\u00e1g","description":"\u0160koda WeLoveCycling","potentialAction":[{"@type":"SearchAction","target":{"@type":"EntryPoint","urlTemplate":"https:\/\/www.welovecycling.com\/hu\/?s={search_term_string}"},"query-input":{"@type":"PropertyValueSpecification","valueRequired":true,"valueName":"search_term_string"}}],"inLanguage":"hu"},{"@type":"Person","@id":"https:\/\/www.welovecycling.com\/hu\/#\/schema\/person\/414a2aebf1801691a5320edb6468e194","name":"hegyizs","image":{"@type":"ImageObject","inLanguage":"hu","@id":"https:\/\/www.welovecycling.com\/hu\/#\/schema\/person\/image\/","url":"https:\/\/secure.gravatar.com\/avatar\/02cf8a7906b8cf90cecb4679defac7cfd33a1c2e3b88e4903d947f3bb58eedd3?s=96&d=mm&r=g","contentUrl":"https:\/\/secure.gravatar.com\/avatar\/02cf8a7906b8cf90cecb4679defac7cfd33a1c2e3b88e4903d947f3bb58eedd3?s=96&d=mm&r=g","caption":"hegyizs"},"url":"https:\/\/www.welovecycling.com\/hu\/author\/hegyizs\/"}]}},"_links":{"self":[{"href":"https:\/\/www.welovecycling.com\/hu\/wp-json\/wp\/v2\/posts\/6475","targetHints":{"allow":["GET"]}}],"collection":[{"href":"https:\/\/www.welovecycling.com\/hu\/wp-json\/wp\/v2\/posts"}],"about":[{"href":"https:\/\/www.welovecycling.com\/hu\/wp-json\/wp\/v2\/types\/post"}],"author":[{"embeddable":true,"href":"https:\/\/www.welovecycling.com\/hu\/wp-json\/wp\/v2\/users\/71"}],"replies":[{"embeddable":true,"href":"https:\/\/www.welovecycling.com\/hu\/wp-json\/wp\/v2\/comments?post=6475"}],"version-history":[{"count":2,"href":"https:\/\/www.welovecycling.com\/hu\/wp-json\/wp\/v2\/posts\/6475\/revisions"}],"predecessor-version":[{"id":6492,"href":"https:\/\/www.welovecycling.com\/hu\/wp-json\/wp\/v2\/posts\/6475\/revisions\/6492"}],"wp:featuredmedia":[{"embeddable":true,"href":"https:\/\/www.welovecycling.com\/hu\/wp-json\/wp\/v2\/media\/6479"}],"wp:attachment":[{"href":"https:\/\/www.welovecycling.com\/hu\/wp-json\/wp\/v2\/media?parent=6475"}],"wp:term":[{"taxonomy":"category","embeddable":true,"href":"https:\/\/www.welovecycling.com\/hu\/wp-json\/wp\/v2\/categories?post=6475"},{"taxonomy":"post_tag","embeddable":true,"href":"https:\/\/www.welovecycling.com\/hu\/wp-json\/wp\/v2\/tags?post=6475"},{"taxonomy":"global-categories","embeddable":true,"href":"https:\/\/www.welovecycling.com\/hu\/wp-json\/wp\/v2\/global-categories?post=6475"}],"curies":[{"name":"wp","href":"https:\/\/api.w.org\/{rel}","templated":true}]}}