{"id":6468,"date":"2020-01-18T08:00:01","date_gmt":"2020-01-18T07:00:01","guid":{"rendered":"https:\/\/www.welovecycling.com\/hu\/?p=6468"},"modified":"2020-01-13T15:51:39","modified_gmt":"2020-01-13T14:51:39","slug":"furcsa-mtb-palya-nevek","status":"publish","type":"post","link":"https:\/\/www.welovecycling.com\/hu\/trekking-mtb\/furcsa-mtb-palya-nevek\/","title":{"rendered":"Furcsa MTB-p\u00e1lya nevek"},"content":{"rendered":"<p><strong>Ki\u00e9p\u00edteni egy montis p\u00e1ly\u00e1t kreat\u00edv folyamat. Kell hozz\u00e1 valaki, aki felfedezi a terepet, megtervezi az \u00fatvonalat, majd \u00f3r\u00e1k sz\u00e1zait t\u00f6lti bokorv\u00e1g\u00e1ssal, f\u00f6ldlap\u00e1tol\u00e1ssal, \u00e1s\u00e1ssal, fadarabol\u00e1ssal \u00e9s k\u0151cipel\u00e9ssel, hogy t\u00f6k\u00e9letes p\u00e1ly\u00e1t alak\u00edtson ki. Mivel a montiz\u00e1s a 90-es \u00e9vek \u00c9szak-Amerik\u00e1j\u00e1ra vezethet\u0151 vissza, a legt\u00f6bb legend\u00e1s p\u00e1lyan\u00e9v Kanad\u00e1b\u00f3l, az USA-b\u00f3l vagy Brit Kolumbi\u00e1b\u00f3l j\u00f6tt. De persze m\u00e1s helysz\u00ednek is szerepelnek a list\u00e1nkban.<\/strong><\/p>\n<p><!--more--><\/p>\n<h2><strong>Ladies Only \u2013 Csak h\u00f6lgyek<\/strong><\/h2>\n<p><em>(North Shore, Vancouver, CA)<\/em><\/p>\n<p>Downhill p\u00e1lya fa hidakkal, szikl\u00e1s r\u00e9szekkel \u00e9s meredek lejt\u0151kkel, 1992-b\u0151l. Todd Flander keze munk\u00e1ja, akit a bring\u00e1s k\u00f6z\u00f6ss\u00e9g csak \u201eDigger\u201d-k\u00e9nt, vagyis az \u00c1s\u00f3k\u00e9nt emleget. A mai napig \u00fagy hivatkozik az \u00e9p\u00edt\u0151 munk\u00e1j\u00e1ra, mint \u00e9lete m\u0171v\u00e9re. K\u00f6telez\u0151 program minden Vancouver-be l\u00e1togat\u00f3nak, b\u00e1r a k\u00e9t gy\u00e9m\u00e1nt jelz\u00e9s biztos\u00edt minket arr\u00f3l, hogy nem kifejezetten kezd\u0151knek k\u00e9sz\u00fclt\u2026<\/p>\n<div class=\"embed-controller-wrapper\">\n<div class=\"embed-wrapper\"><iframe title=\"LADIES ONLY - MTB Riding Mt. Fromme Classic Trails\" width=\"500\" height=\"281\" data-src=\"https:\/\/www.youtube.com\/embed\/PA3B-MNWk8c?start=134&#038;feature=oembed&#038;t=134&#038;enablejsapi=1\" frameborder=\"0\" allow=\"accelerometer; autoplay; clipboard-write; encrypted-media; gyroscope; picture-in-picture; web-share\" referrerpolicy=\"strict-origin-when-cross-origin\" allowfullscreen><\/iframe><\/div>\n<\/div>\n<h2><strong>Poison Spider Mesa \u2013 M\u00e9rges P\u00f3k Fenns\u00edk<\/strong><\/h2>\n<p><em>(Moab, Utah, USA)<\/em><\/p>\n<p>Fekete \u00f6zveggyel tal\u00e1lkozni nem szokatlan dolog Utah-ban. B\u00e1r ennek a m\u00e9rges p\u00f3knak a cs\u00edp\u00e9se csak f\u00e1jdalommal \u00e9s izzad\u00e1ssal j\u00e1r, m\u00e9gis f\u00e9lnek t\u0151le az emberek. A Poison Spider Ker\u00e9kp\u00e1r\u00fczlet mellett itt tal\u00e1lhat\u00f3 a Poison Spider Mesa biciklip\u00e1lya is, ami hihetetlen kil\u00e1t\u00e1ssal, szikl\u00e1kkal \u00e9s csipk\u00e9s szirtekkel vonzza a l\u00e1togat\u00f3kat.<\/p>\n<h2><strong>Severed Dick &#8211; Lev\u00e1gott Farok<br \/>\n<\/strong><\/h2>\n<p><em>(North Shore, Vancouver, Kanada)<\/em><\/p>\n<p>A m\u00e9di\u00e1ban sokszor a szalonk\u00e9pesebb p\u00e9niszre cser\u00e9lik a farok sz\u00f3t a szerkeszt\u0151k, de sokszor utalnak r\u00e1 csak \u201eSevered\u201d-k\u00e9nt. A helyiek azonban ragaszkodnak az eredeti n\u00e9vhez.<\/p>\n<p><img loading=\"lazy\" decoding=\"async\" class=\"alignnone wp-image-6472 size-full\" src=\"https:\/\/d2p6e6u75xmxt8.cloudfront.net\/12\/2020\/01\/Severed-Dick.jpg\" alt=\"\" width=\"1600\" height=\"1200\" srcset=\"https:\/\/d2p6e6u75xmxt8.cloudfront.net\/12\/2020\/01\/Severed-Dick.jpg 1600w, https:\/\/d2p6e6u75xmxt8.cloudfront.net\/12\/2020\/01\/Severed-Dick-300x225.jpg 300w, https:\/\/d2p6e6u75xmxt8.cloudfront.net\/12\/2020\/01\/Severed-Dick-768x576.jpg 768w, https:\/\/d2p6e6u75xmxt8.cloudfront.net\/12\/2020\/01\/Severed-Dick-1024x768.jpg 1024w\" sizes=\"auto, (max-width: 1600px) 100vw, 1600px\" \/><\/p>\n<h2><strong>Organ Donor \u2013 Szervdonor<br \/>\n<\/strong><\/h2>\n<p><em>(Victoria, Vancouver Island)<\/em><\/p>\n<p>A n\u00e9v \u00f6nmag\u00e1\u00e9rt besz\u00e9l, ezt bizony\u00edthatja mindenki, aki m\u00e1r v\u00e9gigment a p\u00e1ly\u00e1n. K\u00e9pzeld el, hogy magyar\u00e1zza el egy s\u00e9r\u00fclt ker\u00e9kp\u00e1ros, hol van.<\/p>\n<h2><strong>Kill Me Thrill Me \u2013 Hal\u00e1l \u00e9s m\u00e1mor<br \/>\n<\/strong><\/h2>\n<p><em>(Whistler, CA)<\/em><\/p>\n<p>Az ugrat\u00f3kkal, szikl\u00e1kkal, f\u00e1b\u00f3l k\u00e9sz\u00fclt hidakkal rendelkez\u0151 p\u00e1ly\u00e1t m\u00e1r a Whistler Ker\u00e9kp\u00e1r Park meg\u00e9p\u00fcl\u00e9se el\u0151tt megtervezt\u00e9k, \u00edgy hivatkozhatunk r\u00e1 a Whistler klasszikusak\u00e9nt. A r\u00e9miszt\u0151 n\u00e9v ellen\u00e9re csak egy fekete gy\u00e9m\u00e1ntot kapott, teh\u00e1t van r\u00e1 es\u00e9ly, hogy v\u00e9gig tudsz rajta tekerni an\u00e9lk\u00fcl, hogy meghaln\u00e1l.<\/p>\n<div class=\"embed-controller-wrapper\">\n<div class=\"embed-wrapper\"><iframe title=\"KILL ME, THRILL ME | Mountain Biking the Whistler Valley\" width=\"500\" height=\"281\" data-src=\"https:\/\/www.youtube.com\/embed\/yA83mhXV3iU?start=125&#038;feature=oembed&#038;t=125&#038;enablejsapi=1\" frameborder=\"0\" allow=\"accelerometer; autoplay; clipboard-write; encrypted-media; gyroscope; picture-in-picture; web-share\" referrerpolicy=\"strict-origin-when-cross-origin\" allowfullscreen><\/iframe><\/div>\n<\/div>\n<h2><strong>Rollercoaster \u2013 Hull\u00e1mvas\u00fat<br \/>\n<\/strong><\/h2>\n<p><em>(Finale Ligure, Italy)<\/em><\/p>\n<p>Final Ligure t\u00f6k\u00e9letes helysz\u00edn a downhillesek sz\u00e1m\u00e1ra, eg\u00e9sz \u00e9vben. M\u00e9g t\u00e9len is seg\u00edtenek a helyiek, hogy feljuss a hegy tetej\u00e9re, ahonnan csod\u00e1latos \u00fat vezet majdnem teljesen a tengerig. Az egyik legh\u00edresebb p\u00e1ly\u00e1ja a Hull\u00e1mvas\u00fat. Nev\u00e9t a v\u00e9gtelen mennyis\u00e9g\u0171 gyors \u00e9s hull\u00e1mz\u00f3 szakaszr\u00f3l kapta.<\/p>\n<h2><strong>Tschack Norris<\/strong><\/h2>\n<p><em>(Brandental Ker\u00e9kp\u00e1rpark, Austria)<\/em><\/p>\n<p>Szakad\u00e9kok, nagy ugr\u00e1sok \u00e9s cs\u00fasz\u00f3s gy\u00f6kerek v\u00e1rnak ha \u00f6sszeszeded a b\u00e1tors\u00e1god \u00e9s nekiv\u00e1gsz az egyik legnehezebb brandentali p\u00e1ly\u00e1nak. Annak \u00e9rdek\u00e9ben, hogy a hollywoodi szt\u00e1r ne perelje be a k\u00e9sz\u00edt\u0151ket, megv\u00e1ltoztatt\u00e1k a nev\u00e9t, de \u00e9ppen csak annyira, hogy egy\u00e9rtelm\u0171 legyen, mennyire \u00f6ssze tudod t\u00f6rni magad, ha hib\u00e1t v\u00e9tesz.<\/p>\n<div class=\"embed-controller-wrapper\">\n<div class=\"embed-wrapper\"><iframe title=\"Tschack Norris Downhill\" width=\"500\" height=\"281\" data-src=\"https:\/\/www.youtube.com\/embed\/xQecQqxaywo?start=21&#038;feature=oembed&#038;t=21&#038;enablejsapi=1\" frameborder=\"0\" allow=\"accelerometer; autoplay; clipboard-write; encrypted-media; gyroscope; picture-in-picture; web-share\" referrerpolicy=\"strict-origin-when-cross-origin\" allowfullscreen><\/iframe><\/div>\n<\/div>\n<h2><strong>Jaws &#8211; A c\u00e1pa<br \/>\n<\/strong><\/h2>\n<p><em>(Murmansk, Oroszorsz\u00e1g)<\/em><\/p>\n<p>A helyi \u00e9p\u00edt\u0151 Dimitri Kapitanchuk \u00e1ltal tervezett p\u00e1lya bizony \u00fagy bel\u00e9d haraphat, mint a c\u00e1pa, ha valamelyik fogazatra eml\u00e9keztet\u0151 szikl\u00e1ra \u00e9rkezel. B\u00e1r a t\u00f6bbi p\u00e1lya neve orosz, ez az egy angol nevet kapott, mintegy tisztel\u00e9gk\u00e9nt Steven Spielberg 1974-es filmje el\u0151tt.<\/p>\n<h2><strong>Porcupine Rim \u2013 Tarajos S\u00fcl<br \/>\n<\/strong><\/h2>\n<p><em>(Moab, Utah, USA)<\/em><\/p>\n<p>Ez a 24 km-es \u00fat \u00f6sszer\u00e1zza m\u00e9g a csontjaidat is, m\u00e9gis minden montis bakancslist\u00e1j\u00e1n szerepel. A tarajos s\u00fcllel val\u00f3 tal\u00e1lkoz\u00e1s helyett azonban ink\u00e1bb azt fogod k\u00edv\u00e1nni, b\u00e1rcsak t\u00f6bb vizet vitt\u00e9l volna magaddal erre a csod\u00e1latos, de nagyon sz\u00e1raz vid\u00e9kre.<\/p>\n","protected":false},"excerpt":{"rendered":"<p>Ki\u00e9p\u00edteni egy montis p\u00e1ly\u00e1t kreat\u00edv folyamat. Kell hozz\u00e1 valaki, aki felfedezi a terepet, megtervezi az \u00fatvonalat, majd \u00f3r\u00e1k sz\u00e1zait t\u00f6lti [&hellip;]<\/p>\n","protected":false},"author":71,"featured_media":6474,"comment_status":"open","ping_status":"open","sticky":false,"template":"","format":"standard","meta":{"footnotes":""},"categories":[7],"tags":[],"global-categories":[],"class_list":["post-6468","post","type-post","status-publish","format-standard","has-post-thumbnail","hentry","category-trekking-mtb"],"yoast_head":"<!-- This site is optimized with the Yoast SEO Premium plugin v25.3 (Yoast SEO v25.9) - https:\/\/yoast.com\/wordpress\/plugins\/seo\/ -->\n<title>Furcsa MTB-p\u00e1lya nevek - \u0160koda We Love Cycling - Magyarorsz\u00e1g<\/title>\n<meta name=\"robots\" content=\"index, follow, max-snippet:-1, max-image-preview:large, max-video-preview:-1\" \/>\n<link rel=\"canonical\" href=\"https:\/\/www.welovecycling.com\/hu\/trekking-mtb\/furcsa-mtb-palya-nevek\/\" \/>\n<meta property=\"og:locale\" content=\"hu_HU\" \/>\n<meta property=\"og:type\" content=\"article\" \/>\n<meta property=\"og:title\" content=\"Furcsa MTB-p\u00e1lya nevek\" \/>\n<meta property=\"og:description\" content=\"Ki\u00e9p\u00edteni egy montis p\u00e1ly\u00e1t kreat\u00edv folyamat. Kell hozz\u00e1 valaki, aki felfedezi a terepet, megtervezi az \u00fatvonalat, majd \u00f3r\u00e1k sz\u00e1zait t\u00f6lti [&hellip;]\" \/>\n<meta property=\"og:url\" content=\"https:\/\/www.welovecycling.com\/hu\/trekking-mtb\/furcsa-mtb-palya-nevek\/\" \/>\n<meta property=\"og:site_name\" content=\"\u0160koda We Love Cycling - Magyarorsz\u00e1g\" \/>\n<meta property=\"article:publisher\" content=\"https:\/\/www.facebook.com\/WeLoveCyclingHungary\/\" \/>\n<meta property=\"article:published_time\" content=\"2020-01-18T07:00:01+00:00\" \/>\n<meta property=\"og:image\" content=\"https:\/\/d2p6e6u75xmxt8.cloudfront.net\/12\/2020\/01\/Whistler-CVR-profimedia-0294054139.jpg\" \/>\n\t<meta property=\"og:image:width\" content=\"1366\" \/>\n\t<meta property=\"og:image:height\" content=\"600\" \/>\n\t<meta property=\"og:image:type\" content=\"image\/jpeg\" \/>\n<meta name=\"author\" content=\"hegyizs\" \/>\n<meta name=\"twitter:card\" content=\"summary_large_image\" \/>\n<meta name=\"twitter:label1\" content=\"Written by\" \/>\n\t<meta name=\"twitter:data1\" content=\"Adam Marsal\" \/>\n\t<meta name=\"twitter:label2\" content=\"Est. reading time\" \/>\n\t<meta name=\"twitter:data2\" content=\"7\" \/>\n<script type=\"application\/ld+json\" class=\"yoast-schema-graph\">{\"@context\":\"https:\/\/schema.org\",\"@graph\":[{\"@type\":\"WebPage\",\"@id\":\"https:\/\/www.welovecycling.com\/hu\/trekking-mtb\/furcsa-mtb-palya-nevek\/\",\"url\":\"https:\/\/www.welovecycling.com\/hu\/trekking-mtb\/furcsa-mtb-palya-nevek\/\",\"name\":\"Furcsa MTB-p\u00e1lya nevek - \u0160koda We Love Cycling - Magyarorsz\u00e1g\",\"isPartOf\":{\"@id\":\"https:\/\/www.welovecycling.com\/hu\/#website\"},\"primaryImageOfPage\":{\"@id\":\"https:\/\/www.welovecycling.com\/hu\/trekking-mtb\/furcsa-mtb-palya-nevek\/#primaryimage\"},\"image\":{\"@id\":\"https:\/\/www.welovecycling.com\/hu\/trekking-mtb\/furcsa-mtb-palya-nevek\/#primaryimage\"},\"thumbnailUrl\":\"https:\/\/d2p6e6u75xmxt8.cloudfront.net\/12\/2020\/01\/Whistler-CVR-profimedia-0294054139.jpg\",\"datePublished\":\"2020-01-18T07:00:01+00:00\",\"author\":{\"@id\":\"https:\/\/www.welovecycling.com\/hu\/#\/schema\/person\/414a2aebf1801691a5320edb6468e194\"},\"breadcrumb\":{\"@id\":\"https:\/\/www.welovecycling.com\/hu\/trekking-mtb\/furcsa-mtb-palya-nevek\/#breadcrumb\"},\"inLanguage\":\"hu\",\"potentialAction\":[{\"@type\":\"ReadAction\",\"target\":[\"https:\/\/www.welovecycling.com\/hu\/trekking-mtb\/furcsa-mtb-palya-nevek\/\"]}]},{\"@type\":\"ImageObject\",\"inLanguage\":\"hu\",\"@id\":\"https:\/\/www.welovecycling.com\/hu\/trekking-mtb\/furcsa-mtb-palya-nevek\/#primaryimage\",\"url\":\"https:\/\/d2p6e6u75xmxt8.cloudfront.net\/12\/2020\/01\/Whistler-CVR-profimedia-0294054139.jpg\",\"contentUrl\":\"https:\/\/d2p6e6u75xmxt8.cloudfront.net\/12\/2020\/01\/Whistler-CVR-profimedia-0294054139.jpg\",\"width\":1366,\"height\":600},{\"@type\":\"BreadcrumbList\",\"@id\":\"https:\/\/www.welovecycling.com\/hu\/trekking-mtb\/furcsa-mtb-palya-nevek\/#breadcrumb\",\"itemListElement\":[{\"@type\":\"ListItem\",\"position\":1,\"name\":\"Home\",\"item\":\"https:\/\/www.welovecycling.com\/hu\/\"},{\"@type\":\"ListItem\",\"position\":2,\"name\":\"Furcsa MTB-p\u00e1lya nevek\"}]},{\"@type\":\"WebSite\",\"@id\":\"https:\/\/www.welovecycling.com\/hu\/#website\",\"url\":\"https:\/\/www.welovecycling.com\/hu\/\",\"name\":\"\u0160koda We Love Cycling - Magyarorsz\u00e1g\",\"description\":\"\u0160koda WeLoveCycling\",\"potentialAction\":[{\"@type\":\"SearchAction\",\"target\":{\"@type\":\"EntryPoint\",\"urlTemplate\":\"https:\/\/www.welovecycling.com\/hu\/?s={search_term_string}\"},\"query-input\":{\"@type\":\"PropertyValueSpecification\",\"valueRequired\":true,\"valueName\":\"search_term_string\"}}],\"inLanguage\":\"hu\"},{\"@type\":\"Person\",\"@id\":\"https:\/\/www.welovecycling.com\/hu\/#\/schema\/person\/414a2aebf1801691a5320edb6468e194\",\"name\":\"hegyizs\",\"image\":{\"@type\":\"ImageObject\",\"inLanguage\":\"hu\",\"@id\":\"https:\/\/www.welovecycling.com\/hu\/#\/schema\/person\/image\/\",\"url\":\"https:\/\/secure.gravatar.com\/avatar\/02cf8a7906b8cf90cecb4679defac7cfd33a1c2e3b88e4903d947f3bb58eedd3?s=96&d=mm&r=g\",\"contentUrl\":\"https:\/\/secure.gravatar.com\/avatar\/02cf8a7906b8cf90cecb4679defac7cfd33a1c2e3b88e4903d947f3bb58eedd3?s=96&d=mm&r=g\",\"caption\":\"hegyizs\"},\"url\":\"https:\/\/www.welovecycling.com\/hu\/author\/hegyizs\/\"}]}<\/script>\n<!-- \/ Yoast SEO Premium plugin. -->","yoast_head_json":{"title":"Furcsa MTB-p\u00e1lya nevek - \u0160koda We Love Cycling - Magyarorsz\u00e1g","robots":{"index":"index","follow":"follow","max-snippet":"max-snippet:-1","max-image-preview":"max-image-preview:large","max-video-preview":"max-video-preview:-1"},"canonical":"https:\/\/www.welovecycling.com\/hu\/trekking-mtb\/furcsa-mtb-palya-nevek\/","og_locale":"hu_HU","og_type":"article","og_title":"Furcsa MTB-p\u00e1lya nevek","og_description":"Ki\u00e9p\u00edteni egy montis p\u00e1ly\u00e1t kreat\u00edv folyamat. Kell hozz\u00e1 valaki, aki felfedezi a terepet, megtervezi az \u00fatvonalat, majd \u00f3r\u00e1k sz\u00e1zait t\u00f6lti [&hellip;]","og_url":"https:\/\/www.welovecycling.com\/hu\/trekking-mtb\/furcsa-mtb-palya-nevek\/","og_site_name":"\u0160koda We Love Cycling - Magyarorsz\u00e1g","article_publisher":"https:\/\/www.facebook.com\/WeLoveCyclingHungary\/","article_published_time":"2020-01-18T07:00:01+00:00","og_image":[{"width":1366,"height":600,"url":"https:\/\/d2p6e6u75xmxt8.cloudfront.net\/12\/2020\/01\/Whistler-CVR-profimedia-0294054139.jpg","type":"image\/jpeg"}],"author":"hegyizs","twitter_card":"summary_large_image","twitter_misc":{"Written by":"Adam Marsal","Est. reading time":"7"},"schema":{"@context":"https:\/\/schema.org","@graph":[{"@type":"WebPage","@id":"https:\/\/www.welovecycling.com\/hu\/trekking-mtb\/furcsa-mtb-palya-nevek\/","url":"https:\/\/www.welovecycling.com\/hu\/trekking-mtb\/furcsa-mtb-palya-nevek\/","name":"Furcsa MTB-p\u00e1lya nevek - \u0160koda We Love Cycling - Magyarorsz\u00e1g","isPartOf":{"@id":"https:\/\/www.welovecycling.com\/hu\/#website"},"primaryImageOfPage":{"@id":"https:\/\/www.welovecycling.com\/hu\/trekking-mtb\/furcsa-mtb-palya-nevek\/#primaryimage"},"image":{"@id":"https:\/\/www.welovecycling.com\/hu\/trekking-mtb\/furcsa-mtb-palya-nevek\/#primaryimage"},"thumbnailUrl":"https:\/\/d2p6e6u75xmxt8.cloudfront.net\/12\/2020\/01\/Whistler-CVR-profimedia-0294054139.jpg","datePublished":"2020-01-18T07:00:01+00:00","author":{"@id":"https:\/\/www.welovecycling.com\/hu\/#\/schema\/person\/414a2aebf1801691a5320edb6468e194"},"breadcrumb":{"@id":"https:\/\/www.welovecycling.com\/hu\/trekking-mtb\/furcsa-mtb-palya-nevek\/#breadcrumb"},"inLanguage":"hu","potentialAction":[{"@type":"ReadAction","target":["https:\/\/www.welovecycling.com\/hu\/trekking-mtb\/furcsa-mtb-palya-nevek\/"]}]},{"@type":"ImageObject","inLanguage":"hu","@id":"https:\/\/www.welovecycling.com\/hu\/trekking-mtb\/furcsa-mtb-palya-nevek\/#primaryimage","url":"https:\/\/d2p6e6u75xmxt8.cloudfront.net\/12\/2020\/01\/Whistler-CVR-profimedia-0294054139.jpg","contentUrl":"https:\/\/d2p6e6u75xmxt8.cloudfront.net\/12\/2020\/01\/Whistler-CVR-profimedia-0294054139.jpg","width":1366,"height":600},{"@type":"BreadcrumbList","@id":"https:\/\/www.welovecycling.com\/hu\/trekking-mtb\/furcsa-mtb-palya-nevek\/#breadcrumb","itemListElement":[{"@type":"ListItem","position":1,"name":"Home","item":"https:\/\/www.welovecycling.com\/hu\/"},{"@type":"ListItem","position":2,"name":"Furcsa MTB-p\u00e1lya nevek"}]},{"@type":"WebSite","@id":"https:\/\/www.welovecycling.com\/hu\/#website","url":"https:\/\/www.welovecycling.com\/hu\/","name":"\u0160koda We Love Cycling - Magyarorsz\u00e1g","description":"\u0160koda WeLoveCycling","potentialAction":[{"@type":"SearchAction","target":{"@type":"EntryPoint","urlTemplate":"https:\/\/www.welovecycling.com\/hu\/?s={search_term_string}"},"query-input":{"@type":"PropertyValueSpecification","valueRequired":true,"valueName":"search_term_string"}}],"inLanguage":"hu"},{"@type":"Person","@id":"https:\/\/www.welovecycling.com\/hu\/#\/schema\/person\/414a2aebf1801691a5320edb6468e194","name":"hegyizs","image":{"@type":"ImageObject","inLanguage":"hu","@id":"https:\/\/www.welovecycling.com\/hu\/#\/schema\/person\/image\/","url":"https:\/\/secure.gravatar.com\/avatar\/02cf8a7906b8cf90cecb4679defac7cfd33a1c2e3b88e4903d947f3bb58eedd3?s=96&d=mm&r=g","contentUrl":"https:\/\/secure.gravatar.com\/avatar\/02cf8a7906b8cf90cecb4679defac7cfd33a1c2e3b88e4903d947f3bb58eedd3?s=96&d=mm&r=g","caption":"hegyizs"},"url":"https:\/\/www.welovecycling.com\/hu\/author\/hegyizs\/"}]}},"_links":{"self":[{"href":"https:\/\/www.welovecycling.com\/hu\/wp-json\/wp\/v2\/posts\/6468","targetHints":{"allow":["GET"]}}],"collection":[{"href":"https:\/\/www.welovecycling.com\/hu\/wp-json\/wp\/v2\/posts"}],"about":[{"href":"https:\/\/www.welovecycling.com\/hu\/wp-json\/wp\/v2\/types\/post"}],"author":[{"embeddable":true,"href":"https:\/\/www.welovecycling.com\/hu\/wp-json\/wp\/v2\/users\/71"}],"replies":[{"embeddable":true,"href":"https:\/\/www.welovecycling.com\/hu\/wp-json\/wp\/v2\/comments?post=6468"}],"version-history":[{"count":2,"href":"https:\/\/www.welovecycling.com\/hu\/wp-json\/wp\/v2\/posts\/6468\/revisions"}],"predecessor-version":[{"id":6489,"href":"https:\/\/www.welovecycling.com\/hu\/wp-json\/wp\/v2\/posts\/6468\/revisions\/6489"}],"wp:featuredmedia":[{"embeddable":true,"href":"https:\/\/www.welovecycling.com\/hu\/wp-json\/wp\/v2\/media\/6474"}],"wp:attachment":[{"href":"https:\/\/www.welovecycling.com\/hu\/wp-json\/wp\/v2\/media?parent=6468"}],"wp:term":[{"taxonomy":"category","embeddable":true,"href":"https:\/\/www.welovecycling.com\/hu\/wp-json\/wp\/v2\/categories?post=6468"},{"taxonomy":"post_tag","embeddable":true,"href":"https:\/\/www.welovecycling.com\/hu\/wp-json\/wp\/v2\/tags?post=6468"},{"taxonomy":"global-categories","embeddable":true,"href":"https:\/\/www.welovecycling.com\/hu\/wp-json\/wp\/v2\/global-categories?post=6468"}],"curies":[{"name":"wp","href":"https:\/\/api.w.org\/{rel}","templated":true}]}}