{"id":6464,"date":"2020-01-17T08:00:57","date_gmt":"2020-01-17T07:00:57","guid":{"rendered":"https:\/\/www.welovecycling.com\/hu\/?p=6464"},"modified":"2020-01-13T15:51:03","modified_gmt":"2020-01-13T14:51:03","slug":"igy-irj-nepszeru-kerekparos-blogot","status":"publish","type":"post","link":"https:\/\/www.welovecycling.com\/hu\/kozosseg-es-kultura\/igy-irj-nepszeru-kerekparos-blogot\/","title":{"rendered":"\u00cdgy \u00edrj n\u00e9pszer\u0171 ker\u00e9kp\u00e1ros blogot!"},"content":{"rendered":"<p><strong>El\u0151sz\u00f6r is besz\u00e9lj\u00fcnk mag\u00e1r\u00f3l a t\u00e9mav\u00e1laszt\u00e1sr\u00f3l. L\u00e9tezik m\u00e9g olyan dolog, amir\u0151l nem tud a vil\u00e1g? Ha b\u00f6ng\u00e9szel a neten, gyakorlatilag mindenre tal\u00e1lsz legal\u00e1bb egy blogot. A blog\u00edr\u00e1s olyan, mint a zenekompon\u00e1l\u00e1s: minden egyes hangot lej\u00e1tszottak m\u00e1r milli\u00f3szor, de ha a megfelel\u0151 sorrendben j\u00e1tszod el \u0151ket, csod\u00e1latos eredm\u00e9nyt kapsz.<\/strong><\/p>\n<p><!--more--><\/p>\n<p>Sz\u00f3val ne add fel, \u00e9s terjeszd az ig\u00e9t, ha van valami, amit meg szeretn\u00e9l osztani a k\u00fclvil\u00e1ggal. A kulcs, hogy maradj egy bizonyos t\u00e9m\u00e1n bel\u00fcl, \u00edgy tudsz elk\u00fcl\u00f6n\u00fclni m\u00e1sokt\u00f3l. Mivel sok olyan \u00e1ltal\u00e1nos biciklis oldal van, amikkel nem tudod felvenni a versenyt komplexit\u00e1sban, azzal, ha \u00f6nmagad adod, eredeti \u00e9s elk\u00f6telezett vagy, m\u00e9gis kit\u0171nhetsz.<\/p>\n<p>Az eg\u00e9sz bolyg\u00f3t felfedezt\u00e9k m\u00e1r a kalandv\u00e1gy\u00f3 ker\u00e9kp\u00e1rosok, sz\u00e9lt\u00e9ben \u00e9s hossz\u00e1ban. Sz\u00e1zak \u00e1ll\u00edtanak elk\u00e9peszt\u0151 kih\u00edv\u00e1sokat maguk el\u00e9, hogy hihetetlen versenyekre k\u00e9sz\u00fcljenek fel. Sz\u00e1mos sziv\u00e1rv\u00e1ny-sz\u00edn\u0171 blog meg\u00edrta m\u00e1r, hogyan tal\u00e1lhatunk homoszexu\u00e1lis partnert bicikliz\u00e9s k\u00f6zben. L\u00e9p\u00e9sr\u0151l-l\u00e9p\u00e9sre k\u00f6vetheted a sz\u00fcl\u0151knek sz\u00f3l\u00f3 oldalak cikkeit, hogy k\u00f6nnyen megtan\u00edtsd a gyerekeket bring\u00e1zni, vagy b\u00e1rmikor \u00e9hen halhatsz valamelyik t\u00falz\u00e1sba esett di\u00e9ta k\u00f6vet\u00e9se k\u00f6zben.<\/p>\n<figure id=\"attachment_6465\" aria-describedby=\"caption-attachment-6465\" style=\"width: 938px\" class=\"wp-caption alignnone\"><a href=\"https:\/\/d2p6e6u75xmxt8.cloudfront.net\/12\/2020\/01\/cycling-family-profimedia-0282406689.jpg\"><img loading=\"lazy\" decoding=\"async\" class=\"wp-image-6465 size-full\" src=\"https:\/\/d2p6e6u75xmxt8.cloudfront.net\/12\/2020\/01\/cycling-family-profimedia-0282406689.jpg\" alt=\"\" width=\"938\" height=\"703\" srcset=\"https:\/\/d2p6e6u75xmxt8.cloudfront.net\/12\/2020\/01\/cycling-family-profimedia-0282406689.jpg 938w, https:\/\/d2p6e6u75xmxt8.cloudfront.net\/12\/2020\/01\/cycling-family-profimedia-0282406689-300x225.jpg 300w, https:\/\/d2p6e6u75xmxt8.cloudfront.net\/12\/2020\/01\/cycling-family-profimedia-0282406689-768x576.jpg 768w\" sizes=\"auto, (max-width: 938px) 100vw, 938px\" \/><\/a><figcaption id=\"caption-attachment-6465\" class=\"wp-caption-text\">Az internet tele van biciklis blogokkal. \u00a9 Profimedia<\/figcaption><\/figure>\n<p>Teh\u00e1t, mi van m\u00e9g? V\u00e9letlenszer\u0171en \u00f6sszeszedt\u00fcnk p\u00e1r t\u00e9m\u00e1t, de ne harapd le a fej\u00fcnket, ha esetleg m\u00e1r m\u00e1sok is r\u00e1tal\u00e1ltak valamelyikre \u2013 lust\u00e1k voltunk mindenre r\u00e1keresni. Mi lenne ha a f\u0151bb \u00fatvonalakat letekern\u00e9d, \u00e9s \u00f6sszehasonl\u00edtan\u00e1d mennyi id\u0151t sp\u00f3rolsz meg, ha ker\u00e9kp\u00e1rral \u00e9s nem aut\u00f3val utazol? Vagy mennyire lenne vajon sikeres egy blog, ami minden nap megoszt egy port\u00e9t egy-egy igazi v\u00e1rosi bring\u00e1sr\u00f3l? Be\u00e1ll\u00edtott f\u00e9nyekkel, reflektorokkal meg minden. Te sz\u00edvesen olvasn\u00e1l a 60 \u00e9v feletti biciklisekr\u0151l? Ha igen, lehet, hogy m\u00e1sok is!<\/p>\n<p>Esetleg megtan\u00edthatsz m\u00e1sokat arra, hogyan k\u00e9sz\u00edtsenek jobb bicikliz\u0151s fot\u00f3kat \u00e9s vide\u00f3kat vagy oszd meg vel\u00fck a sport inspir\u00e1lta festm\u00e9nyeid. Ugyan\u00edgy \u00edrhatsz egy barist\u00e1r\u00f3l, aki teherbiciklir\u0151l \u00e1rulja a k\u00e1v\u00e9t. Nem sz\u00e1m\u00edt, mir\u0151l szeretn\u00e9l \u00edrni, a l\u00e9nyeg, hogy eredeti legyen, autentikus \u00e9s sz\u00f3rakoztat\u00f3!<\/p>\n<p>Ugyanez a megk\u00f6zel\u00edt\u00e9s vonatkozik, ha a cikkekhez k\u00e9sz\u00edtett illusztr\u00e1ci\u00f3kr\u00f3l besz\u00e9l\u00fcnk. Ha nem vagy profi fot\u00f3s, val\u00f3sz\u00edn\u0171leg nem tudod megk\u00f6zel\u00edteni a magazinok k\u00e9pi vil\u00e1g\u00e1t. Azok, akik hatalmas kamer\u00e1kkal \u00e9s objekt\u00edvekkel dolgoznak, m\u00e1r \u00e9vek \u00f3ta \u0171zik ezt az ipart, \u00edgy neked is hossz\u00fa \u00e9vek munk\u00e1ja kellene ahhoz, hogy be\u00e9rd \u0151ket. Azonban egy okostelefonnal is tudsz k\u00e9peket l\u0151ni vintage bring\u00e1kr\u00f3l, amiket ottfelejtettek az utc\u00e1n. Gy\u0171jtsd ezeket egy \u00e9ven \u00e1t, majd tedd k\u00f6zz\u00e9 a gal\u00e9ri\u00e1t! Sokaknak feldobhatsz egy unalmas d\u00e9lut\u00e1nt.<\/p>\n<figure id=\"attachment_6466\" aria-describedby=\"caption-attachment-6466\" style=\"width: 1000px\" class=\"wp-caption alignnone\"><a href=\"https:\/\/d2p6e6u75xmxt8.cloudfront.net\/12\/2020\/01\/vintage-bicycle-profimedia-0378541412.jpg\"><img loading=\"lazy\" decoding=\"async\" class=\"wp-image-6466 size-full\" src=\"https:\/\/d2p6e6u75xmxt8.cloudfront.net\/12\/2020\/01\/vintage-bicycle-profimedia-0378541412.jpg\" alt=\"\" width=\"1000\" height=\"667\" srcset=\"https:\/\/d2p6e6u75xmxt8.cloudfront.net\/12\/2020\/01\/vintage-bicycle-profimedia-0378541412.jpg 1000w, https:\/\/d2p6e6u75xmxt8.cloudfront.net\/12\/2020\/01\/vintage-bicycle-profimedia-0378541412-300x200.jpg 300w, https:\/\/d2p6e6u75xmxt8.cloudfront.net\/12\/2020\/01\/vintage-bicycle-profimedia-0378541412-768x512.jpg 768w, https:\/\/d2p6e6u75xmxt8.cloudfront.net\/12\/2020\/01\/vintage-bicycle-profimedia-0378541412-272x182.jpg 272w\" sizes=\"auto, (max-width: 1000px) 100vw, 1000px\" \/><\/a><figcaption id=\"caption-attachment-6466\" class=\"wp-caption-text\">K\u00e9sz\u00edts gal\u00e9ri\u00e1t utc\u00e1n felejtett ker\u00e9kp\u00e1rokr\u00f3l. \u00a9 Profimedia<\/figcaption><\/figure>\n<p>El\u00e9rkezt\u00fcnk m\u00e9g egy kulcsk\u00e9rd\u00e9shez. \u00dagy tudod felh\u00edvni magadra a figyelmet, ha rendszeresen \u00e9s szakadatlanul dolgozol. Az emberek szeretnek sorozatokat n\u00e9zni, mindegy milyen min\u0151s\u00e9g\u0171ek azok. Ha nem \u00edgy lenne, a Baywatch sosem jutott volna el a tv k\u00e9perny\u0151j\u00e9ig. Tarts ki \u00e9s posztolj mindig ugyanakkor, \u00edgy az emberek hozz\u00e1szoknak a tartalmaidhoz \u00e9s keresni fogj\u00e1k. Negyven \u00e9vbe telt, hogy az AC\/DC el\u00e9rje a toplist\u00e1kat, tal\u00e1n neked is kell n\u00e9mi id\u0151.<\/p>\n<p>A technikai felt\u00e9telekhez mindent megtal\u00e1lsz az interneten, ak\u00e1r ingyen is. Fedezz del \u00faj arculatokat \u00e9s jellemz\u0151ket, amik illenek hozz\u00e1d! Ha \u00fagy d\u00f6ntesz, nekiugrasz, ne feledd, hogy a legfontosabb az \u00f6tletess\u00e9g \u00e9s a folytonoss\u00e1g! Ha valamit meg akarsz \u00edrni, \u00edrd meg. Semmi m\u00e1s nem sz\u00e1m\u00edt.<\/p>\n","protected":false},"excerpt":{"rendered":"<p>El\u0151sz\u00f6r is besz\u00e9lj\u00fcnk mag\u00e1r\u00f3l a t\u00e9mav\u00e1laszt\u00e1sr\u00f3l. L\u00e9tezik m\u00e9g olyan dolog, amir\u0151l nem tud a vil\u00e1g? Ha b\u00f6ng\u00e9szel a neten, gyakorlatilag [&hellip;]<\/p>\n","protected":false},"author":71,"featured_media":4522,"comment_status":"open","ping_status":"open","sticky":false,"template":"","format":"standard","meta":{"footnotes":""},"categories":[12],"tags":[],"global-categories":[],"class_list":["post-6464","post","type-post","status-publish","format-standard","has-post-thumbnail","hentry","category-kozosseg-es-kultura"],"yoast_head":"<!-- This site is optimized with the Yoast SEO Premium plugin v25.3 (Yoast SEO v25.9) - https:\/\/yoast.com\/wordpress\/plugins\/seo\/ -->\n<title>\u00cdgy \u00edrj n\u00e9pszer\u0171 ker\u00e9kp\u00e1ros blogot! - \u0160koda We Love Cycling - Magyarorsz\u00e1g<\/title>\n<meta name=\"robots\" content=\"index, follow, max-snippet:-1, max-image-preview:large, max-video-preview:-1\" \/>\n<link rel=\"canonical\" href=\"https:\/\/www.welovecycling.com\/hu\/kozosseg-es-kultura\/igy-irj-nepszeru-kerekparos-blogot\/\" \/>\n<meta property=\"og:locale\" content=\"hu_HU\" \/>\n<meta property=\"og:type\" content=\"article\" \/>\n<meta property=\"og:title\" content=\"\u00cdgy \u00edrj n\u00e9pszer\u0171 ker\u00e9kp\u00e1ros blogot!\" \/>\n<meta property=\"og:description\" content=\"El\u0151sz\u00f6r is besz\u00e9lj\u00fcnk mag\u00e1r\u00f3l a t\u00e9mav\u00e1laszt\u00e1sr\u00f3l. L\u00e9tezik m\u00e9g olyan dolog, amir\u0151l nem tud a vil\u00e1g? Ha b\u00f6ng\u00e9szel a neten, gyakorlatilag [&hellip;]\" \/>\n<meta property=\"og:url\" content=\"https:\/\/www.welovecycling.com\/hu\/kozosseg-es-kultura\/igy-irj-nepszeru-kerekparos-blogot\/\" \/>\n<meta property=\"og:site_name\" content=\"\u0160koda We Love Cycling - Magyarorsz\u00e1g\" \/>\n<meta property=\"article:publisher\" content=\"https:\/\/www.facebook.com\/WeLoveCyclingHungary\/\" \/>\n<meta property=\"article:published_time\" content=\"2020-01-17T07:00:57+00:00\" \/>\n<meta property=\"og:image\" content=\"https:\/\/d2p6e6u75xmxt8.cloudfront.net\/12\/2019\/07\/road-cycling-by-the-ocean-profimedia-0306468309-CVR.jpg\" \/>\n\t<meta property=\"og:image:width\" content=\"1366\" \/>\n\t<meta property=\"og:image:height\" content=\"600\" \/>\n\t<meta property=\"og:image:type\" content=\"image\/jpeg\" \/>\n<meta name=\"author\" content=\"hegyizs\" \/>\n<meta name=\"twitter:card\" content=\"summary_large_image\" \/>\n<meta name=\"twitter:label1\" content=\"Written by\" \/>\n\t<meta name=\"twitter:data1\" content=\"Adam Marsal\" \/>\n\t<meta name=\"twitter:label2\" content=\"Est. reading time\" \/>\n\t<meta name=\"twitter:data2\" content=\"5\" \/>\n<script type=\"application\/ld+json\" class=\"yoast-schema-graph\">{\"@context\":\"https:\/\/schema.org\",\"@graph\":[{\"@type\":\"WebPage\",\"@id\":\"https:\/\/www.welovecycling.com\/hu\/kozosseg-es-kultura\/igy-irj-nepszeru-kerekparos-blogot\/\",\"url\":\"https:\/\/www.welovecycling.com\/hu\/kozosseg-es-kultura\/igy-irj-nepszeru-kerekparos-blogot\/\",\"name\":\"\u00cdgy \u00edrj n\u00e9pszer\u0171 ker\u00e9kp\u00e1ros blogot! - \u0160koda We Love Cycling - Magyarorsz\u00e1g\",\"isPartOf\":{\"@id\":\"https:\/\/www.welovecycling.com\/hu\/#website\"},\"primaryImageOfPage\":{\"@id\":\"https:\/\/www.welovecycling.com\/hu\/kozosseg-es-kultura\/igy-irj-nepszeru-kerekparos-blogot\/#primaryimage\"},\"image\":{\"@id\":\"https:\/\/www.welovecycling.com\/hu\/kozosseg-es-kultura\/igy-irj-nepszeru-kerekparos-blogot\/#primaryimage\"},\"thumbnailUrl\":\"https:\/\/d2p6e6u75xmxt8.cloudfront.net\/12\/2019\/07\/road-cycling-by-the-ocean-profimedia-0306468309-CVR.jpg\",\"datePublished\":\"2020-01-17T07:00:57+00:00\",\"author\":{\"@id\":\"https:\/\/www.welovecycling.com\/hu\/#\/schema\/person\/414a2aebf1801691a5320edb6468e194\"},\"breadcrumb\":{\"@id\":\"https:\/\/www.welovecycling.com\/hu\/kozosseg-es-kultura\/igy-irj-nepszeru-kerekparos-blogot\/#breadcrumb\"},\"inLanguage\":\"hu\",\"potentialAction\":[{\"@type\":\"ReadAction\",\"target\":[\"https:\/\/www.welovecycling.com\/hu\/kozosseg-es-kultura\/igy-irj-nepszeru-kerekparos-blogot\/\"]}]},{\"@type\":\"ImageObject\",\"inLanguage\":\"hu\",\"@id\":\"https:\/\/www.welovecycling.com\/hu\/kozosseg-es-kultura\/igy-irj-nepszeru-kerekparos-blogot\/#primaryimage\",\"url\":\"https:\/\/d2p6e6u75xmxt8.cloudfront.net\/12\/2019\/07\/road-cycling-by-the-ocean-profimedia-0306468309-CVR.jpg\",\"contentUrl\":\"https:\/\/d2p6e6u75xmxt8.cloudfront.net\/12\/2019\/07\/road-cycling-by-the-ocean-profimedia-0306468309-CVR.jpg\",\"width\":1366,\"height\":600},{\"@type\":\"BreadcrumbList\",\"@id\":\"https:\/\/www.welovecycling.com\/hu\/kozosseg-es-kultura\/igy-irj-nepszeru-kerekparos-blogot\/#breadcrumb\",\"itemListElement\":[{\"@type\":\"ListItem\",\"position\":1,\"name\":\"Home\",\"item\":\"https:\/\/www.welovecycling.com\/hu\/\"},{\"@type\":\"ListItem\",\"position\":2,\"name\":\"\u00cdgy \u00edrj n\u00e9pszer\u0171 ker\u00e9kp\u00e1ros blogot!\"}]},{\"@type\":\"WebSite\",\"@id\":\"https:\/\/www.welovecycling.com\/hu\/#website\",\"url\":\"https:\/\/www.welovecycling.com\/hu\/\",\"name\":\"\u0160koda We Love Cycling - Magyarorsz\u00e1g\",\"description\":\"\u0160koda WeLoveCycling\",\"potentialAction\":[{\"@type\":\"SearchAction\",\"target\":{\"@type\":\"EntryPoint\",\"urlTemplate\":\"https:\/\/www.welovecycling.com\/hu\/?s={search_term_string}\"},\"query-input\":{\"@type\":\"PropertyValueSpecification\",\"valueRequired\":true,\"valueName\":\"search_term_string\"}}],\"inLanguage\":\"hu\"},{\"@type\":\"Person\",\"@id\":\"https:\/\/www.welovecycling.com\/hu\/#\/schema\/person\/414a2aebf1801691a5320edb6468e194\",\"name\":\"hegyizs\",\"image\":{\"@type\":\"ImageObject\",\"inLanguage\":\"hu\",\"@id\":\"https:\/\/www.welovecycling.com\/hu\/#\/schema\/person\/image\/\",\"url\":\"https:\/\/secure.gravatar.com\/avatar\/02cf8a7906b8cf90cecb4679defac7cfd33a1c2e3b88e4903d947f3bb58eedd3?s=96&d=mm&r=g\",\"contentUrl\":\"https:\/\/secure.gravatar.com\/avatar\/02cf8a7906b8cf90cecb4679defac7cfd33a1c2e3b88e4903d947f3bb58eedd3?s=96&d=mm&r=g\",\"caption\":\"hegyizs\"},\"url\":\"https:\/\/www.welovecycling.com\/hu\/author\/hegyizs\/\"}]}<\/script>\n<!-- \/ Yoast SEO Premium plugin. -->","yoast_head_json":{"title":"\u00cdgy \u00edrj n\u00e9pszer\u0171 ker\u00e9kp\u00e1ros blogot! - \u0160koda We Love Cycling - Magyarorsz\u00e1g","robots":{"index":"index","follow":"follow","max-snippet":"max-snippet:-1","max-image-preview":"max-image-preview:large","max-video-preview":"max-video-preview:-1"},"canonical":"https:\/\/www.welovecycling.com\/hu\/kozosseg-es-kultura\/igy-irj-nepszeru-kerekparos-blogot\/","og_locale":"hu_HU","og_type":"article","og_title":"\u00cdgy \u00edrj n\u00e9pszer\u0171 ker\u00e9kp\u00e1ros blogot!","og_description":"El\u0151sz\u00f6r is besz\u00e9lj\u00fcnk mag\u00e1r\u00f3l a t\u00e9mav\u00e1laszt\u00e1sr\u00f3l. L\u00e9tezik m\u00e9g olyan dolog, amir\u0151l nem tud a vil\u00e1g? Ha b\u00f6ng\u00e9szel a neten, gyakorlatilag [&hellip;]","og_url":"https:\/\/www.welovecycling.com\/hu\/kozosseg-es-kultura\/igy-irj-nepszeru-kerekparos-blogot\/","og_site_name":"\u0160koda We Love Cycling - Magyarorsz\u00e1g","article_publisher":"https:\/\/www.facebook.com\/WeLoveCyclingHungary\/","article_published_time":"2020-01-17T07:00:57+00:00","og_image":[{"width":1366,"height":600,"url":"https:\/\/d2p6e6u75xmxt8.cloudfront.net\/12\/2019\/07\/road-cycling-by-the-ocean-profimedia-0306468309-CVR.jpg","type":"image\/jpeg"}],"author":"hegyizs","twitter_card":"summary_large_image","twitter_misc":{"Written by":"Adam Marsal","Est. reading time":"5"},"schema":{"@context":"https:\/\/schema.org","@graph":[{"@type":"WebPage","@id":"https:\/\/www.welovecycling.com\/hu\/kozosseg-es-kultura\/igy-irj-nepszeru-kerekparos-blogot\/","url":"https:\/\/www.welovecycling.com\/hu\/kozosseg-es-kultura\/igy-irj-nepszeru-kerekparos-blogot\/","name":"\u00cdgy \u00edrj n\u00e9pszer\u0171 ker\u00e9kp\u00e1ros blogot! - \u0160koda We Love Cycling - Magyarorsz\u00e1g","isPartOf":{"@id":"https:\/\/www.welovecycling.com\/hu\/#website"},"primaryImageOfPage":{"@id":"https:\/\/www.welovecycling.com\/hu\/kozosseg-es-kultura\/igy-irj-nepszeru-kerekparos-blogot\/#primaryimage"},"image":{"@id":"https:\/\/www.welovecycling.com\/hu\/kozosseg-es-kultura\/igy-irj-nepszeru-kerekparos-blogot\/#primaryimage"},"thumbnailUrl":"https:\/\/d2p6e6u75xmxt8.cloudfront.net\/12\/2019\/07\/road-cycling-by-the-ocean-profimedia-0306468309-CVR.jpg","datePublished":"2020-01-17T07:00:57+00:00","author":{"@id":"https:\/\/www.welovecycling.com\/hu\/#\/schema\/person\/414a2aebf1801691a5320edb6468e194"},"breadcrumb":{"@id":"https:\/\/www.welovecycling.com\/hu\/kozosseg-es-kultura\/igy-irj-nepszeru-kerekparos-blogot\/#breadcrumb"},"inLanguage":"hu","potentialAction":[{"@type":"ReadAction","target":["https:\/\/www.welovecycling.com\/hu\/kozosseg-es-kultura\/igy-irj-nepszeru-kerekparos-blogot\/"]}]},{"@type":"ImageObject","inLanguage":"hu","@id":"https:\/\/www.welovecycling.com\/hu\/kozosseg-es-kultura\/igy-irj-nepszeru-kerekparos-blogot\/#primaryimage","url":"https:\/\/d2p6e6u75xmxt8.cloudfront.net\/12\/2019\/07\/road-cycling-by-the-ocean-profimedia-0306468309-CVR.jpg","contentUrl":"https:\/\/d2p6e6u75xmxt8.cloudfront.net\/12\/2019\/07\/road-cycling-by-the-ocean-profimedia-0306468309-CVR.jpg","width":1366,"height":600},{"@type":"BreadcrumbList","@id":"https:\/\/www.welovecycling.com\/hu\/kozosseg-es-kultura\/igy-irj-nepszeru-kerekparos-blogot\/#breadcrumb","itemListElement":[{"@type":"ListItem","position":1,"name":"Home","item":"https:\/\/www.welovecycling.com\/hu\/"},{"@type":"ListItem","position":2,"name":"\u00cdgy \u00edrj n\u00e9pszer\u0171 ker\u00e9kp\u00e1ros blogot!"}]},{"@type":"WebSite","@id":"https:\/\/www.welovecycling.com\/hu\/#website","url":"https:\/\/www.welovecycling.com\/hu\/","name":"\u0160koda We Love Cycling - Magyarorsz\u00e1g","description":"\u0160koda WeLoveCycling","potentialAction":[{"@type":"SearchAction","target":{"@type":"EntryPoint","urlTemplate":"https:\/\/www.welovecycling.com\/hu\/?s={search_term_string}"},"query-input":{"@type":"PropertyValueSpecification","valueRequired":true,"valueName":"search_term_string"}}],"inLanguage":"hu"},{"@type":"Person","@id":"https:\/\/www.welovecycling.com\/hu\/#\/schema\/person\/414a2aebf1801691a5320edb6468e194","name":"hegyizs","image":{"@type":"ImageObject","inLanguage":"hu","@id":"https:\/\/www.welovecycling.com\/hu\/#\/schema\/person\/image\/","url":"https:\/\/secure.gravatar.com\/avatar\/02cf8a7906b8cf90cecb4679defac7cfd33a1c2e3b88e4903d947f3bb58eedd3?s=96&d=mm&r=g","contentUrl":"https:\/\/secure.gravatar.com\/avatar\/02cf8a7906b8cf90cecb4679defac7cfd33a1c2e3b88e4903d947f3bb58eedd3?s=96&d=mm&r=g","caption":"hegyizs"},"url":"https:\/\/www.welovecycling.com\/hu\/author\/hegyizs\/"}]}},"_links":{"self":[{"href":"https:\/\/www.welovecycling.com\/hu\/wp-json\/wp\/v2\/posts\/6464","targetHints":{"allow":["GET"]}}],"collection":[{"href":"https:\/\/www.welovecycling.com\/hu\/wp-json\/wp\/v2\/posts"}],"about":[{"href":"https:\/\/www.welovecycling.com\/hu\/wp-json\/wp\/v2\/types\/post"}],"author":[{"embeddable":true,"href":"https:\/\/www.welovecycling.com\/hu\/wp-json\/wp\/v2\/users\/71"}],"replies":[{"embeddable":true,"href":"https:\/\/www.welovecycling.com\/hu\/wp-json\/wp\/v2\/comments?post=6464"}],"version-history":[{"count":2,"href":"https:\/\/www.welovecycling.com\/hu\/wp-json\/wp\/v2\/posts\/6464\/revisions"}],"predecessor-version":[{"id":6485,"href":"https:\/\/www.welovecycling.com\/hu\/wp-json\/wp\/v2\/posts\/6464\/revisions\/6485"}],"wp:featuredmedia":[{"embeddable":true,"href":"https:\/\/www.welovecycling.com\/hu\/wp-json\/wp\/v2\/media\/4522"}],"wp:attachment":[{"href":"https:\/\/www.welovecycling.com\/hu\/wp-json\/wp\/v2\/media?parent=6464"}],"wp:term":[{"taxonomy":"category","embeddable":true,"href":"https:\/\/www.welovecycling.com\/hu\/wp-json\/wp\/v2\/categories?post=6464"},{"taxonomy":"post_tag","embeddable":true,"href":"https:\/\/www.welovecycling.com\/hu\/wp-json\/wp\/v2\/tags?post=6464"},{"taxonomy":"global-categories","embeddable":true,"href":"https:\/\/www.welovecycling.com\/hu\/wp-json\/wp\/v2\/global-categories?post=6464"}],"curies":[{"name":"wp","href":"https:\/\/api.w.org\/{rel}","templated":true}]}}