{"id":6460,"date":"2020-01-15T08:00:09","date_gmt":"2020-01-15T07:00:09","guid":{"rendered":"https:\/\/www.welovecycling.com\/hu\/?p=6460"},"modified":"2020-01-13T15:49:51","modified_gmt":"2020-01-13T14:49:51","slug":"a-csonttoro-vilagrekord-dontoje","status":"publish","type":"post","link":"https:\/\/www.welovecycling.com\/hu\/orszaguti-kerekpar\/a-csonttoro-vilagrekord-dontoje\/","title":{"rendered":"A csontt\u00f6r\u0151 vil\u00e1grekord-d\u00f6nt\u0151je"},"content":{"rendered":"<p><strong>Az 55 \u00e9ves Richard Thoday 4 nap \u00e9s 12 \u00f3ra alatt teljes\u00edtette a 874 m\u00e9rf\u00f6ldes \u2013 1400 kilom\u00e9teres \u2013 t\u00e1vot. Ezzel megd\u00f6nt\u00f6tte az 1886-ban, GP Mills \u00e1ltal \u00e1ll\u00edtott rekordot, akinek ugyanez az \u00fat 5 napba \u00e9s 1 \u00f3r\u00e1ba telt. A Derbyshire-b\u0151l sz\u00e1rmaz\u00f3 ker\u00e9kp\u00e1ros 10 000 fontot gy\u0171jt\u00f6tt a r\u00e1szorul\u00f3 gyermekek sz\u00e1m\u00e1ra utaz\u00e1sa sor\u00e1n. Thoday j\u00faliusban d\u00f6nt\u00f6tte meg a rekordot, azonban sok\u00e1ig kellett v\u00e1rnia ahhoz, hogy beker\u00fclj\u00f6n a Guiness Rekordok k\u00f6z\u00e9.<\/strong><!--more--><\/p>\n<p>\u201eEgyed\u00fcl a Guiness Rekordokn\u00e1l volt bizony\u00edt\u00e9k arra, hogy megtettem, teh\u00e1t ha elutas\u00edtottak volna, semmit sem tudtam volna tenni\u201d \u2013 mes\u00e9lte Thoday a BBC-nek. \u201eBiztos, hogy nem csin\u00e1ln\u00e1m meg \u00fajra. Iszonyatosan neh\u00e9z volt.\u201d<\/p>\n<figure id=\"attachment_6461\" aria-describedby=\"caption-attachment-6461\" style=\"width: 1250px\" class=\"wp-caption alignnone\"><img loading=\"lazy\" decoding=\"async\" class=\"wp-image-6461 size-full\" src=\"https:\/\/d2p6e6u75xmxt8.cloudfront.net\/12\/2020\/01\/Richard-Thoday-profimedia-0460268629.jpg\" alt=\"\" width=\"1250\" height=\"753\" srcset=\"https:\/\/d2p6e6u75xmxt8.cloudfront.net\/12\/2020\/01\/Richard-Thoday-profimedia-0460268629.jpg 1250w, https:\/\/d2p6e6u75xmxt8.cloudfront.net\/12\/2020\/01\/Richard-Thoday-profimedia-0460268629-300x181.jpg 300w, https:\/\/d2p6e6u75xmxt8.cloudfront.net\/12\/2020\/01\/Richard-Thoday-profimedia-0460268629-768x463.jpg 768w, https:\/\/d2p6e6u75xmxt8.cloudfront.net\/12\/2020\/01\/Richard-Thoday-profimedia-0460268629-1024x617.jpg 1024w\" sizes=\"auto, (max-width: 1250px) 100vw, 1250px\" \/><figcaption id=\"caption-attachment-6461\" class=\"wp-caption-text\">Richard Thoday a velocip\u00e9dj\u00e9n. \u00a9 Katielee Arrowsmith \/ SWNS \/ Profimedia<\/figcaption><\/figure>\n<p>Thoday \u00fagy jellemezte a kih\u00edv\u00e1sra val\u00f3 felk\u00e9sz\u00fcl\u00e9st, mint egy \u201eteljes munkaid\u0151s \u00e1ll\u00e1s, egy m\u00e1sik teljes munkaid\u0151s \u00e1ll\u00e1s mellett\u201d. A tan\u00e1rseg\u00e9d m\u00e1r 10 \u00e9ve teker velocip\u00e9den, rekordd\u00f6nt\u0151 bring\u00e1j\u00e1t pedig saj\u00e1t maga tervezte.<\/p>\n<p>\u201eEz volt a legkem\u00e9nyebb dolog, amit \u00e9letemben tettem. T\u00edz h\u00f3nap, \u00e9s a feles\u00e9gem hatalmas t\u00e1mogat\u00e1sa kellett hozz\u00e1. Nagyon megk\u00f6nnyebb\u00fcltem, amikor j\u00f3v\u00e1hagyt\u00e1k a rekordom!\u201d<\/p>\n<p>Gratul\u00e1lunk, Richard!<\/p>\n","protected":false},"excerpt":{"rendered":"<p>Az 55 \u00e9ves Richard Thoday 4 nap \u00e9s 12 \u00f3ra alatt teljes\u00edtette a 874 m\u00e9rf\u00f6ldes \u2013 1400 kilom\u00e9teres \u2013 t\u00e1vot. [&hellip;]<\/p>\n","protected":false},"author":71,"featured_media":6463,"comment_status":"open","ping_status":"open","sticky":false,"template":"","format":"standard","meta":{"footnotes":""},"categories":[8],"tags":[],"global-categories":[],"class_list":["post-6460","post","type-post","status-publish","format-standard","has-post-thumbnail","hentry","category-orszaguti-kerekpar"],"yoast_head":"<!-- This site is optimized with the Yoast SEO Premium plugin v25.3 (Yoast SEO v25.9) - https:\/\/yoast.com\/wordpress\/plugins\/seo\/ -->\n<title>A csontt\u00f6r\u0151 vil\u00e1grekord-d\u00f6nt\u0151je - \u0160koda We Love Cycling - Magyarorsz\u00e1g<\/title>\n<meta name=\"robots\" content=\"index, follow, max-snippet:-1, max-image-preview:large, max-video-preview:-1\" \/>\n<link rel=\"canonical\" href=\"https:\/\/www.welovecycling.com\/hu\/orszaguti-kerekpar\/a-csonttoro-vilagrekord-dontoje\/\" \/>\n<meta property=\"og:locale\" content=\"hu_HU\" \/>\n<meta property=\"og:type\" content=\"article\" \/>\n<meta property=\"og:title\" content=\"A csontt\u00f6r\u0151 vil\u00e1grekord-d\u00f6nt\u0151je\" \/>\n<meta property=\"og:description\" content=\"Az 55 \u00e9ves Richard Thoday 4 nap \u00e9s 12 \u00f3ra alatt teljes\u00edtette a 874 m\u00e9rf\u00f6ldes \u2013 1400 kilom\u00e9teres \u2013 t\u00e1vot. [&hellip;]\" \/>\n<meta property=\"og:url\" content=\"https:\/\/www.welovecycling.com\/hu\/orszaguti-kerekpar\/a-csonttoro-vilagrekord-dontoje\/\" \/>\n<meta property=\"og:site_name\" content=\"\u0160koda We Love Cycling - Magyarorsz\u00e1g\" \/>\n<meta property=\"article:publisher\" content=\"https:\/\/www.facebook.com\/WeLoveCyclingHungary\/\" \/>\n<meta property=\"article:published_time\" content=\"2020-01-15T07:00:09+00:00\" \/>\n<meta property=\"og:image\" content=\"https:\/\/d2p6e6u75xmxt8.cloudfront.net\/12\/2020\/01\/Richard-Thoday-CVR-profimedia-0460268698.jpg\" \/>\n\t<meta property=\"og:image:width\" content=\"1366\" \/>\n\t<meta property=\"og:image:height\" content=\"600\" \/>\n\t<meta property=\"og:image:type\" content=\"image\/jpeg\" \/>\n<meta name=\"author\" content=\"hegyizs\" \/>\n<meta name=\"twitter:card\" content=\"summary_large_image\" \/>\n<meta name=\"twitter:label1\" content=\"Written by\" \/>\n\t<meta name=\"twitter:data1\" content=\"Monica Buck\" \/>\n\t<meta name=\"twitter:label2\" content=\"Est. reading time\" \/>\n\t<meta name=\"twitter:data2\" content=\"3\" \/>\n<script type=\"application\/ld+json\" class=\"yoast-schema-graph\">{\"@context\":\"https:\/\/schema.org\",\"@graph\":[{\"@type\":\"WebPage\",\"@id\":\"https:\/\/www.welovecycling.com\/hu\/orszaguti-kerekpar\/a-csonttoro-vilagrekord-dontoje\/\",\"url\":\"https:\/\/www.welovecycling.com\/hu\/orszaguti-kerekpar\/a-csonttoro-vilagrekord-dontoje\/\",\"name\":\"A csontt\u00f6r\u0151 vil\u00e1grekord-d\u00f6nt\u0151je - \u0160koda We Love Cycling - Magyarorsz\u00e1g\",\"isPartOf\":{\"@id\":\"https:\/\/www.welovecycling.com\/hu\/#website\"},\"primaryImageOfPage\":{\"@id\":\"https:\/\/www.welovecycling.com\/hu\/orszaguti-kerekpar\/a-csonttoro-vilagrekord-dontoje\/#primaryimage\"},\"image\":{\"@id\":\"https:\/\/www.welovecycling.com\/hu\/orszaguti-kerekpar\/a-csonttoro-vilagrekord-dontoje\/#primaryimage\"},\"thumbnailUrl\":\"https:\/\/d2p6e6u75xmxt8.cloudfront.net\/12\/2020\/01\/Richard-Thoday-CVR-profimedia-0460268698.jpg\",\"datePublished\":\"2020-01-15T07:00:09+00:00\",\"author\":{\"@id\":\"https:\/\/www.welovecycling.com\/hu\/#\/schema\/person\/414a2aebf1801691a5320edb6468e194\"},\"breadcrumb\":{\"@id\":\"https:\/\/www.welovecycling.com\/hu\/orszaguti-kerekpar\/a-csonttoro-vilagrekord-dontoje\/#breadcrumb\"},\"inLanguage\":\"hu\",\"potentialAction\":[{\"@type\":\"ReadAction\",\"target\":[\"https:\/\/www.welovecycling.com\/hu\/orszaguti-kerekpar\/a-csonttoro-vilagrekord-dontoje\/\"]}]},{\"@type\":\"ImageObject\",\"inLanguage\":\"hu\",\"@id\":\"https:\/\/www.welovecycling.com\/hu\/orszaguti-kerekpar\/a-csonttoro-vilagrekord-dontoje\/#primaryimage\",\"url\":\"https:\/\/d2p6e6u75xmxt8.cloudfront.net\/12\/2020\/01\/Richard-Thoday-CVR-profimedia-0460268698.jpg\",\"contentUrl\":\"https:\/\/d2p6e6u75xmxt8.cloudfront.net\/12\/2020\/01\/Richard-Thoday-CVR-profimedia-0460268698.jpg\",\"width\":1366,\"height\":600},{\"@type\":\"BreadcrumbList\",\"@id\":\"https:\/\/www.welovecycling.com\/hu\/orszaguti-kerekpar\/a-csonttoro-vilagrekord-dontoje\/#breadcrumb\",\"itemListElement\":[{\"@type\":\"ListItem\",\"position\":1,\"name\":\"Home\",\"item\":\"https:\/\/www.welovecycling.com\/hu\/\"},{\"@type\":\"ListItem\",\"position\":2,\"name\":\"A csontt\u00f6r\u0151 vil\u00e1grekord-d\u00f6nt\u0151je\"}]},{\"@type\":\"WebSite\",\"@id\":\"https:\/\/www.welovecycling.com\/hu\/#website\",\"url\":\"https:\/\/www.welovecycling.com\/hu\/\",\"name\":\"\u0160koda We Love Cycling - Magyarorsz\u00e1g\",\"description\":\"\u0160koda WeLoveCycling\",\"potentialAction\":[{\"@type\":\"SearchAction\",\"target\":{\"@type\":\"EntryPoint\",\"urlTemplate\":\"https:\/\/www.welovecycling.com\/hu\/?s={search_term_string}\"},\"query-input\":{\"@type\":\"PropertyValueSpecification\",\"valueRequired\":true,\"valueName\":\"search_term_string\"}}],\"inLanguage\":\"hu\"},{\"@type\":\"Person\",\"@id\":\"https:\/\/www.welovecycling.com\/hu\/#\/schema\/person\/414a2aebf1801691a5320edb6468e194\",\"name\":\"hegyizs\",\"image\":{\"@type\":\"ImageObject\",\"inLanguage\":\"hu\",\"@id\":\"https:\/\/www.welovecycling.com\/hu\/#\/schema\/person\/image\/\",\"url\":\"https:\/\/secure.gravatar.com\/avatar\/02cf8a7906b8cf90cecb4679defac7cfd33a1c2e3b88e4903d947f3bb58eedd3?s=96&d=mm&r=g\",\"contentUrl\":\"https:\/\/secure.gravatar.com\/avatar\/02cf8a7906b8cf90cecb4679defac7cfd33a1c2e3b88e4903d947f3bb58eedd3?s=96&d=mm&r=g\",\"caption\":\"hegyizs\"},\"url\":\"https:\/\/www.welovecycling.com\/hu\/author\/hegyizs\/\"}]}<\/script>\n<!-- \/ Yoast SEO Premium plugin. -->","yoast_head_json":{"title":"A csontt\u00f6r\u0151 vil\u00e1grekord-d\u00f6nt\u0151je - \u0160koda We Love Cycling - Magyarorsz\u00e1g","robots":{"index":"index","follow":"follow","max-snippet":"max-snippet:-1","max-image-preview":"max-image-preview:large","max-video-preview":"max-video-preview:-1"},"canonical":"https:\/\/www.welovecycling.com\/hu\/orszaguti-kerekpar\/a-csonttoro-vilagrekord-dontoje\/","og_locale":"hu_HU","og_type":"article","og_title":"A csontt\u00f6r\u0151 vil\u00e1grekord-d\u00f6nt\u0151je","og_description":"Az 55 \u00e9ves Richard Thoday 4 nap \u00e9s 12 \u00f3ra alatt teljes\u00edtette a 874 m\u00e9rf\u00f6ldes \u2013 1400 kilom\u00e9teres \u2013 t\u00e1vot. [&hellip;]","og_url":"https:\/\/www.welovecycling.com\/hu\/orszaguti-kerekpar\/a-csonttoro-vilagrekord-dontoje\/","og_site_name":"\u0160koda We Love Cycling - Magyarorsz\u00e1g","article_publisher":"https:\/\/www.facebook.com\/WeLoveCyclingHungary\/","article_published_time":"2020-01-15T07:00:09+00:00","og_image":[{"width":1366,"height":600,"url":"https:\/\/d2p6e6u75xmxt8.cloudfront.net\/12\/2020\/01\/Richard-Thoday-CVR-profimedia-0460268698.jpg","type":"image\/jpeg"}],"author":"hegyizs","twitter_card":"summary_large_image","twitter_misc":{"Written by":"Monica Buck","Est. reading time":"3"},"schema":{"@context":"https:\/\/schema.org","@graph":[{"@type":"WebPage","@id":"https:\/\/www.welovecycling.com\/hu\/orszaguti-kerekpar\/a-csonttoro-vilagrekord-dontoje\/","url":"https:\/\/www.welovecycling.com\/hu\/orszaguti-kerekpar\/a-csonttoro-vilagrekord-dontoje\/","name":"A csontt\u00f6r\u0151 vil\u00e1grekord-d\u00f6nt\u0151je - \u0160koda We Love Cycling - Magyarorsz\u00e1g","isPartOf":{"@id":"https:\/\/www.welovecycling.com\/hu\/#website"},"primaryImageOfPage":{"@id":"https:\/\/www.welovecycling.com\/hu\/orszaguti-kerekpar\/a-csonttoro-vilagrekord-dontoje\/#primaryimage"},"image":{"@id":"https:\/\/www.welovecycling.com\/hu\/orszaguti-kerekpar\/a-csonttoro-vilagrekord-dontoje\/#primaryimage"},"thumbnailUrl":"https:\/\/d2p6e6u75xmxt8.cloudfront.net\/12\/2020\/01\/Richard-Thoday-CVR-profimedia-0460268698.jpg","datePublished":"2020-01-15T07:00:09+00:00","author":{"@id":"https:\/\/www.welovecycling.com\/hu\/#\/schema\/person\/414a2aebf1801691a5320edb6468e194"},"breadcrumb":{"@id":"https:\/\/www.welovecycling.com\/hu\/orszaguti-kerekpar\/a-csonttoro-vilagrekord-dontoje\/#breadcrumb"},"inLanguage":"hu","potentialAction":[{"@type":"ReadAction","target":["https:\/\/www.welovecycling.com\/hu\/orszaguti-kerekpar\/a-csonttoro-vilagrekord-dontoje\/"]}]},{"@type":"ImageObject","inLanguage":"hu","@id":"https:\/\/www.welovecycling.com\/hu\/orszaguti-kerekpar\/a-csonttoro-vilagrekord-dontoje\/#primaryimage","url":"https:\/\/d2p6e6u75xmxt8.cloudfront.net\/12\/2020\/01\/Richard-Thoday-CVR-profimedia-0460268698.jpg","contentUrl":"https:\/\/d2p6e6u75xmxt8.cloudfront.net\/12\/2020\/01\/Richard-Thoday-CVR-profimedia-0460268698.jpg","width":1366,"height":600},{"@type":"BreadcrumbList","@id":"https:\/\/www.welovecycling.com\/hu\/orszaguti-kerekpar\/a-csonttoro-vilagrekord-dontoje\/#breadcrumb","itemListElement":[{"@type":"ListItem","position":1,"name":"Home","item":"https:\/\/www.welovecycling.com\/hu\/"},{"@type":"ListItem","position":2,"name":"A csontt\u00f6r\u0151 vil\u00e1grekord-d\u00f6nt\u0151je"}]},{"@type":"WebSite","@id":"https:\/\/www.welovecycling.com\/hu\/#website","url":"https:\/\/www.welovecycling.com\/hu\/","name":"\u0160koda We Love Cycling - Magyarorsz\u00e1g","description":"\u0160koda WeLoveCycling","potentialAction":[{"@type":"SearchAction","target":{"@type":"EntryPoint","urlTemplate":"https:\/\/www.welovecycling.com\/hu\/?s={search_term_string}"},"query-input":{"@type":"PropertyValueSpecification","valueRequired":true,"valueName":"search_term_string"}}],"inLanguage":"hu"},{"@type":"Person","@id":"https:\/\/www.welovecycling.com\/hu\/#\/schema\/person\/414a2aebf1801691a5320edb6468e194","name":"hegyizs","image":{"@type":"ImageObject","inLanguage":"hu","@id":"https:\/\/www.welovecycling.com\/hu\/#\/schema\/person\/image\/","url":"https:\/\/secure.gravatar.com\/avatar\/02cf8a7906b8cf90cecb4679defac7cfd33a1c2e3b88e4903d947f3bb58eedd3?s=96&d=mm&r=g","contentUrl":"https:\/\/secure.gravatar.com\/avatar\/02cf8a7906b8cf90cecb4679defac7cfd33a1c2e3b88e4903d947f3bb58eedd3?s=96&d=mm&r=g","caption":"hegyizs"},"url":"https:\/\/www.welovecycling.com\/hu\/author\/hegyizs\/"}]}},"_links":{"self":[{"href":"https:\/\/www.welovecycling.com\/hu\/wp-json\/wp\/v2\/posts\/6460","targetHints":{"allow":["GET"]}}],"collection":[{"href":"https:\/\/www.welovecycling.com\/hu\/wp-json\/wp\/v2\/posts"}],"about":[{"href":"https:\/\/www.welovecycling.com\/hu\/wp-json\/wp\/v2\/types\/post"}],"author":[{"embeddable":true,"href":"https:\/\/www.welovecycling.com\/hu\/wp-json\/wp\/v2\/users\/71"}],"replies":[{"embeddable":true,"href":"https:\/\/www.welovecycling.com\/hu\/wp-json\/wp\/v2\/comments?post=6460"}],"version-history":[{"count":2,"href":"https:\/\/www.welovecycling.com\/hu\/wp-json\/wp\/v2\/posts\/6460\/revisions"}],"predecessor-version":[{"id":6482,"href":"https:\/\/www.welovecycling.com\/hu\/wp-json\/wp\/v2\/posts\/6460\/revisions\/6482"}],"wp:featuredmedia":[{"embeddable":true,"href":"https:\/\/www.welovecycling.com\/hu\/wp-json\/wp\/v2\/media\/6463"}],"wp:attachment":[{"href":"https:\/\/www.welovecycling.com\/hu\/wp-json\/wp\/v2\/media?parent=6460"}],"wp:term":[{"taxonomy":"category","embeddable":true,"href":"https:\/\/www.welovecycling.com\/hu\/wp-json\/wp\/v2\/categories?post=6460"},{"taxonomy":"post_tag","embeddable":true,"href":"https:\/\/www.welovecycling.com\/hu\/wp-json\/wp\/v2\/tags?post=6460"},{"taxonomy":"global-categories","embeddable":true,"href":"https:\/\/www.welovecycling.com\/hu\/wp-json\/wp\/v2\/global-categories?post=6460"}],"curies":[{"name":"wp","href":"https:\/\/api.w.org\/{rel}","templated":true}]}}