{"id":6441,"date":"2020-01-14T08:00:04","date_gmt":"2020-01-14T07:00:04","guid":{"rendered":"https:\/\/www.welovecycling.com\/hu\/?p=6441"},"modified":"2020-01-13T15:49:07","modified_gmt":"2020-01-13T14:49:07","slug":"15-trukk-amit-minden-bringasnak-tudnia-kell","status":"publish","type":"post","link":"https:\/\/www.welovecycling.com\/hu\/kozosseg-es-kultura\/15-trukk-amit-minden-bringasnak-tudnia-kell\/","title":{"rendered":"15 tr\u00fckk, amit minden bring\u00e1snak tudnia kell"},"content":{"rendered":"<p><strong>A karbantart\u00e1sr\u00f3l a csin\u00e1ld magad megold\u00e1sokon \u00e1t a megfelel\u0151 felszerelts\u00e9gig, minden, ami \u00e1tseg\u00edt a neh\u00e9z helyzeteken.<\/strong><!--more--><\/p>\n<h3><strong>1. Mindig legyen n\u00e1lad p\u00e9nz<\/strong><\/h3>\n<p>B\u00e1rmikor sz\u00fcks\u00e9ged lehet italra, vagy leeshet a v\u00e9rcukrod \u00e9s enned kell valamit, de akkor is j\u00f3l j\u00f6het, ha defektet kapsz!<\/p>\n<h3><strong>2. Haszn\u00e1lj korm\u00e1nyra r\u00f6gz\u00edthet\u0151 t\u00e1sk\u00e1t<\/strong><\/h3>\n<p><img loading=\"lazy\" decoding=\"async\" class=\"aligncenter size-large wp-image-6451\" src=\"https:\/\/d2p6e6u75xmxt8.cloudfront.net\/12\/2020\/01\/15trukk02-1024x682.jpg\" alt=\"\" width=\"1024\" height=\"682\" srcset=\"https:\/\/d2p6e6u75xmxt8.cloudfront.net\/12\/2020\/01\/15trukk02-1024x682.jpg 1024w, https:\/\/d2p6e6u75xmxt8.cloudfront.net\/12\/2020\/01\/15trukk02-300x200.jpg 300w, https:\/\/d2p6e6u75xmxt8.cloudfront.net\/12\/2020\/01\/15trukk02-768x512.jpg 768w, https:\/\/d2p6e6u75xmxt8.cloudfront.net\/12\/2020\/01\/15trukk02-1920x1280.jpg 1920w, https:\/\/d2p6e6u75xmxt8.cloudfront.net\/12\/2020\/01\/15trukk02-272x182.jpg 272w, https:\/\/d2p6e6u75xmxt8.cloudfront.net\/12\/2020\/01\/15trukk02.jpg 2000w, https:\/\/d2p6e6u75xmxt8.cloudfront.net\/12\/2020\/01\/15trukk02-1920x1280.jpg 1920w\" sizes=\"auto, (max-width: 1024px) 100vw, 1024px\" \/><br \/>\nK\u00e9zk\u00f6zelben akarod tudni az energiaszeletet \u00e9s a zsebkend\u0151t, de nem akarsz pulcsit h\u00fazni? Ezek a t\u00e1sk\u00e1k nagyon praktikusak lehetnek, ha egy sz\u00e1l p\u00f3l\u00f3ban szeretn\u00e9d \u00e1t\u00e9rezni a teker\u00e9s szabads\u00e1g\u00e1t.<\/p>\n<h3><strong>3. Fagyazd le a vized<\/strong><\/h3>\n<p><img loading=\"lazy\" decoding=\"async\" class=\"aligncenter size-full wp-image-6452\" src=\"https:\/\/d2p6e6u75xmxt8.cloudfront.net\/12\/2020\/01\/15trukk03.jpg\" alt=\"\" width=\"960\" height=\"640\" srcset=\"https:\/\/d2p6e6u75xmxt8.cloudfront.net\/12\/2020\/01\/15trukk03.jpg 960w, https:\/\/d2p6e6u75xmxt8.cloudfront.net\/12\/2020\/01\/15trukk03-300x200.jpg 300w, https:\/\/d2p6e6u75xmxt8.cloudfront.net\/12\/2020\/01\/15trukk03-768x512.jpg 768w, https:\/\/d2p6e6u75xmxt8.cloudfront.net\/12\/2020\/01\/15trukk03-272x182.jpg 272w\" sizes=\"auto, (max-width: 960px) 100vw, 960px\" \/><br \/>\nA ny\u00e1ri melegben j\u00f3l fog esni, ha egy f\u00e9l \u00fcveg vizet lefagyasztasz, \u00e9s felt\u00f6lt\u00f6d az \u00fcveg t\u00f6bbi r\u00e9sz\u00e9t szobah\u0151m\u00e9rs\u00e9klet\u0171 v\u00edzzel!<\/p>\n<h3><strong>4. Emeld feljebb a korm\u00e1nyt<\/strong><\/h3>\n<p>Ha f\u00e1jnak a kezeid egy hosszabb t\u00fara ut\u00e1n \u2013 m\u00e9g keszty\u0171ben is \u2013 a probl\u00e9ma a korm\u00e1ny\u00e1ll\u00e1sodban van. Pr\u00f3b\u00e1ld meg picit feljebb emelni!<\/p>\n<h3><strong>5. S\u00e1rv\u00e9d\u0151 palackb\u00f3l<\/strong><\/h3>\n<p><img loading=\"lazy\" decoding=\"async\" class=\"aligncenter size-full wp-image-6453\" src=\"https:\/\/d2p6e6u75xmxt8.cloudfront.net\/12\/2020\/01\/15trukk04.jpg\" alt=\"\" width=\"768\" height=\"576\" srcset=\"https:\/\/d2p6e6u75xmxt8.cloudfront.net\/12\/2020\/01\/15trukk04.jpg 768w, https:\/\/d2p6e6u75xmxt8.cloudfront.net\/12\/2020\/01\/15trukk04-300x225.jpg 300w\" sizes=\"auto, (max-width: 768px) 100vw, 768px\" \/><\/p>\n<p>Ha a s\u00e1rv\u00e9d\u0151id nem el\u00e9g hossz\u00faak ahhoz, hogy megakad\u00e1lyozz\u00e1k a s\u00e1r felver\u0151d\u00e9s\u00e9t, v\u00e1gj hossz\u00e1ban darabokra egy m\u0171anyag palackot \u00e9s haszn\u00e1ld kieg\u00e9sz\u00edt\u00e9sk\u00e9nt! A csapatt\u00e1rsaid \u00e9rt\u00e9kelni fogj\u00e1k.<\/p>\n<h3><strong>6. Ne v\u00e1gd meg magad<\/strong><\/h3>\n<p>Ha \u00fcveg vagy m\u00e1s \u00e9les t\u00e1rgy miatt defektet kapsz, ne puszta k\u00e9zzel pr\u00f3b\u00e1ld kiszedni! Haszn\u00e1ld ak\u00e1r a vizespalackod, hogy kipiszk\u00e1ld a tettest.<\/p>\n<h3><strong>7. Sz\u00edjazz<\/strong><\/h3>\n<p><img loading=\"lazy\" decoding=\"async\" class=\"aligncenter size-full wp-image-6454\" src=\"https:\/\/d2p6e6u75xmxt8.cloudfront.net\/12\/2020\/01\/15trukk05.jpg\" alt=\"\" width=\"768\" height=\"554\" srcset=\"https:\/\/d2p6e6u75xmxt8.cloudfront.net\/12\/2020\/01\/15trukk05.jpg 768w, https:\/\/d2p6e6u75xmxt8.cloudfront.net\/12\/2020\/01\/15trukk05-300x216.jpg 300w\" sizes=\"auto, (max-width: 768px) 100vw, 768px\" \/><br \/>\nHa t\u00f6bbnapos t\u00far\u00e1ra indulsz, de nem akarsz m\u00e9regdr\u00e1ga t\u00e1sk\u00e1k\u00e1t venni, haszn\u00e1lj sz\u00edjakat! Ezekkel t\u00f6k\u00e9letesen tudod r\u00f6gz\u00edteni p\u00e9ld\u00e1ul a h\u00e1l\u00f3zs\u00e1kot a t\u00e1sk\u00e1dhoz.<\/p>\n<h3><strong>8. Fot\u00f3zz profin<\/strong><\/h3>\n<p><img loading=\"lazy\" decoding=\"async\" class=\"aligncenter size-full wp-image-6455\" src=\"https:\/\/d2p6e6u75xmxt8.cloudfront.net\/12\/2020\/01\/15trukk06.jpg\" alt=\"\" width=\"768\" height=\"512\" srcset=\"https:\/\/d2p6e6u75xmxt8.cloudfront.net\/12\/2020\/01\/15trukk06.jpg 768w, https:\/\/d2p6e6u75xmxt8.cloudfront.net\/12\/2020\/01\/15trukk06-300x200.jpg 300w, https:\/\/d2p6e6u75xmxt8.cloudfront.net\/12\/2020\/01\/15trukk06-272x182.jpg 272w\" sizes=\"auto, (max-width: 768px) 100vw, 768px\" \/><\/p>\n<h3>\u00cdgy \u00f6r\u00f6k\u00edtsd meg csod\u00e1latos ker\u00e9kp\u00e1rod: \u00e9keld ki a t\u00faloldalon egy er\u0151s bottal. \u00dagy t\u0171nik majd, mintha mag\u00e1t\u00f3l \u00e1llna egyenesen.<\/h3>\n<p><strong>9. K\u00e9sz\u00edtsd ki a cuccaid<\/strong><\/p>\n<p>Ha reggelente sokszor elhagy a motiv\u00e1ci\u00f3, k\u00e9sz\u00edtsd el\u0151 m\u00e1r el\u0151z\u0151 este a felszerel\u00e9st, hogy csak fel kelljen kapnod, \u00e9s gondolkod\u00e1s n\u00e9lk\u00fcl elindulj!<\/p>\n<h3><strong>10. Legyen n\u00e1lad gumikeszty\u0171<\/strong><\/h3>\n<p><img loading=\"lazy\" decoding=\"async\" class=\"aligncenter size-full wp-image-6456\" src=\"https:\/\/d2p6e6u75xmxt8.cloudfront.net\/12\/2020\/01\/15trukk07.jpg\" alt=\"\" width=\"768\" height=\"584\" srcset=\"https:\/\/d2p6e6u75xmxt8.cloudfront.net\/12\/2020\/01\/15trukk07.jpg 768w, https:\/\/d2p6e6u75xmxt8.cloudfront.net\/12\/2020\/01\/15trukk07-300x228.jpg 300w\" sizes=\"auto, (max-width: 768px) 100vw, 768px\" \/><br \/>\nTiszt\u00e1bb\u00e1 \u00e9s k\u00f6nnyebb\u00e9 teszi az esetleges szerel\u00e9s!<\/p>\n<h3><strong>11. \u0150rizd meg a csomagol\u00e1st!<\/strong><\/h3>\n<p>Ha \u00faj biciklit veszel, ne dobd ki a csomagol\u00e1s\u00e1t, m\u00e9g j\u00f3l j\u00f6het, ha rep\u00fcl\u0151vel akarod sz\u00e1ll\u00edtani!<\/p>\n<h3><strong>12. Tudd az utat<\/strong><\/h3>\n<p><img loading=\"lazy\" decoding=\"async\" class=\"aligncenter size-full wp-image-6457\" src=\"https:\/\/d2p6e6u75xmxt8.cloudfront.net\/12\/2020\/01\/15trukk08.jpg\" alt=\"\" width=\"768\" height=\"512\" srcset=\"https:\/\/d2p6e6u75xmxt8.cloudfront.net\/12\/2020\/01\/15trukk08.jpg 768w, https:\/\/d2p6e6u75xmxt8.cloudfront.net\/12\/2020\/01\/15trukk08-300x200.jpg 300w, https:\/\/d2p6e6u75xmxt8.cloudfront.net\/12\/2020\/01\/15trukk08-272x182.jpg 272w\" sizes=\"auto, (max-width: 768px) 100vw, 768px\" \/><br \/>\nHa \u00faj esem\u00e9nyen veszel r\u00e9szt, \u00e9s agg\u00f3dsz, hogy nem fogsz eml\u00e9kezni az \u00fatvonalra, \u00edrd le egy cetlire \u00e9s ragaszd a korm\u00e1nyra!<\/p>\n<h3><strong>13. Sof\u0151r\u00f6k, n\u00e9zzetek fel<\/strong><\/h3>\n<p>Ha van biciklitart\u00f3d felszerelve az aut\u00f3 tetej\u00e9re, olyan helyre rakd a gar\u00e1zs ajt\u00f3nyit\u00f3j\u00e1t, ami magasan van. \u00cdgy biztosan fel fogsz n\u00e9zni \u00e9s \u00e9szreveszed, ha van egy bicikli a tet\u0151n, miel\u0151tt megpr\u00f3b\u00e1ln\u00e1l be\u00e1llni vele a gar\u00e1zsba.<\/p>\n<h3><strong>14. \u00d3vd a zsebeid<\/strong><\/h3>\n<p><img loading=\"lazy\" decoding=\"async\" class=\"aligncenter size-full wp-image-6458\" src=\"https:\/\/d2p6e6u75xmxt8.cloudfront.net\/12\/2020\/01\/15trukk09.jpg\" alt=\"\" width=\"768\" height=\"604\" srcset=\"https:\/\/d2p6e6u75xmxt8.cloudfront.net\/12\/2020\/01\/15trukk09.jpg 768w, https:\/\/d2p6e6u75xmxt8.cloudfront.net\/12\/2020\/01\/15trukk09-300x236.jpg 300w\" sizes=\"auto, (max-width: 768px) 100vw, 768px\" \/><br \/>\nHa a zsebedben tartod a kulcsaid, \u00e9rdemes fontol\u00f3ra venni egy zsebv\u00e9d\u0151t, hogy megtartsd a kulcsokat is \u00e9s a zsebedet is, \u00e9pen \u00e9s biztons\u00e1gban.<\/p>\n<h3><strong>15. Z\u00e1rd le a sisakoddal<\/strong><\/h3>\n<p>Be kell ugranod valahova, de otthon hagytad a bicikliz\u00e1rt? Csatold r\u00e1 a bring\u00e1sra a sisakod! Persze, nem olyan, mintha t\u00e9nylegesen lez\u00e1rtad volna, de tal\u00e1n megakad\u00e1lyozza, hogy csak \u00fagy eltolj\u00e1k.<\/p>\n<p>Forr\u00e1s: <a href=\"https:\/\/www.bicycling.com\/skills-tips\/g23405891\/bike-hacks\/\" target=\"_blank\" rel=\"noopener\">bicycling.com<\/a><\/p>\n","protected":false},"excerpt":{"rendered":"<p>A karbantart\u00e1sr\u00f3l a csin\u00e1ld magad megold\u00e1sokon \u00e1t a megfelel\u0151 felszerelts\u00e9gig, minden, ami \u00e1tseg\u00edt a neh\u00e9z helyzeteken.<\/p>\n","protected":false},"author":71,"featured_media":6450,"comment_status":"open","ping_status":"open","sticky":false,"template":"","format":"standard","meta":{"footnotes":""},"categories":[12],"tags":[],"global-categories":[],"class_list":["post-6441","post","type-post","status-publish","format-standard","has-post-thumbnail","hentry","category-kozosseg-es-kultura"],"yoast_head":"<!-- This site is optimized with the Yoast SEO Premium plugin v25.3 (Yoast SEO v25.9) - https:\/\/yoast.com\/wordpress\/plugins\/seo\/ -->\n<title>15 tr\u00fckk, amit minden bring\u00e1snak tudnia kell - \u0160koda We Love Cycling - Magyarorsz\u00e1g<\/title>\n<meta name=\"robots\" content=\"index, follow, max-snippet:-1, max-image-preview:large, max-video-preview:-1\" \/>\n<link rel=\"canonical\" href=\"https:\/\/www.welovecycling.com\/hu\/kozosseg-es-kultura\/15-trukk-amit-minden-bringasnak-tudnia-kell\/\" \/>\n<meta property=\"og:locale\" content=\"hu_HU\" \/>\n<meta property=\"og:type\" content=\"article\" \/>\n<meta property=\"og:title\" content=\"15 tr\u00fckk, amit minden bring\u00e1snak tudnia kell\" \/>\n<meta property=\"og:description\" content=\"A karbantart\u00e1sr\u00f3l a csin\u00e1ld magad megold\u00e1sokon \u00e1t a megfelel\u0151 felszerelts\u00e9gig, minden, ami \u00e1tseg\u00edt a neh\u00e9z helyzeteken.\" \/>\n<meta property=\"og:url\" content=\"https:\/\/www.welovecycling.com\/hu\/kozosseg-es-kultura\/15-trukk-amit-minden-bringasnak-tudnia-kell\/\" \/>\n<meta property=\"og:site_name\" content=\"\u0160koda We Love Cycling - Magyarorsz\u00e1g\" \/>\n<meta property=\"article:publisher\" content=\"https:\/\/www.facebook.com\/WeLoveCyclingHungary\/\" \/>\n<meta property=\"article:published_time\" content=\"2020-01-14T07:00:04+00:00\" \/>\n<meta property=\"og:image\" content=\"https:\/\/d2p6e6u75xmxt8.cloudfront.net\/12\/2020\/01\/15trukk01.jpg\" \/>\n\t<meta property=\"og:image:width\" content=\"980\" \/>\n\t<meta property=\"og:image:height\" content=\"492\" \/>\n\t<meta property=\"og:image:type\" content=\"image\/jpeg\" \/>\n<meta name=\"author\" content=\"hegyizs\" \/>\n<meta name=\"twitter:card\" content=\"summary_large_image\" \/>\n<meta name=\"twitter:label1\" content=\"Written by\" \/>\n\t<meta name=\"twitter:data1\" content=\"WLC\" \/>\n\t<meta name=\"twitter:label2\" content=\"Est. reading time\" \/>\n\t<meta name=\"twitter:data2\" content=\"3 minutes\" \/>\n<script type=\"application\/ld+json\" class=\"yoast-schema-graph\">{\"@context\":\"https:\/\/schema.org\",\"@graph\":[{\"@type\":\"WebPage\",\"@id\":\"https:\/\/www.welovecycling.com\/hu\/kozosseg-es-kultura\/15-trukk-amit-minden-bringasnak-tudnia-kell\/\",\"url\":\"https:\/\/www.welovecycling.com\/hu\/kozosseg-es-kultura\/15-trukk-amit-minden-bringasnak-tudnia-kell\/\",\"name\":\"15 tr\u00fckk, amit minden bring\u00e1snak tudnia kell - \u0160koda We Love Cycling - Magyarorsz\u00e1g\",\"isPartOf\":{\"@id\":\"https:\/\/www.welovecycling.com\/hu\/#website\"},\"primaryImageOfPage\":{\"@id\":\"https:\/\/www.welovecycling.com\/hu\/kozosseg-es-kultura\/15-trukk-amit-minden-bringasnak-tudnia-kell\/#primaryimage\"},\"image\":{\"@id\":\"https:\/\/www.welovecycling.com\/hu\/kozosseg-es-kultura\/15-trukk-amit-minden-bringasnak-tudnia-kell\/#primaryimage\"},\"thumbnailUrl\":\"https:\/\/d2p6e6u75xmxt8.cloudfront.net\/12\/2020\/01\/15trukk01.jpg\",\"datePublished\":\"2020-01-14T07:00:04+00:00\",\"author\":{\"@id\":\"https:\/\/www.welovecycling.com\/hu\/#\/schema\/person\/414a2aebf1801691a5320edb6468e194\"},\"breadcrumb\":{\"@id\":\"https:\/\/www.welovecycling.com\/hu\/kozosseg-es-kultura\/15-trukk-amit-minden-bringasnak-tudnia-kell\/#breadcrumb\"},\"inLanguage\":\"hu\",\"potentialAction\":[{\"@type\":\"ReadAction\",\"target\":[\"https:\/\/www.welovecycling.com\/hu\/kozosseg-es-kultura\/15-trukk-amit-minden-bringasnak-tudnia-kell\/\"]}]},{\"@type\":\"ImageObject\",\"inLanguage\":\"hu\",\"@id\":\"https:\/\/www.welovecycling.com\/hu\/kozosseg-es-kultura\/15-trukk-amit-minden-bringasnak-tudnia-kell\/#primaryimage\",\"url\":\"https:\/\/d2p6e6u75xmxt8.cloudfront.net\/12\/2020\/01\/15trukk01.jpg\",\"contentUrl\":\"https:\/\/d2p6e6u75xmxt8.cloudfront.net\/12\/2020\/01\/15trukk01.jpg\",\"width\":980,\"height\":492},{\"@type\":\"BreadcrumbList\",\"@id\":\"https:\/\/www.welovecycling.com\/hu\/kozosseg-es-kultura\/15-trukk-amit-minden-bringasnak-tudnia-kell\/#breadcrumb\",\"itemListElement\":[{\"@type\":\"ListItem\",\"position\":1,\"name\":\"Home\",\"item\":\"https:\/\/www.welovecycling.com\/hu\/\"},{\"@type\":\"ListItem\",\"position\":2,\"name\":\"15 tr\u00fckk, amit minden bring\u00e1snak tudnia kell\"}]},{\"@type\":\"WebSite\",\"@id\":\"https:\/\/www.welovecycling.com\/hu\/#website\",\"url\":\"https:\/\/www.welovecycling.com\/hu\/\",\"name\":\"\u0160koda We Love Cycling - Magyarorsz\u00e1g\",\"description\":\"\u0160koda WeLoveCycling\",\"potentialAction\":[{\"@type\":\"SearchAction\",\"target\":{\"@type\":\"EntryPoint\",\"urlTemplate\":\"https:\/\/www.welovecycling.com\/hu\/?s={search_term_string}\"},\"query-input\":{\"@type\":\"PropertyValueSpecification\",\"valueRequired\":true,\"valueName\":\"search_term_string\"}}],\"inLanguage\":\"hu\"},{\"@type\":\"Person\",\"@id\":\"https:\/\/www.welovecycling.com\/hu\/#\/schema\/person\/414a2aebf1801691a5320edb6468e194\",\"name\":\"hegyizs\",\"image\":{\"@type\":\"ImageObject\",\"inLanguage\":\"hu\",\"@id\":\"https:\/\/www.welovecycling.com\/hu\/#\/schema\/person\/image\/\",\"url\":\"https:\/\/secure.gravatar.com\/avatar\/02cf8a7906b8cf90cecb4679defac7cfd33a1c2e3b88e4903d947f3bb58eedd3?s=96&d=mm&r=g\",\"contentUrl\":\"https:\/\/secure.gravatar.com\/avatar\/02cf8a7906b8cf90cecb4679defac7cfd33a1c2e3b88e4903d947f3bb58eedd3?s=96&d=mm&r=g\",\"caption\":\"hegyizs\"},\"url\":\"https:\/\/www.welovecycling.com\/hu\/author\/hegyizs\/\"}]}<\/script>\n<!-- \/ Yoast SEO Premium plugin. -->","yoast_head_json":{"title":"15 tr\u00fckk, amit minden bring\u00e1snak tudnia kell - \u0160koda We Love Cycling - Magyarorsz\u00e1g","robots":{"index":"index","follow":"follow","max-snippet":"max-snippet:-1","max-image-preview":"max-image-preview:large","max-video-preview":"max-video-preview:-1"},"canonical":"https:\/\/www.welovecycling.com\/hu\/kozosseg-es-kultura\/15-trukk-amit-minden-bringasnak-tudnia-kell\/","og_locale":"hu_HU","og_type":"article","og_title":"15 tr\u00fckk, amit minden bring\u00e1snak tudnia kell","og_description":"A karbantart\u00e1sr\u00f3l a csin\u00e1ld magad megold\u00e1sokon \u00e1t a megfelel\u0151 felszerelts\u00e9gig, minden, ami \u00e1tseg\u00edt a neh\u00e9z helyzeteken.","og_url":"https:\/\/www.welovecycling.com\/hu\/kozosseg-es-kultura\/15-trukk-amit-minden-bringasnak-tudnia-kell\/","og_site_name":"\u0160koda We Love Cycling - Magyarorsz\u00e1g","article_publisher":"https:\/\/www.facebook.com\/WeLoveCyclingHungary\/","article_published_time":"2020-01-14T07:00:04+00:00","og_image":[{"width":980,"height":492,"url":"https:\/\/d2p6e6u75xmxt8.cloudfront.net\/12\/2020\/01\/15trukk01.jpg","type":"image\/jpeg"}],"author":"hegyizs","twitter_card":"summary_large_image","twitter_misc":{"Written by":"WLC","Est. reading time":"3 minutes"},"schema":{"@context":"https:\/\/schema.org","@graph":[{"@type":"WebPage","@id":"https:\/\/www.welovecycling.com\/hu\/kozosseg-es-kultura\/15-trukk-amit-minden-bringasnak-tudnia-kell\/","url":"https:\/\/www.welovecycling.com\/hu\/kozosseg-es-kultura\/15-trukk-amit-minden-bringasnak-tudnia-kell\/","name":"15 tr\u00fckk, amit minden bring\u00e1snak tudnia kell - \u0160koda We Love Cycling - Magyarorsz\u00e1g","isPartOf":{"@id":"https:\/\/www.welovecycling.com\/hu\/#website"},"primaryImageOfPage":{"@id":"https:\/\/www.welovecycling.com\/hu\/kozosseg-es-kultura\/15-trukk-amit-minden-bringasnak-tudnia-kell\/#primaryimage"},"image":{"@id":"https:\/\/www.welovecycling.com\/hu\/kozosseg-es-kultura\/15-trukk-amit-minden-bringasnak-tudnia-kell\/#primaryimage"},"thumbnailUrl":"https:\/\/d2p6e6u75xmxt8.cloudfront.net\/12\/2020\/01\/15trukk01.jpg","datePublished":"2020-01-14T07:00:04+00:00","author":{"@id":"https:\/\/www.welovecycling.com\/hu\/#\/schema\/person\/414a2aebf1801691a5320edb6468e194"},"breadcrumb":{"@id":"https:\/\/www.welovecycling.com\/hu\/kozosseg-es-kultura\/15-trukk-amit-minden-bringasnak-tudnia-kell\/#breadcrumb"},"inLanguage":"hu","potentialAction":[{"@type":"ReadAction","target":["https:\/\/www.welovecycling.com\/hu\/kozosseg-es-kultura\/15-trukk-amit-minden-bringasnak-tudnia-kell\/"]}]},{"@type":"ImageObject","inLanguage":"hu","@id":"https:\/\/www.welovecycling.com\/hu\/kozosseg-es-kultura\/15-trukk-amit-minden-bringasnak-tudnia-kell\/#primaryimage","url":"https:\/\/d2p6e6u75xmxt8.cloudfront.net\/12\/2020\/01\/15trukk01.jpg","contentUrl":"https:\/\/d2p6e6u75xmxt8.cloudfront.net\/12\/2020\/01\/15trukk01.jpg","width":980,"height":492},{"@type":"BreadcrumbList","@id":"https:\/\/www.welovecycling.com\/hu\/kozosseg-es-kultura\/15-trukk-amit-minden-bringasnak-tudnia-kell\/#breadcrumb","itemListElement":[{"@type":"ListItem","position":1,"name":"Home","item":"https:\/\/www.welovecycling.com\/hu\/"},{"@type":"ListItem","position":2,"name":"15 tr\u00fckk, amit minden bring\u00e1snak tudnia kell"}]},{"@type":"WebSite","@id":"https:\/\/www.welovecycling.com\/hu\/#website","url":"https:\/\/www.welovecycling.com\/hu\/","name":"\u0160koda We Love Cycling - Magyarorsz\u00e1g","description":"\u0160koda WeLoveCycling","potentialAction":[{"@type":"SearchAction","target":{"@type":"EntryPoint","urlTemplate":"https:\/\/www.welovecycling.com\/hu\/?s={search_term_string}"},"query-input":{"@type":"PropertyValueSpecification","valueRequired":true,"valueName":"search_term_string"}}],"inLanguage":"hu"},{"@type":"Person","@id":"https:\/\/www.welovecycling.com\/hu\/#\/schema\/person\/414a2aebf1801691a5320edb6468e194","name":"hegyizs","image":{"@type":"ImageObject","inLanguage":"hu","@id":"https:\/\/www.welovecycling.com\/hu\/#\/schema\/person\/image\/","url":"https:\/\/secure.gravatar.com\/avatar\/02cf8a7906b8cf90cecb4679defac7cfd33a1c2e3b88e4903d947f3bb58eedd3?s=96&d=mm&r=g","contentUrl":"https:\/\/secure.gravatar.com\/avatar\/02cf8a7906b8cf90cecb4679defac7cfd33a1c2e3b88e4903d947f3bb58eedd3?s=96&d=mm&r=g","caption":"hegyizs"},"url":"https:\/\/www.welovecycling.com\/hu\/author\/hegyizs\/"}]}},"_links":{"self":[{"href":"https:\/\/www.welovecycling.com\/hu\/wp-json\/wp\/v2\/posts\/6441","targetHints":{"allow":["GET"]}}],"collection":[{"href":"https:\/\/www.welovecycling.com\/hu\/wp-json\/wp\/v2\/posts"}],"about":[{"href":"https:\/\/www.welovecycling.com\/hu\/wp-json\/wp\/v2\/types\/post"}],"author":[{"embeddable":true,"href":"https:\/\/www.welovecycling.com\/hu\/wp-json\/wp\/v2\/users\/71"}],"replies":[{"embeddable":true,"href":"https:\/\/www.welovecycling.com\/hu\/wp-json\/wp\/v2\/comments?post=6441"}],"version-history":[{"count":2,"href":"https:\/\/www.welovecycling.com\/hu\/wp-json\/wp\/v2\/posts\/6441\/revisions"}],"predecessor-version":[{"id":6493,"href":"https:\/\/www.welovecycling.com\/hu\/wp-json\/wp\/v2\/posts\/6441\/revisions\/6493"}],"wp:featuredmedia":[{"embeddable":true,"href":"https:\/\/www.welovecycling.com\/hu\/wp-json\/wp\/v2\/media\/6450"}],"wp:attachment":[{"href":"https:\/\/www.welovecycling.com\/hu\/wp-json\/wp\/v2\/media?parent=6441"}],"wp:term":[{"taxonomy":"category","embeddable":true,"href":"https:\/\/www.welovecycling.com\/hu\/wp-json\/wp\/v2\/categories?post=6441"},{"taxonomy":"post_tag","embeddable":true,"href":"https:\/\/www.welovecycling.com\/hu\/wp-json\/wp\/v2\/tags?post=6441"},{"taxonomy":"global-categories","embeddable":true,"href":"https:\/\/www.welovecycling.com\/hu\/wp-json\/wp\/v2\/global-categories?post=6441"}],"curies":[{"name":"wp","href":"https:\/\/api.w.org\/{rel}","templated":true}]}}