{"id":6434,"date":"2020-01-16T08:00:52","date_gmt":"2020-01-16T07:00:52","guid":{"rendered":"https:\/\/www.welovecycling.com\/hu\/?p=6434"},"modified":"2020-01-13T15:50:26","modified_gmt":"2020-01-13T14:50:26","slug":"a-szemelyre-szabas-uj-szintje","status":"publish","type":"post","link":"https:\/\/www.welovecycling.com\/hu\/kozosseg-es-kultura\/a-szemelyre-szabas-uj-szintje\/","title":{"rendered":"A szem\u00e9lyre szab\u00e1s \u00faj szintje"},"content":{"rendered":"<p><strong>Mindenki ismeri Henry Ford h\u00edres mondat\u00e1t, miszerint a T-modell b\u00e1rmilyen sz\u00ednben el\u00e9rhet\u0151, amiben a v\u00e1s\u00e1rl\u00f3 szeretn\u00e9, felt\u00e9ve, ha feket\u00e9ben szeretn\u00e9. Ez az elv megv\u00e1ltoztatta az eg\u00e9sz ipar\u00e1gat: azzal, hogy lesz\u0171k\u00fcltek a lehet\u0151s\u00e9gek, megkezd\u0151dhetett a fut\u00f3szalaggy\u00e1rt\u00e1s, alacsony \u00e1ron, \u00edgy lehetett t\u00f6megcikk az aut\u00f3. Manaps\u00e1g pedig pont a t\u00f6meggy\u00e1rt\u00e1s ellenkez\u0151je zajlik.<\/strong><!--more--><\/p>\n<p>Napjaink v\u00e1s\u00e1rl\u00f3ja nem el\u00e9gszik meg egyetlen lehet\u0151s\u00e9ggel: egyedi term\u00e9kekre v\u00e1gynak, olyan sz\u00ednekre, melyek illenek hozz\u00e1juk, de fel\u00e1r n\u00e9lk\u00fcl. A Big Shot Bikes alkalmazkodott ehhez a trendhez, \u00e9s lehet\u0151v\u00e9 tette, hogy a fixie bring\u00e1ikat b\u00e1rmilyen sz\u00ednkombin\u00e1ci\u00f3ban megkaphass\u00e1k a v\u00e1s\u00e1rl\u00f3k.<\/p>\n<p>Az online \u00e9s a f\u00fcggetlen keresked\u0151kn\u00e9l megv\u00e1s\u00e1rolhat\u00f3 Big Shot fixie-k iPad-en \u00e9s sz\u00e1m\u00edt\u00f3g\u00e9pen kedv\u00fcnkre alak\u00edthat\u00f3k: 10 alkatr\u00e9sz sz\u00edn\u00e9t v\u00e1laszthatjuk ki, egyes r\u00e9szekn\u00e9l 9 sz\u00edn is rendelkez\u00e9s\u00fcnkre \u00e1ll. A c\u00e9g elk\u00e9sz\u00edti a megalkotott diz\u00e1jnt \u00e9s h\u00e1zhoz is sz\u00e1ll\u00edtja a sz\u00ednes bring\u00e1kat \u2013 mind\u00f6ssze 500 doll\u00e1r\u00e9rt.<\/p>\n<figure id=\"attachment_6436\" aria-describedby=\"caption-attachment-6436\" style=\"width: 250px\" class=\"wp-caption aligncenter\"><img loading=\"lazy\" decoding=\"async\" class=\"wp-image-6436 size-full\" src=\"https:\/\/d2p6e6u75xmxt8.cloudfront.net\/12\/2020\/01\/wlc_2020_szsz2.jpg\" alt=\"\" width=\"250\" height=\"354\" srcset=\"https:\/\/d2p6e6u75xmxt8.cloudfront.net\/12\/2020\/01\/wlc_2020_szsz2.jpg 250w, https:\/\/d2p6e6u75xmxt8.cloudfront.net\/12\/2020\/01\/wlc_2020_szsz2-212x300.jpg 212w\" sizes=\"auto, (max-width: 250px) 100vw, 250px\" \/><figcaption id=\"caption-attachment-6436\" class=\"wp-caption-text\">Matt Peterson, a Big Shot Bikes \u00fczletvezet\u0151je<\/figcaption><\/figure>\n<p>A m\u00e9rn\u00f6kinformatikus Matt Peterson, 2009-ben alap\u00edtotta a c\u00e9get, a NikeiD egyedi cip\u0151i \u00e1ltal vez\u00e9relve. \u201eEgyenesen fejet ugrottam a dologba\u201d \u2013 mes\u00e9li. \u201eVolt n\u00e9mi tapasztalatom az er\u0151forr\u00e1sok ter\u00e9n, a webfejleszt\u00e9sben szerzett tud\u00e1somn\u00e1l fogva pedig meg tudtam alkotni a weboldalt.\u201d<\/p>\n<p>\u00c9ppen a szoftveres r\u00e9sz az, amire fel\u00e9p\u00edtette a c\u00e9get, nem a biciklialkatr\u00e9szek \u00e9s nem is az \u00fczleti kapcsolatok. Majdnem 14\u00a0000 j\u00e1rg\u00e1nyt adtak eddig el, \u00e9s nem volt k\u00e9t ugyanolyan.<\/p>\n<p>A Big Shot Bikes nem az els\u0151 c\u00e9g, aki a t\u00f6meges szem\u00e9lyre szab\u00e1ssal foglalkozik, de a modern, iPad-bar\u00e1t fel\u00fclet sikerre vitte a v\u00e1llalkoz\u00e1st. Ahelyett, hogy oper\u00e1torokkal vagy katal\u00f3gusokkal kellene bajl\u00f3dni, a v\u00e1s\u00e1rl\u00f3k a megszokott rendel\u00e9si mechanizmust haszn\u00e1lhatj\u00e1k, \u00edgy azonnal l\u00e1tj\u00e1k, hogy fog kin\u00e9zni biciklij\u00fck. \u201eAmit digitaliz\u00e1lni tudsz, azt szem\u00e9lyre is tudod szabni\u201d \u2013 \u00edgy sz\u00f3l B. Joseph Pine II, a t\u00e9m\u00e1ban szak\u00e9rt\u0151 kutat\u00f3 mondata. \u201eHa m\u00e1r eljutott\u00e1l addig, hogy mindent ki tudsz fejezni egyesekben \u00e9s null\u00e1kban, semmis\u00e9g egy egyest null\u00e1ra v\u00e1ltoztatni vagy ford\u00edtva.<\/p>\n<p><img loading=\"lazy\" decoding=\"async\" class=\"aligncenter size-full wp-image-6437\" src=\"https:\/\/d2p6e6u75xmxt8.cloudfront.net\/12\/2020\/01\/wlc_2020_szsz3.jpg\" alt=\"\" width=\"610\" height=\"280\" srcset=\"https:\/\/d2p6e6u75xmxt8.cloudfront.net\/12\/2020\/01\/wlc_2020_szsz3.jpg 610w, https:\/\/d2p6e6u75xmxt8.cloudfront.net\/12\/2020\/01\/wlc_2020_szsz3-300x138.jpg 300w\" sizes=\"auto, (max-width: 610px) 100vw, 610px\" \/><\/p>\n<p>A folyamat azonban nem volt mindig ilyen z\u00f6kken\u0151mentes a Big Shot\u2019s v\u00e1s\u00e1rl\u00f3i sz\u00e1m\u00e1ra. Kezdetben Adobe Flash-sel \u00e9p\u00edtett\u00e9k fel a weboldalt, ami nem volt el\u00e9rhet\u0151 iPad-en. Mivel a forgalom t\u00edz sz\u00e1zal\u00e9ka tabletr\u0151l j\u00f6tt, Peterson r\u00e1j\u00f6tt, hogy ezen v\u00e1ltoztatni kell. \u00cdgy \u00fajraprogramozta az oldalt, ez\u00fattal HTML5-tel.<\/p>\n<figure id=\"attachment_6438\" aria-describedby=\"caption-attachment-6438\" style=\"width: 250px\" class=\"wp-caption aligncenter\"><img loading=\"lazy\" decoding=\"async\" class=\"size-full wp-image-6438\" src=\"https:\/\/d2p6e6u75xmxt8.cloudfront.net\/12\/2020\/01\/wlc_2020_szsz4.jpg\" alt=\"\" width=\"250\" height=\"158\" \/><figcaption id=\"caption-attachment-6438\" class=\"wp-caption-text\">\u00dclj\u00fcnk csinosan! T\u00f6bb mint t\u00edz alkatr\u00e9sz sz\u00edn\u00e9t v\u00e1ltoztathatod<\/figcaption><\/figure>\n<p>Pine kiemelt, hogy a t\u00f6meges szem\u00e9lyre szab\u00e1s olyan el\u0151ny\u00f6ket ny\u00fajt a c\u00e9geknek, mint p\u00e9ld\u00e1ul a k\u00f6lts\u00e9gcs\u00f6kkent\u00e9s a t\u00e1rol\u00e1s sz\u00fcks\u00e9gtelens\u00e9ge miatt \u00e9s a pontosabb el\u0151rejelz\u00e9sek lehet\u0151s\u00e9ge. A viszontelad\u00f3k pedig nem fogj\u00e1k ker\u00fclgetni a rakt\u00e1rban az el nem adott darabokat. Ez egy olyan modell, ami m\u00e1s ipar\u00e1gakban is meg\u00e1llja a hely\u00e9t, p\u00e9ld\u00e1ul a ruhaiparban, ahol jelenleg rengeteg a megmaradt \u00e1rukb\u00f3l sz\u00e1rmaz\u00f3 hullad\u00e9k.<\/p>\n<p><img loading=\"lazy\" decoding=\"async\" class=\"aligncenter size-full wp-image-6439\" src=\"https:\/\/d2p6e6u75xmxt8.cloudfront.net\/12\/2020\/01\/wlc_2020_szsz5.jpg\" alt=\"\" width=\"200\" height=\"329\" srcset=\"https:\/\/d2p6e6u75xmxt8.cloudfront.net\/12\/2020\/01\/wlc_2020_szsz5.jpg 200w, https:\/\/d2p6e6u75xmxt8.cloudfront.net\/12\/2020\/01\/wlc_2020_szsz5-182x300.jpg 182w\" sizes=\"auto, (max-width: 200px) 100vw, 200px\" \/><\/p>\n<p>A viszontelad\u00f3k sokszor tartanak egy modellt rakt\u00e1ron, hogy a vev\u0151k \u00e9l\u0151ben l\u00e1thass\u00e1k, mir\u0151l van sz\u00f3, miel\u0151tt rendelnek. A v\u00e1s\u00e1rl\u00f3k a kiskeresked\u0151k\u00f6n kereszt\u00fcl is kiv\u00e1laszthatj\u00e1k mind a t\u00edz alkatr\u00e9sz sz\u00edn\u00e9t. Mivel mindenr\u0151l \u0151k d\u00f6ntenek, nem kell semmit kicser\u00e9lni, miut\u00e1n elk\u00e9sz\u00fclt a bringa.<\/p>\n<p>Napjaink v\u00e1s\u00e1rl\u00f3i sz\u00e1m\u00e1ra a szem\u00e9lyre szab\u00e1s az egyedis\u00e9gr\u0151l sz\u00f3l, f\u0151leg ha egy olyan term\u00e9kr\u0151l van sz\u00f3, ami k\u00f6r\u00fcl kialakult egy kult\u00fara, mint p\u00e9ld\u00e1ul a ker\u00e9kp\u00e1rok\u201d \u2013 magyar\u00e1zza Pine. \u201eIgazit \u00e9s eredetit akarnak. Akkor m\u0171k\u00f6dik a szem\u00e9lyre szab\u00e1s, ha l\u00e9trej\u00f6n az a vibr\u00e1l\u00e1s k\u00f6zted \u00e9s a term\u00e9kek k\u00f6z\u00f6tt, amikor azt mondod: Igen, ez vagyok \u00e9n. \u00cdgy lesznek ezek a biciklik r\u00e9szei az egy\u00e9nis\u00e9gednek.\u201d<\/p>\n<p><em>Forr\u00e1s: <\/em><a href=\"https:\/\/www.entrepreneur.com\/article\/228257\" target=\"_blank\" rel=\"noopener\"><em>entrepreneur.com<\/em><\/a><\/p>\n","protected":false},"excerpt":{"rendered":"<p>Mindenki ismeri Henry Ford h\u00edres mondat\u00e1t, miszerint a T-modell b\u00e1rmilyen sz\u00ednben el\u00e9rhet\u0151, amiben a v\u00e1s\u00e1rl\u00f3 szeretn\u00e9, felt\u00e9ve, ha feket\u00e9ben szeretn\u00e9. [&hellip;]<\/p>\n","protected":false},"author":71,"featured_media":6435,"comment_status":"open","ping_status":"open","sticky":false,"template":"","format":"standard","meta":{"footnotes":""},"categories":[12],"tags":[],"global-categories":[],"class_list":["post-6434","post","type-post","status-publish","format-standard","has-post-thumbnail","hentry","category-kozosseg-es-kultura"],"yoast_head":"<!-- This site is optimized with the Yoast SEO Premium plugin v25.3 (Yoast SEO v25.9) - https:\/\/yoast.com\/wordpress\/plugins\/seo\/ -->\n<title>A szem\u00e9lyre szab\u00e1s \u00faj szintje - \u0160koda We Love Cycling - Magyarorsz\u00e1g<\/title>\n<meta name=\"robots\" content=\"index, follow, max-snippet:-1, max-image-preview:large, max-video-preview:-1\" \/>\n<link rel=\"canonical\" href=\"https:\/\/www.welovecycling.com\/hu\/kozosseg-es-kultura\/a-szemelyre-szabas-uj-szintje\/\" \/>\n<meta property=\"og:locale\" content=\"hu_HU\" \/>\n<meta property=\"og:type\" content=\"article\" \/>\n<meta property=\"og:title\" content=\"A szem\u00e9lyre szab\u00e1s \u00faj szintje\" \/>\n<meta property=\"og:description\" content=\"Mindenki ismeri Henry Ford h\u00edres mondat\u00e1t, miszerint a T-modell b\u00e1rmilyen sz\u00ednben el\u00e9rhet\u0151, amiben a v\u00e1s\u00e1rl\u00f3 szeretn\u00e9, felt\u00e9ve, ha feket\u00e9ben szeretn\u00e9. [&hellip;]\" \/>\n<meta property=\"og:url\" content=\"https:\/\/www.welovecycling.com\/hu\/kozosseg-es-kultura\/a-szemelyre-szabas-uj-szintje\/\" \/>\n<meta property=\"og:site_name\" content=\"\u0160koda We Love Cycling - Magyarorsz\u00e1g\" \/>\n<meta property=\"article:publisher\" content=\"https:\/\/www.facebook.com\/WeLoveCyclingHungary\/\" \/>\n<meta property=\"article:published_time\" content=\"2020-01-16T07:00:52+00:00\" \/>\n<meta property=\"og:image\" content=\"https:\/\/d2p6e6u75xmxt8.cloudfront.net\/12\/2020\/01\/wlc_2020_szsz01.png\" \/>\n\t<meta property=\"og:image:width\" content=\"1210\" \/>\n\t<meta property=\"og:image:height\" content=\"520\" \/>\n\t<meta property=\"og:image:type\" content=\"image\/png\" \/>\n<meta name=\"author\" content=\"hegyizs\" \/>\n<meta name=\"twitter:card\" content=\"summary_large_image\" \/>\n<meta name=\"twitter:label1\" content=\"Written by\" \/>\n\t<meta name=\"twitter:data1\" content=\"WLC\" \/>\n\t<meta name=\"twitter:label2\" content=\"Est. reading time\" \/>\n\t<meta name=\"twitter:data2\" content=\"4 minutes\" \/>\n<script type=\"application\/ld+json\" class=\"yoast-schema-graph\">{\"@context\":\"https:\/\/schema.org\",\"@graph\":[{\"@type\":\"WebPage\",\"@id\":\"https:\/\/www.welovecycling.com\/hu\/kozosseg-es-kultura\/a-szemelyre-szabas-uj-szintje\/\",\"url\":\"https:\/\/www.welovecycling.com\/hu\/kozosseg-es-kultura\/a-szemelyre-szabas-uj-szintje\/\",\"name\":\"A szem\u00e9lyre szab\u00e1s \u00faj szintje - \u0160koda We Love Cycling - Magyarorsz\u00e1g\",\"isPartOf\":{\"@id\":\"https:\/\/www.welovecycling.com\/hu\/#website\"},\"primaryImageOfPage\":{\"@id\":\"https:\/\/www.welovecycling.com\/hu\/kozosseg-es-kultura\/a-szemelyre-szabas-uj-szintje\/#primaryimage\"},\"image\":{\"@id\":\"https:\/\/www.welovecycling.com\/hu\/kozosseg-es-kultura\/a-szemelyre-szabas-uj-szintje\/#primaryimage\"},\"thumbnailUrl\":\"https:\/\/d2p6e6u75xmxt8.cloudfront.net\/12\/2020\/01\/wlc_2020_szsz01.png\",\"datePublished\":\"2020-01-16T07:00:52+00:00\",\"author\":{\"@id\":\"https:\/\/www.welovecycling.com\/hu\/#\/schema\/person\/414a2aebf1801691a5320edb6468e194\"},\"breadcrumb\":{\"@id\":\"https:\/\/www.welovecycling.com\/hu\/kozosseg-es-kultura\/a-szemelyre-szabas-uj-szintje\/#breadcrumb\"},\"inLanguage\":\"hu\",\"potentialAction\":[{\"@type\":\"ReadAction\",\"target\":[\"https:\/\/www.welovecycling.com\/hu\/kozosseg-es-kultura\/a-szemelyre-szabas-uj-szintje\/\"]}]},{\"@type\":\"ImageObject\",\"inLanguage\":\"hu\",\"@id\":\"https:\/\/www.welovecycling.com\/hu\/kozosseg-es-kultura\/a-szemelyre-szabas-uj-szintje\/#primaryimage\",\"url\":\"https:\/\/d2p6e6u75xmxt8.cloudfront.net\/12\/2020\/01\/wlc_2020_szsz01.png\",\"contentUrl\":\"https:\/\/d2p6e6u75xmxt8.cloudfront.net\/12\/2020\/01\/wlc_2020_szsz01.png\",\"width\":1210,\"height\":520},{\"@type\":\"BreadcrumbList\",\"@id\":\"https:\/\/www.welovecycling.com\/hu\/kozosseg-es-kultura\/a-szemelyre-szabas-uj-szintje\/#breadcrumb\",\"itemListElement\":[{\"@type\":\"ListItem\",\"position\":1,\"name\":\"Home\",\"item\":\"https:\/\/www.welovecycling.com\/hu\/\"},{\"@type\":\"ListItem\",\"position\":2,\"name\":\"A szem\u00e9lyre szab\u00e1s \u00faj szintje\"}]},{\"@type\":\"WebSite\",\"@id\":\"https:\/\/www.welovecycling.com\/hu\/#website\",\"url\":\"https:\/\/www.welovecycling.com\/hu\/\",\"name\":\"\u0160koda We Love Cycling - Magyarorsz\u00e1g\",\"description\":\"\u0160koda WeLoveCycling\",\"potentialAction\":[{\"@type\":\"SearchAction\",\"target\":{\"@type\":\"EntryPoint\",\"urlTemplate\":\"https:\/\/www.welovecycling.com\/hu\/?s={search_term_string}\"},\"query-input\":{\"@type\":\"PropertyValueSpecification\",\"valueRequired\":true,\"valueName\":\"search_term_string\"}}],\"inLanguage\":\"hu\"},{\"@type\":\"Person\",\"@id\":\"https:\/\/www.welovecycling.com\/hu\/#\/schema\/person\/414a2aebf1801691a5320edb6468e194\",\"name\":\"hegyizs\",\"image\":{\"@type\":\"ImageObject\",\"inLanguage\":\"hu\",\"@id\":\"https:\/\/www.welovecycling.com\/hu\/#\/schema\/person\/image\/\",\"url\":\"https:\/\/secure.gravatar.com\/avatar\/02cf8a7906b8cf90cecb4679defac7cfd33a1c2e3b88e4903d947f3bb58eedd3?s=96&d=mm&r=g\",\"contentUrl\":\"https:\/\/secure.gravatar.com\/avatar\/02cf8a7906b8cf90cecb4679defac7cfd33a1c2e3b88e4903d947f3bb58eedd3?s=96&d=mm&r=g\",\"caption\":\"hegyizs\"},\"url\":\"https:\/\/www.welovecycling.com\/hu\/author\/hegyizs\/\"}]}<\/script>\n<!-- \/ Yoast SEO Premium plugin. -->","yoast_head_json":{"title":"A szem\u00e9lyre szab\u00e1s \u00faj szintje - \u0160koda We Love Cycling - Magyarorsz\u00e1g","robots":{"index":"index","follow":"follow","max-snippet":"max-snippet:-1","max-image-preview":"max-image-preview:large","max-video-preview":"max-video-preview:-1"},"canonical":"https:\/\/www.welovecycling.com\/hu\/kozosseg-es-kultura\/a-szemelyre-szabas-uj-szintje\/","og_locale":"hu_HU","og_type":"article","og_title":"A szem\u00e9lyre szab\u00e1s \u00faj szintje","og_description":"Mindenki ismeri Henry Ford h\u00edres mondat\u00e1t, miszerint a T-modell b\u00e1rmilyen sz\u00ednben el\u00e9rhet\u0151, amiben a v\u00e1s\u00e1rl\u00f3 szeretn\u00e9, felt\u00e9ve, ha feket\u00e9ben szeretn\u00e9. [&hellip;]","og_url":"https:\/\/www.welovecycling.com\/hu\/kozosseg-es-kultura\/a-szemelyre-szabas-uj-szintje\/","og_site_name":"\u0160koda We Love Cycling - Magyarorsz\u00e1g","article_publisher":"https:\/\/www.facebook.com\/WeLoveCyclingHungary\/","article_published_time":"2020-01-16T07:00:52+00:00","og_image":[{"width":1210,"height":520,"url":"https:\/\/d2p6e6u75xmxt8.cloudfront.net\/12\/2020\/01\/wlc_2020_szsz01.png","type":"image\/png"}],"author":"hegyizs","twitter_card":"summary_large_image","twitter_misc":{"Written by":"WLC","Est. reading time":"4 minutes"},"schema":{"@context":"https:\/\/schema.org","@graph":[{"@type":"WebPage","@id":"https:\/\/www.welovecycling.com\/hu\/kozosseg-es-kultura\/a-szemelyre-szabas-uj-szintje\/","url":"https:\/\/www.welovecycling.com\/hu\/kozosseg-es-kultura\/a-szemelyre-szabas-uj-szintje\/","name":"A szem\u00e9lyre szab\u00e1s \u00faj szintje - \u0160koda We Love Cycling - Magyarorsz\u00e1g","isPartOf":{"@id":"https:\/\/www.welovecycling.com\/hu\/#website"},"primaryImageOfPage":{"@id":"https:\/\/www.welovecycling.com\/hu\/kozosseg-es-kultura\/a-szemelyre-szabas-uj-szintje\/#primaryimage"},"image":{"@id":"https:\/\/www.welovecycling.com\/hu\/kozosseg-es-kultura\/a-szemelyre-szabas-uj-szintje\/#primaryimage"},"thumbnailUrl":"https:\/\/d2p6e6u75xmxt8.cloudfront.net\/12\/2020\/01\/wlc_2020_szsz01.png","datePublished":"2020-01-16T07:00:52+00:00","author":{"@id":"https:\/\/www.welovecycling.com\/hu\/#\/schema\/person\/414a2aebf1801691a5320edb6468e194"},"breadcrumb":{"@id":"https:\/\/www.welovecycling.com\/hu\/kozosseg-es-kultura\/a-szemelyre-szabas-uj-szintje\/#breadcrumb"},"inLanguage":"hu","potentialAction":[{"@type":"ReadAction","target":["https:\/\/www.welovecycling.com\/hu\/kozosseg-es-kultura\/a-szemelyre-szabas-uj-szintje\/"]}]},{"@type":"ImageObject","inLanguage":"hu","@id":"https:\/\/www.welovecycling.com\/hu\/kozosseg-es-kultura\/a-szemelyre-szabas-uj-szintje\/#primaryimage","url":"https:\/\/d2p6e6u75xmxt8.cloudfront.net\/12\/2020\/01\/wlc_2020_szsz01.png","contentUrl":"https:\/\/d2p6e6u75xmxt8.cloudfront.net\/12\/2020\/01\/wlc_2020_szsz01.png","width":1210,"height":520},{"@type":"BreadcrumbList","@id":"https:\/\/www.welovecycling.com\/hu\/kozosseg-es-kultura\/a-szemelyre-szabas-uj-szintje\/#breadcrumb","itemListElement":[{"@type":"ListItem","position":1,"name":"Home","item":"https:\/\/www.welovecycling.com\/hu\/"},{"@type":"ListItem","position":2,"name":"A szem\u00e9lyre szab\u00e1s \u00faj szintje"}]},{"@type":"WebSite","@id":"https:\/\/www.welovecycling.com\/hu\/#website","url":"https:\/\/www.welovecycling.com\/hu\/","name":"\u0160koda We Love Cycling - Magyarorsz\u00e1g","description":"\u0160koda WeLoveCycling","potentialAction":[{"@type":"SearchAction","target":{"@type":"EntryPoint","urlTemplate":"https:\/\/www.welovecycling.com\/hu\/?s={search_term_string}"},"query-input":{"@type":"PropertyValueSpecification","valueRequired":true,"valueName":"search_term_string"}}],"inLanguage":"hu"},{"@type":"Person","@id":"https:\/\/www.welovecycling.com\/hu\/#\/schema\/person\/414a2aebf1801691a5320edb6468e194","name":"hegyizs","image":{"@type":"ImageObject","inLanguage":"hu","@id":"https:\/\/www.welovecycling.com\/hu\/#\/schema\/person\/image\/","url":"https:\/\/secure.gravatar.com\/avatar\/02cf8a7906b8cf90cecb4679defac7cfd33a1c2e3b88e4903d947f3bb58eedd3?s=96&d=mm&r=g","contentUrl":"https:\/\/secure.gravatar.com\/avatar\/02cf8a7906b8cf90cecb4679defac7cfd33a1c2e3b88e4903d947f3bb58eedd3?s=96&d=mm&r=g","caption":"hegyizs"},"url":"https:\/\/www.welovecycling.com\/hu\/author\/hegyizs\/"}]}},"_links":{"self":[{"href":"https:\/\/www.welovecycling.com\/hu\/wp-json\/wp\/v2\/posts\/6434","targetHints":{"allow":["GET"]}}],"collection":[{"href":"https:\/\/www.welovecycling.com\/hu\/wp-json\/wp\/v2\/posts"}],"about":[{"href":"https:\/\/www.welovecycling.com\/hu\/wp-json\/wp\/v2\/types\/post"}],"author":[{"embeddable":true,"href":"https:\/\/www.welovecycling.com\/hu\/wp-json\/wp\/v2\/users\/71"}],"replies":[{"embeddable":true,"href":"https:\/\/www.welovecycling.com\/hu\/wp-json\/wp\/v2\/comments?post=6434"}],"version-history":[{"count":1,"href":"https:\/\/www.welovecycling.com\/hu\/wp-json\/wp\/v2\/posts\/6434\/revisions"}],"predecessor-version":[{"id":6440,"href":"https:\/\/www.welovecycling.com\/hu\/wp-json\/wp\/v2\/posts\/6434\/revisions\/6440"}],"wp:featuredmedia":[{"embeddable":true,"href":"https:\/\/www.welovecycling.com\/hu\/wp-json\/wp\/v2\/media\/6435"}],"wp:attachment":[{"href":"https:\/\/www.welovecycling.com\/hu\/wp-json\/wp\/v2\/media?parent=6434"}],"wp:term":[{"taxonomy":"category","embeddable":true,"href":"https:\/\/www.welovecycling.com\/hu\/wp-json\/wp\/v2\/categories?post=6434"},{"taxonomy":"post_tag","embeddable":true,"href":"https:\/\/www.welovecycling.com\/hu\/wp-json\/wp\/v2\/tags?post=6434"},{"taxonomy":"global-categories","embeddable":true,"href":"https:\/\/www.welovecycling.com\/hu\/wp-json\/wp\/v2\/global-categories?post=6434"}],"curies":[{"name":"wp","href":"https:\/\/api.w.org\/{rel}","templated":true}]}}