{"id":6431,"date":"2020-01-13T08:00:50","date_gmt":"2020-01-13T07:00:50","guid":{"rendered":"https:\/\/www.welovecycling.com\/hu\/?p=6431"},"modified":"2020-01-13T12:30:30","modified_gmt":"2020-01-13T11:30:30","slug":"mit-szeretnek-a-gyerekek-a-sportban","status":"publish","type":"post","link":"https:\/\/www.welovecycling.com\/hu\/csalad\/mit-szeretnek-a-gyerekek-a-sportban\/","title":{"rendered":"Mit szeretnek a gyerekek a sportban?"},"content":{"rendered":"<p><strong>A l\u00e1nyok m\u00e1s dolgok miatt sportolnak sz\u00edvesen, mint a fi\u00fak? Az motiv\u00e1lja a gyerekeket jobban, ha \u00fagy \u00e9rzik, kihozt\u00e1k magukb\u00f3l a legjobbat, vagy az, ha nyertek m\u00e1sok ellen? Egy \u00faj kutat\u00e1s alaposan megvizsg\u00e1lta, hogy mit\u0151l lesz egy sport \u00e9lvezetes a kisl\u00e1nyok \u00e9s kissr\u00e1cok sz\u00e1m\u00e1ra, \u00e9s \u00fagy t\u0171nik, van mit tanulnunk a tapasztalatokb\u00f3l.<\/strong><!--more--><\/p>\n<h2><strong>T\u00f6bb a hasonl\u00f3s\u00e1g, mint az elt\u00e9r\u00e9s a nemek k\u00f6z\u00f6tt<\/strong><\/h2>\n<p>A K\u00f6zeg\u00e9szs\u00e9g\u00fcgyi George Washington Egyetem kutat\u00f3i megc\u00e1folt\u00e1k azt a sz\u00e9les k\u00f6rben elterjedt m\u00edtoszt, miszerint a l\u00e1nyok a sportol\u00e1s szoci\u00e1lis aspektusai j\u00e1tszanak fontosabb szerepet \u2013 mint p\u00e9ld\u00e1ul a bar\u00e1ts\u00e1g \u2013 a fi\u00fak pedig a versenyz\u00e9s \u00f6r\u00f6m\u00e9\u00e9rt sportolnak.<\/p>\n<p>\u201eAdataink szerint a l\u00e1nyok \u00e9s a fi\u00fak sokkal ink\u00e1bb hasonl\u00edtanak, mintsem k\u00fcl\u00f6nb\u00f6znek abban, hogy mit szeretnek a sportol\u00e1sban. Ami legink\u00e1bb sz\u00e1m\u00edt, nemt\u0151l f\u00fcggetlen\u00fcl, az az, hogy a legjobbat hozz\u00e1k ki magukb\u00f3l, kem\u00e9nyen dolgozzanak, akt\u00edvak maradjanak \u00e9s csapatk\u00e9nt j\u00e1tszanak egy\u00fctt. Ezek a motiv\u00e1ci\u00f3k megegyeznek a fiatalabb \u00e9s id\u0151sebb atl\u00e9t\u00e1kn\u00e1l, illetve a hobbi-, \u00e9s a versenyszer\u0171 sportol\u00f3kn\u00e1l egyar\u00e1nt\u201d \u2013 nyilatkozta Amanda J. Visek, a kutat\u00e1s vezet\u0151je. A vizsg\u00e1latban szerepl\u0151 81 jellemz\u0151 rangsorol\u00e1sakor \u2013 a sport \u00f6r\u00f6m\u00e9hez val\u00f3 hozz\u00e1j\u00e1rul\u00e1s alapj\u00e1n &#8211; puszt\u00e1n a 40. helyen v\u00e9gzett a gy\u0151zelem, ami sokkal h\u00e1tr\u00e9bb van, mint amire sz\u00e1m\u00edthattunk volna.<\/p>\n<p><img loading=\"lazy\" decoding=\"async\" class=\"alignnone size-full wp-image-6163\" src=\"https:\/\/d2p6e6u75xmxt8.cloudfront.net\/12\/2019\/12\/Kids-Cvr-4.jpg\" alt=\"\" width=\"1376\" height=\"918\" srcset=\"https:\/\/d2p6e6u75xmxt8.cloudfront.net\/12\/2019\/12\/Kids-Cvr-4.jpg 1376w, https:\/\/d2p6e6u75xmxt8.cloudfront.net\/12\/2019\/12\/Kids-Cvr-4-300x200.jpg 300w, https:\/\/d2p6e6u75xmxt8.cloudfront.net\/12\/2019\/12\/Kids-Cvr-4-768x512.jpg 768w, https:\/\/d2p6e6u75xmxt8.cloudfront.net\/12\/2019\/12\/Kids-Cvr-4-1024x683.jpg 1024w, https:\/\/d2p6e6u75xmxt8.cloudfront.net\/12\/2019\/12\/Kids-Cvr-4-272x182.jpg 272w\" sizes=\"auto, (max-width: 1376px) 100vw, 1376px\" \/><\/p>\n<h2><strong>A gyerekek szeretik a v\u00e1ltozatoss\u00e1got<\/strong><\/h2>\n<p>A fiatalabbak sz\u00e1m\u00e1ra fontosabb, hogy olyan edz\u0151j\u00fck legyen, aki megengedi nekik, hogy t\u00f6bb poz\u00edci\u00f3ban is kipr\u00f3b\u00e1lj\u00e1k magukat, mint az id\u0151sebb gyerekek sz\u00e1m\u00e1ra. Ez az eredm\u00e9ny meger\u0151s\u00edti azokat az elm\u00e9leteket, melyek javasolj\u00e1k, hogy a kisebbeket ezzel a strat\u00e9gi\u00e1val motiv\u00e1ljuk.<\/p>\n<p>\u201eHa a gyerekek t\u00f6bb sportot is ki tudnak pr\u00f3b\u00e1lni, \u00e9s az egyes \u00e1gazatokon bel\u00fcl is v\u00e1ltogathatj\u00e1k a poz\u00edci\u00f3kat, hozz\u00e1j\u00e1rul atl\u00e9tikai fejl\u0151d\u00e9s\u00fckh\u00f6z, k\u00fcl\u00f6n\u00f6sen fiatal korban\u201d \u2013 teszi hozz\u00e1 Visek.<\/p>\n<p><img loading=\"lazy\" decoding=\"async\" class=\"alignnone size-full wp-image-6159\" src=\"https:\/\/d2p6e6u75xmxt8.cloudfront.net\/12\/2019\/12\/Kids-Cvr-2.jpg\" alt=\"\" width=\"1376\" height=\"918\" srcset=\"https:\/\/d2p6e6u75xmxt8.cloudfront.net\/12\/2019\/12\/Kids-Cvr-2.jpg 1376w, https:\/\/d2p6e6u75xmxt8.cloudfront.net\/12\/2019\/12\/Kids-Cvr-2-300x200.jpg 300w, https:\/\/d2p6e6u75xmxt8.cloudfront.net\/12\/2019\/12\/Kids-Cvr-2-768x512.jpg 768w, https:\/\/d2p6e6u75xmxt8.cloudfront.net\/12\/2019\/12\/Kids-Cvr-2-1024x683.jpg 1024w, https:\/\/d2p6e6u75xmxt8.cloudfront.net\/12\/2019\/12\/Kids-Cvr-2-272x182.jpg 272w\" sizes=\"auto, (max-width: 1376px) 100vw, 1376px\" \/><\/p>\n<h2><strong>Egyszer\u0171en j\u00f3l akarnak mulatni<\/strong><\/h2>\n<p>A kutat\u00e1sban r\u00e9sztvev\u0151 gyerekek t\u00falnyom\u00f3r\u00e9szt focist\u00e1k voltak, b\u00e1r legt\u00f6bbj\u00fck m\u00e1s sportokat is \u0171z. Visek kiemelte, hogy tov\u00e1bbi vizsg\u00e1l\u00f3d\u00e1sok sz\u00fcks\u00e9gesek ahhoz, hogy m\u00e1s sportokra vonatkoz\u00f3an is biztosan lehess\u00fck az eredm\u00e9nyekben. Mell\u00e9kv\u00e1g\u00e1nyra vezethet, ha az edz\u0151k \u00e9s a sz\u00fcl\u0151k a gy\u0151zelmeket tartj\u00e1k a legfontosabbnak, vagy az \u00e1ll\u00edt\u00f3lagos nemi k\u00fcl\u00f6nbs\u00e9gekre alapoznak.<\/p>\n<p>\u201eHa versenyszer\u0171 sportol\u00e1sr\u00f3l van sz\u00f3, a gyerekek egyszer\u0171en csak j\u00f3l akarj\u00e1k magukat \u00e9rezni\u201d \u2013 magyar\u00e1zta Visek. \u201eEz a kutat\u00e1s nem t\u00e1masztja al\u00e1 a n\u00e9pszer\u0171 nemi-, \u00e9s fejleszt\u00e9si sztereot\u00edpi\u00e1kat, amiket hajlamosak vagyunk \u00e1ll\u00edtani a sportol\u00f3 gyerekekr\u0151l.\u201d<\/p>\n","protected":false},"excerpt":{"rendered":"<p>A l\u00e1nyok m\u00e1s dolgok miatt sportolnak sz\u00edvesen, mint a fi\u00fak? Az motiv\u00e1lja a gyerekeket jobban, ha \u00fagy \u00e9rzik, kihozt\u00e1k magukb\u00f3l [&hellip;]<\/p>\n","protected":false},"author":71,"featured_media":6166,"comment_status":"open","ping_status":"open","sticky":false,"template":"","format":"standard","meta":{"footnotes":""},"categories":[11],"tags":[],"global-categories":[],"class_list":["post-6431","post","type-post","status-publish","format-standard","has-post-thumbnail","hentry","category-csalad"],"yoast_head":"<!-- This site is optimized with the Yoast SEO Premium plugin v25.3 (Yoast SEO v25.9) - https:\/\/yoast.com\/wordpress\/plugins\/seo\/ -->\n<title>Mit szeretnek a gyerekek a sportban? - \u0160koda We Love Cycling - Magyarorsz\u00e1g<\/title>\n<meta name=\"robots\" content=\"index, follow, max-snippet:-1, max-image-preview:large, max-video-preview:-1\" \/>\n<link rel=\"canonical\" href=\"https:\/\/www.welovecycling.com\/hu\/csalad\/mit-szeretnek-a-gyerekek-a-sportban\/\" \/>\n<meta property=\"og:locale\" content=\"hu_HU\" \/>\n<meta property=\"og:type\" content=\"article\" \/>\n<meta property=\"og:title\" content=\"Mit szeretnek a gyerekek a sportban?\" \/>\n<meta property=\"og:description\" content=\"A l\u00e1nyok m\u00e1s dolgok miatt sportolnak sz\u00edvesen, mint a fi\u00fak? Az motiv\u00e1lja a gyerekeket jobban, ha \u00fagy \u00e9rzik, kihozt\u00e1k magukb\u00f3l [&hellip;]\" \/>\n<meta property=\"og:url\" content=\"https:\/\/www.welovecycling.com\/hu\/csalad\/mit-szeretnek-a-gyerekek-a-sportban\/\" \/>\n<meta property=\"og:site_name\" content=\"\u0160koda We Love Cycling - Magyarorsz\u00e1g\" \/>\n<meta property=\"article:publisher\" content=\"https:\/\/www.facebook.com\/WeLoveCyclingHungary\/\" \/>\n<meta property=\"article:published_time\" content=\"2020-01-13T07:00:50+00:00\" \/>\n<meta property=\"article:modified_time\" content=\"2020-01-13T11:30:30+00:00\" \/>\n<meta property=\"og:image\" content=\"https:\/\/d2p6e6u75xmxt8.cloudfront.net\/12\/2019\/12\/Kids-Cvr.jpg\" \/>\n\t<meta property=\"og:image:width\" content=\"1366\" \/>\n\t<meta property=\"og:image:height\" content=\"600\" \/>\n\t<meta property=\"og:image:type\" content=\"image\/jpeg\" \/>\n<meta name=\"author\" content=\"hegyizs\" \/>\n<meta name=\"twitter:card\" content=\"summary_large_image\" \/>\n<meta name=\"twitter:label1\" content=\"Written by\" \/>\n\t<meta name=\"twitter:data1\" content=\"Jiri Kaloc\" \/>\n\t<meta name=\"twitter:label2\" content=\"Est. reading time\" \/>\n\t<meta name=\"twitter:data2\" content=\"5\" \/>\n<script type=\"application\/ld+json\" class=\"yoast-schema-graph\">{\"@context\":\"https:\/\/schema.org\",\"@graph\":[{\"@type\":\"WebPage\",\"@id\":\"https:\/\/www.welovecycling.com\/hu\/csalad\/mit-szeretnek-a-gyerekek-a-sportban\/\",\"url\":\"https:\/\/www.welovecycling.com\/hu\/csalad\/mit-szeretnek-a-gyerekek-a-sportban\/\",\"name\":\"Mit szeretnek a gyerekek a sportban? - \u0160koda We Love Cycling - Magyarorsz\u00e1g\",\"isPartOf\":{\"@id\":\"https:\/\/www.welovecycling.com\/hu\/#website\"},\"primaryImageOfPage\":{\"@id\":\"https:\/\/www.welovecycling.com\/hu\/csalad\/mit-szeretnek-a-gyerekek-a-sportban\/#primaryimage\"},\"image\":{\"@id\":\"https:\/\/www.welovecycling.com\/hu\/csalad\/mit-szeretnek-a-gyerekek-a-sportban\/#primaryimage\"},\"thumbnailUrl\":\"https:\/\/d2p6e6u75xmxt8.cloudfront.net\/12\/2019\/12\/Kids-Cvr.jpg\",\"datePublished\":\"2020-01-13T07:00:50+00:00\",\"dateModified\":\"2020-01-13T11:30:30+00:00\",\"author\":{\"@id\":\"https:\/\/www.welovecycling.com\/hu\/#\/schema\/person\/414a2aebf1801691a5320edb6468e194\"},\"breadcrumb\":{\"@id\":\"https:\/\/www.welovecycling.com\/hu\/csalad\/mit-szeretnek-a-gyerekek-a-sportban\/#breadcrumb\"},\"inLanguage\":\"hu\",\"potentialAction\":[{\"@type\":\"ReadAction\",\"target\":[\"https:\/\/www.welovecycling.com\/hu\/csalad\/mit-szeretnek-a-gyerekek-a-sportban\/\"]}]},{\"@type\":\"ImageObject\",\"inLanguage\":\"hu\",\"@id\":\"https:\/\/www.welovecycling.com\/hu\/csalad\/mit-szeretnek-a-gyerekek-a-sportban\/#primaryimage\",\"url\":\"https:\/\/d2p6e6u75xmxt8.cloudfront.net\/12\/2019\/12\/Kids-Cvr.jpg\",\"contentUrl\":\"https:\/\/d2p6e6u75xmxt8.cloudfront.net\/12\/2019\/12\/Kids-Cvr.jpg\",\"width\":1366,\"height\":600},{\"@type\":\"BreadcrumbList\",\"@id\":\"https:\/\/www.welovecycling.com\/hu\/csalad\/mit-szeretnek-a-gyerekek-a-sportban\/#breadcrumb\",\"itemListElement\":[{\"@type\":\"ListItem\",\"position\":1,\"name\":\"Home\",\"item\":\"https:\/\/www.welovecycling.com\/hu\/\"},{\"@type\":\"ListItem\",\"position\":2,\"name\":\"Mit szeretnek a gyerekek a sportban?\"}]},{\"@type\":\"WebSite\",\"@id\":\"https:\/\/www.welovecycling.com\/hu\/#website\",\"url\":\"https:\/\/www.welovecycling.com\/hu\/\",\"name\":\"\u0160koda We Love Cycling - Magyarorsz\u00e1g\",\"description\":\"\u0160koda WeLoveCycling\",\"potentialAction\":[{\"@type\":\"SearchAction\",\"target\":{\"@type\":\"EntryPoint\",\"urlTemplate\":\"https:\/\/www.welovecycling.com\/hu\/?s={search_term_string}\"},\"query-input\":{\"@type\":\"PropertyValueSpecification\",\"valueRequired\":true,\"valueName\":\"search_term_string\"}}],\"inLanguage\":\"hu\"},{\"@type\":\"Person\",\"@id\":\"https:\/\/www.welovecycling.com\/hu\/#\/schema\/person\/414a2aebf1801691a5320edb6468e194\",\"name\":\"hegyizs\",\"image\":{\"@type\":\"ImageObject\",\"inLanguage\":\"hu\",\"@id\":\"https:\/\/www.welovecycling.com\/hu\/#\/schema\/person\/image\/\",\"url\":\"https:\/\/secure.gravatar.com\/avatar\/02cf8a7906b8cf90cecb4679defac7cfd33a1c2e3b88e4903d947f3bb58eedd3?s=96&d=mm&r=g\",\"contentUrl\":\"https:\/\/secure.gravatar.com\/avatar\/02cf8a7906b8cf90cecb4679defac7cfd33a1c2e3b88e4903d947f3bb58eedd3?s=96&d=mm&r=g\",\"caption\":\"hegyizs\"},\"url\":\"https:\/\/www.welovecycling.com\/hu\/author\/hegyizs\/\"}]}<\/script>\n<!-- \/ Yoast SEO Premium plugin. -->","yoast_head_json":{"title":"Mit szeretnek a gyerekek a sportban? - \u0160koda We Love Cycling - Magyarorsz\u00e1g","robots":{"index":"index","follow":"follow","max-snippet":"max-snippet:-1","max-image-preview":"max-image-preview:large","max-video-preview":"max-video-preview:-1"},"canonical":"https:\/\/www.welovecycling.com\/hu\/csalad\/mit-szeretnek-a-gyerekek-a-sportban\/","og_locale":"hu_HU","og_type":"article","og_title":"Mit szeretnek a gyerekek a sportban?","og_description":"A l\u00e1nyok m\u00e1s dolgok miatt sportolnak sz\u00edvesen, mint a fi\u00fak? Az motiv\u00e1lja a gyerekeket jobban, ha \u00fagy \u00e9rzik, kihozt\u00e1k magukb\u00f3l [&hellip;]","og_url":"https:\/\/www.welovecycling.com\/hu\/csalad\/mit-szeretnek-a-gyerekek-a-sportban\/","og_site_name":"\u0160koda We Love Cycling - Magyarorsz\u00e1g","article_publisher":"https:\/\/www.facebook.com\/WeLoveCyclingHungary\/","article_published_time":"2020-01-13T07:00:50+00:00","article_modified_time":"2020-01-13T11:30:30+00:00","og_image":[{"width":1366,"height":600,"url":"https:\/\/d2p6e6u75xmxt8.cloudfront.net\/12\/2019\/12\/Kids-Cvr.jpg","type":"image\/jpeg"}],"author":"hegyizs","twitter_card":"summary_large_image","twitter_misc":{"Written by":"Jiri Kaloc","Est. reading time":"5"},"schema":{"@context":"https:\/\/schema.org","@graph":[{"@type":"WebPage","@id":"https:\/\/www.welovecycling.com\/hu\/csalad\/mit-szeretnek-a-gyerekek-a-sportban\/","url":"https:\/\/www.welovecycling.com\/hu\/csalad\/mit-szeretnek-a-gyerekek-a-sportban\/","name":"Mit szeretnek a gyerekek a sportban? - \u0160koda We Love Cycling - Magyarorsz\u00e1g","isPartOf":{"@id":"https:\/\/www.welovecycling.com\/hu\/#website"},"primaryImageOfPage":{"@id":"https:\/\/www.welovecycling.com\/hu\/csalad\/mit-szeretnek-a-gyerekek-a-sportban\/#primaryimage"},"image":{"@id":"https:\/\/www.welovecycling.com\/hu\/csalad\/mit-szeretnek-a-gyerekek-a-sportban\/#primaryimage"},"thumbnailUrl":"https:\/\/d2p6e6u75xmxt8.cloudfront.net\/12\/2019\/12\/Kids-Cvr.jpg","datePublished":"2020-01-13T07:00:50+00:00","dateModified":"2020-01-13T11:30:30+00:00","author":{"@id":"https:\/\/www.welovecycling.com\/hu\/#\/schema\/person\/414a2aebf1801691a5320edb6468e194"},"breadcrumb":{"@id":"https:\/\/www.welovecycling.com\/hu\/csalad\/mit-szeretnek-a-gyerekek-a-sportban\/#breadcrumb"},"inLanguage":"hu","potentialAction":[{"@type":"ReadAction","target":["https:\/\/www.welovecycling.com\/hu\/csalad\/mit-szeretnek-a-gyerekek-a-sportban\/"]}]},{"@type":"ImageObject","inLanguage":"hu","@id":"https:\/\/www.welovecycling.com\/hu\/csalad\/mit-szeretnek-a-gyerekek-a-sportban\/#primaryimage","url":"https:\/\/d2p6e6u75xmxt8.cloudfront.net\/12\/2019\/12\/Kids-Cvr.jpg","contentUrl":"https:\/\/d2p6e6u75xmxt8.cloudfront.net\/12\/2019\/12\/Kids-Cvr.jpg","width":1366,"height":600},{"@type":"BreadcrumbList","@id":"https:\/\/www.welovecycling.com\/hu\/csalad\/mit-szeretnek-a-gyerekek-a-sportban\/#breadcrumb","itemListElement":[{"@type":"ListItem","position":1,"name":"Home","item":"https:\/\/www.welovecycling.com\/hu\/"},{"@type":"ListItem","position":2,"name":"Mit szeretnek a gyerekek a sportban?"}]},{"@type":"WebSite","@id":"https:\/\/www.welovecycling.com\/hu\/#website","url":"https:\/\/www.welovecycling.com\/hu\/","name":"\u0160koda We Love Cycling - Magyarorsz\u00e1g","description":"\u0160koda WeLoveCycling","potentialAction":[{"@type":"SearchAction","target":{"@type":"EntryPoint","urlTemplate":"https:\/\/www.welovecycling.com\/hu\/?s={search_term_string}"},"query-input":{"@type":"PropertyValueSpecification","valueRequired":true,"valueName":"search_term_string"}}],"inLanguage":"hu"},{"@type":"Person","@id":"https:\/\/www.welovecycling.com\/hu\/#\/schema\/person\/414a2aebf1801691a5320edb6468e194","name":"hegyizs","image":{"@type":"ImageObject","inLanguage":"hu","@id":"https:\/\/www.welovecycling.com\/hu\/#\/schema\/person\/image\/","url":"https:\/\/secure.gravatar.com\/avatar\/02cf8a7906b8cf90cecb4679defac7cfd33a1c2e3b88e4903d947f3bb58eedd3?s=96&d=mm&r=g","contentUrl":"https:\/\/secure.gravatar.com\/avatar\/02cf8a7906b8cf90cecb4679defac7cfd33a1c2e3b88e4903d947f3bb58eedd3?s=96&d=mm&r=g","caption":"hegyizs"},"url":"https:\/\/www.welovecycling.com\/hu\/author\/hegyizs\/"}]}},"_links":{"self":[{"href":"https:\/\/www.welovecycling.com\/hu\/wp-json\/wp\/v2\/posts\/6431","targetHints":{"allow":["GET"]}}],"collection":[{"href":"https:\/\/www.welovecycling.com\/hu\/wp-json\/wp\/v2\/posts"}],"about":[{"href":"https:\/\/www.welovecycling.com\/hu\/wp-json\/wp\/v2\/types\/post"}],"author":[{"embeddable":true,"href":"https:\/\/www.welovecycling.com\/hu\/wp-json\/wp\/v2\/users\/71"}],"replies":[{"embeddable":true,"href":"https:\/\/www.welovecycling.com\/hu\/wp-json\/wp\/v2\/comments?post=6431"}],"version-history":[{"count":2,"href":"https:\/\/www.welovecycling.com\/hu\/wp-json\/wp\/v2\/posts\/6431\/revisions"}],"predecessor-version":[{"id":6433,"href":"https:\/\/www.welovecycling.com\/hu\/wp-json\/wp\/v2\/posts\/6431\/revisions\/6433"}],"wp:featuredmedia":[{"embeddable":true,"href":"https:\/\/www.welovecycling.com\/hu\/wp-json\/wp\/v2\/media\/6166"}],"wp:attachment":[{"href":"https:\/\/www.welovecycling.com\/hu\/wp-json\/wp\/v2\/media?parent=6431"}],"wp:term":[{"taxonomy":"category","embeddable":true,"href":"https:\/\/www.welovecycling.com\/hu\/wp-json\/wp\/v2\/categories?post=6431"},{"taxonomy":"post_tag","embeddable":true,"href":"https:\/\/www.welovecycling.com\/hu\/wp-json\/wp\/v2\/tags?post=6431"},{"taxonomy":"global-categories","embeddable":true,"href":"https:\/\/www.welovecycling.com\/hu\/wp-json\/wp\/v2\/global-categories?post=6431"}],"curies":[{"name":"wp","href":"https:\/\/api.w.org\/{rel}","templated":true}]}}