{"id":6425,"date":"2020-01-10T08:00:00","date_gmt":"2020-01-10T07:00:00","guid":{"rendered":"https:\/\/www.welovecycling.com\/hu\/?p=6425"},"modified":"2020-02-11T14:46:57","modified_gmt":"2020-02-11T13:46:57","slug":"ki-ne-szeretne-egy-divatos-es-felfujhato-sisak-gallert","status":"publish","type":"post","link":"https:\/\/www.welovecycling.com\/hu\/biztonsag\/ki-ne-szeretne-egy-divatos-es-felfujhato-sisak-gallert\/","title":{"rendered":"Ki ne szeretne egy divatos \u00e9s felf\u00fajhat\u00f3 sisak-gall\u00e9rt?"},"content":{"rendered":"<p><strong>V\u00e9gre egy start-up, aki \u00fajratervezi az orm\u00f3tlan buk\u00f3sisakokat \u2013 egy csipetnyi divattal megf\u0171szerezve.<\/strong><!--more--><\/p>\n<p>Mindenki tudja, mennyire fontos sisakot viselni bicikliz\u00e9s k\u00f6zben. \u00d6sszess\u00e9g\u00e9ben az a csod\u00e1latos kis agy a fejedben el\u00e9gg\u00e9 sz\u00fcks\u00e9ges az \u00e9letben marad\u00e1shoz. Azonban a buk\u00f3sisakok, b\u00e1r fejl\u0151dnek, m\u00e9gis m\u00e9g mindig el\u00e9g k\u00ednosak \u00e9s orm\u00f3tlanok, f\u0151leg, ha az alatta fekv\u0151, gondosan elk\u00e9sz\u00edtett frizura k\u00e9ts\u00e9ges kimenetel\u00e9t vessz\u00fck figyelembe.<\/p>\n<p>2005-ben Anna Haupt \u00e9s Terese Alstin, akik ekkor m\u00e9g a sv\u00e9d Lund Egyetemen tanultak diz\u00e1jn szakon, \u00fagy d\u00f6nt\u00f6ttek, hogy diplomamunk\u00e1juk keret\u00e9ben k\u00e9zbe veszik a probl\u00e9m\u00e1t. Tett\u00e9k ezt az \u00faj t\u00f6rv\u00e9nyre reag\u00e1lva, amely k\u00f6telez\u0151v\u00e9 tette a 15 \u00e9ven aluli ker\u00e9kp\u00e1rosok sz\u00e1m\u00e1ra a buk\u00f3sisak visel\u00e9s\u00e9t \u2013 a feln\u0151ttek eset\u00e9ben szint\u00e9n \u00e9l\u00e9nk vita zajlott a korl\u00e1toz\u00e1s bevezet\u00e9s\u00e9r\u0151l. A l\u00e1nyok azt a c\u00e9lt t\u0171zt\u00e9k ki maguk el\u00e9, hogy l\u00e9trehozzanak egy olyan sisakot, amit sz\u00edvesen hordanak az emberek, saj\u00e1t akaratukb\u00f3l is.<\/p>\n<p>Az alap\u00f6tlet egy l\u00e9gzs\u00e1k-sisak koncepci\u00f3ja volt, ami val\u00f3j\u00e1ban egy gall\u00e9r, ami baleset eset\u00e9n azonnal kiny\u00edlik. A modell a H\u00f6vding nevet kapta.<\/p>\n<p>A csapat \u00f6ssze\u00fclt egy fejs\u00e9r\u00fcl\u00e9s-specialist\u00e1val, \u00f3r\u00e1kon \u00e1t tanulm\u00e1nyozt\u00e1k egy\u00fctt a baleseteket \u00e9s saj\u00e1t mesters\u00e9ges szitu\u00e1ci\u00f3kat is k\u00e9sz\u00edtettek, hogy le tudj\u00e1k modellezni a mozg\u00e1ssorozatot. A tesztel\u00e9sben r\u00e9szt vev\u0151 biciklisek mindennapi adatokkal szolg\u00e1ltak, mint p\u00e9ld\u00e1ul, hogy hogy indulnak el \u00e9s \u00e1llnak meg \u00e9s milyen esem\u00e9nyek t\u00f6rt\u00e9nnek egy \u00e1tlagos teker\u00e9s sor\u00e1n. Az \u00f6sszegy\u0171jt\u00f6tt adatokat felhaszn\u00e1lva l\u00e9trehoztak egy algoritmust, ami meg tudja k\u00fcl\u00f6nb\u00f6ztetni a norm\u00e1lis mozg\u00e1st a balesetekt\u0151l. Hiszen az nem lenne t\u00fal hasznos, ha a l\u00e9gzs\u00e1k-sisakod akkor is kiny\u00edlna, amikor lehajolsz a kulcsod\u00e9rt, nem igaz?<\/p>\n<p>Egy extraer\u0151s, kiszak\u00edthatatlan nylon anyagb\u00f3l k\u00e9sz\u00fclt el a term\u00e9k, amikor kiny\u00edlik, \u00fagy n\u00e9z ki, mint egy kapucni, teh\u00e1t nagyobb v\u00e9delmet biztos\u00edt visel\u0151je sz\u00e1m\u00e1ra, mint egy hagyom\u00e1ny sisak, \u00e9s puh\u00e1bb is, \u00edgy jobban v\u00e9d az \u00fct\u00e9sekt\u0151l. Az aut\u00f3kban tal\u00e1lhat\u00f3 l\u00e9gzs\u00e1kokkal ellent\u00e9tben, a H\u00f6vding nem ereszt le a becsap\u00f3d\u00e1s ut\u00e1n azonnal, hanem felf\u00fajva marad j\u00f3 n\u00e9h\u00e1ny m\u00e1sodpercig, hogy az egym\u00e1s k\u00f6vet\u0151 \u00fct\u00e9sek mindegyik\u00e9t kiv\u00e9dje.<\/p>\n<p>Durv\u00e1n hangzik, nem? Ebben a vide\u00f3n mindent elmagyar\u00e1znak:<\/p>\n<div class=\"embed-controller-wrapper\">\n<div class=\"embed-wrapper\"><iframe title=\"The Invisible Bicycle Helmet | Fredrik Gertten\" data-src=\"https:\/\/player.vimeo.com\/video\/43038579?dnt=1&amp;app_id=122963\" width=\"500\" height=\"281\" frameborder=\"0\" allow=\"autoplay; fullscreen; picture-in-picture; clipboard-write\"><\/iframe><\/div>\n<\/div>\n<p>A f\u0151 k\u00e9rd\u00e9s pedig az, hogy vajon biztons\u00e1gos-e? A r\u00f6vid v\u00e1lasz: igen. <a href=\"https:\/\/hovding.com\/\">A c\u00e9g weboldala szerint<\/a> a H\u00f6vding hivatalosan ellen\u0151rz\u00f6tt \u00e9s megfelel az Eur\u00f3p\u00e1ban forgalomba hozhat\u00f3 ker\u00e9kp\u00e1ros buk\u00f3sisakok biztons\u00e1gi felt\u00e9teleinek.<\/p>\n<p>A hagyom\u00e1nyos sisakokhoz hasonl\u00f3an a H\u00f6vding sem haszn\u00e1lhat\u00f3 \u00fajra egy baleset ut\u00e1n. Ezekkel ellent\u00e9tben viszont a tal\u00e1lm\u00e1ny \u00e9rdemben seg\u00edtheti a j\u00f6v\u0151 biztons\u00e1gtechnol\u00f3gi\u00e1j\u00e1nak kialak\u00edt\u00e1s\u00e1t. A gall\u00e9r belsej\u00e9ben tal\u00e1lhat\u00f3 egy fekete doboz, ami adatokat r\u00f6gz\u00edt a balesetr\u0151l. A c\u00e9g arra k\u00e9ri a v\u00e1s\u00e1rl\u00f3kat, hogy ha \u00fctk\u00f6ztek, k\u00fcldj\u00e9k vissza a haszn\u00e1lt H\u00f6vdinget, hogy ezeket az adatokat felhaszn\u00e1lhass\u00e1k kutat\u00e1saikhoz.<\/p>\n<p>Egy ilyen st\u00edlusos \u00e9s innovat\u00edv diz\u00e1jn persze nem olcs\u00f3. Egy gall\u00e9r \u00e9s a hozz\u00e1tartoz\u00f3 sz\u00ednes l\u00e9gzs\u00e1k nem kevesebb, mint 535$-ba, vagyis majdnem 180 ezer forintba ker\u00fcl, de vannak olyan biztos\u00edt\u00f3t\u00e1rsas\u00e1gok, akik t\u00e1mogatj\u00e1k a biztons\u00e1got ny\u00fajt\u00f3 felszerel\u00e9seket, \u00edgy a H\u00f6vdinget is.<\/p>\n<p>Divatos \u00e9s biztons\u00e1gos bring\u00e1z\u00e1sra fel!<\/p>\n<p>Forr\u00e1s: <a href=\"https:\/\/www.entrepreneur.com\/article\/230058\">entrepreneur.com<\/a><\/p>\n","protected":false},"excerpt":{"rendered":"<p>V\u00e9gre egy start-up, aki \u00fajratervezi az orm\u00f3tlan buk\u00f3sisakokat \u2013 egy csipetnyi divattal megf\u0171szerezve.<\/p>\n","protected":false},"author":71,"featured_media":6426,"comment_status":"open","ping_status":"open","sticky":false,"template":"","format":"standard","meta":{"footnotes":""},"categories":[10],"tags":[],"global-categories":[],"class_list":["post-6425","post","type-post","status-publish","format-standard","has-post-thumbnail","hentry","category-biztonsag"],"yoast_head":"<!-- This site is optimized with the Yoast SEO Premium plugin v25.3 (Yoast SEO v25.9) - https:\/\/yoast.com\/wordpress\/plugins\/seo\/ -->\n<title>Ki ne szeretne egy divatos \u00e9s felf\u00fajhat\u00f3 sisak-gall\u00e9rt? - \u0160koda We Love Cycling - Magyarorsz\u00e1g<\/title>\n<meta name=\"robots\" content=\"index, follow, max-snippet:-1, max-image-preview:large, max-video-preview:-1\" \/>\n<link rel=\"canonical\" href=\"https:\/\/www.welovecycling.com\/hu\/biztonsag\/ki-ne-szeretne-egy-divatos-es-felfujhato-sisak-gallert\/\" \/>\n<meta property=\"og:locale\" content=\"hu_HU\" \/>\n<meta property=\"og:type\" content=\"article\" \/>\n<meta property=\"og:title\" content=\"Ki ne szeretne egy divatos \u00e9s felf\u00fajhat\u00f3 sisak-gall\u00e9rt?\" \/>\n<meta property=\"og:description\" content=\"V\u00e9gre egy start-up, aki \u00fajratervezi az orm\u00f3tlan buk\u00f3sisakokat \u2013 egy csipetnyi divattal megf\u0171szerezve.\" \/>\n<meta property=\"og:url\" content=\"https:\/\/www.welovecycling.com\/hu\/biztonsag\/ki-ne-szeretne-egy-divatos-es-felfujhato-sisak-gallert\/\" \/>\n<meta property=\"og:site_name\" content=\"\u0160koda We Love Cycling - Magyarorsz\u00e1g\" \/>\n<meta property=\"article:publisher\" content=\"https:\/\/www.facebook.com\/WeLoveCyclingHungary\/\" \/>\n<meta property=\"article:published_time\" content=\"2020-01-10T07:00:00+00:00\" \/>\n<meta property=\"article:modified_time\" content=\"2020-02-11T13:46:57+00:00\" \/>\n<meta property=\"og:image\" content=\"https:\/\/d2p6e6u75xmxt8.cloudfront.net\/12\/2020\/01\/hovding.jpg\" \/>\n\t<meta property=\"og:image:width\" content=\"1577\" \/>\n\t<meta property=\"og:image:height\" content=\"591\" \/>\n\t<meta property=\"og:image:type\" content=\"image\/jpeg\" \/>\n<meta name=\"author\" content=\"hegyizs\" \/>\n<meta name=\"twitter:card\" content=\"summary_large_image\" \/>\n<meta name=\"twitter:label1\" content=\"Written by\" \/>\n\t<meta name=\"twitter:data1\" content=\"WLC\" \/>\n\t<meta name=\"twitter:label2\" content=\"Est. reading time\" \/>\n\t<meta name=\"twitter:data2\" content=\"3 minutes\" \/>\n<script type=\"application\/ld+json\" class=\"yoast-schema-graph\">{\"@context\":\"https:\/\/schema.org\",\"@graph\":[{\"@type\":\"WebPage\",\"@id\":\"https:\/\/www.welovecycling.com\/hu\/biztonsag\/ki-ne-szeretne-egy-divatos-es-felfujhato-sisak-gallert\/\",\"url\":\"https:\/\/www.welovecycling.com\/hu\/biztonsag\/ki-ne-szeretne-egy-divatos-es-felfujhato-sisak-gallert\/\",\"name\":\"Ki ne szeretne egy divatos \u00e9s felf\u00fajhat\u00f3 sisak-gall\u00e9rt? - \u0160koda We Love Cycling - Magyarorsz\u00e1g\",\"isPartOf\":{\"@id\":\"https:\/\/www.welovecycling.com\/hu\/#website\"},\"primaryImageOfPage\":{\"@id\":\"https:\/\/www.welovecycling.com\/hu\/biztonsag\/ki-ne-szeretne-egy-divatos-es-felfujhato-sisak-gallert\/#primaryimage\"},\"image\":{\"@id\":\"https:\/\/www.welovecycling.com\/hu\/biztonsag\/ki-ne-szeretne-egy-divatos-es-felfujhato-sisak-gallert\/#primaryimage\"},\"thumbnailUrl\":\"https:\/\/d2p6e6u75xmxt8.cloudfront.net\/12\/2020\/01\/hovding.jpg\",\"datePublished\":\"2020-01-10T07:00:00+00:00\",\"dateModified\":\"2020-02-11T13:46:57+00:00\",\"author\":{\"@id\":\"https:\/\/www.welovecycling.com\/hu\/#\/schema\/person\/414a2aebf1801691a5320edb6468e194\"},\"breadcrumb\":{\"@id\":\"https:\/\/www.welovecycling.com\/hu\/biztonsag\/ki-ne-szeretne-egy-divatos-es-felfujhato-sisak-gallert\/#breadcrumb\"},\"inLanguage\":\"hu\",\"potentialAction\":[{\"@type\":\"ReadAction\",\"target\":[\"https:\/\/www.welovecycling.com\/hu\/biztonsag\/ki-ne-szeretne-egy-divatos-es-felfujhato-sisak-gallert\/\"]}]},{\"@type\":\"ImageObject\",\"inLanguage\":\"hu\",\"@id\":\"https:\/\/www.welovecycling.com\/hu\/biztonsag\/ki-ne-szeretne-egy-divatos-es-felfujhato-sisak-gallert\/#primaryimage\",\"url\":\"https:\/\/d2p6e6u75xmxt8.cloudfront.net\/12\/2020\/01\/hovding.jpg\",\"contentUrl\":\"https:\/\/d2p6e6u75xmxt8.cloudfront.net\/12\/2020\/01\/hovding.jpg\",\"width\":1577,\"height\":591},{\"@type\":\"BreadcrumbList\",\"@id\":\"https:\/\/www.welovecycling.com\/hu\/biztonsag\/ki-ne-szeretne-egy-divatos-es-felfujhato-sisak-gallert\/#breadcrumb\",\"itemListElement\":[{\"@type\":\"ListItem\",\"position\":1,\"name\":\"Home\",\"item\":\"https:\/\/www.welovecycling.com\/hu\/\"},{\"@type\":\"ListItem\",\"position\":2,\"name\":\"Ki ne szeretne egy divatos \u00e9s felf\u00fajhat\u00f3 sisak-gall\u00e9rt?\"}]},{\"@type\":\"WebSite\",\"@id\":\"https:\/\/www.welovecycling.com\/hu\/#website\",\"url\":\"https:\/\/www.welovecycling.com\/hu\/\",\"name\":\"\u0160koda We Love Cycling - Magyarorsz\u00e1g\",\"description\":\"\u0160koda WeLoveCycling\",\"potentialAction\":[{\"@type\":\"SearchAction\",\"target\":{\"@type\":\"EntryPoint\",\"urlTemplate\":\"https:\/\/www.welovecycling.com\/hu\/?s={search_term_string}\"},\"query-input\":{\"@type\":\"PropertyValueSpecification\",\"valueRequired\":true,\"valueName\":\"search_term_string\"}}],\"inLanguage\":\"hu\"},{\"@type\":\"Person\",\"@id\":\"https:\/\/www.welovecycling.com\/hu\/#\/schema\/person\/414a2aebf1801691a5320edb6468e194\",\"name\":\"hegyizs\",\"image\":{\"@type\":\"ImageObject\",\"inLanguage\":\"hu\",\"@id\":\"https:\/\/www.welovecycling.com\/hu\/#\/schema\/person\/image\/\",\"url\":\"https:\/\/secure.gravatar.com\/avatar\/02cf8a7906b8cf90cecb4679defac7cfd33a1c2e3b88e4903d947f3bb58eedd3?s=96&d=mm&r=g\",\"contentUrl\":\"https:\/\/secure.gravatar.com\/avatar\/02cf8a7906b8cf90cecb4679defac7cfd33a1c2e3b88e4903d947f3bb58eedd3?s=96&d=mm&r=g\",\"caption\":\"hegyizs\"},\"url\":\"https:\/\/www.welovecycling.com\/hu\/author\/hegyizs\/\"}]}<\/script>\n<!-- \/ Yoast SEO Premium plugin. -->","yoast_head_json":{"title":"Ki ne szeretne egy divatos \u00e9s felf\u00fajhat\u00f3 sisak-gall\u00e9rt? - \u0160koda We Love Cycling - Magyarorsz\u00e1g","robots":{"index":"index","follow":"follow","max-snippet":"max-snippet:-1","max-image-preview":"max-image-preview:large","max-video-preview":"max-video-preview:-1"},"canonical":"https:\/\/www.welovecycling.com\/hu\/biztonsag\/ki-ne-szeretne-egy-divatos-es-felfujhato-sisak-gallert\/","og_locale":"hu_HU","og_type":"article","og_title":"Ki ne szeretne egy divatos \u00e9s felf\u00fajhat\u00f3 sisak-gall\u00e9rt?","og_description":"V\u00e9gre egy start-up, aki \u00fajratervezi az orm\u00f3tlan buk\u00f3sisakokat \u2013 egy csipetnyi divattal megf\u0171szerezve.","og_url":"https:\/\/www.welovecycling.com\/hu\/biztonsag\/ki-ne-szeretne-egy-divatos-es-felfujhato-sisak-gallert\/","og_site_name":"\u0160koda We Love Cycling - Magyarorsz\u00e1g","article_publisher":"https:\/\/www.facebook.com\/WeLoveCyclingHungary\/","article_published_time":"2020-01-10T07:00:00+00:00","article_modified_time":"2020-02-11T13:46:57+00:00","og_image":[{"width":1577,"height":591,"url":"https:\/\/d2p6e6u75xmxt8.cloudfront.net\/12\/2020\/01\/hovding.jpg","type":"image\/jpeg"}],"author":"hegyizs","twitter_card":"summary_large_image","twitter_misc":{"Written by":"WLC","Est. reading time":"3 minutes"},"schema":{"@context":"https:\/\/schema.org","@graph":[{"@type":"WebPage","@id":"https:\/\/www.welovecycling.com\/hu\/biztonsag\/ki-ne-szeretne-egy-divatos-es-felfujhato-sisak-gallert\/","url":"https:\/\/www.welovecycling.com\/hu\/biztonsag\/ki-ne-szeretne-egy-divatos-es-felfujhato-sisak-gallert\/","name":"Ki ne szeretne egy divatos \u00e9s felf\u00fajhat\u00f3 sisak-gall\u00e9rt? - \u0160koda We Love Cycling - Magyarorsz\u00e1g","isPartOf":{"@id":"https:\/\/www.welovecycling.com\/hu\/#website"},"primaryImageOfPage":{"@id":"https:\/\/www.welovecycling.com\/hu\/biztonsag\/ki-ne-szeretne-egy-divatos-es-felfujhato-sisak-gallert\/#primaryimage"},"image":{"@id":"https:\/\/www.welovecycling.com\/hu\/biztonsag\/ki-ne-szeretne-egy-divatos-es-felfujhato-sisak-gallert\/#primaryimage"},"thumbnailUrl":"https:\/\/d2p6e6u75xmxt8.cloudfront.net\/12\/2020\/01\/hovding.jpg","datePublished":"2020-01-10T07:00:00+00:00","dateModified":"2020-02-11T13:46:57+00:00","author":{"@id":"https:\/\/www.welovecycling.com\/hu\/#\/schema\/person\/414a2aebf1801691a5320edb6468e194"},"breadcrumb":{"@id":"https:\/\/www.welovecycling.com\/hu\/biztonsag\/ki-ne-szeretne-egy-divatos-es-felfujhato-sisak-gallert\/#breadcrumb"},"inLanguage":"hu","potentialAction":[{"@type":"ReadAction","target":["https:\/\/www.welovecycling.com\/hu\/biztonsag\/ki-ne-szeretne-egy-divatos-es-felfujhato-sisak-gallert\/"]}]},{"@type":"ImageObject","inLanguage":"hu","@id":"https:\/\/www.welovecycling.com\/hu\/biztonsag\/ki-ne-szeretne-egy-divatos-es-felfujhato-sisak-gallert\/#primaryimage","url":"https:\/\/d2p6e6u75xmxt8.cloudfront.net\/12\/2020\/01\/hovding.jpg","contentUrl":"https:\/\/d2p6e6u75xmxt8.cloudfront.net\/12\/2020\/01\/hovding.jpg","width":1577,"height":591},{"@type":"BreadcrumbList","@id":"https:\/\/www.welovecycling.com\/hu\/biztonsag\/ki-ne-szeretne-egy-divatos-es-felfujhato-sisak-gallert\/#breadcrumb","itemListElement":[{"@type":"ListItem","position":1,"name":"Home","item":"https:\/\/www.welovecycling.com\/hu\/"},{"@type":"ListItem","position":2,"name":"Ki ne szeretne egy divatos \u00e9s felf\u00fajhat\u00f3 sisak-gall\u00e9rt?"}]},{"@type":"WebSite","@id":"https:\/\/www.welovecycling.com\/hu\/#website","url":"https:\/\/www.welovecycling.com\/hu\/","name":"\u0160koda We Love Cycling - Magyarorsz\u00e1g","description":"\u0160koda WeLoveCycling","potentialAction":[{"@type":"SearchAction","target":{"@type":"EntryPoint","urlTemplate":"https:\/\/www.welovecycling.com\/hu\/?s={search_term_string}"},"query-input":{"@type":"PropertyValueSpecification","valueRequired":true,"valueName":"search_term_string"}}],"inLanguage":"hu"},{"@type":"Person","@id":"https:\/\/www.welovecycling.com\/hu\/#\/schema\/person\/414a2aebf1801691a5320edb6468e194","name":"hegyizs","image":{"@type":"ImageObject","inLanguage":"hu","@id":"https:\/\/www.welovecycling.com\/hu\/#\/schema\/person\/image\/","url":"https:\/\/secure.gravatar.com\/avatar\/02cf8a7906b8cf90cecb4679defac7cfd33a1c2e3b88e4903d947f3bb58eedd3?s=96&d=mm&r=g","contentUrl":"https:\/\/secure.gravatar.com\/avatar\/02cf8a7906b8cf90cecb4679defac7cfd33a1c2e3b88e4903d947f3bb58eedd3?s=96&d=mm&r=g","caption":"hegyizs"},"url":"https:\/\/www.welovecycling.com\/hu\/author\/hegyizs\/"}]}},"_links":{"self":[{"href":"https:\/\/www.welovecycling.com\/hu\/wp-json\/wp\/v2\/posts\/6425","targetHints":{"allow":["GET"]}}],"collection":[{"href":"https:\/\/www.welovecycling.com\/hu\/wp-json\/wp\/v2\/posts"}],"about":[{"href":"https:\/\/www.welovecycling.com\/hu\/wp-json\/wp\/v2\/types\/post"}],"author":[{"embeddable":true,"href":"https:\/\/www.welovecycling.com\/hu\/wp-json\/wp\/v2\/users\/71"}],"replies":[{"embeddable":true,"href":"https:\/\/www.welovecycling.com\/hu\/wp-json\/wp\/v2\/comments?post=6425"}],"version-history":[{"count":1,"href":"https:\/\/www.welovecycling.com\/hu\/wp-json\/wp\/v2\/posts\/6425\/revisions"}],"predecessor-version":[{"id":6427,"href":"https:\/\/www.welovecycling.com\/hu\/wp-json\/wp\/v2\/posts\/6425\/revisions\/6427"}],"wp:featuredmedia":[{"embeddable":true,"href":"https:\/\/www.welovecycling.com\/hu\/wp-json\/wp\/v2\/media\/6426"}],"wp:attachment":[{"href":"https:\/\/www.welovecycling.com\/hu\/wp-json\/wp\/v2\/media?parent=6425"}],"wp:term":[{"taxonomy":"category","embeddable":true,"href":"https:\/\/www.welovecycling.com\/hu\/wp-json\/wp\/v2\/categories?post=6425"},{"taxonomy":"post_tag","embeddable":true,"href":"https:\/\/www.welovecycling.com\/hu\/wp-json\/wp\/v2\/tags?post=6425"},{"taxonomy":"global-categories","embeddable":true,"href":"https:\/\/www.welovecycling.com\/hu\/wp-json\/wp\/v2\/global-categories?post=6425"}],"curies":[{"name":"wp","href":"https:\/\/api.w.org\/{rel}","templated":true}]}}