{"id":6420,"date":"2020-01-06T16:21:15","date_gmt":"2020-01-06T15:21:15","guid":{"rendered":"https:\/\/www.welovecycling.com\/hu\/?p=6420"},"modified":"2020-02-11T14:46:48","modified_gmt":"2020-02-11T13:46:48","slug":"varatlan-vendeg-kerte-kolcson-a-biciklis-kulacsat","status":"publish","type":"post","link":"https:\/\/www.welovecycling.com\/hu\/kozosseg-es-kultura\/varatlan-vendeg-kerte-kolcson-a-biciklis-kulacsat\/","title":{"rendered":"V\u00e1ratlan vend\u00e9g k\u00e9rte k\u00f6lcs\u00f6n a biciklis kulacs\u00e1t"},"content":{"rendered":"<p><strong>A d\u00e9l-Ausztr\u00e1liai h\u0151hull\u00e1m \u00e9s az er\u0151dt\u00fczek k\u00f6zepette elk\u00e9l a seg\u00edts\u00e9g, ha koala-hidrat\u00e1l\u00e1sr\u00f3l van sz\u00f3.<\/strong><!--more--><\/p>\n<p>B\u00e1r n\u00e1lunk h\u0171v\u00f6s az id\u0151, Ausztr\u00e1li\u00e1ra december v\u00e9g\u00e9n csapott le egy er\u0151s h\u0151hull\u00e1m. A forr\u00f3s\u00e1gban pedig fontos a megfelel\u0151 hidrat\u00e1ci\u00f3, \u00e9s nem csak az emberek sz\u00e1m\u00e1ra. \u00cdgy teh\u00e1t amikor felt\u0171nt egy koala egy csapat bring\u00e1s el\u0151tt, amikor Adelaide-ben tekertek, egyik\u0151j\u00fck meg\u00e1llt \u00e9s felaj\u00e1nlotta neki kulacsa tartalm\u00e1t. \u0150 pedig sz\u00edvesen elfogadta.<\/p>\n<p>https:\/\/www.instagram.com\/p\/B6jjpHMlStM\/<\/p>\n<p><em>\u201eAz ausztr\u00e1l koal\u00e1k gyakran szenvednek a szomj\u00fas\u00e1gt\u00f3l, amikor ilyen meleg van. A vide\u00f3ban l\u00e1that\u00f3 koala egyszer\u0171en odas\u00e9t\u00e1lt hozz\u00e1m, amikor \u00e9pp lesz\u00e1lltam a biciklimr\u0151l. Felm\u00e1szott a bring\u00e1ra mik\u00f6zben megitattam\u201d<\/em> \u2013 \u00edrta a ker\u00e9kp\u00e1ros egy Instagram-posztban. <em>\u201eEz a legjobb dolog, ami valaha t\u00f6rt\u00e9nt velem bicikliz\u00e9s k\u00f6zben.\u201d<\/em><\/p>\n<p>Nem ez volt az els\u0151 alkalom, hogy szomjas koala \u00e1llta \u00fatj\u00e1t bicikliseknek. 2018 janu\u00e1rj\u00e1ban szint\u00e9n Adelaide-ben adta \u00e1t vizes palackj\u00e1t Matt Sully egy szomjas macinak. <em>\u201eAnnyira meleg volt aznap\u2026 t\u00f6bb koala is megk\u00f6zel\u00edtett minket, hogy adjunk nekik vizet. Ez a kisfick\u00f3, \u201eSlurpy\u201d az eg\u00e9sz palackot ki\u00fcr\u00edtette\u201d<\/em> \u2013 \u00edrta Sully.<\/p>\n<p><img loading=\"lazy\" decoding=\"async\" class=\"aligncenter size-full wp-image-6421\" src=\"https:\/\/d2p6e6u75xmxt8.cloudfront.net\/12\/2020\/01\/koala-crossing-the-road-royalty-free-image-1577719215.jpg\" alt=\"\" width=\"768\" height=\"768\" srcset=\"https:\/\/d2p6e6u75xmxt8.cloudfront.net\/12\/2020\/01\/koala-crossing-the-road-royalty-free-image-1577719215.jpg 768w, https:\/\/d2p6e6u75xmxt8.cloudfront.net\/12\/2020\/01\/koala-crossing-the-road-royalty-free-image-1577719215-150x150.jpg 150w, https:\/\/d2p6e6u75xmxt8.cloudfront.net\/12\/2020\/01\/koala-crossing-the-road-royalty-free-image-1577719215-300x300.jpg 300w\" sizes=\"auto, (max-width: 768px) 100vw, 768px\" \/><\/p>\n<p>A BBC h\u00edrad\u00e1sai szerint Ausztr\u00e1lia e ter\u00fclete v\u00e9szhelyzetben van a rekordmagass\u00e1g\u00fa h\u0151m\u00e9rs\u00e9klet \u00e9s a folyamatos erd\u0151t\u00fczek miatt. Decemberben 45 fok is volt.<\/p>\n<p>Ha teh\u00e1t errefel\u00e9 j\u00e1rsz, ak\u00e1r gyalog, ak\u00e1r biciklivel \u00e9s belefutsz egy-egy koal\u00e1ba, ne sajn\u00e1lj t\u0151le n\u00e9h\u00e1ny korty vizet!<\/p>\n<p>Forr\u00e1s: <a href=\"https:\/\/www.bicycling.com\/news\/a30359987\/koala-drinks-from-cyclists-water-bottle\/\">www.bicycling.com<\/a><\/p>\n","protected":false},"excerpt":{"rendered":"<p>A d\u00e9l-Ausztr\u00e1liai h\u0151hull\u00e1m \u00e9s az er\u0151dt\u00fczek k\u00f6zepette elk\u00e9l a seg\u00edts\u00e9g, ha koala-hidrat\u00e1l\u00e1sr\u00f3l van sz\u00f3.<\/p>\n","protected":false},"author":71,"featured_media":6422,"comment_status":"open","ping_status":"open","sticky":false,"template":"","format":"standard","meta":{"footnotes":""},"categories":[12],"tags":[],"global-categories":[],"class_list":["post-6420","post","type-post","status-publish","format-standard","has-post-thumbnail","hentry","category-kozosseg-es-kultura"],"yoast_head":"<!-- This site is optimized with the Yoast SEO Premium plugin v25.3 (Yoast SEO v25.9) - https:\/\/yoast.com\/wordpress\/plugins\/seo\/ -->\n<title>V\u00e1ratlan vend\u00e9g k\u00e9rte k\u00f6lcs\u00f6n a biciklis kulacs\u00e1t - \u0160koda We Love Cycling - Magyarorsz\u00e1g<\/title>\n<meta name=\"robots\" content=\"index, follow, max-snippet:-1, max-image-preview:large, max-video-preview:-1\" \/>\n<link rel=\"canonical\" href=\"https:\/\/www.welovecycling.com\/hu\/kozosseg-es-kultura\/varatlan-vendeg-kerte-kolcson-a-biciklis-kulacsat\/\" \/>\n<meta property=\"og:locale\" content=\"hu_HU\" \/>\n<meta property=\"og:type\" content=\"article\" \/>\n<meta property=\"og:title\" content=\"V\u00e1ratlan vend\u00e9g k\u00e9rte k\u00f6lcs\u00f6n a biciklis kulacs\u00e1t\" \/>\n<meta property=\"og:description\" content=\"A d\u00e9l-Ausztr\u00e1liai h\u0151hull\u00e1m \u00e9s az er\u0151dt\u00fczek k\u00f6zepette elk\u00e9l a seg\u00edts\u00e9g, ha koala-hidrat\u00e1l\u00e1sr\u00f3l van sz\u00f3.\" \/>\n<meta property=\"og:url\" content=\"https:\/\/www.welovecycling.com\/hu\/kozosseg-es-kultura\/varatlan-vendeg-kerte-kolcson-a-biciklis-kulacsat\/\" \/>\n<meta property=\"og:site_name\" content=\"\u0160koda We Love Cycling - Magyarorsz\u00e1g\" \/>\n<meta property=\"article:publisher\" content=\"https:\/\/www.facebook.com\/WeLoveCyclingHungary\/\" \/>\n<meta property=\"article:published_time\" content=\"2020-01-06T15:21:15+00:00\" \/>\n<meta property=\"article:modified_time\" content=\"2020-02-11T13:46:48+00:00\" \/>\n<meta property=\"og:image\" content=\"https:\/\/d2p6e6u75xmxt8.cloudfront.net\/12\/2020\/01\/koala-3670711_1280.jpg\" \/>\n\t<meta property=\"og:image:width\" content=\"1280\" \/>\n\t<meta property=\"og:image:height\" content=\"906\" \/>\n\t<meta property=\"og:image:type\" content=\"image\/jpeg\" \/>\n<meta name=\"author\" content=\"hegyizs\" \/>\n<meta name=\"twitter:card\" content=\"summary_large_image\" \/>\n<meta name=\"twitter:label1\" content=\"Written by\" \/>\n\t<meta name=\"twitter:data1\" content=\"WLC\" \/>\n\t<meta name=\"twitter:label2\" content=\"Est. reading time\" \/>\n\t<meta name=\"twitter:data2\" content=\"1 minute\" \/>\n<script type=\"application\/ld+json\" class=\"yoast-schema-graph\">{\"@context\":\"https:\/\/schema.org\",\"@graph\":[{\"@type\":\"WebPage\",\"@id\":\"https:\/\/www.welovecycling.com\/hu\/kozosseg-es-kultura\/varatlan-vendeg-kerte-kolcson-a-biciklis-kulacsat\/\",\"url\":\"https:\/\/www.welovecycling.com\/hu\/kozosseg-es-kultura\/varatlan-vendeg-kerte-kolcson-a-biciklis-kulacsat\/\",\"name\":\"V\u00e1ratlan vend\u00e9g k\u00e9rte k\u00f6lcs\u00f6n a biciklis kulacs\u00e1t - \u0160koda We Love Cycling - Magyarorsz\u00e1g\",\"isPartOf\":{\"@id\":\"https:\/\/www.welovecycling.com\/hu\/#website\"},\"primaryImageOfPage\":{\"@id\":\"https:\/\/www.welovecycling.com\/hu\/kozosseg-es-kultura\/varatlan-vendeg-kerte-kolcson-a-biciklis-kulacsat\/#primaryimage\"},\"image\":{\"@id\":\"https:\/\/www.welovecycling.com\/hu\/kozosseg-es-kultura\/varatlan-vendeg-kerte-kolcson-a-biciklis-kulacsat\/#primaryimage\"},\"thumbnailUrl\":\"https:\/\/d2p6e6u75xmxt8.cloudfront.net\/12\/2020\/01\/koala-3670711_1280.jpg\",\"datePublished\":\"2020-01-06T15:21:15+00:00\",\"dateModified\":\"2020-02-11T13:46:48+00:00\",\"author\":{\"@id\":\"https:\/\/www.welovecycling.com\/hu\/#\/schema\/person\/414a2aebf1801691a5320edb6468e194\"},\"breadcrumb\":{\"@id\":\"https:\/\/www.welovecycling.com\/hu\/kozosseg-es-kultura\/varatlan-vendeg-kerte-kolcson-a-biciklis-kulacsat\/#breadcrumb\"},\"inLanguage\":\"hu\",\"potentialAction\":[{\"@type\":\"ReadAction\",\"target\":[\"https:\/\/www.welovecycling.com\/hu\/kozosseg-es-kultura\/varatlan-vendeg-kerte-kolcson-a-biciklis-kulacsat\/\"]}]},{\"@type\":\"ImageObject\",\"inLanguage\":\"hu\",\"@id\":\"https:\/\/www.welovecycling.com\/hu\/kozosseg-es-kultura\/varatlan-vendeg-kerte-kolcson-a-biciklis-kulacsat\/#primaryimage\",\"url\":\"https:\/\/d2p6e6u75xmxt8.cloudfront.net\/12\/2020\/01\/koala-3670711_1280.jpg\",\"contentUrl\":\"https:\/\/d2p6e6u75xmxt8.cloudfront.net\/12\/2020\/01\/koala-3670711_1280.jpg\",\"width\":1280,\"height\":906},{\"@type\":\"BreadcrumbList\",\"@id\":\"https:\/\/www.welovecycling.com\/hu\/kozosseg-es-kultura\/varatlan-vendeg-kerte-kolcson-a-biciklis-kulacsat\/#breadcrumb\",\"itemListElement\":[{\"@type\":\"ListItem\",\"position\":1,\"name\":\"Home\",\"item\":\"https:\/\/www.welovecycling.com\/hu\/\"},{\"@type\":\"ListItem\",\"position\":2,\"name\":\"V\u00e1ratlan vend\u00e9g k\u00e9rte k\u00f6lcs\u00f6n a biciklis kulacs\u00e1t\"}]},{\"@type\":\"WebSite\",\"@id\":\"https:\/\/www.welovecycling.com\/hu\/#website\",\"url\":\"https:\/\/www.welovecycling.com\/hu\/\",\"name\":\"\u0160koda We Love Cycling - Magyarorsz\u00e1g\",\"description\":\"\u0160koda WeLoveCycling\",\"potentialAction\":[{\"@type\":\"SearchAction\",\"target\":{\"@type\":\"EntryPoint\",\"urlTemplate\":\"https:\/\/www.welovecycling.com\/hu\/?s={search_term_string}\"},\"query-input\":{\"@type\":\"PropertyValueSpecification\",\"valueRequired\":true,\"valueName\":\"search_term_string\"}}],\"inLanguage\":\"hu\"},{\"@type\":\"Person\",\"@id\":\"https:\/\/www.welovecycling.com\/hu\/#\/schema\/person\/414a2aebf1801691a5320edb6468e194\",\"name\":\"hegyizs\",\"image\":{\"@type\":\"ImageObject\",\"inLanguage\":\"hu\",\"@id\":\"https:\/\/www.welovecycling.com\/hu\/#\/schema\/person\/image\/\",\"url\":\"https:\/\/secure.gravatar.com\/avatar\/02cf8a7906b8cf90cecb4679defac7cfd33a1c2e3b88e4903d947f3bb58eedd3?s=96&d=mm&r=g\",\"contentUrl\":\"https:\/\/secure.gravatar.com\/avatar\/02cf8a7906b8cf90cecb4679defac7cfd33a1c2e3b88e4903d947f3bb58eedd3?s=96&d=mm&r=g\",\"caption\":\"hegyizs\"},\"url\":\"https:\/\/www.welovecycling.com\/hu\/author\/hegyizs\/\"}]}<\/script>\n<!-- \/ Yoast SEO Premium plugin. -->","yoast_head_json":{"title":"V\u00e1ratlan vend\u00e9g k\u00e9rte k\u00f6lcs\u00f6n a biciklis kulacs\u00e1t - \u0160koda We Love Cycling - Magyarorsz\u00e1g","robots":{"index":"index","follow":"follow","max-snippet":"max-snippet:-1","max-image-preview":"max-image-preview:large","max-video-preview":"max-video-preview:-1"},"canonical":"https:\/\/www.welovecycling.com\/hu\/kozosseg-es-kultura\/varatlan-vendeg-kerte-kolcson-a-biciklis-kulacsat\/","og_locale":"hu_HU","og_type":"article","og_title":"V\u00e1ratlan vend\u00e9g k\u00e9rte k\u00f6lcs\u00f6n a biciklis kulacs\u00e1t","og_description":"A d\u00e9l-Ausztr\u00e1liai h\u0151hull\u00e1m \u00e9s az er\u0151dt\u00fczek k\u00f6zepette elk\u00e9l a seg\u00edts\u00e9g, ha koala-hidrat\u00e1l\u00e1sr\u00f3l van sz\u00f3.","og_url":"https:\/\/www.welovecycling.com\/hu\/kozosseg-es-kultura\/varatlan-vendeg-kerte-kolcson-a-biciklis-kulacsat\/","og_site_name":"\u0160koda We Love Cycling - Magyarorsz\u00e1g","article_publisher":"https:\/\/www.facebook.com\/WeLoveCyclingHungary\/","article_published_time":"2020-01-06T15:21:15+00:00","article_modified_time":"2020-02-11T13:46:48+00:00","og_image":[{"width":1280,"height":906,"url":"https:\/\/d2p6e6u75xmxt8.cloudfront.net\/12\/2020\/01\/koala-3670711_1280.jpg","type":"image\/jpeg"}],"author":"hegyizs","twitter_card":"summary_large_image","twitter_misc":{"Written by":"WLC","Est. reading time":"1 minute"},"schema":{"@context":"https:\/\/schema.org","@graph":[{"@type":"WebPage","@id":"https:\/\/www.welovecycling.com\/hu\/kozosseg-es-kultura\/varatlan-vendeg-kerte-kolcson-a-biciklis-kulacsat\/","url":"https:\/\/www.welovecycling.com\/hu\/kozosseg-es-kultura\/varatlan-vendeg-kerte-kolcson-a-biciklis-kulacsat\/","name":"V\u00e1ratlan vend\u00e9g k\u00e9rte k\u00f6lcs\u00f6n a biciklis kulacs\u00e1t - \u0160koda We Love Cycling - Magyarorsz\u00e1g","isPartOf":{"@id":"https:\/\/www.welovecycling.com\/hu\/#website"},"primaryImageOfPage":{"@id":"https:\/\/www.welovecycling.com\/hu\/kozosseg-es-kultura\/varatlan-vendeg-kerte-kolcson-a-biciklis-kulacsat\/#primaryimage"},"image":{"@id":"https:\/\/www.welovecycling.com\/hu\/kozosseg-es-kultura\/varatlan-vendeg-kerte-kolcson-a-biciklis-kulacsat\/#primaryimage"},"thumbnailUrl":"https:\/\/d2p6e6u75xmxt8.cloudfront.net\/12\/2020\/01\/koala-3670711_1280.jpg","datePublished":"2020-01-06T15:21:15+00:00","dateModified":"2020-02-11T13:46:48+00:00","author":{"@id":"https:\/\/www.welovecycling.com\/hu\/#\/schema\/person\/414a2aebf1801691a5320edb6468e194"},"breadcrumb":{"@id":"https:\/\/www.welovecycling.com\/hu\/kozosseg-es-kultura\/varatlan-vendeg-kerte-kolcson-a-biciklis-kulacsat\/#breadcrumb"},"inLanguage":"hu","potentialAction":[{"@type":"ReadAction","target":["https:\/\/www.welovecycling.com\/hu\/kozosseg-es-kultura\/varatlan-vendeg-kerte-kolcson-a-biciklis-kulacsat\/"]}]},{"@type":"ImageObject","inLanguage":"hu","@id":"https:\/\/www.welovecycling.com\/hu\/kozosseg-es-kultura\/varatlan-vendeg-kerte-kolcson-a-biciklis-kulacsat\/#primaryimage","url":"https:\/\/d2p6e6u75xmxt8.cloudfront.net\/12\/2020\/01\/koala-3670711_1280.jpg","contentUrl":"https:\/\/d2p6e6u75xmxt8.cloudfront.net\/12\/2020\/01\/koala-3670711_1280.jpg","width":1280,"height":906},{"@type":"BreadcrumbList","@id":"https:\/\/www.welovecycling.com\/hu\/kozosseg-es-kultura\/varatlan-vendeg-kerte-kolcson-a-biciklis-kulacsat\/#breadcrumb","itemListElement":[{"@type":"ListItem","position":1,"name":"Home","item":"https:\/\/www.welovecycling.com\/hu\/"},{"@type":"ListItem","position":2,"name":"V\u00e1ratlan vend\u00e9g k\u00e9rte k\u00f6lcs\u00f6n a biciklis kulacs\u00e1t"}]},{"@type":"WebSite","@id":"https:\/\/www.welovecycling.com\/hu\/#website","url":"https:\/\/www.welovecycling.com\/hu\/","name":"\u0160koda We Love Cycling - Magyarorsz\u00e1g","description":"\u0160koda WeLoveCycling","potentialAction":[{"@type":"SearchAction","target":{"@type":"EntryPoint","urlTemplate":"https:\/\/www.welovecycling.com\/hu\/?s={search_term_string}"},"query-input":{"@type":"PropertyValueSpecification","valueRequired":true,"valueName":"search_term_string"}}],"inLanguage":"hu"},{"@type":"Person","@id":"https:\/\/www.welovecycling.com\/hu\/#\/schema\/person\/414a2aebf1801691a5320edb6468e194","name":"hegyizs","image":{"@type":"ImageObject","inLanguage":"hu","@id":"https:\/\/www.welovecycling.com\/hu\/#\/schema\/person\/image\/","url":"https:\/\/secure.gravatar.com\/avatar\/02cf8a7906b8cf90cecb4679defac7cfd33a1c2e3b88e4903d947f3bb58eedd3?s=96&d=mm&r=g","contentUrl":"https:\/\/secure.gravatar.com\/avatar\/02cf8a7906b8cf90cecb4679defac7cfd33a1c2e3b88e4903d947f3bb58eedd3?s=96&d=mm&r=g","caption":"hegyizs"},"url":"https:\/\/www.welovecycling.com\/hu\/author\/hegyizs\/"}]}},"_links":{"self":[{"href":"https:\/\/www.welovecycling.com\/hu\/wp-json\/wp\/v2\/posts\/6420","targetHints":{"allow":["GET"]}}],"collection":[{"href":"https:\/\/www.welovecycling.com\/hu\/wp-json\/wp\/v2\/posts"}],"about":[{"href":"https:\/\/www.welovecycling.com\/hu\/wp-json\/wp\/v2\/types\/post"}],"author":[{"embeddable":true,"href":"https:\/\/www.welovecycling.com\/hu\/wp-json\/wp\/v2\/users\/71"}],"replies":[{"embeddable":true,"href":"https:\/\/www.welovecycling.com\/hu\/wp-json\/wp\/v2\/comments?post=6420"}],"version-history":[{"count":1,"href":"https:\/\/www.welovecycling.com\/hu\/wp-json\/wp\/v2\/posts\/6420\/revisions"}],"predecessor-version":[{"id":6424,"href":"https:\/\/www.welovecycling.com\/hu\/wp-json\/wp\/v2\/posts\/6420\/revisions\/6424"}],"wp:featuredmedia":[{"embeddable":true,"href":"https:\/\/www.welovecycling.com\/hu\/wp-json\/wp\/v2\/media\/6422"}],"wp:attachment":[{"href":"https:\/\/www.welovecycling.com\/hu\/wp-json\/wp\/v2\/media?parent=6420"}],"wp:term":[{"taxonomy":"category","embeddable":true,"href":"https:\/\/www.welovecycling.com\/hu\/wp-json\/wp\/v2\/categories?post=6420"},{"taxonomy":"post_tag","embeddable":true,"href":"https:\/\/www.welovecycling.com\/hu\/wp-json\/wp\/v2\/tags?post=6420"},{"taxonomy":"global-categories","embeddable":true,"href":"https:\/\/www.welovecycling.com\/hu\/wp-json\/wp\/v2\/global-categories?post=6420"}],"curies":[{"name":"wp","href":"https:\/\/api.w.org\/{rel}","templated":true}]}}