{"id":6415,"date":"2020-01-05T08:00:13","date_gmt":"2020-01-05T07:00:13","guid":{"rendered":"https:\/\/www.welovecycling.com\/hu\/?p=6415"},"modified":"2020-04-07T12:53:23","modified_gmt":"2020-04-07T11:53:23","slug":"indul-a-tour-de-zalakaros","status":"publish","type":"post","link":"https:\/\/www.welovecycling.com\/hu\/blog\/indul-a-tour-de-zalakaros\/","title":{"rendered":"Indul a Tour de Zalakaros"},"content":{"rendered":"<p><strong>A Spirit Aut\u00f3 \u00e9s a \u0160koda j\u00f3volt\u00e1b\u00f3l id\u00e9n is \u00e1ttekerhetnek a zalai vid\u00e9k legszebb t\u00e1jain a v\u00e1llalkoz\u00f3 kedv\u0171ek, \u00faj id\u0151pontban, 2020. szeptember\u00e9ben.<\/strong><br \/>\n<!--more--><\/p>\n<p>A 137 km-es maraton Zalakarost\u00f3l Zalaszentbal\u00e1zson \u00e9s Zalaszentmih\u00e1lyon \u00e1t a Zalakarosi kil\u00e1t\u00f3t is \u00fatba ejti, majd visszat\u00e9r Zalakarosra. \u00d6t friss\u00edt\u0151 \u00e1llom\u00e1st \u00e9s n\u00e9gy hegyi hajr\u00e1t tartalmaz, 880 m\u00e9teres szintemelked\u00e9ssel.<\/p>\n<p>&nbsp;<\/p>\n<figure id=\"attachment_6417\" aria-describedby=\"caption-attachment-6417\" style=\"width: 540px\" class=\"wp-caption aligncenter\"><img loading=\"lazy\" decoding=\"async\" class=\"size-full wp-image-6417\" src=\"https:\/\/d2p6e6u75xmxt8.cloudfront.net\/12\/2020\/01\/tdzk_02.png\" alt=\"\" width=\"540\" height=\"333\" srcset=\"https:\/\/d2p6e6u75xmxt8.cloudfront.net\/12\/2020\/01\/tdzk_02.png 540w, https:\/\/d2p6e6u75xmxt8.cloudfront.net\/12\/2020\/01\/tdzk_02-300x185.png 300w\" sizes=\"auto, (max-width: 540px) 100vw, 540px\" \/><figcaption id=\"caption-attachment-6417\" class=\"wp-caption-text\">A Tour de Zalakaros \u00fatvonala<\/figcaption><\/figure>\n<p>Nevezni online 2020.09.15-ig lehet, illetve helysz\u00ednen szeptember 25-27 k\u00f6z\u00f6tt a megadott id\u0151pontokban. A versenyz\u0151k a 10.000 Ft-os nevez\u00e9si d\u00edj befizet\u00e9se ut\u00e1n &#8211; a helysz\u00ednen 11.000 Ft &#8212; megkapj\u00e1k a rajtcsomagot, ami tartalmazza a chipes id\u0151m\u00e9r\u00e9st, a rajtsz\u00e1mot, ami ingyenes bel\u00e9p\u00e9sre jogos\u00edtja visel\u0151j\u00e9t a zalakarosi f\u00fcrd\u0151be, \u2013 ha esetleg a verseny ut\u00e1n le akarna h\u0171lni \u2013 egy MAPEI ker\u00e9kp\u00e1ros zoknit, a friss\u00edt\u0151ket \u00e9s a szervizaut\u00f3k ig\u00e9nybev\u00e9tel\u00e9t is. Emellett tombola is kaphat\u00f3 lesz a versenyen!<\/p>\n<p>Nyerhetsz l\u00e1mpaszettet s\u00e1rv\u00e9d\u0151t, m\u0171helypump\u00e1t, kulacsot \u00e9s kup\u00e1t, a f\u0151d\u00edj pedig 1 milli\u00f3 Ft \u00e9rt\u00e9k\u0171 ker\u00e9kp\u00e1ros aj\u00e1nd\u00e9k, \u00e9s m\u00e9g sz\u00e1mos m\u00e1s d\u00edj is a ti\u00e9d lehet, persze, a dics\u0151s\u00e9g mellett, hogy legy\u0151zted \u00f6nmagad, a legnagyobb versenyt\u00e1rsad! J<\/p>\n<p>A verseny r\u00e9szleteir\u0151l \u00e9s a nevez\u00e9s menet\u00e9r\u0151l<strong> <a href=\"http:\/\/tourdezalakaros.hu\/spirit-auto-skoda-orszaguti-maraton-2020-reszletei\/\">itt<\/a> <\/strong>olvashatsz b\u0151vebben.<\/p>\n","protected":false},"excerpt":{"rendered":"<p>A Spirit Aut\u00f3 \u00e9s a \u0160koda j\u00f3volt\u00e1b\u00f3l id\u00e9n is \u00e1ttekerhetnek a zalai vid\u00e9k legszebb t\u00e1jain a v\u00e1llalkoz\u00f3 kedv\u0171ek, \u00faj id\u0151pontban, [&hellip;]<\/p>\n","protected":false},"author":71,"featured_media":6416,"comment_status":"open","ping_status":"open","sticky":false,"template":"","format":"standard","meta":{"footnotes":""},"categories":[13],"tags":[],"global-categories":[],"class_list":["post-6415","post","type-post","status-publish","format-standard","has-post-thumbnail","hentry","category-blog"],"yoast_head":"<!-- This site is optimized with the Yoast SEO Premium plugin v25.3 (Yoast SEO v25.9) - https:\/\/yoast.com\/wordpress\/plugins\/seo\/ -->\n<title>Indul a Tour de Zalakaros - \u0160koda We Love Cycling - Magyarorsz\u00e1g<\/title>\n<meta name=\"robots\" content=\"index, follow, max-snippet:-1, max-image-preview:large, max-video-preview:-1\" \/>\n<link rel=\"canonical\" href=\"https:\/\/www.welovecycling.com\/hu\/blog\/indul-a-tour-de-zalakaros\/\" \/>\n<meta property=\"og:locale\" content=\"hu_HU\" \/>\n<meta property=\"og:type\" content=\"article\" \/>\n<meta property=\"og:title\" content=\"Indul a Tour de Zalakaros\" \/>\n<meta property=\"og:description\" content=\"A Spirit Aut\u00f3 \u00e9s a \u0160koda j\u00f3volt\u00e1b\u00f3l id\u00e9n is \u00e1ttekerhetnek a zalai vid\u00e9k legszebb t\u00e1jain a v\u00e1llalkoz\u00f3 kedv\u0171ek, \u00faj id\u0151pontban, [&hellip;]\" \/>\n<meta property=\"og:url\" content=\"https:\/\/www.welovecycling.com\/hu\/blog\/indul-a-tour-de-zalakaros\/\" \/>\n<meta property=\"og:site_name\" content=\"\u0160koda We Love Cycling - Magyarorsz\u00e1g\" \/>\n<meta property=\"article:publisher\" content=\"https:\/\/www.facebook.com\/WeLoveCyclingHungary\/\" \/>\n<meta property=\"article:published_time\" content=\"2020-01-05T07:00:13+00:00\" \/>\n<meta property=\"article:modified_time\" content=\"2020-04-07T11:53:23+00:00\" \/>\n<meta property=\"og:image\" content=\"https:\/\/d2p6e6u75xmxt8.cloudfront.net\/12\/2020\/01\/skoda-cycling_zk01.jpg\" \/>\n\t<meta property=\"og:image:width\" content=\"1280\" \/>\n\t<meta property=\"og:image:height\" content=\"720\" \/>\n\t<meta property=\"og:image:type\" content=\"image\/jpeg\" \/>\n<meta name=\"author\" content=\"hegyizs\" \/>\n<meta name=\"twitter:card\" content=\"summary_large_image\" \/>\n<meta name=\"twitter:label1\" content=\"Written by\" \/>\n\t<meta name=\"twitter:data1\" content=\"WLC\" \/>\n\t<meta name=\"twitter:label2\" content=\"Est. reading time\" \/>\n\t<meta name=\"twitter:data2\" content=\"1 minute\" \/>\n<script type=\"application\/ld+json\" class=\"yoast-schema-graph\">{\"@context\":\"https:\/\/schema.org\",\"@graph\":[{\"@type\":\"WebPage\",\"@id\":\"https:\/\/www.welovecycling.com\/hu\/blog\/indul-a-tour-de-zalakaros\/\",\"url\":\"https:\/\/www.welovecycling.com\/hu\/blog\/indul-a-tour-de-zalakaros\/\",\"name\":\"Indul a Tour de Zalakaros - \u0160koda We Love Cycling - Magyarorsz\u00e1g\",\"isPartOf\":{\"@id\":\"https:\/\/www.welovecycling.com\/hu\/#website\"},\"primaryImageOfPage\":{\"@id\":\"https:\/\/www.welovecycling.com\/hu\/blog\/indul-a-tour-de-zalakaros\/#primaryimage\"},\"image\":{\"@id\":\"https:\/\/www.welovecycling.com\/hu\/blog\/indul-a-tour-de-zalakaros\/#primaryimage\"},\"thumbnailUrl\":\"https:\/\/d2p6e6u75xmxt8.cloudfront.net\/12\/2020\/01\/skoda-cycling_zk01.jpg\",\"datePublished\":\"2020-01-05T07:00:13+00:00\",\"dateModified\":\"2020-04-07T11:53:23+00:00\",\"author\":{\"@id\":\"https:\/\/www.welovecycling.com\/hu\/#\/schema\/person\/414a2aebf1801691a5320edb6468e194\"},\"breadcrumb\":{\"@id\":\"https:\/\/www.welovecycling.com\/hu\/blog\/indul-a-tour-de-zalakaros\/#breadcrumb\"},\"inLanguage\":\"hu\",\"potentialAction\":[{\"@type\":\"ReadAction\",\"target\":[\"https:\/\/www.welovecycling.com\/hu\/blog\/indul-a-tour-de-zalakaros\/\"]}]},{\"@type\":\"ImageObject\",\"inLanguage\":\"hu\",\"@id\":\"https:\/\/www.welovecycling.com\/hu\/blog\/indul-a-tour-de-zalakaros\/#primaryimage\",\"url\":\"https:\/\/d2p6e6u75xmxt8.cloudfront.net\/12\/2020\/01\/skoda-cycling_zk01.jpg\",\"contentUrl\":\"https:\/\/d2p6e6u75xmxt8.cloudfront.net\/12\/2020\/01\/skoda-cycling_zk01.jpg\",\"width\":1280,\"height\":720},{\"@type\":\"BreadcrumbList\",\"@id\":\"https:\/\/www.welovecycling.com\/hu\/blog\/indul-a-tour-de-zalakaros\/#breadcrumb\",\"itemListElement\":[{\"@type\":\"ListItem\",\"position\":1,\"name\":\"Home\",\"item\":\"https:\/\/www.welovecycling.com\/hu\/\"},{\"@type\":\"ListItem\",\"position\":2,\"name\":\"Indul a Tour de Zalakaros\"}]},{\"@type\":\"WebSite\",\"@id\":\"https:\/\/www.welovecycling.com\/hu\/#website\",\"url\":\"https:\/\/www.welovecycling.com\/hu\/\",\"name\":\"\u0160koda We Love Cycling - Magyarorsz\u00e1g\",\"description\":\"\u0160koda WeLoveCycling\",\"potentialAction\":[{\"@type\":\"SearchAction\",\"target\":{\"@type\":\"EntryPoint\",\"urlTemplate\":\"https:\/\/www.welovecycling.com\/hu\/?s={search_term_string}\"},\"query-input\":{\"@type\":\"PropertyValueSpecification\",\"valueRequired\":true,\"valueName\":\"search_term_string\"}}],\"inLanguage\":\"hu\"},{\"@type\":\"Person\",\"@id\":\"https:\/\/www.welovecycling.com\/hu\/#\/schema\/person\/414a2aebf1801691a5320edb6468e194\",\"name\":\"hegyizs\",\"image\":{\"@type\":\"ImageObject\",\"inLanguage\":\"hu\",\"@id\":\"https:\/\/www.welovecycling.com\/hu\/#\/schema\/person\/image\/\",\"url\":\"https:\/\/secure.gravatar.com\/avatar\/02cf8a7906b8cf90cecb4679defac7cfd33a1c2e3b88e4903d947f3bb58eedd3?s=96&d=mm&r=g\",\"contentUrl\":\"https:\/\/secure.gravatar.com\/avatar\/02cf8a7906b8cf90cecb4679defac7cfd33a1c2e3b88e4903d947f3bb58eedd3?s=96&d=mm&r=g\",\"caption\":\"hegyizs\"},\"url\":\"https:\/\/www.welovecycling.com\/hu\/author\/hegyizs\/\"}]}<\/script>\n<!-- \/ Yoast SEO Premium plugin. -->","yoast_head_json":{"title":"Indul a Tour de Zalakaros - \u0160koda We Love Cycling - Magyarorsz\u00e1g","robots":{"index":"index","follow":"follow","max-snippet":"max-snippet:-1","max-image-preview":"max-image-preview:large","max-video-preview":"max-video-preview:-1"},"canonical":"https:\/\/www.welovecycling.com\/hu\/blog\/indul-a-tour-de-zalakaros\/","og_locale":"hu_HU","og_type":"article","og_title":"Indul a Tour de Zalakaros","og_description":"A Spirit Aut\u00f3 \u00e9s a \u0160koda j\u00f3volt\u00e1b\u00f3l id\u00e9n is \u00e1ttekerhetnek a zalai vid\u00e9k legszebb t\u00e1jain a v\u00e1llalkoz\u00f3 kedv\u0171ek, \u00faj id\u0151pontban, [&hellip;]","og_url":"https:\/\/www.welovecycling.com\/hu\/blog\/indul-a-tour-de-zalakaros\/","og_site_name":"\u0160koda We Love Cycling - Magyarorsz\u00e1g","article_publisher":"https:\/\/www.facebook.com\/WeLoveCyclingHungary\/","article_published_time":"2020-01-05T07:00:13+00:00","article_modified_time":"2020-04-07T11:53:23+00:00","og_image":[{"width":1280,"height":720,"url":"https:\/\/d2p6e6u75xmxt8.cloudfront.net\/12\/2020\/01\/skoda-cycling_zk01.jpg","type":"image\/jpeg"}],"author":"hegyizs","twitter_card":"summary_large_image","twitter_misc":{"Written by":"WLC","Est. reading time":"1 minute"},"schema":{"@context":"https:\/\/schema.org","@graph":[{"@type":"WebPage","@id":"https:\/\/www.welovecycling.com\/hu\/blog\/indul-a-tour-de-zalakaros\/","url":"https:\/\/www.welovecycling.com\/hu\/blog\/indul-a-tour-de-zalakaros\/","name":"Indul a Tour de Zalakaros - \u0160koda We Love Cycling - Magyarorsz\u00e1g","isPartOf":{"@id":"https:\/\/www.welovecycling.com\/hu\/#website"},"primaryImageOfPage":{"@id":"https:\/\/www.welovecycling.com\/hu\/blog\/indul-a-tour-de-zalakaros\/#primaryimage"},"image":{"@id":"https:\/\/www.welovecycling.com\/hu\/blog\/indul-a-tour-de-zalakaros\/#primaryimage"},"thumbnailUrl":"https:\/\/d2p6e6u75xmxt8.cloudfront.net\/12\/2020\/01\/skoda-cycling_zk01.jpg","datePublished":"2020-01-05T07:00:13+00:00","dateModified":"2020-04-07T11:53:23+00:00","author":{"@id":"https:\/\/www.welovecycling.com\/hu\/#\/schema\/person\/414a2aebf1801691a5320edb6468e194"},"breadcrumb":{"@id":"https:\/\/www.welovecycling.com\/hu\/blog\/indul-a-tour-de-zalakaros\/#breadcrumb"},"inLanguage":"hu","potentialAction":[{"@type":"ReadAction","target":["https:\/\/www.welovecycling.com\/hu\/blog\/indul-a-tour-de-zalakaros\/"]}]},{"@type":"ImageObject","inLanguage":"hu","@id":"https:\/\/www.welovecycling.com\/hu\/blog\/indul-a-tour-de-zalakaros\/#primaryimage","url":"https:\/\/d2p6e6u75xmxt8.cloudfront.net\/12\/2020\/01\/skoda-cycling_zk01.jpg","contentUrl":"https:\/\/d2p6e6u75xmxt8.cloudfront.net\/12\/2020\/01\/skoda-cycling_zk01.jpg","width":1280,"height":720},{"@type":"BreadcrumbList","@id":"https:\/\/www.welovecycling.com\/hu\/blog\/indul-a-tour-de-zalakaros\/#breadcrumb","itemListElement":[{"@type":"ListItem","position":1,"name":"Home","item":"https:\/\/www.welovecycling.com\/hu\/"},{"@type":"ListItem","position":2,"name":"Indul a Tour de Zalakaros"}]},{"@type":"WebSite","@id":"https:\/\/www.welovecycling.com\/hu\/#website","url":"https:\/\/www.welovecycling.com\/hu\/","name":"\u0160koda We Love Cycling - Magyarorsz\u00e1g","description":"\u0160koda WeLoveCycling","potentialAction":[{"@type":"SearchAction","target":{"@type":"EntryPoint","urlTemplate":"https:\/\/www.welovecycling.com\/hu\/?s={search_term_string}"},"query-input":{"@type":"PropertyValueSpecification","valueRequired":true,"valueName":"search_term_string"}}],"inLanguage":"hu"},{"@type":"Person","@id":"https:\/\/www.welovecycling.com\/hu\/#\/schema\/person\/414a2aebf1801691a5320edb6468e194","name":"hegyizs","image":{"@type":"ImageObject","inLanguage":"hu","@id":"https:\/\/www.welovecycling.com\/hu\/#\/schema\/person\/image\/","url":"https:\/\/secure.gravatar.com\/avatar\/02cf8a7906b8cf90cecb4679defac7cfd33a1c2e3b88e4903d947f3bb58eedd3?s=96&d=mm&r=g","contentUrl":"https:\/\/secure.gravatar.com\/avatar\/02cf8a7906b8cf90cecb4679defac7cfd33a1c2e3b88e4903d947f3bb58eedd3?s=96&d=mm&r=g","caption":"hegyizs"},"url":"https:\/\/www.welovecycling.com\/hu\/author\/hegyizs\/"}]}},"_links":{"self":[{"href":"https:\/\/www.welovecycling.com\/hu\/wp-json\/wp\/v2\/posts\/6415","targetHints":{"allow":["GET"]}}],"collection":[{"href":"https:\/\/www.welovecycling.com\/hu\/wp-json\/wp\/v2\/posts"}],"about":[{"href":"https:\/\/www.welovecycling.com\/hu\/wp-json\/wp\/v2\/types\/post"}],"author":[{"embeddable":true,"href":"https:\/\/www.welovecycling.com\/hu\/wp-json\/wp\/v2\/users\/71"}],"replies":[{"embeddable":true,"href":"https:\/\/www.welovecycling.com\/hu\/wp-json\/wp\/v2\/comments?post=6415"}],"version-history":[{"count":2,"href":"https:\/\/www.welovecycling.com\/hu\/wp-json\/wp\/v2\/posts\/6415\/revisions"}],"predecessor-version":[{"id":7363,"href":"https:\/\/www.welovecycling.com\/hu\/wp-json\/wp\/v2\/posts\/6415\/revisions\/7363"}],"wp:featuredmedia":[{"embeddable":true,"href":"https:\/\/www.welovecycling.com\/hu\/wp-json\/wp\/v2\/media\/6416"}],"wp:attachment":[{"href":"https:\/\/www.welovecycling.com\/hu\/wp-json\/wp\/v2\/media?parent=6415"}],"wp:term":[{"taxonomy":"category","embeddable":true,"href":"https:\/\/www.welovecycling.com\/hu\/wp-json\/wp\/v2\/categories?post=6415"},{"taxonomy":"post_tag","embeddable":true,"href":"https:\/\/www.welovecycling.com\/hu\/wp-json\/wp\/v2\/tags?post=6415"},{"taxonomy":"global-categories","embeddable":true,"href":"https:\/\/www.welovecycling.com\/hu\/wp-json\/wp\/v2\/global-categories?post=6415"}],"curies":[{"name":"wp","href":"https:\/\/api.w.org\/{rel}","templated":true}]}}