{"id":6389,"date":"2020-01-12T08:00:26","date_gmt":"2020-01-12T07:00:26","guid":{"rendered":"https:\/\/www.welovecycling.com\/hu\/?p=6389"},"modified":"2020-01-04T16:04:16","modified_gmt":"2020-01-04T15:04:16","slug":"2019-emlekezetes-biciklis-pillanatai","status":"publish","type":"post","link":"https:\/\/www.welovecycling.com\/hu\/kozosseg-es-kultura\/2019-emlekezetes-biciklis-pillanatai\/","title":{"rendered":"2019 eml\u00e9kezetes biciklis pillanatai"},"content":{"rendered":"<p><strong>Vegy\u00fck sz\u00e1mba az elm\u00falt 365 nap legeml\u00e9kezetesebb, megoszt\u00f3bb \u00e9s rekord-d\u00f6nt\u0151 pillanatait. Micsoda \u00e9v!<\/strong><\/p>\n<p><!--more--><\/p>\n<lite-youtube videoid=WI7zQrAjAo8 params=\"enablejsapi=1\" style=\"background-image: url('https:\/\/i.ytimg.com\/vi_webp\/WI7zQrAjAo8\/maxresdefault.webp');\"><\/lite-youtube>\n<h2><strong>Bernal, a sz\u00e1zad legfiatalabb Tour de France-nyertese<\/strong><\/h2>\n<p>Egan Bernal a Tour de France egyik legdr\u00e1maibb is \u00e9s legszorosabb k\u00fczdelme ut\u00e1n lett a legfiatalabb Tour-gy\u0151ztes 2019-ben. Sikere meger\u0151s\u00edtette az Ineos csapat\u00e1t poz\u00edci\u00f3j\u00e1ban, mint a legdomin\u00e1nsabb orsz\u00e1g\u00fati egyes\u00fclet: 8 \u00e9v alatt 6 Tour de France gy\u0151zelmet szereztek.<\/p>\n<p>Az els\u0151 helyezett szem\u00e9lye azonban nem az egyetlen eml\u00edt\u00e9sre m\u00e9lt\u00f3 esem\u00e9ny a Tour-ral kapcsolatban. A k\u00f6vetkez\u0151 vide\u00f3 kiemeli a kulcsfontoss\u00e1g\u00fa pillanatokat: amikor Bernal \u00e1tvette a vezet\u00e9s a 19. szakaszban, illetve a vit\u00e1t, amely v\u00e9g\u00fcl eld\u00f6nt\u00f6tte, hogy a f\u00f6ldcsuszaml\u00e1s miatt ki kell hagyniuk az utols\u00f3 hegymenetet.<\/p>\n<div class=\"embed-controller-wrapper\">\n<div class=\"embed-wrapper\"><iframe title=\"Summary - Stage 19 - Tour de France 2019\" width=\"500\" height=\"281\" data-src=\"https:\/\/www.youtube.com\/embed\/LmbAqQTx2hk?feature=oembed\" frameborder=\"0\" allow=\"accelerometer; autoplay; clipboard-write; encrypted-media; gyroscope; picture-in-picture; web-share\" referrerpolicy=\"strict-origin-when-cross-origin\" allowfullscreen><\/iframe><\/div>\n<\/div>\n<h2><strong>Vil\u00e1grekord: a leggyorsabb f\u00e9rfi ker\u00e9kp\u00e1ros<\/strong><\/h2>\n<p>2019 b\u0151velkedett rekordokban. Neil Campbell p\u00e9ld\u00e1ul \u00fagy j\u00e1rult ehhez hozz\u00e1, hogy be\u00edrta nev\u00e9t a Guiness Rekordok k\u00f6nyv\u00e9be, mint a legmagasabb sebess\u00e9ggel halad\u00f3 f\u00e9rfi ker\u00e9kp\u00e1ros, amikor t\u00f6bb mint 280 km\/\u00f3r\u00e1val sz\u00e1guldott. Ezzel j\u00f3csk\u00e1n fel\u00fclm\u00falt a 2015-\u00f6s rekordtart\u00f3t, aki 269 km\/\u00f3r\u00e1s sebess\u00e9get \u00e9rt csak el. Campbell egy egyedi fel\u00e9p\u00edt\u00e9s\u0171 bicikli seg\u00edts\u00e9g\u00e9vel \u00e9rte el ezt a m\u00e9rf\u00f6ldk\u00f6vet, amit egy aut\u00f3hoz r\u00f6gz\u00edtettek. M\u00e1ris k\u00e9sz\u00fcl saj\u00e1t rekordj\u00e1nak megd\u00f6nt\u00e9s\u00e9re, az idei c\u00e9lja hogy 354 km\/\u00f3r\u00e1val has\u00edtson.<\/p>\n<div class=\"embed-controller-wrapper\">\n<div class=\"embed-wrapper\"><iframe title=\"Man Sets New World Record for Fastest Men&#039;s Cycling Speed\" width=\"500\" height=\"281\" data-src=\"https:\/\/www.youtube.com\/embed\/dKWzN_3YorI?feature=oembed\" frameborder=\"0\" allow=\"accelerometer; autoplay; clipboard-write; encrypted-media; gyroscope; picture-in-picture; web-share\" referrerpolicy=\"strict-origin-when-cross-origin\" allowfullscreen><\/iframe><\/div>\n<\/div>\n<h2><strong>123 \u00e9ves ker\u00e9kp\u00e1r a L\u2019\u00c9tape-on<\/strong><\/h2>\n<p>Egy \u00e9letresz\u00f3l\u00f3 szenved\u00e9ly, a trad\u00edci\u00f3k ir\u00e1nti tisztelet \u00e9s az extravag\u00e1ns mestermunka \u00f6sszetev\u0151ib\u0151l j\u00f6tt l\u00e9tre a Legenda \u00fajj\u00e1sz\u00fclet\u00e9se. A pr\u00e1gai Vladim\u00edr Vidim egy 123 \u00e9ves, SLAVA n\u00e9vre hallgat\u00f3 Laurin &amp; Klement j\u00e1rm\u0171be lehelt \u00e9letet. \u00dagy d\u00f6nt\u00f6tt, hogy az egyik legnehezebb terepen teszteli \u2013 a 135 km hossz\u00fa Tour de France szakaszon, a L\u2019\u00c9tape-on. Hat h\u00f3napnyi kem\u00e9ny munka \u00e9s egy heroikus k\u00fczdelem ut\u00e1n a bicikli \u00e9s Vladim\u00edr is be\u00e9rt a c\u00e9lba.<\/p>\n<p>https:\/\/youtu.be\/yA3-XfSgKgM<\/p>\n<h2><strong>Valetina H\u00f6ll arat a Junor N\u0151i Downhill Vil\u00e1gkup\u00e1n<\/strong><\/h2>\n<p>Ez az \u00e9v hat\u00e1rozottan a felt\u00f6rekv\u0151 csillagok \u00e9ve volt. Valentina H\u00f6ll is csod\u00e1latosan ragyogott a Junior Vil\u00e1gkup\u00e1n. A vide\u00f3n \u00e9pp megnyeri a kanadai Mont-Sainte-Anne Quebec-t. Figyelitek hogyan veszi az akad\u00e1lyokat?<\/p>\n<div class=\"embed-controller-wrapper\">\n<div class=\"embed-wrapper\"><iframe title=\"GoPro: Valentina H\u00f6ll Winning Run | UCI Mountain Bike World Championship 2019\" width=\"500\" height=\"281\" data-src=\"https:\/\/www.youtube.com\/embed\/GkCQ99H9fqY?feature=oembed\" frameborder=\"0\" allow=\"accelerometer; autoplay; clipboard-write; encrypted-media; gyroscope; picture-in-picture; web-share\" referrerpolicy=\"strict-origin-when-cross-origin\" allowfullscreen><\/iframe><\/div>\n<\/div>\n<h2><strong>Victor Campenaerts rekordja: t\u00f6bb mint 55 km egy \u00f3ra alatt<\/strong><\/h2>\n<p>\u00c1prilisban \u00fajabb rekord sz\u00fcletett: Victor 55,089 km-t tett meg egy \u00f3ra alatt, ezzel fel\u00fclm\u00falta Sir Bradley Wiggins UCI rekordj\u00e1t. Wiggins 2015-ben, Londonban 54, 526 km-el \u00e1ll\u00edtotta fel az egy \u00f3r\u00e1s rekordot.<\/p>\n<div class=\"embed-controller-wrapper\">\n<div class=\"embed-wrapper\"><iframe title=\"The day Victor Campenaerts broke the #UCIHourRecord\" width=\"500\" height=\"281\" data-src=\"https:\/\/www.youtube.com\/embed\/QLJko29wRsY?feature=oembed\" frameborder=\"0\" allow=\"accelerometer; autoplay; clipboard-write; encrypted-media; gyroscope; picture-in-picture; web-share\" referrerpolicy=\"strict-origin-when-cross-origin\" allowfullscreen><\/iframe><\/div>\n<\/div>\n<h2><strong>Szakad\u00f3 es\u0151 az UCI orsz\u00e1g\u00fati Vil\u00e1gbajnoks\u00e1gon<\/strong><\/h2>\n<p>Term\u00e9szetesen 2019 nem csak a rekordokr\u00f3l \u00e9s a gy\u0151zelmekr\u0151l sz\u00f3lt. Nem hagyhatjuk sz\u00f3 n\u00e9lk\u00fcl p\u00e9ld\u00e1ul az UCI Vil\u00e1gbajnoks\u00e1got, ahol annyira szakadt az es\u0151, hogy eg\u00e9szen szesz\u00e9lyes viszonyokkal kellett megk\u00fczdeni\u00fck a r\u00e9sztvev\u0151knek. Valter Attila \u00e9s a d\u00e1n Johan Price-Pejtersen p\u00e9ld\u00e1ul hatalmasat estek. Szerencs\u00e9re mindketten tudt\u00e1k folytatni a versenyt.<\/p>\n<div class=\"embed-controller-wrapper\">\n<div class=\"embed-wrapper\"><iframe title=\"Torrential Rain Causes Bike Crashes at Road World Championships\" width=\"500\" height=\"281\" data-src=\"https:\/\/www.youtube.com\/embed\/tuYz18avkX0?feature=oembed\" frameborder=\"0\" allow=\"accelerometer; autoplay; clipboard-write; encrypted-media; gyroscope; picture-in-picture; web-share\" referrerpolicy=\"strict-origin-when-cross-origin\" allowfullscreen><\/iframe><\/div>\n<\/div>\n<h2><strong>Az \u00fat mindenki\u00e9 kamp\u00e1ny<\/strong><\/h2>\n<p>A tavalyi \u00e9v a biztons\u00e1gr\u00f3l is sz\u00f3lt. Az \u201e\u00dat mindenki\u00e9\u201d kamp\u00e1nyunk c\u00e9lja az volt, hogy egy\u00fcttm\u0171k\u00f6d\u00e9sre \u00e9s k\u00f6lcs\u00f6n\u00f6s odafigyel\u00e9sre buzd\u00edtsa az aut\u00f3sokat \u00e9s a bring\u00e1sokat. A leggyakrabban el\u0151fordul\u00f3 probl\u00e9m\u00e1kra hoztunk megold\u00e1sokat, mint p\u00e9ld\u00e1ul az ajt\u00f3z\u00e1s, az el\u0151z\u00e9s, a l\u00e1that\u00f3s\u00e1g \u00e9s sok minden m\u00e1s. \u00cdme egy kis \u00f6sszefoglal\u00f3, ha lemaradt\u00e1l volna:<\/p>\n<p>https:\/\/youtu.be\/a3PMVAiWmV4<\/p>\n","protected":false},"excerpt":{"rendered":"<p>Vegy\u00fck sz\u00e1mba az elm\u00falt 365 nap legeml\u00e9kezetesebb, megoszt\u00f3bb \u00e9s rekord-d\u00f6nt\u0151 pillanatait. Micsoda \u00e9v!<\/p>\n","protected":false},"author":71,"featured_media":6398,"comment_status":"open","ping_status":"open","sticky":false,"template":"","format":"standard","meta":{"footnotes":""},"categories":[12],"tags":[],"global-categories":[],"class_list":["post-6389","post","type-post","status-publish","format-standard","has-post-thumbnail","hentry","category-kozosseg-es-kultura"],"yoast_head":"<!-- This site is optimized with the Yoast SEO Premium plugin v25.3 (Yoast SEO v25.9) - https:\/\/yoast.com\/wordpress\/plugins\/seo\/ -->\n<title>2019 eml\u00e9kezetes biciklis pillanatai - \u0160koda We Love Cycling - Magyarorsz\u00e1g<\/title>\n<meta name=\"robots\" content=\"index, follow, max-snippet:-1, max-image-preview:large, max-video-preview:-1\" \/>\n<link rel=\"canonical\" href=\"https:\/\/www.welovecycling.com\/hu\/kozosseg-es-kultura\/2019-emlekezetes-biciklis-pillanatai\/\" \/>\n<meta property=\"og:locale\" content=\"hu_HU\" \/>\n<meta property=\"og:type\" content=\"article\" \/>\n<meta property=\"og:title\" content=\"2019 eml\u00e9kezetes biciklis pillanatai\" \/>\n<meta property=\"og:description\" content=\"Vegy\u00fck sz\u00e1mba az elm\u00falt 365 nap legeml\u00e9kezetesebb, megoszt\u00f3bb \u00e9s rekord-d\u00f6nt\u0151 pillanatait. Micsoda \u00e9v!\" \/>\n<meta property=\"og:url\" content=\"https:\/\/www.welovecycling.com\/hu\/kozosseg-es-kultura\/2019-emlekezetes-biciklis-pillanatai\/\" \/>\n<meta property=\"og:site_name\" content=\"\u0160koda We Love Cycling - Magyarorsz\u00e1g\" \/>\n<meta property=\"article:publisher\" content=\"https:\/\/www.facebook.com\/WeLoveCyclingHungary\/\" \/>\n<meta property=\"article:published_time\" content=\"2020-01-12T07:00:26+00:00\" \/>\n<meta property=\"og:image\" content=\"https:\/\/d2p6e6u75xmxt8.cloudfront.net\/12\/2020\/01\/LEtape-CVR.jpg\" \/>\n\t<meta property=\"og:image:width\" content=\"1366\" \/>\n\t<meta property=\"og:image:height\" content=\"600\" \/>\n\t<meta property=\"og:image:type\" content=\"image\/jpeg\" \/>\n<meta name=\"author\" content=\"hegyizs\" \/>\n<meta name=\"twitter:card\" content=\"summary_large_image\" \/>\n<meta name=\"twitter:label1\" content=\"Written by\" \/>\n\t<meta name=\"twitter:data1\" content=\"Jiri Kaloc\" \/>\n\t<meta name=\"twitter:label2\" content=\"Est. reading time\" \/>\n\t<meta name=\"twitter:data2\" content=\"7\" \/>\n<script type=\"application\/ld+json\" class=\"yoast-schema-graph\">{\"@context\":\"https:\/\/schema.org\",\"@graph\":[{\"@type\":\"WebPage\",\"@id\":\"https:\/\/www.welovecycling.com\/hu\/kozosseg-es-kultura\/2019-emlekezetes-biciklis-pillanatai\/\",\"url\":\"https:\/\/www.welovecycling.com\/hu\/kozosseg-es-kultura\/2019-emlekezetes-biciklis-pillanatai\/\",\"name\":\"2019 eml\u00e9kezetes biciklis pillanatai - \u0160koda We Love Cycling - Magyarorsz\u00e1g\",\"isPartOf\":{\"@id\":\"https:\/\/www.welovecycling.com\/hu\/#website\"},\"primaryImageOfPage\":{\"@id\":\"https:\/\/www.welovecycling.com\/hu\/kozosseg-es-kultura\/2019-emlekezetes-biciklis-pillanatai\/#primaryimage\"},\"image\":{\"@id\":\"https:\/\/www.welovecycling.com\/hu\/kozosseg-es-kultura\/2019-emlekezetes-biciklis-pillanatai\/#primaryimage\"},\"thumbnailUrl\":\"https:\/\/d2p6e6u75xmxt8.cloudfront.net\/12\/2020\/01\/LEtape-CVR.jpg\",\"datePublished\":\"2020-01-12T07:00:26+00:00\",\"author\":{\"@id\":\"https:\/\/www.welovecycling.com\/hu\/#\/schema\/person\/414a2aebf1801691a5320edb6468e194\"},\"breadcrumb\":{\"@id\":\"https:\/\/www.welovecycling.com\/hu\/kozosseg-es-kultura\/2019-emlekezetes-biciklis-pillanatai\/#breadcrumb\"},\"inLanguage\":\"hu\",\"potentialAction\":[{\"@type\":\"ReadAction\",\"target\":[\"https:\/\/www.welovecycling.com\/hu\/kozosseg-es-kultura\/2019-emlekezetes-biciklis-pillanatai\/\"]}]},{\"@type\":\"ImageObject\",\"inLanguage\":\"hu\",\"@id\":\"https:\/\/www.welovecycling.com\/hu\/kozosseg-es-kultura\/2019-emlekezetes-biciklis-pillanatai\/#primaryimage\",\"url\":\"https:\/\/d2p6e6u75xmxt8.cloudfront.net\/12\/2020\/01\/LEtape-CVR.jpg\",\"contentUrl\":\"https:\/\/d2p6e6u75xmxt8.cloudfront.net\/12\/2020\/01\/LEtape-CVR.jpg\",\"width\":1366,\"height\":600,\"caption\":\"l'Etape 2019\"},{\"@type\":\"BreadcrumbList\",\"@id\":\"https:\/\/www.welovecycling.com\/hu\/kozosseg-es-kultura\/2019-emlekezetes-biciklis-pillanatai\/#breadcrumb\",\"itemListElement\":[{\"@type\":\"ListItem\",\"position\":1,\"name\":\"Home\",\"item\":\"https:\/\/www.welovecycling.com\/hu\/\"},{\"@type\":\"ListItem\",\"position\":2,\"name\":\"2019 eml\u00e9kezetes biciklis pillanatai\"}]},{\"@type\":\"WebSite\",\"@id\":\"https:\/\/www.welovecycling.com\/hu\/#website\",\"url\":\"https:\/\/www.welovecycling.com\/hu\/\",\"name\":\"\u0160koda We Love Cycling - Magyarorsz\u00e1g\",\"description\":\"\u0160koda WeLoveCycling\",\"potentialAction\":[{\"@type\":\"SearchAction\",\"target\":{\"@type\":\"EntryPoint\",\"urlTemplate\":\"https:\/\/www.welovecycling.com\/hu\/?s={search_term_string}\"},\"query-input\":{\"@type\":\"PropertyValueSpecification\",\"valueRequired\":true,\"valueName\":\"search_term_string\"}}],\"inLanguage\":\"hu\"},{\"@type\":\"Person\",\"@id\":\"https:\/\/www.welovecycling.com\/hu\/#\/schema\/person\/414a2aebf1801691a5320edb6468e194\",\"name\":\"hegyizs\",\"image\":{\"@type\":\"ImageObject\",\"inLanguage\":\"hu\",\"@id\":\"https:\/\/www.welovecycling.com\/hu\/#\/schema\/person\/image\/\",\"url\":\"https:\/\/secure.gravatar.com\/avatar\/02cf8a7906b8cf90cecb4679defac7cfd33a1c2e3b88e4903d947f3bb58eedd3?s=96&d=mm&r=g\",\"contentUrl\":\"https:\/\/secure.gravatar.com\/avatar\/02cf8a7906b8cf90cecb4679defac7cfd33a1c2e3b88e4903d947f3bb58eedd3?s=96&d=mm&r=g\",\"caption\":\"hegyizs\"},\"url\":\"https:\/\/www.welovecycling.com\/hu\/author\/hegyizs\/\"}]}<\/script>\n<!-- \/ Yoast SEO Premium plugin. -->","yoast_head_json":{"title":"2019 eml\u00e9kezetes biciklis pillanatai - \u0160koda We Love Cycling - Magyarorsz\u00e1g","robots":{"index":"index","follow":"follow","max-snippet":"max-snippet:-1","max-image-preview":"max-image-preview:large","max-video-preview":"max-video-preview:-1"},"canonical":"https:\/\/www.welovecycling.com\/hu\/kozosseg-es-kultura\/2019-emlekezetes-biciklis-pillanatai\/","og_locale":"hu_HU","og_type":"article","og_title":"2019 eml\u00e9kezetes biciklis pillanatai","og_description":"Vegy\u00fck sz\u00e1mba az elm\u00falt 365 nap legeml\u00e9kezetesebb, megoszt\u00f3bb \u00e9s rekord-d\u00f6nt\u0151 pillanatait. Micsoda \u00e9v!","og_url":"https:\/\/www.welovecycling.com\/hu\/kozosseg-es-kultura\/2019-emlekezetes-biciklis-pillanatai\/","og_site_name":"\u0160koda We Love Cycling - Magyarorsz\u00e1g","article_publisher":"https:\/\/www.facebook.com\/WeLoveCyclingHungary\/","article_published_time":"2020-01-12T07:00:26+00:00","og_image":[{"width":1366,"height":600,"url":"https:\/\/d2p6e6u75xmxt8.cloudfront.net\/12\/2020\/01\/LEtape-CVR.jpg","type":"image\/jpeg"}],"author":"hegyizs","twitter_card":"summary_large_image","twitter_misc":{"Written by":"Jiri Kaloc","Est. reading time":"7"},"schema":{"@context":"https:\/\/schema.org","@graph":[{"@type":"WebPage","@id":"https:\/\/www.welovecycling.com\/hu\/kozosseg-es-kultura\/2019-emlekezetes-biciklis-pillanatai\/","url":"https:\/\/www.welovecycling.com\/hu\/kozosseg-es-kultura\/2019-emlekezetes-biciklis-pillanatai\/","name":"2019 eml\u00e9kezetes biciklis pillanatai - \u0160koda We Love Cycling - Magyarorsz\u00e1g","isPartOf":{"@id":"https:\/\/www.welovecycling.com\/hu\/#website"},"primaryImageOfPage":{"@id":"https:\/\/www.welovecycling.com\/hu\/kozosseg-es-kultura\/2019-emlekezetes-biciklis-pillanatai\/#primaryimage"},"image":{"@id":"https:\/\/www.welovecycling.com\/hu\/kozosseg-es-kultura\/2019-emlekezetes-biciklis-pillanatai\/#primaryimage"},"thumbnailUrl":"https:\/\/d2p6e6u75xmxt8.cloudfront.net\/12\/2020\/01\/LEtape-CVR.jpg","datePublished":"2020-01-12T07:00:26+00:00","author":{"@id":"https:\/\/www.welovecycling.com\/hu\/#\/schema\/person\/414a2aebf1801691a5320edb6468e194"},"breadcrumb":{"@id":"https:\/\/www.welovecycling.com\/hu\/kozosseg-es-kultura\/2019-emlekezetes-biciklis-pillanatai\/#breadcrumb"},"inLanguage":"hu","potentialAction":[{"@type":"ReadAction","target":["https:\/\/www.welovecycling.com\/hu\/kozosseg-es-kultura\/2019-emlekezetes-biciklis-pillanatai\/"]}]},{"@type":"ImageObject","inLanguage":"hu","@id":"https:\/\/www.welovecycling.com\/hu\/kozosseg-es-kultura\/2019-emlekezetes-biciklis-pillanatai\/#primaryimage","url":"https:\/\/d2p6e6u75xmxt8.cloudfront.net\/12\/2020\/01\/LEtape-CVR.jpg","contentUrl":"https:\/\/d2p6e6u75xmxt8.cloudfront.net\/12\/2020\/01\/LEtape-CVR.jpg","width":1366,"height":600,"caption":"l'Etape 2019"},{"@type":"BreadcrumbList","@id":"https:\/\/www.welovecycling.com\/hu\/kozosseg-es-kultura\/2019-emlekezetes-biciklis-pillanatai\/#breadcrumb","itemListElement":[{"@type":"ListItem","position":1,"name":"Home","item":"https:\/\/www.welovecycling.com\/hu\/"},{"@type":"ListItem","position":2,"name":"2019 eml\u00e9kezetes biciklis pillanatai"}]},{"@type":"WebSite","@id":"https:\/\/www.welovecycling.com\/hu\/#website","url":"https:\/\/www.welovecycling.com\/hu\/","name":"\u0160koda We Love Cycling - Magyarorsz\u00e1g","description":"\u0160koda WeLoveCycling","potentialAction":[{"@type":"SearchAction","target":{"@type":"EntryPoint","urlTemplate":"https:\/\/www.welovecycling.com\/hu\/?s={search_term_string}"},"query-input":{"@type":"PropertyValueSpecification","valueRequired":true,"valueName":"search_term_string"}}],"inLanguage":"hu"},{"@type":"Person","@id":"https:\/\/www.welovecycling.com\/hu\/#\/schema\/person\/414a2aebf1801691a5320edb6468e194","name":"hegyizs","image":{"@type":"ImageObject","inLanguage":"hu","@id":"https:\/\/www.welovecycling.com\/hu\/#\/schema\/person\/image\/","url":"https:\/\/secure.gravatar.com\/avatar\/02cf8a7906b8cf90cecb4679defac7cfd33a1c2e3b88e4903d947f3bb58eedd3?s=96&d=mm&r=g","contentUrl":"https:\/\/secure.gravatar.com\/avatar\/02cf8a7906b8cf90cecb4679defac7cfd33a1c2e3b88e4903d947f3bb58eedd3?s=96&d=mm&r=g","caption":"hegyizs"},"url":"https:\/\/www.welovecycling.com\/hu\/author\/hegyizs\/"}]}},"_links":{"self":[{"href":"https:\/\/www.welovecycling.com\/hu\/wp-json\/wp\/v2\/posts\/6389","targetHints":{"allow":["GET"]}}],"collection":[{"href":"https:\/\/www.welovecycling.com\/hu\/wp-json\/wp\/v2\/posts"}],"about":[{"href":"https:\/\/www.welovecycling.com\/hu\/wp-json\/wp\/v2\/types\/post"}],"author":[{"embeddable":true,"href":"https:\/\/www.welovecycling.com\/hu\/wp-json\/wp\/v2\/users\/71"}],"replies":[{"embeddable":true,"href":"https:\/\/www.welovecycling.com\/hu\/wp-json\/wp\/v2\/comments?post=6389"}],"version-history":[{"count":2,"href":"https:\/\/www.welovecycling.com\/hu\/wp-json\/wp\/v2\/posts\/6389\/revisions"}],"predecessor-version":[{"id":6414,"href":"https:\/\/www.welovecycling.com\/hu\/wp-json\/wp\/v2\/posts\/6389\/revisions\/6414"}],"wp:featuredmedia":[{"embeddable":true,"href":"https:\/\/www.welovecycling.com\/hu\/wp-json\/wp\/v2\/media\/6398"}],"wp:attachment":[{"href":"https:\/\/www.welovecycling.com\/hu\/wp-json\/wp\/v2\/media?parent=6389"}],"wp:term":[{"taxonomy":"category","embeddable":true,"href":"https:\/\/www.welovecycling.com\/hu\/wp-json\/wp\/v2\/categories?post=6389"},{"taxonomy":"post_tag","embeddable":true,"href":"https:\/\/www.welovecycling.com\/hu\/wp-json\/wp\/v2\/tags?post=6389"},{"taxonomy":"global-categories","embeddable":true,"href":"https:\/\/www.welovecycling.com\/hu\/wp-json\/wp\/v2\/global-categories?post=6389"}],"curies":[{"name":"wp","href":"https:\/\/api.w.org\/{rel}","templated":true}]}}