{"id":6382,"date":"2020-01-11T08:00:17","date_gmt":"2020-01-11T07:00:17","guid":{"rendered":"https:\/\/www.welovecycling.com\/hu\/?p=6382"},"modified":"2020-01-09T12:15:58","modified_gmt":"2020-01-09T11:15:58","slug":"legyenek-ez-a-bringas-dalok-az-ev-hatterzenei","status":"publish","type":"post","link":"https:\/\/www.welovecycling.com\/hu\/kozosseg-es-kultura\/legyenek-ez-a-bringas-dalok-az-ev-hatterzenei\/","title":{"rendered":"Legyenek ez a bring\u00e1s dalok az \u00e9v h\u00e1tt\u00e9rzen\u00e9i"},"content":{"rendered":"<p><strong>Hat\u00e1rozottan nem aj\u00e1nljuk, hogy zen\u00e9t hallgass bicikliz\u00e9s k\u00f6zben, de ha n\u00e9ha otthon edzel, semmi sem seg\u00edt az unalom el\u0171z\u00e9s\u00e9ben \u00e9s a ritmus fenntart\u00e1s\u00e1ban, mint a zene. Vagy valami\u00e9rt kevesebb id\u0151d van tekerni \u00e9s sz\u00fcks\u00e9ged van valamire, ami eml\u00e9keztet r\u00e1, milyen \u00e9rz\u00e9s? B\u00e1rmelyik is a helyzet, hoztunk p\u00e1r dalt, ami bebizony\u00edtja, hogy a rockerek szeretnek biciklizni!<\/strong><\/p>\n<p><!--more--><\/p>\n<h2><strong>Queen \u2014 \u2018Bicycle Race\u2019 (1978)<\/strong><\/h2>\n<p>Nincs bring\u00e1s zenei lista a klasszikus Queen sz\u00e1m n\u00e9lk\u00fcl. A Tour de France egyik szakasza inspir\u00e1lta dal m\u00e9g egy biciklicseng\u0151 sz\u00f3l\u00f3j\u00e1t is tartalmazza. Azt sosem tudjuk meg, hogy mit gondolt egy profi versenyz\u0151 az 1970-es \u00e9vekben a kir\u00edv\u00f3 frontemberr\u0151l, Freddie Mercury-r\u00f3l, de az biztos, hogy im\u00e1djuk ezt a sz\u00e1mot. A ker\u00e9kp\u00e1roz\u00e1s relevanci\u00e1j\u00e1t igazolja, hogy a dalsz\u00f6veg aktualit\u00e1sokat boncolgat mind t\u00e1rsadalmi, mint politikai \u00e9s popkultur\u00e1lis szinten, p\u00e9ld\u00e1ul sz\u00f3 van benne a vall\u00e1sr\u00f3l, a vietn\u00e1mi h\u00e1bor\u00far\u00f3l, a kokainr\u00f3l, P\u00e1n P\u00e9terr\u0151l, a sz\u00edn\u00e9sz John Wayne-r\u0151l, illetve a C\u00e1pa \u00e9s a Star Wars filmekr\u0151l is.<\/p>\n<lite-youtube videoid=GugsCdLHm-Q params=\"enablejsapi=1\" style=\"background-image: url('https:\/\/i.ytimg.com\/vi_webp\/GugsCdLHm-Q\/maxresdefault.webp');\"><\/lite-youtube>\n<h2><strong>Kraftwerk \u2014 \u2018Tour de France\u2019 (1983)<\/strong><\/h2>\n<p>\u00dajabb \u00f3da a nagy versenyhez, a n\u00e9met techno \u00fatt\u00f6r\u0151it\u0151l, a Kraftwerkt\u0151l. \u0150k 1983-ban fejezt\u00e9k ki dalban a ker\u00e9kp\u00e1roz\u00e1s ir\u00e1nti szeretet\u00fcket. Megeml\u00edtend\u0151, hogy a megsz\u00f3laltatott hangok, ami igencsak hasonl\u00edtanak a ker\u00e9kp\u00e1rok hangj\u00e1ra egy olyan innovat\u00edv hangk\u00e9pz\u00e9s eredm\u00e9nyei, amivel a Kraftwerk m\u00e1r kor\u00e1bban is dolgozott. A vide\u00f3t is \u00e9rdemes megn\u00e9zni, hiszen az 1983-as deb\u00fct\u00e1l\u00e1skor klip is k\u00e9sz\u00fclt a sz\u00e1mhoz, amiben a bandatagok bicikliznek boldogan D\u00fcsseldorfban.<\/p>\n<lite-youtube videoid=Yt3p-F2x7rY params=\"enablejsapi=1\" style=\"background-image: url('https:\/\/i.ytimg.com\/vi_webp\/Yt3p-F2x7rY\/maxresdefault.webp');\"><\/lite-youtube>\n<h2><strong>Beach Boys\u00a0\u2014\u00a0It\u2019s A Beautiful Day\u00a0(1979)<\/strong><\/h2>\n<p>Los Angeles-i f\u0151utak t\u00f6mve biciklikkel? Az biztos, hogy a Beach Boysnak \u00e9l\u00e9nk volt a fant\u00e1zi\u00e1ja. Ez a dal nem ker\u00fclt fel egyik Beach Boys lemezre sem, de megjelent az Americathlon f\u0151c\u00edmdalak\u00e9nt \u00e9s 1979 szeptember\u00e9ben egyed\u00fcl\u00e1ll\u00f3 dalk\u00e9nt is kiadt\u00e1k. Beker\u00fclt emellett a Made in California Beach Boys v\u00e1logat\u00e1s\u00e1ba is, ami al\u00e1t\u00e1masztja a t\u00e9nyt, hogy hi\u00e1ba nem volt a legn\u00e9pszer\u0171bb daluk, a sz\u00f6veg, a hangz\u00e1s \u00e9s a harm\u00f3nia nagyon ott van.<\/p>\n<p>https:\/\/www.youtube.com\/watch?v=zOVV1ML6CsA<\/p>\n<h2><strong>Mark Ronson \u2014 The Bike Song (2010)<\/strong><\/h2>\n<p>Ha esetleg m\u00e1r kezdt\u00e9l volna agg\u00f3dni, hogy az elm\u00falt 30 \u00e9vben nem \u00edr\u00f3dott egy dal sem a bicikliz\u00e9sr\u0151l, \u00edme egy dal 2010-b\u0151l, amit Mark Ronson \u00edrt. A sz\u00e1mot felhaszn\u00e1lt\u00e1k a londoni ker\u00e9kp\u00e1ros k\u00f6zleked\u00e9st szorgalmaz\u00f3 weboldalon is, egy olyan vide\u00f3 alatt, amiben h\u00edress\u00e9gek bring\u00e1znak kedvenc helyeiken. A bring\u00e1s-zene piac teh\u00e1t m\u00e9g nem tel\u00edtett.<\/p>\n<lite-youtube videoid=rVELTxKRoHA params=\"enablejsapi=1\" style=\"background-image: url('https:\/\/i.ytimg.com\/vi_webp\/rVELTxKRoHA\/maxresdefault.webp');\"><\/lite-youtube>\n<h2><strong>The Decemberists\u00a0\u2014\u00a0The Apology Song\u00a0(2003)<\/strong><\/h2>\n<p>V\u00e9g\u00fcl pedig egy dal, azoknak akikben az \u00fcnnepek elm\u00fal\u00e1sa m\u00e9ly szomor\u00fas\u00e1got hagyott, vagy nem azt tal\u00e1lt\u00e1k a fa alatt, amit rem\u00e9ltek: egy kicsit s\u00f6t\u00e9tebb vizekre evez\u00fcnk. Ez a sz\u00e1m nem a bicikliz\u00e9sr\u0151l sz\u00f3l, hanem egy ellopott birng\u00e1r\u00f3l \u2013 szomor\u00fa, szomor\u00fa dal! R\u00e1ad\u00e1sul a komor t\u00f6rt\u00e9net gy\u00f6trelmes ir\u00f3ni\u00e1val z\u00e1rul: az \u00e9nekes, Colin Meloy elmondja, hogy megtal\u00e1lt a biciklit \u00e9s vissza is juttatta joggos tulajdonosh\u00e1z, azonban \u0151 \u00f6sszet\u00f6rte, amikor k\u00e9s\u0151bb egy bar\u00e1tj\u00e1nak seg\u00edtett k\u00f6lt\u00f6zk\u00f6dni. H\u00e1t nem sz\u00edvt\u00e9p\u0151? Legjobb lesz, ha meg\u00f6lelgeted kicsit a biciklid ilyen traumatikus t\u00f6rt\u00e9net ut\u00e1n\u2026<\/p>\n<lite-youtube videoid=XajYqrPwQkw params=\"enablejsapi=1\" style=\"background-image: url('https:\/\/i.ytimg.com\/vi_webp\/XajYqrPwQkw\/maxresdefault.webp');\"><\/lite-youtube>\n","protected":false},"excerpt":{"rendered":"<p>Hat\u00e1rozottan nem aj\u00e1nljuk, hogy zen\u00e9t hallgass bicikliz\u00e9s k\u00f6zben, de ha n\u00e9ha otthon edzel, semmi sem seg\u00edt az unalom el\u0171z\u00e9s\u00e9ben \u00e9s [&hellip;]<\/p>\n","protected":false},"author":71,"featured_media":6388,"comment_status":"open","ping_status":"open","sticky":false,"template":"","format":"standard","meta":{"footnotes":""},"categories":[12],"tags":[],"global-categories":[],"class_list":["post-6382","post","type-post","status-publish","format-standard","has-post-thumbnail","hentry","category-kozosseg-es-kultura"],"yoast_head":"<!-- This site is optimized with the Yoast SEO Premium plugin v25.3 (Yoast SEO v25.9) - https:\/\/yoast.com\/wordpress\/plugins\/seo\/ -->\n<title>Legyenek ez a bring\u00e1s dalok az \u00e9v h\u00e1tt\u00e9rzen\u00e9i - \u0160koda We Love Cycling - Magyarorsz\u00e1g<\/title>\n<meta name=\"robots\" content=\"index, follow, max-snippet:-1, max-image-preview:large, max-video-preview:-1\" \/>\n<link rel=\"canonical\" href=\"https:\/\/www.welovecycling.com\/hu\/kozosseg-es-kultura\/legyenek-ez-a-bringas-dalok-az-ev-hatterzenei\/\" \/>\n<meta property=\"og:locale\" content=\"hu_HU\" \/>\n<meta property=\"og:type\" content=\"article\" \/>\n<meta property=\"og:title\" content=\"Legyenek ez a bring\u00e1s dalok az \u00e9v h\u00e1tt\u00e9rzen\u00e9i\" \/>\n<meta property=\"og:description\" content=\"Hat\u00e1rozottan nem aj\u00e1nljuk, hogy zen\u00e9t hallgass bicikliz\u00e9s k\u00f6zben, de ha n\u00e9ha otthon edzel, semmi sem seg\u00edt az unalom el\u0171z\u00e9s\u00e9ben \u00e9s [&hellip;]\" \/>\n<meta property=\"og:url\" content=\"https:\/\/www.welovecycling.com\/hu\/kozosseg-es-kultura\/legyenek-ez-a-bringas-dalok-az-ev-hatterzenei\/\" \/>\n<meta property=\"og:site_name\" content=\"\u0160koda We Love Cycling - Magyarorsz\u00e1g\" \/>\n<meta property=\"article:publisher\" content=\"https:\/\/www.facebook.com\/WeLoveCyclingHungary\/\" \/>\n<meta property=\"article:published_time\" content=\"2020-01-11T07:00:17+00:00\" \/>\n<meta property=\"og:image\" content=\"https:\/\/d2p6e6u75xmxt8.cloudfront.net\/12\/2020\/01\/Freddy-Mercury-CVR-profimedia-0393527184.jpg\" \/>\n\t<meta property=\"og:image:width\" content=\"1366\" \/>\n\t<meta property=\"og:image:height\" content=\"600\" \/>\n\t<meta property=\"og:image:type\" content=\"image\/jpeg\" \/>\n<meta name=\"author\" content=\"hegyizs\" \/>\n<meta name=\"twitter:card\" content=\"summary_large_image\" \/>\n<meta name=\"twitter:label1\" content=\"Written by\" \/>\n\t<meta name=\"twitter:data1\" content=\"Megan Flottorp\" \/>\n\t<meta name=\"twitter:label2\" content=\"Est. reading time\" \/>\n\t<meta name=\"twitter:data2\" content=\"7\" \/>\n<script type=\"application\/ld+json\" class=\"yoast-schema-graph\">{\"@context\":\"https:\/\/schema.org\",\"@graph\":[{\"@type\":\"WebPage\",\"@id\":\"https:\/\/www.welovecycling.com\/hu\/kozosseg-es-kultura\/legyenek-ez-a-bringas-dalok-az-ev-hatterzenei\/\",\"url\":\"https:\/\/www.welovecycling.com\/hu\/kozosseg-es-kultura\/legyenek-ez-a-bringas-dalok-az-ev-hatterzenei\/\",\"name\":\"Legyenek ez a bring\u00e1s dalok az \u00e9v h\u00e1tt\u00e9rzen\u00e9i - \u0160koda We Love Cycling - Magyarorsz\u00e1g\",\"isPartOf\":{\"@id\":\"https:\/\/www.welovecycling.com\/hu\/#website\"},\"primaryImageOfPage\":{\"@id\":\"https:\/\/www.welovecycling.com\/hu\/kozosseg-es-kultura\/legyenek-ez-a-bringas-dalok-az-ev-hatterzenei\/#primaryimage\"},\"image\":{\"@id\":\"https:\/\/www.welovecycling.com\/hu\/kozosseg-es-kultura\/legyenek-ez-a-bringas-dalok-az-ev-hatterzenei\/#primaryimage\"},\"thumbnailUrl\":\"https:\/\/d2p6e6u75xmxt8.cloudfront.net\/12\/2020\/01\/Freddy-Mercury-CVR-profimedia-0393527184.jpg\",\"datePublished\":\"2020-01-11T07:00:17+00:00\",\"author\":{\"@id\":\"https:\/\/www.welovecycling.com\/hu\/#\/schema\/person\/414a2aebf1801691a5320edb6468e194\"},\"breadcrumb\":{\"@id\":\"https:\/\/www.welovecycling.com\/hu\/kozosseg-es-kultura\/legyenek-ez-a-bringas-dalok-az-ev-hatterzenei\/#breadcrumb\"},\"inLanguage\":\"hu\",\"potentialAction\":[{\"@type\":\"ReadAction\",\"target\":[\"https:\/\/www.welovecycling.com\/hu\/kozosseg-es-kultura\/legyenek-ez-a-bringas-dalok-az-ev-hatterzenei\/\"]}]},{\"@type\":\"ImageObject\",\"inLanguage\":\"hu\",\"@id\":\"https:\/\/www.welovecycling.com\/hu\/kozosseg-es-kultura\/legyenek-ez-a-bringas-dalok-az-ev-hatterzenei\/#primaryimage\",\"url\":\"https:\/\/d2p6e6u75xmxt8.cloudfront.net\/12\/2020\/01\/Freddy-Mercury-CVR-profimedia-0393527184.jpg\",\"contentUrl\":\"https:\/\/d2p6e6u75xmxt8.cloudfront.net\/12\/2020\/01\/Freddy-Mercury-CVR-profimedia-0393527184.jpg\",\"width\":1366,\"height\":600},{\"@type\":\"BreadcrumbList\",\"@id\":\"https:\/\/www.welovecycling.com\/hu\/kozosseg-es-kultura\/legyenek-ez-a-bringas-dalok-az-ev-hatterzenei\/#breadcrumb\",\"itemListElement\":[{\"@type\":\"ListItem\",\"position\":1,\"name\":\"Home\",\"item\":\"https:\/\/www.welovecycling.com\/hu\/\"},{\"@type\":\"ListItem\",\"position\":2,\"name\":\"Legyenek ez a bring\u00e1s dalok az \u00e9v h\u00e1tt\u00e9rzen\u00e9i\"}]},{\"@type\":\"WebSite\",\"@id\":\"https:\/\/www.welovecycling.com\/hu\/#website\",\"url\":\"https:\/\/www.welovecycling.com\/hu\/\",\"name\":\"\u0160koda We Love Cycling - Magyarorsz\u00e1g\",\"description\":\"\u0160koda WeLoveCycling\",\"potentialAction\":[{\"@type\":\"SearchAction\",\"target\":{\"@type\":\"EntryPoint\",\"urlTemplate\":\"https:\/\/www.welovecycling.com\/hu\/?s={search_term_string}\"},\"query-input\":{\"@type\":\"PropertyValueSpecification\",\"valueRequired\":true,\"valueName\":\"search_term_string\"}}],\"inLanguage\":\"hu\"},{\"@type\":\"Person\",\"@id\":\"https:\/\/www.welovecycling.com\/hu\/#\/schema\/person\/414a2aebf1801691a5320edb6468e194\",\"name\":\"hegyizs\",\"image\":{\"@type\":\"ImageObject\",\"inLanguage\":\"hu\",\"@id\":\"https:\/\/www.welovecycling.com\/hu\/#\/schema\/person\/image\/\",\"url\":\"https:\/\/secure.gravatar.com\/avatar\/02cf8a7906b8cf90cecb4679defac7cfd33a1c2e3b88e4903d947f3bb58eedd3?s=96&d=mm&r=g\",\"contentUrl\":\"https:\/\/secure.gravatar.com\/avatar\/02cf8a7906b8cf90cecb4679defac7cfd33a1c2e3b88e4903d947f3bb58eedd3?s=96&d=mm&r=g\",\"caption\":\"hegyizs\"},\"url\":\"https:\/\/www.welovecycling.com\/hu\/author\/hegyizs\/\"}]}<\/script>\n<!-- \/ Yoast SEO Premium plugin. -->","yoast_head_json":{"title":"Legyenek ez a bring\u00e1s dalok az \u00e9v h\u00e1tt\u00e9rzen\u00e9i - \u0160koda We Love Cycling - Magyarorsz\u00e1g","robots":{"index":"index","follow":"follow","max-snippet":"max-snippet:-1","max-image-preview":"max-image-preview:large","max-video-preview":"max-video-preview:-1"},"canonical":"https:\/\/www.welovecycling.com\/hu\/kozosseg-es-kultura\/legyenek-ez-a-bringas-dalok-az-ev-hatterzenei\/","og_locale":"hu_HU","og_type":"article","og_title":"Legyenek ez a bring\u00e1s dalok az \u00e9v h\u00e1tt\u00e9rzen\u00e9i","og_description":"Hat\u00e1rozottan nem aj\u00e1nljuk, hogy zen\u00e9t hallgass bicikliz\u00e9s k\u00f6zben, de ha n\u00e9ha otthon edzel, semmi sem seg\u00edt az unalom el\u0171z\u00e9s\u00e9ben \u00e9s [&hellip;]","og_url":"https:\/\/www.welovecycling.com\/hu\/kozosseg-es-kultura\/legyenek-ez-a-bringas-dalok-az-ev-hatterzenei\/","og_site_name":"\u0160koda We Love Cycling - Magyarorsz\u00e1g","article_publisher":"https:\/\/www.facebook.com\/WeLoveCyclingHungary\/","article_published_time":"2020-01-11T07:00:17+00:00","og_image":[{"width":1366,"height":600,"url":"https:\/\/d2p6e6u75xmxt8.cloudfront.net\/12\/2020\/01\/Freddy-Mercury-CVR-profimedia-0393527184.jpg","type":"image\/jpeg"}],"author":"hegyizs","twitter_card":"summary_large_image","twitter_misc":{"Written by":"Megan Flottorp","Est. reading time":"7"},"schema":{"@context":"https:\/\/schema.org","@graph":[{"@type":"WebPage","@id":"https:\/\/www.welovecycling.com\/hu\/kozosseg-es-kultura\/legyenek-ez-a-bringas-dalok-az-ev-hatterzenei\/","url":"https:\/\/www.welovecycling.com\/hu\/kozosseg-es-kultura\/legyenek-ez-a-bringas-dalok-az-ev-hatterzenei\/","name":"Legyenek ez a bring\u00e1s dalok az \u00e9v h\u00e1tt\u00e9rzen\u00e9i - \u0160koda We Love Cycling - Magyarorsz\u00e1g","isPartOf":{"@id":"https:\/\/www.welovecycling.com\/hu\/#website"},"primaryImageOfPage":{"@id":"https:\/\/www.welovecycling.com\/hu\/kozosseg-es-kultura\/legyenek-ez-a-bringas-dalok-az-ev-hatterzenei\/#primaryimage"},"image":{"@id":"https:\/\/www.welovecycling.com\/hu\/kozosseg-es-kultura\/legyenek-ez-a-bringas-dalok-az-ev-hatterzenei\/#primaryimage"},"thumbnailUrl":"https:\/\/d2p6e6u75xmxt8.cloudfront.net\/12\/2020\/01\/Freddy-Mercury-CVR-profimedia-0393527184.jpg","datePublished":"2020-01-11T07:00:17+00:00","author":{"@id":"https:\/\/www.welovecycling.com\/hu\/#\/schema\/person\/414a2aebf1801691a5320edb6468e194"},"breadcrumb":{"@id":"https:\/\/www.welovecycling.com\/hu\/kozosseg-es-kultura\/legyenek-ez-a-bringas-dalok-az-ev-hatterzenei\/#breadcrumb"},"inLanguage":"hu","potentialAction":[{"@type":"ReadAction","target":["https:\/\/www.welovecycling.com\/hu\/kozosseg-es-kultura\/legyenek-ez-a-bringas-dalok-az-ev-hatterzenei\/"]}]},{"@type":"ImageObject","inLanguage":"hu","@id":"https:\/\/www.welovecycling.com\/hu\/kozosseg-es-kultura\/legyenek-ez-a-bringas-dalok-az-ev-hatterzenei\/#primaryimage","url":"https:\/\/d2p6e6u75xmxt8.cloudfront.net\/12\/2020\/01\/Freddy-Mercury-CVR-profimedia-0393527184.jpg","contentUrl":"https:\/\/d2p6e6u75xmxt8.cloudfront.net\/12\/2020\/01\/Freddy-Mercury-CVR-profimedia-0393527184.jpg","width":1366,"height":600},{"@type":"BreadcrumbList","@id":"https:\/\/www.welovecycling.com\/hu\/kozosseg-es-kultura\/legyenek-ez-a-bringas-dalok-az-ev-hatterzenei\/#breadcrumb","itemListElement":[{"@type":"ListItem","position":1,"name":"Home","item":"https:\/\/www.welovecycling.com\/hu\/"},{"@type":"ListItem","position":2,"name":"Legyenek ez a bring\u00e1s dalok az \u00e9v h\u00e1tt\u00e9rzen\u00e9i"}]},{"@type":"WebSite","@id":"https:\/\/www.welovecycling.com\/hu\/#website","url":"https:\/\/www.welovecycling.com\/hu\/","name":"\u0160koda We Love Cycling - Magyarorsz\u00e1g","description":"\u0160koda WeLoveCycling","potentialAction":[{"@type":"SearchAction","target":{"@type":"EntryPoint","urlTemplate":"https:\/\/www.welovecycling.com\/hu\/?s={search_term_string}"},"query-input":{"@type":"PropertyValueSpecification","valueRequired":true,"valueName":"search_term_string"}}],"inLanguage":"hu"},{"@type":"Person","@id":"https:\/\/www.welovecycling.com\/hu\/#\/schema\/person\/414a2aebf1801691a5320edb6468e194","name":"hegyizs","image":{"@type":"ImageObject","inLanguage":"hu","@id":"https:\/\/www.welovecycling.com\/hu\/#\/schema\/person\/image\/","url":"https:\/\/secure.gravatar.com\/avatar\/02cf8a7906b8cf90cecb4679defac7cfd33a1c2e3b88e4903d947f3bb58eedd3?s=96&d=mm&r=g","contentUrl":"https:\/\/secure.gravatar.com\/avatar\/02cf8a7906b8cf90cecb4679defac7cfd33a1c2e3b88e4903d947f3bb58eedd3?s=96&d=mm&r=g","caption":"hegyizs"},"url":"https:\/\/www.welovecycling.com\/hu\/author\/hegyizs\/"}]}},"_links":{"self":[{"href":"https:\/\/www.welovecycling.com\/hu\/wp-json\/wp\/v2\/posts\/6382","targetHints":{"allow":["GET"]}}],"collection":[{"href":"https:\/\/www.welovecycling.com\/hu\/wp-json\/wp\/v2\/posts"}],"about":[{"href":"https:\/\/www.welovecycling.com\/hu\/wp-json\/wp\/v2\/types\/post"}],"author":[{"embeddable":true,"href":"https:\/\/www.welovecycling.com\/hu\/wp-json\/wp\/v2\/users\/71"}],"replies":[{"embeddable":true,"href":"https:\/\/www.welovecycling.com\/hu\/wp-json\/wp\/v2\/comments?post=6382"}],"version-history":[{"count":2,"href":"https:\/\/www.welovecycling.com\/hu\/wp-json\/wp\/v2\/posts\/6382\/revisions"}],"predecessor-version":[{"id":6410,"href":"https:\/\/www.welovecycling.com\/hu\/wp-json\/wp\/v2\/posts\/6382\/revisions\/6410"}],"wp:featuredmedia":[{"embeddable":true,"href":"https:\/\/www.welovecycling.com\/hu\/wp-json\/wp\/v2\/media\/6388"}],"wp:attachment":[{"href":"https:\/\/www.welovecycling.com\/hu\/wp-json\/wp\/v2\/media?parent=6382"}],"wp:term":[{"taxonomy":"category","embeddable":true,"href":"https:\/\/www.welovecycling.com\/hu\/wp-json\/wp\/v2\/categories?post=6382"},{"taxonomy":"post_tag","embeddable":true,"href":"https:\/\/www.welovecycling.com\/hu\/wp-json\/wp\/v2\/tags?post=6382"},{"taxonomy":"global-categories","embeddable":true,"href":"https:\/\/www.welovecycling.com\/hu\/wp-json\/wp\/v2\/global-categories?post=6382"}],"curies":[{"name":"wp","href":"https:\/\/api.w.org\/{rel}","templated":true}]}}