{"id":6370,"date":"2020-01-08T08:00:27","date_gmt":"2020-01-08T07:00:27","guid":{"rendered":"https:\/\/www.welovecycling.com\/hu\/?p=6370"},"modified":"2020-01-04T16:00:54","modified_gmt":"2020-01-04T15:00:54","slug":"5-kerekparos-uticel-amit-fel-kell-fedezned","status":"publish","type":"post","link":"https:\/\/www.welovecycling.com\/hu\/trekking-mtb\/5-kerekparos-uticel-amit-fel-kell-fedezned\/","title":{"rendered":"5 ker\u00e9kp\u00e1ros \u00fatic\u00e9l, amit fel kell fedezned"},"content":{"rendered":"<p><strong>Inspir\u00e1ci\u00f3t keresel az idei nagy bring\u00e1s kalandodhoz? Sosem lehet el\u00e9g kor\u00e1n elkezdeni a tervezget\u00e9st! M\u00e9g alig r\u00e1z\u00f3dtunk vissza a h\u00e9tk\u00f6znapi ker\u00e9kv\u00e1g\u00e1sba, k\u00f6nnyen elkalandozik a figyelm\u00fcnk a munkahely\u00fcnk\u00f6n, ez pedig remek alkalom arra, hogy arr\u00f3l \u00e1lmodozzunk, hova menek\u00fcl\u00fcnk majd legk\u00f6zelebb biciklinken. \u00cdme \u00f6t \u00fati c\u00e9l, amit meg\u00e9ri felfedezni!<\/strong><!--more--><\/p>\n<h2><strong>Kaland Kambodzs\u00e1ban \u00e9s Vietn\u00e1mban<\/strong><\/h2>\n<p>V\u00e1ltozatos t\u00e1jaival \u00e9s lehet\u0151s\u00e9geivel \u00c9szak-\u00c1zsia felfedez\u00e9se egy val\u00f3s\u00e1gos csoda. Vietn\u00e1m Indok\u00edna egyik legjobb helye biciklit\u00far\u00e1khoz. Hanoi-t\u00f3l Saigonig, Sapat\u00f3l Halong Bayig, t\u00f6m\u00e9nytelen mennyis\u00e9g\u0171 term\u00e9szeti \u00e9s t\u00f6rt\u00e9nelmi l\u00e1tnival\u00f3 \u00f6vezi az utakat, emellett pedig azt is megtapasztalhatod milyen egy cs\u00f3nakban t\u00f6lteni az \u00e9jszak\u00e1t, vagy megn\u00e9zhetetsz egy v\u00edzi b\u00e1bj\u00e1t\u00e9kot Hanoi-ban. Term\u00e9szetesen nem maradhat ki a tengerparti pihen\u0151 sem, erre pedig rengeteg lehet\u0151s\u00e9g ad\u00f3dik Thaif\u00f6ld\u00f6n, Vietn\u00e1mban, Kambodzs\u00e1ban \u00e9s Laoszban.<\/p>\n<p><em>Ezt pr\u00f3b\u00e1ld ki<\/em><\/p>\n<p><a href=\"https:\/\/www.freedomtreks.co.uk\/cambodia\/angkor-wat-to-hoi-an\">Ez az utaz\u00e1s<\/a> elvisz a kambodzsai Angkor Watt\u00f3l a vietn\u00e1mi Hoi Anba. A megszokott turista-\u00f6sv\u00e9nyr\u0151l let\u00e9rve autentikus \u00e9lm\u00e9nyben lehet r\u00e9szed, ahogy elhagyatott utakat fedezel fel, kis falukon \u00e9s foly\u00f3menti v\u00e1rosokon tekersz \u00e1t. A t\u00fara mag\u00e1ban foglal egy egynapos kajakt\u00far\u00e1t a Mekong foly\u00f3n, ami remek lehet\u0151s\u00e9g arra, hogy tal\u00e1lkozz a kambodzsai \u00e9l\u0151vil\u00e1ggal, \u00e9s hogy behaj\u00f3zhass az UNESCO vil\u00e1g\u00f6r\u00f6ks\u00e9g r\u00e9sz\u00e9t k\u00e9pez\u0151 Hoi An v\u00e1ros\u00e1ba az utols\u00f3 bring\u00e1val megtett kilom\u00e9terek el\u0151tt.<\/p>\n<figure id=\"attachment_6371\" aria-describedby=\"caption-attachment-6371\" style=\"width: 1280px\" class=\"wp-caption alignnone\"><img loading=\"lazy\" decoding=\"async\" class=\"size-full wp-image-6371\" src=\"https:\/\/d2p6e6u75xmxt8.cloudfront.net\/12\/2020\/01\/green-leafed-trees-1089302.jpg\" alt=\"\" width=\"1280\" height=\"808\" srcset=\"https:\/\/d2p6e6u75xmxt8.cloudfront.net\/12\/2020\/01\/green-leafed-trees-1089302.jpg 1280w, https:\/\/d2p6e6u75xmxt8.cloudfront.net\/12\/2020\/01\/green-leafed-trees-1089302-300x189.jpg 300w, https:\/\/d2p6e6u75xmxt8.cloudfront.net\/12\/2020\/01\/green-leafed-trees-1089302-768x485.jpg 768w, https:\/\/d2p6e6u75xmxt8.cloudfront.net\/12\/2020\/01\/green-leafed-trees-1089302-1024x646.jpg 1024w\" sizes=\"auto, (max-width: 1280px) 100vw, 1280px\" \/><figcaption id=\"caption-attachment-6371\" class=\"wp-caption-text\">Angkor Wat<\/figcaption><\/figure>\n<h2><strong>Ped\u00e1lozni Portug\u00e1li\u00e1ban<\/strong><\/h2>\n<p>A leny\u0171g\u00f6z\u0151 l\u00e1tk\u00e9pek, a kellemes id\u0151j\u00e1r\u00e1s \u00e9s a bar\u00e1ts\u00e1gos \u00e1rak a turist\u00e1k kedvelt c\u00e9lpontj\u00e1v\u00e1 tett\u00e9k Portug\u00e1li\u00e1t. Mindegy, milyen szinten ker\u00e9kp\u00e1rozol, a saj\u00e1t temp\u00f3dban fedezheted fel az orsz\u00e1got. Az eg\u00e9sz \u00e9ves meleg miatt v\u00e1laszthatsz a tengerparti \u00e9s a hegyi \u00fatvonalak miatt, de a v\u00e1rosokat is felfedezheted k\u00e9tker\u00e9ken.<\/p>\n<p><em>Ezt pr\u00f3b\u00e1ld ki<\/em><\/p>\n<p>A <a href=\"https:\/\/www.bikeadventures.co.uk\/product\/portugal-top-to-bottom-challenge\/\">tet\u0151t\u0151l-talpig kih\u00edv\u00e1sk\u00e9nt ismert t\u00fara<\/a> Valenci\u00e1ban, a spanyol hat\u00e1rn\u00e1l kezd\u0151dik \u00e9s Algarve partjain\u00e1l \u00e9r v\u00e9get. \u00c9szak-Portug\u00e1lia csod\u00e1latos hegyein tekerve Spanyolorsz\u00e1g fekszik majd a l\u00e1bad el\u0151tt. Lassan leereszkedtek \u00e9s a tengerparti \u00f6sv\u00e9nyeken el\u00e9ritek a spanyol hat\u00e1rt, Algarve-t. Ahogy az orsz\u00e1g domborzata egyre laposabb lesz, \u00fagy k\u00f6nnyebb rajta tekerni, de a l\u00e1tv\u00e1ny miatt meg\u00e9ri a hegyekre is felk\u00fczdeni magad.<\/p>\n<figure id=\"attachment_6372\" aria-describedby=\"caption-attachment-6372\" style=\"width: 1280px\" class=\"wp-caption alignnone\"><img loading=\"lazy\" decoding=\"async\" class=\"wp-image-6372 size-full\" src=\"https:\/\/d2p6e6u75xmxt8.cloudfront.net\/12\/2020\/01\/grey-concrete-3-baluster-near-mountains-and-sea-during-164268.jpg\" alt=\"\" width=\"1280\" height=\"856\" srcset=\"https:\/\/d2p6e6u75xmxt8.cloudfront.net\/12\/2020\/01\/grey-concrete-3-baluster-near-mountains-and-sea-during-164268.jpg 1280w, https:\/\/d2p6e6u75xmxt8.cloudfront.net\/12\/2020\/01\/grey-concrete-3-baluster-near-mountains-and-sea-during-164268-300x201.jpg 300w, https:\/\/d2p6e6u75xmxt8.cloudfront.net\/12\/2020\/01\/grey-concrete-3-baluster-near-mountains-and-sea-during-164268-768x514.jpg 768w, https:\/\/d2p6e6u75xmxt8.cloudfront.net\/12\/2020\/01\/grey-concrete-3-baluster-near-mountains-and-sea-during-164268-1024x685.jpg 1024w, https:\/\/d2p6e6u75xmxt8.cloudfront.net\/12\/2020\/01\/grey-concrete-3-baluster-near-mountains-and-sea-during-164268-272x182.jpg 272w\" sizes=\"auto, (max-width: 1280px) 100vw, 1280px\" \/><figcaption id=\"caption-attachment-6372\" class=\"wp-caption-text\">Portug\u00e1lia kincsei<\/figcaption><\/figure>\n<h2><strong>Amerika \u00faj arca<\/strong><\/h2>\n<p>Amerik\u00e1ba v\u00e1gysz? Mi\u00e9rt nem fedezed fel a bourbon haz\u00e1j\u00e1t, az egyre n\u00e9pszer\u0171bb bring\u00e1s \u00fatic\u00e9lt? Amikor meghallod Kentucky nev\u00e9t, val\u00f3sz\u00edn\u0171leg nem a bicikliz\u00e9s jut r\u00f3la eszedbe els\u0151re, de hidd el, itt mindent megtal\u00e1lsz az Appalache-hegys\u00e9gt\u0151l kezdve a dombokon \u00e1t, a z\u00f6ld mez\u0151kig. Kentucky t\u00f6bbezer m\u00e9rf\u00f6ld hossz\u00fa \u00fatjai k\u00f6z\u00f6tt m\u00e9g egy direkt a bicikliseknek dedik\u00e1lt \u00fatvonalat is tal\u00e1lsz. A Csendes-\u00d3ce\u00e1n \u00e9s az Atlanti-\u00d3ce\u00e1n k\u00f6z\u00f6tt h\u00faz\u00f3d\u00f3 TransAmerica Bicycle Trail 600 m\u00e9rf\u00f6ldje tal\u00e1lhat\u00f3 Kentuckyban.<\/p>\n<p><em>Ezt pr\u00f3b\u00e1ld ki<\/em><\/p>\n<p>Amerika legszebb arc\u00e1t l\u00e1thatod, <a href=\"https:\/\/trektravel.com\/trip\/kentucky-bourbon-country-bike-tour\/\">ha erre a t\u00far\u00e1ra<\/a> indulsz: Kentucky k\u00f6zpontj\u00e1n visz kereszt\u00fcl az \u00fatvonal, ami tele van lovas farmokkal, pr\u00e9mium l\u00e9lekmeleg\u00edt\u0151ket gy\u00e1rt\u00f3 szeszf\u0151zd\u00e9kkel \u00e9s a r\u00e9gm\u00falt id\u0151k lenyomat\u00e1val. A t\u00fara mag\u00e1ban foglal egy kis kit\u00e9r\u0151t a Castle &amp; Key szeszf\u0151zd\u00e9be, haj\u00f3z\u00e1st a Kentucky foly\u00f3n \u00e9s a MeadowCreek farm megl\u00e1togat\u00e1s\u00e1t, hogy els\u0151k\u00e9zb\u0151l ismerhesd meg a kult\u00far\u00e1t.<\/p>\n<figure id=\"attachment_6373\" aria-describedby=\"caption-attachment-6373\" style=\"width: 1280px\" class=\"wp-caption alignnone\"><img loading=\"lazy\" decoding=\"async\" class=\"wp-image-6373 size-full\" src=\"https:\/\/d2p6e6u75xmxt8.cloudfront.net\/12\/2020\/01\/white-house-beside-grass-field-2042161.jpg\" alt=\"\" width=\"1280\" height=\"854\" srcset=\"https:\/\/d2p6e6u75xmxt8.cloudfront.net\/12\/2020\/01\/white-house-beside-grass-field-2042161.jpg 1280w, https:\/\/d2p6e6u75xmxt8.cloudfront.net\/12\/2020\/01\/white-house-beside-grass-field-2042161-300x200.jpg 300w, https:\/\/d2p6e6u75xmxt8.cloudfront.net\/12\/2020\/01\/white-house-beside-grass-field-2042161-768x512.jpg 768w, https:\/\/d2p6e6u75xmxt8.cloudfront.net\/12\/2020\/01\/white-house-beside-grass-field-2042161-1024x683.jpg 1024w, https:\/\/d2p6e6u75xmxt8.cloudfront.net\/12\/2020\/01\/white-house-beside-grass-field-2042161-272x182.jpg 272w\" sizes=\"auto, (max-width: 1280px) 100vw, 1280px\" \/><figcaption id=\"caption-attachment-6373\" class=\"wp-caption-text\">Egy farm Kentuckyban<\/figcaption><\/figure>\n<h2><strong>Gravelen Giron\u00e1ban<\/strong><\/h2>\n<p>A profik mekk\u00e1jak\u00e9nt ismert Girona sz\u00e1mos gravel-\u00fatvonalat tartogat a kezd\u0151k sz\u00e1m\u00e1ra is. Ez a gravel-csodaorsz\u00e1g csak arra v\u00e1r, hogy felfedezd: azt mondj\u00e1k, minden klasszikus emelked\u0151nek megvan a maga graveles v\u00e1ltozata. Gondolkodt\u00e1l m\u00e1r azon, hogy vajon el lehet-e jutni a Banyoles t\u00f3hoz egy m\u00e1sik \u00fatvonalon? Igen, el lehet, a gravel bring\u00e1don.<\/p>\n<p><em>Ezt pr\u00f3b\u00e1ld ki<\/em><\/p>\n<p>A l\u00e1badban az izmok a meger\u0151ltet\u00e9st\u0151l, a sz\u00edved pedig a v\u00e1gyt\u00f3l fog \u00e9gni, hogy m\u00e9g t\u00f6bbet l\u00e1ss. A F\u00f6ldk\u00f6zi-tenger \u00e9s a Pireneusok k\u00f6z\u00f6tti utak mellett, <a href=\"https:\/\/trektravel.com\/trip\/girona-gravel-ride-camp-bike-tour\/\">Girona r\u00e9gi kast\u00e9lyait \u00e9s \u00e9p\u00edt\u00e9szet\u00e9t is felfedezheted<\/a>, a napot pedig egy katal\u00e1n \u00e9tteremben elk\u00f6lt\u00f6tt vacsor\u00e1val z\u00e1rd!<\/p>\n<figure id=\"attachment_6374\" aria-describedby=\"caption-attachment-6374\" style=\"width: 1000px\" class=\"wp-caption alignnone\"><img loading=\"lazy\" decoding=\"async\" class=\"wp-image-6374 size-full\" src=\"https:\/\/d2p6e6u75xmxt8.cloudfront.net\/12\/2020\/01\/Girona-profimedia-0419865673.jpg\" alt=\"\" width=\"1000\" height=\"750\" srcset=\"https:\/\/d2p6e6u75xmxt8.cloudfront.net\/12\/2020\/01\/Girona-profimedia-0419865673.jpg 1000w, https:\/\/d2p6e6u75xmxt8.cloudfront.net\/12\/2020\/01\/Girona-profimedia-0419865673-300x225.jpg 300w, https:\/\/d2p6e6u75xmxt8.cloudfront.net\/12\/2020\/01\/Girona-profimedia-0419865673-768x576.jpg 768w\" sizes=\"auto, (max-width: 1000px) 100vw, 1000px\" \/><figcaption id=\"caption-attachment-6374\" class=\"wp-caption-text\">Girona Szent M\u00e1ria katedr\u00e1lisa mad\u00e1rt\u00e1vlatb\u00f3l. \u00a9 kama71 \/ DPphoto \/ Profimedia<\/figcaption><\/figure>\n<h2><strong>Montiz\u00e1s Nep\u00e1lban<\/strong><\/h2>\n<p>Csendes \u00e9s forgalom-mentes alternat\u00edv\u00e1ja Indi\u00e1nak Nep\u00e1l. Mivel a telep\u00fcl\u00e9sek itt kisebbek, \u00fagy \u00e9rezheted \u00e1t D\u00e9l-\u00c1zsia l\u00fcktet\u0151 atmoszf\u00e9r\u00e1j\u00e1t, hogy k\u00f6zben \u00e9jszaka ki tudod aludni magad. Fedezd fel a csendes hegyeket \u00e9s a term\u00e9keny f\u00f6ldeket a Katmandu v\u00f6lgyben \u00e9s meg fogod \u00e9rteni mi\u00e9rt olyan b\u00fcszk\u00e9k az itt \u00e9l\u0151k az orsz\u00e1gukra.<\/p>\n<p><em>Ezt pr\u00f3b\u00e1ld ki<\/em><\/p>\n<p>A nep\u00e1li mountain bike t\u00fara m\u00e9lyen a helyi kult\u00far\u00e1ba hivatott bevezetni, hogy megismerhesd az itt \u00e9l\u0151 embereket, \u00e9s a Himal\u00e1ja legjobb \u00fatvonalait. Kilenc napon \u00e1t \u00e9lvezheted <a href=\"https:\/\/www.tourradar.com\/t\/154177\">az \u00e9l\u0151vil\u00e1g \u00e9s a kih\u00edv\u00e1sokkal teli utak<\/a> ny\u00fajtotta \u00e9lm\u00e9nyeket, mik\u00f6zben a vil\u00e1g legszebb t\u00e1jk\u00e9pei mellett haladsz el. Erre a t\u00far\u00e1ra \u00f6r\u00f6kre eml\u00e9kezni fogsz.<\/p>\n","protected":false},"excerpt":{"rendered":"<p>Inspir\u00e1ci\u00f3t keresel az idei nagy bring\u00e1s kalandodhoz? Sosem lehet el\u00e9g kor\u00e1n elkezdeni a tervezget\u00e9st! M\u00e9g alig r\u00e1z\u00f3dtunk vissza a h\u00e9tk\u00f6znapi [&hellip;]<\/p>\n","protected":false},"author":71,"featured_media":6376,"comment_status":"open","ping_status":"open","sticky":false,"template":"","format":"standard","meta":{"footnotes":""},"categories":[7],"tags":[],"global-categories":[],"class_list":["post-6370","post","type-post","status-publish","format-standard","has-post-thumbnail","hentry","category-trekking-mtb"],"yoast_head":"<!-- This site is optimized with the Yoast SEO Premium plugin v25.3 (Yoast SEO v25.9) - https:\/\/yoast.com\/wordpress\/plugins\/seo\/ -->\n<title>5 ker\u00e9kp\u00e1ros \u00fatic\u00e9l, amit fel kell fedezned - \u0160koda We Love Cycling - Magyarorsz\u00e1g<\/title>\n<meta name=\"robots\" content=\"index, follow, max-snippet:-1, max-image-preview:large, max-video-preview:-1\" \/>\n<link rel=\"canonical\" href=\"https:\/\/www.welovecycling.com\/hu\/trekking-mtb\/5-kerekparos-uticel-amit-fel-kell-fedezned\/\" \/>\n<meta property=\"og:locale\" content=\"hu_HU\" \/>\n<meta property=\"og:type\" content=\"article\" \/>\n<meta property=\"og:title\" content=\"5 ker\u00e9kp\u00e1ros \u00fatic\u00e9l, amit fel kell fedezned\" \/>\n<meta property=\"og:description\" content=\"Inspir\u00e1ci\u00f3t keresel az idei nagy bring\u00e1s kalandodhoz? Sosem lehet el\u00e9g kor\u00e1n elkezdeni a tervezget\u00e9st! M\u00e9g alig r\u00e1z\u00f3dtunk vissza a h\u00e9tk\u00f6znapi [&hellip;]\" \/>\n<meta property=\"og:url\" content=\"https:\/\/www.welovecycling.com\/hu\/trekking-mtb\/5-kerekparos-uticel-amit-fel-kell-fedezned\/\" \/>\n<meta property=\"og:site_name\" content=\"\u0160koda We Love Cycling - Magyarorsz\u00e1g\" \/>\n<meta property=\"article:publisher\" content=\"https:\/\/www.facebook.com\/WeLoveCyclingHungary\/\" \/>\n<meta property=\"article:published_time\" content=\"2020-01-08T07:00:27+00:00\" \/>\n<meta property=\"og:image\" content=\"https:\/\/d2p6e6u75xmxt8.cloudfront.net\/12\/2020\/01\/Vietnam-Cycling-CVR-profimedia-0460922612.jpg\" \/>\n\t<meta property=\"og:image:width\" content=\"1366\" \/>\n\t<meta property=\"og:image:height\" content=\"600\" \/>\n\t<meta property=\"og:image:type\" content=\"image\/jpeg\" \/>\n<meta name=\"author\" content=\"hegyizs\" \/>\n<meta name=\"twitter:card\" content=\"summary_large_image\" \/>\n<meta name=\"twitter:label1\" content=\"Written by\" \/>\n\t<meta name=\"twitter:data1\" content=\"Megan Flottorp\" \/>\n\t<meta name=\"twitter:label2\" content=\"Est. reading time\" \/>\n\t<meta name=\"twitter:data2\" content=\"7\" \/>\n<script type=\"application\/ld+json\" class=\"yoast-schema-graph\">{\"@context\":\"https:\/\/schema.org\",\"@graph\":[{\"@type\":\"WebPage\",\"@id\":\"https:\/\/www.welovecycling.com\/hu\/trekking-mtb\/5-kerekparos-uticel-amit-fel-kell-fedezned\/\",\"url\":\"https:\/\/www.welovecycling.com\/hu\/trekking-mtb\/5-kerekparos-uticel-amit-fel-kell-fedezned\/\",\"name\":\"5 ker\u00e9kp\u00e1ros \u00fatic\u00e9l, amit fel kell fedezned - \u0160koda We Love Cycling - Magyarorsz\u00e1g\",\"isPartOf\":{\"@id\":\"https:\/\/www.welovecycling.com\/hu\/#website\"},\"primaryImageOfPage\":{\"@id\":\"https:\/\/www.welovecycling.com\/hu\/trekking-mtb\/5-kerekparos-uticel-amit-fel-kell-fedezned\/#primaryimage\"},\"image\":{\"@id\":\"https:\/\/www.welovecycling.com\/hu\/trekking-mtb\/5-kerekparos-uticel-amit-fel-kell-fedezned\/#primaryimage\"},\"thumbnailUrl\":\"https:\/\/d2p6e6u75xmxt8.cloudfront.net\/12\/2020\/01\/Vietnam-Cycling-CVR-profimedia-0460922612.jpg\",\"datePublished\":\"2020-01-08T07:00:27+00:00\",\"author\":{\"@id\":\"https:\/\/www.welovecycling.com\/hu\/#\/schema\/person\/414a2aebf1801691a5320edb6468e194\"},\"breadcrumb\":{\"@id\":\"https:\/\/www.welovecycling.com\/hu\/trekking-mtb\/5-kerekparos-uticel-amit-fel-kell-fedezned\/#breadcrumb\"},\"inLanguage\":\"hu\",\"potentialAction\":[{\"@type\":\"ReadAction\",\"target\":[\"https:\/\/www.welovecycling.com\/hu\/trekking-mtb\/5-kerekparos-uticel-amit-fel-kell-fedezned\/\"]}]},{\"@type\":\"ImageObject\",\"inLanguage\":\"hu\",\"@id\":\"https:\/\/www.welovecycling.com\/hu\/trekking-mtb\/5-kerekparos-uticel-amit-fel-kell-fedezned\/#primaryimage\",\"url\":\"https:\/\/d2p6e6u75xmxt8.cloudfront.net\/12\/2020\/01\/Vietnam-Cycling-CVR-profimedia-0460922612.jpg\",\"contentUrl\":\"https:\/\/d2p6e6u75xmxt8.cloudfront.net\/12\/2020\/01\/Vietnam-Cycling-CVR-profimedia-0460922612.jpg\",\"width\":1366,\"height\":600},{\"@type\":\"BreadcrumbList\",\"@id\":\"https:\/\/www.welovecycling.com\/hu\/trekking-mtb\/5-kerekparos-uticel-amit-fel-kell-fedezned\/#breadcrumb\",\"itemListElement\":[{\"@type\":\"ListItem\",\"position\":1,\"name\":\"Home\",\"item\":\"https:\/\/www.welovecycling.com\/hu\/\"},{\"@type\":\"ListItem\",\"position\":2,\"name\":\"5 ker\u00e9kp\u00e1ros \u00fatic\u00e9l, amit fel kell fedezned\"}]},{\"@type\":\"WebSite\",\"@id\":\"https:\/\/www.welovecycling.com\/hu\/#website\",\"url\":\"https:\/\/www.welovecycling.com\/hu\/\",\"name\":\"\u0160koda We Love Cycling - Magyarorsz\u00e1g\",\"description\":\"\u0160koda WeLoveCycling\",\"potentialAction\":[{\"@type\":\"SearchAction\",\"target\":{\"@type\":\"EntryPoint\",\"urlTemplate\":\"https:\/\/www.welovecycling.com\/hu\/?s={search_term_string}\"},\"query-input\":{\"@type\":\"PropertyValueSpecification\",\"valueRequired\":true,\"valueName\":\"search_term_string\"}}],\"inLanguage\":\"hu\"},{\"@type\":\"Person\",\"@id\":\"https:\/\/www.welovecycling.com\/hu\/#\/schema\/person\/414a2aebf1801691a5320edb6468e194\",\"name\":\"hegyizs\",\"image\":{\"@type\":\"ImageObject\",\"inLanguage\":\"hu\",\"@id\":\"https:\/\/www.welovecycling.com\/hu\/#\/schema\/person\/image\/\",\"url\":\"https:\/\/secure.gravatar.com\/avatar\/02cf8a7906b8cf90cecb4679defac7cfd33a1c2e3b88e4903d947f3bb58eedd3?s=96&d=mm&r=g\",\"contentUrl\":\"https:\/\/secure.gravatar.com\/avatar\/02cf8a7906b8cf90cecb4679defac7cfd33a1c2e3b88e4903d947f3bb58eedd3?s=96&d=mm&r=g\",\"caption\":\"hegyizs\"},\"url\":\"https:\/\/www.welovecycling.com\/hu\/author\/hegyizs\/\"}]}<\/script>\n<!-- \/ Yoast SEO Premium plugin. -->","yoast_head_json":{"title":"5 ker\u00e9kp\u00e1ros \u00fatic\u00e9l, amit fel kell fedezned - \u0160koda We Love Cycling - Magyarorsz\u00e1g","robots":{"index":"index","follow":"follow","max-snippet":"max-snippet:-1","max-image-preview":"max-image-preview:large","max-video-preview":"max-video-preview:-1"},"canonical":"https:\/\/www.welovecycling.com\/hu\/trekking-mtb\/5-kerekparos-uticel-amit-fel-kell-fedezned\/","og_locale":"hu_HU","og_type":"article","og_title":"5 ker\u00e9kp\u00e1ros \u00fatic\u00e9l, amit fel kell fedezned","og_description":"Inspir\u00e1ci\u00f3t keresel az idei nagy bring\u00e1s kalandodhoz? Sosem lehet el\u00e9g kor\u00e1n elkezdeni a tervezget\u00e9st! M\u00e9g alig r\u00e1z\u00f3dtunk vissza a h\u00e9tk\u00f6znapi [&hellip;]","og_url":"https:\/\/www.welovecycling.com\/hu\/trekking-mtb\/5-kerekparos-uticel-amit-fel-kell-fedezned\/","og_site_name":"\u0160koda We Love Cycling - Magyarorsz\u00e1g","article_publisher":"https:\/\/www.facebook.com\/WeLoveCyclingHungary\/","article_published_time":"2020-01-08T07:00:27+00:00","og_image":[{"width":1366,"height":600,"url":"https:\/\/d2p6e6u75xmxt8.cloudfront.net\/12\/2020\/01\/Vietnam-Cycling-CVR-profimedia-0460922612.jpg","type":"image\/jpeg"}],"author":"hegyizs","twitter_card":"summary_large_image","twitter_misc":{"Written by":"Megan Flottorp","Est. reading time":"7"},"schema":{"@context":"https:\/\/schema.org","@graph":[{"@type":"WebPage","@id":"https:\/\/www.welovecycling.com\/hu\/trekking-mtb\/5-kerekparos-uticel-amit-fel-kell-fedezned\/","url":"https:\/\/www.welovecycling.com\/hu\/trekking-mtb\/5-kerekparos-uticel-amit-fel-kell-fedezned\/","name":"5 ker\u00e9kp\u00e1ros \u00fatic\u00e9l, amit fel kell fedezned - \u0160koda We Love Cycling - Magyarorsz\u00e1g","isPartOf":{"@id":"https:\/\/www.welovecycling.com\/hu\/#website"},"primaryImageOfPage":{"@id":"https:\/\/www.welovecycling.com\/hu\/trekking-mtb\/5-kerekparos-uticel-amit-fel-kell-fedezned\/#primaryimage"},"image":{"@id":"https:\/\/www.welovecycling.com\/hu\/trekking-mtb\/5-kerekparos-uticel-amit-fel-kell-fedezned\/#primaryimage"},"thumbnailUrl":"https:\/\/d2p6e6u75xmxt8.cloudfront.net\/12\/2020\/01\/Vietnam-Cycling-CVR-profimedia-0460922612.jpg","datePublished":"2020-01-08T07:00:27+00:00","author":{"@id":"https:\/\/www.welovecycling.com\/hu\/#\/schema\/person\/414a2aebf1801691a5320edb6468e194"},"breadcrumb":{"@id":"https:\/\/www.welovecycling.com\/hu\/trekking-mtb\/5-kerekparos-uticel-amit-fel-kell-fedezned\/#breadcrumb"},"inLanguage":"hu","potentialAction":[{"@type":"ReadAction","target":["https:\/\/www.welovecycling.com\/hu\/trekking-mtb\/5-kerekparos-uticel-amit-fel-kell-fedezned\/"]}]},{"@type":"ImageObject","inLanguage":"hu","@id":"https:\/\/www.welovecycling.com\/hu\/trekking-mtb\/5-kerekparos-uticel-amit-fel-kell-fedezned\/#primaryimage","url":"https:\/\/d2p6e6u75xmxt8.cloudfront.net\/12\/2020\/01\/Vietnam-Cycling-CVR-profimedia-0460922612.jpg","contentUrl":"https:\/\/d2p6e6u75xmxt8.cloudfront.net\/12\/2020\/01\/Vietnam-Cycling-CVR-profimedia-0460922612.jpg","width":1366,"height":600},{"@type":"BreadcrumbList","@id":"https:\/\/www.welovecycling.com\/hu\/trekking-mtb\/5-kerekparos-uticel-amit-fel-kell-fedezned\/#breadcrumb","itemListElement":[{"@type":"ListItem","position":1,"name":"Home","item":"https:\/\/www.welovecycling.com\/hu\/"},{"@type":"ListItem","position":2,"name":"5 ker\u00e9kp\u00e1ros \u00fatic\u00e9l, amit fel kell fedezned"}]},{"@type":"WebSite","@id":"https:\/\/www.welovecycling.com\/hu\/#website","url":"https:\/\/www.welovecycling.com\/hu\/","name":"\u0160koda We Love Cycling - Magyarorsz\u00e1g","description":"\u0160koda WeLoveCycling","potentialAction":[{"@type":"SearchAction","target":{"@type":"EntryPoint","urlTemplate":"https:\/\/www.welovecycling.com\/hu\/?s={search_term_string}"},"query-input":{"@type":"PropertyValueSpecification","valueRequired":true,"valueName":"search_term_string"}}],"inLanguage":"hu"},{"@type":"Person","@id":"https:\/\/www.welovecycling.com\/hu\/#\/schema\/person\/414a2aebf1801691a5320edb6468e194","name":"hegyizs","image":{"@type":"ImageObject","inLanguage":"hu","@id":"https:\/\/www.welovecycling.com\/hu\/#\/schema\/person\/image\/","url":"https:\/\/secure.gravatar.com\/avatar\/02cf8a7906b8cf90cecb4679defac7cfd33a1c2e3b88e4903d947f3bb58eedd3?s=96&d=mm&r=g","contentUrl":"https:\/\/secure.gravatar.com\/avatar\/02cf8a7906b8cf90cecb4679defac7cfd33a1c2e3b88e4903d947f3bb58eedd3?s=96&d=mm&r=g","caption":"hegyizs"},"url":"https:\/\/www.welovecycling.com\/hu\/author\/hegyizs\/"}]}},"_links":{"self":[{"href":"https:\/\/www.welovecycling.com\/hu\/wp-json\/wp\/v2\/posts\/6370","targetHints":{"allow":["GET"]}}],"collection":[{"href":"https:\/\/www.welovecycling.com\/hu\/wp-json\/wp\/v2\/posts"}],"about":[{"href":"https:\/\/www.welovecycling.com\/hu\/wp-json\/wp\/v2\/types\/post"}],"author":[{"embeddable":true,"href":"https:\/\/www.welovecycling.com\/hu\/wp-json\/wp\/v2\/users\/71"}],"replies":[{"embeddable":true,"href":"https:\/\/www.welovecycling.com\/hu\/wp-json\/wp\/v2\/comments?post=6370"}],"version-history":[{"count":2,"href":"https:\/\/www.welovecycling.com\/hu\/wp-json\/wp\/v2\/posts\/6370\/revisions"}],"predecessor-version":[{"id":6419,"href":"https:\/\/www.welovecycling.com\/hu\/wp-json\/wp\/v2\/posts\/6370\/revisions\/6419"}],"wp:featuredmedia":[{"embeddable":true,"href":"https:\/\/www.welovecycling.com\/hu\/wp-json\/wp\/v2\/media\/6376"}],"wp:attachment":[{"href":"https:\/\/www.welovecycling.com\/hu\/wp-json\/wp\/v2\/media?parent=6370"}],"wp:term":[{"taxonomy":"category","embeddable":true,"href":"https:\/\/www.welovecycling.com\/hu\/wp-json\/wp\/v2\/categories?post=6370"},{"taxonomy":"post_tag","embeddable":true,"href":"https:\/\/www.welovecycling.com\/hu\/wp-json\/wp\/v2\/tags?post=6370"},{"taxonomy":"global-categories","embeddable":true,"href":"https:\/\/www.welovecycling.com\/hu\/wp-json\/wp\/v2\/global-categories?post=6370"}],"curies":[{"name":"wp","href":"https:\/\/api.w.org\/{rel}","templated":true}]}}