{"id":6347,"date":"2020-01-04T08:00:51","date_gmt":"2020-01-04T07:00:51","guid":{"rendered":"https:\/\/www.welovecycling.com\/hu\/?p=6347"},"modified":"2019-12-20T16:01:14","modified_gmt":"2019-12-20T15:01:14","slug":"hogyan-vinne-ki-a-valsagbol-indiat-a-kerekpar","status":"publish","type":"post","link":"https:\/\/www.welovecycling.com\/hu\/kozosseg-es-kultura\/hogyan-vinne-ki-a-valsagbol-indiat-a-kerekpar\/","title":{"rendered":"Hogyan vinn\u00e9 ki a v\u00e1ls\u00e1gb\u00f3l Indi\u00e1t a ker\u00e9kp\u00e1r?"},"content":{"rendered":"<p><strong>A Hindu Business Line adatai szerint 2018-ben 90 bicikli jutott minden 1000 lakosra Indi\u00e1ban. Ez el\u00e9g soknak hangzik, de val\u00f3j\u00e1ban nem az. \u00d6sszehasonl\u00edt\u00e1sk\u00e9ppen K\u00edn\u00e1ban 149 az ezer f\u0151re jut\u00f3 bring\u00e1k sz\u00e1ma, a 17 milli\u00f3s Hollandi\u00e1ban pedig nem kevesebb, mint 23 milli\u00f3 ker\u00e9kp\u00e1r parkol!<\/strong><\/p>\n<p><!--more--><\/p>\n<p>Egy 2018-as jelent\u00e9sben le\u00edrta az Energia \u00e9s Er\u0151forr\u00e1s Int\u00e9zete, hogy ez a relat\u00edve alacsony biciklihaszn\u00e1lat k\u00e1ros hat\u00e1ssal van India gazdas\u00e1g\u00e1ra, az emberek eg\u00e9szs\u00e9g\u00e9ra \u00e9s a j\u00f3l\u00e9tre.<\/p>\n<p>A riport egy Bloomberg tanulm\u00e1nyra hivatkozik, mely szerint egy \u00e1tlagos k\u00f6z\u00e9poszt\u00e1ly-beli indiai h\u00e1ztart\u00e1s nem kevesebb, mint a napi bev\u00e9tel\u00e9nek 73%-\u00e1t k\u00f6lti el egy gallon (3,76l) benzinre a k\u00e9t \u00e9s n\u00e9gykerek\u0171 j\u00e1rm\u0171ihez. A ker\u00e9kp\u00e1roz\u00e1s anyagi el\u0151ny\u00e9t al\u00e1t\u00e1masztja a kutat\u00e1s, amit az Eur\u00f3pai Ker\u00e9kp\u00e1r Bizotts\u00e1g v\u00e9gzett. E szerint, ha a r\u00f6vid, 8 km alatti aut\u00f3utak harmad\u00e1t lecser\u00e9ln\u00e9nk bicikli\u00fatra, az \u00e9vi megtakar\u00edt\u00e1s 28 milli\u00e1rd eur\u00f3 lenne.<\/p>\n<figure id=\"attachment_6348\" aria-describedby=\"caption-attachment-6348\" style=\"width: 1024px\" class=\"wp-caption alignnone\"><a href=\"https:\/\/d2p6e6u75xmxt8.cloudfront.net\/2\/2019\/12\/cycling-india-1-profimedia-0160109510.jpg\"><img loading=\"lazy\" decoding=\"async\" class=\"wp-image-6348 size-large\" src=\"https:\/\/d2p6e6u75xmxt8.cloudfront.net\/12\/2019\/12\/cycling-india-1-profimedia-0160109510-1024x680.jpg\" alt=\"\" width=\"1024\" height=\"680\" srcset=\"https:\/\/d2p6e6u75xmxt8.cloudfront.net\/12\/2019\/12\/cycling-india-1-profimedia-0160109510-1024x680.jpg 1024w, https:\/\/d2p6e6u75xmxt8.cloudfront.net\/12\/2019\/12\/cycling-india-1-profimedia-0160109510-300x199.jpg 300w, https:\/\/d2p6e6u75xmxt8.cloudfront.net\/12\/2019\/12\/cycling-india-1-profimedia-0160109510-768x510.jpg 768w, https:\/\/d2p6e6u75xmxt8.cloudfront.net\/12\/2019\/12\/cycling-india-1-profimedia-0160109510-272x182.jpg 272w, https:\/\/d2p6e6u75xmxt8.cloudfront.net\/12\/2019\/12\/cycling-india-1-profimedia-0160109510.jpg 1250w\" sizes=\"auto, (max-width: 1024px) 100vw, 1024px\" \/><\/a><figcaption id=\"caption-attachment-6348\" class=\"wp-caption-text\">A relat\u00edve alacsony biciklihaszn\u00e1lat k\u00e1ros hat\u00e1ssal van India gazdas\u00e1g\u00e1ra \u00a9 SHIGEMITSU TAKAHASHI \/ Alamy \/ Alamy \/ Profimedia<\/figcaption><\/figure>\n<p>Ami pedig m\u00e9g fontosabb: a ker\u00e9kp\u00e1roz\u00e1s n\u00f6veked\u00e9s\u00e9vel javulna az eg\u00e9szs\u00e9g\u00fcgyi helyzet, kiv\u00e1lt a nem gy\u00f3gy\u00edthat\u00f3 betegs\u00e9gek, mint a cukorbetegs\u00e9g \u00e9s a kardiovaszkul\u00e1ris megbeteged\u00e9sek sz\u00e1ma cs\u00f6kkenhetne. Ezek az eg\u00e9szs\u00e9g\u00fcgyi probl\u00e9m\u00e1k felel\u0151sek a hal\u00e1lesetek 60%-\u00e1\u00e9rt Indi\u00e1ban. A fizikai inaktivit\u00e1s k\u00f6vetkezt\u00e9ben t\u00f6bb mint 63 milli\u00f3 lakos szenved kettes t\u00edpus\u00fa cukorbetegs\u00e9gben.<\/p>\n<p>Ez pedig hatalmas p\u00e9nz\u00fcgyi gondokat okoz, mint egy\u00e9ni, mint \u00e1llami szinten, az orvosi ell\u00e1t\u00e1s k\u00f6lts\u00e9geit \u00e9s a munkaer\u0151 kies\u00e9s\u00e9t tekintve. A vil\u00e1ggazdas\u00e1gi f\u00f3rum \u00e9s a Harvard Egyetem el\u0151sz\u00e1m\u00edt\u00e1sa szerint 4,58 billi\u00f3 doll\u00e1r gazdas\u00e1gi vesztes\u00e9get okoznak ezek a betegs\u00e9gek a 2012-2030 k\u00f6z\u00f6tti id\u0151szakban.<\/p>\n<p>Term\u00e9szetesen, nincs minden munk\u00e1snak motorbiciklije. Val\u00f3j\u00e1ban a munkaer\u0151 harmada gyalog megy dolgozni. Ebb\u0151l 31% tesz meg kevesebb, mint 3,5 km-t, \u00e9s csak egy negyed\u00fck s\u00e9t\u00e1l 8 km-n\u00e9l t\u00f6bbet. Legt\u00f6bbj\u00fck k\u00e9pzetlen munkaer\u0151, ez a v\u00e1rosi \u00e9s falusi szeg\u00e9nyek r\u00e9tege.<\/p>\n<figure id=\"attachment_6349\" aria-describedby=\"caption-attachment-6349\" style=\"width: 1024px\" class=\"wp-caption alignnone\"><a href=\"https:\/\/d2p6e6u75xmxt8.cloudfront.net\/2\/2019\/12\/cycling-india-2-profimedia-0287593719.jpg\"><img loading=\"lazy\" decoding=\"async\" class=\"wp-image-6349 size-large\" src=\"https:\/\/d2p6e6u75xmxt8.cloudfront.net\/12\/2019\/12\/cycling-india-2-profimedia-0287593719-1024x668.jpg\" alt=\"\" width=\"1024\" height=\"668\" srcset=\"https:\/\/d2p6e6u75xmxt8.cloudfront.net\/12\/2019\/12\/cycling-india-2-profimedia-0287593719-1024x668.jpg 1024w, https:\/\/d2p6e6u75xmxt8.cloudfront.net\/12\/2019\/12\/cycling-india-2-profimedia-0287593719-300x196.jpg 300w, https:\/\/d2p6e6u75xmxt8.cloudfront.net\/12\/2019\/12\/cycling-india-2-profimedia-0287593719-768x501.jpg 768w, https:\/\/d2p6e6u75xmxt8.cloudfront.net\/12\/2019\/12\/cycling-india-2-profimedia-0287593719.jpg 1250w\" sizes=\"auto, (max-width: 1024px) 100vw, 1024px\" \/><\/a><figcaption id=\"caption-attachment-6349\" class=\"wp-caption-text\">Riksa \u00e9s bicikli India utc\u00e1in \u00a9 Gil Chamberland \/ AFP \/ Profimedia<\/figcaption><\/figure>\n<p>Becsl\u00e9sek szerint a k\u00e9pzetlen munkaer\u0151 sz\u00e1m\u00e1ra juttatott biciklik 23 milli\u00f3 plusz munka\u00f3r\u00e1t jelenten\u00e9nek \u00e9vente, ami 112 milli\u00e1rd r\u00fapia \u2013 469 milli\u00e1rd forint \u2013 \u00e1llami bev\u00e9telk\u00e9nt mutatkozna meg.<\/p>\n<p>Sajnos az indiai korm\u00e1ny nemr\u00e9g emelte meg a ker\u00e9kp\u00e1rokra vonatkoz\u00f3 ad\u00f3kulcsot, \u00edgy m\u00e9g el\u00e9rhetetlenebb lett azok sz\u00e1m\u00e1ra, akiknek legink\u00e1bb sz\u00fcks\u00e9ge lenne r\u00e1. Jelenleg egy bicikli-v\u00e1s\u00e1rl\u00f3nak 12% ad\u00f3t kell fizetni a helyi ad\u00f3val egy\u00fctt, ami 5-7%-ra r\u00fag. Emellett az orsz\u00e1g nem igaz\u00e1n rendelkezik ker\u00e9kp\u00e1ros infrastrukt\u00far\u00e1val, \u00edgy a bicikliz\u00e9s ink\u00e1bb haz\u00e1rd\u00edro\u00e1s, mint k\u00f6zleked\u00e9s.<\/p>\n","protected":false},"excerpt":{"rendered":"<p>A Hindu Business Line adatai szerint 2018-ben 90 bicikli jutott minden 1000 lakosra Indi\u00e1ban. Ez el\u00e9g soknak hangzik, de val\u00f3j\u00e1ban [&hellip;]<\/p>\n","protected":false},"author":71,"featured_media":6351,"comment_status":"open","ping_status":"open","sticky":false,"template":"","format":"standard","meta":{"footnotes":""},"categories":[12],"tags":[],"global-categories":[],"class_list":["post-6347","post","type-post","status-publish","format-standard","has-post-thumbnail","hentry","category-kozosseg-es-kultura"],"yoast_head":"<!-- This site is optimized with the Yoast SEO Premium plugin v25.3 (Yoast SEO v25.9) - https:\/\/yoast.com\/wordpress\/plugins\/seo\/ -->\n<title>Hogyan vinn\u00e9 ki a v\u00e1ls\u00e1gb\u00f3l Indi\u00e1t a ker\u00e9kp\u00e1r? - \u0160koda We Love Cycling - Magyarorsz\u00e1g<\/title>\n<meta name=\"robots\" content=\"index, follow, max-snippet:-1, max-image-preview:large, max-video-preview:-1\" \/>\n<link rel=\"canonical\" href=\"https:\/\/www.welovecycling.com\/hu\/kozosseg-es-kultura\/hogyan-vinne-ki-a-valsagbol-indiat-a-kerekpar\/\" \/>\n<meta property=\"og:locale\" content=\"hu_HU\" \/>\n<meta property=\"og:type\" content=\"article\" \/>\n<meta property=\"og:title\" content=\"Hogyan vinn\u00e9 ki a v\u00e1ls\u00e1gb\u00f3l Indi\u00e1t a ker\u00e9kp\u00e1r?\" \/>\n<meta property=\"og:description\" content=\"A Hindu Business Line adatai szerint 2018-ben 90 bicikli jutott minden 1000 lakosra Indi\u00e1ban. Ez el\u00e9g soknak hangzik, de val\u00f3j\u00e1ban [&hellip;]\" \/>\n<meta property=\"og:url\" content=\"https:\/\/www.welovecycling.com\/hu\/kozosseg-es-kultura\/hogyan-vinne-ki-a-valsagbol-indiat-a-kerekpar\/\" \/>\n<meta property=\"og:site_name\" content=\"\u0160koda We Love Cycling - Magyarorsz\u00e1g\" \/>\n<meta property=\"article:publisher\" content=\"https:\/\/www.facebook.com\/WeLoveCyclingHungary\/\" \/>\n<meta property=\"article:published_time\" content=\"2020-01-04T07:00:51+00:00\" \/>\n<meta property=\"og:image\" content=\"https:\/\/d2p6e6u75xmxt8.cloudfront.net\/12\/2019\/12\/india-bicycle-profimedia-0161767881-CVR.jpg\" \/>\n\t<meta property=\"og:image:width\" content=\"1366\" \/>\n\t<meta property=\"og:image:height\" content=\"600\" \/>\n\t<meta property=\"og:image:type\" content=\"image\/jpeg\" \/>\n<meta name=\"author\" content=\"hegyizs\" \/>\n<meta name=\"twitter:card\" content=\"summary_large_image\" \/>\n<meta name=\"twitter:label1\" content=\"Written by\" \/>\n\t<meta name=\"twitter:data1\" content=\"Siegfried Mortkowitz\" \/>\n\t<meta name=\"twitter:label2\" content=\"Est. reading time\" \/>\n\t<meta name=\"twitter:data2\" content=\"5\" \/>\n<script type=\"application\/ld+json\" class=\"yoast-schema-graph\">{\"@context\":\"https:\/\/schema.org\",\"@graph\":[{\"@type\":\"WebPage\",\"@id\":\"https:\/\/www.welovecycling.com\/hu\/kozosseg-es-kultura\/hogyan-vinne-ki-a-valsagbol-indiat-a-kerekpar\/\",\"url\":\"https:\/\/www.welovecycling.com\/hu\/kozosseg-es-kultura\/hogyan-vinne-ki-a-valsagbol-indiat-a-kerekpar\/\",\"name\":\"Hogyan vinn\u00e9 ki a v\u00e1ls\u00e1gb\u00f3l Indi\u00e1t a ker\u00e9kp\u00e1r? - \u0160koda We Love Cycling - Magyarorsz\u00e1g\",\"isPartOf\":{\"@id\":\"https:\/\/www.welovecycling.com\/hu\/#website\"},\"primaryImageOfPage\":{\"@id\":\"https:\/\/www.welovecycling.com\/hu\/kozosseg-es-kultura\/hogyan-vinne-ki-a-valsagbol-indiat-a-kerekpar\/#primaryimage\"},\"image\":{\"@id\":\"https:\/\/www.welovecycling.com\/hu\/kozosseg-es-kultura\/hogyan-vinne-ki-a-valsagbol-indiat-a-kerekpar\/#primaryimage\"},\"thumbnailUrl\":\"https:\/\/d2p6e6u75xmxt8.cloudfront.net\/12\/2019\/12\/india-bicycle-profimedia-0161767881-CVR.jpg\",\"datePublished\":\"2020-01-04T07:00:51+00:00\",\"author\":{\"@id\":\"https:\/\/www.welovecycling.com\/hu\/#\/schema\/person\/414a2aebf1801691a5320edb6468e194\"},\"breadcrumb\":{\"@id\":\"https:\/\/www.welovecycling.com\/hu\/kozosseg-es-kultura\/hogyan-vinne-ki-a-valsagbol-indiat-a-kerekpar\/#breadcrumb\"},\"inLanguage\":\"hu\",\"potentialAction\":[{\"@type\":\"ReadAction\",\"target\":[\"https:\/\/www.welovecycling.com\/hu\/kozosseg-es-kultura\/hogyan-vinne-ki-a-valsagbol-indiat-a-kerekpar\/\"]}]},{\"@type\":\"ImageObject\",\"inLanguage\":\"hu\",\"@id\":\"https:\/\/www.welovecycling.com\/hu\/kozosseg-es-kultura\/hogyan-vinne-ki-a-valsagbol-indiat-a-kerekpar\/#primaryimage\",\"url\":\"https:\/\/d2p6e6u75xmxt8.cloudfront.net\/12\/2019\/12\/india-bicycle-profimedia-0161767881-CVR.jpg\",\"contentUrl\":\"https:\/\/d2p6e6u75xmxt8.cloudfront.net\/12\/2019\/12\/india-bicycle-profimedia-0161767881-CVR.jpg\",\"width\":1366,\"height\":600},{\"@type\":\"BreadcrumbList\",\"@id\":\"https:\/\/www.welovecycling.com\/hu\/kozosseg-es-kultura\/hogyan-vinne-ki-a-valsagbol-indiat-a-kerekpar\/#breadcrumb\",\"itemListElement\":[{\"@type\":\"ListItem\",\"position\":1,\"name\":\"Home\",\"item\":\"https:\/\/www.welovecycling.com\/hu\/\"},{\"@type\":\"ListItem\",\"position\":2,\"name\":\"Hogyan vinn\u00e9 ki a v\u00e1ls\u00e1gb\u00f3l Indi\u00e1t a ker\u00e9kp\u00e1r?\"}]},{\"@type\":\"WebSite\",\"@id\":\"https:\/\/www.welovecycling.com\/hu\/#website\",\"url\":\"https:\/\/www.welovecycling.com\/hu\/\",\"name\":\"\u0160koda We Love Cycling - Magyarorsz\u00e1g\",\"description\":\"\u0160koda WeLoveCycling\",\"potentialAction\":[{\"@type\":\"SearchAction\",\"target\":{\"@type\":\"EntryPoint\",\"urlTemplate\":\"https:\/\/www.welovecycling.com\/hu\/?s={search_term_string}\"},\"query-input\":{\"@type\":\"PropertyValueSpecification\",\"valueRequired\":true,\"valueName\":\"search_term_string\"}}],\"inLanguage\":\"hu\"},{\"@type\":\"Person\",\"@id\":\"https:\/\/www.welovecycling.com\/hu\/#\/schema\/person\/414a2aebf1801691a5320edb6468e194\",\"name\":\"hegyizs\",\"image\":{\"@type\":\"ImageObject\",\"inLanguage\":\"hu\",\"@id\":\"https:\/\/www.welovecycling.com\/hu\/#\/schema\/person\/image\/\",\"url\":\"https:\/\/secure.gravatar.com\/avatar\/02cf8a7906b8cf90cecb4679defac7cfd33a1c2e3b88e4903d947f3bb58eedd3?s=96&d=mm&r=g\",\"contentUrl\":\"https:\/\/secure.gravatar.com\/avatar\/02cf8a7906b8cf90cecb4679defac7cfd33a1c2e3b88e4903d947f3bb58eedd3?s=96&d=mm&r=g\",\"caption\":\"hegyizs\"},\"url\":\"https:\/\/www.welovecycling.com\/hu\/author\/hegyizs\/\"}]}<\/script>\n<!-- \/ Yoast SEO Premium plugin. -->","yoast_head_json":{"title":"Hogyan vinn\u00e9 ki a v\u00e1ls\u00e1gb\u00f3l Indi\u00e1t a ker\u00e9kp\u00e1r? - \u0160koda We Love Cycling - Magyarorsz\u00e1g","robots":{"index":"index","follow":"follow","max-snippet":"max-snippet:-1","max-image-preview":"max-image-preview:large","max-video-preview":"max-video-preview:-1"},"canonical":"https:\/\/www.welovecycling.com\/hu\/kozosseg-es-kultura\/hogyan-vinne-ki-a-valsagbol-indiat-a-kerekpar\/","og_locale":"hu_HU","og_type":"article","og_title":"Hogyan vinn\u00e9 ki a v\u00e1ls\u00e1gb\u00f3l Indi\u00e1t a ker\u00e9kp\u00e1r?","og_description":"A Hindu Business Line adatai szerint 2018-ben 90 bicikli jutott minden 1000 lakosra Indi\u00e1ban. Ez el\u00e9g soknak hangzik, de val\u00f3j\u00e1ban [&hellip;]","og_url":"https:\/\/www.welovecycling.com\/hu\/kozosseg-es-kultura\/hogyan-vinne-ki-a-valsagbol-indiat-a-kerekpar\/","og_site_name":"\u0160koda We Love Cycling - Magyarorsz\u00e1g","article_publisher":"https:\/\/www.facebook.com\/WeLoveCyclingHungary\/","article_published_time":"2020-01-04T07:00:51+00:00","og_image":[{"width":1366,"height":600,"url":"https:\/\/d2p6e6u75xmxt8.cloudfront.net\/12\/2019\/12\/india-bicycle-profimedia-0161767881-CVR.jpg","type":"image\/jpeg"}],"author":"hegyizs","twitter_card":"summary_large_image","twitter_misc":{"Written by":"Siegfried Mortkowitz","Est. reading time":"5"},"schema":{"@context":"https:\/\/schema.org","@graph":[{"@type":"WebPage","@id":"https:\/\/www.welovecycling.com\/hu\/kozosseg-es-kultura\/hogyan-vinne-ki-a-valsagbol-indiat-a-kerekpar\/","url":"https:\/\/www.welovecycling.com\/hu\/kozosseg-es-kultura\/hogyan-vinne-ki-a-valsagbol-indiat-a-kerekpar\/","name":"Hogyan vinn\u00e9 ki a v\u00e1ls\u00e1gb\u00f3l Indi\u00e1t a ker\u00e9kp\u00e1r? - \u0160koda We Love Cycling - Magyarorsz\u00e1g","isPartOf":{"@id":"https:\/\/www.welovecycling.com\/hu\/#website"},"primaryImageOfPage":{"@id":"https:\/\/www.welovecycling.com\/hu\/kozosseg-es-kultura\/hogyan-vinne-ki-a-valsagbol-indiat-a-kerekpar\/#primaryimage"},"image":{"@id":"https:\/\/www.welovecycling.com\/hu\/kozosseg-es-kultura\/hogyan-vinne-ki-a-valsagbol-indiat-a-kerekpar\/#primaryimage"},"thumbnailUrl":"https:\/\/d2p6e6u75xmxt8.cloudfront.net\/12\/2019\/12\/india-bicycle-profimedia-0161767881-CVR.jpg","datePublished":"2020-01-04T07:00:51+00:00","author":{"@id":"https:\/\/www.welovecycling.com\/hu\/#\/schema\/person\/414a2aebf1801691a5320edb6468e194"},"breadcrumb":{"@id":"https:\/\/www.welovecycling.com\/hu\/kozosseg-es-kultura\/hogyan-vinne-ki-a-valsagbol-indiat-a-kerekpar\/#breadcrumb"},"inLanguage":"hu","potentialAction":[{"@type":"ReadAction","target":["https:\/\/www.welovecycling.com\/hu\/kozosseg-es-kultura\/hogyan-vinne-ki-a-valsagbol-indiat-a-kerekpar\/"]}]},{"@type":"ImageObject","inLanguage":"hu","@id":"https:\/\/www.welovecycling.com\/hu\/kozosseg-es-kultura\/hogyan-vinne-ki-a-valsagbol-indiat-a-kerekpar\/#primaryimage","url":"https:\/\/d2p6e6u75xmxt8.cloudfront.net\/12\/2019\/12\/india-bicycle-profimedia-0161767881-CVR.jpg","contentUrl":"https:\/\/d2p6e6u75xmxt8.cloudfront.net\/12\/2019\/12\/india-bicycle-profimedia-0161767881-CVR.jpg","width":1366,"height":600},{"@type":"BreadcrumbList","@id":"https:\/\/www.welovecycling.com\/hu\/kozosseg-es-kultura\/hogyan-vinne-ki-a-valsagbol-indiat-a-kerekpar\/#breadcrumb","itemListElement":[{"@type":"ListItem","position":1,"name":"Home","item":"https:\/\/www.welovecycling.com\/hu\/"},{"@type":"ListItem","position":2,"name":"Hogyan vinn\u00e9 ki a v\u00e1ls\u00e1gb\u00f3l Indi\u00e1t a ker\u00e9kp\u00e1r?"}]},{"@type":"WebSite","@id":"https:\/\/www.welovecycling.com\/hu\/#website","url":"https:\/\/www.welovecycling.com\/hu\/","name":"\u0160koda We Love Cycling - Magyarorsz\u00e1g","description":"\u0160koda WeLoveCycling","potentialAction":[{"@type":"SearchAction","target":{"@type":"EntryPoint","urlTemplate":"https:\/\/www.welovecycling.com\/hu\/?s={search_term_string}"},"query-input":{"@type":"PropertyValueSpecification","valueRequired":true,"valueName":"search_term_string"}}],"inLanguage":"hu"},{"@type":"Person","@id":"https:\/\/www.welovecycling.com\/hu\/#\/schema\/person\/414a2aebf1801691a5320edb6468e194","name":"hegyizs","image":{"@type":"ImageObject","inLanguage":"hu","@id":"https:\/\/www.welovecycling.com\/hu\/#\/schema\/person\/image\/","url":"https:\/\/secure.gravatar.com\/avatar\/02cf8a7906b8cf90cecb4679defac7cfd33a1c2e3b88e4903d947f3bb58eedd3?s=96&d=mm&r=g","contentUrl":"https:\/\/secure.gravatar.com\/avatar\/02cf8a7906b8cf90cecb4679defac7cfd33a1c2e3b88e4903d947f3bb58eedd3?s=96&d=mm&r=g","caption":"hegyizs"},"url":"https:\/\/www.welovecycling.com\/hu\/author\/hegyizs\/"}]}},"_links":{"self":[{"href":"https:\/\/www.welovecycling.com\/hu\/wp-json\/wp\/v2\/posts\/6347","targetHints":{"allow":["GET"]}}],"collection":[{"href":"https:\/\/www.welovecycling.com\/hu\/wp-json\/wp\/v2\/posts"}],"about":[{"href":"https:\/\/www.welovecycling.com\/hu\/wp-json\/wp\/v2\/types\/post"}],"author":[{"embeddable":true,"href":"https:\/\/www.welovecycling.com\/hu\/wp-json\/wp\/v2\/users\/71"}],"replies":[{"embeddable":true,"href":"https:\/\/www.welovecycling.com\/hu\/wp-json\/wp\/v2\/comments?post=6347"}],"version-history":[{"count":2,"href":"https:\/\/www.welovecycling.com\/hu\/wp-json\/wp\/v2\/posts\/6347\/revisions"}],"predecessor-version":[{"id":6360,"href":"https:\/\/www.welovecycling.com\/hu\/wp-json\/wp\/v2\/posts\/6347\/revisions\/6360"}],"wp:featuredmedia":[{"embeddable":true,"href":"https:\/\/www.welovecycling.com\/hu\/wp-json\/wp\/v2\/media\/6351"}],"wp:attachment":[{"href":"https:\/\/www.welovecycling.com\/hu\/wp-json\/wp\/v2\/media?parent=6347"}],"wp:term":[{"taxonomy":"category","embeddable":true,"href":"https:\/\/www.welovecycling.com\/hu\/wp-json\/wp\/v2\/categories?post=6347"},{"taxonomy":"post_tag","embeddable":true,"href":"https:\/\/www.welovecycling.com\/hu\/wp-json\/wp\/v2\/tags?post=6347"},{"taxonomy":"global-categories","embeddable":true,"href":"https:\/\/www.welovecycling.com\/hu\/wp-json\/wp\/v2\/global-categories?post=6347"}],"curies":[{"name":"wp","href":"https:\/\/api.w.org\/{rel}","templated":true}]}}