{"id":6333,"date":"2020-01-02T08:00:02","date_gmt":"2020-01-02T07:00:02","guid":{"rendered":"https:\/\/www.welovecycling.com\/hu\/?p=6333"},"modified":"2019-12-20T15:59:39","modified_gmt":"2019-12-20T14:59:39","slug":"a-jovo-bringai-min-tekerunk-par-ev-mulva","status":"publish","type":"post","link":"https:\/\/www.welovecycling.com\/hu\/kozosseg-es-kultura\/a-jovo-bringai-min-tekerunk-par-ev-mulva\/","title":{"rendered":"A j\u00f6v\u0151 bring\u00e1i: Min teker\u00fcnk p\u00e1r \u00e9v m\u00falva?"},"content":{"rendered":"<p><strong>Sok szempontb\u00f3l mondhatjuk, hogy a j\u00f6v\u0151ben \u00e9l\u00fcnk. A digit\u00e1lis forradalom, ami m\u00e1r \u00e1tform\u00e1lta az \u00e9let\u00fcnket, m\u00e9g alig kezd\u0151d\u00f6tt el. Ki gondolta volna, hogy valaha telefonnal fogunk fizetni? V\u00e9geredm\u00e9nyben (\u00e9s a glob\u00e1lis felmeleged\u00e9s miatt) megsz\u00e1llottjai lett\u00fcnk a j\u00f6v\u0151nek, jobban, mint valaha. Ez \u00e9rv\u00e9nyes a filoz\u00f3fusokra, tud\u00f3sokra, \u00e9p\u00edt\u00e9szekre, aut\u00f3gy\u00e1rt\u00f3kra \u00e9s biciklitervez\u0151kre egyar\u00e1nt.<\/strong><!--more--><\/p>\n<p>A ker\u00e9kp\u00e1rok koncepci\u00f3ja nem sokat v\u00e1ltozott az elm\u00falt \u00e9vsz\u00e1zadban \u2013 ahogy mondani szokt\u00e1k, ha valami m\u0171k\u00f6dik, ne akard megjav\u00edtani \u2013 de diz\u00e1jn tekintet\u00e9ben a biciklik j\u00f6v\u0151je majdnem olyan \u00faj lesz, mint a mobiltelefonok megjelen\u00e9se volt (de tov\u00e1bbra is k\u00e9t kerek\u00fck \u00e9s egy korm\u00e1nyuk lesz).<\/p>\n<p>A Cube Urban Strees Bike koncepci\u00f3 elt\u00f6rli a nyeregcs\u00f6vet \u00e9s a v\u00e1z egy r\u00e9sz\u00e9t a f\u00f6ld sz\u00edn\u00e9r\u0151l, hogy egy h\u00e1romr\u00e9szes rendszerr\u00e9 alak\u00edtsa \u00e1t a ker\u00e9kp\u00e1rt, amiben a h\u00e1ts\u00f3 ker\u00e9k mind\u00f6ssze a ker\u00e9ktengellyel kapcsol\u00f3dik a j\u00e1rm\u0171h\u00f6z. Emiatt a modell jelent\u0151sen k\u00f6nnyebb (\u00edgy gyorsabb is) \u00e9s sokkal szexibb, mint amiket ma haszn\u00e1lunk. Probl\u00e9ma lehet azonban a stabilit\u00e1s \u00e9s a strapab\u00edr\u00e1s, f\u0151leg a \u201elebeg\u0151\u201d h\u00e1ts\u00f3 kereket eln\u00e9zve, durva terepeken, mint p\u00e9ld\u00e1ul macskak\u00f6v\u00f6n.<\/p>\n<figure id=\"attachment_6334\" aria-describedby=\"caption-attachment-6334\" style=\"width: 600px\" class=\"wp-caption alignnone\"><img loading=\"lazy\" decoding=\"async\" class=\"wp-image-6334 size-full\" src=\"https:\/\/d2p6e6u75xmxt8.cloudfront.net\/12\/2019\/12\/cube-urban-street-bike-concept-1.jpg\" alt=\"\" width=\"600\" height=\"391\" srcset=\"https:\/\/d2p6e6u75xmxt8.cloudfront.net\/12\/2019\/12\/cube-urban-street-bike-concept-1.jpg 600w, https:\/\/d2p6e6u75xmxt8.cloudfront.net\/12\/2019\/12\/cube-urban-street-bike-concept-1-300x196.jpg 300w\" sizes=\"auto, (max-width: 600px) 100vw, 600px\" \/><figcaption id=\"caption-attachment-6334\" class=\"wp-caption-text\">Cube Urban Strees Bike koncepci\u00f3ja<\/figcaption><\/figure>\n<p>A Furious Sports Bike terve Nenad Kostadinovt\u00f3l sz\u00e1rmazik, aki megszabadult az als\u00f3cs\u0151t\u0151l, de megtartotta a fels\u0151t. El\u00e9g robusztusnak \u00e9s stabilnak t\u0171nik nehezebb terepekhez is. Ami egyediv\u00e9 \u00e9s igencsak futurisztikuss\u00e1 teszi ezt a diz\u00e1jn az a be\u00e9p\u00edtett monitor, ami megjelen\u00edt minden adatot a teker\u00e9sedr\u0151l, mint p\u00e9ld\u00e1ul a sebess\u00e9get, a helysz\u00ednt \u00e9s az el\u00e9getett kal\u00f3ri\u00e1kat. Az inform\u00e1ci\u00f3k friss\u00fclnek, \u00edgy mindig tudod, hol j\u00e1rsz \u00e9s mennyi pizz\u00e1t ehetsz aznap este.<\/p>\n<figure id=\"attachment_6335\" aria-describedby=\"caption-attachment-6335\" style=\"width: 600px\" class=\"wp-caption alignnone\"><img loading=\"lazy\" decoding=\"async\" class=\"wp-image-6335 size-full\" src=\"https:\/\/d2p6e6u75xmxt8.cloudfront.net\/12\/2019\/12\/furious-sports-bike_by-nenad-kostadinov_1.jpg\" alt=\"\" width=\"600\" height=\"554\" srcset=\"https:\/\/d2p6e6u75xmxt8.cloudfront.net\/12\/2019\/12\/furious-sports-bike_by-nenad-kostadinov_1.jpg 600w, https:\/\/d2p6e6u75xmxt8.cloudfront.net\/12\/2019\/12\/furious-sports-bike_by-nenad-kostadinov_1-300x277.jpg 300w\" sizes=\"auto, (max-width: 600px) 100vw, 600px\" \/><figcaption id=\"caption-attachment-6335\" class=\"wp-caption-text\">A Furious Sports Bike koncepci\u00f3<\/figcaption><\/figure>\n<p>Chris Boardman Intelligens Biciklije tal\u00e1n a legpontosabb el\u0151rejelz\u00e9se annak, hogy milyen v\u00e1ltoz\u00e1sokra sz\u00e1m\u00edthatunk a j\u00f6v\u0151ben. A brit olimpiai arany\u00e9rmes \u00e9s Tour de France szakaszgy\u0151ztes napenergi\u00e1val m\u0171k\u00f6d\u0151 motorral, be\u00e9p\u00edtett sz\u00e1m\u00edt\u00f3g\u00e9ppel, ujjlenyomatolvas\u00f3val \u00e9s k\u00fcll\u0151 n\u00e9lk\u00fcli kerekekkel ruh\u00e1zta fel bring\u00e1j\u00e1t. \u00c9s igen, j\u00f3l is n\u00e9z ki. Jelenleg csak tervezet, de van r\u00e1 es\u00e9ly, hogy p\u00e1r \u00e9ven bel\u00fcl m\u00e1r az utc\u00e1n is tal\u00e1lkozhatunk vele. De h\u00e1ta j\u00f6v\u0151r\u0151l besz\u00e9l\u00fcnk, nem igaz?<\/p>\n<figure id=\"attachment_6336\" aria-describedby=\"caption-attachment-6336\" style=\"width: 600px\" class=\"wp-caption alignnone\"><img loading=\"lazy\" decoding=\"async\" class=\"wp-image-6336 size-full\" src=\"https:\/\/d2p6e6u75xmxt8.cloudfront.net\/12\/2019\/12\/intelligent-bike-concept-chris-boardman.jpg\" alt=\"\" width=\"600\" height=\"404\" srcset=\"https:\/\/d2p6e6u75xmxt8.cloudfront.net\/12\/2019\/12\/intelligent-bike-concept-chris-boardman.jpg 600w, https:\/\/d2p6e6u75xmxt8.cloudfront.net\/12\/2019\/12\/intelligent-bike-concept-chris-boardman-300x202.jpg 300w, https:\/\/d2p6e6u75xmxt8.cloudfront.net\/12\/2019\/12\/intelligent-bike-concept-chris-boardman-272x182.jpg 272w\" sizes=\"auto, (max-width: 600px) 100vw, 600px\" \/><figcaption id=\"caption-attachment-6336\" class=\"wp-caption-text\">Chris Boardman Intelligens Biciklije<\/figcaption><\/figure>\n<p>A Wire Bike, vagyis Dr\u00f3t-bicikli modellt Ionit Predescu szint\u00e9n \u00fagy tervezte, hogy fel\u00e1ldozott egy nagy adag s\u00falyt a gyorsas\u00e1g olt\u00e1r\u00e1n. M\u00e9ghozz\u00e1 \u00fagy, hogy a hagyom\u00e1nyos v\u00e1z helyett dr\u00f3t felf\u00fcggeszt\u00e9s-rendszert haszn\u00e1l. \u00c9pp \u00fagy, mint egy f\u00fcgg\u0151h\u00eddn\u00e1l, a s\u00falyeloszl\u00e1s adja a stabilit\u00e1st. A j\u00f6v\u0151beli modell karbonsz\u00e1lb\u00f3l k\u00e9sz\u00fcl majd.<\/p>\n<figure id=\"attachment_6337\" aria-describedby=\"caption-attachment-6337\" style=\"width: 600px\" class=\"wp-caption alignnone\"><img loading=\"lazy\" decoding=\"async\" class=\"wp-image-6337 size-full\" src=\"https:\/\/d2p6e6u75xmxt8.cloudfront.net\/12\/2019\/12\/wire-bike-concept_ionut-predescu_1.jpg\" alt=\"\" width=\"600\" height=\"450\" srcset=\"https:\/\/d2p6e6u75xmxt8.cloudfront.net\/12\/2019\/12\/wire-bike-concept_ionut-predescu_1.jpg 600w, https:\/\/d2p6e6u75xmxt8.cloudfront.net\/12\/2019\/12\/wire-bike-concept_ionut-predescu_1-300x225.jpg 300w\" sizes=\"auto, (max-width: 600px) 100vw, 600px\" \/><figcaption id=\"caption-attachment-6337\" class=\"wp-caption-text\">A Wire Bike koncepci\u00f3<\/figcaption><\/figure>\n<p>A Mandoo Footloose egy l\u00e1ncn\u00e9lk\u00fcli, \u00f6sszecsukhat\u00f3, urbanista bringa, ami high-tech megold\u00e1sokat vesz \u00e1t az aut\u00f3iparb\u00f3l, hogy biztons\u00e1goss\u00e1 tegye a v\u00e1rosi teker\u00e9st. Ez az apr\u00f3 j\u00e1rm\u0171 a ped\u00e1loz\u00e1son kereszt\u00fcl gener\u00e1lt energi\u00e1t egy l\u00edtiumb\u00f3l k\u00e9sz\u00fclt elemben t\u00e1rolja, ami a kis motort m\u0171k\u00f6dteti. Teljesen automata \u00e9s m\u00e9g az emelked\u0151ket is \u00e9rz\u00e9keli, hogy megfelel\u0151 sebess\u00e9gre tudjon v\u00e1ltani.<\/p>\n<figure id=\"attachment_6338\" aria-describedby=\"caption-attachment-6338\" style=\"width: 728px\" class=\"wp-caption alignnone\"><img loading=\"lazy\" decoding=\"async\" class=\"size-full wp-image-6338\" src=\"https:\/\/d2p6e6u75xmxt8.cloudfront.net\/12\/2019\/12\/mando-2.jpg\" alt=\"\" width=\"728\" height=\"488\" srcset=\"https:\/\/d2p6e6u75xmxt8.cloudfront.net\/12\/2019\/12\/mando-2.jpg 728w, https:\/\/d2p6e6u75xmxt8.cloudfront.net\/12\/2019\/12\/mando-2-300x201.jpg 300w, https:\/\/d2p6e6u75xmxt8.cloudfront.net\/12\/2019\/12\/mando-2-272x182.jpg 272w\" sizes=\"auto, (max-width: 728px) 100vw, 728px\" \/><figcaption id=\"caption-attachment-6338\" class=\"wp-caption-text\">The Mando Footloose<\/figcaption><\/figure>\n<p>Az Eco 07 Victor Aleman terve, szem\u00e9lyes kedvenc\u00fcnk, hiszen teljesen sz\u00e9tszerelhet\u0151 \u00e9s belef\u00e9r egy aktat\u00e1ska m\u00e9ret\u0171 t\u00e1rol\u00f3ba. \u00c9s m\u00e9g j\u00f3l is n\u00e9z ki. Sajnos a jelenlegi diz\u00e1jn nem mindennapos sz\u00e9tszed\u00e9sre lett tervezve, csak akkor tedd el, ha huzamosabb ideig nem haszn\u00e1lod. De ezt a probl\u00e9m\u00e1t majd megoldj\u00e1k. Meg kell oldaniuk, hiszen ha munk\u00e1ba, \u00e9tterembe vagy haza\u00e9r\u00fcnk biciklinkkel, egyszer\u0171en sz\u00e9tszedhetj\u00fck, eltehetj\u00fck egy t\u00e1sk\u00e1ba \u00e9s vihetj\u00fck magunkkal. Nincs t\u00f6bb parkol\u00e1si gond, liftbe gy\u00f6m\u00f6sz\u00f6l\u00e9s, \u00e9s l\u00e9pcs\u0151n cipel\u00e9s! \u00c9s ha \u00e9pp egy kem\u00e9ny hegyit\u00far\u00e1t nyomsz le, nem baj, ha biciklivel bevehetetlen helyre \u00e9rsz: csak sz\u00e9tkapod \u00e9s \u00e1tviszed!<\/p>\n<figure id=\"attachment_6339\" aria-describedby=\"caption-attachment-6339\" style=\"width: 600px\" class=\"wp-caption alignnone\"><img loading=\"lazy\" decoding=\"async\" class=\"wp-image-6339 size-full\" src=\"https:\/\/d2p6e6u75xmxt8.cloudfront.net\/12\/2019\/12\/eco-07-bike-concept_victor-aleman_1.jpg\" alt=\"\" width=\"600\" height=\"312\" srcset=\"https:\/\/d2p6e6u75xmxt8.cloudfront.net\/12\/2019\/12\/eco-07-bike-concept_victor-aleman_1.jpg 600w, https:\/\/d2p6e6u75xmxt8.cloudfront.net\/12\/2019\/12\/eco-07-bike-concept_victor-aleman_1-300x156.jpg 300w\" sizes=\"auto, (max-width: 600px) 100vw, 600px\" \/><figcaption id=\"caption-attachment-6339\" class=\"wp-caption-text\">Az Eco 07 koncepci\u00f3<\/figcaption><\/figure>\n","protected":false},"excerpt":{"rendered":"<p>Sok szempontb\u00f3l mondhatjuk, hogy a j\u00f6v\u0151ben \u00e9l\u00fcnk. A digit\u00e1lis forradalom, ami m\u00e1r \u00e1tform\u00e1lta az \u00e9let\u00fcnket, m\u00e9g alig kezd\u0151d\u00f6tt el. Ki [&hellip;]<\/p>\n","protected":false},"author":71,"featured_media":6341,"comment_status":"open","ping_status":"open","sticky":false,"template":"","format":"standard","meta":{"footnotes":""},"categories":[12],"tags":[],"global-categories":[],"class_list":["post-6333","post","type-post","status-publish","format-standard","has-post-thumbnail","hentry","category-kozosseg-es-kultura"],"yoast_head":"<!-- This site is optimized with the Yoast SEO Premium plugin v25.3 (Yoast SEO v25.9) - https:\/\/yoast.com\/wordpress\/plugins\/seo\/ -->\n<title>A j\u00f6v\u0151 bring\u00e1i: Min teker\u00fcnk p\u00e1r \u00e9v m\u00falva? - \u0160koda We Love Cycling - Magyarorsz\u00e1g<\/title>\n<meta name=\"robots\" content=\"index, follow, max-snippet:-1, max-image-preview:large, max-video-preview:-1\" \/>\n<link rel=\"canonical\" href=\"https:\/\/www.welovecycling.com\/hu\/kozosseg-es-kultura\/a-jovo-bringai-min-tekerunk-par-ev-mulva\/\" \/>\n<meta property=\"og:locale\" content=\"hu_HU\" \/>\n<meta property=\"og:type\" content=\"article\" \/>\n<meta property=\"og:title\" content=\"A j\u00f6v\u0151 bring\u00e1i: Min teker\u00fcnk p\u00e1r \u00e9v m\u00falva?\" \/>\n<meta property=\"og:description\" content=\"Sok szempontb\u00f3l mondhatjuk, hogy a j\u00f6v\u0151ben \u00e9l\u00fcnk. A digit\u00e1lis forradalom, ami m\u00e1r \u00e1tform\u00e1lta az \u00e9let\u00fcnket, m\u00e9g alig kezd\u0151d\u00f6tt el. Ki [&hellip;]\" \/>\n<meta property=\"og:url\" content=\"https:\/\/www.welovecycling.com\/hu\/kozosseg-es-kultura\/a-jovo-bringai-min-tekerunk-par-ev-mulva\/\" \/>\n<meta property=\"og:site_name\" content=\"\u0160koda We Love Cycling - Magyarorsz\u00e1g\" \/>\n<meta property=\"article:publisher\" content=\"https:\/\/www.facebook.com\/WeLoveCyclingHungary\/\" \/>\n<meta property=\"article:published_time\" content=\"2020-01-02T07:00:02+00:00\" \/>\n<meta property=\"og:image\" content=\"https:\/\/d2p6e6u75xmxt8.cloudfront.net\/12\/2019\/12\/Futuristic-Bicycles-CVR.jpg\" \/>\n\t<meta property=\"og:image:width\" content=\"1366\" \/>\n\t<meta property=\"og:image:height\" content=\"600\" \/>\n\t<meta property=\"og:image:type\" content=\"image\/jpeg\" \/>\n<meta name=\"author\" content=\"hegyizs\" \/>\n<meta name=\"twitter:card\" content=\"summary_large_image\" \/>\n<meta name=\"twitter:label1\" content=\"Written by\" \/>\n\t<meta name=\"twitter:data1\" content=\"Siegfried Mortkowitz\" \/>\n\t<meta name=\"twitter:label2\" content=\"Est. reading time\" \/>\n\t<meta name=\"twitter:data2\" content=\"7\" \/>\n<script type=\"application\/ld+json\" class=\"yoast-schema-graph\">{\"@context\":\"https:\/\/schema.org\",\"@graph\":[{\"@type\":\"WebPage\",\"@id\":\"https:\/\/www.welovecycling.com\/hu\/kozosseg-es-kultura\/a-jovo-bringai-min-tekerunk-par-ev-mulva\/\",\"url\":\"https:\/\/www.welovecycling.com\/hu\/kozosseg-es-kultura\/a-jovo-bringai-min-tekerunk-par-ev-mulva\/\",\"name\":\"A j\u00f6v\u0151 bring\u00e1i: Min teker\u00fcnk p\u00e1r \u00e9v m\u00falva? - \u0160koda We Love Cycling - Magyarorsz\u00e1g\",\"isPartOf\":{\"@id\":\"https:\/\/www.welovecycling.com\/hu\/#website\"},\"primaryImageOfPage\":{\"@id\":\"https:\/\/www.welovecycling.com\/hu\/kozosseg-es-kultura\/a-jovo-bringai-min-tekerunk-par-ev-mulva\/#primaryimage\"},\"image\":{\"@id\":\"https:\/\/www.welovecycling.com\/hu\/kozosseg-es-kultura\/a-jovo-bringai-min-tekerunk-par-ev-mulva\/#primaryimage\"},\"thumbnailUrl\":\"https:\/\/d2p6e6u75xmxt8.cloudfront.net\/12\/2019\/12\/Futuristic-Bicycles-CVR.jpg\",\"datePublished\":\"2020-01-02T07:00:02+00:00\",\"author\":{\"@id\":\"https:\/\/www.welovecycling.com\/hu\/#\/schema\/person\/414a2aebf1801691a5320edb6468e194\"},\"breadcrumb\":{\"@id\":\"https:\/\/www.welovecycling.com\/hu\/kozosseg-es-kultura\/a-jovo-bringai-min-tekerunk-par-ev-mulva\/#breadcrumb\"},\"inLanguage\":\"hu\",\"potentialAction\":[{\"@type\":\"ReadAction\",\"target\":[\"https:\/\/www.welovecycling.com\/hu\/kozosseg-es-kultura\/a-jovo-bringai-min-tekerunk-par-ev-mulva\/\"]}]},{\"@type\":\"ImageObject\",\"inLanguage\":\"hu\",\"@id\":\"https:\/\/www.welovecycling.com\/hu\/kozosseg-es-kultura\/a-jovo-bringai-min-tekerunk-par-ev-mulva\/#primaryimage\",\"url\":\"https:\/\/d2p6e6u75xmxt8.cloudfront.net\/12\/2019\/12\/Futuristic-Bicycles-CVR.jpg\",\"contentUrl\":\"https:\/\/d2p6e6u75xmxt8.cloudfront.net\/12\/2019\/12\/Futuristic-Bicycles-CVR.jpg\",\"width\":1366,\"height\":600},{\"@type\":\"BreadcrumbList\",\"@id\":\"https:\/\/www.welovecycling.com\/hu\/kozosseg-es-kultura\/a-jovo-bringai-min-tekerunk-par-ev-mulva\/#breadcrumb\",\"itemListElement\":[{\"@type\":\"ListItem\",\"position\":1,\"name\":\"Home\",\"item\":\"https:\/\/www.welovecycling.com\/hu\/\"},{\"@type\":\"ListItem\",\"position\":2,\"name\":\"A j\u00f6v\u0151 bring\u00e1i: Min teker\u00fcnk p\u00e1r \u00e9v m\u00falva?\"}]},{\"@type\":\"WebSite\",\"@id\":\"https:\/\/www.welovecycling.com\/hu\/#website\",\"url\":\"https:\/\/www.welovecycling.com\/hu\/\",\"name\":\"\u0160koda We Love Cycling - Magyarorsz\u00e1g\",\"description\":\"\u0160koda WeLoveCycling\",\"potentialAction\":[{\"@type\":\"SearchAction\",\"target\":{\"@type\":\"EntryPoint\",\"urlTemplate\":\"https:\/\/www.welovecycling.com\/hu\/?s={search_term_string}\"},\"query-input\":{\"@type\":\"PropertyValueSpecification\",\"valueRequired\":true,\"valueName\":\"search_term_string\"}}],\"inLanguage\":\"hu\"},{\"@type\":\"Person\",\"@id\":\"https:\/\/www.welovecycling.com\/hu\/#\/schema\/person\/414a2aebf1801691a5320edb6468e194\",\"name\":\"hegyizs\",\"image\":{\"@type\":\"ImageObject\",\"inLanguage\":\"hu\",\"@id\":\"https:\/\/www.welovecycling.com\/hu\/#\/schema\/person\/image\/\",\"url\":\"https:\/\/secure.gravatar.com\/avatar\/02cf8a7906b8cf90cecb4679defac7cfd33a1c2e3b88e4903d947f3bb58eedd3?s=96&d=mm&r=g\",\"contentUrl\":\"https:\/\/secure.gravatar.com\/avatar\/02cf8a7906b8cf90cecb4679defac7cfd33a1c2e3b88e4903d947f3bb58eedd3?s=96&d=mm&r=g\",\"caption\":\"hegyizs\"},\"url\":\"https:\/\/www.welovecycling.com\/hu\/author\/hegyizs\/\"}]}<\/script>\n<!-- \/ Yoast SEO Premium plugin. -->","yoast_head_json":{"title":"A j\u00f6v\u0151 bring\u00e1i: Min teker\u00fcnk p\u00e1r \u00e9v m\u00falva? - \u0160koda We Love Cycling - Magyarorsz\u00e1g","robots":{"index":"index","follow":"follow","max-snippet":"max-snippet:-1","max-image-preview":"max-image-preview:large","max-video-preview":"max-video-preview:-1"},"canonical":"https:\/\/www.welovecycling.com\/hu\/kozosseg-es-kultura\/a-jovo-bringai-min-tekerunk-par-ev-mulva\/","og_locale":"hu_HU","og_type":"article","og_title":"A j\u00f6v\u0151 bring\u00e1i: Min teker\u00fcnk p\u00e1r \u00e9v m\u00falva?","og_description":"Sok szempontb\u00f3l mondhatjuk, hogy a j\u00f6v\u0151ben \u00e9l\u00fcnk. A digit\u00e1lis forradalom, ami m\u00e1r \u00e1tform\u00e1lta az \u00e9let\u00fcnket, m\u00e9g alig kezd\u0151d\u00f6tt el. Ki [&hellip;]","og_url":"https:\/\/www.welovecycling.com\/hu\/kozosseg-es-kultura\/a-jovo-bringai-min-tekerunk-par-ev-mulva\/","og_site_name":"\u0160koda We Love Cycling - Magyarorsz\u00e1g","article_publisher":"https:\/\/www.facebook.com\/WeLoveCyclingHungary\/","article_published_time":"2020-01-02T07:00:02+00:00","og_image":[{"width":1366,"height":600,"url":"https:\/\/d2p6e6u75xmxt8.cloudfront.net\/12\/2019\/12\/Futuristic-Bicycles-CVR.jpg","type":"image\/jpeg"}],"author":"hegyizs","twitter_card":"summary_large_image","twitter_misc":{"Written by":"Siegfried Mortkowitz","Est. reading time":"7"},"schema":{"@context":"https:\/\/schema.org","@graph":[{"@type":"WebPage","@id":"https:\/\/www.welovecycling.com\/hu\/kozosseg-es-kultura\/a-jovo-bringai-min-tekerunk-par-ev-mulva\/","url":"https:\/\/www.welovecycling.com\/hu\/kozosseg-es-kultura\/a-jovo-bringai-min-tekerunk-par-ev-mulva\/","name":"A j\u00f6v\u0151 bring\u00e1i: Min teker\u00fcnk p\u00e1r \u00e9v m\u00falva? - \u0160koda We Love Cycling - Magyarorsz\u00e1g","isPartOf":{"@id":"https:\/\/www.welovecycling.com\/hu\/#website"},"primaryImageOfPage":{"@id":"https:\/\/www.welovecycling.com\/hu\/kozosseg-es-kultura\/a-jovo-bringai-min-tekerunk-par-ev-mulva\/#primaryimage"},"image":{"@id":"https:\/\/www.welovecycling.com\/hu\/kozosseg-es-kultura\/a-jovo-bringai-min-tekerunk-par-ev-mulva\/#primaryimage"},"thumbnailUrl":"https:\/\/d2p6e6u75xmxt8.cloudfront.net\/12\/2019\/12\/Futuristic-Bicycles-CVR.jpg","datePublished":"2020-01-02T07:00:02+00:00","author":{"@id":"https:\/\/www.welovecycling.com\/hu\/#\/schema\/person\/414a2aebf1801691a5320edb6468e194"},"breadcrumb":{"@id":"https:\/\/www.welovecycling.com\/hu\/kozosseg-es-kultura\/a-jovo-bringai-min-tekerunk-par-ev-mulva\/#breadcrumb"},"inLanguage":"hu","potentialAction":[{"@type":"ReadAction","target":["https:\/\/www.welovecycling.com\/hu\/kozosseg-es-kultura\/a-jovo-bringai-min-tekerunk-par-ev-mulva\/"]}]},{"@type":"ImageObject","inLanguage":"hu","@id":"https:\/\/www.welovecycling.com\/hu\/kozosseg-es-kultura\/a-jovo-bringai-min-tekerunk-par-ev-mulva\/#primaryimage","url":"https:\/\/d2p6e6u75xmxt8.cloudfront.net\/12\/2019\/12\/Futuristic-Bicycles-CVR.jpg","contentUrl":"https:\/\/d2p6e6u75xmxt8.cloudfront.net\/12\/2019\/12\/Futuristic-Bicycles-CVR.jpg","width":1366,"height":600},{"@type":"BreadcrumbList","@id":"https:\/\/www.welovecycling.com\/hu\/kozosseg-es-kultura\/a-jovo-bringai-min-tekerunk-par-ev-mulva\/#breadcrumb","itemListElement":[{"@type":"ListItem","position":1,"name":"Home","item":"https:\/\/www.welovecycling.com\/hu\/"},{"@type":"ListItem","position":2,"name":"A j\u00f6v\u0151 bring\u00e1i: Min teker\u00fcnk p\u00e1r \u00e9v m\u00falva?"}]},{"@type":"WebSite","@id":"https:\/\/www.welovecycling.com\/hu\/#website","url":"https:\/\/www.welovecycling.com\/hu\/","name":"\u0160koda We Love Cycling - Magyarorsz\u00e1g","description":"\u0160koda WeLoveCycling","potentialAction":[{"@type":"SearchAction","target":{"@type":"EntryPoint","urlTemplate":"https:\/\/www.welovecycling.com\/hu\/?s={search_term_string}"},"query-input":{"@type":"PropertyValueSpecification","valueRequired":true,"valueName":"search_term_string"}}],"inLanguage":"hu"},{"@type":"Person","@id":"https:\/\/www.welovecycling.com\/hu\/#\/schema\/person\/414a2aebf1801691a5320edb6468e194","name":"hegyizs","image":{"@type":"ImageObject","inLanguage":"hu","@id":"https:\/\/www.welovecycling.com\/hu\/#\/schema\/person\/image\/","url":"https:\/\/secure.gravatar.com\/avatar\/02cf8a7906b8cf90cecb4679defac7cfd33a1c2e3b88e4903d947f3bb58eedd3?s=96&d=mm&r=g","contentUrl":"https:\/\/secure.gravatar.com\/avatar\/02cf8a7906b8cf90cecb4679defac7cfd33a1c2e3b88e4903d947f3bb58eedd3?s=96&d=mm&r=g","caption":"hegyizs"},"url":"https:\/\/www.welovecycling.com\/hu\/author\/hegyizs\/"}]}},"_links":{"self":[{"href":"https:\/\/www.welovecycling.com\/hu\/wp-json\/wp\/v2\/posts\/6333","targetHints":{"allow":["GET"]}}],"collection":[{"href":"https:\/\/www.welovecycling.com\/hu\/wp-json\/wp\/v2\/posts"}],"about":[{"href":"https:\/\/www.welovecycling.com\/hu\/wp-json\/wp\/v2\/types\/post"}],"author":[{"embeddable":true,"href":"https:\/\/www.welovecycling.com\/hu\/wp-json\/wp\/v2\/users\/71"}],"replies":[{"embeddable":true,"href":"https:\/\/www.welovecycling.com\/hu\/wp-json\/wp\/v2\/comments?post=6333"}],"version-history":[{"count":2,"href":"https:\/\/www.welovecycling.com\/hu\/wp-json\/wp\/v2\/posts\/6333\/revisions"}],"predecessor-version":[{"id":6354,"href":"https:\/\/www.welovecycling.com\/hu\/wp-json\/wp\/v2\/posts\/6333\/revisions\/6354"}],"wp:featuredmedia":[{"embeddable":true,"href":"https:\/\/www.welovecycling.com\/hu\/wp-json\/wp\/v2\/media\/6341"}],"wp:attachment":[{"href":"https:\/\/www.welovecycling.com\/hu\/wp-json\/wp\/v2\/media?parent=6333"}],"wp:term":[{"taxonomy":"category","embeddable":true,"href":"https:\/\/www.welovecycling.com\/hu\/wp-json\/wp\/v2\/categories?post=6333"},{"taxonomy":"post_tag","embeddable":true,"href":"https:\/\/www.welovecycling.com\/hu\/wp-json\/wp\/v2\/tags?post=6333"},{"taxonomy":"global-categories","embeddable":true,"href":"https:\/\/www.welovecycling.com\/hu\/wp-json\/wp\/v2\/global-categories?post=6333"}],"curies":[{"name":"wp","href":"https:\/\/api.w.org\/{rel}","templated":true}]}}