{"id":6326,"date":"2020-01-01T08:00:50","date_gmt":"2020-01-01T07:00:50","guid":{"rendered":"https:\/\/www.welovecycling.com\/hu\/?p=6326"},"modified":"2019-12-20T15:58:43","modified_gmt":"2019-12-20T14:58:43","slug":"gravel-tryhard-egy-fergeteges-bringas-instagram-profil","status":"publish","type":"post","link":"https:\/\/www.welovecycling.com\/hu\/trekking-mtb\/gravel-tryhard-egy-fergeteges-bringas-instagram-profil\/","title":{"rendered":"Gravel Tryhard: egy fergeteges, bring\u00e1s Instagram profil"},"content":{"rendered":"<p><strong>Amikor janu\u00e1rban elindult a Gravle Tryhard nev\u0171 Instagram profil m\u00e9g k\u00f6d\u00f6s volt, hogy mi is a c\u00e9lja. A k\u00f6z\u00f6ss\u00e9gi m\u00e9dia \u00fajoncak\u00e9nt a bevonul\u00e1s erre az ismeretlen online terepre mind\u00f6ssze egy fogad\u00e1s eredm\u00e9nye volt. Az orsz\u00e1g\u00fatisb\u00f3l gravel bring\u00e1ss\u00e1 avanzs\u00e1lt l\u00e1ny \u00fagy gondolta, megpr\u00f3b\u00e1lja betartani az influencerek szab\u00e1lyait, h\u00e1tha hozz\u00e1jut p\u00e1r ingyen holmihoz.<\/strong><\/p>\n<p><!--more--><\/p>\n<p>Szerencs\u00e9nkre hamar r\u00e1j\u00f6tt, hogy jobban j\u00e1r, ha m\u00e1shogy k\u00f6zel\u00edti meg a platform ny\u00fajtotta lehet\u0151s\u00e9geket. Fogta az inluencer-kult\u00far\u00e1t \u00e9s a hirdet\u00e9s szab\u00e1lyait \u00e9s a feje tetej\u00e9re \u00e1ll\u00edtotta az eg\u00e9szet: fergetegesen vicces, elgondolkodtat\u00f3 \u00e9s provokat\u00edv m\u00f3don \u00e1br\u00e1zolta azokat a marketing kamp\u00e1nyokat, amik teljesen eltel\u00edtett\u00e9k a ker\u00e9kp\u00e1r-piacot. Majdnem egy \u00e9vvel k\u00e9s\u0151bb igen sz\u00e9p sz\u00e1mban k\u00f6vetik a profilj\u00e1t \u00e9s kikrist\u00e1lyosodott el\u0151tte a misszi\u00f3ja is. Besz\u00e9lgett\u00fcnk ezzel a biciklis, m\u00f3k\u00e1s l\u00e1nnyal arr\u00f3l, hogy mivel tudja megnevettetni az embereket, mi\u00e9rt j\u00f3 kem\u00e9nyen dolgozni \u00e9s mennyire fontos, hogy kedvesek legy\u00fcnk.<\/p>\n<p>https:\/\/www.instagram.com\/p\/B4n3FZ6l0Nb\/<\/p>\n<p><strong><em>El\u0151sz\u00f6r is bele kell menn\u00fcnk a szem\u00e9lyazonoss\u00e1g t\u00e9m\u00e1j\u00e1ba. Mi\u00e9rt d\u00f6nt\u00f6tt\u00e9l \u00fagy, hogy n\u00e9vtelen maradsz?<\/em><\/strong><\/p>\n<p>\u0150szint\u00e9n az elej\u00e9n nem sokat gondolkodtam ezen, de \u00edgy ut\u00f3lag \u00f6r\u00fcl\u00f6k, hogy nem f\u0171ztem \u00f6ssze az online szem\u00e9lyazonoss\u00e1gom a val\u00f3\u00e9let-belivel.\u00a0 Nem az\u00e9rt, mert elvesz\u00edten\u00e9m az \u00e1ll\u00e1som, vagy b\u00e1rmi ilyesmi, de felel\u0151ss\u00e9ggel tartozom m\u00e1sok\u00e9rt is, \u00e9s nem szeretn\u00e9m, hogy azt \u00e9rezz\u00e9k k\u00f6r\u00fcl\u00f6ttem az emberek, hogy \u0151k is r\u00e9szei ennek a projektnek. Abban is seg\u00edt a n\u00e9vtelens\u00e9g, hogy az online nyom\u00e1s okozta fesz\u00fclts\u00e9g ne hasson ki az \u00e9letemre, \u00e9s hogy szabadon azt csin\u00e1lhassak, amit akarok. Ez vagyok \u00e9n, \u00e9s szeretn\u00e9m ha ez \u00edgy is maradna.<\/p>\n<p><strong>Ezek szerint egyed\u00fcl dolgozol a k\u00e9peiden? N\u00e9melyik igen nagy kih\u00edv\u00e1s lehetett! Mindig siker\u00fclnek a fot\u00f3k?<\/strong><\/p>\n<p>Szerencs\u00e9re olyan helyen \u00e9lek, ahol sok t\u00e9r \u00e9s nyitott p\u00e1lya van, ez\u00e9rt t\u00f6bbnyire el tudok vonulni, hogy elk\u00e9sz\u00edtsem a k\u00e9peket. N\u00e9ha meg\u00e1llnak emberek, hogy megb\u00e1mulj\u00e1k, mit csin\u00e1lok, f\u0151leg ha olyan fot\u00f3r\u00f3l van sz\u00f3, aminek kedv\u00e9\u00e9rt als\u00f3nem\u0171ig vetk\u0151z\u00f6m. T\u00f6bbnyire egyed\u00fcl dolgozom. Ez is a j\u00e1t\u00e9k r\u00e9sze: ki kell tal\u00e1lni, hogyan l\u0151hetem meg a k\u00e9pet mobillal, an\u00e9lk\u00fcl, hogy egy teljes st\u00e1b seg\u00edtene ebben. Csak akkor bukik egy projekt, ha a v\u00e9geredm\u00e9nyt l\u00e1tva \u00fagy gondolom, nagyon k\u00f6zel van a kegyetlens\u00e9ghez.<\/p>\n<p>https:\/\/www.instagram.com\/p\/B4ArhktlpwK\/<\/p>\n<p><em><strong>V\u00e9kony a hat\u00e1r a vicces \u00e9s a s\u00e9rt\u0151 k\u00f6z\u00f6tt. Hogyan tudsz a j\u00f3 oldalon maradni?<\/strong><\/em><\/p>\n<p>Megpr\u00f3b\u00e1lom belek\u00e9pzelni magam az eredeti k\u00e9pen szerepl\u0151 ember hely\u00e9be. Megk\u00e9rdezem, hogy ha valaki r\u00f3lam posztolna ilyesmit, kuncogn\u00e9k egyet \u00e9s kicsit elsz\u00e9gyelln\u00e9m magam? Vagy ink\u00e1bb megb\u00e1nt\u00f3dn\u00e9k \u00e9s idegeskedn\u00e9k rajta? N\u00e9ha az ut\u00f3bbi a v\u00e1lasz, ilyenkor tudom, hogy nem fogom kiposztolni a k\u00e9pet.<\/p>\n<p>Sokat tanultam arr\u00f3l is, hogy mit tal\u00e1lnak viccesnek az emberek \u00e9s mit nem. Neh\u00e9z erre a k\u00e9rd\u00e9sre v\u00e1laszolni, sokszor rosszul m\u00e9rem fel, hogy mennyire fog nekik tetszeni egy-egy k\u00e9p. De egyre jobb vagyok benne! Olyan tartalmat szeretn\u00e9k adni, amit az emberek \u00e9lveznek, megosztanak \u00e9s rem\u00e9lhet\u0151leg, elgondolkodnak rajta. Nagyon fontos sz\u00e1momra, hogy elkezdjenek besz\u00e9lgetni. De mindenekfelett \u00e1ll az, hogy kedvesek legy\u00fcnk egym\u00e1ssal.<\/p>\n<p>https:\/\/www.instagram.com\/p\/B3IBQWalgt4\/<\/p>\n<p><em><strong>Egyre nagyobb a felel\u0151ss\u00e9g, ahogy n\u0151 a k\u00f6vet\u0151id sz\u00e1ma. Hogyan v\u00e1ltozott a szereped az elm\u00falt egy \u00e9vben?<\/strong><\/em><\/p>\n<p>Igen, nagyon sokat v\u00e1ltozott. Az elej\u00e9n nem igaz\u00e1n tudtam, mit csin\u00e1lok, az\u00f3ta azonban sok id\u0151t t\u00f6lt\u00f6k azzal, hogy gondolkodjam ezen. Kezdetben csak vicces volt. Most m\u00e1r merek nagyobbat \u00e1lmodni. Szeretn\u00e9m, ha meghallan\u00e1k a hangom a k\u00e1ros marketingkult\u00far\u00e1r\u00f3l sz\u00f3l\u00f3 \u00e9rtekez\u00e9sekben.<\/p>\n<p>Az elm\u00falt \u00e9vben rengeteg sz\u00edvvel-l\u00e9lekkel teli besz\u00e9lget\u00e9s folyt le k\u00f6ztem \u00e9s a bar\u00e1taim, a csal\u00e1dom, s\u0151t idegenek k\u00f6z\u00f6tt is. Alaposan \u00e1tgondoltam a feminizmus \u00e9s az influencerek t\u00e9mak\u00f6r\u00e9t, \u00e9s \u00fagy gondolom, hogy j\u00f3l cselekszem, \u00e9s egy eg\u00e9szs\u00e9ges \u00faton k\u00f6zel\u00edtem meg a probl\u00e9m\u00e1t. Ez soha nem arr\u00f3l sz\u00f3lt, hogy h\u00edres legyek vagy hogy azt hangoztassam, hogy \u00e9n jobb vagyok azokn\u00e1l a n\u0151kn\u00e9l, akik sminkelnek \u00e9s manik\u0171r\u00f6sh\u00f6z j\u00e1rnak, egyszer\u0171en csak szeretn\u00e9m megmosolyogtatni a n\u0151i bring\u00e1sokat (is). A legt\u00f6bb visszajelz\u00e9s, amit kapok pozit\u00edv vagy \u00e9p\u00edt\u0151 jelleg\u0171 kritika, sz\u00f3val azt hiszem, j\u00f3 \u00faton haladok.<\/p>\n<p>https:\/\/www.instagram.com\/p\/B2KNVNKlMG2\/<\/p>\n<p><strong><em>Szuper, hogy ilyen sok t\u00e1mogat\u00e1st kapsz, de biztosan vannak negat\u00edv visszajelz\u00e9sek is. K\u00e9telkedt\u00e9l valaha magadban?<\/em><\/strong><\/p>\n<p>Hat\u00e1rozottan voltak olyan besz\u00e9lget\u00e9seim, amik elgondolkodtattak azon, hogy j\u00f3l csin\u00e1lom-e, amit csin\u00e1lok. Ha valakinek valaha siker\u00fclne meggy\u0151znie arr\u00f3l, hogy az eg\u00e9sz projekt rossz vagy hogy b\u00e1nt\u00f3, akkor abbahagyn\u00e1m. R\u00e9g\u00f3ta frusztr\u00e1lnak bizonyos rekl\u00e1mok, \u00e9s azzal, hogy ezt kimutatom, rem\u00e9lhet\u0151leg seg\u00edtek m\u00e1s n\u0151knek. Szeretn\u00e9m ha emberek meg\u00e9rten\u00e9k, hogy a n\u0151i sportol\u00f3k is csak sportol\u00f3k. Nagy tisztelet j\u00e1r azoknak a n\u0151knek, akikr\u0151l posztolok. K\u0151kem\u00e9nyen megdolgoztak az\u00e9rt, hogy ilyen test\u00fck legyen. Egy\u00e9bk\u00e9nt igyekszem eltolni a tartalmak ar\u00e1ny\u00e1t a hirdet\u00e9sek fel\u00e9 az influencerek posztjair\u00f3l.<\/p>\n<p><strong><em>Igen, ez is egy fontos v\u00e1ltoz\u00f3. Hogyan d\u00f6ntesz r\u00f3la?<\/em><\/strong><\/p>\n<p>Nem akarom annyira lesz\u0171k\u00edteni a mozg\u00e1steremet, hogy csak rekl\u00e1mokat haszn\u00e1ljak fel. Nagyon sok inluencer posztol pontosan ezeknek a probl\u00e9m\u00e1s hirdet\u00e9seknek a hat\u00e1s\u00e1ra, \u00edgy gy\u0171r\u0171zik tov\u00e1bb az eg\u00e9sz. Persze sokkal k\u00f6nnyebb vicces csin\u00e1lni egy c\u00e9gb\u0151l, mint egy h\u00fas-v\u00e9r n\u0151b\u0151l \u00e9s n\u00e9ha kellemetlen\u00fcl \u00e9rzem magam, ha d\u00f6ntenem kell. Szerintem \u00e9rtik az emberek, hogy a k\u00e9pb\u0151l csin\u00e1lok viccet, nem a rajta szerepl\u0151 n\u0151r\u0151l. Nagyon szerencs\u00e9s vagyok, hogy vannak olyan emberek az \u00e9letemben, akikkel lehet besz\u00e9lgetni a feminizmusr\u00f3l \u00e9s a marketingr\u0151l. Hatalmas \u00e9rt\u00e9kek vannak ezekben az eszmecser\u00e9kben.<\/p>\n<p>https:\/\/www.instagram.com\/p\/B2XDijFlRHh\/<\/p>\n<p><strong><em>Mi a helyzet a n\u00e9vvel? Val\u00f3s vagy ironikus \u201etryhard\u201d \u2013 k\u00e9ts\u00e9gbeesetten kitart\u00f3 vagy?<\/em><\/strong><\/p>\n<p>El\u0151sz\u00f6r is, szeretn\u00e9m lesz\u00f6gezni, hogy szerintem men\u0151, ha k\u00e9ts\u00e9gbeesetten kitart\u00f3 vagy! M\u00e9g akkor is ha nem vagy t\u00fal tehets\u00e9ges vagy j\u00f3 valamiben. Ez a vil\u00e1gk\u00e9pem r\u00e9sze. Elegem van abb\u00f3l a modern flegma felfog\u00e1sb\u00f3l, hogy g\u00e1z, ha szenved\u00e9llyel csin\u00e1lsz valamit! Szerintem nagyon is kir\u00e1ly! Sokszor eszembe jut egy besz\u00e9lget\u00e9s anyuk\u00e1mmal, m\u00e9g miel\u0151tt elkezdtem volna a projektet. Olvasta valahol ezt a kifejez\u00e9st: try-hard negat\u00edv kontextusban \u00e9s nem \u00e9rtette. Amikor megpr\u00f3b\u00e1ltam elmagyar\u00e1zni neki, azt mondta, hogy szerinte j\u00f3, ha valaki kem\u00e9nyen k\u00fczd. Ez a mondat nagyon magmaradt bennem. \u00c9s ahogy id\u0151sebb lettem, r\u00e1j\u00f6ttem, hogy \u00e9n is ezt teszem. Mindig jobb \u00e9s jobb akarok lenni. Tot\u00e1lisan bele tudok \u0151r\u00fclni a munk\u00e1ba, ha hiszek valamiben.<\/p>\n<p><strong><em>Hogyan alak\u00edtotta \u00e1t a l\u00e1t\u00e1sm\u00f3dodat ez a projekt a bring\u00e1s k\u00f6z\u00f6ss\u00e9ggel kapcsolatban?<\/em><\/strong><\/p>\n<p>Mindig szerettem \u00e9s mindig szeretni fogom a bring\u00e1sokat. Szerintem, ha feln\u0151ttk\u00e9nt tekersz, mindig lesz benned egy kis j\u00e1t\u00e9koss\u00e1g \u00e9s ez egy j\u00f3 dolog. Nagyon sok p\u00e9ld\u00e1t l\u00e1ttam arra, hogy a biciklisek j\u00f3 emberek. Nem lenn\u00e9k a k\u00f6z\u00f6ss\u00e9g r\u00e9sze, ha ez nem \u00edgy lenne. Az els\u0151 gondolatom, amikor elkezdtem a projektet az volt, hogy olyan sokat tett \u00e9rtem a k\u00f6z\u00f6ss\u00e9g, ideje visszaadnom valamit. Rem\u00e9lem siker\u00fcl!<\/p>\n","protected":false},"excerpt":{"rendered":"<p>Amikor janu\u00e1rban elindult a Gravle Tryhard nev\u0171 Instagram profil m\u00e9g k\u00f6d\u00f6s volt, hogy mi is a c\u00e9lja. A k\u00f6z\u00f6ss\u00e9gi m\u00e9dia [&hellip;]<\/p>\n","protected":false},"author":71,"featured_media":6332,"comment_status":"open","ping_status":"open","sticky":false,"template":"","format":"standard","meta":{"footnotes":""},"categories":[7],"tags":[],"global-categories":[],"class_list":["post-6326","post","type-post","status-publish","format-standard","has-post-thumbnail","hentry","category-trekking-mtb"],"yoast_head":"<!-- This site is optimized with the Yoast SEO Premium plugin v25.3 (Yoast SEO v25.9) - https:\/\/yoast.com\/wordpress\/plugins\/seo\/ -->\n<title>Gravel Tryhard: egy fergeteges, bring\u00e1s Instagram profil - \u0160koda We Love Cycling - Magyarorsz\u00e1g<\/title>\n<meta name=\"robots\" content=\"index, follow, max-snippet:-1, max-image-preview:large, max-video-preview:-1\" \/>\n<link rel=\"canonical\" href=\"https:\/\/www.welovecycling.com\/hu\/trekking-mtb\/gravel-tryhard-egy-fergeteges-bringas-instagram-profil\/\" \/>\n<meta property=\"og:locale\" content=\"hu_HU\" \/>\n<meta property=\"og:type\" content=\"article\" \/>\n<meta property=\"og:title\" content=\"Gravel Tryhard: egy fergeteges, bring\u00e1s Instagram profil\" \/>\n<meta property=\"og:description\" content=\"Amikor janu\u00e1rban elindult a Gravle Tryhard nev\u0171 Instagram profil m\u00e9g k\u00f6d\u00f6s volt, hogy mi is a c\u00e9lja. A k\u00f6z\u00f6ss\u00e9gi m\u00e9dia [&hellip;]\" \/>\n<meta property=\"og:url\" content=\"https:\/\/www.welovecycling.com\/hu\/trekking-mtb\/gravel-tryhard-egy-fergeteges-bringas-instagram-profil\/\" \/>\n<meta property=\"og:site_name\" content=\"\u0160koda We Love Cycling - Magyarorsz\u00e1g\" \/>\n<meta property=\"article:publisher\" content=\"https:\/\/www.facebook.com\/WeLoveCyclingHungary\/\" \/>\n<meta property=\"article:published_time\" content=\"2020-01-01T07:00:50+00:00\" \/>\n<meta property=\"og:image\" content=\"https:\/\/d2p6e6u75xmxt8.cloudfront.net\/12\/2019\/12\/Gravel-Tryhard-CVR.jpg\" \/>\n\t<meta property=\"og:image:width\" content=\"1366\" \/>\n\t<meta property=\"og:image:height\" content=\"600\" \/>\n\t<meta property=\"og:image:type\" content=\"image\/jpeg\" \/>\n<meta name=\"author\" content=\"hegyizs\" \/>\n<meta name=\"twitter:card\" content=\"summary_large_image\" \/>\n<meta name=\"twitter:label1\" content=\"Written by\" \/>\n\t<meta name=\"twitter:data1\" content=\"Megan Flottorp\" \/>\n\t<meta name=\"twitter:label2\" content=\"Est. reading time\" \/>\n\t<meta name=\"twitter:data2\" content=\"7\" \/>\n<script type=\"application\/ld+json\" class=\"yoast-schema-graph\">{\"@context\":\"https:\/\/schema.org\",\"@graph\":[{\"@type\":\"WebPage\",\"@id\":\"https:\/\/www.welovecycling.com\/hu\/trekking-mtb\/gravel-tryhard-egy-fergeteges-bringas-instagram-profil\/\",\"url\":\"https:\/\/www.welovecycling.com\/hu\/trekking-mtb\/gravel-tryhard-egy-fergeteges-bringas-instagram-profil\/\",\"name\":\"Gravel Tryhard: egy fergeteges, bring\u00e1s Instagram profil - \u0160koda We Love Cycling - Magyarorsz\u00e1g\",\"isPartOf\":{\"@id\":\"https:\/\/www.welovecycling.com\/hu\/#website\"},\"primaryImageOfPage\":{\"@id\":\"https:\/\/www.welovecycling.com\/hu\/trekking-mtb\/gravel-tryhard-egy-fergeteges-bringas-instagram-profil\/#primaryimage\"},\"image\":{\"@id\":\"https:\/\/www.welovecycling.com\/hu\/trekking-mtb\/gravel-tryhard-egy-fergeteges-bringas-instagram-profil\/#primaryimage\"},\"thumbnailUrl\":\"https:\/\/d2p6e6u75xmxt8.cloudfront.net\/12\/2019\/12\/Gravel-Tryhard-CVR.jpg\",\"datePublished\":\"2020-01-01T07:00:50+00:00\",\"author\":{\"@id\":\"https:\/\/www.welovecycling.com\/hu\/#\/schema\/person\/414a2aebf1801691a5320edb6468e194\"},\"breadcrumb\":{\"@id\":\"https:\/\/www.welovecycling.com\/hu\/trekking-mtb\/gravel-tryhard-egy-fergeteges-bringas-instagram-profil\/#breadcrumb\"},\"inLanguage\":\"hu\",\"potentialAction\":[{\"@type\":\"ReadAction\",\"target\":[\"https:\/\/www.welovecycling.com\/hu\/trekking-mtb\/gravel-tryhard-egy-fergeteges-bringas-instagram-profil\/\"]}]},{\"@type\":\"ImageObject\",\"inLanguage\":\"hu\",\"@id\":\"https:\/\/www.welovecycling.com\/hu\/trekking-mtb\/gravel-tryhard-egy-fergeteges-bringas-instagram-profil\/#primaryimage\",\"url\":\"https:\/\/d2p6e6u75xmxt8.cloudfront.net\/12\/2019\/12\/Gravel-Tryhard-CVR.jpg\",\"contentUrl\":\"https:\/\/d2p6e6u75xmxt8.cloudfront.net\/12\/2019\/12\/Gravel-Tryhard-CVR.jpg\",\"width\":1366,\"height\":600},{\"@type\":\"BreadcrumbList\",\"@id\":\"https:\/\/www.welovecycling.com\/hu\/trekking-mtb\/gravel-tryhard-egy-fergeteges-bringas-instagram-profil\/#breadcrumb\",\"itemListElement\":[{\"@type\":\"ListItem\",\"position\":1,\"name\":\"Home\",\"item\":\"https:\/\/www.welovecycling.com\/hu\/\"},{\"@type\":\"ListItem\",\"position\":2,\"name\":\"Gravel Tryhard: egy fergeteges, bring\u00e1s Instagram profil\"}]},{\"@type\":\"WebSite\",\"@id\":\"https:\/\/www.welovecycling.com\/hu\/#website\",\"url\":\"https:\/\/www.welovecycling.com\/hu\/\",\"name\":\"\u0160koda We Love Cycling - Magyarorsz\u00e1g\",\"description\":\"\u0160koda WeLoveCycling\",\"potentialAction\":[{\"@type\":\"SearchAction\",\"target\":{\"@type\":\"EntryPoint\",\"urlTemplate\":\"https:\/\/www.welovecycling.com\/hu\/?s={search_term_string}\"},\"query-input\":{\"@type\":\"PropertyValueSpecification\",\"valueRequired\":true,\"valueName\":\"search_term_string\"}}],\"inLanguage\":\"hu\"},{\"@type\":\"Person\",\"@id\":\"https:\/\/www.welovecycling.com\/hu\/#\/schema\/person\/414a2aebf1801691a5320edb6468e194\",\"name\":\"hegyizs\",\"image\":{\"@type\":\"ImageObject\",\"inLanguage\":\"hu\",\"@id\":\"https:\/\/www.welovecycling.com\/hu\/#\/schema\/person\/image\/\",\"url\":\"https:\/\/secure.gravatar.com\/avatar\/02cf8a7906b8cf90cecb4679defac7cfd33a1c2e3b88e4903d947f3bb58eedd3?s=96&d=mm&r=g\",\"contentUrl\":\"https:\/\/secure.gravatar.com\/avatar\/02cf8a7906b8cf90cecb4679defac7cfd33a1c2e3b88e4903d947f3bb58eedd3?s=96&d=mm&r=g\",\"caption\":\"hegyizs\"},\"url\":\"https:\/\/www.welovecycling.com\/hu\/author\/hegyizs\/\"}]}<\/script>\n<!-- \/ Yoast SEO Premium plugin. -->","yoast_head_json":{"title":"Gravel Tryhard: egy fergeteges, bring\u00e1s Instagram profil - \u0160koda We Love Cycling - Magyarorsz\u00e1g","robots":{"index":"index","follow":"follow","max-snippet":"max-snippet:-1","max-image-preview":"max-image-preview:large","max-video-preview":"max-video-preview:-1"},"canonical":"https:\/\/www.welovecycling.com\/hu\/trekking-mtb\/gravel-tryhard-egy-fergeteges-bringas-instagram-profil\/","og_locale":"hu_HU","og_type":"article","og_title":"Gravel Tryhard: egy fergeteges, bring\u00e1s Instagram profil","og_description":"Amikor janu\u00e1rban elindult a Gravle Tryhard nev\u0171 Instagram profil m\u00e9g k\u00f6d\u00f6s volt, hogy mi is a c\u00e9lja. A k\u00f6z\u00f6ss\u00e9gi m\u00e9dia [&hellip;]","og_url":"https:\/\/www.welovecycling.com\/hu\/trekking-mtb\/gravel-tryhard-egy-fergeteges-bringas-instagram-profil\/","og_site_name":"\u0160koda We Love Cycling - Magyarorsz\u00e1g","article_publisher":"https:\/\/www.facebook.com\/WeLoveCyclingHungary\/","article_published_time":"2020-01-01T07:00:50+00:00","og_image":[{"width":1366,"height":600,"url":"https:\/\/d2p6e6u75xmxt8.cloudfront.net\/12\/2019\/12\/Gravel-Tryhard-CVR.jpg","type":"image\/jpeg"}],"author":"hegyizs","twitter_card":"summary_large_image","twitter_misc":{"Written by":"Megan Flottorp","Est. reading time":"7"},"schema":{"@context":"https:\/\/schema.org","@graph":[{"@type":"WebPage","@id":"https:\/\/www.welovecycling.com\/hu\/trekking-mtb\/gravel-tryhard-egy-fergeteges-bringas-instagram-profil\/","url":"https:\/\/www.welovecycling.com\/hu\/trekking-mtb\/gravel-tryhard-egy-fergeteges-bringas-instagram-profil\/","name":"Gravel Tryhard: egy fergeteges, bring\u00e1s Instagram profil - \u0160koda We Love Cycling - Magyarorsz\u00e1g","isPartOf":{"@id":"https:\/\/www.welovecycling.com\/hu\/#website"},"primaryImageOfPage":{"@id":"https:\/\/www.welovecycling.com\/hu\/trekking-mtb\/gravel-tryhard-egy-fergeteges-bringas-instagram-profil\/#primaryimage"},"image":{"@id":"https:\/\/www.welovecycling.com\/hu\/trekking-mtb\/gravel-tryhard-egy-fergeteges-bringas-instagram-profil\/#primaryimage"},"thumbnailUrl":"https:\/\/d2p6e6u75xmxt8.cloudfront.net\/12\/2019\/12\/Gravel-Tryhard-CVR.jpg","datePublished":"2020-01-01T07:00:50+00:00","author":{"@id":"https:\/\/www.welovecycling.com\/hu\/#\/schema\/person\/414a2aebf1801691a5320edb6468e194"},"breadcrumb":{"@id":"https:\/\/www.welovecycling.com\/hu\/trekking-mtb\/gravel-tryhard-egy-fergeteges-bringas-instagram-profil\/#breadcrumb"},"inLanguage":"hu","potentialAction":[{"@type":"ReadAction","target":["https:\/\/www.welovecycling.com\/hu\/trekking-mtb\/gravel-tryhard-egy-fergeteges-bringas-instagram-profil\/"]}]},{"@type":"ImageObject","inLanguage":"hu","@id":"https:\/\/www.welovecycling.com\/hu\/trekking-mtb\/gravel-tryhard-egy-fergeteges-bringas-instagram-profil\/#primaryimage","url":"https:\/\/d2p6e6u75xmxt8.cloudfront.net\/12\/2019\/12\/Gravel-Tryhard-CVR.jpg","contentUrl":"https:\/\/d2p6e6u75xmxt8.cloudfront.net\/12\/2019\/12\/Gravel-Tryhard-CVR.jpg","width":1366,"height":600},{"@type":"BreadcrumbList","@id":"https:\/\/www.welovecycling.com\/hu\/trekking-mtb\/gravel-tryhard-egy-fergeteges-bringas-instagram-profil\/#breadcrumb","itemListElement":[{"@type":"ListItem","position":1,"name":"Home","item":"https:\/\/www.welovecycling.com\/hu\/"},{"@type":"ListItem","position":2,"name":"Gravel Tryhard: egy fergeteges, bring\u00e1s Instagram profil"}]},{"@type":"WebSite","@id":"https:\/\/www.welovecycling.com\/hu\/#website","url":"https:\/\/www.welovecycling.com\/hu\/","name":"\u0160koda We Love Cycling - Magyarorsz\u00e1g","description":"\u0160koda WeLoveCycling","potentialAction":[{"@type":"SearchAction","target":{"@type":"EntryPoint","urlTemplate":"https:\/\/www.welovecycling.com\/hu\/?s={search_term_string}"},"query-input":{"@type":"PropertyValueSpecification","valueRequired":true,"valueName":"search_term_string"}}],"inLanguage":"hu"},{"@type":"Person","@id":"https:\/\/www.welovecycling.com\/hu\/#\/schema\/person\/414a2aebf1801691a5320edb6468e194","name":"hegyizs","image":{"@type":"ImageObject","inLanguage":"hu","@id":"https:\/\/www.welovecycling.com\/hu\/#\/schema\/person\/image\/","url":"https:\/\/secure.gravatar.com\/avatar\/02cf8a7906b8cf90cecb4679defac7cfd33a1c2e3b88e4903d947f3bb58eedd3?s=96&d=mm&r=g","contentUrl":"https:\/\/secure.gravatar.com\/avatar\/02cf8a7906b8cf90cecb4679defac7cfd33a1c2e3b88e4903d947f3bb58eedd3?s=96&d=mm&r=g","caption":"hegyizs"},"url":"https:\/\/www.welovecycling.com\/hu\/author\/hegyizs\/"}]}},"_links":{"self":[{"href":"https:\/\/www.welovecycling.com\/hu\/wp-json\/wp\/v2\/posts\/6326","targetHints":{"allow":["GET"]}}],"collection":[{"href":"https:\/\/www.welovecycling.com\/hu\/wp-json\/wp\/v2\/posts"}],"about":[{"href":"https:\/\/www.welovecycling.com\/hu\/wp-json\/wp\/v2\/types\/post"}],"author":[{"embeddable":true,"href":"https:\/\/www.welovecycling.com\/hu\/wp-json\/wp\/v2\/users\/71"}],"replies":[{"embeddable":true,"href":"https:\/\/www.welovecycling.com\/hu\/wp-json\/wp\/v2\/comments?post=6326"}],"version-history":[{"count":1,"href":"https:\/\/www.welovecycling.com\/hu\/wp-json\/wp\/v2\/posts\/6326\/revisions"}],"predecessor-version":[{"id":6353,"href":"https:\/\/www.welovecycling.com\/hu\/wp-json\/wp\/v2\/posts\/6326\/revisions\/6353"}],"wp:featuredmedia":[{"embeddable":true,"href":"https:\/\/www.welovecycling.com\/hu\/wp-json\/wp\/v2\/media\/6332"}],"wp:attachment":[{"href":"https:\/\/www.welovecycling.com\/hu\/wp-json\/wp\/v2\/media?parent=6326"}],"wp:term":[{"taxonomy":"category","embeddable":true,"href":"https:\/\/www.welovecycling.com\/hu\/wp-json\/wp\/v2\/categories?post=6326"},{"taxonomy":"post_tag","embeddable":true,"href":"https:\/\/www.welovecycling.com\/hu\/wp-json\/wp\/v2\/tags?post=6326"},{"taxonomy":"global-categories","embeddable":true,"href":"https:\/\/www.welovecycling.com\/hu\/wp-json\/wp\/v2\/global-categories?post=6326"}],"curies":[{"name":"wp","href":"https:\/\/api.w.org\/{rel}","templated":true}]}}