{"id":6320,"date":"2019-12-31T08:00:35","date_gmt":"2019-12-31T07:00:35","guid":{"rendered":"https:\/\/www.welovecycling.com\/hu\/?p=6320"},"modified":"2019-12-20T15:57:16","modified_gmt":"2019-12-20T14:57:16","slug":"5-dolog-amiert-buszken-emlekezhetunk-a-2019-es-noi-kerekparozasra","status":"publish","type":"post","link":"https:\/\/www.welovecycling.com\/hu\/kozosseg-es-kultura\/5-dolog-amiert-buszken-emlekezhetunk-a-2019-es-noi-kerekparozasra\/","title":{"rendered":"5 dolog, ami\u00e9rt b\u00fcszk\u00e9n eml\u00e9kezhet\u00fcnk a 2019-es n\u0151i ker\u00e9kp\u00e1roz\u00e1sra"},"content":{"rendered":"<p><strong>Ahogy az \u00e9v v\u00e9ge fel\u00e9 k\u00f6zeled\u00fcnk, term\u00e9szetes dolog, hogy visszatekint\u00fcnk az elm\u00falt 12 h\u00f3nap sikereire \u00e9s buk\u00e1saira, hogy \u00f6sszegezhess\u00fck amit l\u00e1tunk. A nemek k\u00f6z\u00f6tti egyenl\u0151s\u00e9g olyan t\u00e9ma, amir\u0151l sokat besz\u00e9l\u00fcnk itt, a We Love Cycling-n\u00e1l, \u00e9s nem v\u00e9letlen\u00fcl. Onnant\u00f3l kezdve, hogy hogyan haszn\u00e1lj\u00e1k a n\u0151i testet a rekl\u00e1mokban, az egyenl\u0151tlen munkab\u00e9rig, rengeteg t\u00e9m\u00e1r\u00f3l kell besz\u00e9ln\u00fcnk\u00a0 a j\u00f6v\u0151ben is.<\/strong><\/p>\n<p><!--more--><\/p>\n<p>Van mit \u00fcnnepeln\u00fcnk a n\u0151i ker\u00e9kp\u00e1roz\u00e1s fellend\u00fcl\u00e9s\u00e9n, k\u00f6sz\u00f6nhet\u0151en a rettenthetetlen versenyz\u0151knek \u00e9s edz\u0151iknek, akik kitart\u00f3an haladnak a v\u00e1ltoz\u00e1s fel\u00e9. 2019 lassan v\u00e9get \u00e9r, z\u00e1rjuk le n\u00e9h\u00e1ny nagy sikerrel, ami ebben az \u00e9vben \u00e9rtek el a n\u0151i bring\u00e1sok!<\/p>\n<h2><strong>Verseny csak n\u0151knek<\/strong><\/h2>\n<p>2019. augusztus 22-\u00e9n harmadik alkalommal startolt a Colorado Classic. Most el\u0151sz\u00f6r azonban volt kiz\u00e1r\u00f3lag n\u0151knek sz\u00f3l\u00f3 verseny is az esem\u00e9nyen, ami egyed\u00fcl\u00e1ll\u00f3 a UCI \u00e1ltal j\u00f3v\u00e1hagyott versenyek k\u00f6r\u00e9ben a Nyugati f\u00e9ltek\u00e9n. Fontos l\u00e9p\u00e9s volt az egyenl\u0151s\u00e9g fel\u00e9 a 2017-es verseny, mely sor\u00e1n 4 napot a f\u00e9rfi, kett\u0151t a n\u0151i ker\u00e9kp\u00e1rosoknak szerveztek. A 2019-es \u00f6n\u00e1ll\u00f3 n\u0151i megm\u00e9rettet\u00e9s m\u00e1r hosszabb, nehezebb, magasabb szint\u0171 verseny volt, versenyk\u00e9pes illetm\u00e9nyekkel, tekint\u00e9lyes p\u00e9nzjutalommal \u00e9s v\u00e9g\u00fcl, de nem utols\u00f3 sorban, \u00e9l\u0151 k\u00f6zvet\u00edt\u00e9ssel.<\/p>\n<figure id=\"attachment_6321\" aria-describedby=\"caption-attachment-6321\" style=\"width: 1024px\" class=\"wp-caption alignnone\"><a href=\"https:\/\/d2p6e6u75xmxt8.cloudfront.net\/2\/2019\/12\/colorado-classic-profimedia-0467377971.jpg\"><img loading=\"lazy\" decoding=\"async\" class=\"size-large wp-image-6321\" src=\"https:\/\/d2p6e6u75xmxt8.cloudfront.net\/12\/2019\/12\/colorado-classic-profimedia-0467377971-1024x682.jpg\" alt=\"\" width=\"1024\" height=\"682\" srcset=\"https:\/\/d2p6e6u75xmxt8.cloudfront.net\/12\/2019\/12\/colorado-classic-profimedia-0467377971-1024x682.jpg 1024w, https:\/\/d2p6e6u75xmxt8.cloudfront.net\/12\/2019\/12\/colorado-classic-profimedia-0467377971-300x200.jpg 300w, https:\/\/d2p6e6u75xmxt8.cloudfront.net\/12\/2019\/12\/colorado-classic-profimedia-0467377971-768x512.jpg 768w, https:\/\/d2p6e6u75xmxt8.cloudfront.net\/12\/2019\/12\/colorado-classic-profimedia-0467377971-272x182.jpg 272w, https:\/\/d2p6e6u75xmxt8.cloudfront.net\/12\/2019\/12\/colorado-classic-profimedia-0467377971.jpg 1250w\" sizes=\"auto, (max-width: 1024px) 100vw, 1024px\" \/><\/a><figcaption id=\"caption-attachment-6321\" class=\"wp-caption-text\">The Colorado Classic. \u00a9 Beth Schneider \/ Zuma Press \/ Profimedia<\/figcaption><\/figure>\n<p>Emellett \u00e9kes bizony\u00edt\u00e9kk\u00e9nt szolg\u00e1lt, hogy l\u00e9tezik fenntarthat\u00f3 modell a n\u0151i ker\u00e9kp\u00e1rversenyekre. Ahogy Lucy Diaz, a verseny vezet\u0151je elmondta m\u00e1jusban magazinunknak: \u201eOlyan p\u00e9ld\u00e1t akarunk l\u00e9trehozni, amit m\u00e1sok is k\u00f6vethetnek, \u00e9s ami bebizony\u00edtja, hogy lehets\u00e9ges n\u0151i versenyeket szervezni. Hossz\u00fa utat tett\u00fcnk meg id\u00e1ig, de teljes sz\u00edvemb\u0151l hiszek benne, hogy ez m\u00e1soknak, m\u00e1shol is siker\u00fcl.\u201d<\/p>\n<h2><strong>Leny\u0171g\u00f6z\u0151 bemutatkoz\u00e1s a k\u00f6vetkez\u0151 gener\u00e1ci\u00f3t\u00f3l<\/strong><\/h2>\n<p>Bizakodva tekinthet\u00fcnk a n\u0151i ker\u00e9kp\u00e1roz\u00e1s j\u00f6v\u0151je fel\u00e9, 2019-ben pedig ez sokszor kiv\u00e1l\u00f3 teljes\u00edtm\u00e9nyekben mutatkozott meg. Demi Vollering, Chloe Dygert-Owen, \u00e9s Lorena Wiebes csod\u00e1latos sikerei, csak hogy p\u00e1r p\u00e9ld\u00e1t eml\u00edts\u00fcnk. Wiebes m\u00e9g csak 20 \u00e9ves de m\u00e1r nem kevesebb, mint 15 versenyt nyert az \u00e9vben \u2013 egyed\u00fcl honfit\u00e1rsa Marianne Vos m\u00falta fel\u00fcl 19 gy\u0151zelm\u00e9vel. Van mint v\u00e1rnunk 2020-ban!<\/p>\n<h2><strong>Egyenl\u0151 b\u00e1n\u00e1sm\u00f3d az e-sportokban<\/strong><\/h2>\n<p>Ebben az \u00e9vben t\u00f6rt\u00e9nt, hogy a Zwift \u00e9s a UCI al\u00e1\u00edrt egy meg\u00e1llapod\u00e1st \u2013 ez volt a Memorandum of Understanding \u2013 mellyel felel\u0151ss\u00e9get v\u00e1llalnak az e-ker\u00e9kp\u00e1roz\u00e1s, mint \u00faj ter\u00fclet ir\u00e1ny\u00edt\u00e1s\u00e1\u00e9rt \u00e9s fejleszt\u00e9s\u00e9\u00e9rt. Craig Edmondson, a Zwift vez\u00e9rigazgat\u00f3ja elmondta, hogy \u201ea legszebb egy \u00faj ker\u00e9kp\u00e1ros diszcipl\u00edna kialak\u00edt\u00e1s\u00e1ban, az hogy nincsenek hat\u00e1rok. Az egyenl\u0151s\u00e9g \u00e9s a fair play lesznek az alapelveink.\u201d<\/p>\n<figure id=\"attachment_6322\" aria-describedby=\"caption-attachment-6322\" style=\"width: 1024px\" class=\"wp-caption alignnone\"><a href=\"https:\/\/d2p6e6u75xmxt8.cloudfront.net\/2\/2019\/12\/wiebes-profimedia-0463603337.jpg\"><img loading=\"lazy\" decoding=\"async\" class=\"wp-image-6322 size-large\" src=\"https:\/\/d2p6e6u75xmxt8.cloudfront.net\/12\/2019\/12\/wiebes-profimedia-0463603337-1024x682.jpg\" alt=\"\" width=\"1024\" height=\"682\" srcset=\"https:\/\/d2p6e6u75xmxt8.cloudfront.net\/12\/2019\/12\/wiebes-profimedia-0463603337-1024x682.jpg 1024w, https:\/\/d2p6e6u75xmxt8.cloudfront.net\/12\/2019\/12\/wiebes-profimedia-0463603337-300x200.jpg 300w, https:\/\/d2p6e6u75xmxt8.cloudfront.net\/12\/2019\/12\/wiebes-profimedia-0463603337-768x512.jpg 768w, https:\/\/d2p6e6u75xmxt8.cloudfront.net\/12\/2019\/12\/wiebes-profimedia-0463603337-272x182.jpg 272w, https:\/\/d2p6e6u75xmxt8.cloudfront.net\/12\/2019\/12\/wiebes-profimedia-0463603337.jpg 1250w\" sizes=\"auto, (max-width: 1024px) 100vw, 1024px\" \/><\/a><figcaption id=\"caption-attachment-6322\" class=\"wp-caption-text\">Az \u00faj gener\u00e1ci\u00f3 k\u00e9szen \u00e1ll, hogy \u00e1tvegye a hatalmat a bicikliz\u00e9s vil\u00e1ga felett. \u00a9 Mark Kerrison \/ Alamy \/ Alamy \/ Profimedia<\/figcaption><\/figure>\n<p>Nagyon j\u00f3 \u00e9rz\u00e9s l\u00e1tni, hogy mekkora priorit\u00e1st kap az, hogy ugyanazok a szab\u00e1lyok legyenek \u00e9rv\u00e9nyesek a n\u0151kre \u00e9s a f\u00e9rfiakra egyar\u00e1nt. Edmondson hozz\u00e1tette: \u201eaz egyenl\u0151s\u00e9g nagyon fontos sz\u00e1munkra a Zwiftn\u00e9l, ez pedig azt jelenti, hogy ugyanannyi verseny, ugyanolyan k\u00f6zvet\u00edt\u00e9s \u00e9s persze, ugyanakkor p\u00e9nzjutalom j\u00e1r mindenkinek.\u201d Legyen ez hasonl\u00f3 v\u00e1ltoz\u00e1sok el\u0151szele!<\/p>\n<h2><strong>N\u0151k az \u00e9lre<\/strong><\/h2>\n<p>Sokan panaszolj\u00e1k a n\u0151i ker\u00e9kp\u00e1roz\u00e1s fel\u00e9p\u00edt\u00e9s\u00e9t illet\u0151en, hogy t\u00fal kev\u00e9s a n\u0151i vezet\u0151. 2019-ben azonban tett\u00fcnk egy l\u00e9p\u00e9st el\u0151re ezen a ter\u00fcleten is, amikor k\u00e9t er\u0151s versenybiciklis n\u0151t neveztek ki a Trek-Segafredo \u00faj n\u0151i csapat\u00e1nak \u00e9l\u00e9re. Ina-Yoko Teutenberg, k\u00e9tszeres olimpikon \u00e9s Giorgia Bronzini, akinek karrierje mag\u00e1ban foglal t\u00f6bb mint 80 gy\u0151zelmet, nemcsak vezet\u0151k, hanem p\u00e9ldak\u00e9pek is. A csapat sikeres szezonja ut\u00e1n harmadik helyen v\u00e9gzett az \u00f6sszes\u00edt\u00e9sben, \u00edgy b\u00e1tran kijelenthetj\u00fck, hogy m\u0171k\u00f6dik a n\u0151k-vezette-n\u0151k strukt\u00fara.<\/p>\n<h2><strong>N\u0151k 93 orsz\u00e1gb\u00f3l<\/strong><\/h2>\n<p>Szint\u00e9n leny\u0171g\u00f6z\u0151 statisztika, amit \u00e9rdemes megeml\u00edteni: 93 orsz\u00e1gb\u00f3l \u00e9rkeztek n\u0151k a 2019-es UCI vil\u00e1gversenyre. Kanad\u00e1t\u00f3l \u00daj-Z\u00e9landig, Trinidad, Tobago \u00e9s Kazahszt\u00e1n, t\u00f6bb nemzetis\u00e9g m\u00e9rte \u00f6ssze erej\u00e9t id\u00e9n, mint valaha. Maga a verseny 3 f\u00f6ldr\u00e9szt szelt \u00e1t \u00e9s az \u00e9l\u0151 k\u00f6zvet\u00edt\u00e9snek h\u00e1la nagyobb k\u00f6z\u00f6ns\u00e9g szurkolt a l\u00e1nyoknak, mint kor\u00e1bban b\u00e1rmikor.<\/p>\n<figure id=\"attachment_6323\" aria-describedby=\"caption-attachment-6323\" style=\"width: 1024px\" class=\"wp-caption alignnone\"><a href=\"https:\/\/d2p6e6u75xmxt8.cloudfront.net\/2\/2019\/12\/uci-women-profimedia-0462233206.jpg\"><img loading=\"lazy\" decoding=\"async\" class=\"wp-image-6323 size-large\" src=\"https:\/\/d2p6e6u75xmxt8.cloudfront.net\/12\/2019\/12\/uci-women-profimedia-0462233206-1024x682.jpg\" alt=\"\" width=\"1024\" height=\"682\" srcset=\"https:\/\/d2p6e6u75xmxt8.cloudfront.net\/12\/2019\/12\/uci-women-profimedia-0462233206-1024x682.jpg 1024w, https:\/\/d2p6e6u75xmxt8.cloudfront.net\/12\/2019\/12\/uci-women-profimedia-0462233206-300x200.jpg 300w, https:\/\/d2p6e6u75xmxt8.cloudfront.net\/12\/2019\/12\/uci-women-profimedia-0462233206-768x512.jpg 768w, https:\/\/d2p6e6u75xmxt8.cloudfront.net\/12\/2019\/12\/uci-women-profimedia-0462233206-272x182.jpg 272w, https:\/\/d2p6e6u75xmxt8.cloudfront.net\/12\/2019\/12\/uci-women-profimedia-0462233206.jpg 1250w\" sizes=\"auto, (max-width: 1024px) 100vw, 1024px\" \/><\/a><figcaption id=\"caption-attachment-6323\" class=\"wp-caption-text\">93 orsz\u00e1gb\u00f3l \u00e9rkeztek n\u0151k a versenyre \u00a9 Laura De Meo \/ Shutterstock Editorial \/ Profimedia<\/figcaption><\/figure>\n<h2><strong>Hogyan tov\u00e1bb?<\/strong><\/h2>\n<p>Ha arra gondolunk milyen volt a n\u0151i ker\u00e9kp\u00e1roz\u00e1s helyzete 20, 10 vagy 5 \u00e9vvel ezel\u0151tt, hatalmas teljes\u00edtm\u00e9ny a felsoroltak mindegyike, melyek kem\u00e9ny munka eredm\u00e9nyei. A n\u0151k \u00e9s f\u00e9rfiak, akik elk\u00f6telez\u0151dtek az egyenl\u0151s\u00e9g \u00fcgye mellett, tov\u00e1bbra is visszatarthatatlanok lesznek.<\/p>\n<p>Igaz, hogy tov\u00e1bbra is t\u00f6bb d\u00f6nt\u00e9shoz\u00f3 n\u0151re van sz\u00fcks\u00e9g, m\u00e9g mindig fontos, hogy az UCI azokat t\u00e1mogassa, akiket kell, \u00e9s m\u00e9g mindig t\u00e1mogatnunk kell azokat, akik azon dolgoznak, hogy l\u00e1nyok ker\u00fcljenek a versenyszf\u00e9r\u00e1ba. De ahogy haladunk el\u0151re, egyre egy\u00e9rtelm\u0171bb, hogy egy er\u0151s k\u00f6z\u00f6ss\u00e9g munk\u00e1ja \u00e1ll minden l\u00e9p\u00e9s m\u00f6g\u00f6tt. \u00dcnnepelj\u00fck h\u00e1t meg, hogy m\u00e1r eddig jutottunk \u00e9s tegy\u00fck 2020-at m\u00e9g enn\u00e9l is szebb \u00e9vv\u00e9 a n\u0151i ker\u00e9kp\u00e1rosok sz\u00e1m\u00e1ra!<\/p>\n","protected":false},"excerpt":{"rendered":"<p>Ahogy az \u00e9v v\u00e9ge fel\u00e9 k\u00f6zeled\u00fcnk, term\u00e9szetes dolog, hogy visszatekint\u00fcnk az elm\u00falt 12 h\u00f3nap sikereire \u00e9s buk\u00e1saira, hogy \u00f6sszegezhess\u00fck amit [&hellip;]<\/p>\n","protected":false},"author":71,"featured_media":6325,"comment_status":"open","ping_status":"open","sticky":false,"template":"","format":"standard","meta":{"footnotes":""},"categories":[12],"tags":[],"global-categories":[],"class_list":["post-6320","post","type-post","status-publish","format-standard","has-post-thumbnail","hentry","category-kozosseg-es-kultura"],"yoast_head":"<!-- This site is optimized with the Yoast SEO Premium plugin v25.3 (Yoast SEO v25.9) - https:\/\/yoast.com\/wordpress\/plugins\/seo\/ -->\n<title>5 dolog, ami\u00e9rt b\u00fcszk\u00e9n eml\u00e9kezhet\u00fcnk a 2019-es n\u0151i ker\u00e9kp\u00e1roz\u00e1sra - \u0160koda We Love Cycling - Magyarorsz\u00e1g<\/title>\n<meta name=\"robots\" content=\"index, follow, max-snippet:-1, max-image-preview:large, max-video-preview:-1\" \/>\n<link rel=\"canonical\" href=\"https:\/\/www.welovecycling.com\/hu\/kozosseg-es-kultura\/5-dolog-amiert-buszken-emlekezhetunk-a-2019-es-noi-kerekparozasra\/\" \/>\n<meta property=\"og:locale\" content=\"hu_HU\" \/>\n<meta property=\"og:type\" content=\"article\" \/>\n<meta property=\"og:title\" content=\"5 dolog, ami\u00e9rt b\u00fcszk\u00e9n eml\u00e9kezhet\u00fcnk a 2019-es n\u0151i ker\u00e9kp\u00e1roz\u00e1sra\" \/>\n<meta property=\"og:description\" content=\"Ahogy az \u00e9v v\u00e9ge fel\u00e9 k\u00f6zeled\u00fcnk, term\u00e9szetes dolog, hogy visszatekint\u00fcnk az elm\u00falt 12 h\u00f3nap sikereire \u00e9s buk\u00e1saira, hogy \u00f6sszegezhess\u00fck amit [&hellip;]\" \/>\n<meta property=\"og:url\" content=\"https:\/\/www.welovecycling.com\/hu\/kozosseg-es-kultura\/5-dolog-amiert-buszken-emlekezhetunk-a-2019-es-noi-kerekparozasra\/\" \/>\n<meta property=\"og:site_name\" content=\"\u0160koda We Love Cycling - Magyarorsz\u00e1g\" \/>\n<meta property=\"article:publisher\" content=\"https:\/\/www.facebook.com\/WeLoveCyclingHungary\/\" \/>\n<meta property=\"article:published_time\" content=\"2019-12-31T07:00:35+00:00\" \/>\n<meta property=\"og:image\" content=\"https:\/\/d2p6e6u75xmxt8.cloudfront.net\/12\/2019\/12\/demi-vollering-profimedia-0475238921-CVR.jpg\" \/>\n\t<meta property=\"og:image:width\" content=\"1366\" \/>\n\t<meta property=\"og:image:height\" content=\"600\" \/>\n\t<meta property=\"og:image:type\" content=\"image\/jpeg\" \/>\n<meta name=\"author\" content=\"hegyizs\" \/>\n<meta name=\"twitter:card\" content=\"summary_large_image\" \/>\n<meta name=\"twitter:label1\" content=\"Written by\" \/>\n\t<meta name=\"twitter:data1\" content=\"Megan Flottorp\" \/>\n\t<meta name=\"twitter:label2\" content=\"Est. reading time\" \/>\n\t<meta name=\"twitter:data2\" content=\"5\" \/>\n<script type=\"application\/ld+json\" class=\"yoast-schema-graph\">{\"@context\":\"https:\/\/schema.org\",\"@graph\":[{\"@type\":\"WebPage\",\"@id\":\"https:\/\/www.welovecycling.com\/hu\/kozosseg-es-kultura\/5-dolog-amiert-buszken-emlekezhetunk-a-2019-es-noi-kerekparozasra\/\",\"url\":\"https:\/\/www.welovecycling.com\/hu\/kozosseg-es-kultura\/5-dolog-amiert-buszken-emlekezhetunk-a-2019-es-noi-kerekparozasra\/\",\"name\":\"5 dolog, ami\u00e9rt b\u00fcszk\u00e9n eml\u00e9kezhet\u00fcnk a 2019-es n\u0151i ker\u00e9kp\u00e1roz\u00e1sra - \u0160koda We Love Cycling - Magyarorsz\u00e1g\",\"isPartOf\":{\"@id\":\"https:\/\/www.welovecycling.com\/hu\/#website\"},\"primaryImageOfPage\":{\"@id\":\"https:\/\/www.welovecycling.com\/hu\/kozosseg-es-kultura\/5-dolog-amiert-buszken-emlekezhetunk-a-2019-es-noi-kerekparozasra\/#primaryimage\"},\"image\":{\"@id\":\"https:\/\/www.welovecycling.com\/hu\/kozosseg-es-kultura\/5-dolog-amiert-buszken-emlekezhetunk-a-2019-es-noi-kerekparozasra\/#primaryimage\"},\"thumbnailUrl\":\"https:\/\/d2p6e6u75xmxt8.cloudfront.net\/12\/2019\/12\/demi-vollering-profimedia-0475238921-CVR.jpg\",\"datePublished\":\"2019-12-31T07:00:35+00:00\",\"author\":{\"@id\":\"https:\/\/www.welovecycling.com\/hu\/#\/schema\/person\/414a2aebf1801691a5320edb6468e194\"},\"breadcrumb\":{\"@id\":\"https:\/\/www.welovecycling.com\/hu\/kozosseg-es-kultura\/5-dolog-amiert-buszken-emlekezhetunk-a-2019-es-noi-kerekparozasra\/#breadcrumb\"},\"inLanguage\":\"hu\",\"potentialAction\":[{\"@type\":\"ReadAction\",\"target\":[\"https:\/\/www.welovecycling.com\/hu\/kozosseg-es-kultura\/5-dolog-amiert-buszken-emlekezhetunk-a-2019-es-noi-kerekparozasra\/\"]}]},{\"@type\":\"ImageObject\",\"inLanguage\":\"hu\",\"@id\":\"https:\/\/www.welovecycling.com\/hu\/kozosseg-es-kultura\/5-dolog-amiert-buszken-emlekezhetunk-a-2019-es-noi-kerekparozasra\/#primaryimage\",\"url\":\"https:\/\/d2p6e6u75xmxt8.cloudfront.net\/12\/2019\/12\/demi-vollering-profimedia-0475238921-CVR.jpg\",\"contentUrl\":\"https:\/\/d2p6e6u75xmxt8.cloudfront.net\/12\/2019\/12\/demi-vollering-profimedia-0475238921-CVR.jpg\",\"width\":1366,\"height\":600},{\"@type\":\"BreadcrumbList\",\"@id\":\"https:\/\/www.welovecycling.com\/hu\/kozosseg-es-kultura\/5-dolog-amiert-buszken-emlekezhetunk-a-2019-es-noi-kerekparozasra\/#breadcrumb\",\"itemListElement\":[{\"@type\":\"ListItem\",\"position\":1,\"name\":\"Home\",\"item\":\"https:\/\/www.welovecycling.com\/hu\/\"},{\"@type\":\"ListItem\",\"position\":2,\"name\":\"5 dolog, ami\u00e9rt b\u00fcszk\u00e9n eml\u00e9kezhet\u00fcnk a 2019-es n\u0151i ker\u00e9kp\u00e1roz\u00e1sra\"}]},{\"@type\":\"WebSite\",\"@id\":\"https:\/\/www.welovecycling.com\/hu\/#website\",\"url\":\"https:\/\/www.welovecycling.com\/hu\/\",\"name\":\"\u0160koda We Love Cycling - Magyarorsz\u00e1g\",\"description\":\"\u0160koda WeLoveCycling\",\"potentialAction\":[{\"@type\":\"SearchAction\",\"target\":{\"@type\":\"EntryPoint\",\"urlTemplate\":\"https:\/\/www.welovecycling.com\/hu\/?s={search_term_string}\"},\"query-input\":{\"@type\":\"PropertyValueSpecification\",\"valueRequired\":true,\"valueName\":\"search_term_string\"}}],\"inLanguage\":\"hu\"},{\"@type\":\"Person\",\"@id\":\"https:\/\/www.welovecycling.com\/hu\/#\/schema\/person\/414a2aebf1801691a5320edb6468e194\",\"name\":\"hegyizs\",\"image\":{\"@type\":\"ImageObject\",\"inLanguage\":\"hu\",\"@id\":\"https:\/\/www.welovecycling.com\/hu\/#\/schema\/person\/image\/\",\"url\":\"https:\/\/secure.gravatar.com\/avatar\/02cf8a7906b8cf90cecb4679defac7cfd33a1c2e3b88e4903d947f3bb58eedd3?s=96&d=mm&r=g\",\"contentUrl\":\"https:\/\/secure.gravatar.com\/avatar\/02cf8a7906b8cf90cecb4679defac7cfd33a1c2e3b88e4903d947f3bb58eedd3?s=96&d=mm&r=g\",\"caption\":\"hegyizs\"},\"url\":\"https:\/\/www.welovecycling.com\/hu\/author\/hegyizs\/\"}]}<\/script>\n<!-- \/ Yoast SEO Premium plugin. -->","yoast_head_json":{"title":"5 dolog, ami\u00e9rt b\u00fcszk\u00e9n eml\u00e9kezhet\u00fcnk a 2019-es n\u0151i ker\u00e9kp\u00e1roz\u00e1sra - \u0160koda We Love Cycling - Magyarorsz\u00e1g","robots":{"index":"index","follow":"follow","max-snippet":"max-snippet:-1","max-image-preview":"max-image-preview:large","max-video-preview":"max-video-preview:-1"},"canonical":"https:\/\/www.welovecycling.com\/hu\/kozosseg-es-kultura\/5-dolog-amiert-buszken-emlekezhetunk-a-2019-es-noi-kerekparozasra\/","og_locale":"hu_HU","og_type":"article","og_title":"5 dolog, ami\u00e9rt b\u00fcszk\u00e9n eml\u00e9kezhet\u00fcnk a 2019-es n\u0151i ker\u00e9kp\u00e1roz\u00e1sra","og_description":"Ahogy az \u00e9v v\u00e9ge fel\u00e9 k\u00f6zeled\u00fcnk, term\u00e9szetes dolog, hogy visszatekint\u00fcnk az elm\u00falt 12 h\u00f3nap sikereire \u00e9s buk\u00e1saira, hogy \u00f6sszegezhess\u00fck amit [&hellip;]","og_url":"https:\/\/www.welovecycling.com\/hu\/kozosseg-es-kultura\/5-dolog-amiert-buszken-emlekezhetunk-a-2019-es-noi-kerekparozasra\/","og_site_name":"\u0160koda We Love Cycling - Magyarorsz\u00e1g","article_publisher":"https:\/\/www.facebook.com\/WeLoveCyclingHungary\/","article_published_time":"2019-12-31T07:00:35+00:00","og_image":[{"width":1366,"height":600,"url":"https:\/\/d2p6e6u75xmxt8.cloudfront.net\/12\/2019\/12\/demi-vollering-profimedia-0475238921-CVR.jpg","type":"image\/jpeg"}],"author":"hegyizs","twitter_card":"summary_large_image","twitter_misc":{"Written by":"Megan Flottorp","Est. reading time":"5"},"schema":{"@context":"https:\/\/schema.org","@graph":[{"@type":"WebPage","@id":"https:\/\/www.welovecycling.com\/hu\/kozosseg-es-kultura\/5-dolog-amiert-buszken-emlekezhetunk-a-2019-es-noi-kerekparozasra\/","url":"https:\/\/www.welovecycling.com\/hu\/kozosseg-es-kultura\/5-dolog-amiert-buszken-emlekezhetunk-a-2019-es-noi-kerekparozasra\/","name":"5 dolog, ami\u00e9rt b\u00fcszk\u00e9n eml\u00e9kezhet\u00fcnk a 2019-es n\u0151i ker\u00e9kp\u00e1roz\u00e1sra - \u0160koda We Love Cycling - Magyarorsz\u00e1g","isPartOf":{"@id":"https:\/\/www.welovecycling.com\/hu\/#website"},"primaryImageOfPage":{"@id":"https:\/\/www.welovecycling.com\/hu\/kozosseg-es-kultura\/5-dolog-amiert-buszken-emlekezhetunk-a-2019-es-noi-kerekparozasra\/#primaryimage"},"image":{"@id":"https:\/\/www.welovecycling.com\/hu\/kozosseg-es-kultura\/5-dolog-amiert-buszken-emlekezhetunk-a-2019-es-noi-kerekparozasra\/#primaryimage"},"thumbnailUrl":"https:\/\/d2p6e6u75xmxt8.cloudfront.net\/12\/2019\/12\/demi-vollering-profimedia-0475238921-CVR.jpg","datePublished":"2019-12-31T07:00:35+00:00","author":{"@id":"https:\/\/www.welovecycling.com\/hu\/#\/schema\/person\/414a2aebf1801691a5320edb6468e194"},"breadcrumb":{"@id":"https:\/\/www.welovecycling.com\/hu\/kozosseg-es-kultura\/5-dolog-amiert-buszken-emlekezhetunk-a-2019-es-noi-kerekparozasra\/#breadcrumb"},"inLanguage":"hu","potentialAction":[{"@type":"ReadAction","target":["https:\/\/www.welovecycling.com\/hu\/kozosseg-es-kultura\/5-dolog-amiert-buszken-emlekezhetunk-a-2019-es-noi-kerekparozasra\/"]}]},{"@type":"ImageObject","inLanguage":"hu","@id":"https:\/\/www.welovecycling.com\/hu\/kozosseg-es-kultura\/5-dolog-amiert-buszken-emlekezhetunk-a-2019-es-noi-kerekparozasra\/#primaryimage","url":"https:\/\/d2p6e6u75xmxt8.cloudfront.net\/12\/2019\/12\/demi-vollering-profimedia-0475238921-CVR.jpg","contentUrl":"https:\/\/d2p6e6u75xmxt8.cloudfront.net\/12\/2019\/12\/demi-vollering-profimedia-0475238921-CVR.jpg","width":1366,"height":600},{"@type":"BreadcrumbList","@id":"https:\/\/www.welovecycling.com\/hu\/kozosseg-es-kultura\/5-dolog-amiert-buszken-emlekezhetunk-a-2019-es-noi-kerekparozasra\/#breadcrumb","itemListElement":[{"@type":"ListItem","position":1,"name":"Home","item":"https:\/\/www.welovecycling.com\/hu\/"},{"@type":"ListItem","position":2,"name":"5 dolog, ami\u00e9rt b\u00fcszk\u00e9n eml\u00e9kezhet\u00fcnk a 2019-es n\u0151i ker\u00e9kp\u00e1roz\u00e1sra"}]},{"@type":"WebSite","@id":"https:\/\/www.welovecycling.com\/hu\/#website","url":"https:\/\/www.welovecycling.com\/hu\/","name":"\u0160koda We Love Cycling - Magyarorsz\u00e1g","description":"\u0160koda WeLoveCycling","potentialAction":[{"@type":"SearchAction","target":{"@type":"EntryPoint","urlTemplate":"https:\/\/www.welovecycling.com\/hu\/?s={search_term_string}"},"query-input":{"@type":"PropertyValueSpecification","valueRequired":true,"valueName":"search_term_string"}}],"inLanguage":"hu"},{"@type":"Person","@id":"https:\/\/www.welovecycling.com\/hu\/#\/schema\/person\/414a2aebf1801691a5320edb6468e194","name":"hegyizs","image":{"@type":"ImageObject","inLanguage":"hu","@id":"https:\/\/www.welovecycling.com\/hu\/#\/schema\/person\/image\/","url":"https:\/\/secure.gravatar.com\/avatar\/02cf8a7906b8cf90cecb4679defac7cfd33a1c2e3b88e4903d947f3bb58eedd3?s=96&d=mm&r=g","contentUrl":"https:\/\/secure.gravatar.com\/avatar\/02cf8a7906b8cf90cecb4679defac7cfd33a1c2e3b88e4903d947f3bb58eedd3?s=96&d=mm&r=g","caption":"hegyizs"},"url":"https:\/\/www.welovecycling.com\/hu\/author\/hegyizs\/"}]}},"_links":{"self":[{"href":"https:\/\/www.welovecycling.com\/hu\/wp-json\/wp\/v2\/posts\/6320","targetHints":{"allow":["GET"]}}],"collection":[{"href":"https:\/\/www.welovecycling.com\/hu\/wp-json\/wp\/v2\/posts"}],"about":[{"href":"https:\/\/www.welovecycling.com\/hu\/wp-json\/wp\/v2\/types\/post"}],"author":[{"embeddable":true,"href":"https:\/\/www.welovecycling.com\/hu\/wp-json\/wp\/v2\/users\/71"}],"replies":[{"embeddable":true,"href":"https:\/\/www.welovecycling.com\/hu\/wp-json\/wp\/v2\/comments?post=6320"}],"version-history":[{"count":2,"href":"https:\/\/www.welovecycling.com\/hu\/wp-json\/wp\/v2\/posts\/6320\/revisions"}],"predecessor-version":[{"id":6352,"href":"https:\/\/www.welovecycling.com\/hu\/wp-json\/wp\/v2\/posts\/6320\/revisions\/6352"}],"wp:featuredmedia":[{"embeddable":true,"href":"https:\/\/www.welovecycling.com\/hu\/wp-json\/wp\/v2\/media\/6325"}],"wp:attachment":[{"href":"https:\/\/www.welovecycling.com\/hu\/wp-json\/wp\/v2\/media?parent=6320"}],"wp:term":[{"taxonomy":"category","embeddable":true,"href":"https:\/\/www.welovecycling.com\/hu\/wp-json\/wp\/v2\/categories?post=6320"},{"taxonomy":"post_tag","embeddable":true,"href":"https:\/\/www.welovecycling.com\/hu\/wp-json\/wp\/v2\/tags?post=6320"},{"taxonomy":"global-categories","embeddable":true,"href":"https:\/\/www.welovecycling.com\/hu\/wp-json\/wp\/v2\/global-categories?post=6320"}],"curies":[{"name":"wp","href":"https:\/\/api.w.org\/{rel}","templated":true}]}}