{"id":6315,"date":"2019-12-24T08:00:29","date_gmt":"2019-12-24T07:00:29","guid":{"rendered":"https:\/\/www.welovecycling.com\/hu\/?p=6315"},"modified":"2019-12-20T15:13:43","modified_gmt":"2019-12-20T14:13:43","slug":"nincs-kifogas-ti-irtatok","status":"publish","type":"post","link":"https:\/\/www.welovecycling.com\/hu\/kozosseg-es-kultura\/nincs-kifogas-ti-irtatok\/","title":{"rendered":"Nincs kifog\u00e1s! \u2013 Ti \u00edrt\u00e1tok"},"content":{"rendered":"<p><strong>Ha igaz\u00e1n nagy dolgokat szeretn\u00e9nk el\u00e9rni, magunkban kell keresni motiv\u00e1ci\u00f3t, de persze nem \u00e1rt a seg\u00edts\u00e9g. Ez\u00e9rt j\u00f6nnek l\u00e9tre k\u00f6z\u00f6ss\u00e9gek, mindenf\u00e9le emberrel, kort\u00f3l \u00e9s nemt\u0151l f\u00fcggetlen\u00fcl, akiket egy k\u00f6z\u00f6s szenved\u00e9ly tart \u00f6ssze. A mi szenved\u00e9ly\u00fcnk a bicikliz\u00e9s. A v\u00e1llunkon \u00fcl\u0151 kis\u00f6rd\u00f6g legy\u0151z\u00e9s\u00e9hez pedig kell a motiv\u00e1ci\u00f3, k\u00fcl\u00f6n\u00f6sen t\u00e9len.<\/strong><!--more--><\/p>\n<p>K\u00edv\u00e1ncsiak voltunk r\u00e1, hogy ti, bring\u00e1sok hogyan birk\u00f3ztok meg a fel-felmer\u00fcl\u0151 kifog\u00e1sokkal. Ezeket \u00edrt\u00e1tok.<\/p>\n<h2><strong>Szeretj\u00fck a havat<\/strong><\/h2>\n<p>Csak a jeget nem. A j\u00e9g cs\u00faszik \u00e9s balesetvesz\u00e9lyes, a h\u00f3 pedig puha \u00e9s gy\u00f6ny\u00f6r\u0171. Arra viszont figyeljetek, hogy sokszor a h\u00f3takar\u00f3 j\u00e9gcsapd\u00e1kat rejt! Csak megfelel\u0151 bring\u00e1val menjetek t\u00e9len terepre \u00e9s \u00f3vatosan tekerjetek!<\/p>\n<p><img loading=\"lazy\" decoding=\"async\" class=\"aligncenter size-large wp-image-6317\" src=\"https:\/\/d2p6e6u75xmxt8.cloudfront.net\/12\/2019\/12\/wlc_1224_02-1024x576.png\" alt=\"\" width=\"1024\" height=\"576\" srcset=\"https:\/\/d2p6e6u75xmxt8.cloudfront.net\/12\/2019\/12\/wlc_1224_02-1024x576.png 1024w, https:\/\/d2p6e6u75xmxt8.cloudfront.net\/12\/2019\/12\/wlc_1224_02-300x169.png 300w, https:\/\/d2p6e6u75xmxt8.cloudfront.net\/12\/2019\/12\/wlc_1224_02-768x432.png 768w, https:\/\/d2p6e6u75xmxt8.cloudfront.net\/12\/2019\/12\/wlc_1224_02.png 1385w\" sizes=\"auto, (max-width: 1024px) 100vw, 1024px\" \/><\/p>\n<h2><strong>A k\u00f3cos haj men\u0151!<\/strong><\/h2>\n<p>Egy igazi bring\u00e1s k\u00f3cos, \u00e9s nem zavarja! S\u0151t, \u00edgy legal\u00e1bb l\u00e1tszik, hogy sportolsz, nem kell reggel id\u0151t t\u00f6lteni a t\u00fck\u00f6r el\u0151tt, \u00e9s ha a kezdetekt\u0151l fogva \u00edgy j\u00e1rsz be dolgozni, akkor mindenki azt fogja hinni, hogy egyszer\u0171en \u00edgy n\u00e9zel ki.<\/p>\n<h2><strong>Nem ciki a r\u00e9gi bringa<\/strong><\/h2>\n<p>Csepel, retro, fel\u00faj\u00edtott, sufnituning. Mindegy, csak guruljon! Bring\u00e1zni sosem lesz ciki, mindegy milyen j\u00e1rg\u00e1nyon \u00fclsz, s\u0151t, ha egy \u201eRETRO\u201d t\u00e1bl\u00e1t akasztasz r\u00e1, m\u00e9g mosolyt is csalhatsz az emberek arc\u00e1ra!<\/p>\n<h2><strong>A mozg\u00e1s jutalom<\/strong><\/h2>\n<p>F\u00e1radt test, tiszta fej. Az ereidben sz\u00e9t\u00e1rad\u00f3 nyugalom. Szabads\u00e1g. \u00c9s persze k\u00e1v\u00e9, s\u00f6r, hamburger. Ezek\u00e9rt (is) teker\u00fcnk!<\/p>\n<p><img loading=\"lazy\" decoding=\"async\" class=\"aligncenter size-large wp-image-6316\" src=\"https:\/\/d2p6e6u75xmxt8.cloudfront.net\/12\/2019\/12\/wlc_1224_03-1024x576.png\" alt=\"\" width=\"1024\" height=\"576\" srcset=\"https:\/\/d2p6e6u75xmxt8.cloudfront.net\/12\/2019\/12\/wlc_1224_03-1024x576.png 1024w, https:\/\/d2p6e6u75xmxt8.cloudfront.net\/12\/2019\/12\/wlc_1224_03-300x169.png 300w, https:\/\/d2p6e6u75xmxt8.cloudfront.net\/12\/2019\/12\/wlc_1224_03-768x432.png 768w, https:\/\/d2p6e6u75xmxt8.cloudfront.net\/12\/2019\/12\/wlc_1224_03.png 1920w, https:\/\/d2p6e6u75xmxt8.cloudfront.net\/12\/2019\/12\/wlc_1224_03-1920x1080.png 1920w\" sizes=\"auto, (max-width: 1024px) 100vw, 1024px\" \/><\/p>\n<h2><strong>K\u00e9rdezz b\u00e1tran!<\/strong><\/h2>\n<p>Mert v\u00e1laszolunk. Seg\u00edt\u00fcnk egym\u00e1snak, hogy megtal\u00e1ld a megfelel\u0151 lakatot, megtanuld m\u00e1sok hib\u00e1ib\u00f3l, hogy hol ne hagyd mag\u00e1ra a biciklid, hogy hol tal\u00e1lsz hozz\u00e1d passzol\u00f3 ruh\u00e1t, \u00e9s ami a legfontosabb, hogy mi\u00e9rt menj ki ma is \u00e9s nyomd le a napi edz\u00e9sed. K\u00f6z\u00f6ss\u00e9get alkottok \u00e9s erre b\u00fcszk\u00e9k lehettek! Mindenki hozzon m\u00e9g egy embert a bring\u00e1sok vil\u00e1g\u00e1ba!<\/p>\n<p><strong>Rem\u00e9lj\u00fck siker\u00fclt egy\u00fctt legy\u0151zn\u00fcnk minden kifog\u00e1st \u00e9s t\u00e9len sem teszitek el a bicikliket a gar\u00e1zsba!<\/strong><\/p>\n","protected":false},"excerpt":{"rendered":"<p>Ha igaz\u00e1n nagy dolgokat szeretn\u00e9nk el\u00e9rni, magunkban kell keresni motiv\u00e1ci\u00f3t, de persze nem \u00e1rt a seg\u00edts\u00e9g. Ez\u00e9rt j\u00f6nnek l\u00e9tre k\u00f6z\u00f6ss\u00e9gek, [&hellip;]<\/p>\n","protected":false},"author":71,"featured_media":6318,"comment_status":"open","ping_status":"open","sticky":false,"template":"","format":"standard","meta":{"footnotes":""},"categories":[12],"tags":[],"global-categories":[],"class_list":["post-6315","post","type-post","status-publish","format-standard","has-post-thumbnail","hentry","category-kozosseg-es-kultura"],"yoast_head":"<!-- This site is optimized with the Yoast SEO Premium plugin v25.3 (Yoast SEO v25.9) - https:\/\/yoast.com\/wordpress\/plugins\/seo\/ -->\n<title>Nincs kifog\u00e1s! \u2013 Ti \u00edrt\u00e1tok - \u0160koda We Love Cycling - Magyarorsz\u00e1g<\/title>\n<meta name=\"robots\" content=\"index, follow, max-snippet:-1, max-image-preview:large, max-video-preview:-1\" \/>\n<link rel=\"canonical\" href=\"https:\/\/www.welovecycling.com\/hu\/kozosseg-es-kultura\/nincs-kifogas-ti-irtatok\/\" \/>\n<meta property=\"og:locale\" content=\"hu_HU\" \/>\n<meta property=\"og:type\" content=\"article\" \/>\n<meta property=\"og:title\" content=\"Nincs kifog\u00e1s! \u2013 Ti \u00edrt\u00e1tok\" \/>\n<meta property=\"og:description\" content=\"Ha igaz\u00e1n nagy dolgokat szeretn\u00e9nk el\u00e9rni, magunkban kell keresni motiv\u00e1ci\u00f3t, de persze nem \u00e1rt a seg\u00edts\u00e9g. Ez\u00e9rt j\u00f6nnek l\u00e9tre k\u00f6z\u00f6ss\u00e9gek, [&hellip;]\" \/>\n<meta property=\"og:url\" content=\"https:\/\/www.welovecycling.com\/hu\/kozosseg-es-kultura\/nincs-kifogas-ti-irtatok\/\" \/>\n<meta property=\"og:site_name\" content=\"\u0160koda We Love Cycling - Magyarorsz\u00e1g\" \/>\n<meta property=\"article:publisher\" content=\"https:\/\/www.facebook.com\/WeLoveCyclingHungary\/\" \/>\n<meta property=\"article:published_time\" content=\"2019-12-24T07:00:29+00:00\" \/>\n<meta property=\"og:image\" content=\"https:\/\/d2p6e6u75xmxt8.cloudfront.net\/12\/2019\/12\/bicycle-1869176_1280.jpg\" \/>\n\t<meta property=\"og:image:width\" content=\"1280\" \/>\n\t<meta property=\"og:image:height\" content=\"850\" \/>\n\t<meta property=\"og:image:type\" content=\"image\/jpeg\" \/>\n<meta name=\"author\" content=\"hegyizs\" \/>\n<meta name=\"twitter:card\" content=\"summary_large_image\" \/>\n<meta name=\"twitter:label1\" content=\"Written by\" \/>\n\t<meta name=\"twitter:data1\" content=\"hegyizs\" \/>\n\t<meta name=\"twitter:label2\" content=\"Est. reading time\" \/>\n\t<meta name=\"twitter:data2\" content=\"2 minutes\" \/>\n<script type=\"application\/ld+json\" class=\"yoast-schema-graph\">{\"@context\":\"https:\/\/schema.org\",\"@graph\":[{\"@type\":\"WebPage\",\"@id\":\"https:\/\/www.welovecycling.com\/hu\/kozosseg-es-kultura\/nincs-kifogas-ti-irtatok\/\",\"url\":\"https:\/\/www.welovecycling.com\/hu\/kozosseg-es-kultura\/nincs-kifogas-ti-irtatok\/\",\"name\":\"Nincs kifog\u00e1s! \u2013 Ti \u00edrt\u00e1tok - \u0160koda We Love Cycling - Magyarorsz\u00e1g\",\"isPartOf\":{\"@id\":\"https:\/\/www.welovecycling.com\/hu\/#website\"},\"primaryImageOfPage\":{\"@id\":\"https:\/\/www.welovecycling.com\/hu\/kozosseg-es-kultura\/nincs-kifogas-ti-irtatok\/#primaryimage\"},\"image\":{\"@id\":\"https:\/\/www.welovecycling.com\/hu\/kozosseg-es-kultura\/nincs-kifogas-ti-irtatok\/#primaryimage\"},\"thumbnailUrl\":\"https:\/\/d2p6e6u75xmxt8.cloudfront.net\/12\/2019\/12\/bicycle-1869176_1280.jpg\",\"datePublished\":\"2019-12-24T07:00:29+00:00\",\"author\":{\"@id\":\"https:\/\/www.welovecycling.com\/hu\/#\/schema\/person\/414a2aebf1801691a5320edb6468e194\"},\"breadcrumb\":{\"@id\":\"https:\/\/www.welovecycling.com\/hu\/kozosseg-es-kultura\/nincs-kifogas-ti-irtatok\/#breadcrumb\"},\"inLanguage\":\"hu\",\"potentialAction\":[{\"@type\":\"ReadAction\",\"target\":[\"https:\/\/www.welovecycling.com\/hu\/kozosseg-es-kultura\/nincs-kifogas-ti-irtatok\/\"]}]},{\"@type\":\"ImageObject\",\"inLanguage\":\"hu\",\"@id\":\"https:\/\/www.welovecycling.com\/hu\/kozosseg-es-kultura\/nincs-kifogas-ti-irtatok\/#primaryimage\",\"url\":\"https:\/\/d2p6e6u75xmxt8.cloudfront.net\/12\/2019\/12\/bicycle-1869176_1280.jpg\",\"contentUrl\":\"https:\/\/d2p6e6u75xmxt8.cloudfront.net\/12\/2019\/12\/bicycle-1869176_1280.jpg\",\"width\":1280,\"height\":850},{\"@type\":\"BreadcrumbList\",\"@id\":\"https:\/\/www.welovecycling.com\/hu\/kozosseg-es-kultura\/nincs-kifogas-ti-irtatok\/#breadcrumb\",\"itemListElement\":[{\"@type\":\"ListItem\",\"position\":1,\"name\":\"Home\",\"item\":\"https:\/\/www.welovecycling.com\/hu\/\"},{\"@type\":\"ListItem\",\"position\":2,\"name\":\"Nincs kifog\u00e1s! \u2013 Ti \u00edrt\u00e1tok\"}]},{\"@type\":\"WebSite\",\"@id\":\"https:\/\/www.welovecycling.com\/hu\/#website\",\"url\":\"https:\/\/www.welovecycling.com\/hu\/\",\"name\":\"\u0160koda We Love Cycling - Magyarorsz\u00e1g\",\"description\":\"\u0160koda WeLoveCycling\",\"potentialAction\":[{\"@type\":\"SearchAction\",\"target\":{\"@type\":\"EntryPoint\",\"urlTemplate\":\"https:\/\/www.welovecycling.com\/hu\/?s={search_term_string}\"},\"query-input\":{\"@type\":\"PropertyValueSpecification\",\"valueRequired\":true,\"valueName\":\"search_term_string\"}}],\"inLanguage\":\"hu\"},{\"@type\":\"Person\",\"@id\":\"https:\/\/www.welovecycling.com\/hu\/#\/schema\/person\/414a2aebf1801691a5320edb6468e194\",\"name\":\"hegyizs\",\"image\":{\"@type\":\"ImageObject\",\"inLanguage\":\"hu\",\"@id\":\"https:\/\/www.welovecycling.com\/hu\/#\/schema\/person\/image\/\",\"url\":\"https:\/\/secure.gravatar.com\/avatar\/02cf8a7906b8cf90cecb4679defac7cfd33a1c2e3b88e4903d947f3bb58eedd3?s=96&d=mm&r=g\",\"contentUrl\":\"https:\/\/secure.gravatar.com\/avatar\/02cf8a7906b8cf90cecb4679defac7cfd33a1c2e3b88e4903d947f3bb58eedd3?s=96&d=mm&r=g\",\"caption\":\"hegyizs\"},\"url\":\"https:\/\/www.welovecycling.com\/hu\/author\/hegyizs\/\"}]}<\/script>\n<!-- \/ Yoast SEO Premium plugin. -->","yoast_head_json":{"title":"Nincs kifog\u00e1s! \u2013 Ti \u00edrt\u00e1tok - \u0160koda We Love Cycling - Magyarorsz\u00e1g","robots":{"index":"index","follow":"follow","max-snippet":"max-snippet:-1","max-image-preview":"max-image-preview:large","max-video-preview":"max-video-preview:-1"},"canonical":"https:\/\/www.welovecycling.com\/hu\/kozosseg-es-kultura\/nincs-kifogas-ti-irtatok\/","og_locale":"hu_HU","og_type":"article","og_title":"Nincs kifog\u00e1s! \u2013 Ti \u00edrt\u00e1tok","og_description":"Ha igaz\u00e1n nagy dolgokat szeretn\u00e9nk el\u00e9rni, magunkban kell keresni motiv\u00e1ci\u00f3t, de persze nem \u00e1rt a seg\u00edts\u00e9g. Ez\u00e9rt j\u00f6nnek l\u00e9tre k\u00f6z\u00f6ss\u00e9gek, [&hellip;]","og_url":"https:\/\/www.welovecycling.com\/hu\/kozosseg-es-kultura\/nincs-kifogas-ti-irtatok\/","og_site_name":"\u0160koda We Love Cycling - Magyarorsz\u00e1g","article_publisher":"https:\/\/www.facebook.com\/WeLoveCyclingHungary\/","article_published_time":"2019-12-24T07:00:29+00:00","og_image":[{"width":1280,"height":850,"url":"https:\/\/d2p6e6u75xmxt8.cloudfront.net\/12\/2019\/12\/bicycle-1869176_1280.jpg","type":"image\/jpeg"}],"author":"hegyizs","twitter_card":"summary_large_image","twitter_misc":{"Written by":"hegyizs","Est. reading time":"2 minutes"},"schema":{"@context":"https:\/\/schema.org","@graph":[{"@type":"WebPage","@id":"https:\/\/www.welovecycling.com\/hu\/kozosseg-es-kultura\/nincs-kifogas-ti-irtatok\/","url":"https:\/\/www.welovecycling.com\/hu\/kozosseg-es-kultura\/nincs-kifogas-ti-irtatok\/","name":"Nincs kifog\u00e1s! \u2013 Ti \u00edrt\u00e1tok - \u0160koda We Love Cycling - Magyarorsz\u00e1g","isPartOf":{"@id":"https:\/\/www.welovecycling.com\/hu\/#website"},"primaryImageOfPage":{"@id":"https:\/\/www.welovecycling.com\/hu\/kozosseg-es-kultura\/nincs-kifogas-ti-irtatok\/#primaryimage"},"image":{"@id":"https:\/\/www.welovecycling.com\/hu\/kozosseg-es-kultura\/nincs-kifogas-ti-irtatok\/#primaryimage"},"thumbnailUrl":"https:\/\/d2p6e6u75xmxt8.cloudfront.net\/12\/2019\/12\/bicycle-1869176_1280.jpg","datePublished":"2019-12-24T07:00:29+00:00","author":{"@id":"https:\/\/www.welovecycling.com\/hu\/#\/schema\/person\/414a2aebf1801691a5320edb6468e194"},"breadcrumb":{"@id":"https:\/\/www.welovecycling.com\/hu\/kozosseg-es-kultura\/nincs-kifogas-ti-irtatok\/#breadcrumb"},"inLanguage":"hu","potentialAction":[{"@type":"ReadAction","target":["https:\/\/www.welovecycling.com\/hu\/kozosseg-es-kultura\/nincs-kifogas-ti-irtatok\/"]}]},{"@type":"ImageObject","inLanguage":"hu","@id":"https:\/\/www.welovecycling.com\/hu\/kozosseg-es-kultura\/nincs-kifogas-ti-irtatok\/#primaryimage","url":"https:\/\/d2p6e6u75xmxt8.cloudfront.net\/12\/2019\/12\/bicycle-1869176_1280.jpg","contentUrl":"https:\/\/d2p6e6u75xmxt8.cloudfront.net\/12\/2019\/12\/bicycle-1869176_1280.jpg","width":1280,"height":850},{"@type":"BreadcrumbList","@id":"https:\/\/www.welovecycling.com\/hu\/kozosseg-es-kultura\/nincs-kifogas-ti-irtatok\/#breadcrumb","itemListElement":[{"@type":"ListItem","position":1,"name":"Home","item":"https:\/\/www.welovecycling.com\/hu\/"},{"@type":"ListItem","position":2,"name":"Nincs kifog\u00e1s! \u2013 Ti \u00edrt\u00e1tok"}]},{"@type":"WebSite","@id":"https:\/\/www.welovecycling.com\/hu\/#website","url":"https:\/\/www.welovecycling.com\/hu\/","name":"\u0160koda We Love Cycling - Magyarorsz\u00e1g","description":"\u0160koda WeLoveCycling","potentialAction":[{"@type":"SearchAction","target":{"@type":"EntryPoint","urlTemplate":"https:\/\/www.welovecycling.com\/hu\/?s={search_term_string}"},"query-input":{"@type":"PropertyValueSpecification","valueRequired":true,"valueName":"search_term_string"}}],"inLanguage":"hu"},{"@type":"Person","@id":"https:\/\/www.welovecycling.com\/hu\/#\/schema\/person\/414a2aebf1801691a5320edb6468e194","name":"hegyizs","image":{"@type":"ImageObject","inLanguage":"hu","@id":"https:\/\/www.welovecycling.com\/hu\/#\/schema\/person\/image\/","url":"https:\/\/secure.gravatar.com\/avatar\/02cf8a7906b8cf90cecb4679defac7cfd33a1c2e3b88e4903d947f3bb58eedd3?s=96&d=mm&r=g","contentUrl":"https:\/\/secure.gravatar.com\/avatar\/02cf8a7906b8cf90cecb4679defac7cfd33a1c2e3b88e4903d947f3bb58eedd3?s=96&d=mm&r=g","caption":"hegyizs"},"url":"https:\/\/www.welovecycling.com\/hu\/author\/hegyizs\/"}]}},"_links":{"self":[{"href":"https:\/\/www.welovecycling.com\/hu\/wp-json\/wp\/v2\/posts\/6315","targetHints":{"allow":["GET"]}}],"collection":[{"href":"https:\/\/www.welovecycling.com\/hu\/wp-json\/wp\/v2\/posts"}],"about":[{"href":"https:\/\/www.welovecycling.com\/hu\/wp-json\/wp\/v2\/types\/post"}],"author":[{"embeddable":true,"href":"https:\/\/www.welovecycling.com\/hu\/wp-json\/wp\/v2\/users\/71"}],"replies":[{"embeddable":true,"href":"https:\/\/www.welovecycling.com\/hu\/wp-json\/wp\/v2\/comments?post=6315"}],"version-history":[{"count":1,"href":"https:\/\/www.welovecycling.com\/hu\/wp-json\/wp\/v2\/posts\/6315\/revisions"}],"predecessor-version":[{"id":6319,"href":"https:\/\/www.welovecycling.com\/hu\/wp-json\/wp\/v2\/posts\/6315\/revisions\/6319"}],"wp:featuredmedia":[{"embeddable":true,"href":"https:\/\/www.welovecycling.com\/hu\/wp-json\/wp\/v2\/media\/6318"}],"wp:attachment":[{"href":"https:\/\/www.welovecycling.com\/hu\/wp-json\/wp\/v2\/media?parent=6315"}],"wp:term":[{"taxonomy":"category","embeddable":true,"href":"https:\/\/www.welovecycling.com\/hu\/wp-json\/wp\/v2\/categories?post=6315"},{"taxonomy":"post_tag","embeddable":true,"href":"https:\/\/www.welovecycling.com\/hu\/wp-json\/wp\/v2\/tags?post=6315"},{"taxonomy":"global-categories","embeddable":true,"href":"https:\/\/www.welovecycling.com\/hu\/wp-json\/wp\/v2\/global-categories?post=6315"}],"curies":[{"name":"wp","href":"https:\/\/api.w.org\/{rel}","templated":true}]}}