{"id":6294,"date":"2019-12-28T08:00:25","date_gmt":"2019-12-28T07:00:25","guid":{"rendered":"https:\/\/www.welovecycling.com\/hu\/?p=6294"},"modified":"2019-12-19T14:45:30","modified_gmt":"2019-12-19T13:45:30","slug":"kerekparmuzeumok-amiket-latnod-kell","status":"publish","type":"post","link":"https:\/\/www.welovecycling.com\/hu\/kozosseg-es-kultura\/kerekparmuzeumok-amiket-latnod-kell\/","title":{"rendered":"Ker\u00e9kp\u00e1rm\u00fazeumok, amiket l\u00e1tnod kell"},"content":{"rendered":"<p><strong>Kev\u00e9s nagyobb \u00e9lm\u00e9ny van ann\u00e1l, mint amikor olyan sz\u00e1z \u00e9ves bring\u00e1kat l\u00e1thatsz, amik valaha t\u00e9nyleg az utc\u00e1kon gurultak. Rengeteg biciklis m\u00fazeum l\u00e9tezik, de csak n\u00e9h\u00e1nyat \u00e9rdemes igaz\u00e1n megl\u00e1togatni. Kiv\u00e1lasztottuk neked azokat, amiket fel kell \u00edrnod az utaz\u00f3s list\u00e1dra!<\/strong><\/p>\n<p><!--more--><\/p>\n<h2><strong>Koers: a ker\u00e9kp\u00e1rversenyek m\u00fazeuma<br \/>\n<\/strong><\/h2>\n<p>Belgium, Roeselare<br \/>\nBel\u00e9p\u00e9si d\u00edj: 7 euro<br \/>\n<a href=\"https:\/\/koersmuseum.be\/nl\">koersmuseum.be<\/a><\/p>\n<p>https:\/\/www.instagram.com\/p\/B4hNB9VpKsZ\/?utm_source=ig_web_copy_link<\/p>\n<p>Ha meg kellene nevezn\u00fcnk egy ker\u00e9kp\u00e1ros hagyom\u00e1nyokat \u0151rz\u0151 orsz\u00e1got, Belgium lenne az. Belgiumban minden van: trad\u00edci\u00f3k, t\u00f6rt\u00e9nelem, h\u0151s\u00f6k \u00e9s m\u00e1rk\u00e1k. Roeselare v\u00e1rosa nem kevesebb, mint n\u00e9gy vil\u00e1gbajnokkal b\u00fcszk\u00e9lkedhet: Benoni Beheyt-tel, Patrick Sercuval, Jean-Pierre Monser\u00e9vel, \u00e9s Freddy Maertens-vel. A Koers m\u00fazeum hat f\u0151 r\u00e9szlegre oszlik. A Vil\u00e1gbajnokok terme mindenf\u00e9le \u00e9s fajta biciklit bemutat, az els\u0151 \u201efut\u00f3s\u201d j\u00e1rg\u00e1nyokt\u00f3l kezdve a fixikig, illetve a kuri\u00f3zumnak sz\u00e1m\u00edt\u00f3 t\u00f6rt\u00e9nelmi jelent\u0151s\u00e9g\u0171 biciklikt\u0151l a cyclo-crossokig. A tet\u0151t\u00e9r ad otthont a Versenyz\u00e9s ki\u00e1ll\u00edt\u00e1snak, ahol v\u00e1laszt tal\u00e1lsz minden k\u00e9rd\u00e9sre, ami a ker\u00e9kp\u00e1ros kult\u00far\u00e1val, tudom\u00e1nyokkal, h\u00e1bor\u00fakkal, elk\u00f6telez\u0151d\u00e9ssel, \u00e9rzelmekkel \u00e9s kereskedelemmel kapcsolatos. Az \u201eAllez Jempi\u201d r\u00e9szleg a fiatal Vil\u00e1gbajnok el\u0151tt tiszteleg, akit nemzeti h\u0151sk\u00e9nt \u00fcnnepeltek a belg\u00e1k. A bajnok egy \u00e9vvel sikere ut\u00e1n egy tragikus balesetben elhunyt. A \u201eGy\u00e1rt\u00e1s \u00e9s Tudom\u00e1ny\u201d ki\u00e1ll\u00edt\u00e1s pedig egyszerre sz\u00f3rakoztat \u00e9s tan\u00edt. A nyilv\u00e1nos lerakat pedig a 40 leg\u00e9rdekesebb versenybring\u00e1t sorakoztatja fel.<\/p>\n<h2><strong>Nemzeti Ker\u00e9kp\u00e1r M\u00fazeum<\/strong><\/h2>\n<p>Hollandia, Nimwegen<br \/>\nBel\u00e9p\u00e9si d\u00edj: 6 euro<br \/>\n<a href=\"https:\/\/velorama.nl\">velorama.nl\/<\/a><\/p>\n<p>Az angol nyelv\u0171 weboldal hi\u00e1ny\u00e1nak ellen\u00e9re maga a Velorama ki\u00e1ll\u00edt\u00e1s nagyon szeretnival\u00f3. Az egyetlen holland bringam\u00fazeum hatalmas k\u00fcl\u00f6nleges bicikli-gy\u0171jtem\u00e9nnyel rendelkezik, t\u00f6bbek k\u00f6z\u00f6tt mag\u00e1\u00e9nak tudhat p\u00e1r eredeti hajt\u00e1nyt (drezin\u00e1t), velocip\u00e9det \u00e9s f\u00e1b\u00f3l k\u00e9sz\u00fclt ker\u00e9kp\u00e1rt is. Bemutatja azokat a j\u00e1rm\u0171veket is, melyeket a holland kir\u00e1lyi csal\u00e1d haszn\u00e1lt, illetve azt a h\u00edres bring\u00e1t, amivel Wim van Est lezuhant egy 70 m\u00e9ter m\u00e9ly szurdokba az 1951-es Tour de France-on. Csod\u00e1val hat\u00e1ros m\u00f3don t\u00fal\u00e9lte az es\u00e9st \u00e9s a n\u00e9z\u0151k seg\u00edts\u00e9g\u00e9vel visszat\u00e9rt az \u00fatra, hogy \u00fajra \u00e1tvegye a vezet\u00e9st, azonban v\u00e9g\u00fcl meggy\u0151zt\u00e9k, hogy menjen k\u00f3rh\u00e1zba. Emellett a m\u00fazeumban l\u00e1thatsz j\u00e1t\u00e9kokat, kieg\u00e9sz\u00edt\u0151ket, l\u00e1mp\u00e1kat, eredeti plak\u00e1tokat \u00e9s festett feliratokat is.<\/p>\n<h2><strong>Nemzeti Biciklim\u00fazeum<\/strong><\/h2>\n<p>UK, Wales, Llandrindod Well<br \/>\nBel\u00e9p\u00e9si d\u00edj: 5 font<br \/>\n<a href=\"https:\/\/www.cyclemuseum.org.uk\">www.cyclemuseum.org.uk<\/a><\/p>\n<p>https:\/\/www.instagram.com\/p\/BnlWgXxHjTs\/?utm_source=ig_web_copy_link<\/p>\n<p>Nemcsak Nagy-Britanni\u00e1ban a vezet\u0151 m\u00fazeum, hanem az eg\u00e9sz vil\u00e1gon is. A gy\u0171jtem\u00e9nye t\u00f6bb mint 260 ker\u00e9kp\u00e1rb\u00f3l \u00e1ll, k\u00f6zt\u00fck egy 1818-as Hobby Horse-szal, viktori\u00e1nus t\u00f6m\u00f6rkerek\u0171 g\u00e9pekkel, klasszikus lightweight bring\u00e1kkal \u00e9s a legmodernebb karbonsz\u00e1las modellekkel. Van itt olyan bicikli, ami teljesen m\u0171anyagb\u00f3l k\u00e9sz\u00fclt; drezina, ami a londoni Johnson-m\u0171helyben sz\u00fcletett meg 1818-ban, fa v\u00e1zzal \u00e9s kerekekkel; motorbicikli, apr\u00f3 motorral az \u00fcl\u00e9s m\u00f6g\u00e9 rejtve; a nem t\u00fal n\u00e9pszer\u0171 csontt\u00f6r\u0151 a p\u00e1rizsi Pierre Michaux-t\u00f3l, aki a vaskerekeket alak\u00edtotta \u00e1t f\u00e1v\u00e1;\u00a0 sok-sok velocip\u00e9d, melyeket k\u00f6r\u00fclbel\u00fcl 400.000 ember haszn\u00e1lt annak idej\u00e9n; n\u0151i triciklik a 19. sz\u00e1zadb\u00f3l, amikor a n\u0151k nem haszn\u00e1lhattak k\u00e9tkerek\u0171t, egy furcsa oldalkocsi 1930-b\u00f3l, \u00e9s m\u00e9g sok egy\u00e9b.<\/p>\n<h2><strong>A D\u00e1n Ker\u00e9kp\u00e1r M\u00fazeum<\/strong><\/h2>\n<p>D\u00e1nia, Aalestrup<br \/>\n<a href=\"http:\/\/www.cykelmuseum.dk\/\"><strong>http:\/\/www.cykelmuseum.dk<\/strong><\/a><\/p>\n<p>Nem meglep\u0151, hogy D\u00e1nia, egy m\u00e1sik nagy biciklis nemzet is rendelkezik m\u00fazeummal. Az egyetlen skandin\u00e1v ki\u00e1ll\u00edt\u00f3terem Aalestrupban tal\u00e1lhat\u00f3. C\u00e9lja, hogy megmutassa a k\u00f6z\u00f6ns\u00e9g\u00e9nek, hogy hogyan fejl\u0151d\u00f6tt a ker\u00e9kp\u00e1roz\u00e1s technol\u00f3gi\u00e1ja. Az egyedi gy\u0171jtem\u00e9ny t\u00f6bb mint 200 db biciklit foglal mag\u00e1ban a fa j\u00e1rm\u0171vekt\u0151l a velocip\u00e9deken \u00e1t a mai j\u00f3l ismert m\u00e1rk\u00e1kig. Emellett az elm\u00falt 150 \u00e9v furcsa fejleszt\u00e9si k\u00eds\u00e9rleteire is mutat p\u00e9ld\u00e1kat. Ha m\u00e1r teljesen eltelt\u00e9l biciklikkel, megn\u00e9zheted az \u0151sr\u00e9gi varr\u00f3g\u00e9peket, kerekessz\u00e9keket \u00e9s r\u00e1di\u00f3kat. A m\u00fazeum m\u00e1just\u00f3l szeptemberig tart nyitva, \u00edgy egy ny\u00e1ri kiruccan\u00e1sba tudj\u00e1tok beiktatni.<\/p>\n<h2><strong>A N\u00e9met Ker\u00e9kp\u00e1ros M\u00fazeum<\/strong><\/h2>\n<p>N\u00e9metorsz\u00e1g, Bad Br\u00fcckenau<br \/>\nBel\u00e9p\u00e9si d\u00edj: 6 euro<br \/>\n<a href=\"http:\/\/www.deutsches-fahrradmuseum.de\">www.deutsches-fahrradmuseum.de<\/a><\/p>\n<p>https:\/\/www.instagram.com\/p\/Bn-5V2viS4B\/<\/p>\n<p>A N\u00e9met Ker\u00e9kp\u00e1r M\u00fazeum 2004-ben nyitotta meg kapuit Bad Br\u00fcckenauban. Az\u00f3ta a legsz\u00e9lesebb gy\u0171jtem\u00e9nnyel rendelkezik az orsz\u00e1gban t\u00f6rt\u00e9nelmi ker\u00e9kp\u00e1rok ter\u00e9n. A ki\u00e1ll\u00edt\u00e1s 230 j\u00e1rm\u0171nek ad otthont, k\u00e9t szinten, m\u00e9gpedig egy bringa\u0151r\u00fclt Ivan Sojc j\u00f3volt\u00e1b\u00f3l. A m\u00fazeum a N\u00e9metorsz\u00e1gi-sz\u00fclet\u00e9s\u0171 Baron von Drais tisztelet\u00e9re alapult, aki a fut\u00f3biciklik megalkot\u00e1s\u00e1val \u00e9rt el hatalmas \u00e1tt\u00f6r\u00e9st a k\u00f6zleked\u00e9sben, lehet\u0151v\u00e9 t\u00e9ve a gyors halad\u00e1st egyed\u00fcl az emberi er\u0151t felhaszn\u00e1lva. A t\u00faravezet\u00e9sen k\u00edv\u00fcl a m\u00fazeum alkalmank\u00e9nt esem\u00e9nyeket is szervez.<\/p>\n<h2><strong>\u00c9szt Ker\u00e9kp\u00e1r M\u00fazeum<\/strong><\/h2>\n<p>\u00c9sztorsz\u00e1g, V\u00e4\u00e4tsa<br \/>\nBel\u00e9p\u00e9si d\u00edj: 5 euro<br \/>\n<a href=\"http:\/\/www.velomuseum.ee\/\">www.velomuseum.ee<\/a><\/p>\n<p>Az \u00e9szt m\u00fazeum V\u00e4\u00e4tsa v\u00e1ros\u00e1ban tal\u00e1lhat\u00f3 egy t\u00f6rt\u00e9nelmi jelent\u0151s\u00e9g\u0171 \u00e9p\u00fcletben, mely egy k\u00f6z\u00e9pkori tavern\u00e1b\u00f3l lett \u00e1talak\u00edtva 1893-ben. A kollekci\u00f3 megk\u00f6zel\u00edt\u0151leg 100 biciklib\u0151l \u00e1ll. A m\u00fazeum legink\u00e1bb \u00f6t t\u00e9m\u00e1t fe le: az 1980-as \u00e9vek el\u0151tti j\u00e1rm\u0171veket, t\u00f6rt\u00e9nelmi fot\u00f3kat a m\u00e1sodik vil\u00e1gh\u00e1bor\u00fa el\u0151tti id\u0151szakr\u00f3l, az \u00e9szt bring\u00e1z\u00e1s t\u00f6rt\u00e9net\u00e9t a Szovjet Uni\u00f3 buk\u00e1s\u00e1ig, illetve az 1890-es \u00e9s az 1940-es \u00e9szt ipar \u00f6sszefoglal\u00f3j\u00e1t. A helyi j\u00e1rm\u0171v\u00f6k\u00f6n k\u00edv\u00fcl rengeteg n\u00e9met \u00e9s sv\u00e9d bring\u00e1t is tal\u00e1lsz n\u00e1luk.<\/p>\n","protected":false},"excerpt":{"rendered":"<p>Kev\u00e9s nagyobb \u00e9lm\u00e9ny van ann\u00e1l, mint amikor olyan sz\u00e1z \u00e9ves bring\u00e1kat l\u00e1thatsz, amik valaha t\u00e9nyleg az utc\u00e1kon gurultak. Rengeteg biciklis [&hellip;]<\/p>\n","protected":false},"author":71,"featured_media":6298,"comment_status":"open","ping_status":"open","sticky":false,"template":"","format":"standard","meta":{"footnotes":""},"categories":[12],"tags":[],"global-categories":[],"class_list":["post-6294","post","type-post","status-publish","format-standard","has-post-thumbnail","hentry","category-kozosseg-es-kultura"],"yoast_head":"<!-- This site is optimized with the Yoast SEO Premium plugin v25.3 (Yoast SEO v25.9) - https:\/\/yoast.com\/wordpress\/plugins\/seo\/ -->\n<title>Ker\u00e9kp\u00e1rm\u00fazeumok, amiket l\u00e1tnod kell - \u0160koda We Love Cycling - Magyarorsz\u00e1g<\/title>\n<meta name=\"robots\" content=\"index, follow, max-snippet:-1, max-image-preview:large, max-video-preview:-1\" \/>\n<link rel=\"canonical\" href=\"https:\/\/www.welovecycling.com\/hu\/kozosseg-es-kultura\/kerekparmuzeumok-amiket-latnod-kell\/\" \/>\n<meta property=\"og:locale\" content=\"hu_HU\" \/>\n<meta property=\"og:type\" content=\"article\" \/>\n<meta property=\"og:title\" content=\"Ker\u00e9kp\u00e1rm\u00fazeumok, amiket l\u00e1tnod kell\" \/>\n<meta property=\"og:description\" content=\"Kev\u00e9s nagyobb \u00e9lm\u00e9ny van ann\u00e1l, mint amikor olyan sz\u00e1z \u00e9ves bring\u00e1kat l\u00e1thatsz, amik valaha t\u00e9nyleg az utc\u00e1kon gurultak. Rengeteg biciklis [&hellip;]\" \/>\n<meta property=\"og:url\" content=\"https:\/\/www.welovecycling.com\/hu\/kozosseg-es-kultura\/kerekparmuzeumok-amiket-latnod-kell\/\" \/>\n<meta property=\"og:site_name\" content=\"\u0160koda We Love Cycling - Magyarorsz\u00e1g\" \/>\n<meta property=\"article:publisher\" content=\"https:\/\/www.facebook.com\/WeLoveCyclingHungary\/\" \/>\n<meta property=\"article:published_time\" content=\"2019-12-28T07:00:25+00:00\" \/>\n<meta property=\"og:image\" content=\"https:\/\/d2p6e6u75xmxt8.cloudfront.net\/12\/2019\/12\/bicycle-museum-profimedia-0257119914-CVR.jpg\" \/>\n\t<meta property=\"og:image:width\" content=\"1366\" \/>\n\t<meta property=\"og:image:height\" content=\"600\" \/>\n\t<meta property=\"og:image:type\" content=\"image\/jpeg\" \/>\n<meta name=\"author\" content=\"hegyizs\" \/>\n<meta name=\"twitter:card\" content=\"summary_large_image\" \/>\n<meta name=\"twitter:label1\" content=\"Written by\" \/>\n\t<meta name=\"twitter:data1\" content=\"Adam Marsal\" \/>\n\t<meta name=\"twitter:label2\" content=\"Est. reading time\" \/>\n\t<meta name=\"twitter:data2\" content=\"5\" \/>\n<script type=\"application\/ld+json\" class=\"yoast-schema-graph\">{\"@context\":\"https:\/\/schema.org\",\"@graph\":[{\"@type\":\"WebPage\",\"@id\":\"https:\/\/www.welovecycling.com\/hu\/kozosseg-es-kultura\/kerekparmuzeumok-amiket-latnod-kell\/\",\"url\":\"https:\/\/www.welovecycling.com\/hu\/kozosseg-es-kultura\/kerekparmuzeumok-amiket-latnod-kell\/\",\"name\":\"Ker\u00e9kp\u00e1rm\u00fazeumok, amiket l\u00e1tnod kell - \u0160koda We Love Cycling - Magyarorsz\u00e1g\",\"isPartOf\":{\"@id\":\"https:\/\/www.welovecycling.com\/hu\/#website\"},\"primaryImageOfPage\":{\"@id\":\"https:\/\/www.welovecycling.com\/hu\/kozosseg-es-kultura\/kerekparmuzeumok-amiket-latnod-kell\/#primaryimage\"},\"image\":{\"@id\":\"https:\/\/www.welovecycling.com\/hu\/kozosseg-es-kultura\/kerekparmuzeumok-amiket-latnod-kell\/#primaryimage\"},\"thumbnailUrl\":\"https:\/\/d2p6e6u75xmxt8.cloudfront.net\/12\/2019\/12\/bicycle-museum-profimedia-0257119914-CVR.jpg\",\"datePublished\":\"2019-12-28T07:00:25+00:00\",\"author\":{\"@id\":\"https:\/\/www.welovecycling.com\/hu\/#\/schema\/person\/414a2aebf1801691a5320edb6468e194\"},\"breadcrumb\":{\"@id\":\"https:\/\/www.welovecycling.com\/hu\/kozosseg-es-kultura\/kerekparmuzeumok-amiket-latnod-kell\/#breadcrumb\"},\"inLanguage\":\"hu\",\"potentialAction\":[{\"@type\":\"ReadAction\",\"target\":[\"https:\/\/www.welovecycling.com\/hu\/kozosseg-es-kultura\/kerekparmuzeumok-amiket-latnod-kell\/\"]}]},{\"@type\":\"ImageObject\",\"inLanguage\":\"hu\",\"@id\":\"https:\/\/www.welovecycling.com\/hu\/kozosseg-es-kultura\/kerekparmuzeumok-amiket-latnod-kell\/#primaryimage\",\"url\":\"https:\/\/d2p6e6u75xmxt8.cloudfront.net\/12\/2019\/12\/bicycle-museum-profimedia-0257119914-CVR.jpg\",\"contentUrl\":\"https:\/\/d2p6e6u75xmxt8.cloudfront.net\/12\/2019\/12\/bicycle-museum-profimedia-0257119914-CVR.jpg\",\"width\":1366,\"height\":600},{\"@type\":\"BreadcrumbList\",\"@id\":\"https:\/\/www.welovecycling.com\/hu\/kozosseg-es-kultura\/kerekparmuzeumok-amiket-latnod-kell\/#breadcrumb\",\"itemListElement\":[{\"@type\":\"ListItem\",\"position\":1,\"name\":\"Home\",\"item\":\"https:\/\/www.welovecycling.com\/hu\/\"},{\"@type\":\"ListItem\",\"position\":2,\"name\":\"Ker\u00e9kp\u00e1rm\u00fazeumok, amiket l\u00e1tnod kell\"}]},{\"@type\":\"WebSite\",\"@id\":\"https:\/\/www.welovecycling.com\/hu\/#website\",\"url\":\"https:\/\/www.welovecycling.com\/hu\/\",\"name\":\"\u0160koda We Love Cycling - Magyarorsz\u00e1g\",\"description\":\"\u0160koda WeLoveCycling\",\"potentialAction\":[{\"@type\":\"SearchAction\",\"target\":{\"@type\":\"EntryPoint\",\"urlTemplate\":\"https:\/\/www.welovecycling.com\/hu\/?s={search_term_string}\"},\"query-input\":{\"@type\":\"PropertyValueSpecification\",\"valueRequired\":true,\"valueName\":\"search_term_string\"}}],\"inLanguage\":\"hu\"},{\"@type\":\"Person\",\"@id\":\"https:\/\/www.welovecycling.com\/hu\/#\/schema\/person\/414a2aebf1801691a5320edb6468e194\",\"name\":\"hegyizs\",\"image\":{\"@type\":\"ImageObject\",\"inLanguage\":\"hu\",\"@id\":\"https:\/\/www.welovecycling.com\/hu\/#\/schema\/person\/image\/\",\"url\":\"https:\/\/secure.gravatar.com\/avatar\/02cf8a7906b8cf90cecb4679defac7cfd33a1c2e3b88e4903d947f3bb58eedd3?s=96&d=mm&r=g\",\"contentUrl\":\"https:\/\/secure.gravatar.com\/avatar\/02cf8a7906b8cf90cecb4679defac7cfd33a1c2e3b88e4903d947f3bb58eedd3?s=96&d=mm&r=g\",\"caption\":\"hegyizs\"},\"url\":\"https:\/\/www.welovecycling.com\/hu\/author\/hegyizs\/\"}]}<\/script>\n<!-- \/ Yoast SEO Premium plugin. -->","yoast_head_json":{"title":"Ker\u00e9kp\u00e1rm\u00fazeumok, amiket l\u00e1tnod kell - \u0160koda We Love Cycling - Magyarorsz\u00e1g","robots":{"index":"index","follow":"follow","max-snippet":"max-snippet:-1","max-image-preview":"max-image-preview:large","max-video-preview":"max-video-preview:-1"},"canonical":"https:\/\/www.welovecycling.com\/hu\/kozosseg-es-kultura\/kerekparmuzeumok-amiket-latnod-kell\/","og_locale":"hu_HU","og_type":"article","og_title":"Ker\u00e9kp\u00e1rm\u00fazeumok, amiket l\u00e1tnod kell","og_description":"Kev\u00e9s nagyobb \u00e9lm\u00e9ny van ann\u00e1l, mint amikor olyan sz\u00e1z \u00e9ves bring\u00e1kat l\u00e1thatsz, amik valaha t\u00e9nyleg az utc\u00e1kon gurultak. Rengeteg biciklis [&hellip;]","og_url":"https:\/\/www.welovecycling.com\/hu\/kozosseg-es-kultura\/kerekparmuzeumok-amiket-latnod-kell\/","og_site_name":"\u0160koda We Love Cycling - Magyarorsz\u00e1g","article_publisher":"https:\/\/www.facebook.com\/WeLoveCyclingHungary\/","article_published_time":"2019-12-28T07:00:25+00:00","og_image":[{"width":1366,"height":600,"url":"https:\/\/d2p6e6u75xmxt8.cloudfront.net\/12\/2019\/12\/bicycle-museum-profimedia-0257119914-CVR.jpg","type":"image\/jpeg"}],"author":"hegyizs","twitter_card":"summary_large_image","twitter_misc":{"Written by":"Adam Marsal","Est. reading time":"5"},"schema":{"@context":"https:\/\/schema.org","@graph":[{"@type":"WebPage","@id":"https:\/\/www.welovecycling.com\/hu\/kozosseg-es-kultura\/kerekparmuzeumok-amiket-latnod-kell\/","url":"https:\/\/www.welovecycling.com\/hu\/kozosseg-es-kultura\/kerekparmuzeumok-amiket-latnod-kell\/","name":"Ker\u00e9kp\u00e1rm\u00fazeumok, amiket l\u00e1tnod kell - \u0160koda We Love Cycling - Magyarorsz\u00e1g","isPartOf":{"@id":"https:\/\/www.welovecycling.com\/hu\/#website"},"primaryImageOfPage":{"@id":"https:\/\/www.welovecycling.com\/hu\/kozosseg-es-kultura\/kerekparmuzeumok-amiket-latnod-kell\/#primaryimage"},"image":{"@id":"https:\/\/www.welovecycling.com\/hu\/kozosseg-es-kultura\/kerekparmuzeumok-amiket-latnod-kell\/#primaryimage"},"thumbnailUrl":"https:\/\/d2p6e6u75xmxt8.cloudfront.net\/12\/2019\/12\/bicycle-museum-profimedia-0257119914-CVR.jpg","datePublished":"2019-12-28T07:00:25+00:00","author":{"@id":"https:\/\/www.welovecycling.com\/hu\/#\/schema\/person\/414a2aebf1801691a5320edb6468e194"},"breadcrumb":{"@id":"https:\/\/www.welovecycling.com\/hu\/kozosseg-es-kultura\/kerekparmuzeumok-amiket-latnod-kell\/#breadcrumb"},"inLanguage":"hu","potentialAction":[{"@type":"ReadAction","target":["https:\/\/www.welovecycling.com\/hu\/kozosseg-es-kultura\/kerekparmuzeumok-amiket-latnod-kell\/"]}]},{"@type":"ImageObject","inLanguage":"hu","@id":"https:\/\/www.welovecycling.com\/hu\/kozosseg-es-kultura\/kerekparmuzeumok-amiket-latnod-kell\/#primaryimage","url":"https:\/\/d2p6e6u75xmxt8.cloudfront.net\/12\/2019\/12\/bicycle-museum-profimedia-0257119914-CVR.jpg","contentUrl":"https:\/\/d2p6e6u75xmxt8.cloudfront.net\/12\/2019\/12\/bicycle-museum-profimedia-0257119914-CVR.jpg","width":1366,"height":600},{"@type":"BreadcrumbList","@id":"https:\/\/www.welovecycling.com\/hu\/kozosseg-es-kultura\/kerekparmuzeumok-amiket-latnod-kell\/#breadcrumb","itemListElement":[{"@type":"ListItem","position":1,"name":"Home","item":"https:\/\/www.welovecycling.com\/hu\/"},{"@type":"ListItem","position":2,"name":"Ker\u00e9kp\u00e1rm\u00fazeumok, amiket l\u00e1tnod kell"}]},{"@type":"WebSite","@id":"https:\/\/www.welovecycling.com\/hu\/#website","url":"https:\/\/www.welovecycling.com\/hu\/","name":"\u0160koda We Love Cycling - Magyarorsz\u00e1g","description":"\u0160koda WeLoveCycling","potentialAction":[{"@type":"SearchAction","target":{"@type":"EntryPoint","urlTemplate":"https:\/\/www.welovecycling.com\/hu\/?s={search_term_string}"},"query-input":{"@type":"PropertyValueSpecification","valueRequired":true,"valueName":"search_term_string"}}],"inLanguage":"hu"},{"@type":"Person","@id":"https:\/\/www.welovecycling.com\/hu\/#\/schema\/person\/414a2aebf1801691a5320edb6468e194","name":"hegyizs","image":{"@type":"ImageObject","inLanguage":"hu","@id":"https:\/\/www.welovecycling.com\/hu\/#\/schema\/person\/image\/","url":"https:\/\/secure.gravatar.com\/avatar\/02cf8a7906b8cf90cecb4679defac7cfd33a1c2e3b88e4903d947f3bb58eedd3?s=96&d=mm&r=g","contentUrl":"https:\/\/secure.gravatar.com\/avatar\/02cf8a7906b8cf90cecb4679defac7cfd33a1c2e3b88e4903d947f3bb58eedd3?s=96&d=mm&r=g","caption":"hegyizs"},"url":"https:\/\/www.welovecycling.com\/hu\/author\/hegyizs\/"}]}},"_links":{"self":[{"href":"https:\/\/www.welovecycling.com\/hu\/wp-json\/wp\/v2\/posts\/6294","targetHints":{"allow":["GET"]}}],"collection":[{"href":"https:\/\/www.welovecycling.com\/hu\/wp-json\/wp\/v2\/posts"}],"about":[{"href":"https:\/\/www.welovecycling.com\/hu\/wp-json\/wp\/v2\/types\/post"}],"author":[{"embeddable":true,"href":"https:\/\/www.welovecycling.com\/hu\/wp-json\/wp\/v2\/users\/71"}],"replies":[{"embeddable":true,"href":"https:\/\/www.welovecycling.com\/hu\/wp-json\/wp\/v2\/comments?post=6294"}],"version-history":[{"count":2,"href":"https:\/\/www.welovecycling.com\/hu\/wp-json\/wp\/v2\/posts\/6294\/revisions"}],"predecessor-version":[{"id":6313,"href":"https:\/\/www.welovecycling.com\/hu\/wp-json\/wp\/v2\/posts\/6294\/revisions\/6313"}],"wp:featuredmedia":[{"embeddable":true,"href":"https:\/\/www.welovecycling.com\/hu\/wp-json\/wp\/v2\/media\/6298"}],"wp:attachment":[{"href":"https:\/\/www.welovecycling.com\/hu\/wp-json\/wp\/v2\/media?parent=6294"}],"wp:term":[{"taxonomy":"category","embeddable":true,"href":"https:\/\/www.welovecycling.com\/hu\/wp-json\/wp\/v2\/categories?post=6294"},{"taxonomy":"post_tag","embeddable":true,"href":"https:\/\/www.welovecycling.com\/hu\/wp-json\/wp\/v2\/tags?post=6294"},{"taxonomy":"global-categories","embeddable":true,"href":"https:\/\/www.welovecycling.com\/hu\/wp-json\/wp\/v2\/global-categories?post=6294"}],"curies":[{"name":"wp","href":"https:\/\/api.w.org\/{rel}","templated":true}]}}