{"id":6292,"date":"2019-12-27T08:00:36","date_gmt":"2019-12-27T07:00:36","guid":{"rendered":"https:\/\/www.welovecycling.com\/hu\/?p=6292"},"modified":"2019-12-19T14:44:35","modified_gmt":"2019-12-19T13:44:35","slug":"egy-biciklimanias-tokeletes-karacsonya","status":"publish","type":"post","link":"https:\/\/www.welovecycling.com\/hu\/kozosseg-es-kultura\/egy-biciklimanias-tokeletes-karacsonya\/","title":{"rendered":"Egy biciklim\u00e1ni\u00e1s t\u00f6k\u00e9letes kar\u00e1csonya"},"content":{"rendered":"<p>Mindenkinek megvannak a maga kar\u00e1csonyi k\u00edv\u00e1ns\u00e1gai. Valaki egy \u00faj farmert szeretne, m\u00e1s vil\u00e1gb\u00e9k\u00e9t. De hogy n\u00e9zne ki a t\u00f6k\u00e9letes \u00fcnnep a biciklisek sz\u00e1m\u00e1ra?<!--more--><br \/>\n1. A spandexet hivatalos keretek k\u00f6z\u00f6tt kinevezik a k\u00f6vetkez\u0151 \u00e9v legf\u00e9rfiasabb ruhanem\u0171j\u00e9v\u00e9.<\/p>\n<p>2. A rokonok v\u00e9gre meg\u00e9rtik a szemmel l\u00e1that\u00f3 k\u00fcl\u00f6nbs\u00e9get k\u00e9t k\u00fcl\u00f6nb\u00f6z\u0151 ker\u00e9kp\u00e1ros szett k\u00f6z\u00f6tt.<\/p>\n<p>3. Nincs t\u00f6bb\u00e9 duci T\u00e9lap\u00f3 piros mack\u00f3nadr\u00e1gban, aki tonn\u00e1nyi \u00e9dess\u00e9get hoz mag\u00e1val. A sz\u00e1n \u00e1tv\u00e1ltozik teheraut\u00f3v\u00e1, ami fels\u0151kateg\u00f3ri\u00e1s alkatr\u00e9szekkel van megrakva \u2013 azzal, hogy a Mikul\u00e1s hordja \u0151ket sz\u00e9t a v\u00e1rosban, nincs probl\u00e9m\u00e1nk.<\/p>\n<p>4. Mi\u00e9rt ne lehetne foly\u00e9konny\u00e1 tenni \u00e9s kis tasakokb\u00f3l, a nyeregben \u00fclve is k\u00f6nnyed\u00e9n kisz\u00fcrcs\u00f6lni a m\u00e9zeskal\u00e1csot, a cukork\u00e1kat \u00e9s a s\u00fctem\u00e9nyeket?<\/p>\n<p>5. Ahelyett, hogy a kanap\u00e9n elny\u00falva Hugh Grantet csod\u00e1ln\u00e1nk az Igaz\u00e1b\u00f3l Szerelemben, a filmes este Zwift virtu\u00e1lis val\u00f3s\u00e1gg\u00e1 avanzs\u00e1l.<\/p>\n<p>6. Minden \u00faton felt\u0171nik egy kijel\u00f6lt bringa\u00fat \u00e9s elt\u0171nnek az \u00fathib\u00e1k.<\/p>\n<p>7. Minden ker\u00e9kp\u00e1r-ellenes vadonat\u00faj bring\u00e1t tal\u00e1l a kar\u00e1csonyf\u00e1ja alatt.<\/p>\n<p>8. A p\u00e1rod megk\u00e9rdezi, hogy nem szeretn\u00e9d-e ha a biciklid \u00fcnnepi keretek k\u00f6z\u00f6tt helyet kapna a h\u00e1l\u00f3szob\u00e1ban.<\/p>\n<p>9. A biciklitolvajok arra \u00e9brednek, hogy az \u00f6sszes ujjuk elt\u0171nt, szerte a vil\u00e1gban.<\/p>\n<p>10. 2020-ra megtervezik a n\u0151i Tour de France-ot.<\/p>\n<p>11. Hatalmas tudom\u00e1nyos \u00e1tt\u00f6r\u00e9sk\u00e9nt kap sz\u00e1rnyra a h\u00edr, hogy a bicikliz\u00e9s n\u00f6veli a f\u00e9rfiak term\u00e9kenys\u00e9g\u00e9t.<\/p>\n<p>12. Nincs t\u00f6bb h\u00f3 t\u00e9len. A kar\u00e1csonyi id\u0151j\u00e1r\u00e1s mindenhol olyan lesz, mint Ibiz\u00e1n, Mallorc\u00e1n vagy Tenerif\u00e9n.<\/p>\n","protected":false},"excerpt":{"rendered":"<p>Mindenkinek megvannak a maga kar\u00e1csonyi k\u00edv\u00e1ns\u00e1gai. Valaki egy \u00faj farmert szeretne, m\u00e1s vil\u00e1gb\u00e9k\u00e9t. De hogy n\u00e9zne ki a t\u00f6k\u00e9letes \u00fcnnep [&hellip;]<\/p>\n","protected":false},"author":71,"featured_media":6293,"comment_status":"open","ping_status":"open","sticky":false,"template":"","format":"standard","meta":{"footnotes":""},"categories":[12],"tags":[],"global-categories":[],"class_list":["post-6292","post","type-post","status-publish","format-standard","has-post-thumbnail","hentry","category-kozosseg-es-kultura"],"yoast_head":"<!-- This site is optimized with the Yoast SEO Premium plugin v25.3 (Yoast SEO v25.9) - https:\/\/yoast.com\/wordpress\/plugins\/seo\/ -->\n<title>Egy biciklim\u00e1ni\u00e1s t\u00f6k\u00e9letes kar\u00e1csonya - \u0160koda We Love Cycling - Magyarorsz\u00e1g<\/title>\n<meta name=\"robots\" content=\"index, follow, max-snippet:-1, max-image-preview:large, max-video-preview:-1\" \/>\n<link rel=\"canonical\" href=\"https:\/\/www.welovecycling.com\/hu\/kozosseg-es-kultura\/egy-biciklimanias-tokeletes-karacsonya\/\" \/>\n<meta property=\"og:locale\" content=\"hu_HU\" \/>\n<meta property=\"og:type\" content=\"article\" \/>\n<meta property=\"og:title\" content=\"Egy biciklim\u00e1ni\u00e1s t\u00f6k\u00e9letes kar\u00e1csonya\" \/>\n<meta property=\"og:description\" content=\"Mindenkinek megvannak a maga kar\u00e1csonyi k\u00edv\u00e1ns\u00e1gai. Valaki egy \u00faj farmert szeretne, m\u00e1s vil\u00e1gb\u00e9k\u00e9t. De hogy n\u00e9zne ki a t\u00f6k\u00e9letes \u00fcnnep [&hellip;]\" \/>\n<meta property=\"og:url\" content=\"https:\/\/www.welovecycling.com\/hu\/kozosseg-es-kultura\/egy-biciklimanias-tokeletes-karacsonya\/\" \/>\n<meta property=\"og:site_name\" content=\"\u0160koda We Love Cycling - Magyarorsz\u00e1g\" \/>\n<meta property=\"article:publisher\" content=\"https:\/\/www.facebook.com\/WeLoveCyclingHungary\/\" \/>\n<meta property=\"article:published_time\" content=\"2019-12-27T07:00:36+00:00\" \/>\n<meta property=\"og:image\" content=\"https:\/\/d2p6e6u75xmxt8.cloudfront.net\/12\/2019\/12\/winter-christmas-profimedia-0486596874-CVR.jpg\" \/>\n\t<meta property=\"og:image:width\" content=\"1366\" \/>\n\t<meta property=\"og:image:height\" content=\"600\" \/>\n\t<meta property=\"og:image:type\" content=\"image\/jpeg\" \/>\n<meta name=\"author\" content=\"hegyizs\" \/>\n<meta name=\"twitter:card\" content=\"summary_large_image\" \/>\n<meta name=\"twitter:label1\" content=\"Written by\" \/>\n\t<meta name=\"twitter:data1\" content=\"Adam Mar\u0161\u00e1l\" \/>\n\t<meta name=\"twitter:label2\" content=\"Est. reading time\" \/>\n\t<meta name=\"twitter:data2\" content=\"3\" \/>\n<script type=\"application\/ld+json\" class=\"yoast-schema-graph\">{\"@context\":\"https:\/\/schema.org\",\"@graph\":[{\"@type\":\"WebPage\",\"@id\":\"https:\/\/www.welovecycling.com\/hu\/kozosseg-es-kultura\/egy-biciklimanias-tokeletes-karacsonya\/\",\"url\":\"https:\/\/www.welovecycling.com\/hu\/kozosseg-es-kultura\/egy-biciklimanias-tokeletes-karacsonya\/\",\"name\":\"Egy biciklim\u00e1ni\u00e1s t\u00f6k\u00e9letes kar\u00e1csonya - \u0160koda We Love Cycling - Magyarorsz\u00e1g\",\"isPartOf\":{\"@id\":\"https:\/\/www.welovecycling.com\/hu\/#website\"},\"primaryImageOfPage\":{\"@id\":\"https:\/\/www.welovecycling.com\/hu\/kozosseg-es-kultura\/egy-biciklimanias-tokeletes-karacsonya\/#primaryimage\"},\"image\":{\"@id\":\"https:\/\/www.welovecycling.com\/hu\/kozosseg-es-kultura\/egy-biciklimanias-tokeletes-karacsonya\/#primaryimage\"},\"thumbnailUrl\":\"https:\/\/d2p6e6u75xmxt8.cloudfront.net\/12\/2019\/12\/winter-christmas-profimedia-0486596874-CVR.jpg\",\"datePublished\":\"2019-12-27T07:00:36+00:00\",\"author\":{\"@id\":\"https:\/\/www.welovecycling.com\/hu\/#\/schema\/person\/414a2aebf1801691a5320edb6468e194\"},\"breadcrumb\":{\"@id\":\"https:\/\/www.welovecycling.com\/hu\/kozosseg-es-kultura\/egy-biciklimanias-tokeletes-karacsonya\/#breadcrumb\"},\"inLanguage\":\"hu\",\"potentialAction\":[{\"@type\":\"ReadAction\",\"target\":[\"https:\/\/www.welovecycling.com\/hu\/kozosseg-es-kultura\/egy-biciklimanias-tokeletes-karacsonya\/\"]}]},{\"@type\":\"ImageObject\",\"inLanguage\":\"hu\",\"@id\":\"https:\/\/www.welovecycling.com\/hu\/kozosseg-es-kultura\/egy-biciklimanias-tokeletes-karacsonya\/#primaryimage\",\"url\":\"https:\/\/d2p6e6u75xmxt8.cloudfront.net\/12\/2019\/12\/winter-christmas-profimedia-0486596874-CVR.jpg\",\"contentUrl\":\"https:\/\/d2p6e6u75xmxt8.cloudfront.net\/12\/2019\/12\/winter-christmas-profimedia-0486596874-CVR.jpg\",\"width\":1366,\"height\":600},{\"@type\":\"BreadcrumbList\",\"@id\":\"https:\/\/www.welovecycling.com\/hu\/kozosseg-es-kultura\/egy-biciklimanias-tokeletes-karacsonya\/#breadcrumb\",\"itemListElement\":[{\"@type\":\"ListItem\",\"position\":1,\"name\":\"Home\",\"item\":\"https:\/\/www.welovecycling.com\/hu\/\"},{\"@type\":\"ListItem\",\"position\":2,\"name\":\"Egy biciklim\u00e1ni\u00e1s t\u00f6k\u00e9letes kar\u00e1csonya\"}]},{\"@type\":\"WebSite\",\"@id\":\"https:\/\/www.welovecycling.com\/hu\/#website\",\"url\":\"https:\/\/www.welovecycling.com\/hu\/\",\"name\":\"\u0160koda We Love Cycling - Magyarorsz\u00e1g\",\"description\":\"\u0160koda WeLoveCycling\",\"potentialAction\":[{\"@type\":\"SearchAction\",\"target\":{\"@type\":\"EntryPoint\",\"urlTemplate\":\"https:\/\/www.welovecycling.com\/hu\/?s={search_term_string}\"},\"query-input\":{\"@type\":\"PropertyValueSpecification\",\"valueRequired\":true,\"valueName\":\"search_term_string\"}}],\"inLanguage\":\"hu\"},{\"@type\":\"Person\",\"@id\":\"https:\/\/www.welovecycling.com\/hu\/#\/schema\/person\/414a2aebf1801691a5320edb6468e194\",\"name\":\"hegyizs\",\"image\":{\"@type\":\"ImageObject\",\"inLanguage\":\"hu\",\"@id\":\"https:\/\/www.welovecycling.com\/hu\/#\/schema\/person\/image\/\",\"url\":\"https:\/\/secure.gravatar.com\/avatar\/02cf8a7906b8cf90cecb4679defac7cfd33a1c2e3b88e4903d947f3bb58eedd3?s=96&d=mm&r=g\",\"contentUrl\":\"https:\/\/secure.gravatar.com\/avatar\/02cf8a7906b8cf90cecb4679defac7cfd33a1c2e3b88e4903d947f3bb58eedd3?s=96&d=mm&r=g\",\"caption\":\"hegyizs\"},\"url\":\"https:\/\/www.welovecycling.com\/hu\/author\/hegyizs\/\"}]}<\/script>\n<!-- \/ Yoast SEO Premium plugin. -->","yoast_head_json":{"title":"Egy biciklim\u00e1ni\u00e1s t\u00f6k\u00e9letes kar\u00e1csonya - \u0160koda We Love Cycling - Magyarorsz\u00e1g","robots":{"index":"index","follow":"follow","max-snippet":"max-snippet:-1","max-image-preview":"max-image-preview:large","max-video-preview":"max-video-preview:-1"},"canonical":"https:\/\/www.welovecycling.com\/hu\/kozosseg-es-kultura\/egy-biciklimanias-tokeletes-karacsonya\/","og_locale":"hu_HU","og_type":"article","og_title":"Egy biciklim\u00e1ni\u00e1s t\u00f6k\u00e9letes kar\u00e1csonya","og_description":"Mindenkinek megvannak a maga kar\u00e1csonyi k\u00edv\u00e1ns\u00e1gai. Valaki egy \u00faj farmert szeretne, m\u00e1s vil\u00e1gb\u00e9k\u00e9t. De hogy n\u00e9zne ki a t\u00f6k\u00e9letes \u00fcnnep [&hellip;]","og_url":"https:\/\/www.welovecycling.com\/hu\/kozosseg-es-kultura\/egy-biciklimanias-tokeletes-karacsonya\/","og_site_name":"\u0160koda We Love Cycling - Magyarorsz\u00e1g","article_publisher":"https:\/\/www.facebook.com\/WeLoveCyclingHungary\/","article_published_time":"2019-12-27T07:00:36+00:00","og_image":[{"width":1366,"height":600,"url":"https:\/\/d2p6e6u75xmxt8.cloudfront.net\/12\/2019\/12\/winter-christmas-profimedia-0486596874-CVR.jpg","type":"image\/jpeg"}],"author":"hegyizs","twitter_card":"summary_large_image","twitter_misc":{"Written by":"Adam Mar\u0161\u00e1l","Est. reading time":"3"},"schema":{"@context":"https:\/\/schema.org","@graph":[{"@type":"WebPage","@id":"https:\/\/www.welovecycling.com\/hu\/kozosseg-es-kultura\/egy-biciklimanias-tokeletes-karacsonya\/","url":"https:\/\/www.welovecycling.com\/hu\/kozosseg-es-kultura\/egy-biciklimanias-tokeletes-karacsonya\/","name":"Egy biciklim\u00e1ni\u00e1s t\u00f6k\u00e9letes kar\u00e1csonya - \u0160koda We Love Cycling - Magyarorsz\u00e1g","isPartOf":{"@id":"https:\/\/www.welovecycling.com\/hu\/#website"},"primaryImageOfPage":{"@id":"https:\/\/www.welovecycling.com\/hu\/kozosseg-es-kultura\/egy-biciklimanias-tokeletes-karacsonya\/#primaryimage"},"image":{"@id":"https:\/\/www.welovecycling.com\/hu\/kozosseg-es-kultura\/egy-biciklimanias-tokeletes-karacsonya\/#primaryimage"},"thumbnailUrl":"https:\/\/d2p6e6u75xmxt8.cloudfront.net\/12\/2019\/12\/winter-christmas-profimedia-0486596874-CVR.jpg","datePublished":"2019-12-27T07:00:36+00:00","author":{"@id":"https:\/\/www.welovecycling.com\/hu\/#\/schema\/person\/414a2aebf1801691a5320edb6468e194"},"breadcrumb":{"@id":"https:\/\/www.welovecycling.com\/hu\/kozosseg-es-kultura\/egy-biciklimanias-tokeletes-karacsonya\/#breadcrumb"},"inLanguage":"hu","potentialAction":[{"@type":"ReadAction","target":["https:\/\/www.welovecycling.com\/hu\/kozosseg-es-kultura\/egy-biciklimanias-tokeletes-karacsonya\/"]}]},{"@type":"ImageObject","inLanguage":"hu","@id":"https:\/\/www.welovecycling.com\/hu\/kozosseg-es-kultura\/egy-biciklimanias-tokeletes-karacsonya\/#primaryimage","url":"https:\/\/d2p6e6u75xmxt8.cloudfront.net\/12\/2019\/12\/winter-christmas-profimedia-0486596874-CVR.jpg","contentUrl":"https:\/\/d2p6e6u75xmxt8.cloudfront.net\/12\/2019\/12\/winter-christmas-profimedia-0486596874-CVR.jpg","width":1366,"height":600},{"@type":"BreadcrumbList","@id":"https:\/\/www.welovecycling.com\/hu\/kozosseg-es-kultura\/egy-biciklimanias-tokeletes-karacsonya\/#breadcrumb","itemListElement":[{"@type":"ListItem","position":1,"name":"Home","item":"https:\/\/www.welovecycling.com\/hu\/"},{"@type":"ListItem","position":2,"name":"Egy biciklim\u00e1ni\u00e1s t\u00f6k\u00e9letes kar\u00e1csonya"}]},{"@type":"WebSite","@id":"https:\/\/www.welovecycling.com\/hu\/#website","url":"https:\/\/www.welovecycling.com\/hu\/","name":"\u0160koda We Love Cycling - Magyarorsz\u00e1g","description":"\u0160koda WeLoveCycling","potentialAction":[{"@type":"SearchAction","target":{"@type":"EntryPoint","urlTemplate":"https:\/\/www.welovecycling.com\/hu\/?s={search_term_string}"},"query-input":{"@type":"PropertyValueSpecification","valueRequired":true,"valueName":"search_term_string"}}],"inLanguage":"hu"},{"@type":"Person","@id":"https:\/\/www.welovecycling.com\/hu\/#\/schema\/person\/414a2aebf1801691a5320edb6468e194","name":"hegyizs","image":{"@type":"ImageObject","inLanguage":"hu","@id":"https:\/\/www.welovecycling.com\/hu\/#\/schema\/person\/image\/","url":"https:\/\/secure.gravatar.com\/avatar\/02cf8a7906b8cf90cecb4679defac7cfd33a1c2e3b88e4903d947f3bb58eedd3?s=96&d=mm&r=g","contentUrl":"https:\/\/secure.gravatar.com\/avatar\/02cf8a7906b8cf90cecb4679defac7cfd33a1c2e3b88e4903d947f3bb58eedd3?s=96&d=mm&r=g","caption":"hegyizs"},"url":"https:\/\/www.welovecycling.com\/hu\/author\/hegyizs\/"}]}},"_links":{"self":[{"href":"https:\/\/www.welovecycling.com\/hu\/wp-json\/wp\/v2\/posts\/6292","targetHints":{"allow":["GET"]}}],"collection":[{"href":"https:\/\/www.welovecycling.com\/hu\/wp-json\/wp\/v2\/posts"}],"about":[{"href":"https:\/\/www.welovecycling.com\/hu\/wp-json\/wp\/v2\/types\/post"}],"author":[{"embeddable":true,"href":"https:\/\/www.welovecycling.com\/hu\/wp-json\/wp\/v2\/users\/71"}],"replies":[{"embeddable":true,"href":"https:\/\/www.welovecycling.com\/hu\/wp-json\/wp\/v2\/comments?post=6292"}],"version-history":[{"count":2,"href":"https:\/\/www.welovecycling.com\/hu\/wp-json\/wp\/v2\/posts\/6292\/revisions"}],"predecessor-version":[{"id":6309,"href":"https:\/\/www.welovecycling.com\/hu\/wp-json\/wp\/v2\/posts\/6292\/revisions\/6309"}],"wp:featuredmedia":[{"embeddable":true,"href":"https:\/\/www.welovecycling.com\/hu\/wp-json\/wp\/v2\/media\/6293"}],"wp:attachment":[{"href":"https:\/\/www.welovecycling.com\/hu\/wp-json\/wp\/v2\/media?parent=6292"}],"wp:term":[{"taxonomy":"category","embeddable":true,"href":"https:\/\/www.welovecycling.com\/hu\/wp-json\/wp\/v2\/categories?post=6292"},{"taxonomy":"post_tag","embeddable":true,"href":"https:\/\/www.welovecycling.com\/hu\/wp-json\/wp\/v2\/tags?post=6292"},{"taxonomy":"global-categories","embeddable":true,"href":"https:\/\/www.welovecycling.com\/hu\/wp-json\/wp\/v2\/global-categories?post=6292"}],"curies":[{"name":"wp","href":"https:\/\/api.w.org\/{rel}","templated":true}]}}