{"id":6286,"date":"2019-12-26T08:00:52","date_gmt":"2019-12-26T07:00:52","guid":{"rendered":"https:\/\/www.welovecycling.com\/hu\/?p=6286"},"modified":"2019-12-19T14:42:18","modified_gmt":"2019-12-19T13:42:18","slug":"glasgowtol-manchesterig-karacsonyi-bringatura-hazafele","status":"publish","type":"post","link":"https:\/\/www.welovecycling.com\/hu\/kozosseg-es-kultura\/glasgowtol-manchesterig-karacsonyi-bringatura-hazafele\/","title":{"rendered":"Glasgowt\u00f3l Manchesterig: kar\u00e1csonyi bringat\u00fara hazafel\u00e9!"},"content":{"rendered":"<p><strong>nem az: k\u00e9t bar\u00e1t val\u00f3s\u00edtotta meg a v\u00e1szonra ill\u0151 kalandot. Claire Davis \u00e9s Rosie Baxendine Glasgowt\u00f3l Manchesterig tekert, december 19-t\u0151l 23-ig. A hossz\u00fa t\u00e1v\u00fa bring\u00e1sok pontosan \u00fagy terveztek haza\u00e9rni, hogy szinte azonnal bonthass\u00e1k az aj\u00e1nd\u00e9kokat. Idegenek kedvess\u00e9g\u00e9re t\u00e1maszkodtak, hogy sz\u00e1ll\u00e1shoz jussanak az \u00fat sor\u00e1n, \u00e9s persze adom\u00e1nyt is gy\u0171jt\u00f6ttek.<\/strong><!--more--><\/p>\n<p>A k\u00e9t bar\u00e1t akt\u00edv csoportvezet\u0151 \u00e9s amikor felfedezt\u00e9k a k\u00e9t v\u00e1ros k\u00f6z\u00f6tt bicikliutat, nem b\u00edrtak magukkal. A t\u00fara Rosie \u00f6tlete volt, de ahogy Claire a We Love Cycling csapat\u00e1nak mes\u00e9lte: mindketten le szerett\u00e9k volna nyomni \u00e9s azt gondolt\u00e1k: mi\u00e9rt v\u00e1rjanak tavaszig, ha kar\u00e1csonykor is megtehetik?<\/p>\n<p>A tervez\u00e9s els\u0151 szakaszaiban volt benn\u00fck n\u00e9mi nyugtalans\u00e1g, Claire azt gondolta, v\u00e9g\u00fcl nem visznek v\u00e9gig ilyen \u0151r\u00fclts\u00e9get. Ekkor azonban a Surly felaj\u00e1nlott egy biciklit a t\u00far\u00e1ra, ezt pedig nem utas\u00edthatta vissza.<\/p>\n<p>https:\/\/www.instagram.com\/p\/B45sfdElJHa\/<\/p>\n<p>Claire, \u00e1ll\u00edt\u00e1s szerint, nem kifejezetten sportos alkat, de nagyon szeret a szabadban lenni \u00e9s arra haszn\u00e1lja bring\u00e1j\u00e1t, hogy elmenek\u00fclj\u00f6n a v\u00e1rosb\u00f3l. \u201eSz\u00e1momra a bicikliz\u00e9s az \u00fatr\u00f3l sz\u00f3l, \u00edgy szeretek nagy t\u00e1vokat megtenni \u00e9s sok helyre ell\u00e1togatni \u00fatk\u00f6zben.\u201d Bizony\u00edtja talpraesetts\u00e9g\u00e9t, hogy k\u00e9t \u00e9vvel ezel\u0151tt \u2013 annak ellen\u00e9re, hogy m\u00e9g sosem volt ilyen nagy t\u00far\u00e1n \u2013 lefoglalt egy repjegyet Vietn\u00e1mba, ahol vett egy mountan bike-ot \u00e9s 3000 km-et meg is tett vele Bangkokig. \u201eEgyed\u00fcl voltam \u00e9s nem terveztem meg el\u0151re az utat. Nagy kih\u00edv\u00e1s volt, 4 orsz\u00e1gon keltem \u00e1t, extr\u00e9m id\u0151j\u00e1r\u00e1si viszonyok k\u00f6z\u00f6tt, de csod\u00e1latos \u00e9lm\u00e9ny volt, amit b\u00e1rmikor megism\u00e9teln\u00e9k\u201d \u2013 mes\u00e9lte.<\/p>\n<p>M\u00e1r nem lesz \u00faj neki az \u00e9let a nyeregben, \u00e9s ez a mostani t\u00fara k\u00fcl\u00f6n\u00f6sen k\u00f6zel \u00e1ll a sz\u00edv\u00e9hez. A Lupus UK szervezet sz\u00e1m\u00e1ra gy\u0171jt adom\u00e1nyokat. Claire elmondta, hogy p\u00e1r \u00e9vvel ezel\u0151tt unokatestv\u00e9re, Kate fiatalon halt meg lupuszban (autoimmun betegs\u00e9g, amely a test k\u00fcl\u00f6nb\u00f6z\u0151 szerveit t\u00e1madhatja meg), miut\u00e1n \u00e9vekig harcolt a betegs\u00e9ggel. \u201e\u0150 inspir\u00e1l arra, hogy a lehet\u0151 legteljesebb \u00e9letet \u00e9ljem, \u00e9s hogy folyamatosan kih\u00edv\u00e1sok el\u00e9 \u00e1ll\u00edtsam magam, feszegessem a hat\u00e1raim.\u201d<\/p>\n<p>https:\/\/www.instagram.com\/p\/B3jfzDXlRTC\/<\/p>\n<p>Claire akkor is sokat gondol Katie-re, amikor egy kis plusz motiv\u00e1ci\u00f3ra van sz\u00fcks\u00e9ge, hogy \u00e1tlend\u00fclj\u00f6n egy akad\u00e1lyon. \u201eAmikor neh\u00e9z helyzetben vagyok, vagy \u00fagy \u00e9rzem, nem b\u00edrom tov\u00e1bb, r\u00e1 gondolok \u00e9s m\u00e1sokra, akik olyan neh\u00e9zs\u00e9gekkel n\u00e9znek szembe, amilyenekkel \u0151 is n\u00e9zett, minden nap. Eml\u00e9keztetem magam, hogy h\u00e1l\u00e1snak kell lennem, hogy meg tudom tenni azokat a dolgokat, amiket szeretn\u00e9k.\u201d<\/p>\n<p>Az adom\u00e1nygy\u0171jt\u00e9s motiv\u00e1ci\u00f3ja mellett, kar\u00e1csonyi dekor\u00e1ci\u00f3val is felszerelkeztek, miel\u0151tt \u00fatnak indultak. \u201eFeld\u00edsz\u00edtj\u00fck a bicikliket, \u00e9s magunkat is. N\u00e9h\u00e1ny LED \u00e9g\u0151 gondoskodik arr\u00f3l, hogy j\u00f3l l\u00e1that\u00f3ak legy\u00fcnk, \u00e9s v\u00edz\u00e1ll\u00f3 zokni alak\u00fa t\u00e1sk\u00e1ink is vannak.\u201d<\/p>\n<p>https:\/\/www.instagram.com\/p\/Bxt095YhdrK\/<\/p>\n<p>Ahhoz, hogy a r\u00f6vid nappalokb\u00f3l a lehet\u0151 legt\u00f6bbet kihozhass\u00e1k, kor\u00e1n kellett kelni\u00fck \u00e9s \u00fagy tekerni \u00e1t magukat a hossz\u00fa \u00f3r\u00e1kon, hogy ne f\u00e1zzanak meg, amikor meg\u00e1llnak. Persze el\u0151re nem tudt\u00e1k megj\u00f3solni milyen id\u0151j\u00e1r\u00e1s v\u00e1r r\u00e1juk, de sejtett\u00e9k, hogy ez lesz a legnagyobb kih\u00edv\u00e1s a t\u00fara sor\u00e1n.<\/p>\n<p>Sz\u00e1ll\u00e1s tekintet\u00e9ben pedig a kar\u00e1csony szelleme \u00e1ltal \u00e1tj\u00e1rt idegenekre \u00e9s online csoportokra t\u00e1maszkodtak. Kaptak is felaj\u00e1nl\u00e1st, ist\u00e1ll\u00f3t \u00e9s pajt\u00e1t, ahol meleg h\u00e1l\u00f3zs\u00e1kjukban elt\u00f6lthett\u00e9k az \u00e9jszak\u00e1t. Ezek az igazi kar\u00e1csonyi j\u00f3tettek!<\/p>\n<p>https:\/\/www.instagram.com\/p\/BxwmvbyhXCV\/<\/p>\n<p>\u00c9s hogy mivel \u00fcnnepeltek? Minden bizonnyal forr\u00f3 zuhannyal \u00e9s egy \u00fcveg pezsg\u0151vel, ezek ut\u00e1n pedig term\u00e9szetesen a csal\u00e1djukkal t\u00f6lt\u00f6tt\u00e9k a kar\u00e1csonyt! Claire nem sok pihen\u00e9st tervezett be: december 26-\u00e1n m\u00e1r ism\u00e9t k\u00e9t ker\u00e9ken indul egy versenyen.<\/p>\n<p>&nbsp;<\/p>\n","protected":false},"excerpt":{"rendered":"<p>nem az: k\u00e9t bar\u00e1t val\u00f3s\u00edtotta meg a v\u00e1szonra ill\u0151 kalandot. Claire Davis \u00e9s Rosie Baxendine Glasgowt\u00f3l Manchesterig tekert, december 19-t\u0151l [&hellip;]<\/p>\n","protected":false},"author":71,"featured_media":6291,"comment_status":"open","ping_status":"open","sticky":false,"template":"","format":"standard","meta":{"footnotes":""},"categories":[12],"tags":[],"global-categories":[],"class_list":["post-6286","post","type-post","status-publish","format-standard","has-post-thumbnail","hentry","category-kozosseg-es-kultura"],"yoast_head":"<!-- This site is optimized with the Yoast SEO Premium plugin v25.3 (Yoast SEO v25.9) - https:\/\/yoast.com\/wordpress\/plugins\/seo\/ -->\n<title>Glasgowt\u00f3l Manchesterig: kar\u00e1csonyi bringat\u00fara hazafel\u00e9! - \u0160koda We Love Cycling - Magyarorsz\u00e1g<\/title>\n<meta name=\"robots\" content=\"index, follow, max-snippet:-1, max-image-preview:large, max-video-preview:-1\" \/>\n<link rel=\"canonical\" href=\"https:\/\/www.welovecycling.com\/hu\/kozosseg-es-kultura\/glasgowtol-manchesterig-karacsonyi-bringatura-hazafele\/\" \/>\n<meta property=\"og:locale\" content=\"hu_HU\" \/>\n<meta property=\"og:type\" content=\"article\" \/>\n<meta property=\"og:title\" content=\"Glasgowt\u00f3l Manchesterig: kar\u00e1csonyi bringat\u00fara hazafel\u00e9!\" \/>\n<meta property=\"og:description\" content=\"nem az: k\u00e9t bar\u00e1t val\u00f3s\u00edtotta meg a v\u00e1szonra ill\u0151 kalandot. Claire Davis \u00e9s Rosie Baxendine Glasgowt\u00f3l Manchesterig tekert, december 19-t\u0151l [&hellip;]\" \/>\n<meta property=\"og:url\" content=\"https:\/\/www.welovecycling.com\/hu\/kozosseg-es-kultura\/glasgowtol-manchesterig-karacsonyi-bringatura-hazafele\/\" \/>\n<meta property=\"og:site_name\" content=\"\u0160koda We Love Cycling - Magyarorsz\u00e1g\" \/>\n<meta property=\"article:publisher\" content=\"https:\/\/www.facebook.com\/WeLoveCyclingHungary\/\" \/>\n<meta property=\"article:published_time\" content=\"2019-12-26T07:00:52+00:00\" \/>\n<meta property=\"og:image\" content=\"https:\/\/d2p6e6u75xmxt8.cloudfront.net\/12\/2019\/12\/Untitled-1.jpg\" \/>\n\t<meta property=\"og:image:width\" content=\"1366\" \/>\n\t<meta property=\"og:image:height\" content=\"600\" \/>\n\t<meta property=\"og:image:type\" content=\"image\/jpeg\" \/>\n<meta name=\"author\" content=\"hegyizs\" \/>\n<meta name=\"twitter:card\" content=\"summary_large_image\" \/>\n<meta name=\"twitter:label1\" content=\"Written by\" \/>\n\t<meta name=\"twitter:data1\" content=\"Megan Flottorp\" \/>\n\t<meta name=\"twitter:label2\" content=\"Est. reading time\" \/>\n\t<meta name=\"twitter:data2\" content=\"5\" \/>\n<script type=\"application\/ld+json\" class=\"yoast-schema-graph\">{\"@context\":\"https:\/\/schema.org\",\"@graph\":[{\"@type\":\"WebPage\",\"@id\":\"https:\/\/www.welovecycling.com\/hu\/kozosseg-es-kultura\/glasgowtol-manchesterig-karacsonyi-bringatura-hazafele\/\",\"url\":\"https:\/\/www.welovecycling.com\/hu\/kozosseg-es-kultura\/glasgowtol-manchesterig-karacsonyi-bringatura-hazafele\/\",\"name\":\"Glasgowt\u00f3l Manchesterig: kar\u00e1csonyi bringat\u00fara hazafel\u00e9! - \u0160koda We Love Cycling - Magyarorsz\u00e1g\",\"isPartOf\":{\"@id\":\"https:\/\/www.welovecycling.com\/hu\/#website\"},\"primaryImageOfPage\":{\"@id\":\"https:\/\/www.welovecycling.com\/hu\/kozosseg-es-kultura\/glasgowtol-manchesterig-karacsonyi-bringatura-hazafele\/#primaryimage\"},\"image\":{\"@id\":\"https:\/\/www.welovecycling.com\/hu\/kozosseg-es-kultura\/glasgowtol-manchesterig-karacsonyi-bringatura-hazafele\/#primaryimage\"},\"thumbnailUrl\":\"https:\/\/d2p6e6u75xmxt8.cloudfront.net\/12\/2019\/12\/Untitled-1.jpg\",\"datePublished\":\"2019-12-26T07:00:52+00:00\",\"author\":{\"@id\":\"https:\/\/www.welovecycling.com\/hu\/#\/schema\/person\/414a2aebf1801691a5320edb6468e194\"},\"breadcrumb\":{\"@id\":\"https:\/\/www.welovecycling.com\/hu\/kozosseg-es-kultura\/glasgowtol-manchesterig-karacsonyi-bringatura-hazafele\/#breadcrumb\"},\"inLanguage\":\"hu\",\"potentialAction\":[{\"@type\":\"ReadAction\",\"target\":[\"https:\/\/www.welovecycling.com\/hu\/kozosseg-es-kultura\/glasgowtol-manchesterig-karacsonyi-bringatura-hazafele\/\"]}]},{\"@type\":\"ImageObject\",\"inLanguage\":\"hu\",\"@id\":\"https:\/\/www.welovecycling.com\/hu\/kozosseg-es-kultura\/glasgowtol-manchesterig-karacsonyi-bringatura-hazafele\/#primaryimage\",\"url\":\"https:\/\/d2p6e6u75xmxt8.cloudfront.net\/12\/2019\/12\/Untitled-1.jpg\",\"contentUrl\":\"https:\/\/d2p6e6u75xmxt8.cloudfront.net\/12\/2019\/12\/Untitled-1.jpg\",\"width\":1366,\"height\":600},{\"@type\":\"BreadcrumbList\",\"@id\":\"https:\/\/www.welovecycling.com\/hu\/kozosseg-es-kultura\/glasgowtol-manchesterig-karacsonyi-bringatura-hazafele\/#breadcrumb\",\"itemListElement\":[{\"@type\":\"ListItem\",\"position\":1,\"name\":\"Home\",\"item\":\"https:\/\/www.welovecycling.com\/hu\/\"},{\"@type\":\"ListItem\",\"position\":2,\"name\":\"Glasgowt\u00f3l Manchesterig: kar\u00e1csonyi bringat\u00fara hazafel\u00e9!\"}]},{\"@type\":\"WebSite\",\"@id\":\"https:\/\/www.welovecycling.com\/hu\/#website\",\"url\":\"https:\/\/www.welovecycling.com\/hu\/\",\"name\":\"\u0160koda We Love Cycling - Magyarorsz\u00e1g\",\"description\":\"\u0160koda WeLoveCycling\",\"potentialAction\":[{\"@type\":\"SearchAction\",\"target\":{\"@type\":\"EntryPoint\",\"urlTemplate\":\"https:\/\/www.welovecycling.com\/hu\/?s={search_term_string}\"},\"query-input\":{\"@type\":\"PropertyValueSpecification\",\"valueRequired\":true,\"valueName\":\"search_term_string\"}}],\"inLanguage\":\"hu\"},{\"@type\":\"Person\",\"@id\":\"https:\/\/www.welovecycling.com\/hu\/#\/schema\/person\/414a2aebf1801691a5320edb6468e194\",\"name\":\"hegyizs\",\"image\":{\"@type\":\"ImageObject\",\"inLanguage\":\"hu\",\"@id\":\"https:\/\/www.welovecycling.com\/hu\/#\/schema\/person\/image\/\",\"url\":\"https:\/\/secure.gravatar.com\/avatar\/02cf8a7906b8cf90cecb4679defac7cfd33a1c2e3b88e4903d947f3bb58eedd3?s=96&d=mm&r=g\",\"contentUrl\":\"https:\/\/secure.gravatar.com\/avatar\/02cf8a7906b8cf90cecb4679defac7cfd33a1c2e3b88e4903d947f3bb58eedd3?s=96&d=mm&r=g\",\"caption\":\"hegyizs\"},\"url\":\"https:\/\/www.welovecycling.com\/hu\/author\/hegyizs\/\"}]}<\/script>\n<!-- \/ Yoast SEO Premium plugin. -->","yoast_head_json":{"title":"Glasgowt\u00f3l Manchesterig: kar\u00e1csonyi bringat\u00fara hazafel\u00e9! - \u0160koda We Love Cycling - Magyarorsz\u00e1g","robots":{"index":"index","follow":"follow","max-snippet":"max-snippet:-1","max-image-preview":"max-image-preview:large","max-video-preview":"max-video-preview:-1"},"canonical":"https:\/\/www.welovecycling.com\/hu\/kozosseg-es-kultura\/glasgowtol-manchesterig-karacsonyi-bringatura-hazafele\/","og_locale":"hu_HU","og_type":"article","og_title":"Glasgowt\u00f3l Manchesterig: kar\u00e1csonyi bringat\u00fara hazafel\u00e9!","og_description":"nem az: k\u00e9t bar\u00e1t val\u00f3s\u00edtotta meg a v\u00e1szonra ill\u0151 kalandot. Claire Davis \u00e9s Rosie Baxendine Glasgowt\u00f3l Manchesterig tekert, december 19-t\u0151l [&hellip;]","og_url":"https:\/\/www.welovecycling.com\/hu\/kozosseg-es-kultura\/glasgowtol-manchesterig-karacsonyi-bringatura-hazafele\/","og_site_name":"\u0160koda We Love Cycling - Magyarorsz\u00e1g","article_publisher":"https:\/\/www.facebook.com\/WeLoveCyclingHungary\/","article_published_time":"2019-12-26T07:00:52+00:00","og_image":[{"width":1366,"height":600,"url":"https:\/\/d2p6e6u75xmxt8.cloudfront.net\/12\/2019\/12\/Untitled-1.jpg","type":"image\/jpeg"}],"author":"hegyizs","twitter_card":"summary_large_image","twitter_misc":{"Written by":"Megan Flottorp","Est. reading time":"5"},"schema":{"@context":"https:\/\/schema.org","@graph":[{"@type":"WebPage","@id":"https:\/\/www.welovecycling.com\/hu\/kozosseg-es-kultura\/glasgowtol-manchesterig-karacsonyi-bringatura-hazafele\/","url":"https:\/\/www.welovecycling.com\/hu\/kozosseg-es-kultura\/glasgowtol-manchesterig-karacsonyi-bringatura-hazafele\/","name":"Glasgowt\u00f3l Manchesterig: kar\u00e1csonyi bringat\u00fara hazafel\u00e9! - \u0160koda We Love Cycling - Magyarorsz\u00e1g","isPartOf":{"@id":"https:\/\/www.welovecycling.com\/hu\/#website"},"primaryImageOfPage":{"@id":"https:\/\/www.welovecycling.com\/hu\/kozosseg-es-kultura\/glasgowtol-manchesterig-karacsonyi-bringatura-hazafele\/#primaryimage"},"image":{"@id":"https:\/\/www.welovecycling.com\/hu\/kozosseg-es-kultura\/glasgowtol-manchesterig-karacsonyi-bringatura-hazafele\/#primaryimage"},"thumbnailUrl":"https:\/\/d2p6e6u75xmxt8.cloudfront.net\/12\/2019\/12\/Untitled-1.jpg","datePublished":"2019-12-26T07:00:52+00:00","author":{"@id":"https:\/\/www.welovecycling.com\/hu\/#\/schema\/person\/414a2aebf1801691a5320edb6468e194"},"breadcrumb":{"@id":"https:\/\/www.welovecycling.com\/hu\/kozosseg-es-kultura\/glasgowtol-manchesterig-karacsonyi-bringatura-hazafele\/#breadcrumb"},"inLanguage":"hu","potentialAction":[{"@type":"ReadAction","target":["https:\/\/www.welovecycling.com\/hu\/kozosseg-es-kultura\/glasgowtol-manchesterig-karacsonyi-bringatura-hazafele\/"]}]},{"@type":"ImageObject","inLanguage":"hu","@id":"https:\/\/www.welovecycling.com\/hu\/kozosseg-es-kultura\/glasgowtol-manchesterig-karacsonyi-bringatura-hazafele\/#primaryimage","url":"https:\/\/d2p6e6u75xmxt8.cloudfront.net\/12\/2019\/12\/Untitled-1.jpg","contentUrl":"https:\/\/d2p6e6u75xmxt8.cloudfront.net\/12\/2019\/12\/Untitled-1.jpg","width":1366,"height":600},{"@type":"BreadcrumbList","@id":"https:\/\/www.welovecycling.com\/hu\/kozosseg-es-kultura\/glasgowtol-manchesterig-karacsonyi-bringatura-hazafele\/#breadcrumb","itemListElement":[{"@type":"ListItem","position":1,"name":"Home","item":"https:\/\/www.welovecycling.com\/hu\/"},{"@type":"ListItem","position":2,"name":"Glasgowt\u00f3l Manchesterig: kar\u00e1csonyi bringat\u00fara hazafel\u00e9!"}]},{"@type":"WebSite","@id":"https:\/\/www.welovecycling.com\/hu\/#website","url":"https:\/\/www.welovecycling.com\/hu\/","name":"\u0160koda We Love Cycling - Magyarorsz\u00e1g","description":"\u0160koda WeLoveCycling","potentialAction":[{"@type":"SearchAction","target":{"@type":"EntryPoint","urlTemplate":"https:\/\/www.welovecycling.com\/hu\/?s={search_term_string}"},"query-input":{"@type":"PropertyValueSpecification","valueRequired":true,"valueName":"search_term_string"}}],"inLanguage":"hu"},{"@type":"Person","@id":"https:\/\/www.welovecycling.com\/hu\/#\/schema\/person\/414a2aebf1801691a5320edb6468e194","name":"hegyizs","image":{"@type":"ImageObject","inLanguage":"hu","@id":"https:\/\/www.welovecycling.com\/hu\/#\/schema\/person\/image\/","url":"https:\/\/secure.gravatar.com\/avatar\/02cf8a7906b8cf90cecb4679defac7cfd33a1c2e3b88e4903d947f3bb58eedd3?s=96&d=mm&r=g","contentUrl":"https:\/\/secure.gravatar.com\/avatar\/02cf8a7906b8cf90cecb4679defac7cfd33a1c2e3b88e4903d947f3bb58eedd3?s=96&d=mm&r=g","caption":"hegyizs"},"url":"https:\/\/www.welovecycling.com\/hu\/author\/hegyizs\/"}]}},"_links":{"self":[{"href":"https:\/\/www.welovecycling.com\/hu\/wp-json\/wp\/v2\/posts\/6286","targetHints":{"allow":["GET"]}}],"collection":[{"href":"https:\/\/www.welovecycling.com\/hu\/wp-json\/wp\/v2\/posts"}],"about":[{"href":"https:\/\/www.welovecycling.com\/hu\/wp-json\/wp\/v2\/types\/post"}],"author":[{"embeddable":true,"href":"https:\/\/www.welovecycling.com\/hu\/wp-json\/wp\/v2\/users\/71"}],"replies":[{"embeddable":true,"href":"https:\/\/www.welovecycling.com\/hu\/wp-json\/wp\/v2\/comments?post=6286"}],"version-history":[{"count":2,"href":"https:\/\/www.welovecycling.com\/hu\/wp-json\/wp\/v2\/posts\/6286\/revisions"}],"predecessor-version":[{"id":6307,"href":"https:\/\/www.welovecycling.com\/hu\/wp-json\/wp\/v2\/posts\/6286\/revisions\/6307"}],"wp:featuredmedia":[{"embeddable":true,"href":"https:\/\/www.welovecycling.com\/hu\/wp-json\/wp\/v2\/media\/6291"}],"wp:attachment":[{"href":"https:\/\/www.welovecycling.com\/hu\/wp-json\/wp\/v2\/media?parent=6286"}],"wp:term":[{"taxonomy":"category","embeddable":true,"href":"https:\/\/www.welovecycling.com\/hu\/wp-json\/wp\/v2\/categories?post=6286"},{"taxonomy":"post_tag","embeddable":true,"href":"https:\/\/www.welovecycling.com\/hu\/wp-json\/wp\/v2\/tags?post=6286"},{"taxonomy":"global-categories","embeddable":true,"href":"https:\/\/www.welovecycling.com\/hu\/wp-json\/wp\/v2\/global-categories?post=6286"}],"curies":[{"name":"wp","href":"https:\/\/api.w.org\/{rel}","templated":true}]}}