{"id":6276,"date":"2019-12-23T08:00:22","date_gmt":"2019-12-23T07:00:22","guid":{"rendered":"https:\/\/www.welovecycling.com\/hu\/?p=6276"},"modified":"2019-12-19T14:39:46","modified_gmt":"2019-12-19T13:39:46","slug":"sajog-es-faj-ajandekozz-megvaltast","status":"publish","type":"post","link":"https:\/\/www.welovecycling.com\/hu\/kozosseg-es-kultura\/sajog-es-faj-ajandekozz-megvaltast\/","title":{"rendered":"Sajog \u00e9s f\u00e1j \u2013 aj\u00e1nd\u00e9kozz megv\u00e1lt\u00e1st!"},"content":{"rendered":"<p><strong>Utols\u00f3 pillanatra hagytad az aj\u00e1nd\u00e9kv\u00e1s\u00e1rl\u00e1st? Seg\u00edt\u00fcnk megszabadulni a kar\u00e1csonyi h\u00f3cih\u0151 f\u00e1jdalmait\u00f3l.<\/strong><!--more--><\/p>\n<h2><strong>Chamois kr\u00e9m<\/strong><\/h2>\n<p>Ha nem vagy benne biztos, hogy mire is j\u00f3 az a titokzatos csodakr\u00e9m, gondolkodj el egy picit a szeml\u00e9letes term\u00e9kneveken: Enzo\u2019s Buttonhole (az angol butt, vagyis fen\u00e9k sz\u00f3b\u00f3l), \u00e9s a dz Nuts Pro, ahol a nuts \u2013 mogyor\u00f3 utal a probl\u00e9m\u00e1ra, igen j\u00f3l le\u00edrja, hogy mi\u00e9rt vidd magaddal a kr\u00e9met, ha hossz\u00fa \u00fatra indulsz.<\/p>\n<lite-youtube videoid=_GFu0Aen9t8 params=\"enablejsapi=1\" style=\"background-image: url('https:\/\/i.ytimg.com\/vi_webp\/_GFu0Aen9t8\/maxresdefault.webp');\"><\/lite-youtube>\n<p>Katie Kookaburra p\u00e9ld\u00e1ul szereti a mentolos illatot, de ha esetleg azt szeretn\u00e9d, hogy az alt\u00e1jad ink\u00e1bb egy b\u00e1r\u00e1nycombra hasonl\u00edtson, v\u00e1laszd a rozmaringkivonatos term\u00e9ket. Nem lehet el\u00e9g sz\u00e9les a v\u00e1laszt\u00e9k, ha fen\u00e9kprobl\u00e9m\u00e1r\u00f3l van sz\u00f3.<\/p>\n<h2><strong>Embrocation kr\u00e9m<\/strong><\/h2>\n<p>Semmivel sem k\u00f6nnyebb kimutatni a szereteted mint egy k\u00e9miai vegy\u00fclettel kar\u00e1csony napj\u00e1n. Ez a kr\u00e9m a \u201eBelga t\u00e9rdmeleg\u00edt\u0151\u201d nevet is viseli, hiszen c\u00e9lja, hogy k\u00f6nnyebben alkalmazkodj a hideg id\u0151h\u00f6z: t\u00f6bb v\u00e9r jut a b\u0151r k\u00f6zel\u00e9be, \u00edgy felmelegszik a tested. Ki mondta, hogy a romantika halott?<\/p>\n<lite-youtube videoid=CFH1dNrqqsg params=\"enablejsapi=1\" style=\"background-image: url('https:\/\/i.ytimg.com\/vi_webp\/CFH1dNrqqsg\/maxresdefault.webp');\"><\/lite-youtube>\n<p>Szint\u00e9n sz\u00e9les a v\u00e1laszt\u00e9k bemeleg\u00edt\u0151 kr\u00e9mekb\u0151l, a l\u00e9nyeg, hogy ne j\u00e1rja \u00e1t a csontjaidat a hideg, de ha t\u00fal sokat haszn\u00e1lsz, ne vegyen el a kellet\u00e9n\u00e9l t\u00f6bb v\u00e9rt a tested m\u00e1s r\u00e9szeib\u0151l.<\/p>\n<h2><strong>Izomlaz\u00edt\u00f3<\/strong><\/h2>\n<p>Ha massz\u00e1zsolajat aj\u00e1nd\u00e9kozol kedvesednek az el\u0151revet\u00edti a massz\u00e1zs megval\u00f3s\u00edt\u00e1s\u00e1t is, hogy el\u0171zd az \u00faj\u00e9vi kem\u00e9ny edz\u00e9sek okozta f\u00e1jdalmat. Egy izomlaz\u00edt\u00f3 azonban megadja a lehet\u0151s\u00e9get, hogy saj\u00e1t magunkon haszn\u00e1ljuk\u2026Persze, vannak exotikusabb megold\u00e1sok is.<\/p>\n<lite-youtube videoid=Yh-zGUcXA4g params=\"enablejsapi=1\" style=\"background-image: url('https:\/\/i.ytimg.com\/vi_webp\/Yh-zGUcXA4g\/maxresdefault.webp');\"><\/lite-youtube>\n<p>Ez a term\u00e9k p\u00e9ld\u00e1ul cannabist tartalmaz, \u00edgy csak bizonyos orsz\u00e1gokban kaphat\u00f3, \u00e9s mivel \u00faj term\u00e9kr\u0151l van sz\u00f3, m\u00e9g ezeken a helyeken is \u00e9rdemes \u00f3vatosnak lenni vele.<\/p>\n<h2><strong>Fogak<\/strong><\/h2>\n<p>A profi bring\u00e1sok energiaitallal \u00e9s zsel\u00e9vel t\u00f6ltik fel k\u00e9szleteiket. Ezeknek a szereknek a fogra gyakorolt hat\u00e1sa igen borzaszt\u00f3, \u00fagyhogy hasznos aj\u00e1nd\u00e9k lehet egy mini Listerine sz\u00e1jv\u00edz.<\/p>\n<lite-youtube videoid=QULrchXIgcU params=\"enablejsapi=1\" style=\"background-image: url('https:\/\/i.ytimg.com\/vi_webp\/QULrchXIgcU\/maxresdefault.webp');\"><\/lite-youtube>\n<p>A Listerine term\u00e9ke alkoholmentes, \u00edgy t\u00e9nyleg b\u00e1rhova magaddal viheted, hogy energiap\u00f3tl\u00e1s ut\u00e1n ki\u00f6bl\u00edtsd a sz\u00e1db\u00f3l a cukrot \u00e9s megv\u00e9dd a fogaidat. De arra figyelj, hogy ha \u00e1t is \u00f6nt\u00f6d a sz\u00e1jvizet m\u00e1s palackba, az ne legyen \u00f6sszet\u00e9veszthet\u0151 az \u00fcd\u00edt\u0151sflakonnal\u2026<\/p>\n","protected":false},"excerpt":{"rendered":"<p>Utols\u00f3 pillanatra hagytad az aj\u00e1nd\u00e9kv\u00e1s\u00e1rl\u00e1st? Seg\u00edt\u00fcnk megszabadulni a kar\u00e1csonyi h\u00f3cih\u0151 f\u00e1jdalmait\u00f3l.<\/p>\n","protected":false},"author":71,"featured_media":6281,"comment_status":"open","ping_status":"open","sticky":false,"template":"","format":"standard","meta":{"footnotes":""},"categories":[12],"tags":[],"global-categories":[],"class_list":["post-6276","post","type-post","status-publish","format-standard","has-post-thumbnail","hentry","category-kozosseg-es-kultura"],"yoast_head":"<!-- This site is optimized with the Yoast SEO Premium plugin v25.3 (Yoast SEO v25.9) - https:\/\/yoast.com\/wordpress\/plugins\/seo\/ -->\n<title>Sajog \u00e9s f\u00e1j \u2013 aj\u00e1nd\u00e9kozz megv\u00e1lt\u00e1st! - \u0160koda We Love Cycling - Magyarorsz\u00e1g<\/title>\n<meta name=\"robots\" content=\"index, follow, max-snippet:-1, max-image-preview:large, max-video-preview:-1\" \/>\n<link rel=\"canonical\" href=\"https:\/\/www.welovecycling.com\/hu\/kozosseg-es-kultura\/sajog-es-faj-ajandekozz-megvaltast\/\" \/>\n<meta property=\"og:locale\" content=\"hu_HU\" \/>\n<meta property=\"og:type\" content=\"article\" \/>\n<meta property=\"og:title\" content=\"Sajog \u00e9s f\u00e1j \u2013 aj\u00e1nd\u00e9kozz megv\u00e1lt\u00e1st!\" \/>\n<meta property=\"og:description\" content=\"Utols\u00f3 pillanatra hagytad az aj\u00e1nd\u00e9kv\u00e1s\u00e1rl\u00e1st? Seg\u00edt\u00fcnk megszabadulni a kar\u00e1csonyi h\u00f3cih\u0151 f\u00e1jdalmait\u00f3l.\" \/>\n<meta property=\"og:url\" content=\"https:\/\/www.welovecycling.com\/hu\/kozosseg-es-kultura\/sajog-es-faj-ajandekozz-megvaltast\/\" \/>\n<meta property=\"og:site_name\" content=\"\u0160koda We Love Cycling - Magyarorsz\u00e1g\" \/>\n<meta property=\"article:publisher\" content=\"https:\/\/www.facebook.com\/WeLoveCyclingHungary\/\" \/>\n<meta property=\"article:published_time\" content=\"2019-12-23T07:00:22+00:00\" \/>\n<meta property=\"og:image\" content=\"https:\/\/d2p6e6u75xmxt8.cloudfront.net\/12\/2019\/12\/Christmas-bicycle-profimedia-0487403489-CVR.jpg\" \/>\n\t<meta property=\"og:image:width\" content=\"1366\" \/>\n\t<meta property=\"og:image:height\" content=\"600\" \/>\n\t<meta property=\"og:image:type\" content=\"image\/jpeg\" \/>\n<meta name=\"author\" content=\"hegyizs\" \/>\n<meta name=\"twitter:card\" content=\"summary_large_image\" \/>\n<meta name=\"twitter:label1\" content=\"Written by\" \/>\n\t<meta name=\"twitter:data1\" content=\"Christopher Ashley\" \/>\n\t<meta name=\"twitter:label2\" content=\"Est. reading time\" \/>\n\t<meta name=\"twitter:data2\" content=\"5\" \/>\n<script type=\"application\/ld+json\" class=\"yoast-schema-graph\">{\"@context\":\"https:\/\/schema.org\",\"@graph\":[{\"@type\":\"WebPage\",\"@id\":\"https:\/\/www.welovecycling.com\/hu\/kozosseg-es-kultura\/sajog-es-faj-ajandekozz-megvaltast\/\",\"url\":\"https:\/\/www.welovecycling.com\/hu\/kozosseg-es-kultura\/sajog-es-faj-ajandekozz-megvaltast\/\",\"name\":\"Sajog \u00e9s f\u00e1j \u2013 aj\u00e1nd\u00e9kozz megv\u00e1lt\u00e1st! - \u0160koda We Love Cycling - Magyarorsz\u00e1g\",\"isPartOf\":{\"@id\":\"https:\/\/www.welovecycling.com\/hu\/#website\"},\"primaryImageOfPage\":{\"@id\":\"https:\/\/www.welovecycling.com\/hu\/kozosseg-es-kultura\/sajog-es-faj-ajandekozz-megvaltast\/#primaryimage\"},\"image\":{\"@id\":\"https:\/\/www.welovecycling.com\/hu\/kozosseg-es-kultura\/sajog-es-faj-ajandekozz-megvaltast\/#primaryimage\"},\"thumbnailUrl\":\"https:\/\/d2p6e6u75xmxt8.cloudfront.net\/12\/2019\/12\/Christmas-bicycle-profimedia-0487403489-CVR.jpg\",\"datePublished\":\"2019-12-23T07:00:22+00:00\",\"author\":{\"@id\":\"https:\/\/www.welovecycling.com\/hu\/#\/schema\/person\/414a2aebf1801691a5320edb6468e194\"},\"breadcrumb\":{\"@id\":\"https:\/\/www.welovecycling.com\/hu\/kozosseg-es-kultura\/sajog-es-faj-ajandekozz-megvaltast\/#breadcrumb\"},\"inLanguage\":\"hu\",\"potentialAction\":[{\"@type\":\"ReadAction\",\"target\":[\"https:\/\/www.welovecycling.com\/hu\/kozosseg-es-kultura\/sajog-es-faj-ajandekozz-megvaltast\/\"]}]},{\"@type\":\"ImageObject\",\"inLanguage\":\"hu\",\"@id\":\"https:\/\/www.welovecycling.com\/hu\/kozosseg-es-kultura\/sajog-es-faj-ajandekozz-megvaltast\/#primaryimage\",\"url\":\"https:\/\/d2p6e6u75xmxt8.cloudfront.net\/12\/2019\/12\/Christmas-bicycle-profimedia-0487403489-CVR.jpg\",\"contentUrl\":\"https:\/\/d2p6e6u75xmxt8.cloudfront.net\/12\/2019\/12\/Christmas-bicycle-profimedia-0487403489-CVR.jpg\",\"width\":1366,\"height\":600},{\"@type\":\"BreadcrumbList\",\"@id\":\"https:\/\/www.welovecycling.com\/hu\/kozosseg-es-kultura\/sajog-es-faj-ajandekozz-megvaltast\/#breadcrumb\",\"itemListElement\":[{\"@type\":\"ListItem\",\"position\":1,\"name\":\"Home\",\"item\":\"https:\/\/www.welovecycling.com\/hu\/\"},{\"@type\":\"ListItem\",\"position\":2,\"name\":\"Sajog \u00e9s f\u00e1j \u2013 aj\u00e1nd\u00e9kozz megv\u00e1lt\u00e1st!\"}]},{\"@type\":\"WebSite\",\"@id\":\"https:\/\/www.welovecycling.com\/hu\/#website\",\"url\":\"https:\/\/www.welovecycling.com\/hu\/\",\"name\":\"\u0160koda We Love Cycling - Magyarorsz\u00e1g\",\"description\":\"\u0160koda WeLoveCycling\",\"potentialAction\":[{\"@type\":\"SearchAction\",\"target\":{\"@type\":\"EntryPoint\",\"urlTemplate\":\"https:\/\/www.welovecycling.com\/hu\/?s={search_term_string}\"},\"query-input\":{\"@type\":\"PropertyValueSpecification\",\"valueRequired\":true,\"valueName\":\"search_term_string\"}}],\"inLanguage\":\"hu\"},{\"@type\":\"Person\",\"@id\":\"https:\/\/www.welovecycling.com\/hu\/#\/schema\/person\/414a2aebf1801691a5320edb6468e194\",\"name\":\"hegyizs\",\"image\":{\"@type\":\"ImageObject\",\"inLanguage\":\"hu\",\"@id\":\"https:\/\/www.welovecycling.com\/hu\/#\/schema\/person\/image\/\",\"url\":\"https:\/\/secure.gravatar.com\/avatar\/02cf8a7906b8cf90cecb4679defac7cfd33a1c2e3b88e4903d947f3bb58eedd3?s=96&d=mm&r=g\",\"contentUrl\":\"https:\/\/secure.gravatar.com\/avatar\/02cf8a7906b8cf90cecb4679defac7cfd33a1c2e3b88e4903d947f3bb58eedd3?s=96&d=mm&r=g\",\"caption\":\"hegyizs\"},\"url\":\"https:\/\/www.welovecycling.com\/hu\/author\/hegyizs\/\"}]}<\/script>\n<!-- \/ Yoast SEO Premium plugin. -->","yoast_head_json":{"title":"Sajog \u00e9s f\u00e1j \u2013 aj\u00e1nd\u00e9kozz megv\u00e1lt\u00e1st! - \u0160koda We Love Cycling - Magyarorsz\u00e1g","robots":{"index":"index","follow":"follow","max-snippet":"max-snippet:-1","max-image-preview":"max-image-preview:large","max-video-preview":"max-video-preview:-1"},"canonical":"https:\/\/www.welovecycling.com\/hu\/kozosseg-es-kultura\/sajog-es-faj-ajandekozz-megvaltast\/","og_locale":"hu_HU","og_type":"article","og_title":"Sajog \u00e9s f\u00e1j \u2013 aj\u00e1nd\u00e9kozz megv\u00e1lt\u00e1st!","og_description":"Utols\u00f3 pillanatra hagytad az aj\u00e1nd\u00e9kv\u00e1s\u00e1rl\u00e1st? Seg\u00edt\u00fcnk megszabadulni a kar\u00e1csonyi h\u00f3cih\u0151 f\u00e1jdalmait\u00f3l.","og_url":"https:\/\/www.welovecycling.com\/hu\/kozosseg-es-kultura\/sajog-es-faj-ajandekozz-megvaltast\/","og_site_name":"\u0160koda We Love Cycling - Magyarorsz\u00e1g","article_publisher":"https:\/\/www.facebook.com\/WeLoveCyclingHungary\/","article_published_time":"2019-12-23T07:00:22+00:00","og_image":[{"width":1366,"height":600,"url":"https:\/\/d2p6e6u75xmxt8.cloudfront.net\/12\/2019\/12\/Christmas-bicycle-profimedia-0487403489-CVR.jpg","type":"image\/jpeg"}],"author":"hegyizs","twitter_card":"summary_large_image","twitter_misc":{"Written by":"Christopher Ashley","Est. reading time":"5"},"schema":{"@context":"https:\/\/schema.org","@graph":[{"@type":"WebPage","@id":"https:\/\/www.welovecycling.com\/hu\/kozosseg-es-kultura\/sajog-es-faj-ajandekozz-megvaltast\/","url":"https:\/\/www.welovecycling.com\/hu\/kozosseg-es-kultura\/sajog-es-faj-ajandekozz-megvaltast\/","name":"Sajog \u00e9s f\u00e1j \u2013 aj\u00e1nd\u00e9kozz megv\u00e1lt\u00e1st! - \u0160koda We Love Cycling - Magyarorsz\u00e1g","isPartOf":{"@id":"https:\/\/www.welovecycling.com\/hu\/#website"},"primaryImageOfPage":{"@id":"https:\/\/www.welovecycling.com\/hu\/kozosseg-es-kultura\/sajog-es-faj-ajandekozz-megvaltast\/#primaryimage"},"image":{"@id":"https:\/\/www.welovecycling.com\/hu\/kozosseg-es-kultura\/sajog-es-faj-ajandekozz-megvaltast\/#primaryimage"},"thumbnailUrl":"https:\/\/d2p6e6u75xmxt8.cloudfront.net\/12\/2019\/12\/Christmas-bicycle-profimedia-0487403489-CVR.jpg","datePublished":"2019-12-23T07:00:22+00:00","author":{"@id":"https:\/\/www.welovecycling.com\/hu\/#\/schema\/person\/414a2aebf1801691a5320edb6468e194"},"breadcrumb":{"@id":"https:\/\/www.welovecycling.com\/hu\/kozosseg-es-kultura\/sajog-es-faj-ajandekozz-megvaltast\/#breadcrumb"},"inLanguage":"hu","potentialAction":[{"@type":"ReadAction","target":["https:\/\/www.welovecycling.com\/hu\/kozosseg-es-kultura\/sajog-es-faj-ajandekozz-megvaltast\/"]}]},{"@type":"ImageObject","inLanguage":"hu","@id":"https:\/\/www.welovecycling.com\/hu\/kozosseg-es-kultura\/sajog-es-faj-ajandekozz-megvaltast\/#primaryimage","url":"https:\/\/d2p6e6u75xmxt8.cloudfront.net\/12\/2019\/12\/Christmas-bicycle-profimedia-0487403489-CVR.jpg","contentUrl":"https:\/\/d2p6e6u75xmxt8.cloudfront.net\/12\/2019\/12\/Christmas-bicycle-profimedia-0487403489-CVR.jpg","width":1366,"height":600},{"@type":"BreadcrumbList","@id":"https:\/\/www.welovecycling.com\/hu\/kozosseg-es-kultura\/sajog-es-faj-ajandekozz-megvaltast\/#breadcrumb","itemListElement":[{"@type":"ListItem","position":1,"name":"Home","item":"https:\/\/www.welovecycling.com\/hu\/"},{"@type":"ListItem","position":2,"name":"Sajog \u00e9s f\u00e1j \u2013 aj\u00e1nd\u00e9kozz megv\u00e1lt\u00e1st!"}]},{"@type":"WebSite","@id":"https:\/\/www.welovecycling.com\/hu\/#website","url":"https:\/\/www.welovecycling.com\/hu\/","name":"\u0160koda We Love Cycling - Magyarorsz\u00e1g","description":"\u0160koda WeLoveCycling","potentialAction":[{"@type":"SearchAction","target":{"@type":"EntryPoint","urlTemplate":"https:\/\/www.welovecycling.com\/hu\/?s={search_term_string}"},"query-input":{"@type":"PropertyValueSpecification","valueRequired":true,"valueName":"search_term_string"}}],"inLanguage":"hu"},{"@type":"Person","@id":"https:\/\/www.welovecycling.com\/hu\/#\/schema\/person\/414a2aebf1801691a5320edb6468e194","name":"hegyizs","image":{"@type":"ImageObject","inLanguage":"hu","@id":"https:\/\/www.welovecycling.com\/hu\/#\/schema\/person\/image\/","url":"https:\/\/secure.gravatar.com\/avatar\/02cf8a7906b8cf90cecb4679defac7cfd33a1c2e3b88e4903d947f3bb58eedd3?s=96&d=mm&r=g","contentUrl":"https:\/\/secure.gravatar.com\/avatar\/02cf8a7906b8cf90cecb4679defac7cfd33a1c2e3b88e4903d947f3bb58eedd3?s=96&d=mm&r=g","caption":"hegyizs"},"url":"https:\/\/www.welovecycling.com\/hu\/author\/hegyizs\/"}]}},"_links":{"self":[{"href":"https:\/\/www.welovecycling.com\/hu\/wp-json\/wp\/v2\/posts\/6276","targetHints":{"allow":["GET"]}}],"collection":[{"href":"https:\/\/www.welovecycling.com\/hu\/wp-json\/wp\/v2\/posts"}],"about":[{"href":"https:\/\/www.welovecycling.com\/hu\/wp-json\/wp\/v2\/types\/post"}],"author":[{"embeddable":true,"href":"https:\/\/www.welovecycling.com\/hu\/wp-json\/wp\/v2\/users\/71"}],"replies":[{"embeddable":true,"href":"https:\/\/www.welovecycling.com\/hu\/wp-json\/wp\/v2\/comments?post=6276"}],"version-history":[{"count":2,"href":"https:\/\/www.welovecycling.com\/hu\/wp-json\/wp\/v2\/posts\/6276\/revisions"}],"predecessor-version":[{"id":6301,"href":"https:\/\/www.welovecycling.com\/hu\/wp-json\/wp\/v2\/posts\/6276\/revisions\/6301"}],"wp:featuredmedia":[{"embeddable":true,"href":"https:\/\/www.welovecycling.com\/hu\/wp-json\/wp\/v2\/media\/6281"}],"wp:attachment":[{"href":"https:\/\/www.welovecycling.com\/hu\/wp-json\/wp\/v2\/media?parent=6276"}],"wp:term":[{"taxonomy":"category","embeddable":true,"href":"https:\/\/www.welovecycling.com\/hu\/wp-json\/wp\/v2\/categories?post=6276"},{"taxonomy":"post_tag","embeddable":true,"href":"https:\/\/www.welovecycling.com\/hu\/wp-json\/wp\/v2\/tags?post=6276"},{"taxonomy":"global-categories","embeddable":true,"href":"https:\/\/www.welovecycling.com\/hu\/wp-json\/wp\/v2\/global-categories?post=6276"}],"curies":[{"name":"wp","href":"https:\/\/api.w.org\/{rel}","templated":true}]}}