{"id":6243,"date":"2019-12-19T08:00:22","date_gmt":"2019-12-19T07:00:22","guid":{"rendered":"https:\/\/www.welovecycling.com\/hu\/?p=6243"},"modified":"2020-04-24T10:08:38","modified_gmt":"2020-04-24T09:08:38","slug":"legjobb-zwift-alternativak","status":"publish","type":"post","link":"https:\/\/www.welovecycling.com\/hu\/edzes-es-eletmod\/legjobb-zwift-alternativak\/","title":{"rendered":"Legjobb Zwift alternat\u00edv\u00e1k"},"content":{"rendered":"<p><strong>Abban biztosan egyet\u00e9rthet\u00fcnk, hogy semmi sem jobb ann\u00e1l a szabads\u00e1g\u00e9rz\u00e9sn\u00e9l, ami a szabad leveg\u0151n tekerve kap el minket. Azonban ebben a neh\u00e9z id\u0151szakban a legjobb, amit tehet\u00fcnk, hogy otthon maradunk. A praktikus megold\u00e1sokat k\u00edn\u00e1l\u00f3 tr\u00e9ner applik\u00e1ci\u00f3k nagy utat j\u00e1rtak be piacra ker\u00fcl\u00e9s\u00fck \u00f3ta. Manaps\u00e1g m\u00e1r nagyon k\u00f6nnyen tal\u00e1lsz olyan online alkalmaz\u00e1st, amivel interakt\u00edv \u00e9s mag\u00e1val ragad\u00f3 belt\u00e9ri edz\u00e9st tarthatsz.<\/strong><!--more--><\/p>\n<p>A Zwift nev\u0171 alkalmaz\u00e1s lett a legn\u00e9pszer\u0171bb edz\u0151 app az ut\u00f3bbi id\u0151ben, m\u00e9gpedig nem ok n\u00e9lk\u00fcl. A f\u0151 vonzer\u0151 a multiplayer j\u00e1t\u00e9klehet\u0151s\u00e9g, ami a Zwift nagy dob\u00e1sa: egy virtu\u00e1lis vil\u00e1gban tekerhetsz egyed\u00fcl, vagy a vil\u00e1g b\u00e1rmely pontj\u00e1n \u00e9l\u0151 m\u00e1s j\u00e1t\u00e9kos oldal\u00e1n. Rengeteg esem\u00e9nyt szerveztek m\u00e1r a virtu\u00e1lis t\u00e9rben, az edz\u00e9sekt\u0151l kezdve a versenyekig. De k\u00f6vethetsz el\u0151re meg\u00edrt terveket vagy egy\u00e9ni edz\u00e9stervet is \u00f6ssze\u00e1ll\u00edthatsz.<\/p>\n<p>B\u00e1r a Zwift jelenleg piacvezet\u0151 \u00e9s a legt\u00f6bb figyelem erre az appra ir\u00e1nyul, m\u00e9g rengeteg lehet\u0151s\u00e9g k\u00f6z\u00fcl v\u00e1laszthatsz. A teljess\u00e9g ig\u00e9nye n\u00e9lk\u00fcl k\u00e9sz\u00fclt list\u00e1nkban \u00f6sszefoglaltuk a Zwift-alternat\u00edv\u00e1kat.<\/p>\n<h2><strong>TrainerRoad<\/strong><\/h2>\n<p>Kev\u00e9sb\u00e9 k\u00f6z\u00f6ss\u00e9gi, mint a Zwift, a TrainerRoad ink\u00e1bb arra f\u00f3kusz\u00e1l, hogy min\u00e9l gyorsabban el\u00e9rd a c\u00e9ljaid, \u00e9s egyre fittebb legy\u00e9l. Letisztult grafika jellemzi, amin nyomon k\u00f6vethetsz minden adatot, ami az er\u0151fesz\u00edt\u00e9seidet \u00e9s a fejl\u0151d\u00e9sedet mutatja. Emellett jelzi a sz\u00edvver\u00e9sed, a ritmust \u00e9s a kifejtett er\u0151t is. A TrainerRoad eddig legnagyobb el\u0151nye a sz\u00e1mtalan edz\u00e9sform\u00e1ja \u00e9s edz\u00e9sterve. T\u00f6bb mint 1000 edz\u00e9s k\u00f6z\u00fcl v\u00e1laszthatsz, biztosan nem lesz probl\u00e9ma, megtal\u00e1lni a neked val\u00f3t. S\u0151t, t\u00f6bb mint 100 edz\u00e9sterv seg\u00edt, hogy hossz\u00fat\u00e1von is gondolkozhass. Lehet, hogy nem olyan leny\u0171g\u00f6z\u0151, mint vet\u00e9lyt\u00e1rsai, de biztosan el\u00e9red vele kit\u0171z\u00f6tt c\u00e9ljaidat!<\/p>\n<p>&nbsp;<\/p>\n<p>https:\/\/www.instagram.com\/p\/BzItKA4n1Uq\/<\/p>\n<h2><strong>Rouvy<\/strong><\/h2>\n<p>Ez az alkalmaz\u00e1s mag\u00e1ban foglal 2000 magas min\u0151s\u00e9g\u0171 vide\u00f3s \u00fatvonalat, rengeteg edz\u00e9st, csoportos teker\u00e9seket, online versenyeket, motiv\u00e1l\u00f3 kih\u00edv\u00e1sokat \u00e9s egy karrierprogramot is. A leg\u00e9rdekesebb r\u00e9sz az \u201eAugmented Routes\u201d, ami egy egyed\u00fcl\u00e1ll\u00f3, kiterjesztett val\u00f3s\u00e1gon alapul\u00f3 men\u00fcpont. Kombin\u00e1lja a 2D-s utakat 3 dimenzi\u00f3s biciklisekkel \u00e9s terept\u00e1rgyakkal. Hihetetlen\u00fcl j\u00f3 \u00e9lm\u00e9ny \u00edgy l\u00e1tni a versenyt\u00e1rsaidat!<\/p>\n<p>https:\/\/www.instagram.com\/p\/B4mw7d0F2l8\/<\/p>\n<h2><strong>Bkool<\/strong><\/h2>\n<p>Haladunk tov\u00e1bb a VR vil\u00e1g\u00e1ban: a Bkool 3 dimenzi\u00f3s \u00e9lm\u00e9nyt k\u00edn\u00e1l. A fejleszt\u0151k nagy energi\u00e1kat fektettek abba, hogy kialak\u00edts\u00e1k a m\u00e1sz\u00e1s lehet\u0151s\u00e9g\u00e9t. A Bkool Simulator szoftvere a val\u00f3s\u00e1ggal megegyez\u0151 l\u00e1tv\u00e1nyt ny\u00fajt a biciklis szemsz\u00f6g\u00e9b\u0151l, sz\u00e9les \u00fatvonalv\u00e1laszt\u00e9kot felk\u00edn\u00e1lva. Megadja a h\u00e9tk\u00f6znapokb\u00f3l val\u00f3 kiszabadul\u00e1s \u00e9lm\u00e9ny\u00e9t, de a val\u00f3s\u00e1gos k\u00f6rnyezet azoknak is kiv\u00e1l\u00f3, akik nem szeretnek k\u00e9pzeletbeli utakon tekerni. A Bkool-al r\u00e1ad\u00e1sul saj\u00e1t felv\u00e9teleket is k\u00e9sz\u00edthetsz, amiket k\u00e9s\u0151bb haszn\u00e1lhatsz az applik\u00e1ci\u00f3ban is!<\/p>\n<p>https:\/\/www.instagram.com\/p\/B2hVQzsBK-w\/<\/p>\n<h2><strong>Tacx<\/strong><\/h2>\n<p>Ha van Tacx tr\u00e9nered, tal\u00e1n m\u00e1r tudod, hogy a c\u00e9g fejlesztett hozz\u00e1 egy saj\u00e1t szoftvert is. B\u00e1r az elej\u00e9n becs\u00faszott egy-k\u00e9t hiba, f\u0151leg Mac felhaszn\u00e1l\u00f3kn\u00e1l, \u00fagy t\u0171nik, m\u00e1r megoldott\u00e1k a probl\u00e9m\u00e1kat \u00e9s sz\u00e1mos gy\u00f6ny\u00f6r\u0171 \u00fatvonal k\u00f6z\u00fcl v\u00e1laszthatunk, ha virtu\u00e1lisan akarunk tekerni. Adatb\u00e1zisuk folyamatosan n\u0151, de te is t\u00f6lthetsz fel \u00fatvonalakat Strava fi\u00f3koddal vagy GPS adatokat megadva.<\/p>\n<p>https:\/\/twitter.com\/tacx\/status\/1189149883472777217<\/p>\n<p>A legt\u00f6bb app folyamatosan fejl\u0151dik, \u00e9s egyre b\u0151v\u00fcl az \u00fatvonal-k\u00edn\u00e1latuk is. Sokszor ingyenesen kipr\u00f3b\u00e1lhatod \u0151ket, sz\u00f3val ford\u00edts id\u0151t arra, hogy t\u00f6bbe is belen\u00e9zz \u00e9s v\u00e1lassz k\u00f6z\u00fcl\u00fck! Lehet, hogy v\u00e9g\u00fcl arra jutsz, hogy maradsz a Zwift-n\u00e9l, vagy tal\u00e1lsz valami \u00faj appot, de az biztos, hogy ha van otthon tr\u00e9nered, nem fogsz unatkozni!<\/p>\n","protected":false},"excerpt":{"rendered":"<p>Abban biztosan egyet\u00e9rthet\u00fcnk, hogy semmi sem jobb ann\u00e1l a szabads\u00e1g\u00e9rz\u00e9sn\u00e9l, ami a szabad leveg\u0151n tekerve kap el minket. Azonban ebben [&hellip;]<\/p>\n","protected":false},"author":71,"featured_media":6250,"comment_status":"open","ping_status":"open","sticky":false,"template":"","format":"standard","meta":{"footnotes":""},"categories":[6],"tags":[],"global-categories":[],"class_list":["post-6243","post","type-post","status-publish","format-standard","has-post-thumbnail","hentry","category-edzes-es-eletmod"],"yoast_head":"<!-- This site is optimized with the Yoast SEO Premium plugin v25.3 (Yoast SEO v25.9) - https:\/\/yoast.com\/wordpress\/plugins\/seo\/ -->\n<title>Legjobb Zwift alternat\u00edv\u00e1k - \u0160koda We Love Cycling - Magyarorsz\u00e1g<\/title>\n<meta name=\"robots\" content=\"index, follow, max-snippet:-1, max-image-preview:large, max-video-preview:-1\" \/>\n<link rel=\"canonical\" href=\"https:\/\/www.welovecycling.com\/hu\/edzes-es-eletmod\/legjobb-zwift-alternativak\/\" \/>\n<meta property=\"og:locale\" content=\"hu_HU\" \/>\n<meta property=\"og:type\" content=\"article\" \/>\n<meta property=\"og:title\" content=\"Legjobb Zwift alternat\u00edv\u00e1k\" \/>\n<meta property=\"og:description\" content=\"Abban biztosan egyet\u00e9rthet\u00fcnk, hogy semmi sem jobb ann\u00e1l a szabads\u00e1g\u00e9rz\u00e9sn\u00e9l, ami a szabad leveg\u0151n tekerve kap el minket. Azonban ebben [&hellip;]\" \/>\n<meta property=\"og:url\" content=\"https:\/\/www.welovecycling.com\/hu\/edzes-es-eletmod\/legjobb-zwift-alternativak\/\" \/>\n<meta property=\"og:site_name\" content=\"\u0160koda We Love Cycling - Magyarorsz\u00e1g\" \/>\n<meta property=\"article:publisher\" content=\"https:\/\/www.facebook.com\/WeLoveCyclingHungary\/\" \/>\n<meta property=\"article:published_time\" content=\"2019-12-19T07:00:22+00:00\" \/>\n<meta property=\"article:modified_time\" content=\"2020-04-24T09:08:38+00:00\" \/>\n<meta property=\"og:image\" content=\"https:\/\/d2p6e6u75xmxt8.cloudfront.net\/12\/2019\/12\/Tacx-CVR.jpg\" \/>\n\t<meta property=\"og:image:width\" content=\"1366\" \/>\n\t<meta property=\"og:image:height\" content=\"600\" \/>\n\t<meta property=\"og:image:type\" content=\"image\/jpeg\" \/>\n<meta name=\"author\" content=\"hegyizs\" \/>\n<meta name=\"twitter:card\" content=\"summary_large_image\" \/>\n<meta name=\"twitter:label1\" content=\"Written by\" \/>\n\t<meta name=\"twitter:data1\" content=\"Megan Flottorp\" \/>\n\t<meta name=\"twitter:label2\" content=\"Est. reading time\" \/>\n\t<meta name=\"twitter:data2\" content=\"7\" \/>\n<script type=\"application\/ld+json\" class=\"yoast-schema-graph\">{\"@context\":\"https:\/\/schema.org\",\"@graph\":[{\"@type\":\"WebPage\",\"@id\":\"https:\/\/www.welovecycling.com\/hu\/edzes-es-eletmod\/legjobb-zwift-alternativak\/\",\"url\":\"https:\/\/www.welovecycling.com\/hu\/edzes-es-eletmod\/legjobb-zwift-alternativak\/\",\"name\":\"Legjobb Zwift alternat\u00edv\u00e1k - \u0160koda We Love Cycling - Magyarorsz\u00e1g\",\"isPartOf\":{\"@id\":\"https:\/\/www.welovecycling.com\/hu\/#website\"},\"primaryImageOfPage\":{\"@id\":\"https:\/\/www.welovecycling.com\/hu\/edzes-es-eletmod\/legjobb-zwift-alternativak\/#primaryimage\"},\"image\":{\"@id\":\"https:\/\/www.welovecycling.com\/hu\/edzes-es-eletmod\/legjobb-zwift-alternativak\/#primaryimage\"},\"thumbnailUrl\":\"https:\/\/d2p6e6u75xmxt8.cloudfront.net\/12\/2019\/12\/Tacx-CVR.jpg\",\"datePublished\":\"2019-12-19T07:00:22+00:00\",\"dateModified\":\"2020-04-24T09:08:38+00:00\",\"author\":{\"@id\":\"https:\/\/www.welovecycling.com\/hu\/#\/schema\/person\/414a2aebf1801691a5320edb6468e194\"},\"breadcrumb\":{\"@id\":\"https:\/\/www.welovecycling.com\/hu\/edzes-es-eletmod\/legjobb-zwift-alternativak\/#breadcrumb\"},\"inLanguage\":\"hu\",\"potentialAction\":[{\"@type\":\"ReadAction\",\"target\":[\"https:\/\/www.welovecycling.com\/hu\/edzes-es-eletmod\/legjobb-zwift-alternativak\/\"]}]},{\"@type\":\"ImageObject\",\"inLanguage\":\"hu\",\"@id\":\"https:\/\/www.welovecycling.com\/hu\/edzes-es-eletmod\/legjobb-zwift-alternativak\/#primaryimage\",\"url\":\"https:\/\/d2p6e6u75xmxt8.cloudfront.net\/12\/2019\/12\/Tacx-CVR.jpg\",\"contentUrl\":\"https:\/\/d2p6e6u75xmxt8.cloudfront.net\/12\/2019\/12\/Tacx-CVR.jpg\",\"width\":1366,\"height\":600},{\"@type\":\"BreadcrumbList\",\"@id\":\"https:\/\/www.welovecycling.com\/hu\/edzes-es-eletmod\/legjobb-zwift-alternativak\/#breadcrumb\",\"itemListElement\":[{\"@type\":\"ListItem\",\"position\":1,\"name\":\"Home\",\"item\":\"https:\/\/www.welovecycling.com\/hu\/\"},{\"@type\":\"ListItem\",\"position\":2,\"name\":\"Legjobb Zwift alternat\u00edv\u00e1k\"}]},{\"@type\":\"WebSite\",\"@id\":\"https:\/\/www.welovecycling.com\/hu\/#website\",\"url\":\"https:\/\/www.welovecycling.com\/hu\/\",\"name\":\"\u0160koda We Love Cycling - Magyarorsz\u00e1g\",\"description\":\"\u0160koda WeLoveCycling\",\"potentialAction\":[{\"@type\":\"SearchAction\",\"target\":{\"@type\":\"EntryPoint\",\"urlTemplate\":\"https:\/\/www.welovecycling.com\/hu\/?s={search_term_string}\"},\"query-input\":{\"@type\":\"PropertyValueSpecification\",\"valueRequired\":true,\"valueName\":\"search_term_string\"}}],\"inLanguage\":\"hu\"},{\"@type\":\"Person\",\"@id\":\"https:\/\/www.welovecycling.com\/hu\/#\/schema\/person\/414a2aebf1801691a5320edb6468e194\",\"name\":\"hegyizs\",\"image\":{\"@type\":\"ImageObject\",\"inLanguage\":\"hu\",\"@id\":\"https:\/\/www.welovecycling.com\/hu\/#\/schema\/person\/image\/\",\"url\":\"https:\/\/secure.gravatar.com\/avatar\/02cf8a7906b8cf90cecb4679defac7cfd33a1c2e3b88e4903d947f3bb58eedd3?s=96&d=mm&r=g\",\"contentUrl\":\"https:\/\/secure.gravatar.com\/avatar\/02cf8a7906b8cf90cecb4679defac7cfd33a1c2e3b88e4903d947f3bb58eedd3?s=96&d=mm&r=g\",\"caption\":\"hegyizs\"},\"url\":\"https:\/\/www.welovecycling.com\/hu\/author\/hegyizs\/\"}]}<\/script>\n<!-- \/ Yoast SEO Premium plugin. -->","yoast_head_json":{"title":"Legjobb Zwift alternat\u00edv\u00e1k - \u0160koda We Love Cycling - Magyarorsz\u00e1g","robots":{"index":"index","follow":"follow","max-snippet":"max-snippet:-1","max-image-preview":"max-image-preview:large","max-video-preview":"max-video-preview:-1"},"canonical":"https:\/\/www.welovecycling.com\/hu\/edzes-es-eletmod\/legjobb-zwift-alternativak\/","og_locale":"hu_HU","og_type":"article","og_title":"Legjobb Zwift alternat\u00edv\u00e1k","og_description":"Abban biztosan egyet\u00e9rthet\u00fcnk, hogy semmi sem jobb ann\u00e1l a szabads\u00e1g\u00e9rz\u00e9sn\u00e9l, ami a szabad leveg\u0151n tekerve kap el minket. Azonban ebben [&hellip;]","og_url":"https:\/\/www.welovecycling.com\/hu\/edzes-es-eletmod\/legjobb-zwift-alternativak\/","og_site_name":"\u0160koda We Love Cycling - Magyarorsz\u00e1g","article_publisher":"https:\/\/www.facebook.com\/WeLoveCyclingHungary\/","article_published_time":"2019-12-19T07:00:22+00:00","article_modified_time":"2020-04-24T09:08:38+00:00","og_image":[{"width":1366,"height":600,"url":"https:\/\/d2p6e6u75xmxt8.cloudfront.net\/12\/2019\/12\/Tacx-CVR.jpg","type":"image\/jpeg"}],"author":"hegyizs","twitter_card":"summary_large_image","twitter_misc":{"Written by":"Megan Flottorp","Est. reading time":"7"},"schema":{"@context":"https:\/\/schema.org","@graph":[{"@type":"WebPage","@id":"https:\/\/www.welovecycling.com\/hu\/edzes-es-eletmod\/legjobb-zwift-alternativak\/","url":"https:\/\/www.welovecycling.com\/hu\/edzes-es-eletmod\/legjobb-zwift-alternativak\/","name":"Legjobb Zwift alternat\u00edv\u00e1k - \u0160koda We Love Cycling - Magyarorsz\u00e1g","isPartOf":{"@id":"https:\/\/www.welovecycling.com\/hu\/#website"},"primaryImageOfPage":{"@id":"https:\/\/www.welovecycling.com\/hu\/edzes-es-eletmod\/legjobb-zwift-alternativak\/#primaryimage"},"image":{"@id":"https:\/\/www.welovecycling.com\/hu\/edzes-es-eletmod\/legjobb-zwift-alternativak\/#primaryimage"},"thumbnailUrl":"https:\/\/d2p6e6u75xmxt8.cloudfront.net\/12\/2019\/12\/Tacx-CVR.jpg","datePublished":"2019-12-19T07:00:22+00:00","dateModified":"2020-04-24T09:08:38+00:00","author":{"@id":"https:\/\/www.welovecycling.com\/hu\/#\/schema\/person\/414a2aebf1801691a5320edb6468e194"},"breadcrumb":{"@id":"https:\/\/www.welovecycling.com\/hu\/edzes-es-eletmod\/legjobb-zwift-alternativak\/#breadcrumb"},"inLanguage":"hu","potentialAction":[{"@type":"ReadAction","target":["https:\/\/www.welovecycling.com\/hu\/edzes-es-eletmod\/legjobb-zwift-alternativak\/"]}]},{"@type":"ImageObject","inLanguage":"hu","@id":"https:\/\/www.welovecycling.com\/hu\/edzes-es-eletmod\/legjobb-zwift-alternativak\/#primaryimage","url":"https:\/\/d2p6e6u75xmxt8.cloudfront.net\/12\/2019\/12\/Tacx-CVR.jpg","contentUrl":"https:\/\/d2p6e6u75xmxt8.cloudfront.net\/12\/2019\/12\/Tacx-CVR.jpg","width":1366,"height":600},{"@type":"BreadcrumbList","@id":"https:\/\/www.welovecycling.com\/hu\/edzes-es-eletmod\/legjobb-zwift-alternativak\/#breadcrumb","itemListElement":[{"@type":"ListItem","position":1,"name":"Home","item":"https:\/\/www.welovecycling.com\/hu\/"},{"@type":"ListItem","position":2,"name":"Legjobb Zwift alternat\u00edv\u00e1k"}]},{"@type":"WebSite","@id":"https:\/\/www.welovecycling.com\/hu\/#website","url":"https:\/\/www.welovecycling.com\/hu\/","name":"\u0160koda We Love Cycling - Magyarorsz\u00e1g","description":"\u0160koda WeLoveCycling","potentialAction":[{"@type":"SearchAction","target":{"@type":"EntryPoint","urlTemplate":"https:\/\/www.welovecycling.com\/hu\/?s={search_term_string}"},"query-input":{"@type":"PropertyValueSpecification","valueRequired":true,"valueName":"search_term_string"}}],"inLanguage":"hu"},{"@type":"Person","@id":"https:\/\/www.welovecycling.com\/hu\/#\/schema\/person\/414a2aebf1801691a5320edb6468e194","name":"hegyizs","image":{"@type":"ImageObject","inLanguage":"hu","@id":"https:\/\/www.welovecycling.com\/hu\/#\/schema\/person\/image\/","url":"https:\/\/secure.gravatar.com\/avatar\/02cf8a7906b8cf90cecb4679defac7cfd33a1c2e3b88e4903d947f3bb58eedd3?s=96&d=mm&r=g","contentUrl":"https:\/\/secure.gravatar.com\/avatar\/02cf8a7906b8cf90cecb4679defac7cfd33a1c2e3b88e4903d947f3bb58eedd3?s=96&d=mm&r=g","caption":"hegyizs"},"url":"https:\/\/www.welovecycling.com\/hu\/author\/hegyizs\/"}]}},"_links":{"self":[{"href":"https:\/\/www.welovecycling.com\/hu\/wp-json\/wp\/v2\/posts\/6243","targetHints":{"allow":["GET"]}}],"collection":[{"href":"https:\/\/www.welovecycling.com\/hu\/wp-json\/wp\/v2\/posts"}],"about":[{"href":"https:\/\/www.welovecycling.com\/hu\/wp-json\/wp\/v2\/types\/post"}],"author":[{"embeddable":true,"href":"https:\/\/www.welovecycling.com\/hu\/wp-json\/wp\/v2\/users\/71"}],"replies":[{"embeddable":true,"href":"https:\/\/www.welovecycling.com\/hu\/wp-json\/wp\/v2\/comments?post=6243"}],"version-history":[{"count":2,"href":"https:\/\/www.welovecycling.com\/hu\/wp-json\/wp\/v2\/posts\/6243\/revisions"}],"predecessor-version":[{"id":7511,"href":"https:\/\/www.welovecycling.com\/hu\/wp-json\/wp\/v2\/posts\/6243\/revisions\/7511"}],"wp:featuredmedia":[{"embeddable":true,"href":"https:\/\/www.welovecycling.com\/hu\/wp-json\/wp\/v2\/media\/6250"}],"wp:attachment":[{"href":"https:\/\/www.welovecycling.com\/hu\/wp-json\/wp\/v2\/media?parent=6243"}],"wp:term":[{"taxonomy":"category","embeddable":true,"href":"https:\/\/www.welovecycling.com\/hu\/wp-json\/wp\/v2\/categories?post=6243"},{"taxonomy":"post_tag","embeddable":true,"href":"https:\/\/www.welovecycling.com\/hu\/wp-json\/wp\/v2\/tags?post=6243"},{"taxonomy":"global-categories","embeddable":true,"href":"https:\/\/www.welovecycling.com\/hu\/wp-json\/wp\/v2\/global-categories?post=6243"}],"curies":[{"name":"wp","href":"https:\/\/api.w.org\/{rel}","templated":true}]}}