{"id":6187,"date":"2019-12-09T18:14:26","date_gmt":"2019-12-09T17:14:26","guid":{"rendered":"https:\/\/www.welovecycling.com\/hu\/?p=6187"},"modified":"2020-02-11T14:47:18","modified_gmt":"2020-02-11T13:47:18","slug":"amint-tiltva-lett-a-biciklizes-azonnal-menni-akartam","status":"publish","type":"post","link":"https:\/\/www.welovecycling.com\/hu\/blog\/amint-tiltva-lett-a-biciklizes-azonnal-menni-akartam\/","title":{"rendered":"\u201eAmint tiltva lett a bicikliz\u00e9s, azonnal menni akartam\u201d"},"content":{"rendered":"<p><strong>Buzs\u00e1ki Vir\u00e1g XCO Magyar Bajnok, ifi olimpiai 3. helyezett, sz\u00e9p eredm\u00e9nyeket \u00e9rt el a 2018-as \u00e9s a 2019-es Vil\u00e1gkup\u00e1n, m\u00e1sodik lett XCO Magyar Bajnoks\u00e1gon, jelenleg pedig gyerekeket motiv\u00e1l nap mint nap edz\u00e9sein. \u00c9s m\u00e9g nincs 20 \u00e9ves. \u0150t is megk\u00e9rdezt\u00fck arr\u00f3l, mi hajtja.<\/strong><!--more--><\/p>\n<h3><strong>Biztos veled is el\u0151fordult, hogy nem volt kedved fel\u00fclni a bring\u00e1ra. Milyen kifog\u00e1sokat tal\u00e1lt\u00e1l ilyenkor?<\/strong><\/h3>\n<p>Alapvet\u0151en nem szoktam kifog\u00e1sokat keresni, mert versenyz\u0151 vagyok \u00e9s v\u00e1llalom az edz\u00e9sek k\u00f6r\u00fclm\u00e9nyeit, illetve el\u00e9g motiv\u00e1lt vagyok ahhoz, hogy ne akarjam kihagyni a sz\u00fcks\u00e9ges munk\u00e1t a c\u00e9ljaim el\u00e9r\u00e9s\u00e9hez. Persze, \u00e9n se vagyok szent, az el\u0151bbieket m\u00e1r el\u00e9g \u00e9rett fejjel gondolom. Gyerekk\u00e9nt valamilyen testi bajt tal\u00e1ltam ki magamnak: f\u00e1j a l\u00e1bam, hasam, bok\u00e1m. \ud83d\ude42<\/p>\n<h3><strong>V\u00e9g\u00fcl legy\u0151zted ezeket? Hogyan?<\/strong><\/h3>\n<p>Persze. Egyik kifog\u00e1som sem tartott tov\u00e1bb egy-egy napn\u00e1l. A biciklizni akar\u00e1s \u00e9s annak szeretete el\u00e9g k\u00f6nnyen visszarep\u00edtett a nyeregbe. Viszont nagyon \u00e9rdekes, hogy abban a pillanatban, amint tiltva lett a bicikliz\u00e9s (rossz id\u0151, s\u00e9r\u00fcl\u00e9s stb.) azonnal menni akartam.<\/p>\n<p><img loading=\"lazy\" decoding=\"async\" class=\"aligncenter size-large wp-image-5432\" src=\"https:\/\/d2p6e6u75xmxt8.cloudfront.net\/12\/2019\/10\/DSC_9843-1024x681.jpg\" alt=\"\" width=\"1024\" height=\"681\" srcset=\"https:\/\/d2p6e6u75xmxt8.cloudfront.net\/12\/2019\/10\/DSC_9843-1024x681.jpg 1024w, https:\/\/d2p6e6u75xmxt8.cloudfront.net\/12\/2019\/10\/DSC_9843-300x200.jpg 300w, https:\/\/d2p6e6u75xmxt8.cloudfront.net\/12\/2019\/10\/DSC_9843-768x511.jpg 768w, https:\/\/d2p6e6u75xmxt8.cloudfront.net\/12\/2019\/10\/DSC_9843-1920x1278.jpg 1920w, https:\/\/d2p6e6u75xmxt8.cloudfront.net\/12\/2019\/10\/DSC_9843-272x182.jpg 272w, https:\/\/d2p6e6u75xmxt8.cloudfront.net\/12\/2019\/10\/DSC_9843-1920x1278.jpg 1920w\" sizes=\"auto, (max-width: 1024px) 100vw, 1024px\" \/><\/p>\n<h3><strong>Az \u00e1ltalad edzett gyerekek milyen kifog\u00e1sokat szoktak kital\u00e1lni?<\/strong><\/h3>\n<p>Gyerekek, hatalmas fant\u00e1zi\u00e1juk van. Sok mindent hallottam m\u00e1r, kedvencem az volt, mikor ny\u00e1ron mentem edz\u00e9st tartani \u00e9s \u00f6sszefutottam egy kis sr\u00e1ccal, akit akkor m\u00e1r hetek \u00f3ta nem l\u00e1ttam \u00e9s k\u00e9rdeztem, most mi\u00e9rt nem j\u00f6n (biciklin \u00fclt akkor is), a v\u00e1lasz el\u00e9gg\u00e9 meglepett: &#8220;r\u00e1 kell pihennem a j\u00f6v\u0151 heti angol t\u00e1borra&#8221; \ud83d\ude42<\/p>\n<h3><strong>Szerinted mik lehetnek azok a probl\u00e9m\u00e1k, amik legink\u00e1bb visszatartj\u00e1k az embereket a sportol\u00e1st\u00f3l?<\/strong><\/h3>\n<p>Nincs el\u00e9g er\u0151s, el\u00e9g m\u00e9ly motiv\u00e1ci\u00f3juk. Ez a sportol\u00e1s dolog nem t\u00fal bonyolult. Szeretni kell, akarni \u00e9s csin\u00e1lni. Ennyi.<\/p>\n<h3><strong>T\u00e9ged mi motiv\u00e1l?<\/strong><\/h3>\n<p>Szeretn\u00e9k sikeres versenyz\u0151 lenni hossz\u00fat\u00e1von. Tiszt\u00e1ban vagyok vele, hogy ehhez mit kell tennem \u00e9s azt igyekszem is megtenni. Persze, n\u00e9ha t\u00f6rt\u00e9nnek olyan dolgok, amik kiz\u00f6kkentenek \u00e9s rem\u00e9nyvesztettnek \u00e9rzem magam, olyankor seg\u00edt az, hogy szeretek biciklizni \u00e9s tudom, ha elmegyek ak\u00e1r csak egy \u00f3r\u00e1ra, \u00fagy \u00e9rek vissza, mintha minden gondom megold\u00f3dott volna \u00e9s el sem tudom k\u00e9pzelni, min agg\u00f3dtam el\u0151tte.<\/p>\n<p><img loading=\"lazy\" decoding=\"async\" class=\"aligncenter size-large wp-image-5423\" src=\"https:\/\/d2p6e6u75xmxt8.cloudfront.net\/12\/2019\/10\/DSC_3043-1024x684.jpg\" alt=\"\" width=\"1024\" height=\"684\" srcset=\"https:\/\/d2p6e6u75xmxt8.cloudfront.net\/12\/2019\/10\/DSC_3043-1024x684.jpg 1024w, https:\/\/d2p6e6u75xmxt8.cloudfront.net\/12\/2019\/10\/DSC_3043-300x200.jpg 300w, https:\/\/d2p6e6u75xmxt8.cloudfront.net\/12\/2019\/10\/DSC_3043-768x513.jpg 768w, https:\/\/d2p6e6u75xmxt8.cloudfront.net\/12\/2019\/10\/DSC_3043-1920x1282.jpg 1920w, https:\/\/d2p6e6u75xmxt8.cloudfront.net\/12\/2019\/10\/DSC_3043-272x182.jpg 272w, https:\/\/d2p6e6u75xmxt8.cloudfront.net\/12\/2019\/10\/DSC_3043-1920x1282.jpg 1920w\" sizes=\"auto, (max-width: 1024px) 100vw, 1024px\" \/><\/p>\n<h3><strong>Mit \u00fczenn\u00e9l azoknak, akik m\u00e9g nem bicikliznek, mi\u00e9rt kezdj\u00e9k el, hogyan tal\u00e1ljanak motiv\u00e1ci\u00f3t, hogyan gy\u0151zz\u00e9k le kifog\u00e1saikat?<\/strong><\/h3>\n<p>\u00c9n azt javasoln\u00e1m a hatalmas kl\u00edmav\u00e1ltoz\u00e1s k\u00f6zepette, hogy kezdjenek el biciklivel k\u00f6zlekedni. Kisebb t\u00e1vokra gondolok, 10-20 km-re. Anyuk\u00e1m \u00e9veken kereszt\u00fcl p\u00e9ld\u00e1ul \u00fagy csin\u00e1lta, hogy eltekert a vonat\u00e1llom\u00e1sig, felrakta a vonatra a biciklit, majd Budapesten bel\u00fcl m\u00e1r nem t\u00f6megk\u00f6zlekedett, hanem k\u00e9tker\u00e9ken, ker\u00e9kp\u00e1rutakon ment be a munkahely\u00e9re. Persze csak akkor, ha ez neki \u00f6r\u00f6m volt. \u00c9s ez a nagyon fontos! Legyen benne \u00f6r\u00f6m, mert an\u00e9lk\u00fcl semmi \u00e9rtelme az eg\u00e9sznek. R\u00f6vid az \u00e9let, szeretni kell azt, amit csin\u00e1lunk. \ud83d\ude42<\/p>\n","protected":false},"excerpt":{"rendered":"<p>Buzs\u00e1ki Vir\u00e1g XCO Magyar Bajnok, ifi olimpiai 3. helyezett, sz\u00e9p eredm\u00e9nyeket \u00e9rt el a 2018-as \u00e9s a 2019-es Vil\u00e1gkup\u00e1n, m\u00e1sodik [&hellip;]<\/p>\n","protected":false},"author":71,"featured_media":5426,"comment_status":"open","ping_status":"open","sticky":false,"template":"","format":"standard","meta":{"footnotes":""},"categories":[13],"tags":[],"global-categories":[],"class_list":["post-6187","post","type-post","status-publish","format-standard","has-post-thumbnail","hentry","category-blog"],"yoast_head":"<!-- This site is optimized with the Yoast SEO Premium plugin v25.3 (Yoast SEO v25.9) - https:\/\/yoast.com\/wordpress\/plugins\/seo\/ -->\n<title>\u201eAmint tiltva lett a bicikliz\u00e9s, azonnal menni akartam\u201d - \u0160koda We Love Cycling - Magyarorsz\u00e1g<\/title>\n<meta name=\"robots\" content=\"index, follow, max-snippet:-1, max-image-preview:large, max-video-preview:-1\" \/>\n<link rel=\"canonical\" href=\"https:\/\/www.welovecycling.com\/hu\/blog\/amint-tiltva-lett-a-biciklizes-azonnal-menni-akartam\/\" \/>\n<meta property=\"og:locale\" content=\"hu_HU\" \/>\n<meta property=\"og:type\" content=\"article\" \/>\n<meta property=\"og:title\" content=\"\u201eAmint tiltva lett a bicikliz\u00e9s, azonnal menni akartam\u201d\" \/>\n<meta property=\"og:description\" content=\"Buzs\u00e1ki Vir\u00e1g XCO Magyar Bajnok, ifi olimpiai 3. helyezett, sz\u00e9p eredm\u00e9nyeket \u00e9rt el a 2018-as \u00e9s a 2019-es Vil\u00e1gkup\u00e1n, m\u00e1sodik [&hellip;]\" \/>\n<meta property=\"og:url\" content=\"https:\/\/www.welovecycling.com\/hu\/blog\/amint-tiltva-lett-a-biciklizes-azonnal-menni-akartam\/\" \/>\n<meta property=\"og:site_name\" content=\"\u0160koda We Love Cycling - Magyarorsz\u00e1g\" \/>\n<meta property=\"article:publisher\" content=\"https:\/\/www.facebook.com\/WeLoveCyclingHungary\/\" \/>\n<meta property=\"article:published_time\" content=\"2019-12-09T17:14:26+00:00\" \/>\n<meta property=\"article:modified_time\" content=\"2020-02-11T13:47:18+00:00\" \/>\n<meta property=\"og:image\" content=\"https:\/\/d2p6e6u75xmxt8.cloudfront.net\/12\/2019\/10\/DSC_3086.jpg\" \/>\n\t<meta property=\"og:image:width\" content=\"2157\" \/>\n\t<meta property=\"og:image:height\" content=\"1440\" \/>\n\t<meta property=\"og:image:type\" content=\"image\/jpeg\" \/>\n<meta name=\"author\" content=\"hegyizs\" \/>\n<meta name=\"twitter:card\" content=\"summary_large_image\" \/>\n<meta name=\"twitter:label1\" content=\"Written by\" \/>\n\t<meta name=\"twitter:data1\" content=\"WLC\" \/>\n\t<meta name=\"twitter:label2\" content=\"Est. reading time\" \/>\n\t<meta name=\"twitter:data2\" content=\"3 minutes\" \/>\n<script type=\"application\/ld+json\" class=\"yoast-schema-graph\">{\"@context\":\"https:\/\/schema.org\",\"@graph\":[{\"@type\":\"WebPage\",\"@id\":\"https:\/\/www.welovecycling.com\/hu\/blog\/amint-tiltva-lett-a-biciklizes-azonnal-menni-akartam\/\",\"url\":\"https:\/\/www.welovecycling.com\/hu\/blog\/amint-tiltva-lett-a-biciklizes-azonnal-menni-akartam\/\",\"name\":\"\u201eAmint tiltva lett a bicikliz\u00e9s, azonnal menni akartam\u201d - \u0160koda We Love Cycling - Magyarorsz\u00e1g\",\"isPartOf\":{\"@id\":\"https:\/\/www.welovecycling.com\/hu\/#website\"},\"primaryImageOfPage\":{\"@id\":\"https:\/\/www.welovecycling.com\/hu\/blog\/amint-tiltva-lett-a-biciklizes-azonnal-menni-akartam\/#primaryimage\"},\"image\":{\"@id\":\"https:\/\/www.welovecycling.com\/hu\/blog\/amint-tiltva-lett-a-biciklizes-azonnal-menni-akartam\/#primaryimage\"},\"thumbnailUrl\":\"https:\/\/d2p6e6u75xmxt8.cloudfront.net\/12\/2019\/10\/DSC_3086.jpg\",\"datePublished\":\"2019-12-09T17:14:26+00:00\",\"dateModified\":\"2020-02-11T13:47:18+00:00\",\"author\":{\"@id\":\"https:\/\/www.welovecycling.com\/hu\/#\/schema\/person\/414a2aebf1801691a5320edb6468e194\"},\"breadcrumb\":{\"@id\":\"https:\/\/www.welovecycling.com\/hu\/blog\/amint-tiltva-lett-a-biciklizes-azonnal-menni-akartam\/#breadcrumb\"},\"inLanguage\":\"hu\",\"potentialAction\":[{\"@type\":\"ReadAction\",\"target\":[\"https:\/\/www.welovecycling.com\/hu\/blog\/amint-tiltva-lett-a-biciklizes-azonnal-menni-akartam\/\"]}]},{\"@type\":\"ImageObject\",\"inLanguage\":\"hu\",\"@id\":\"https:\/\/www.welovecycling.com\/hu\/blog\/amint-tiltva-lett-a-biciklizes-azonnal-menni-akartam\/#primaryimage\",\"url\":\"https:\/\/d2p6e6u75xmxt8.cloudfront.net\/12\/2019\/10\/DSC_3086.jpg\",\"contentUrl\":\"https:\/\/d2p6e6u75xmxt8.cloudfront.net\/12\/2019\/10\/DSC_3086.jpg\",\"width\":2157,\"height\":1440},{\"@type\":\"BreadcrumbList\",\"@id\":\"https:\/\/www.welovecycling.com\/hu\/blog\/amint-tiltva-lett-a-biciklizes-azonnal-menni-akartam\/#breadcrumb\",\"itemListElement\":[{\"@type\":\"ListItem\",\"position\":1,\"name\":\"Home\",\"item\":\"https:\/\/www.welovecycling.com\/hu\/\"},{\"@type\":\"ListItem\",\"position\":2,\"name\":\"\u201eAmint tiltva lett a bicikliz\u00e9s, azonnal menni akartam\u201d\"}]},{\"@type\":\"WebSite\",\"@id\":\"https:\/\/www.welovecycling.com\/hu\/#website\",\"url\":\"https:\/\/www.welovecycling.com\/hu\/\",\"name\":\"\u0160koda We Love Cycling - Magyarorsz\u00e1g\",\"description\":\"\u0160koda WeLoveCycling\",\"potentialAction\":[{\"@type\":\"SearchAction\",\"target\":{\"@type\":\"EntryPoint\",\"urlTemplate\":\"https:\/\/www.welovecycling.com\/hu\/?s={search_term_string}\"},\"query-input\":{\"@type\":\"PropertyValueSpecification\",\"valueRequired\":true,\"valueName\":\"search_term_string\"}}],\"inLanguage\":\"hu\"},{\"@type\":\"Person\",\"@id\":\"https:\/\/www.welovecycling.com\/hu\/#\/schema\/person\/414a2aebf1801691a5320edb6468e194\",\"name\":\"hegyizs\",\"image\":{\"@type\":\"ImageObject\",\"inLanguage\":\"hu\",\"@id\":\"https:\/\/www.welovecycling.com\/hu\/#\/schema\/person\/image\/\",\"url\":\"https:\/\/secure.gravatar.com\/avatar\/02cf8a7906b8cf90cecb4679defac7cfd33a1c2e3b88e4903d947f3bb58eedd3?s=96&d=mm&r=g\",\"contentUrl\":\"https:\/\/secure.gravatar.com\/avatar\/02cf8a7906b8cf90cecb4679defac7cfd33a1c2e3b88e4903d947f3bb58eedd3?s=96&d=mm&r=g\",\"caption\":\"hegyizs\"},\"url\":\"https:\/\/www.welovecycling.com\/hu\/author\/hegyizs\/\"}]}<\/script>\n<!-- \/ Yoast SEO Premium plugin. -->","yoast_head_json":{"title":"\u201eAmint tiltva lett a bicikliz\u00e9s, azonnal menni akartam\u201d - \u0160koda We Love Cycling - Magyarorsz\u00e1g","robots":{"index":"index","follow":"follow","max-snippet":"max-snippet:-1","max-image-preview":"max-image-preview:large","max-video-preview":"max-video-preview:-1"},"canonical":"https:\/\/www.welovecycling.com\/hu\/blog\/amint-tiltva-lett-a-biciklizes-azonnal-menni-akartam\/","og_locale":"hu_HU","og_type":"article","og_title":"\u201eAmint tiltva lett a bicikliz\u00e9s, azonnal menni akartam\u201d","og_description":"Buzs\u00e1ki Vir\u00e1g XCO Magyar Bajnok, ifi olimpiai 3. helyezett, sz\u00e9p eredm\u00e9nyeket \u00e9rt el a 2018-as \u00e9s a 2019-es Vil\u00e1gkup\u00e1n, m\u00e1sodik [&hellip;]","og_url":"https:\/\/www.welovecycling.com\/hu\/blog\/amint-tiltva-lett-a-biciklizes-azonnal-menni-akartam\/","og_site_name":"\u0160koda We Love Cycling - Magyarorsz\u00e1g","article_publisher":"https:\/\/www.facebook.com\/WeLoveCyclingHungary\/","article_published_time":"2019-12-09T17:14:26+00:00","article_modified_time":"2020-02-11T13:47:18+00:00","og_image":[{"width":2157,"height":1440,"url":"https:\/\/d2p6e6u75xmxt8.cloudfront.net\/12\/2019\/10\/DSC_3086.jpg","type":"image\/jpeg"}],"author":"hegyizs","twitter_card":"summary_large_image","twitter_misc":{"Written by":"WLC","Est. reading time":"3 minutes"},"schema":{"@context":"https:\/\/schema.org","@graph":[{"@type":"WebPage","@id":"https:\/\/www.welovecycling.com\/hu\/blog\/amint-tiltva-lett-a-biciklizes-azonnal-menni-akartam\/","url":"https:\/\/www.welovecycling.com\/hu\/blog\/amint-tiltva-lett-a-biciklizes-azonnal-menni-akartam\/","name":"\u201eAmint tiltva lett a bicikliz\u00e9s, azonnal menni akartam\u201d - \u0160koda We Love Cycling - Magyarorsz\u00e1g","isPartOf":{"@id":"https:\/\/www.welovecycling.com\/hu\/#website"},"primaryImageOfPage":{"@id":"https:\/\/www.welovecycling.com\/hu\/blog\/amint-tiltva-lett-a-biciklizes-azonnal-menni-akartam\/#primaryimage"},"image":{"@id":"https:\/\/www.welovecycling.com\/hu\/blog\/amint-tiltva-lett-a-biciklizes-azonnal-menni-akartam\/#primaryimage"},"thumbnailUrl":"https:\/\/d2p6e6u75xmxt8.cloudfront.net\/12\/2019\/10\/DSC_3086.jpg","datePublished":"2019-12-09T17:14:26+00:00","dateModified":"2020-02-11T13:47:18+00:00","author":{"@id":"https:\/\/www.welovecycling.com\/hu\/#\/schema\/person\/414a2aebf1801691a5320edb6468e194"},"breadcrumb":{"@id":"https:\/\/www.welovecycling.com\/hu\/blog\/amint-tiltva-lett-a-biciklizes-azonnal-menni-akartam\/#breadcrumb"},"inLanguage":"hu","potentialAction":[{"@type":"ReadAction","target":["https:\/\/www.welovecycling.com\/hu\/blog\/amint-tiltva-lett-a-biciklizes-azonnal-menni-akartam\/"]}]},{"@type":"ImageObject","inLanguage":"hu","@id":"https:\/\/www.welovecycling.com\/hu\/blog\/amint-tiltva-lett-a-biciklizes-azonnal-menni-akartam\/#primaryimage","url":"https:\/\/d2p6e6u75xmxt8.cloudfront.net\/12\/2019\/10\/DSC_3086.jpg","contentUrl":"https:\/\/d2p6e6u75xmxt8.cloudfront.net\/12\/2019\/10\/DSC_3086.jpg","width":2157,"height":1440},{"@type":"BreadcrumbList","@id":"https:\/\/www.welovecycling.com\/hu\/blog\/amint-tiltva-lett-a-biciklizes-azonnal-menni-akartam\/#breadcrumb","itemListElement":[{"@type":"ListItem","position":1,"name":"Home","item":"https:\/\/www.welovecycling.com\/hu\/"},{"@type":"ListItem","position":2,"name":"\u201eAmint tiltva lett a bicikliz\u00e9s, azonnal menni akartam\u201d"}]},{"@type":"WebSite","@id":"https:\/\/www.welovecycling.com\/hu\/#website","url":"https:\/\/www.welovecycling.com\/hu\/","name":"\u0160koda We Love Cycling - Magyarorsz\u00e1g","description":"\u0160koda WeLoveCycling","potentialAction":[{"@type":"SearchAction","target":{"@type":"EntryPoint","urlTemplate":"https:\/\/www.welovecycling.com\/hu\/?s={search_term_string}"},"query-input":{"@type":"PropertyValueSpecification","valueRequired":true,"valueName":"search_term_string"}}],"inLanguage":"hu"},{"@type":"Person","@id":"https:\/\/www.welovecycling.com\/hu\/#\/schema\/person\/414a2aebf1801691a5320edb6468e194","name":"hegyizs","image":{"@type":"ImageObject","inLanguage":"hu","@id":"https:\/\/www.welovecycling.com\/hu\/#\/schema\/person\/image\/","url":"https:\/\/secure.gravatar.com\/avatar\/02cf8a7906b8cf90cecb4679defac7cfd33a1c2e3b88e4903d947f3bb58eedd3?s=96&d=mm&r=g","contentUrl":"https:\/\/secure.gravatar.com\/avatar\/02cf8a7906b8cf90cecb4679defac7cfd33a1c2e3b88e4903d947f3bb58eedd3?s=96&d=mm&r=g","caption":"hegyizs"},"url":"https:\/\/www.welovecycling.com\/hu\/author\/hegyizs\/"}]}},"_links":{"self":[{"href":"https:\/\/www.welovecycling.com\/hu\/wp-json\/wp\/v2\/posts\/6187","targetHints":{"allow":["GET"]}}],"collection":[{"href":"https:\/\/www.welovecycling.com\/hu\/wp-json\/wp\/v2\/posts"}],"about":[{"href":"https:\/\/www.welovecycling.com\/hu\/wp-json\/wp\/v2\/types\/post"}],"author":[{"embeddable":true,"href":"https:\/\/www.welovecycling.com\/hu\/wp-json\/wp\/v2\/users\/71"}],"replies":[{"embeddable":true,"href":"https:\/\/www.welovecycling.com\/hu\/wp-json\/wp\/v2\/comments?post=6187"}],"version-history":[{"count":1,"href":"https:\/\/www.welovecycling.com\/hu\/wp-json\/wp\/v2\/posts\/6187\/revisions"}],"predecessor-version":[{"id":6188,"href":"https:\/\/www.welovecycling.com\/hu\/wp-json\/wp\/v2\/posts\/6187\/revisions\/6188"}],"wp:featuredmedia":[{"embeddable":true,"href":"https:\/\/www.welovecycling.com\/hu\/wp-json\/wp\/v2\/media\/5426"}],"wp:attachment":[{"href":"https:\/\/www.welovecycling.com\/hu\/wp-json\/wp\/v2\/media?parent=6187"}],"wp:term":[{"taxonomy":"category","embeddable":true,"href":"https:\/\/www.welovecycling.com\/hu\/wp-json\/wp\/v2\/categories?post=6187"},{"taxonomy":"post_tag","embeddable":true,"href":"https:\/\/www.welovecycling.com\/hu\/wp-json\/wp\/v2\/tags?post=6187"},{"taxonomy":"global-categories","embeddable":true,"href":"https:\/\/www.welovecycling.com\/hu\/wp-json\/wp\/v2\/global-categories?post=6187"}],"curies":[{"name":"wp","href":"https:\/\/api.w.org\/{rel}","templated":true}]}}