{"id":6161,"date":"2019-12-15T08:00:11","date_gmt":"2019-12-15T07:00:11","guid":{"rendered":"https:\/\/www.welovecycling.com\/hu\/?p=6161"},"modified":"2019-12-06T16:24:18","modified_gmt":"2019-12-06T15:24:18","slug":"igy-tanitsd-meg-a-gyerekeket-bringazni-4-lepesben","status":"publish","type":"post","link":"https:\/\/www.welovecycling.com\/hu\/csalad\/igy-tanitsd-meg-a-gyerekeket-bringazni-4-lepesben\/","title":{"rendered":"\u00cdgy tan\u00edtsd meg a gyerekeket bring\u00e1zni 4 l\u00e9p\u00e9sben"},"content":{"rendered":"<p><strong>Eml\u00e9kszel m\u00e9g az els\u0151 biciklidre? Mintha csak tegnap lett volna, hogy fel\u00fclt\u00e9l r\u00e1! Gyorsan telnek az \u00e9vek \u00e9s itt az id\u0151, hogy \u00e1tadd a tud\u00e1sod a k\u00f6vetkez\u0151 gener\u00e1ci\u00f3nak. Szerencs\u00e9re mindig vannak \u00fajabb \u00e9s \u00fajabb m\u00f3dszerek erre: hadd seg\u00edts\u00fcnk!<\/strong><\/p>\n<h2><!--more--><\/h2>\n<h2><strong> 1. Fut\u00f3bicikli<\/strong><\/h2>\n<p>M\u00e1r 2,5 \u00e9ves kort\u00f3l tan\u00edthatod a piciket arra, hogy fut\u00f3biciklivel k\u00f6zlekedjenek. Ez a fajta j\u00e1rg\u00e1ny seg\u00edt az egyens\u00faly\u00e9rz\u00e9k \u00e9s a korm\u00e1nyz\u00e1s fejleszt\u00e9s\u00e9ben. Kezdetben a gyerk\u0151c\u00f6k gyakorlatilag s\u00e9t\u00e1lni fognak, nagym\u00e9rt\u00e9kben t\u00e1maszkodva a l\u00e1bukra. Lassan \u00e9s fokozatosan emelhetj\u00fck az \u00fcl\u00e9st, hogy fel kelljen emelni a sarkukat, amikor nyeregbe \u00fclnek. Tan\u00e1csold, hogy emelj\u00e9k meg a t\u00e9rd\u00fcket \u00e9s hagyj\u00e1k, hogy kicsit l\u00f3gjon a l\u00e1buk. Majd megl\u00e1tod milyen gyorsan fognak fejl\u0151dni!<\/p>\n<div id='gallery-1' class='gallery galleryid-6161 gallery-columns-2 gallery-size-large'><figure class='gallery-item'>\n\t\t\t<div class='gallery-icon landscape'>\n\t\t\t\t<a href='https:\/\/d2p6e6u75xmxt8.cloudfront.net\/12\/2019\/12\/Kids-Cvr-2.jpg'><img loading=\"lazy\" decoding=\"async\" width=\"1024\" height=\"683\" src=\"https:\/\/d2p6e6u75xmxt8.cloudfront.net\/12\/2019\/12\/Kids-Cvr-2-1024x683.jpg\" class=\"attachment-large size-large\" alt=\"\" srcset=\"https:\/\/d2p6e6u75xmxt8.cloudfront.net\/12\/2019\/12\/Kids-Cvr-2-1024x683.jpg 1024w, https:\/\/d2p6e6u75xmxt8.cloudfront.net\/12\/2019\/12\/Kids-Cvr-2-300x200.jpg 300w, https:\/\/d2p6e6u75xmxt8.cloudfront.net\/12\/2019\/12\/Kids-Cvr-2-768x512.jpg 768w, https:\/\/d2p6e6u75xmxt8.cloudfront.net\/12\/2019\/12\/Kids-Cvr-2-272x182.jpg 272w, https:\/\/d2p6e6u75xmxt8.cloudfront.net\/12\/2019\/12\/Kids-Cvr-2.jpg 1376w\" sizes=\"auto, (max-width: 1024px) 100vw, 1024px\" \/><\/a>\n\t\t\t<\/div><\/figure><figure class='gallery-item'>\n\t\t\t<div class='gallery-icon landscape'>\n\t\t\t\t<a href='https:\/\/d2p6e6u75xmxt8.cloudfront.net\/12\/2019\/12\/Kids-Cvr-3.jpg'><img loading=\"lazy\" decoding=\"async\" width=\"1024\" height=\"683\" src=\"https:\/\/d2p6e6u75xmxt8.cloudfront.net\/12\/2019\/12\/Kids-Cvr-3-1024x683.jpg\" class=\"attachment-large size-large\" alt=\"\" srcset=\"https:\/\/d2p6e6u75xmxt8.cloudfront.net\/12\/2019\/12\/Kids-Cvr-3-1024x683.jpg 1024w, https:\/\/d2p6e6u75xmxt8.cloudfront.net\/12\/2019\/12\/Kids-Cvr-3-300x200.jpg 300w, https:\/\/d2p6e6u75xmxt8.cloudfront.net\/12\/2019\/12\/Kids-Cvr-3-768x512.jpg 768w, https:\/\/d2p6e6u75xmxt8.cloudfront.net\/12\/2019\/12\/Kids-Cvr-3-272x182.jpg 272w, https:\/\/d2p6e6u75xmxt8.cloudfront.net\/12\/2019\/12\/Kids-Cvr-3.jpg 1376w\" sizes=\"auto, (max-width: 1024px) 100vw, 1024px\" \/><\/a>\n\t\t\t<\/div><\/figure>\n\t\t<\/div>\n\n<h2><strong>2. P\u00f3tkerek\u0171 bicikli<\/strong><\/h2>\n<p>Sokan ezt a l\u00e9p\u00e9st feleslegesnek \u00e9rzik \u00e9s kihagyj\u00e1k, pedig fontos, hogy legal\u00e1bb egy kis ideig kipr\u00f3b\u00e1lj\u00e1tok a p\u00f3tker\u00e9kkel felszerelt bring\u00e1t! A plusz kerekek biztons\u00e1g\u00e1ban a gyerekek megtanulhatnak ped\u00e1lozni, pontosan \u00fagy, mint egy k\u00e9tkerek\u0171n, csak kisebb baleseti r\u00e1t\u00e1val.<\/p>\n<p><a href=\"https:\/\/d2p6e6u75xmxt8.cloudfront.net\/12\/2019\/12\/Kids-Cvr-5.jpg\"><img loading=\"lazy\" decoding=\"async\" class=\"alignnone size-full wp-image-6162\" src=\"https:\/\/d2p6e6u75xmxt8.cloudfront.net\/12\/2019\/12\/Kids-Cvr-5.jpg\" alt=\"\" width=\"1376\" height=\"918\" srcset=\"https:\/\/d2p6e6u75xmxt8.cloudfront.net\/12\/2019\/12\/Kids-Cvr-5.jpg 1376w, https:\/\/d2p6e6u75xmxt8.cloudfront.net\/12\/2019\/12\/Kids-Cvr-5-300x200.jpg 300w, https:\/\/d2p6e6u75xmxt8.cloudfront.net\/12\/2019\/12\/Kids-Cvr-5-768x512.jpg 768w, https:\/\/d2p6e6u75xmxt8.cloudfront.net\/12\/2019\/12\/Kids-Cvr-5-1024x683.jpg 1024w, https:\/\/d2p6e6u75xmxt8.cloudfront.net\/12\/2019\/12\/Kids-Cvr-5-272x182.jpg 272w\" sizes=\"auto, (max-width: 1376px) 100vw, 1376px\" \/><\/a><\/p>\n<h2><strong>3. <\/strong><strong>Vissza a fut\u00f3biciklihez<\/strong><\/h2>\n<p>M\u00e1r tudnak ped\u00e1lozni, ez\u00e9rt \u00e9rdemes visszat\u00e9rni az egyens\u00faly fejleszt\u00e9s\u00e9hez. Miel\u0151tt leszerelj\u00fck a p\u00f3tkerekeket, engedj\u00fck, hogy egy kis \u00f6nbizalmat gy\u0171jtsenek a m\u00e1r j\u00f3l ismert fut\u00f3bring\u00e1n!<strong><br \/>\n<\/strong><\/p>\n<p><a href=\"https:\/\/d2p6e6u75xmxt8.cloudfront.net\/12\/2019\/12\/Kids-Cvr-4.jpg\"><img loading=\"lazy\" decoding=\"async\" class=\"alignnone size-full wp-image-6163\" src=\"https:\/\/d2p6e6u75xmxt8.cloudfront.net\/12\/2019\/12\/Kids-Cvr-4.jpg\" alt=\"\" width=\"1376\" height=\"918\" srcset=\"https:\/\/d2p6e6u75xmxt8.cloudfront.net\/12\/2019\/12\/Kids-Cvr-4.jpg 1376w, https:\/\/d2p6e6u75xmxt8.cloudfront.net\/12\/2019\/12\/Kids-Cvr-4-300x200.jpg 300w, https:\/\/d2p6e6u75xmxt8.cloudfront.net\/12\/2019\/12\/Kids-Cvr-4-768x512.jpg 768w, https:\/\/d2p6e6u75xmxt8.cloudfront.net\/12\/2019\/12\/Kids-Cvr-4-1024x683.jpg 1024w, https:\/\/d2p6e6u75xmxt8.cloudfront.net\/12\/2019\/12\/Kids-Cvr-4-272x182.jpg 272w\" sizes=\"auto, (max-width: 1376px) 100vw, 1376px\" \/><\/a><\/p>\n<h2><strong>4. <\/strong><strong>\u00c9s most: igazi ker\u00e9kp\u00e1r!<\/strong><\/h2>\n<p>Eljutottunk a hamis\u00edtatlan bicikliz\u00e9shez ped\u00e1loz\u00e1ssal \u00e9s egyens\u00falyoz\u00e1ssal egyszerre. Az els\u0151 utak val\u00f3sz\u00edn\u0171leg \u00fcgyetlenek lesznek kiss\u00e9, tegy\u00fck biztons\u00e1gosabb\u00e1 egy r\u00faddal, amit az \u00fcl\u00e9s h\u00e1tulj\u00e1ra szerel\u00fcnk. \u00cdgy tudsz seg\u00edteni a gyerk\u0151cnek, ha elvesz\u00edteni a kontrollt, \u00e9s le is lass\u00edthatod \u0151ket, ameddig meg nem tanulnak f\u00e9kezni!<strong><br \/>\n<\/strong><\/p>\n<p><a href=\"https:\/\/d2p6e6u75xmxt8.cloudfront.net\/12\/2019\/12\/Kids-Cvr-1.jpg\"><img loading=\"lazy\" decoding=\"async\" class=\"alignnone size-full wp-image-6164\" src=\"https:\/\/d2p6e6u75xmxt8.cloudfront.net\/12\/2019\/12\/Kids-Cvr-1.jpg\" alt=\"\" width=\"1376\" height=\"918\" srcset=\"https:\/\/d2p6e6u75xmxt8.cloudfront.net\/12\/2019\/12\/Kids-Cvr-1.jpg 1376w, https:\/\/d2p6e6u75xmxt8.cloudfront.net\/12\/2019\/12\/Kids-Cvr-1-300x200.jpg 300w, https:\/\/d2p6e6u75xmxt8.cloudfront.net\/12\/2019\/12\/Kids-Cvr-1-768x512.jpg 768w, https:\/\/d2p6e6u75xmxt8.cloudfront.net\/12\/2019\/12\/Kids-Cvr-1-1024x683.jpg 1024w, https:\/\/d2p6e6u75xmxt8.cloudfront.net\/12\/2019\/12\/Kids-Cvr-1-272x182.jpg 272w\" sizes=\"auto, (max-width: 1376px) 100vw, 1376px\" \/><\/a><\/p>\n<p>Tan\u00edt\u00e1s k\u00f6zben, picit hazudhatsz is \u2013 ne agg\u00f3dj, nem fogunk be\u00e1rulni! \u00dagy engedd el az \u00fcl\u00e9shez r\u00f6gz\u00edtett botot, hogy nem sz\u00f3lsz nekik. \u00d6r\u00fclni fognak neki, hogy egyed\u00fcl tekertek \u00e9s nem fognak bep\u00e1nikolni!<\/p>\n","protected":false},"excerpt":{"rendered":"<p>Eml\u00e9kszel m\u00e9g az els\u0151 biciklidre? Mintha csak tegnap lett volna, hogy fel\u00fclt\u00e9l r\u00e1! Gyorsan telnek az \u00e9vek \u00e9s itt az [&hellip;]<\/p>\n","protected":false},"author":71,"featured_media":6166,"comment_status":"open","ping_status":"open","sticky":false,"template":"","format":"standard","meta":{"footnotes":""},"categories":[11],"tags":[],"global-categories":[],"class_list":["post-6161","post","type-post","status-publish","format-standard","has-post-thumbnail","hentry","category-csalad"],"yoast_head":"<!-- This site is optimized with the Yoast SEO Premium plugin v25.3 (Yoast SEO v25.9) - https:\/\/yoast.com\/wordpress\/plugins\/seo\/ -->\n<title>\u00cdgy tan\u00edtsd meg a gyerekeket bring\u00e1zni 4 l\u00e9p\u00e9sben - \u0160koda We Love Cycling - Magyarorsz\u00e1g<\/title>\n<meta name=\"robots\" content=\"index, follow, max-snippet:-1, max-image-preview:large, max-video-preview:-1\" \/>\n<link rel=\"canonical\" href=\"https:\/\/www.welovecycling.com\/hu\/csalad\/igy-tanitsd-meg-a-gyerekeket-bringazni-4-lepesben\/\" \/>\n<meta property=\"og:locale\" content=\"hu_HU\" \/>\n<meta property=\"og:type\" content=\"article\" \/>\n<meta property=\"og:title\" content=\"\u00cdgy tan\u00edtsd meg a gyerekeket bring\u00e1zni 4 l\u00e9p\u00e9sben\" \/>\n<meta property=\"og:description\" content=\"Eml\u00e9kszel m\u00e9g az els\u0151 biciklidre? Mintha csak tegnap lett volna, hogy fel\u00fclt\u00e9l r\u00e1! Gyorsan telnek az \u00e9vek \u00e9s itt az [&hellip;]\" \/>\n<meta property=\"og:url\" content=\"https:\/\/www.welovecycling.com\/hu\/csalad\/igy-tanitsd-meg-a-gyerekeket-bringazni-4-lepesben\/\" \/>\n<meta property=\"og:site_name\" content=\"\u0160koda We Love Cycling - Magyarorsz\u00e1g\" \/>\n<meta property=\"article:publisher\" content=\"https:\/\/www.facebook.com\/WeLoveCyclingHungary\/\" \/>\n<meta property=\"article:published_time\" content=\"2019-12-15T07:00:11+00:00\" \/>\n<meta property=\"og:image\" content=\"https:\/\/d2p6e6u75xmxt8.cloudfront.net\/12\/2019\/12\/Kids-Cvr.jpg\" \/>\n\t<meta property=\"og:image:width\" content=\"1366\" \/>\n\t<meta property=\"og:image:height\" content=\"600\" \/>\n\t<meta property=\"og:image:type\" content=\"image\/jpeg\" \/>\n<meta name=\"author\" content=\"hegyizs\" \/>\n<meta name=\"twitter:card\" content=\"summary_large_image\" \/>\n<meta name=\"twitter:label1\" content=\"Written by\" \/>\n\t<meta name=\"twitter:data1\" content=\"Adam Marsal\" \/>\n\t<meta name=\"twitter:label2\" content=\"Est. reading time\" \/>\n\t<meta name=\"twitter:data2\" content=\"5\" \/>\n<script type=\"application\/ld+json\" class=\"yoast-schema-graph\">{\"@context\":\"https:\/\/schema.org\",\"@graph\":[{\"@type\":\"WebPage\",\"@id\":\"https:\/\/www.welovecycling.com\/hu\/csalad\/igy-tanitsd-meg-a-gyerekeket-bringazni-4-lepesben\/\",\"url\":\"https:\/\/www.welovecycling.com\/hu\/csalad\/igy-tanitsd-meg-a-gyerekeket-bringazni-4-lepesben\/\",\"name\":\"\u00cdgy tan\u00edtsd meg a gyerekeket bring\u00e1zni 4 l\u00e9p\u00e9sben - \u0160koda We Love Cycling - Magyarorsz\u00e1g\",\"isPartOf\":{\"@id\":\"https:\/\/www.welovecycling.com\/hu\/#website\"},\"primaryImageOfPage\":{\"@id\":\"https:\/\/www.welovecycling.com\/hu\/csalad\/igy-tanitsd-meg-a-gyerekeket-bringazni-4-lepesben\/#primaryimage\"},\"image\":{\"@id\":\"https:\/\/www.welovecycling.com\/hu\/csalad\/igy-tanitsd-meg-a-gyerekeket-bringazni-4-lepesben\/#primaryimage\"},\"thumbnailUrl\":\"https:\/\/d2p6e6u75xmxt8.cloudfront.net\/12\/2019\/12\/Kids-Cvr.jpg\",\"datePublished\":\"2019-12-15T07:00:11+00:00\",\"author\":{\"@id\":\"https:\/\/www.welovecycling.com\/hu\/#\/schema\/person\/414a2aebf1801691a5320edb6468e194\"},\"breadcrumb\":{\"@id\":\"https:\/\/www.welovecycling.com\/hu\/csalad\/igy-tanitsd-meg-a-gyerekeket-bringazni-4-lepesben\/#breadcrumb\"},\"inLanguage\":\"hu\",\"potentialAction\":[{\"@type\":\"ReadAction\",\"target\":[\"https:\/\/www.welovecycling.com\/hu\/csalad\/igy-tanitsd-meg-a-gyerekeket-bringazni-4-lepesben\/\"]}]},{\"@type\":\"ImageObject\",\"inLanguage\":\"hu\",\"@id\":\"https:\/\/www.welovecycling.com\/hu\/csalad\/igy-tanitsd-meg-a-gyerekeket-bringazni-4-lepesben\/#primaryimage\",\"url\":\"https:\/\/d2p6e6u75xmxt8.cloudfront.net\/12\/2019\/12\/Kids-Cvr.jpg\",\"contentUrl\":\"https:\/\/d2p6e6u75xmxt8.cloudfront.net\/12\/2019\/12\/Kids-Cvr.jpg\",\"width\":1366,\"height\":600},{\"@type\":\"BreadcrumbList\",\"@id\":\"https:\/\/www.welovecycling.com\/hu\/csalad\/igy-tanitsd-meg-a-gyerekeket-bringazni-4-lepesben\/#breadcrumb\",\"itemListElement\":[{\"@type\":\"ListItem\",\"position\":1,\"name\":\"Home\",\"item\":\"https:\/\/www.welovecycling.com\/hu\/\"},{\"@type\":\"ListItem\",\"position\":2,\"name\":\"\u00cdgy tan\u00edtsd meg a gyerekeket bring\u00e1zni 4 l\u00e9p\u00e9sben\"}]},{\"@type\":\"WebSite\",\"@id\":\"https:\/\/www.welovecycling.com\/hu\/#website\",\"url\":\"https:\/\/www.welovecycling.com\/hu\/\",\"name\":\"\u0160koda We Love Cycling - Magyarorsz\u00e1g\",\"description\":\"\u0160koda WeLoveCycling\",\"potentialAction\":[{\"@type\":\"SearchAction\",\"target\":{\"@type\":\"EntryPoint\",\"urlTemplate\":\"https:\/\/www.welovecycling.com\/hu\/?s={search_term_string}\"},\"query-input\":{\"@type\":\"PropertyValueSpecification\",\"valueRequired\":true,\"valueName\":\"search_term_string\"}}],\"inLanguage\":\"hu\"},{\"@type\":\"Person\",\"@id\":\"https:\/\/www.welovecycling.com\/hu\/#\/schema\/person\/414a2aebf1801691a5320edb6468e194\",\"name\":\"hegyizs\",\"image\":{\"@type\":\"ImageObject\",\"inLanguage\":\"hu\",\"@id\":\"https:\/\/www.welovecycling.com\/hu\/#\/schema\/person\/image\/\",\"url\":\"https:\/\/secure.gravatar.com\/avatar\/02cf8a7906b8cf90cecb4679defac7cfd33a1c2e3b88e4903d947f3bb58eedd3?s=96&d=mm&r=g\",\"contentUrl\":\"https:\/\/secure.gravatar.com\/avatar\/02cf8a7906b8cf90cecb4679defac7cfd33a1c2e3b88e4903d947f3bb58eedd3?s=96&d=mm&r=g\",\"caption\":\"hegyizs\"},\"url\":\"https:\/\/www.welovecycling.com\/hu\/author\/hegyizs\/\"}]}<\/script>\n<!-- \/ Yoast SEO Premium plugin. -->","yoast_head_json":{"title":"\u00cdgy tan\u00edtsd meg a gyerekeket bring\u00e1zni 4 l\u00e9p\u00e9sben - \u0160koda We Love Cycling - Magyarorsz\u00e1g","robots":{"index":"index","follow":"follow","max-snippet":"max-snippet:-1","max-image-preview":"max-image-preview:large","max-video-preview":"max-video-preview:-1"},"canonical":"https:\/\/www.welovecycling.com\/hu\/csalad\/igy-tanitsd-meg-a-gyerekeket-bringazni-4-lepesben\/","og_locale":"hu_HU","og_type":"article","og_title":"\u00cdgy tan\u00edtsd meg a gyerekeket bring\u00e1zni 4 l\u00e9p\u00e9sben","og_description":"Eml\u00e9kszel m\u00e9g az els\u0151 biciklidre? Mintha csak tegnap lett volna, hogy fel\u00fclt\u00e9l r\u00e1! Gyorsan telnek az \u00e9vek \u00e9s itt az [&hellip;]","og_url":"https:\/\/www.welovecycling.com\/hu\/csalad\/igy-tanitsd-meg-a-gyerekeket-bringazni-4-lepesben\/","og_site_name":"\u0160koda We Love Cycling - Magyarorsz\u00e1g","article_publisher":"https:\/\/www.facebook.com\/WeLoveCyclingHungary\/","article_published_time":"2019-12-15T07:00:11+00:00","og_image":[{"width":1366,"height":600,"url":"https:\/\/d2p6e6u75xmxt8.cloudfront.net\/12\/2019\/12\/Kids-Cvr.jpg","type":"image\/jpeg"}],"author":"hegyizs","twitter_card":"summary_large_image","twitter_misc":{"Written by":"Adam Marsal","Est. reading time":"5"},"schema":{"@context":"https:\/\/schema.org","@graph":[{"@type":"WebPage","@id":"https:\/\/www.welovecycling.com\/hu\/csalad\/igy-tanitsd-meg-a-gyerekeket-bringazni-4-lepesben\/","url":"https:\/\/www.welovecycling.com\/hu\/csalad\/igy-tanitsd-meg-a-gyerekeket-bringazni-4-lepesben\/","name":"\u00cdgy tan\u00edtsd meg a gyerekeket bring\u00e1zni 4 l\u00e9p\u00e9sben - \u0160koda We Love Cycling - Magyarorsz\u00e1g","isPartOf":{"@id":"https:\/\/www.welovecycling.com\/hu\/#website"},"primaryImageOfPage":{"@id":"https:\/\/www.welovecycling.com\/hu\/csalad\/igy-tanitsd-meg-a-gyerekeket-bringazni-4-lepesben\/#primaryimage"},"image":{"@id":"https:\/\/www.welovecycling.com\/hu\/csalad\/igy-tanitsd-meg-a-gyerekeket-bringazni-4-lepesben\/#primaryimage"},"thumbnailUrl":"https:\/\/d2p6e6u75xmxt8.cloudfront.net\/12\/2019\/12\/Kids-Cvr.jpg","datePublished":"2019-12-15T07:00:11+00:00","author":{"@id":"https:\/\/www.welovecycling.com\/hu\/#\/schema\/person\/414a2aebf1801691a5320edb6468e194"},"breadcrumb":{"@id":"https:\/\/www.welovecycling.com\/hu\/csalad\/igy-tanitsd-meg-a-gyerekeket-bringazni-4-lepesben\/#breadcrumb"},"inLanguage":"hu","potentialAction":[{"@type":"ReadAction","target":["https:\/\/www.welovecycling.com\/hu\/csalad\/igy-tanitsd-meg-a-gyerekeket-bringazni-4-lepesben\/"]}]},{"@type":"ImageObject","inLanguage":"hu","@id":"https:\/\/www.welovecycling.com\/hu\/csalad\/igy-tanitsd-meg-a-gyerekeket-bringazni-4-lepesben\/#primaryimage","url":"https:\/\/d2p6e6u75xmxt8.cloudfront.net\/12\/2019\/12\/Kids-Cvr.jpg","contentUrl":"https:\/\/d2p6e6u75xmxt8.cloudfront.net\/12\/2019\/12\/Kids-Cvr.jpg","width":1366,"height":600},{"@type":"BreadcrumbList","@id":"https:\/\/www.welovecycling.com\/hu\/csalad\/igy-tanitsd-meg-a-gyerekeket-bringazni-4-lepesben\/#breadcrumb","itemListElement":[{"@type":"ListItem","position":1,"name":"Home","item":"https:\/\/www.welovecycling.com\/hu\/"},{"@type":"ListItem","position":2,"name":"\u00cdgy tan\u00edtsd meg a gyerekeket bring\u00e1zni 4 l\u00e9p\u00e9sben"}]},{"@type":"WebSite","@id":"https:\/\/www.welovecycling.com\/hu\/#website","url":"https:\/\/www.welovecycling.com\/hu\/","name":"\u0160koda We Love Cycling - Magyarorsz\u00e1g","description":"\u0160koda WeLoveCycling","potentialAction":[{"@type":"SearchAction","target":{"@type":"EntryPoint","urlTemplate":"https:\/\/www.welovecycling.com\/hu\/?s={search_term_string}"},"query-input":{"@type":"PropertyValueSpecification","valueRequired":true,"valueName":"search_term_string"}}],"inLanguage":"hu"},{"@type":"Person","@id":"https:\/\/www.welovecycling.com\/hu\/#\/schema\/person\/414a2aebf1801691a5320edb6468e194","name":"hegyizs","image":{"@type":"ImageObject","inLanguage":"hu","@id":"https:\/\/www.welovecycling.com\/hu\/#\/schema\/person\/image\/","url":"https:\/\/secure.gravatar.com\/avatar\/02cf8a7906b8cf90cecb4679defac7cfd33a1c2e3b88e4903d947f3bb58eedd3?s=96&d=mm&r=g","contentUrl":"https:\/\/secure.gravatar.com\/avatar\/02cf8a7906b8cf90cecb4679defac7cfd33a1c2e3b88e4903d947f3bb58eedd3?s=96&d=mm&r=g","caption":"hegyizs"},"url":"https:\/\/www.welovecycling.com\/hu\/author\/hegyizs\/"}]}},"_links":{"self":[{"href":"https:\/\/www.welovecycling.com\/hu\/wp-json\/wp\/v2\/posts\/6161","targetHints":{"allow":["GET"]}}],"collection":[{"href":"https:\/\/www.welovecycling.com\/hu\/wp-json\/wp\/v2\/posts"}],"about":[{"href":"https:\/\/www.welovecycling.com\/hu\/wp-json\/wp\/v2\/types\/post"}],"author":[{"embeddable":true,"href":"https:\/\/www.welovecycling.com\/hu\/wp-json\/wp\/v2\/users\/71"}],"replies":[{"embeddable":true,"href":"https:\/\/www.welovecycling.com\/hu\/wp-json\/wp\/v2\/comments?post=6161"}],"version-history":[{"count":2,"href":"https:\/\/www.welovecycling.com\/hu\/wp-json\/wp\/v2\/posts\/6161\/revisions"}],"predecessor-version":[{"id":6169,"href":"https:\/\/www.welovecycling.com\/hu\/wp-json\/wp\/v2\/posts\/6161\/revisions\/6169"}],"wp:featuredmedia":[{"embeddable":true,"href":"https:\/\/www.welovecycling.com\/hu\/wp-json\/wp\/v2\/media\/6166"}],"wp:attachment":[{"href":"https:\/\/www.welovecycling.com\/hu\/wp-json\/wp\/v2\/media?parent=6161"}],"wp:term":[{"taxonomy":"category","embeddable":true,"href":"https:\/\/www.welovecycling.com\/hu\/wp-json\/wp\/v2\/categories?post=6161"},{"taxonomy":"post_tag","embeddable":true,"href":"https:\/\/www.welovecycling.com\/hu\/wp-json\/wp\/v2\/tags?post=6161"},{"taxonomy":"global-categories","embeddable":true,"href":"https:\/\/www.welovecycling.com\/hu\/wp-json\/wp\/v2\/global-categories?post=6161"}],"curies":[{"name":"wp","href":"https:\/\/api.w.org\/{rel}","templated":true}]}}