{"id":6151,"date":"2019-12-13T08:00:11","date_gmt":"2019-12-13T07:00:11","guid":{"rendered":"https:\/\/www.welovecycling.com\/hu\/?p=6151"},"modified":"2019-12-06T16:22:16","modified_gmt":"2019-12-06T15:22:16","slug":"telen-tekerni-igen-lehet","status":"publish","type":"post","link":"https:\/\/www.welovecycling.com\/hu\/orszaguti-kerekpar\/telen-tekerni-igen-lehet\/","title":{"rendered":"T\u00e9len tekerni: igen, lehet!"},"content":{"rendered":"<p><strong>Glob\u00e1lis felmeleged\u00e9s m\u00e1rpedig l\u00e9tezik, \u00e9s a bolyg\u00f3nk egyre melegebb lesz. Azonban most m\u00e9g ki\u00e9lvezhetj\u00fck a t\u00e9l minden csod\u00e1s apr\u00f3s\u00e1g\u00e1t \u2013 a havat, a jeges szelet, a fogvacogtat\u00f3 hideget. Ez persze nem jelenti azt, hogy ne pattanhatn\u00e1l nyeregbe Janu\u00e1r k\u00f6zep\u00e9n, hogy biciklit\u00far\u00e1ra indulj! Viszont kicsit nagyobb felk\u00e9sz\u00fcl\u00e9sre lesz sz\u00fcks\u00e9ged, mint ny\u00e1ron.<\/strong><\/p>\n<p><!--more--><\/p>\n<p>A k\u00e9nyelmes \u00e9s biztons\u00e1gos t\u00e9li t\u00far\u00e1k kulcsa a megfelel\u0151 el\u0151k\u00e9sz\u00fcletekben rejlik. El\u0151sz\u00f6r is, term\u00e9szetesen, \u00f6lt\u00f6zz fel j\u00f3l! Rengeteg m\u00e1rka sz\u00e9les term\u00e9kv\u00e1laszt\u00e9ka \u00e1ll el\u0151tted, ha olyan k\u00f6nny\u0171 \u00e9s meleg ruh\u00e1ra v\u00e1gysz, ami nem akad\u00e1lyoz a mozg\u00e1sban. Ha hossz\u00fa \u00fatra indulsz, egy forr\u00f3csokival vagy meleg te\u00e1val t\u00f6lt\u00f6tt termosz seg\u00edt, hogy ne fagyj \u00e1t!<\/p>\n<figure id=\"attachment_6152\" aria-describedby=\"caption-attachment-6152\" style=\"width: 880px\" class=\"wp-caption alignnone\"><a href=\"https:\/\/d2p6e6u75xmxt8.cloudfront.net\/12\/2019\/12\/Copenhagen-Winter-Cycling-The-Bridge-Winter-Traffic_5340523586_o-581f07ff8f102__880.jpg\"><img loading=\"lazy\" decoding=\"async\" class=\"wp-image-6152 size-full\" src=\"https:\/\/d2p6e6u75xmxt8.cloudfront.net\/12\/2019\/12\/Copenhagen-Winter-Cycling-The-Bridge-Winter-Traffic_5340523586_o-581f07ff8f102__880.jpg\" alt=\"\" width=\"880\" height=\"494\" srcset=\"https:\/\/d2p6e6u75xmxt8.cloudfront.net\/12\/2019\/12\/Copenhagen-Winter-Cycling-The-Bridge-Winter-Traffic_5340523586_o-581f07ff8f102__880.jpg 880w, https:\/\/d2p6e6u75xmxt8.cloudfront.net\/12\/2019\/12\/Copenhagen-Winter-Cycling-The-Bridge-Winter-Traffic_5340523586_o-581f07ff8f102__880-300x168.jpg 300w, https:\/\/d2p6e6u75xmxt8.cloudfront.net\/12\/2019\/12\/Copenhagen-Winter-Cycling-The-Bridge-Winter-Traffic_5340523586_o-581f07ff8f102__880-768x431.jpg 768w\" sizes=\"auto, (max-width: 880px) 100vw, 880px\" \/><\/a><figcaption id=\"caption-attachment-6152\" class=\"wp-caption-text\">A vil\u00e1g legforgalmasabb bicikli\u00fatja, a N\u00f8rrebrogade<\/figcaption><\/figure>\n<p>Ha te m\u00e1r k\u00e9szen \u00e1llsz, a j\u00e1rm\u0171vedet is k\u00e9sz\u00edtsd fel a v\u00e1ltozatok k\u00f6rnyezeti hat\u00e1sokra! Tetszenek vagy sem, a s\u00e1rv\u00e9d\u0151k j\u00f3 szolg\u00e1latot tehetnek a tiszta \u00e9s k\u00e9nyelmes \u00fat \u00e9rdek\u00e9ben. Megv\u00e9denek t\u00e9ged, \u00e9s a k\u00f6r\u00fcl\u00f6tted bring\u00e1z\u00f3kat a v\u00edzt\u0151l, a s\u00e1rt\u00f3l, a latyakt\u00f3l \u00e9s koszt\u00f3l!<\/p>\n<p>A t\u00e9li gumik szint\u00e9n remek befektet\u00e9snek bizonyulhatnak, hiszen a h\u00f3 \u00e9s az es\u0151 cs\u00fasz\u00f3ss\u00e1 teszi az utakat. Tal\u00e1n lelass\u00edtanak egy kicsit, cser\u00e9be viszont tov\u00e1bb tudod majd tartani a ritmust \u00e9s meg\u00faszhatod, hogy h\u00f3viharban kelljen defektet jav\u00edtanod.<\/p>\n<figure id=\"attachment_5786\" aria-describedby=\"caption-attachment-5786\" style=\"width: 1800px\" class=\"wp-caption alignnone\"><a href=\"https:\/\/d2p6e6u75xmxt8.cloudfront.net\/12\/2019\/11\/profimedia-0310247282.jpg\"><img loading=\"lazy\" decoding=\"async\" class=\"wp-image-5786 size-full\" src=\"https:\/\/d2p6e6u75xmxt8.cloudfront.net\/12\/2019\/11\/profimedia-0310247282.jpg\" alt=\"\" width=\"1800\" height=\"1240\" srcset=\"https:\/\/d2p6e6u75xmxt8.cloudfront.net\/12\/2019\/11\/profimedia-0310247282.jpg 1800w, https:\/\/d2p6e6u75xmxt8.cloudfront.net\/12\/2019\/11\/profimedia-0310247282-300x207.jpg 300w, https:\/\/d2p6e6u75xmxt8.cloudfront.net\/12\/2019\/11\/profimedia-0310247282-768x529.jpg 768w, https:\/\/d2p6e6u75xmxt8.cloudfront.net\/12\/2019\/11\/profimedia-0310247282-1024x705.jpg 1024w\" sizes=\"auto, (max-width: 1800px) 100vw, 1800px\" \/><\/a><figcaption id=\"caption-attachment-5786\" class=\"wp-caption-text\">Moszkv\u00e1ban 2017 janu\u00e1rj\u00e1ban -27 fokra cs\u00f6kkent a h\u0151m\u00e9rs\u00e9klet \u00a9 Profimedia, AFP<\/figcaption><\/figure>\n<p>Mivel t\u00e9len m\u00e9g napk\u00f6zben is sokszor f\u00e9lhom\u00e1ly van, fontos, hogy alaposan fel legy\u00e9l szerelkezve l\u00e1mp\u00e1kkal. Villog\u00f3 h\u00e1ts\u00f3 f\u00e9ny \u00e9s er\u0151s LED l\u00e1mpa el\u00f6l!<\/p>\n<p>Ak\u00e1r indexjelz\u00e9seket is hozz\u00e1adhatsz a felszerel\u00e9shez a korm\u00e1nyod k\u00e9t v\u00e9g\u00e9re szerelve. \u00cdgy minden ir\u00e1nyb\u00f3l j\u00f3l l\u00e1that\u00f3 leszel \u00e9s egy\u00e9rtelm\u0171en tudod jelezni, ha kanyarodni akarsz, mind\u00f6ssze egy gombnyom\u00e1ssal. Persze az okos sisakok is megfontoland\u00f3k.<\/p>\n<p>Egy kis nyeregt\u00e1ska szint\u00e9n j\u00f3l j\u00f6het, hogy sz\u00e1raz ruh\u00e1t \u00e9s v\u00e9szhelyzet eset\u00e9re felszerel\u00e9st vigy\u00e9l magaddal.<\/p>\n<p>Ahogy a b\u00edr\u00f3k mondj\u00e1k boxmeccsek el\u0151tt: Csak tiszt\u00e1n! A rendszeres tiszt\u00edt\u00e1s \u00e9s karbantart\u00e1s tal\u00e1n az egyik legfontosabb \u2013 \u00e9s legkellemetlenebb dolog, amit megtehetsz a biztons\u00e1gos t\u00e9li utaz\u00e1sok\u00e9rt. Szappan \u00e9s v\u00edz \u2013 m\u00e1r ez is megteszi, de a legjobb ha zs\u00edrtalan\u00edt\u00f3t is haszn\u00e1lsz. Ellen\u0151rizd gyakran a l\u00e1ncok \u00e1llapot\u00e1t: mindig legyen megfelel\u0151en olajozva! Ha rendszeresen tiszt\u00edtod a ker\u00e9kp\u00e1rod, soha nem kell vele t\u00fal sok id\u0151t elt\u00f6ltened.<\/p>\n<p>V\u00e9g\u00fcl pedig, ha m\u00e1r a havas, latyakos \u00faton tekersz, fokozottan figyelj az \u00faton l\u00e9v\u0151 f\u00e9m fel\u00fcletekre, \u00fagymint csatornafed\u0151kre vagy s\u00ednekre. Nagyon k\u00f6nnyen megcs\u00faszhatsz rajtuk, ha nedvesek.<\/p>\n<p>Ha el\u00e9g id\u0151t \u00e9s energi\u00e1t fektetsz az el\u0151k\u00e9sz\u00fcletekbe, nem lesz gond, ha t\u00e9len is a kedvenc k\u00f6zleked\u00e9si eszk\u00f6z\u00f6det v\u00e1lasztod!<\/p>\n","protected":false},"excerpt":{"rendered":"<p>Glob\u00e1lis felmeleged\u00e9s m\u00e1rpedig l\u00e9tezik, \u00e9s a bolyg\u00f3nk egyre melegebb lesz. Azonban most m\u00e9g ki\u00e9lvezhetj\u00fck a t\u00e9l minden csod\u00e1s apr\u00f3s\u00e1g\u00e1t \u2013 [&hellip;]<\/p>\n","protected":false},"author":71,"featured_media":6154,"comment_status":"open","ping_status":"open","sticky":false,"template":"","format":"standard","meta":{"footnotes":""},"categories":[8],"tags":[],"global-categories":[],"class_list":["post-6151","post","type-post","status-publish","format-standard","has-post-thumbnail","hentry","category-orszaguti-kerekpar"],"yoast_head":"<!-- This site is optimized with the Yoast SEO Premium plugin v25.3 (Yoast SEO v25.9) - https:\/\/yoast.com\/wordpress\/plugins\/seo\/ -->\n<title>T\u00e9len tekerni: igen, lehet! - \u0160koda We Love Cycling - Magyarorsz\u00e1g<\/title>\n<meta name=\"robots\" content=\"index, follow, max-snippet:-1, max-image-preview:large, max-video-preview:-1\" \/>\n<link rel=\"canonical\" href=\"https:\/\/www.welovecycling.com\/hu\/orszaguti-kerekpar\/telen-tekerni-igen-lehet\/\" \/>\n<meta property=\"og:locale\" content=\"hu_HU\" \/>\n<meta property=\"og:type\" content=\"article\" \/>\n<meta property=\"og:title\" content=\"T\u00e9len tekerni: igen, lehet!\" \/>\n<meta property=\"og:description\" content=\"Glob\u00e1lis felmeleged\u00e9s m\u00e1rpedig l\u00e9tezik, \u00e9s a bolyg\u00f3nk egyre melegebb lesz. Azonban most m\u00e9g ki\u00e9lvezhetj\u00fck a t\u00e9l minden csod\u00e1s apr\u00f3s\u00e1g\u00e1t \u2013 [&hellip;]\" \/>\n<meta property=\"og:url\" content=\"https:\/\/www.welovecycling.com\/hu\/orszaguti-kerekpar\/telen-tekerni-igen-lehet\/\" \/>\n<meta property=\"og:site_name\" content=\"\u0160koda We Love Cycling - Magyarorsz\u00e1g\" \/>\n<meta property=\"article:publisher\" content=\"https:\/\/www.facebook.com\/WeLoveCyclingHungary\/\" \/>\n<meta property=\"article:published_time\" content=\"2019-12-13T07:00:11+00:00\" \/>\n<meta property=\"og:image\" content=\"https:\/\/d2p6e6u75xmxt8.cloudfront.net\/12\/2019\/12\/coverwinter.jpg\" \/>\n\t<meta property=\"og:image:width\" content=\"1366\" \/>\n\t<meta property=\"og:image:height\" content=\"600\" \/>\n\t<meta property=\"og:image:type\" content=\"image\/jpeg\" \/>\n<meta name=\"author\" content=\"hegyizs\" \/>\n<meta name=\"twitter:card\" content=\"summary_large_image\" \/>\n<meta name=\"twitter:label1\" content=\"Written by\" \/>\n\t<meta name=\"twitter:data1\" content=\"Siegfried Mortkowitz\" \/>\n\t<meta name=\"twitter:label2\" content=\"Est. reading time\" \/>\n\t<meta name=\"twitter:data2\" content=\"5\" \/>\n<script type=\"application\/ld+json\" class=\"yoast-schema-graph\">{\"@context\":\"https:\/\/schema.org\",\"@graph\":[{\"@type\":\"WebPage\",\"@id\":\"https:\/\/www.welovecycling.com\/hu\/orszaguti-kerekpar\/telen-tekerni-igen-lehet\/\",\"url\":\"https:\/\/www.welovecycling.com\/hu\/orszaguti-kerekpar\/telen-tekerni-igen-lehet\/\",\"name\":\"T\u00e9len tekerni: igen, lehet! - \u0160koda We Love Cycling - Magyarorsz\u00e1g\",\"isPartOf\":{\"@id\":\"https:\/\/www.welovecycling.com\/hu\/#website\"},\"primaryImageOfPage\":{\"@id\":\"https:\/\/www.welovecycling.com\/hu\/orszaguti-kerekpar\/telen-tekerni-igen-lehet\/#primaryimage\"},\"image\":{\"@id\":\"https:\/\/www.welovecycling.com\/hu\/orszaguti-kerekpar\/telen-tekerni-igen-lehet\/#primaryimage\"},\"thumbnailUrl\":\"https:\/\/d2p6e6u75xmxt8.cloudfront.net\/12\/2019\/12\/coverwinter.jpg\",\"datePublished\":\"2019-12-13T07:00:11+00:00\",\"author\":{\"@id\":\"https:\/\/www.welovecycling.com\/hu\/#\/schema\/person\/414a2aebf1801691a5320edb6468e194\"},\"breadcrumb\":{\"@id\":\"https:\/\/www.welovecycling.com\/hu\/orszaguti-kerekpar\/telen-tekerni-igen-lehet\/#breadcrumb\"},\"inLanguage\":\"hu\",\"potentialAction\":[{\"@type\":\"ReadAction\",\"target\":[\"https:\/\/www.welovecycling.com\/hu\/orszaguti-kerekpar\/telen-tekerni-igen-lehet\/\"]}]},{\"@type\":\"ImageObject\",\"inLanguage\":\"hu\",\"@id\":\"https:\/\/www.welovecycling.com\/hu\/orszaguti-kerekpar\/telen-tekerni-igen-lehet\/#primaryimage\",\"url\":\"https:\/\/d2p6e6u75xmxt8.cloudfront.net\/12\/2019\/12\/coverwinter.jpg\",\"contentUrl\":\"https:\/\/d2p6e6u75xmxt8.cloudfront.net\/12\/2019\/12\/coverwinter.jpg\",\"width\":1366,\"height\":600},{\"@type\":\"BreadcrumbList\",\"@id\":\"https:\/\/www.welovecycling.com\/hu\/orszaguti-kerekpar\/telen-tekerni-igen-lehet\/#breadcrumb\",\"itemListElement\":[{\"@type\":\"ListItem\",\"position\":1,\"name\":\"Home\",\"item\":\"https:\/\/www.welovecycling.com\/hu\/\"},{\"@type\":\"ListItem\",\"position\":2,\"name\":\"T\u00e9len tekerni: igen, lehet!\"}]},{\"@type\":\"WebSite\",\"@id\":\"https:\/\/www.welovecycling.com\/hu\/#website\",\"url\":\"https:\/\/www.welovecycling.com\/hu\/\",\"name\":\"\u0160koda We Love Cycling - Magyarorsz\u00e1g\",\"description\":\"\u0160koda WeLoveCycling\",\"potentialAction\":[{\"@type\":\"SearchAction\",\"target\":{\"@type\":\"EntryPoint\",\"urlTemplate\":\"https:\/\/www.welovecycling.com\/hu\/?s={search_term_string}\"},\"query-input\":{\"@type\":\"PropertyValueSpecification\",\"valueRequired\":true,\"valueName\":\"search_term_string\"}}],\"inLanguage\":\"hu\"},{\"@type\":\"Person\",\"@id\":\"https:\/\/www.welovecycling.com\/hu\/#\/schema\/person\/414a2aebf1801691a5320edb6468e194\",\"name\":\"hegyizs\",\"image\":{\"@type\":\"ImageObject\",\"inLanguage\":\"hu\",\"@id\":\"https:\/\/www.welovecycling.com\/hu\/#\/schema\/person\/image\/\",\"url\":\"https:\/\/secure.gravatar.com\/avatar\/02cf8a7906b8cf90cecb4679defac7cfd33a1c2e3b88e4903d947f3bb58eedd3?s=96&d=mm&r=g\",\"contentUrl\":\"https:\/\/secure.gravatar.com\/avatar\/02cf8a7906b8cf90cecb4679defac7cfd33a1c2e3b88e4903d947f3bb58eedd3?s=96&d=mm&r=g\",\"caption\":\"hegyizs\"},\"url\":\"https:\/\/www.welovecycling.com\/hu\/author\/hegyizs\/\"}]}<\/script>\n<!-- \/ Yoast SEO Premium plugin. -->","yoast_head_json":{"title":"T\u00e9len tekerni: igen, lehet! - \u0160koda We Love Cycling - Magyarorsz\u00e1g","robots":{"index":"index","follow":"follow","max-snippet":"max-snippet:-1","max-image-preview":"max-image-preview:large","max-video-preview":"max-video-preview:-1"},"canonical":"https:\/\/www.welovecycling.com\/hu\/orszaguti-kerekpar\/telen-tekerni-igen-lehet\/","og_locale":"hu_HU","og_type":"article","og_title":"T\u00e9len tekerni: igen, lehet!","og_description":"Glob\u00e1lis felmeleged\u00e9s m\u00e1rpedig l\u00e9tezik, \u00e9s a bolyg\u00f3nk egyre melegebb lesz. Azonban most m\u00e9g ki\u00e9lvezhetj\u00fck a t\u00e9l minden csod\u00e1s apr\u00f3s\u00e1g\u00e1t \u2013 [&hellip;]","og_url":"https:\/\/www.welovecycling.com\/hu\/orszaguti-kerekpar\/telen-tekerni-igen-lehet\/","og_site_name":"\u0160koda We Love Cycling - Magyarorsz\u00e1g","article_publisher":"https:\/\/www.facebook.com\/WeLoveCyclingHungary\/","article_published_time":"2019-12-13T07:00:11+00:00","og_image":[{"width":1366,"height":600,"url":"https:\/\/d2p6e6u75xmxt8.cloudfront.net\/12\/2019\/12\/coverwinter.jpg","type":"image\/jpeg"}],"author":"hegyizs","twitter_card":"summary_large_image","twitter_misc":{"Written by":"Siegfried Mortkowitz","Est. reading time":"5"},"schema":{"@context":"https:\/\/schema.org","@graph":[{"@type":"WebPage","@id":"https:\/\/www.welovecycling.com\/hu\/orszaguti-kerekpar\/telen-tekerni-igen-lehet\/","url":"https:\/\/www.welovecycling.com\/hu\/orszaguti-kerekpar\/telen-tekerni-igen-lehet\/","name":"T\u00e9len tekerni: igen, lehet! - \u0160koda We Love Cycling - Magyarorsz\u00e1g","isPartOf":{"@id":"https:\/\/www.welovecycling.com\/hu\/#website"},"primaryImageOfPage":{"@id":"https:\/\/www.welovecycling.com\/hu\/orszaguti-kerekpar\/telen-tekerni-igen-lehet\/#primaryimage"},"image":{"@id":"https:\/\/www.welovecycling.com\/hu\/orszaguti-kerekpar\/telen-tekerni-igen-lehet\/#primaryimage"},"thumbnailUrl":"https:\/\/d2p6e6u75xmxt8.cloudfront.net\/12\/2019\/12\/coverwinter.jpg","datePublished":"2019-12-13T07:00:11+00:00","author":{"@id":"https:\/\/www.welovecycling.com\/hu\/#\/schema\/person\/414a2aebf1801691a5320edb6468e194"},"breadcrumb":{"@id":"https:\/\/www.welovecycling.com\/hu\/orszaguti-kerekpar\/telen-tekerni-igen-lehet\/#breadcrumb"},"inLanguage":"hu","potentialAction":[{"@type":"ReadAction","target":["https:\/\/www.welovecycling.com\/hu\/orszaguti-kerekpar\/telen-tekerni-igen-lehet\/"]}]},{"@type":"ImageObject","inLanguage":"hu","@id":"https:\/\/www.welovecycling.com\/hu\/orszaguti-kerekpar\/telen-tekerni-igen-lehet\/#primaryimage","url":"https:\/\/d2p6e6u75xmxt8.cloudfront.net\/12\/2019\/12\/coverwinter.jpg","contentUrl":"https:\/\/d2p6e6u75xmxt8.cloudfront.net\/12\/2019\/12\/coverwinter.jpg","width":1366,"height":600},{"@type":"BreadcrumbList","@id":"https:\/\/www.welovecycling.com\/hu\/orszaguti-kerekpar\/telen-tekerni-igen-lehet\/#breadcrumb","itemListElement":[{"@type":"ListItem","position":1,"name":"Home","item":"https:\/\/www.welovecycling.com\/hu\/"},{"@type":"ListItem","position":2,"name":"T\u00e9len tekerni: igen, lehet!"}]},{"@type":"WebSite","@id":"https:\/\/www.welovecycling.com\/hu\/#website","url":"https:\/\/www.welovecycling.com\/hu\/","name":"\u0160koda We Love Cycling - Magyarorsz\u00e1g","description":"\u0160koda WeLoveCycling","potentialAction":[{"@type":"SearchAction","target":{"@type":"EntryPoint","urlTemplate":"https:\/\/www.welovecycling.com\/hu\/?s={search_term_string}"},"query-input":{"@type":"PropertyValueSpecification","valueRequired":true,"valueName":"search_term_string"}}],"inLanguage":"hu"},{"@type":"Person","@id":"https:\/\/www.welovecycling.com\/hu\/#\/schema\/person\/414a2aebf1801691a5320edb6468e194","name":"hegyizs","image":{"@type":"ImageObject","inLanguage":"hu","@id":"https:\/\/www.welovecycling.com\/hu\/#\/schema\/person\/image\/","url":"https:\/\/secure.gravatar.com\/avatar\/02cf8a7906b8cf90cecb4679defac7cfd33a1c2e3b88e4903d947f3bb58eedd3?s=96&d=mm&r=g","contentUrl":"https:\/\/secure.gravatar.com\/avatar\/02cf8a7906b8cf90cecb4679defac7cfd33a1c2e3b88e4903d947f3bb58eedd3?s=96&d=mm&r=g","caption":"hegyizs"},"url":"https:\/\/www.welovecycling.com\/hu\/author\/hegyizs\/"}]}},"_links":{"self":[{"href":"https:\/\/www.welovecycling.com\/hu\/wp-json\/wp\/v2\/posts\/6151","targetHints":{"allow":["GET"]}}],"collection":[{"href":"https:\/\/www.welovecycling.com\/hu\/wp-json\/wp\/v2\/posts"}],"about":[{"href":"https:\/\/www.welovecycling.com\/hu\/wp-json\/wp\/v2\/types\/post"}],"author":[{"embeddable":true,"href":"https:\/\/www.welovecycling.com\/hu\/wp-json\/wp\/v2\/users\/71"}],"replies":[{"embeddable":true,"href":"https:\/\/www.welovecycling.com\/hu\/wp-json\/wp\/v2\/comments?post=6151"}],"version-history":[{"count":2,"href":"https:\/\/www.welovecycling.com\/hu\/wp-json\/wp\/v2\/posts\/6151\/revisions"}],"predecessor-version":[{"id":6176,"href":"https:\/\/www.welovecycling.com\/hu\/wp-json\/wp\/v2\/posts\/6151\/revisions\/6176"}],"wp:featuredmedia":[{"embeddable":true,"href":"https:\/\/www.welovecycling.com\/hu\/wp-json\/wp\/v2\/media\/6154"}],"wp:attachment":[{"href":"https:\/\/www.welovecycling.com\/hu\/wp-json\/wp\/v2\/media?parent=6151"}],"wp:term":[{"taxonomy":"category","embeddable":true,"href":"https:\/\/www.welovecycling.com\/hu\/wp-json\/wp\/v2\/categories?post=6151"},{"taxonomy":"post_tag","embeddable":true,"href":"https:\/\/www.welovecycling.com\/hu\/wp-json\/wp\/v2\/tags?post=6151"},{"taxonomy":"global-categories","embeddable":true,"href":"https:\/\/www.welovecycling.com\/hu\/wp-json\/wp\/v2\/global-categories?post=6151"}],"curies":[{"name":"wp","href":"https:\/\/api.w.org\/{rel}","templated":true}]}}