{"id":5829,"date":"2019-12-04T08:00:42","date_gmt":"2019-12-04T07:00:42","guid":{"rendered":"https:\/\/www.welovecycling.com\/hu\/?p=5829"},"modified":"2019-12-03T16:31:41","modified_gmt":"2019-12-03T15:31:41","slug":"miert-nem-biciklizunk","status":"publish","type":"post","link":"https:\/\/www.welovecycling.com\/hu\/edzes-es-eletmod\/miert-nem-biciklizunk\/","title":{"rendered":"Mi\u00e9rt NEM bicikliz\u00fcnk?"},"content":{"rendered":"<p><strong>Egy t\u00f6k\u00e9letes vil\u00e1gban mindenki bring\u00e1zik. Nincsenek buszok, nincs hangzavar, Budapest utc\u00e1in hallani lehet a kerekek j\u00f3les\u0151 surrog\u00e1s\u00e1t. Egy t\u00f6k\u00e9letes vil\u00e1gban sosem esik az es\u0151, sosem s\u00fct t\u00fal er\u0151sen a nap, le sem kell z\u00e1rni a biciklidet, mert \u00fagysem lopj\u00e1k el. \u00c9s mivel mi magunk is t\u00f6k\u00e9letesek vagyunk, sosem d\u00f6nt\u00fcnk, \u00fagy, hogy ink\u00e1bb elny\u00falunk a kanap\u00e9n egy kiad\u00f3s edz\u00e9s helyett.<\/strong><\/p>\n<p>Mivel ez a t\u00f6k\u00e9letes vil\u00e1g nem l\u00e9tezik, \u00fagy fest, saj\u00e1t magunknak kell t\u00f6k\u00e9letess\u00e9 tenni azt a vil\u00e1got, amiben \u00e9l\u00fcnk. A kifog\u00e1sok persze ideg\u00f6l\u0151 teremt\u00e9sek: ha egyet ler\u00e1zol magadr\u00f3l, kett\u0151 j\u00f6n vissza \u00e9s sz\u0151r\u00f6st\u00fcl-b\u0151r\u00f6st\u00fcl felfalj\u00e1k mindennem\u0171 motiv\u00e1ci\u00f3dat. Ha hagyod.<\/p>\n<p>Rengeteg p\u00e9ld\u00e1t hozhatn\u00e1nk arra, mi\u00e9rt nem bicikliz\u00fcnk. Vannak val\u00f3s probl\u00e9m\u00e1k, amiket szakember seg\u00edts\u00e9g\u00e9vel, alapos ut\u00e1naj\u00e1r\u00e1ssal \u00e9s felk\u00e9sz\u00fcl\u00e9ssel lehet megoldani \u2013 de meg lehet! Ilyen p\u00e9ld\u00e1ul, ha<\/p>\n<ul>\n<li>f\u00e1j valamid<\/li>\n<li>nincs meg a kell\u0151 tud\u00e1sod<\/li>\n<li>kev\u00e9s a szabadid\u0151d<img loading=\"lazy\" decoding=\"async\" class=\"aligncenter size-full wp-image-5831\" src=\"https:\/\/d2p6e6u75xmxt8.cloudfront.net\/12\/2019\/11\/bicycle-1839005__340.jpg\" alt=\"\" width=\"544\" height=\"340\" srcset=\"https:\/\/d2p6e6u75xmxt8.cloudfront.net\/12\/2019\/11\/bicycle-1839005__340.jpg 544w, https:\/\/d2p6e6u75xmxt8.cloudfront.net\/12\/2019\/11\/bicycle-1839005__340-300x188.jpg 300w\" sizes=\"auto, (max-width: 544px) 100vw, 544px\" \/><\/li>\n<\/ul>\n<p>\u00c9s akkor vannak azok, amikhez nem kell m\u00e1s, mint nyers er\u0151, ami bel\u00fclr\u0151l t\u00f6r r\u00e1d \u00e9s azt mondatja veled: megcsin\u00e1lom! Ezt az er\u0151t kell fel\u00e9bresztened magadban, amikor ilyen kifog\u00e1sok t\u00e1madnak r\u00e1d:<\/p>\n<ul>\n<li>esik az es\u0151<\/li>\n<li>t\u00fal hideg van<\/li>\n<li>t\u00fal meleg van<\/li>\n<li>t\u00fals\u00e1gosan t\u0171z a nap<\/li>\n<li>t\u00fal s\u00f6t\u00e9t van<\/li>\n<li>t\u00fal \u00f6reg vagyok \u00e9n m\u00e1r ehhez<\/li>\n<li>t\u00fal h\u00e9tf\u0151 van<\/li>\n<li>t\u00fal p\u00e9ntek van<\/li>\n<li>t\u00fal dr\u00e1ga volt a bring\u00e1m, ahhoz, hogy t\u00e9nyleg haszn\u00e1ljam<\/li>\n<li>meg fogok izzadni, f\u00faj<\/li>\n<li>nem vagyok j\u00f3ban az izoml\u00e1zzal<\/li>\n<li>nem szeretek boldog, eg\u00e9szs\u00e9ges \u00e9s fitt lenni<\/li>\n<\/ul>\n<p><img loading=\"lazy\" decoding=\"async\" class=\"aligncenter size-full wp-image-5832\" src=\"https:\/\/d2p6e6u75xmxt8.cloudfront.net\/12\/2019\/11\/lane-3771068__340.jpg\" alt=\"\" width=\"492\" height=\"340\" srcset=\"https:\/\/d2p6e6u75xmxt8.cloudfront.net\/12\/2019\/11\/lane-3771068__340.jpg 492w, https:\/\/d2p6e6u75xmxt8.cloudfront.net\/12\/2019\/11\/lane-3771068__340-300x207.jpg 300w\" sizes=\"auto, (max-width: 492px) 100vw, 492px\" \/><\/p>\n<p>B\u00e1rmelyik csoportba is tartoznak az \u00e9rvel\u00e9sek, mindenre van megold\u00e1s: a bicikliz\u00e9s egy olyan sport, amit szinte b\u00e1rki \u00e9lvezhet! A bring\u00e1s k\u00f6z\u00f6ss\u00e9gek pedig az\u00e9rt vannak, hogy seg\u00edtsenek \u00e9s gyarapodjanak, \u00e9s v\u00e9g\u00fcl mindenki r\u00e1j\u00f6jj\u00f6n, hogy mind\u00f6ssze egy dolgot kell h\u00e1trahagynia ahhoz, hogy t\u00f6k\u00e9letes vil\u00e1got teremtsen maga k\u00f6r\u00e9: a kifog\u00e1sokat. Mi pedig pontosan az\u00e9rt vagyunk, hogy seg\u00edts\u00fcnk ebben.<\/p>\n<p>Oszd meg ezt a cikket egy bar\u00e1toddal, akinek szeretn\u00e9d \u00e1tadni a ker\u00e9kp\u00e1roz\u00e1s \u00f6r\u00f6m\u00e9t! Egy\u00fctt minden akad\u00e1lyon \u00e1tlend\u00fcl\u00fcnk!<\/p>\n","protected":false},"excerpt":{"rendered":"<p>Egy t\u00f6k\u00e9letes vil\u00e1gban mindenki bring\u00e1zik. Nincsenek buszok, nincs hangzavar, Budapest utc\u00e1in hallani lehet a kerekek j\u00f3les\u0151 surrog\u00e1s\u00e1t. Egy t\u00f6k\u00e9letes vil\u00e1gban [&hellip;]<\/p>\n","protected":false},"author":71,"featured_media":5830,"comment_status":"open","ping_status":"open","sticky":false,"template":"","format":"standard","meta":{"footnotes":""},"categories":[6],"tags":[],"global-categories":[],"class_list":["post-5829","post","type-post","status-publish","format-standard","has-post-thumbnail","hentry","category-edzes-es-eletmod"],"yoast_head":"<!-- This site is optimized with the Yoast SEO Premium plugin v25.3 (Yoast SEO v25.9) - https:\/\/yoast.com\/wordpress\/plugins\/seo\/ -->\n<title>Mi\u00e9rt NEM bicikliz\u00fcnk? - \u0160koda We Love Cycling - Magyarorsz\u00e1g<\/title>\n<meta name=\"robots\" content=\"index, follow, max-snippet:-1, max-image-preview:large, max-video-preview:-1\" \/>\n<link rel=\"canonical\" href=\"https:\/\/www.welovecycling.com\/hu\/edzes-es-eletmod\/miert-nem-biciklizunk\/\" \/>\n<meta property=\"og:locale\" content=\"hu_HU\" \/>\n<meta property=\"og:type\" content=\"article\" \/>\n<meta property=\"og:title\" content=\"Mi\u00e9rt NEM bicikliz\u00fcnk?\" \/>\n<meta property=\"og:description\" content=\"Egy t\u00f6k\u00e9letes vil\u00e1gban mindenki bring\u00e1zik. Nincsenek buszok, nincs hangzavar, Budapest utc\u00e1in hallani lehet a kerekek j\u00f3les\u0151 surrog\u00e1s\u00e1t. Egy t\u00f6k\u00e9letes vil\u00e1gban [&hellip;]\" \/>\n<meta property=\"og:url\" content=\"https:\/\/www.welovecycling.com\/hu\/edzes-es-eletmod\/miert-nem-biciklizunk\/\" \/>\n<meta property=\"og:site_name\" content=\"\u0160koda We Love Cycling - Magyarorsz\u00e1g\" \/>\n<meta property=\"article:publisher\" content=\"https:\/\/www.facebook.com\/WeLoveCyclingHungary\/\" \/>\n<meta property=\"article:published_time\" content=\"2019-12-04T07:00:42+00:00\" \/>\n<meta property=\"og:image\" content=\"https:\/\/d2p6e6u75xmxt8.cloudfront.net\/12\/2019\/11\/person-3553814_1280.jpg\" \/>\n\t<meta property=\"og:image:width\" content=\"1280\" \/>\n\t<meta property=\"og:image:height\" content=\"854\" \/>\n\t<meta property=\"og:image:type\" content=\"image\/jpeg\" \/>\n<meta name=\"author\" content=\"hegyizs\" \/>\n<meta name=\"twitter:card\" content=\"summary_large_image\" \/>\n<meta name=\"twitter:label1\" content=\"Written by\" \/>\n\t<meta name=\"twitter:data1\" content=\"WLC\" \/>\n\t<meta name=\"twitter:label2\" content=\"Est. reading time\" \/>\n\t<meta name=\"twitter:data2\" content=\"2 minutes\" \/>\n<script type=\"application\/ld+json\" class=\"yoast-schema-graph\">{\"@context\":\"https:\/\/schema.org\",\"@graph\":[{\"@type\":\"WebPage\",\"@id\":\"https:\/\/www.welovecycling.com\/hu\/edzes-es-eletmod\/miert-nem-biciklizunk\/\",\"url\":\"https:\/\/www.welovecycling.com\/hu\/edzes-es-eletmod\/miert-nem-biciklizunk\/\",\"name\":\"Mi\u00e9rt NEM bicikliz\u00fcnk? - \u0160koda We Love Cycling - Magyarorsz\u00e1g\",\"isPartOf\":{\"@id\":\"https:\/\/www.welovecycling.com\/hu\/#website\"},\"primaryImageOfPage\":{\"@id\":\"https:\/\/www.welovecycling.com\/hu\/edzes-es-eletmod\/miert-nem-biciklizunk\/#primaryimage\"},\"image\":{\"@id\":\"https:\/\/www.welovecycling.com\/hu\/edzes-es-eletmod\/miert-nem-biciklizunk\/#primaryimage\"},\"thumbnailUrl\":\"https:\/\/d2p6e6u75xmxt8.cloudfront.net\/12\/2019\/11\/person-3553814_1280.jpg\",\"datePublished\":\"2019-12-04T07:00:42+00:00\",\"author\":{\"@id\":\"https:\/\/www.welovecycling.com\/hu\/#\/schema\/person\/414a2aebf1801691a5320edb6468e194\"},\"breadcrumb\":{\"@id\":\"https:\/\/www.welovecycling.com\/hu\/edzes-es-eletmod\/miert-nem-biciklizunk\/#breadcrumb\"},\"inLanguage\":\"hu\",\"potentialAction\":[{\"@type\":\"ReadAction\",\"target\":[\"https:\/\/www.welovecycling.com\/hu\/edzes-es-eletmod\/miert-nem-biciklizunk\/\"]}]},{\"@type\":\"ImageObject\",\"inLanguage\":\"hu\",\"@id\":\"https:\/\/www.welovecycling.com\/hu\/edzes-es-eletmod\/miert-nem-biciklizunk\/#primaryimage\",\"url\":\"https:\/\/d2p6e6u75xmxt8.cloudfront.net\/12\/2019\/11\/person-3553814_1280.jpg\",\"contentUrl\":\"https:\/\/d2p6e6u75xmxt8.cloudfront.net\/12\/2019\/11\/person-3553814_1280.jpg\",\"width\":1280,\"height\":854},{\"@type\":\"BreadcrumbList\",\"@id\":\"https:\/\/www.welovecycling.com\/hu\/edzes-es-eletmod\/miert-nem-biciklizunk\/#breadcrumb\",\"itemListElement\":[{\"@type\":\"ListItem\",\"position\":1,\"name\":\"Home\",\"item\":\"https:\/\/www.welovecycling.com\/hu\/\"},{\"@type\":\"ListItem\",\"position\":2,\"name\":\"Mi\u00e9rt NEM bicikliz\u00fcnk?\"}]},{\"@type\":\"WebSite\",\"@id\":\"https:\/\/www.welovecycling.com\/hu\/#website\",\"url\":\"https:\/\/www.welovecycling.com\/hu\/\",\"name\":\"\u0160koda We Love Cycling - Magyarorsz\u00e1g\",\"description\":\"\u0160koda WeLoveCycling\",\"potentialAction\":[{\"@type\":\"SearchAction\",\"target\":{\"@type\":\"EntryPoint\",\"urlTemplate\":\"https:\/\/www.welovecycling.com\/hu\/?s={search_term_string}\"},\"query-input\":{\"@type\":\"PropertyValueSpecification\",\"valueRequired\":true,\"valueName\":\"search_term_string\"}}],\"inLanguage\":\"hu\"},{\"@type\":\"Person\",\"@id\":\"https:\/\/www.welovecycling.com\/hu\/#\/schema\/person\/414a2aebf1801691a5320edb6468e194\",\"name\":\"hegyizs\",\"image\":{\"@type\":\"ImageObject\",\"inLanguage\":\"hu\",\"@id\":\"https:\/\/www.welovecycling.com\/hu\/#\/schema\/person\/image\/\",\"url\":\"https:\/\/secure.gravatar.com\/avatar\/02cf8a7906b8cf90cecb4679defac7cfd33a1c2e3b88e4903d947f3bb58eedd3?s=96&d=mm&r=g\",\"contentUrl\":\"https:\/\/secure.gravatar.com\/avatar\/02cf8a7906b8cf90cecb4679defac7cfd33a1c2e3b88e4903d947f3bb58eedd3?s=96&d=mm&r=g\",\"caption\":\"hegyizs\"},\"url\":\"https:\/\/www.welovecycling.com\/hu\/author\/hegyizs\/\"}]}<\/script>\n<!-- \/ Yoast SEO Premium plugin. -->","yoast_head_json":{"title":"Mi\u00e9rt NEM bicikliz\u00fcnk? - \u0160koda We Love Cycling - Magyarorsz\u00e1g","robots":{"index":"index","follow":"follow","max-snippet":"max-snippet:-1","max-image-preview":"max-image-preview:large","max-video-preview":"max-video-preview:-1"},"canonical":"https:\/\/www.welovecycling.com\/hu\/edzes-es-eletmod\/miert-nem-biciklizunk\/","og_locale":"hu_HU","og_type":"article","og_title":"Mi\u00e9rt NEM bicikliz\u00fcnk?","og_description":"Egy t\u00f6k\u00e9letes vil\u00e1gban mindenki bring\u00e1zik. Nincsenek buszok, nincs hangzavar, Budapest utc\u00e1in hallani lehet a kerekek j\u00f3les\u0151 surrog\u00e1s\u00e1t. Egy t\u00f6k\u00e9letes vil\u00e1gban [&hellip;]","og_url":"https:\/\/www.welovecycling.com\/hu\/edzes-es-eletmod\/miert-nem-biciklizunk\/","og_site_name":"\u0160koda We Love Cycling - Magyarorsz\u00e1g","article_publisher":"https:\/\/www.facebook.com\/WeLoveCyclingHungary\/","article_published_time":"2019-12-04T07:00:42+00:00","og_image":[{"width":1280,"height":854,"url":"https:\/\/d2p6e6u75xmxt8.cloudfront.net\/12\/2019\/11\/person-3553814_1280.jpg","type":"image\/jpeg"}],"author":"hegyizs","twitter_card":"summary_large_image","twitter_misc":{"Written by":"WLC","Est. reading time":"2 minutes"},"schema":{"@context":"https:\/\/schema.org","@graph":[{"@type":"WebPage","@id":"https:\/\/www.welovecycling.com\/hu\/edzes-es-eletmod\/miert-nem-biciklizunk\/","url":"https:\/\/www.welovecycling.com\/hu\/edzes-es-eletmod\/miert-nem-biciklizunk\/","name":"Mi\u00e9rt NEM bicikliz\u00fcnk? - \u0160koda We Love Cycling - Magyarorsz\u00e1g","isPartOf":{"@id":"https:\/\/www.welovecycling.com\/hu\/#website"},"primaryImageOfPage":{"@id":"https:\/\/www.welovecycling.com\/hu\/edzes-es-eletmod\/miert-nem-biciklizunk\/#primaryimage"},"image":{"@id":"https:\/\/www.welovecycling.com\/hu\/edzes-es-eletmod\/miert-nem-biciklizunk\/#primaryimage"},"thumbnailUrl":"https:\/\/d2p6e6u75xmxt8.cloudfront.net\/12\/2019\/11\/person-3553814_1280.jpg","datePublished":"2019-12-04T07:00:42+00:00","author":{"@id":"https:\/\/www.welovecycling.com\/hu\/#\/schema\/person\/414a2aebf1801691a5320edb6468e194"},"breadcrumb":{"@id":"https:\/\/www.welovecycling.com\/hu\/edzes-es-eletmod\/miert-nem-biciklizunk\/#breadcrumb"},"inLanguage":"hu","potentialAction":[{"@type":"ReadAction","target":["https:\/\/www.welovecycling.com\/hu\/edzes-es-eletmod\/miert-nem-biciklizunk\/"]}]},{"@type":"ImageObject","inLanguage":"hu","@id":"https:\/\/www.welovecycling.com\/hu\/edzes-es-eletmod\/miert-nem-biciklizunk\/#primaryimage","url":"https:\/\/d2p6e6u75xmxt8.cloudfront.net\/12\/2019\/11\/person-3553814_1280.jpg","contentUrl":"https:\/\/d2p6e6u75xmxt8.cloudfront.net\/12\/2019\/11\/person-3553814_1280.jpg","width":1280,"height":854},{"@type":"BreadcrumbList","@id":"https:\/\/www.welovecycling.com\/hu\/edzes-es-eletmod\/miert-nem-biciklizunk\/#breadcrumb","itemListElement":[{"@type":"ListItem","position":1,"name":"Home","item":"https:\/\/www.welovecycling.com\/hu\/"},{"@type":"ListItem","position":2,"name":"Mi\u00e9rt NEM bicikliz\u00fcnk?"}]},{"@type":"WebSite","@id":"https:\/\/www.welovecycling.com\/hu\/#website","url":"https:\/\/www.welovecycling.com\/hu\/","name":"\u0160koda We Love Cycling - Magyarorsz\u00e1g","description":"\u0160koda WeLoveCycling","potentialAction":[{"@type":"SearchAction","target":{"@type":"EntryPoint","urlTemplate":"https:\/\/www.welovecycling.com\/hu\/?s={search_term_string}"},"query-input":{"@type":"PropertyValueSpecification","valueRequired":true,"valueName":"search_term_string"}}],"inLanguage":"hu"},{"@type":"Person","@id":"https:\/\/www.welovecycling.com\/hu\/#\/schema\/person\/414a2aebf1801691a5320edb6468e194","name":"hegyizs","image":{"@type":"ImageObject","inLanguage":"hu","@id":"https:\/\/www.welovecycling.com\/hu\/#\/schema\/person\/image\/","url":"https:\/\/secure.gravatar.com\/avatar\/02cf8a7906b8cf90cecb4679defac7cfd33a1c2e3b88e4903d947f3bb58eedd3?s=96&d=mm&r=g","contentUrl":"https:\/\/secure.gravatar.com\/avatar\/02cf8a7906b8cf90cecb4679defac7cfd33a1c2e3b88e4903d947f3bb58eedd3?s=96&d=mm&r=g","caption":"hegyizs"},"url":"https:\/\/www.welovecycling.com\/hu\/author\/hegyizs\/"}]}},"_links":{"self":[{"href":"https:\/\/www.welovecycling.com\/hu\/wp-json\/wp\/v2\/posts\/5829","targetHints":{"allow":["GET"]}}],"collection":[{"href":"https:\/\/www.welovecycling.com\/hu\/wp-json\/wp\/v2\/posts"}],"about":[{"href":"https:\/\/www.welovecycling.com\/hu\/wp-json\/wp\/v2\/types\/post"}],"author":[{"embeddable":true,"href":"https:\/\/www.welovecycling.com\/hu\/wp-json\/wp\/v2\/users\/71"}],"replies":[{"embeddable":true,"href":"https:\/\/www.welovecycling.com\/hu\/wp-json\/wp\/v2\/comments?post=5829"}],"version-history":[{"count":1,"href":"https:\/\/www.welovecycling.com\/hu\/wp-json\/wp\/v2\/posts\/5829\/revisions"}],"predecessor-version":[{"id":5833,"href":"https:\/\/www.welovecycling.com\/hu\/wp-json\/wp\/v2\/posts\/5829\/revisions\/5833"}],"wp:featuredmedia":[{"embeddable":true,"href":"https:\/\/www.welovecycling.com\/hu\/wp-json\/wp\/v2\/media\/5830"}],"wp:attachment":[{"href":"https:\/\/www.welovecycling.com\/hu\/wp-json\/wp\/v2\/media?parent=5829"}],"wp:term":[{"taxonomy":"category","embeddable":true,"href":"https:\/\/www.welovecycling.com\/hu\/wp-json\/wp\/v2\/categories?post=5829"},{"taxonomy":"post_tag","embeddable":true,"href":"https:\/\/www.welovecycling.com\/hu\/wp-json\/wp\/v2\/tags?post=5829"},{"taxonomy":"global-categories","embeddable":true,"href":"https:\/\/www.welovecycling.com\/hu\/wp-json\/wp\/v2\/global-categories?post=5829"}],"curies":[{"name":"wp","href":"https:\/\/api.w.org\/{rel}","templated":true}]}}