{"id":5802,"date":"2019-12-08T08:00:18","date_gmt":"2019-12-08T06:00:18","guid":{"rendered":"https:\/\/www.welovecycling.com\/hu\/?p=5802"},"modified":"2022-02-09T09:58:34","modified_gmt":"2022-02-09T07:58:34","slug":"bringa-a-kocsiban","status":"publish","type":"post","link":"https:\/\/www.welovecycling.com\/hu\/edzes-es-eletmod\/bringa-a-kocsiban\/","title":{"rendered":"Bringa a kocsiban"},"content":{"rendered":"<p><strong>Sz\u00e1ll\u00edtanod kell a biciklid? A \u0160koda Octavia Scout sz\u00e1mos okos megold\u00e1st tartogat a ker\u00e9kp\u00e1rosok sz\u00e1m\u00e1ra.<\/strong><!--more--><\/p>\n<p>Abban mindannyian egyet\u00e9rhet\u00fcnk, hogy minden aut\u00f3t lehet vezetni, aminek vannak kerekei, korm\u00e1nya \u00e9s m\u0171k\u00f6dik. \u00c9s azt\u00e1n ott vannak azok az aut\u00f3k, amikbe \u00e9lm\u00e9ny be\u00fclni.<\/p>\n<p><a href=\"https:\/\/d2p6e6u75xmxt8.cloudfront.net\/2\/2014\/07\/scout-1.jpg\"><img loading=\"lazy\" decoding=\"async\" class=\"alignnone size-medium wp-image-5803\" src=\"https:\/\/d2p6e6u75xmxt8.cloudfront.net\/12\/2019\/11\/scout-1-768x512.jpg\" alt=\"scout-1\" width=\"620\" height=\"413\" srcset=\"https:\/\/d2p6e6u75xmxt8.cloudfront.net\/12\/2019\/11\/scout-1-768x512.jpg 768w, https:\/\/d2p6e6u75xmxt8.cloudfront.net\/12\/2019\/11\/scout-1-300x200.jpg 300w, https:\/\/d2p6e6u75xmxt8.cloudfront.net\/12\/2019\/11\/scout-1-272x182.jpg 272w, https:\/\/d2p6e6u75xmxt8.cloudfront.net\/12\/2019\/11\/scout-1.jpg 979w\" sizes=\"auto, (max-width: 620px) 100vw, 620px\" \/><\/a><br \/>\n<em>(Fot\u00f3: WeLoveCycling.com)<\/em><\/p>\n<h2>1. Bemutatjuk a Scout-ot<\/h2>\n<p>A \u0160koda OCTAVIA Scout azoknak k\u00e9sz\u00fclt, akik \u00e9lm\u00e9nyeket keresnek. A legt\u00f6bb aut\u00f3val az utakon kell maradnod, de a Scout minden fel\u00fcleten meg\u00e1llja a hely\u00e9t. Nem terepj\u00e1r\u00f3 \u00e9s nem is n\u00e9z ki \u00fagy, mintha az lenne. Azonban a standar Octavi\u00e1hoz k\u00e9pest megemelt fut\u00f3m\u0171, a m\u0171anyag v\u00e9delemmel ell\u00e1tott motor, fut\u00f3m\u0171 \u00e9s l\u00f6kh\u00e1r\u00edt\u00f3 a n\u00e9gyker\u00e9kmeghajt\u00e1ssal olyan aut\u00f3t alkot, ami a vid\u00e9ki utakra sz\u00fcletett. A mountain bike szerelmesei eljuthatnak b\u00e1rhova, ahova m\u00e1siknak esz\u00e9be sem jut, nem \u00e1ll\u00edthatja meg \u0151ket h\u00f3 vagy murva.<\/p>\n<p>Sebess\u00e9gstabiliz\u00e1l\u00f3, asszisztens rendszerek, panor\u00e1matet\u0151, f\u0171t\u00f6tt \u00fcl\u00e9sek id\u0151z\u00edt\u0151vel, mind azt a c\u00e9lt szolg\u00e1lj\u00e1k, hogy a vezet\u00e9s egy nyugodt, pihentet\u0151 \u00e9lm\u00e9ny legyen.<\/p>\n<p><a href=\"https:\/\/d2p6e6u75xmxt8.cloudfront.net\/2\/2014\/07\/scout-3.jpg\"><img loading=\"lazy\" decoding=\"async\" class=\"alignnone size-medium wp-image-5804\" src=\"https:\/\/d2p6e6u75xmxt8.cloudfront.net\/12\/2019\/11\/scout-3-768x512.jpg\" alt=\"scout-3\" width=\"620\" height=\"413\" srcset=\"https:\/\/d2p6e6u75xmxt8.cloudfront.net\/12\/2019\/11\/scout-3-768x512.jpg 768w, https:\/\/d2p6e6u75xmxt8.cloudfront.net\/12\/2019\/11\/scout-3-300x200.jpg 300w, https:\/\/d2p6e6u75xmxt8.cloudfront.net\/12\/2019\/11\/scout-3-272x182.jpg 272w, https:\/\/d2p6e6u75xmxt8.cloudfront.net\/12\/2019\/11\/scout-3.jpg 979w\" sizes=\"auto, (max-width: 620px) 100vw, 620px\" \/><\/a><br \/>\n<em>(Photo: WeLoveCycling.com)<\/em><\/p>\n<p>Scout-ot vezetni \u00f6r\u00f6m. Az \u00f6t\u00f6dik gener\u00e1ci\u00f3s Haldex technol\u00f3gia \u00e9s a 17\u201d kerekek biztons\u00e1goss\u00e1 \u00e9s k\u00e9nyelmess\u00e9 teszik az utat minden helyzetben. A hatalmas csomagt\u00e9r k\u00e9szen \u00e1ll minden felszerel\u00e9s befogad\u00e1s\u00e1ra, b\u00e1rmilyen kalandr\u00f3l is legyen sz\u00f3. P\u00e9ld\u00e1ul ker\u00e9kp\u00e1roz\u00e1sr\u00f3l.<\/p>\n<h2>2. Ker\u00e9kp\u00e1rtart\u00f3k<\/h2>\n<p>A bicikliseknek sz\u00e1ll\u00edtani kell j\u00e1rm\u0171veiket. Sz\u00e1mos j\u00f3 megold\u00e1s sz\u00fcletett m\u00e1r erre. A legegyszer\u0171bb a biciklitart\u00f3, melyet az aut\u00f3 h\u00e1tulj\u00e1ra szerelhet\u00fcnk. A \u0160koda k\u00edn\u00e1lat\u00e1ban szerepl\u0151 modell rendk\u00edv\u00fcl egyszer\u0171en felszerelhet\u0151, k\u00e9t ker\u00e9kp\u00e1r sz\u00e1ll\u00edt\u00e1s\u00e1ra alkalmas, 36 kg-ot b\u00edr el. Hogy ne okozzon gondot a csomagt\u00e9r eltorlaszol\u00e1sa, a tart\u00f3t \u00fagy alak\u00edtottuk ki, hogy k\u00f6nnyen hozz\u00e1f\u00e9rhess\u00fcnk a csomagtart\u00f3hoz.<\/p>\n<h2>3. Tet\u0151re r\u00f6gz\u00edthet\u0151 \u00e1llv\u00e1ny<\/h2>\n<p>A biciklik tet\u0151n val\u00f3 sz\u00e1ll\u00edt\u00e1s\u00e1ban nem \u00faj tal\u00e1lm\u00e1ny. A k\u00fcl\u00f6nbs\u00e9g a r\u00e9szletekben rejlik. A fejl\u0151d\u00e9s sosem \u00e1ll meg, \u00edgy a tet\u0151tart\u00f3k manaps\u00e1g sokkal praktikusabbak, biztons\u00e1gosabbak \u00e9s k\u00f6nnyebbek, mint hajdan\u00e1n. A \u0160koda egy alum\u00ednium \u00f6tv\u00f6zetb\u0151l k\u00e9sz\u00fclt \u00e1llv\u00e1nyt alkotott, hogy min\u00e9l ink\u00e1bb lecs\u00f6kkenthesse a plusz s\u00falyt. Az egyedi technol\u00f3gia n\u00e9gy ker\u00e9kp\u00e1r sz\u00e1ll\u00edt\u00e1s\u00e1t teszi lehet\u0151v\u00e9.<\/p>\n<p><a href=\"https:\/\/d2p6e6u75xmxt8.cloudfront.net\/2\/2014\/07\/scout-2.jpg\"><img loading=\"lazy\" decoding=\"async\" class=\"alignnone size-medium wp-image-5805\" src=\"https:\/\/d2p6e6u75xmxt8.cloudfront.net\/12\/2019\/11\/scout-2-768x512.jpg\" alt=\"scout-2\" width=\"620\" height=\"413\" srcset=\"https:\/\/d2p6e6u75xmxt8.cloudfront.net\/12\/2019\/11\/scout-2-768x512.jpg 768w, https:\/\/d2p6e6u75xmxt8.cloudfront.net\/12\/2019\/11\/scout-2-300x200.jpg 300w, https:\/\/d2p6e6u75xmxt8.cloudfront.net\/12\/2019\/11\/scout-2-272x182.jpg 272w, https:\/\/d2p6e6u75xmxt8.cloudfront.net\/12\/2019\/11\/scout-2.jpg 979w\" sizes=\"auto, (max-width: 620px) 100vw, 620px\" \/><\/a><br \/>\n<em>(Photo: WeLoveCycling.com)<\/em><\/p>\n<p>Az el\u0151ny az egyszer\u0171s\u00e9gben \u00e9s a gyors felszerel\u00e9sben rejlik. Egyszer\u0171en emeld fel a biciklit, helyezt az \u00e1llv\u00e1nyra \u00e9s a munka neh\u00e9z r\u00e9sz\u00e9vel meg is vagy. M\u00e9g mountain bike-okkal is kipr\u00f3b\u00e1ltuk a vastagabb gumik miatt, \u00e9s nem \u00fctk\u00f6zt\u00fcnk probl\u00e9m\u00e1kba. Ha a bicikli m\u00e1r a hely\u00e9n van, r\u00f6gz\u00edtsd az als\u00f3 rudakhoz. Az \u00e1llv\u00e1ny lez\u00e1rhat\u00f3, \u00edgy a bring\u00e1k mindig biztons\u00e1gban lesznek rajta. A r\u00f6gz\u00edt\u00e9s \u00e9s a biciklik leszed\u00e9se nem tart tov\u00e1bb k\u00e9t percn\u00e9l. Kicsatol. Leemel. Teker.<\/p>\n<p><a href=\"https:\/\/d2p6e6u75xmxt8.cloudfront.net\/2\/2014\/07\/scout-4.jpg\"><img loading=\"lazy\" decoding=\"async\" class=\"alignnone size-medium wp-image-5806\" src=\"https:\/\/d2p6e6u75xmxt8.cloudfront.net\/12\/2019\/11\/scout-4-768x512.jpg\" alt=\"scout-4\" width=\"620\" height=\"413\" srcset=\"https:\/\/d2p6e6u75xmxt8.cloudfront.net\/12\/2019\/11\/scout-4-768x512.jpg 768w, https:\/\/d2p6e6u75xmxt8.cloudfront.net\/12\/2019\/11\/scout-4-300x200.jpg 300w, https:\/\/d2p6e6u75xmxt8.cloudfront.net\/12\/2019\/11\/scout-4-272x182.jpg 272w, https:\/\/d2p6e6u75xmxt8.cloudfront.net\/12\/2019\/11\/scout-4.jpg 979w\" sizes=\"auto, (max-width: 620px) 100vw, 620px\" \/><\/a><br \/>\n<em>(Photo: WeLoveCycling.com)<\/em><\/p>\n<h2>4. Bels\u0151 tart\u00f3<\/h2>\n<p>A \u0160koda ROOMSTER, YETI, OCTAVIA Combi \u00e9s a SUPERB Combi tartalmaz m\u00e9g egy \u00e9rdekes megold\u00e1st. \u00dagy szeretn\u00e9d sz\u00e1ll\u00edtani a bring\u00e1t, hogy ne kelljen a csomagtart\u00f3ra vagy a tet\u0151re r\u00f6gz\u00edtened? T\u00fal j\u00f3l hangzik, ahhoz, hogy igaz legyen, nem igaz? Pedig az: pr\u00f3b\u00e1ld ki a bels\u0151 bringatart\u00f3t, ami k\u00e9t ker\u00e9kp\u00e1rt is k\u00e9pes stabilan, f\u00fcgg\u0151legesen megtartani!<\/p>\n<p><a href=\"https:\/\/d2p6e6u75xmxt8.cloudfront.net\/2\/2014\/07\/scout-5.jpg\"><img loading=\"lazy\" decoding=\"async\" class=\"alignnone size-medium wp-image-5807\" src=\"https:\/\/d2p6e6u75xmxt8.cloudfront.net\/12\/2019\/11\/scout-5-768x512.jpg\" alt=\"scout-5\" width=\"620\" height=\"413\" srcset=\"https:\/\/d2p6e6u75xmxt8.cloudfront.net\/12\/2019\/11\/scout-5-768x512.jpg 768w, https:\/\/d2p6e6u75xmxt8.cloudfront.net\/12\/2019\/11\/scout-5-300x200.jpg 300w, https:\/\/d2p6e6u75xmxt8.cloudfront.net\/12\/2019\/11\/scout-5-272x182.jpg 272w, https:\/\/d2p6e6u75xmxt8.cloudfront.net\/12\/2019\/11\/scout-5.jpg 979w\" sizes=\"auto, (max-width: 620px) 100vw, 620px\" \/><\/a><br \/>\n<em>(Photo: WeLoveCycling.com)<\/em><\/p>\n<p>Mi\u00e9rt is jobbak ezek a megold\u00e1sok, mint betenni a csomagtart\u00f3ba a bicajokat? \u00cdgy biztosan nem karcolod meg a v\u00e1zat pakol\u00e1s k\u00f6zben, \u00e9s biztons\u00e1gosan \u00e9s k\u00e9nyelmesen utazhattok. A r\u00f6gz\u00edt\u00e9s csak p\u00e1r percet vesz ig\u00e9nybe. Hajtsd le a h\u00e1ts\u00f3 \u00fcl\u00e9seket \u00e9s r\u00f6gz\u00edtsd a bels\u0151 horgokat.<\/p>\n<p><a href=\"https:\/\/d2p6e6u75xmxt8.cloudfront.net\/2\/2014\/07\/scout-6.jpg\"><img loading=\"lazy\" decoding=\"async\" class=\"alignnone size-medium wp-image-5808\" src=\"https:\/\/d2p6e6u75xmxt8.cloudfront.net\/12\/2019\/11\/scout-6-768x512.jpg\" alt=\"scout-6\" width=\"620\" height=\"413\" srcset=\"https:\/\/d2p6e6u75xmxt8.cloudfront.net\/12\/2019\/11\/scout-6-768x512.jpg 768w, https:\/\/d2p6e6u75xmxt8.cloudfront.net\/12\/2019\/11\/scout-6-300x200.jpg 300w, https:\/\/d2p6e6u75xmxt8.cloudfront.net\/12\/2019\/11\/scout-6-272x182.jpg 272w, https:\/\/d2p6e6u75xmxt8.cloudfront.net\/12\/2019\/11\/scout-6.jpg 979w\" sizes=\"auto, (max-width: 620px) 100vw, 620px\" \/><\/a><br \/>\n<em>(Photo: WeLoveCycling.com)<\/em><\/p>\n<p>Ezut\u00e1n szereld le az els\u0151 kereket \u00e9s a vill\u00e1t is r\u00f6gz\u00edtsd! Gy\u0151z\u0151dj meg r\u00f3la, hogy a korm\u00e1ny nem l\u00f3g ki a csomagtart\u00f3b\u00f3l \u00e9s le tudod csukni a h\u00e1ts\u00f3 ajt\u00f3t! A legnagyobb el\u0151nye ennek a m\u00f3dszernek maga a t\u00e9ny, hogy nem kell a tet\u0151re r\u00f6gz\u00edtened a ker\u00e9kp\u00e1rt: \u00edgy aerodinamikailag kevesebb \u00fczemanyag-fogyaszt\u00e1ssal haladhatsz ugyanolyan sebess\u00e9ggel!<\/p>\n","protected":false},"excerpt":{"rendered":"<p>Sz\u00e1ll\u00edtanod kell a biciklid? A \u0160koda Octavia Scout sz\u00e1mos okos megold\u00e1st tartogat a ker\u00e9kp\u00e1rosok sz\u00e1m\u00e1ra.<\/p>\n","protected":false},"author":71,"featured_media":5810,"comment_status":"open","ping_status":"open","sticky":false,"template":"","format":"standard","meta":{"footnotes":""},"categories":[6,468],"tags":[],"global-categories":[],"class_list":["post-5802","post","type-post","status-publish","format-standard","has-post-thumbnail","hentry","category-edzes-es-eletmod","category-skoda"],"yoast_head":"<!-- This site is optimized with the Yoast SEO Premium plugin v25.3 (Yoast SEO v25.9) - https:\/\/yoast.com\/wordpress\/plugins\/seo\/ -->\n<title>Bringa a kocsiban - \u0160koda We Love Cycling - Magyarorsz\u00e1g<\/title>\n<meta name=\"robots\" content=\"index, follow, max-snippet:-1, max-image-preview:large, max-video-preview:-1\" \/>\n<link rel=\"canonical\" href=\"https:\/\/www.welovecycling.com\/hu\/edzes-es-eletmod\/bringa-a-kocsiban\/\" \/>\n<meta property=\"og:locale\" content=\"hu_HU\" \/>\n<meta property=\"og:type\" content=\"article\" \/>\n<meta property=\"og:title\" content=\"Bringa a kocsiban\" \/>\n<meta property=\"og:description\" content=\"Sz\u00e1ll\u00edtanod kell a biciklid? A \u0160koda Octavia Scout sz\u00e1mos okos megold\u00e1st tartogat a ker\u00e9kp\u00e1rosok sz\u00e1m\u00e1ra.\" \/>\n<meta property=\"og:url\" content=\"https:\/\/www.welovecycling.com\/hu\/edzes-es-eletmod\/bringa-a-kocsiban\/\" \/>\n<meta property=\"og:site_name\" content=\"\u0160koda We Love Cycling - Magyarorsz\u00e1g\" \/>\n<meta property=\"article:publisher\" content=\"https:\/\/www.facebook.com\/WeLoveCyclingHungary\/\" \/>\n<meta property=\"article:published_time\" content=\"2019-12-08T06:00:18+00:00\" \/>\n<meta property=\"article:modified_time\" content=\"2022-02-09T07:58:34+00:00\" \/>\n<meta property=\"og:image\" content=\"https:\/\/d2p6e6u75xmxt8.cloudfront.net\/12\/2019\/11\/feat6.jpg\" \/>\n\t<meta property=\"og:image:width\" content=\"950\" \/>\n\t<meta property=\"og:image:height\" content=\"350\" \/>\n\t<meta property=\"og:image:type\" content=\"image\/jpeg\" \/>\n<meta name=\"author\" content=\"hegyizs\" \/>\n<meta name=\"twitter:card\" content=\"summary_large_image\" \/>\n<meta name=\"twitter:label1\" content=\"Written by\" \/>\n\t<meta name=\"twitter:data1\" content=\"Adam Marsal\" \/>\n\t<meta name=\"twitter:label2\" content=\"Est. reading time\" \/>\n\t<meta name=\"twitter:data2\" content=\"4 minutes\" \/>\n<script type=\"application\/ld+json\" class=\"yoast-schema-graph\">{\"@context\":\"https:\/\/schema.org\",\"@graph\":[{\"@type\":\"WebPage\",\"@id\":\"https:\/\/www.welovecycling.com\/hu\/edzes-es-eletmod\/bringa-a-kocsiban\/\",\"url\":\"https:\/\/www.welovecycling.com\/hu\/edzes-es-eletmod\/bringa-a-kocsiban\/\",\"name\":\"Bringa a kocsiban - \u0160koda We Love Cycling - Magyarorsz\u00e1g\",\"isPartOf\":{\"@id\":\"https:\/\/www.welovecycling.com\/hu\/#website\"},\"primaryImageOfPage\":{\"@id\":\"https:\/\/www.welovecycling.com\/hu\/edzes-es-eletmod\/bringa-a-kocsiban\/#primaryimage\"},\"image\":{\"@id\":\"https:\/\/www.welovecycling.com\/hu\/edzes-es-eletmod\/bringa-a-kocsiban\/#primaryimage\"},\"thumbnailUrl\":\"https:\/\/d2p6e6u75xmxt8.cloudfront.net\/12\/2019\/11\/feat6.jpg\",\"datePublished\":\"2019-12-08T06:00:18+00:00\",\"dateModified\":\"2022-02-09T07:58:34+00:00\",\"author\":{\"@id\":\"https:\/\/www.welovecycling.com\/hu\/#\/schema\/person\/414a2aebf1801691a5320edb6468e194\"},\"breadcrumb\":{\"@id\":\"https:\/\/www.welovecycling.com\/hu\/edzes-es-eletmod\/bringa-a-kocsiban\/#breadcrumb\"},\"inLanguage\":\"hu\",\"potentialAction\":[{\"@type\":\"ReadAction\",\"target\":[\"https:\/\/www.welovecycling.com\/hu\/edzes-es-eletmod\/bringa-a-kocsiban\/\"]}]},{\"@type\":\"ImageObject\",\"inLanguage\":\"hu\",\"@id\":\"https:\/\/www.welovecycling.com\/hu\/edzes-es-eletmod\/bringa-a-kocsiban\/#primaryimage\",\"url\":\"https:\/\/d2p6e6u75xmxt8.cloudfront.net\/12\/2019\/11\/feat6.jpg\",\"contentUrl\":\"https:\/\/d2p6e6u75xmxt8.cloudfront.net\/12\/2019\/11\/feat6.jpg\",\"width\":950,\"height\":350},{\"@type\":\"BreadcrumbList\",\"@id\":\"https:\/\/www.welovecycling.com\/hu\/edzes-es-eletmod\/bringa-a-kocsiban\/#breadcrumb\",\"itemListElement\":[{\"@type\":\"ListItem\",\"position\":1,\"name\":\"Home\",\"item\":\"https:\/\/www.welovecycling.com\/hu\/\"},{\"@type\":\"ListItem\",\"position\":2,\"name\":\"Bringa a kocsiban\"}]},{\"@type\":\"WebSite\",\"@id\":\"https:\/\/www.welovecycling.com\/hu\/#website\",\"url\":\"https:\/\/www.welovecycling.com\/hu\/\",\"name\":\"\u0160koda We Love Cycling - Magyarorsz\u00e1g\",\"description\":\"\u0160koda WeLoveCycling\",\"potentialAction\":[{\"@type\":\"SearchAction\",\"target\":{\"@type\":\"EntryPoint\",\"urlTemplate\":\"https:\/\/www.welovecycling.com\/hu\/?s={search_term_string}\"},\"query-input\":{\"@type\":\"PropertyValueSpecification\",\"valueRequired\":true,\"valueName\":\"search_term_string\"}}],\"inLanguage\":\"hu\"},{\"@type\":\"Person\",\"@id\":\"https:\/\/www.welovecycling.com\/hu\/#\/schema\/person\/414a2aebf1801691a5320edb6468e194\",\"name\":\"hegyizs\",\"image\":{\"@type\":\"ImageObject\",\"inLanguage\":\"hu\",\"@id\":\"https:\/\/www.welovecycling.com\/hu\/#\/schema\/person\/image\/\",\"url\":\"https:\/\/secure.gravatar.com\/avatar\/02cf8a7906b8cf90cecb4679defac7cfd33a1c2e3b88e4903d947f3bb58eedd3?s=96&d=mm&r=g\",\"contentUrl\":\"https:\/\/secure.gravatar.com\/avatar\/02cf8a7906b8cf90cecb4679defac7cfd33a1c2e3b88e4903d947f3bb58eedd3?s=96&d=mm&r=g\",\"caption\":\"hegyizs\"},\"url\":\"https:\/\/www.welovecycling.com\/hu\/author\/hegyizs\/\"}]}<\/script>\n<!-- \/ Yoast SEO Premium plugin. -->","yoast_head_json":{"title":"Bringa a kocsiban - \u0160koda We Love Cycling - Magyarorsz\u00e1g","robots":{"index":"index","follow":"follow","max-snippet":"max-snippet:-1","max-image-preview":"max-image-preview:large","max-video-preview":"max-video-preview:-1"},"canonical":"https:\/\/www.welovecycling.com\/hu\/edzes-es-eletmod\/bringa-a-kocsiban\/","og_locale":"hu_HU","og_type":"article","og_title":"Bringa a kocsiban","og_description":"Sz\u00e1ll\u00edtanod kell a biciklid? A \u0160koda Octavia Scout sz\u00e1mos okos megold\u00e1st tartogat a ker\u00e9kp\u00e1rosok sz\u00e1m\u00e1ra.","og_url":"https:\/\/www.welovecycling.com\/hu\/edzes-es-eletmod\/bringa-a-kocsiban\/","og_site_name":"\u0160koda We Love Cycling - Magyarorsz\u00e1g","article_publisher":"https:\/\/www.facebook.com\/WeLoveCyclingHungary\/","article_published_time":"2019-12-08T06:00:18+00:00","article_modified_time":"2022-02-09T07:58:34+00:00","og_image":[{"width":950,"height":350,"url":"https:\/\/d2p6e6u75xmxt8.cloudfront.net\/12\/2019\/11\/feat6.jpg","type":"image\/jpeg"}],"author":"hegyizs","twitter_card":"summary_large_image","twitter_misc":{"Written by":"Adam Marsal","Est. reading time":"4 minutes"},"schema":{"@context":"https:\/\/schema.org","@graph":[{"@type":"WebPage","@id":"https:\/\/www.welovecycling.com\/hu\/edzes-es-eletmod\/bringa-a-kocsiban\/","url":"https:\/\/www.welovecycling.com\/hu\/edzes-es-eletmod\/bringa-a-kocsiban\/","name":"Bringa a kocsiban - \u0160koda We Love Cycling - Magyarorsz\u00e1g","isPartOf":{"@id":"https:\/\/www.welovecycling.com\/hu\/#website"},"primaryImageOfPage":{"@id":"https:\/\/www.welovecycling.com\/hu\/edzes-es-eletmod\/bringa-a-kocsiban\/#primaryimage"},"image":{"@id":"https:\/\/www.welovecycling.com\/hu\/edzes-es-eletmod\/bringa-a-kocsiban\/#primaryimage"},"thumbnailUrl":"https:\/\/d2p6e6u75xmxt8.cloudfront.net\/12\/2019\/11\/feat6.jpg","datePublished":"2019-12-08T06:00:18+00:00","dateModified":"2022-02-09T07:58:34+00:00","author":{"@id":"https:\/\/www.welovecycling.com\/hu\/#\/schema\/person\/414a2aebf1801691a5320edb6468e194"},"breadcrumb":{"@id":"https:\/\/www.welovecycling.com\/hu\/edzes-es-eletmod\/bringa-a-kocsiban\/#breadcrumb"},"inLanguage":"hu","potentialAction":[{"@type":"ReadAction","target":["https:\/\/www.welovecycling.com\/hu\/edzes-es-eletmod\/bringa-a-kocsiban\/"]}]},{"@type":"ImageObject","inLanguage":"hu","@id":"https:\/\/www.welovecycling.com\/hu\/edzes-es-eletmod\/bringa-a-kocsiban\/#primaryimage","url":"https:\/\/d2p6e6u75xmxt8.cloudfront.net\/12\/2019\/11\/feat6.jpg","contentUrl":"https:\/\/d2p6e6u75xmxt8.cloudfront.net\/12\/2019\/11\/feat6.jpg","width":950,"height":350},{"@type":"BreadcrumbList","@id":"https:\/\/www.welovecycling.com\/hu\/edzes-es-eletmod\/bringa-a-kocsiban\/#breadcrumb","itemListElement":[{"@type":"ListItem","position":1,"name":"Home","item":"https:\/\/www.welovecycling.com\/hu\/"},{"@type":"ListItem","position":2,"name":"Bringa a kocsiban"}]},{"@type":"WebSite","@id":"https:\/\/www.welovecycling.com\/hu\/#website","url":"https:\/\/www.welovecycling.com\/hu\/","name":"\u0160koda We Love Cycling - Magyarorsz\u00e1g","description":"\u0160koda WeLoveCycling","potentialAction":[{"@type":"SearchAction","target":{"@type":"EntryPoint","urlTemplate":"https:\/\/www.welovecycling.com\/hu\/?s={search_term_string}"},"query-input":{"@type":"PropertyValueSpecification","valueRequired":true,"valueName":"search_term_string"}}],"inLanguage":"hu"},{"@type":"Person","@id":"https:\/\/www.welovecycling.com\/hu\/#\/schema\/person\/414a2aebf1801691a5320edb6468e194","name":"hegyizs","image":{"@type":"ImageObject","inLanguage":"hu","@id":"https:\/\/www.welovecycling.com\/hu\/#\/schema\/person\/image\/","url":"https:\/\/secure.gravatar.com\/avatar\/02cf8a7906b8cf90cecb4679defac7cfd33a1c2e3b88e4903d947f3bb58eedd3?s=96&d=mm&r=g","contentUrl":"https:\/\/secure.gravatar.com\/avatar\/02cf8a7906b8cf90cecb4679defac7cfd33a1c2e3b88e4903d947f3bb58eedd3?s=96&d=mm&r=g","caption":"hegyizs"},"url":"https:\/\/www.welovecycling.com\/hu\/author\/hegyizs\/"}]}},"_links":{"self":[{"href":"https:\/\/www.welovecycling.com\/hu\/wp-json\/wp\/v2\/posts\/5802","targetHints":{"allow":["GET"]}}],"collection":[{"href":"https:\/\/www.welovecycling.com\/hu\/wp-json\/wp\/v2\/posts"}],"about":[{"href":"https:\/\/www.welovecycling.com\/hu\/wp-json\/wp\/v2\/types\/post"}],"author":[{"embeddable":true,"href":"https:\/\/www.welovecycling.com\/hu\/wp-json\/wp\/v2\/users\/71"}],"replies":[{"embeddable":true,"href":"https:\/\/www.welovecycling.com\/hu\/wp-json\/wp\/v2\/comments?post=5802"}],"version-history":[{"count":2,"href":"https:\/\/www.welovecycling.com\/hu\/wp-json\/wp\/v2\/posts\/5802\/revisions"}],"predecessor-version":[{"id":13572,"href":"https:\/\/www.welovecycling.com\/hu\/wp-json\/wp\/v2\/posts\/5802\/revisions\/13572"}],"wp:featuredmedia":[{"embeddable":true,"href":"https:\/\/www.welovecycling.com\/hu\/wp-json\/wp\/v2\/media\/5810"}],"wp:attachment":[{"href":"https:\/\/www.welovecycling.com\/hu\/wp-json\/wp\/v2\/media?parent=5802"}],"wp:term":[{"taxonomy":"category","embeddable":true,"href":"https:\/\/www.welovecycling.com\/hu\/wp-json\/wp\/v2\/categories?post=5802"},{"taxonomy":"post_tag","embeddable":true,"href":"https:\/\/www.welovecycling.com\/hu\/wp-json\/wp\/v2\/tags?post=5802"},{"taxonomy":"global-categories","embeddable":true,"href":"https:\/\/www.welovecycling.com\/hu\/wp-json\/wp\/v2\/global-categories?post=5802"}],"curies":[{"name":"wp","href":"https:\/\/api.w.org\/{rel}","templated":true}]}}