{"id":5798,"date":"2019-12-07T08:00:42","date_gmt":"2019-12-07T07:00:42","guid":{"rendered":"https:\/\/www.welovecycling.com\/hu\/?p=5798"},"modified":"2019-12-03T16:33:36","modified_gmt":"2019-12-03T15:33:36","slug":"hogyan-vedd-a-borod-a-napsugaraktol","status":"publish","type":"post","link":"https:\/\/www.welovecycling.com\/hu\/edzes-es-eletmod\/hogyan-vedd-a-borod-a-napsugaraktol\/","title":{"rendered":"Hogyan v\u00e9dd a b\u0151r\u00f6d a napsugarakt\u00f3l?"},"content":{"rendered":"<p><strong>Fontos, hogy ny\u00e1ron min\u00e9l t\u00f6bb D vitamint rakt\u00e1rozz \u00e9s mindannyiunknak hi\u00e1nyzik a t\u00e9li sz\u00fcrkes\u00e9gben a naps\u00fct\u00e9s. Azonban amikor arra ker\u00fcl a sor, hogy a melegben bring\u00e1ra pattanjunk, r\u00f6gt\u00f6n kedv\u00fcnket szegheti a t\u00fal er\u0151s naps\u00fct\u00e9s. Pedig barn\u00e1ra s\u00fclni egy kiad\u00f3s ny\u00e1ri t\u00fara ut\u00e1n: nincs is jobb \u00e9rz\u00e9s! Azonban vigy\u00e1zni kell a sug\u00e1rz\u00e1s okozta vesz\u00e9lyek miatt. Ha nem v\u00e9dekezel megfelel\u0151en, n\u00f6velheted a b\u0151rr\u00e1k kialakul\u00e1s\u00e1nak kock\u00e1zat\u00e1t \u00e9s felgyors\u00edthatod a b\u0151r\u00f6d \u00f6reged\u00e9s\u00e9t. L\u00e1ssuk h\u00e1t, hogyan v\u00e9dheted meg magad a k\u00e1ros sugarakt\u00f3l!<\/strong><!--more--><\/p>\n<p>Kutat\u00e1sok szerint 80%-ban az UV sug\u00e1rz\u00e1s a felel\u0151s a b\u0151r korai \u00f6reged\u00e9s\u00e9nek l\u00e1that\u00f3 jelei\u00e9rt, mint p\u00e9ld\u00e1ul a szepl\u0151k\u00e9rt, pigmentfoltok\u00e9rt \u00e9s a rugalmatlans\u00e1g\u00e9rt. Emelett az UV a legkomolyabb fenyeget\u00e9s a b\u0151rr\u00e1kot illet\u0151en. Hoztunk h\u00e1rom tippet, amivel elker\u00fclheted a k\u00e1ros hat\u00e1sokat.<\/p>\n<figure id=\"attachment_3849\" aria-describedby=\"caption-attachment-3849\" style=\"width: 1000px\" class=\"wp-caption alignnone\"><a href=\"https:\/\/d2p6e6u75xmxt8.cloudfront.net\/12\/2019\/05\/IMG_0170.jpg\"><img loading=\"lazy\" decoding=\"async\" class=\"wp-image-3849 size-full\" src=\"https:\/\/d2p6e6u75xmxt8.cloudfront.net\/12\/2019\/05\/IMG_0170.jpg\" alt=\"\" width=\"1000\" height=\"667\" srcset=\"https:\/\/d2p6e6u75xmxt8.cloudfront.net\/12\/2019\/05\/IMG_0170.jpg 1000w, https:\/\/d2p6e6u75xmxt8.cloudfront.net\/12\/2019\/05\/IMG_0170-300x200.jpg 300w, https:\/\/d2p6e6u75xmxt8.cloudfront.net\/12\/2019\/05\/IMG_0170-768x512.jpg 768w, https:\/\/d2p6e6u75xmxt8.cloudfront.net\/12\/2019\/05\/IMG_0170-272x182.jpg 272w\" sizes=\"auto, (max-width: 1000px) 100vw, 1000px\" \/><\/a><figcaption id=\"caption-attachment-3849\" class=\"wp-caption-text\">A ny\u00e1ri id\u0151szakban akkor is haszn\u00e1lj naptejet, ha nem s\u00fct a nap!<\/figcaption><\/figure>\n<h2><strong>Haszn\u00e1ld j\u00f3l a napolajat<\/strong><\/h2>\n<p>Sz\u00e1mos faktor k\u00f6z\u00fcl v\u00e1laszthatunk, ha napolajv\u00e1s\u00e1rl\u00e1sra ker\u00fcl a sor. A faktorsz\u00e1m azt jelzi, hogy milyen m\u00e9rt\u00e9k\u0171 szol\u00e1ris energia kell ahhoz, hogy le\u00e9gj, mik\u00f6zben az adott faktor\u00fa napolaj van rajtad. P\u00e9ld\u00e1ul egy 30-as faktor\u00fa naptej az ultraviola sug\u00e1rz\u00e1s 97%-\u00e1t v\u00e9di ki, az 50-es pedig a 98%-\u00e1t. Fontos, hogy b\u00e1r a magasabb faktor intenz\u00edvebb v\u00e9delmet ny\u00fajt, hat\u00e1sa nem tart tov\u00e1bb! Ha \u00e9rz\u00e9keny a b\u0151r\u00f6d, v\u00e1lassza \u00e1sv\u00e1nyi-alap\u00fa kr\u00e9meket, melyek fizikai v\u00e9delmet ny\u00fajtanak, nem pedig k\u00e9miait. Ker\u00fcld a spray-ket, ezek \u00e1ltal\u00e1ban alkoholt tartalmaznak!<\/p>\n<p>20-30 perccel a t\u00fara el\u0151tt kend be magad, akkor is, ha nem s\u00fct a nap. Ne hagyd ki a combjaid, \u00e9s a felkarjaid sem, hiszen ezeket folyamatosan \u00e9ri a sug\u00e1rz\u00e1s. Legal\u00e1bb k\u00e9t \u00f3r\u00e1nk\u00e9nt \u00fajra kend be magad!<\/p>\n<figure id=\"attachment_5799\" aria-describedby=\"caption-attachment-5799\" style=\"width: 1250px\" class=\"wp-caption alignnone\"><a href=\"https:\/\/d2p6e6u75xmxt8.cloudfront.net\/12\/2019\/11\/Sunscreen-Froome-profimedia-0378721441.jpg\"><img loading=\"lazy\" decoding=\"async\" class=\"wp-image-5799 size-full\" src=\"https:\/\/d2p6e6u75xmxt8.cloudfront.net\/12\/2019\/11\/Sunscreen-Froome-profimedia-0378721441.jpg\" alt=\"\" width=\"1250\" height=\"833\" srcset=\"https:\/\/d2p6e6u75xmxt8.cloudfront.net\/12\/2019\/11\/Sunscreen-Froome-profimedia-0378721441.jpg 1250w, https:\/\/d2p6e6u75xmxt8.cloudfront.net\/12\/2019\/11\/Sunscreen-Froome-profimedia-0378721441-300x200.jpg 300w, https:\/\/d2p6e6u75xmxt8.cloudfront.net\/12\/2019\/11\/Sunscreen-Froome-profimedia-0378721441-768x512.jpg 768w, https:\/\/d2p6e6u75xmxt8.cloudfront.net\/12\/2019\/11\/Sunscreen-Froome-profimedia-0378721441-1024x682.jpg 1024w, https:\/\/d2p6e6u75xmxt8.cloudfront.net\/12\/2019\/11\/Sunscreen-Froome-profimedia-0378721441-272x182.jpg 272w\" sizes=\"auto, (max-width: 1250px) 100vw, 1250px\" \/><\/a><figcaption id=\"caption-attachment-5799\" class=\"wp-caption-text\">Froome \u00e9s Alejandro Valverde a 105. Tour de France 13. szakasz\u00e1n, 2018-ban. \u00a9 Profimedia, AFP<\/figcaption><\/figure>\n<h2><strong>\u00d6lt\u00f6zz fel megfelel\u0151en<\/strong><\/h2>\n<p>Gondolj \u00fagy a ruh\u00e1dra, mint a v\u00e9delmet frontvonal\u00e1ra! Csak ott kell napolajat haszn\u00e1lnod, ahol nincs rajtad ruha. Ha hosszabb t\u00far\u00e1ra m\u00e9sz, vegy\u00e9l fel hossz\u00fa nadr\u00e1got! Tesztel le az anyagot: emeld a nap fel\u00e9, \u00e9s ha \u00e1tl\u00e1tsz rajta, ne vedd fel! Sok gy\u00e1rt\u00f3 m\u00e1r k\u00e9sz\u00edt olyan ruh\u00e1kat, amik direkt a magas sug\u00e1rz\u00e1s ellen v\u00e9denek, ezek t\u00f6k\u00e9letesen ny\u00e1rra. A sisakod kieg\u00e9sz\u00edt\u00e9s\u00e9vel a f\u00fcleidet is v\u00e9dheted. A baseball sapka is j\u00f3 alternat\u00edva lehet, ha nincs m\u00e1s megold\u00e1s. \u00c9s ne feledd a szemeidet sem, azok is meg tudnak \u00e9gni! UV sz\u0171r\u0151s napszem\u00fcveget viselj!<\/p>\n<h2><strong>Ker\u00fcld el a leger\u0151sebb sugarakat<\/strong><\/h2>\n<p>A legjobb, ha 11:00 \u00e9s 15:00 k\u00f6z\u00f6tt nem m\u00e9sz napra, hiszen ekkor a legvesz\u00e9lyesebb. Pr\u00f3b\u00e1ld a teker\u00e9seket reggelre vagy d\u00e9lut\u00e1nra id\u0151z\u00edteni. Ha eg\u00e9sz napos t\u00far\u00e1ra indulsz, iktass be egy meg\u00e1ll\u00f3t, hogy \u00e1rny\u00e9kban legy\u00e9l, amikor vesz\u00e9lyesek a sugarak!<\/p>\n","protected":false},"excerpt":{"rendered":"<p>Fontos, hogy ny\u00e1ron min\u00e9l t\u00f6bb D vitamint rakt\u00e1rozz \u00e9s mindannyiunknak hi\u00e1nyzik a t\u00e9li sz\u00fcrkes\u00e9gben a naps\u00fct\u00e9s. Azonban amikor arra ker\u00fcl [&hellip;]<\/p>\n","protected":false},"author":71,"featured_media":5801,"comment_status":"open","ping_status":"open","sticky":false,"template":"","format":"standard","meta":{"footnotes":""},"categories":[6],"tags":[],"global-categories":[],"class_list":["post-5798","post","type-post","status-publish","format-standard","has-post-thumbnail","hentry","category-edzes-es-eletmod"],"yoast_head":"<!-- This site is optimized with the Yoast SEO Premium plugin v25.3 (Yoast SEO v25.9) - https:\/\/yoast.com\/wordpress\/plugins\/seo\/ -->\n<title>Hogyan v\u00e9dd a b\u0151r\u00f6d a napsugarakt\u00f3l? - \u0160koda We Love Cycling - Magyarorsz\u00e1g<\/title>\n<meta name=\"robots\" content=\"index, follow, max-snippet:-1, max-image-preview:large, max-video-preview:-1\" \/>\n<link rel=\"canonical\" href=\"https:\/\/www.welovecycling.com\/hu\/edzes-es-eletmod\/hogyan-vedd-a-borod-a-napsugaraktol\/\" \/>\n<meta property=\"og:locale\" content=\"hu_HU\" \/>\n<meta property=\"og:type\" content=\"article\" \/>\n<meta property=\"og:title\" content=\"Hogyan v\u00e9dd a b\u0151r\u00f6d a napsugarakt\u00f3l?\" \/>\n<meta property=\"og:description\" content=\"Fontos, hogy ny\u00e1ron min\u00e9l t\u00f6bb D vitamint rakt\u00e1rozz \u00e9s mindannyiunknak hi\u00e1nyzik a t\u00e9li sz\u00fcrkes\u00e9gben a naps\u00fct\u00e9s. Azonban amikor arra ker\u00fcl [&hellip;]\" \/>\n<meta property=\"og:url\" content=\"https:\/\/www.welovecycling.com\/hu\/edzes-es-eletmod\/hogyan-vedd-a-borod-a-napsugaraktol\/\" \/>\n<meta property=\"og:site_name\" content=\"\u0160koda We Love Cycling - Magyarorsz\u00e1g\" \/>\n<meta property=\"article:publisher\" content=\"https:\/\/www.facebook.com\/WeLoveCyclingHungary\/\" \/>\n<meta property=\"article:published_time\" content=\"2019-12-07T07:00:42+00:00\" \/>\n<meta property=\"og:image\" content=\"https:\/\/d2p6e6u75xmxt8.cloudfront.net\/12\/2019\/11\/Sun-Cycling-profimedia-0460400753.jpg\" \/>\n\t<meta property=\"og:image:width\" content=\"1366\" \/>\n\t<meta property=\"og:image:height\" content=\"600\" \/>\n\t<meta property=\"og:image:type\" content=\"image\/jpeg\" \/>\n<meta name=\"author\" content=\"hegyizs\" \/>\n<meta name=\"twitter:card\" content=\"summary_large_image\" \/>\n<meta name=\"twitter:label1\" content=\"Written by\" \/>\n\t<meta name=\"twitter:data1\" content=\"Jiri Kaloc\" \/>\n\t<meta name=\"twitter:label2\" content=\"Est. reading time\" \/>\n\t<meta name=\"twitter:data2\" content=\"5\" \/>\n<script type=\"application\/ld+json\" class=\"yoast-schema-graph\">{\"@context\":\"https:\/\/schema.org\",\"@graph\":[{\"@type\":\"WebPage\",\"@id\":\"https:\/\/www.welovecycling.com\/hu\/edzes-es-eletmod\/hogyan-vedd-a-borod-a-napsugaraktol\/\",\"url\":\"https:\/\/www.welovecycling.com\/hu\/edzes-es-eletmod\/hogyan-vedd-a-borod-a-napsugaraktol\/\",\"name\":\"Hogyan v\u00e9dd a b\u0151r\u00f6d a napsugarakt\u00f3l? - \u0160koda We Love Cycling - Magyarorsz\u00e1g\",\"isPartOf\":{\"@id\":\"https:\/\/www.welovecycling.com\/hu\/#website\"},\"primaryImageOfPage\":{\"@id\":\"https:\/\/www.welovecycling.com\/hu\/edzes-es-eletmod\/hogyan-vedd-a-borod-a-napsugaraktol\/#primaryimage\"},\"image\":{\"@id\":\"https:\/\/www.welovecycling.com\/hu\/edzes-es-eletmod\/hogyan-vedd-a-borod-a-napsugaraktol\/#primaryimage\"},\"thumbnailUrl\":\"https:\/\/d2p6e6u75xmxt8.cloudfront.net\/12\/2019\/11\/Sun-Cycling-profimedia-0460400753.jpg\",\"datePublished\":\"2019-12-07T07:00:42+00:00\",\"author\":{\"@id\":\"https:\/\/www.welovecycling.com\/hu\/#\/schema\/person\/414a2aebf1801691a5320edb6468e194\"},\"breadcrumb\":{\"@id\":\"https:\/\/www.welovecycling.com\/hu\/edzes-es-eletmod\/hogyan-vedd-a-borod-a-napsugaraktol\/#breadcrumb\"},\"inLanguage\":\"hu\",\"potentialAction\":[{\"@type\":\"ReadAction\",\"target\":[\"https:\/\/www.welovecycling.com\/hu\/edzes-es-eletmod\/hogyan-vedd-a-borod-a-napsugaraktol\/\"]}]},{\"@type\":\"ImageObject\",\"inLanguage\":\"hu\",\"@id\":\"https:\/\/www.welovecycling.com\/hu\/edzes-es-eletmod\/hogyan-vedd-a-borod-a-napsugaraktol\/#primaryimage\",\"url\":\"https:\/\/d2p6e6u75xmxt8.cloudfront.net\/12\/2019\/11\/Sun-Cycling-profimedia-0460400753.jpg\",\"contentUrl\":\"https:\/\/d2p6e6u75xmxt8.cloudfront.net\/12\/2019\/11\/Sun-Cycling-profimedia-0460400753.jpg\",\"width\":1366,\"height\":600},{\"@type\":\"BreadcrumbList\",\"@id\":\"https:\/\/www.welovecycling.com\/hu\/edzes-es-eletmod\/hogyan-vedd-a-borod-a-napsugaraktol\/#breadcrumb\",\"itemListElement\":[{\"@type\":\"ListItem\",\"position\":1,\"name\":\"Home\",\"item\":\"https:\/\/www.welovecycling.com\/hu\/\"},{\"@type\":\"ListItem\",\"position\":2,\"name\":\"Hogyan v\u00e9dd a b\u0151r\u00f6d a napsugarakt\u00f3l?\"}]},{\"@type\":\"WebSite\",\"@id\":\"https:\/\/www.welovecycling.com\/hu\/#website\",\"url\":\"https:\/\/www.welovecycling.com\/hu\/\",\"name\":\"\u0160koda We Love Cycling - Magyarorsz\u00e1g\",\"description\":\"\u0160koda WeLoveCycling\",\"potentialAction\":[{\"@type\":\"SearchAction\",\"target\":{\"@type\":\"EntryPoint\",\"urlTemplate\":\"https:\/\/www.welovecycling.com\/hu\/?s={search_term_string}\"},\"query-input\":{\"@type\":\"PropertyValueSpecification\",\"valueRequired\":true,\"valueName\":\"search_term_string\"}}],\"inLanguage\":\"hu\"},{\"@type\":\"Person\",\"@id\":\"https:\/\/www.welovecycling.com\/hu\/#\/schema\/person\/414a2aebf1801691a5320edb6468e194\",\"name\":\"hegyizs\",\"image\":{\"@type\":\"ImageObject\",\"inLanguage\":\"hu\",\"@id\":\"https:\/\/www.welovecycling.com\/hu\/#\/schema\/person\/image\/\",\"url\":\"https:\/\/secure.gravatar.com\/avatar\/02cf8a7906b8cf90cecb4679defac7cfd33a1c2e3b88e4903d947f3bb58eedd3?s=96&d=mm&r=g\",\"contentUrl\":\"https:\/\/secure.gravatar.com\/avatar\/02cf8a7906b8cf90cecb4679defac7cfd33a1c2e3b88e4903d947f3bb58eedd3?s=96&d=mm&r=g\",\"caption\":\"hegyizs\"},\"url\":\"https:\/\/www.welovecycling.com\/hu\/author\/hegyizs\/\"}]}<\/script>\n<!-- \/ Yoast SEO Premium plugin. -->","yoast_head_json":{"title":"Hogyan v\u00e9dd a b\u0151r\u00f6d a napsugarakt\u00f3l? - \u0160koda We Love Cycling - Magyarorsz\u00e1g","robots":{"index":"index","follow":"follow","max-snippet":"max-snippet:-1","max-image-preview":"max-image-preview:large","max-video-preview":"max-video-preview:-1"},"canonical":"https:\/\/www.welovecycling.com\/hu\/edzes-es-eletmod\/hogyan-vedd-a-borod-a-napsugaraktol\/","og_locale":"hu_HU","og_type":"article","og_title":"Hogyan v\u00e9dd a b\u0151r\u00f6d a napsugarakt\u00f3l?","og_description":"Fontos, hogy ny\u00e1ron min\u00e9l t\u00f6bb D vitamint rakt\u00e1rozz \u00e9s mindannyiunknak hi\u00e1nyzik a t\u00e9li sz\u00fcrkes\u00e9gben a naps\u00fct\u00e9s. Azonban amikor arra ker\u00fcl [&hellip;]","og_url":"https:\/\/www.welovecycling.com\/hu\/edzes-es-eletmod\/hogyan-vedd-a-borod-a-napsugaraktol\/","og_site_name":"\u0160koda We Love Cycling - Magyarorsz\u00e1g","article_publisher":"https:\/\/www.facebook.com\/WeLoveCyclingHungary\/","article_published_time":"2019-12-07T07:00:42+00:00","og_image":[{"width":1366,"height":600,"url":"https:\/\/d2p6e6u75xmxt8.cloudfront.net\/12\/2019\/11\/Sun-Cycling-profimedia-0460400753.jpg","type":"image\/jpeg"}],"author":"hegyizs","twitter_card":"summary_large_image","twitter_misc":{"Written by":"Jiri Kaloc","Est. reading time":"5"},"schema":{"@context":"https:\/\/schema.org","@graph":[{"@type":"WebPage","@id":"https:\/\/www.welovecycling.com\/hu\/edzes-es-eletmod\/hogyan-vedd-a-borod-a-napsugaraktol\/","url":"https:\/\/www.welovecycling.com\/hu\/edzes-es-eletmod\/hogyan-vedd-a-borod-a-napsugaraktol\/","name":"Hogyan v\u00e9dd a b\u0151r\u00f6d a napsugarakt\u00f3l? - \u0160koda We Love Cycling - Magyarorsz\u00e1g","isPartOf":{"@id":"https:\/\/www.welovecycling.com\/hu\/#website"},"primaryImageOfPage":{"@id":"https:\/\/www.welovecycling.com\/hu\/edzes-es-eletmod\/hogyan-vedd-a-borod-a-napsugaraktol\/#primaryimage"},"image":{"@id":"https:\/\/www.welovecycling.com\/hu\/edzes-es-eletmod\/hogyan-vedd-a-borod-a-napsugaraktol\/#primaryimage"},"thumbnailUrl":"https:\/\/d2p6e6u75xmxt8.cloudfront.net\/12\/2019\/11\/Sun-Cycling-profimedia-0460400753.jpg","datePublished":"2019-12-07T07:00:42+00:00","author":{"@id":"https:\/\/www.welovecycling.com\/hu\/#\/schema\/person\/414a2aebf1801691a5320edb6468e194"},"breadcrumb":{"@id":"https:\/\/www.welovecycling.com\/hu\/edzes-es-eletmod\/hogyan-vedd-a-borod-a-napsugaraktol\/#breadcrumb"},"inLanguage":"hu","potentialAction":[{"@type":"ReadAction","target":["https:\/\/www.welovecycling.com\/hu\/edzes-es-eletmod\/hogyan-vedd-a-borod-a-napsugaraktol\/"]}]},{"@type":"ImageObject","inLanguage":"hu","@id":"https:\/\/www.welovecycling.com\/hu\/edzes-es-eletmod\/hogyan-vedd-a-borod-a-napsugaraktol\/#primaryimage","url":"https:\/\/d2p6e6u75xmxt8.cloudfront.net\/12\/2019\/11\/Sun-Cycling-profimedia-0460400753.jpg","contentUrl":"https:\/\/d2p6e6u75xmxt8.cloudfront.net\/12\/2019\/11\/Sun-Cycling-profimedia-0460400753.jpg","width":1366,"height":600},{"@type":"BreadcrumbList","@id":"https:\/\/www.welovecycling.com\/hu\/edzes-es-eletmod\/hogyan-vedd-a-borod-a-napsugaraktol\/#breadcrumb","itemListElement":[{"@type":"ListItem","position":1,"name":"Home","item":"https:\/\/www.welovecycling.com\/hu\/"},{"@type":"ListItem","position":2,"name":"Hogyan v\u00e9dd a b\u0151r\u00f6d a napsugarakt\u00f3l?"}]},{"@type":"WebSite","@id":"https:\/\/www.welovecycling.com\/hu\/#website","url":"https:\/\/www.welovecycling.com\/hu\/","name":"\u0160koda We Love Cycling - Magyarorsz\u00e1g","description":"\u0160koda WeLoveCycling","potentialAction":[{"@type":"SearchAction","target":{"@type":"EntryPoint","urlTemplate":"https:\/\/www.welovecycling.com\/hu\/?s={search_term_string}"},"query-input":{"@type":"PropertyValueSpecification","valueRequired":true,"valueName":"search_term_string"}}],"inLanguage":"hu"},{"@type":"Person","@id":"https:\/\/www.welovecycling.com\/hu\/#\/schema\/person\/414a2aebf1801691a5320edb6468e194","name":"hegyizs","image":{"@type":"ImageObject","inLanguage":"hu","@id":"https:\/\/www.welovecycling.com\/hu\/#\/schema\/person\/image\/","url":"https:\/\/secure.gravatar.com\/avatar\/02cf8a7906b8cf90cecb4679defac7cfd33a1c2e3b88e4903d947f3bb58eedd3?s=96&d=mm&r=g","contentUrl":"https:\/\/secure.gravatar.com\/avatar\/02cf8a7906b8cf90cecb4679defac7cfd33a1c2e3b88e4903d947f3bb58eedd3?s=96&d=mm&r=g","caption":"hegyizs"},"url":"https:\/\/www.welovecycling.com\/hu\/author\/hegyizs\/"}]}},"_links":{"self":[{"href":"https:\/\/www.welovecycling.com\/hu\/wp-json\/wp\/v2\/posts\/5798","targetHints":{"allow":["GET"]}}],"collection":[{"href":"https:\/\/www.welovecycling.com\/hu\/wp-json\/wp\/v2\/posts"}],"about":[{"href":"https:\/\/www.welovecycling.com\/hu\/wp-json\/wp\/v2\/types\/post"}],"author":[{"embeddable":true,"href":"https:\/\/www.welovecycling.com\/hu\/wp-json\/wp\/v2\/users\/71"}],"replies":[{"embeddable":true,"href":"https:\/\/www.welovecycling.com\/hu\/wp-json\/wp\/v2\/comments?post=5798"}],"version-history":[{"count":2,"href":"https:\/\/www.welovecycling.com\/hu\/wp-json\/wp\/v2\/posts\/5798\/revisions"}],"predecessor-version":[{"id":5826,"href":"https:\/\/www.welovecycling.com\/hu\/wp-json\/wp\/v2\/posts\/5798\/revisions\/5826"}],"wp:featuredmedia":[{"embeddable":true,"href":"https:\/\/www.welovecycling.com\/hu\/wp-json\/wp\/v2\/media\/5801"}],"wp:attachment":[{"href":"https:\/\/www.welovecycling.com\/hu\/wp-json\/wp\/v2\/media?parent=5798"}],"wp:term":[{"taxonomy":"category","embeddable":true,"href":"https:\/\/www.welovecycling.com\/hu\/wp-json\/wp\/v2\/categories?post=5798"},{"taxonomy":"post_tag","embeddable":true,"href":"https:\/\/www.welovecycling.com\/hu\/wp-json\/wp\/v2\/tags?post=5798"},{"taxonomy":"global-categories","embeddable":true,"href":"https:\/\/www.welovecycling.com\/hu\/wp-json\/wp\/v2\/global-categories?post=5798"}],"curies":[{"name":"wp","href":"https:\/\/api.w.org\/{rel}","templated":true}]}}