{"id":5789,"date":"2019-12-03T08:00:27","date_gmt":"2019-12-03T07:00:27","guid":{"rendered":"https:\/\/www.welovecycling.com\/hu\/?p=5789"},"modified":"2019-11-29T16:04:27","modified_gmt":"2019-11-29T15:04:27","slug":"mi-tartja-vissza-a-noket-a-biciklizestol","status":"publish","type":"post","link":"https:\/\/www.welovecycling.com\/hu\/kozosseg-es-kultura\/mi-tartja-vissza-a-noket-a-biciklizestol\/","title":{"rendered":"Mi tartja vissza a n\u0151ket a bicikliz\u00e9st\u0151l?"},"content":{"rendered":"<p><strong>Mi itt, a We Love Cycling-n\u00e1l fontosnak tartjuk, hogy szembesz\u00e1lljunk a f\u00e9lelmeinkkel, \u00e9s legy\u0151zz\u00fck az akad\u00e1lyokat, bele\u00e9rtve azokat is, amik a n\u0151i ker\u00e9kp\u00e1rosok el\u0151tt \u00e1llnak. B\u00e1r a f\u00e9rfiak sem \u00e1llnak k\u00edv\u00fcl ezeken a probl\u00e9m\u00e1kon, a n\u0151knek sokszor m\u00e9g komplexebb akad\u00e1lyokkal kell megk\u00fczdeni\u00fck.<\/strong><\/p>\n<p><!--more--><\/p>\n<p>T\u00e9ny, hogy egyre t\u00f6bb \u00e9s t\u00f6bb n\u0151 fedezi fel a ker\u00e9kp\u00e1roz\u00e1s \u00f6r\u00f6m\u00e9t, a bring\u00e1val val\u00f3 ing\u00e1z\u00e1s ny\u00fajtotta szabads\u00e1got vagy a versenyz\u00e9s izgalmait, ez pedig meg\u00e9ri az \u00fcnnepl\u00e9st! Sajnos az is t\u00e9ny, hogy sok esetben, a nemi \u00e9s kultur\u00e1lis norm\u00e1k, a k\u00f6rnyezeti t\u00e9nyez\u0151k vagy egy olyan ker\u00e9kp\u00e1ros kult\u00fara, ami nem foglalja mag\u00e1ban a biztons\u00e1g fogalm\u00e1t, t\u00e1vol tarthatja a n\u0151ket a bicikliz\u00e9st\u0151l.<\/p>\n<figure id=\"attachment_5790\" aria-describedby=\"caption-attachment-5790\" style=\"width: 1250px\" class=\"wp-caption alignnone\"><a href=\"https:\/\/d2p6e6u75xmxt8.cloudfront.net\/12\/2019\/11\/Women-Cycling-profimedia-0462551702.jpg\"><img loading=\"lazy\" decoding=\"async\" class=\"wp-image-5790 size-full\" src=\"https:\/\/d2p6e6u75xmxt8.cloudfront.net\/12\/2019\/11\/Women-Cycling-profimedia-0462551702.jpg\" alt=\"\" width=\"1250\" height=\"833\" srcset=\"https:\/\/d2p6e6u75xmxt8.cloudfront.net\/12\/2019\/11\/Women-Cycling-profimedia-0462551702.jpg 1250w, https:\/\/d2p6e6u75xmxt8.cloudfront.net\/12\/2019\/11\/Women-Cycling-profimedia-0462551702-300x200.jpg 300w, https:\/\/d2p6e6u75xmxt8.cloudfront.net\/12\/2019\/11\/Women-Cycling-profimedia-0462551702-768x512.jpg 768w, https:\/\/d2p6e6u75xmxt8.cloudfront.net\/12\/2019\/11\/Women-Cycling-profimedia-0462551702-1024x682.jpg 1024w, https:\/\/d2p6e6u75xmxt8.cloudfront.net\/12\/2019\/11\/Women-Cycling-profimedia-0462551702-272x182.jpg 272w\" sizes=\"auto, (max-width: 1250px) 100vw, 1250px\" \/><\/a><figcaption id=\"caption-attachment-5790\" class=\"wp-caption-text\">Fiona Kolbinger, 24 \u00a9 Damien MEYER \/ AFP \/ Profimedia<\/figcaption><\/figure>\n<p>Cikk\u00fcnkben \u00f6sszeszedt\u00fck a f\u0151 korl\u00e1tokat, a m\u00f6g\u00f6tt\u00fck megh\u00faz\u00f3d\u00f3 okokat \u00e9s a potenci\u00e1lis megold\u00e1sokat.<\/p>\n<h2><strong>F\u00e9lelem a kudarct\u00f3l \u00e9s a s\u00e9r\u00fcl\u00e9sekt\u0151l<\/strong><\/h2>\n<p>A kudarct\u00f3l \u00e9s a s\u00e9r\u00fcl\u00e9st\u0151l val\u00f3 f\u00e9lelem az egyik f\u0151 oka annak, hogy a n\u0151k nem \u00fclnek ker\u00e9kp\u00e1rra. B\u00e1r a f\u00e9rfiak \u00e9s a n\u0151k is hajlamosak tagadni ezeket a f\u00e9lelmeket, a val\u00f3s\u00e1gban t\u00f6bb n\u0151 van olyan helyzetben, hogy nem is volt lehet\u0151s\u00e9ge megtanulni ker\u00e9kp\u00e1rozni. Mivel a k\u00f6zhiedelem szerint ez egy olyan dolog, amit m\u00e9g gyerekkorban el kell saj\u00e1t\u00edtani, sokan sz\u00e9gyellik, hogy nem tett\u00e9k meg \u00e9s ink\u00e1bb nem is pr\u00f3b\u00e1lkoznak vele feln\u0151ttk\u00e9nt.<\/p>\n<p>Azok a n\u0151k, akik nem tudnak biciklizni \u2013 vagy ezt felt\u00e9telezik magukr\u00f3l \u2013 sokszor az\u00e9rt nem pr\u00f3b\u00e1lj\u00e1k ki a sportot, mert f\u00e9lnek, hogy elesnek vagy balesetet szenvednek. Egyet\u00e9rthet\u00fcnk abban, hogy ahogy a v\u00e1rosokban egyre jobban ki\u00e9p\u00fcl a ker\u00e9kp\u00e1ros infrastrukt\u00fara \u00e9s egyre t\u00f6bb inform\u00e1ci\u00f3nk van arr\u00f3l, hogy milyen jogai \u00e9s felel\u0151ss\u00e9gei vannak a bicikliseknek, t\u00f6bb n\u0151 \u00fcl sz\u00edvesen bring\u00e1ra. Azonban a megold\u00e1s m\u00e1sik r\u00e9sze a bicikliz\u00e9s, mint tud\u00e1s t\u00falmisztifik\u00e1l\u00e1s\u00e1nak megsz\u00fcntet\u00e9s\u00e9ben rejlik. Ha valaki nem tanult meg m\u00e9g biciklizni, ez nem jelenti azt, hogy nem is \u00e9rdekli a dolog. Feln\u0151ttk\u00e9nt is elsaj\u00e1t\u00edthatunk \u00faj dolgokat, n\u00e9ha csak egy t\u00fcrelmes \u00e9s t\u00e1mogat\u00f3 bar\u00e1tra van sz\u00fcks\u00e9g\u00fcnk!<\/p>\n<figure id=\"attachment_5791\" aria-describedby=\"caption-attachment-5791\" style=\"width: 1000px\" class=\"wp-caption alignnone\"><a href=\"https:\/\/d2p6e6u75xmxt8.cloudfront.net\/12\/2019\/11\/Women-Cycling-profimedia-0474967620.jpg\"><img loading=\"lazy\" decoding=\"async\" class=\"size-full wp-image-5791\" src=\"https:\/\/d2p6e6u75xmxt8.cloudfront.net\/12\/2019\/11\/Women-Cycling-profimedia-0474967620.jpg\" alt=\"\" width=\"1000\" height=\"667\" srcset=\"https:\/\/d2p6e6u75xmxt8.cloudfront.net\/12\/2019\/11\/Women-Cycling-profimedia-0474967620.jpg 1000w, https:\/\/d2p6e6u75xmxt8.cloudfront.net\/12\/2019\/11\/Women-Cycling-profimedia-0474967620-300x200.jpg 300w, https:\/\/d2p6e6u75xmxt8.cloudfront.net\/12\/2019\/11\/Women-Cycling-profimedia-0474967620-768x512.jpg 768w, https:\/\/d2p6e6u75xmxt8.cloudfront.net\/12\/2019\/11\/Women-Cycling-profimedia-0474967620-272x182.jpg 272w\" sizes=\"auto, (max-width: 1000px) 100vw, 1000px\" \/><\/a><figcaption id=\"caption-attachment-5791\" class=\"wp-caption-text\">\u00a9\u00a0Wirestock \/ DPphoto \/ Profimedia<\/figcaption><\/figure>\n<h2><strong>A megfelel\u0151 felszerel\u00e9s hi\u00e1nya<\/strong><\/h2>\n<p>Ha m\u00e1r t\u00faljutottunk az els\u0151 ellen\u00e9rz\u00e9seken, a megfelel\u0151 bicikli megtal\u00e1l\u00e1sa m\u00e9g mindig akad\u00e1ly lehet a n\u0151k el\u0151tt. Hallottunk m\u00e1r olyanokr\u00f3l, akik gyerekeknek sz\u00e1nt bring\u00e1kon vagy a gar\u00e1zsban kall\u00f3d\u00f3 r\u00e9gi j\u00e1rg\u00e1nyon pr\u00f3b\u00e1lt\u00e1k megszeretni a teker\u00e9st.<\/p>\n<p>A\u00a0 n\u0151i ker\u00e9kp\u00e1rokr\u00f3l sz\u00f3l\u00f3 vit\u00e1k ellen\u00e9re, fontos meg\u00e9rteni azt, hogy \u00e1ltal\u00e1noss\u00e1gban a n\u0151knek m\u00e1s az anat\u00f3mi\u00e1juk, mint a f\u00e9rfiaknak, \u00e9s ez sokszor nagy k\u00fcl\u00f6nbs\u00e9geket is jelenthet. F\u0151leg kezdetben fontos, hogy olyan biciklit v\u00e1lasszunk, amin biztons\u00e1gban \u00e9rezz\u00fck magunkat. Pontosan ez\u00e9rt kell kipr\u00f3b\u00e1lni t\u00f6bb k\u00fcl\u00f6nb\u00f6z\u0151 modellt \u00e9s be\u00e1ll\u00edt\u00e1st v\u00e1s\u00e1rl\u00e1s el\u0151tt!<\/p>\n<h2><strong>Nagyobb vesz\u00e9ly<\/strong><\/h2>\n<p>Tet\u0151zve a t\u00e9nyt, hogy a n\u0151k \u00e1ltal\u00e1ban jobban agg\u00f3dnak a biztons\u00e1g miatt, amikor a forgalomban tekernek, arra is gondolnunk kell, hogy val\u00f3ban nagyobb vesz\u00e9lyben vannak \u2013 de nem az aut\u00f3k, hanem az emberek miatt. Kiszolg\u00e1ltatva \u00e9s v\u00e9dtelen\u00fcl, egyed\u00fcl egy biciklin: biztos visszatart\u00f3 er\u0151 azoknak, akiket b\u00e1ntalmaztak vagy zaklattak.<\/p>\n<p>M\u00e1r \u00edrtunk arr\u00f3l, <a href=\"https:\/\/www.welovecycling.com\/hu\/edzes-es-eletmod\/biztonsagi-tippek-szolo-bringasoknak\/\">hogyan biciklizz egyed\u00fcl, biztons\u00e1gban<\/a>, de n\u00e9lk\u00fcl\u00f6zhetetlen egy olyan k\u00f6rnyezet, ahol a n\u0151k biztons\u00e1gban \u00e9rezhetik magukat, megoszthatj\u00e1k egym\u00e1ssal a tapasztalataikat \u00e9s megold\u00e1sokat keressenek. Biciklisk\u00e9nt mindannyiunk felel\u0151ss\u00e9ge, hogy biztons\u00e1gosabb\u00e1 \u00e9s befogad\u00f3bb\u00e1 tegy\u00fck a sportot!<\/p>\n<figure id=\"attachment_3134\" aria-describedby=\"caption-attachment-3134\" style=\"width: 1250px\" class=\"wp-caption alignnone\"><a href=\"https:\/\/d2p6e6u75xmxt8.cloudfront.net\/12\/2019\/04\/profimedia-0316304846.jpg\"><img loading=\"lazy\" decoding=\"async\" class=\"size-full wp-image-3134\" src=\"https:\/\/d2p6e6u75xmxt8.cloudfront.net\/12\/2019\/04\/profimedia-0316304846.jpg\" alt=\"\" width=\"1250\" height=\"833\" srcset=\"https:\/\/d2p6e6u75xmxt8.cloudfront.net\/12\/2019\/04\/profimedia-0316304846.jpg 1250w, https:\/\/d2p6e6u75xmxt8.cloudfront.net\/12\/2019\/04\/profimedia-0316304846-300x200.jpg 300w, https:\/\/d2p6e6u75xmxt8.cloudfront.net\/12\/2019\/04\/profimedia-0316304846-768x512.jpg 768w, https:\/\/d2p6e6u75xmxt8.cloudfront.net\/12\/2019\/04\/profimedia-0316304846-1024x682.jpg 1024w, https:\/\/d2p6e6u75xmxt8.cloudfront.net\/12\/2019\/04\/profimedia-0316304846-272x182.jpg 272w\" sizes=\"auto, (max-width: 1250px) 100vw, 1250px\" \/><\/a><figcaption id=\"caption-attachment-3134\" class=\"wp-caption-text\">\u00a9 Profimedia, Alamy<\/figcaption><\/figure>\n<h2><strong>A kommunik\u00e1ci\u00f3 hi\u00e1nya<\/strong><\/h2>\n<p>Ahogy \u00f6regsz\u00fcnk egyre nagyobb kih\u00edv\u00e1s lesz \u00faj, ismeretlen dolgokat kipr\u00f3b\u00e1lni. A n\u0151k kisebbs\u00e9gben vannak a bicajjal ing\u00e1z\u00f3k k\u00f6r\u00e9ben, \u00e9s m\u00e9g kisebb az ar\u00e1nyuk a rendszeres bring\u00e1sok k\u00f6zt. Mind tudjuk, hogy a bicikliz\u00e9s bar\u00e1tokkal \u00e9lvezetesebb, \u00e9s fontos, hogy folytat\u00f3djanak a kifejezetten n\u0151knek sz\u00f3l\u00f3 csoportos kezdem\u00e9nyez\u00e9sek! Szerencs\u00e9re ezekb\u0151l egyre t\u00f6bb \u00e9s t\u00f6bb van, de az \u00f6sszefog\u00e1shoz egym\u00e1ssal is egy\u00fctt kell m\u0171k\u00f6dn\u00fcnk. Mindegy, hogy t\u00e9ged \u00e9rdekel a ker\u00e9kp\u00e1roz\u00e1s, vagy egy bar\u00e1todr\u00f3l gondolod, hogy j\u00f3t tenne neki, ne f\u00e9lj k\u00e9rdezni! Legrosszabb esetben nemet mondanak, te pedig kik\u00f6tsz egy \u00faj bring\u00e1s bar\u00e1t mellett.<\/p>\n<h2><strong>B\u0171ntudat<\/strong><\/h2>\n<p>Sajnos sok csal\u00e1dban m\u00e9g mindig az a n\u00e9zet az uralkod\u00f3, hogy a n\u0151knek kell t\u00f6bbet foglalkozni a h\u00e1ztart\u00e1ssal \u00e9s a csal\u00e1ddal, s\u0151t: hallottunk m\u00e1r olyan esetekr\u0151l, amikor a f\u00e9rj egyenesen f\u00e9lt\u00e9keny vagy d\u00fch\u00f6s lesz, ha p\u00e1rja elkezd biciklizni. Persze ugyanez f\u00e9rfiakkal is megt\u00f6rt\u00e9nhet, de tal\u00e1n a n\u0151kkel gyakoribb: p\u00e1rjuk megnehez\u00edti sz\u00e1mukra a hosszabb id\u0151re val\u00f3 t\u00e1volmarad\u00e1st, f\u0151leg, ha sz\u00f3rakoz\u00e1sr\u00f3l van sz\u00f3. B\u00e1r mi mind egyet\u00e9rt\u00fcnk abban, hogy mindenkinek joga van a szabads\u00e1ghoz, \u00e9s ahhoz, hogy hobbija legyen, sajnos nem minden csal\u00e1d m\u0171k\u00f6dik \u00edgy. \u00c9pp ez\u00e9rt fontos, hogy el\u00e9rj\u00fck ezeket a n\u0151ket \u00e9s seg\u00edts\u00fcnk nekik, hogy magabiztosan \u00fclhessenek nyeregbe!<\/p>\n<p>\u00d6sszess\u00e9g\u00e9ben elmondhatjuk, hogy nem azt kell keresn\u00fcnk, hogyan v\u00e1ltoztathatjuk meg a n\u0151ket, hogy t\u00f6bben biciklizzenek, hanem azt, hogy hogyan v\u00e1ltoztathatjuk a ker\u00e9kp\u00e1roz\u00e1st olyan sportt\u00e1, amit sz\u00edvesen \u0171znek. Biciklizni csod\u00e1latos dolog, tegy\u00fck el\u00e9rhet\u0151v\u00e9 min\u00e9l t\u00f6bb ember sz\u00e1m\u00e1ra!<\/p>\n","protected":false},"excerpt":{"rendered":"<p>Mi itt, a We Love Cycling-n\u00e1l fontosnak tartjuk, hogy szembesz\u00e1lljunk a f\u00e9lelmeinkkel, \u00e9s legy\u0151zz\u00fck az akad\u00e1lyokat, bele\u00e9rtve azokat is, amik [&hellip;]<\/p>\n","protected":false},"author":71,"featured_media":5793,"comment_status":"open","ping_status":"open","sticky":false,"template":"","format":"standard","meta":{"footnotes":""},"categories":[12],"tags":[],"global-categories":[],"class_list":["post-5789","post","type-post","status-publish","format-standard","has-post-thumbnail","hentry","category-kozosseg-es-kultura"],"yoast_head":"<!-- This site is optimized with the Yoast SEO Premium plugin v25.3 (Yoast SEO v25.9) - https:\/\/yoast.com\/wordpress\/plugins\/seo\/ -->\n<title>Mi tartja vissza a n\u0151ket a bicikliz\u00e9st\u0151l? - \u0160koda We Love Cycling - Magyarorsz\u00e1g<\/title>\n<meta name=\"robots\" content=\"index, follow, max-snippet:-1, max-image-preview:large, max-video-preview:-1\" \/>\n<link rel=\"canonical\" href=\"https:\/\/www.welovecycling.com\/hu\/kozosseg-es-kultura\/mi-tartja-vissza-a-noket-a-biciklizestol\/\" \/>\n<meta property=\"og:locale\" content=\"hu_HU\" \/>\n<meta property=\"og:type\" content=\"article\" \/>\n<meta property=\"og:title\" content=\"Mi tartja vissza a n\u0151ket a bicikliz\u00e9st\u0151l?\" \/>\n<meta property=\"og:description\" content=\"Mi itt, a We Love Cycling-n\u00e1l fontosnak tartjuk, hogy szembesz\u00e1lljunk a f\u00e9lelmeinkkel, \u00e9s legy\u0151zz\u00fck az akad\u00e1lyokat, bele\u00e9rtve azokat is, amik [&hellip;]\" \/>\n<meta property=\"og:url\" content=\"https:\/\/www.welovecycling.com\/hu\/kozosseg-es-kultura\/mi-tartja-vissza-a-noket-a-biciklizestol\/\" \/>\n<meta property=\"og:site_name\" content=\"\u0160koda We Love Cycling - Magyarorsz\u00e1g\" \/>\n<meta property=\"article:publisher\" content=\"https:\/\/www.facebook.com\/WeLoveCyclingHungary\/\" \/>\n<meta property=\"article:published_time\" content=\"2019-12-03T07:00:27+00:00\" \/>\n<meta property=\"og:image\" content=\"https:\/\/d2p6e6u75xmxt8.cloudfront.net\/12\/2019\/11\/Woman-Cycling-CVR-profimedia-0474727813.jpg\" \/>\n\t<meta property=\"og:image:width\" content=\"1366\" \/>\n\t<meta property=\"og:image:height\" content=\"600\" \/>\n\t<meta property=\"og:image:type\" content=\"image\/jpeg\" \/>\n<meta name=\"author\" content=\"hegyizs\" \/>\n<meta name=\"twitter:card\" content=\"summary_large_image\" \/>\n<meta name=\"twitter:label1\" content=\"Written by\" \/>\n\t<meta name=\"twitter:data1\" content=\"Megan Flottorp\" \/>\n\t<meta name=\"twitter:label2\" content=\"Est. reading time\" \/>\n\t<meta name=\"twitter:data2\" content=\"7\" \/>\n<script type=\"application\/ld+json\" class=\"yoast-schema-graph\">{\"@context\":\"https:\/\/schema.org\",\"@graph\":[{\"@type\":\"WebPage\",\"@id\":\"https:\/\/www.welovecycling.com\/hu\/kozosseg-es-kultura\/mi-tartja-vissza-a-noket-a-biciklizestol\/\",\"url\":\"https:\/\/www.welovecycling.com\/hu\/kozosseg-es-kultura\/mi-tartja-vissza-a-noket-a-biciklizestol\/\",\"name\":\"Mi tartja vissza a n\u0151ket a bicikliz\u00e9st\u0151l? - \u0160koda We Love Cycling - Magyarorsz\u00e1g\",\"isPartOf\":{\"@id\":\"https:\/\/www.welovecycling.com\/hu\/#website\"},\"primaryImageOfPage\":{\"@id\":\"https:\/\/www.welovecycling.com\/hu\/kozosseg-es-kultura\/mi-tartja-vissza-a-noket-a-biciklizestol\/#primaryimage\"},\"image\":{\"@id\":\"https:\/\/www.welovecycling.com\/hu\/kozosseg-es-kultura\/mi-tartja-vissza-a-noket-a-biciklizestol\/#primaryimage\"},\"thumbnailUrl\":\"https:\/\/d2p6e6u75xmxt8.cloudfront.net\/12\/2019\/11\/Woman-Cycling-CVR-profimedia-0474727813.jpg\",\"datePublished\":\"2019-12-03T07:00:27+00:00\",\"author\":{\"@id\":\"https:\/\/www.welovecycling.com\/hu\/#\/schema\/person\/414a2aebf1801691a5320edb6468e194\"},\"breadcrumb\":{\"@id\":\"https:\/\/www.welovecycling.com\/hu\/kozosseg-es-kultura\/mi-tartja-vissza-a-noket-a-biciklizestol\/#breadcrumb\"},\"inLanguage\":\"hu\",\"potentialAction\":[{\"@type\":\"ReadAction\",\"target\":[\"https:\/\/www.welovecycling.com\/hu\/kozosseg-es-kultura\/mi-tartja-vissza-a-noket-a-biciklizestol\/\"]}]},{\"@type\":\"ImageObject\",\"inLanguage\":\"hu\",\"@id\":\"https:\/\/www.welovecycling.com\/hu\/kozosseg-es-kultura\/mi-tartja-vissza-a-noket-a-biciklizestol\/#primaryimage\",\"url\":\"https:\/\/d2p6e6u75xmxt8.cloudfront.net\/12\/2019\/11\/Woman-Cycling-CVR-profimedia-0474727813.jpg\",\"contentUrl\":\"https:\/\/d2p6e6u75xmxt8.cloudfront.net\/12\/2019\/11\/Woman-Cycling-CVR-profimedia-0474727813.jpg\",\"width\":1366,\"height\":600},{\"@type\":\"BreadcrumbList\",\"@id\":\"https:\/\/www.welovecycling.com\/hu\/kozosseg-es-kultura\/mi-tartja-vissza-a-noket-a-biciklizestol\/#breadcrumb\",\"itemListElement\":[{\"@type\":\"ListItem\",\"position\":1,\"name\":\"Home\",\"item\":\"https:\/\/www.welovecycling.com\/hu\/\"},{\"@type\":\"ListItem\",\"position\":2,\"name\":\"Mi tartja vissza a n\u0151ket a bicikliz\u00e9st\u0151l?\"}]},{\"@type\":\"WebSite\",\"@id\":\"https:\/\/www.welovecycling.com\/hu\/#website\",\"url\":\"https:\/\/www.welovecycling.com\/hu\/\",\"name\":\"\u0160koda We Love Cycling - Magyarorsz\u00e1g\",\"description\":\"\u0160koda WeLoveCycling\",\"potentialAction\":[{\"@type\":\"SearchAction\",\"target\":{\"@type\":\"EntryPoint\",\"urlTemplate\":\"https:\/\/www.welovecycling.com\/hu\/?s={search_term_string}\"},\"query-input\":{\"@type\":\"PropertyValueSpecification\",\"valueRequired\":true,\"valueName\":\"search_term_string\"}}],\"inLanguage\":\"hu\"},{\"@type\":\"Person\",\"@id\":\"https:\/\/www.welovecycling.com\/hu\/#\/schema\/person\/414a2aebf1801691a5320edb6468e194\",\"name\":\"hegyizs\",\"image\":{\"@type\":\"ImageObject\",\"inLanguage\":\"hu\",\"@id\":\"https:\/\/www.welovecycling.com\/hu\/#\/schema\/person\/image\/\",\"url\":\"https:\/\/secure.gravatar.com\/avatar\/02cf8a7906b8cf90cecb4679defac7cfd33a1c2e3b88e4903d947f3bb58eedd3?s=96&d=mm&r=g\",\"contentUrl\":\"https:\/\/secure.gravatar.com\/avatar\/02cf8a7906b8cf90cecb4679defac7cfd33a1c2e3b88e4903d947f3bb58eedd3?s=96&d=mm&r=g\",\"caption\":\"hegyizs\"},\"url\":\"https:\/\/www.welovecycling.com\/hu\/author\/hegyizs\/\"}]}<\/script>\n<!-- \/ Yoast SEO Premium plugin. -->","yoast_head_json":{"title":"Mi tartja vissza a n\u0151ket a bicikliz\u00e9st\u0151l? - \u0160koda We Love Cycling - Magyarorsz\u00e1g","robots":{"index":"index","follow":"follow","max-snippet":"max-snippet:-1","max-image-preview":"max-image-preview:large","max-video-preview":"max-video-preview:-1"},"canonical":"https:\/\/www.welovecycling.com\/hu\/kozosseg-es-kultura\/mi-tartja-vissza-a-noket-a-biciklizestol\/","og_locale":"hu_HU","og_type":"article","og_title":"Mi tartja vissza a n\u0151ket a bicikliz\u00e9st\u0151l?","og_description":"Mi itt, a We Love Cycling-n\u00e1l fontosnak tartjuk, hogy szembesz\u00e1lljunk a f\u00e9lelmeinkkel, \u00e9s legy\u0151zz\u00fck az akad\u00e1lyokat, bele\u00e9rtve azokat is, amik [&hellip;]","og_url":"https:\/\/www.welovecycling.com\/hu\/kozosseg-es-kultura\/mi-tartja-vissza-a-noket-a-biciklizestol\/","og_site_name":"\u0160koda We Love Cycling - Magyarorsz\u00e1g","article_publisher":"https:\/\/www.facebook.com\/WeLoveCyclingHungary\/","article_published_time":"2019-12-03T07:00:27+00:00","og_image":[{"width":1366,"height":600,"url":"https:\/\/d2p6e6u75xmxt8.cloudfront.net\/12\/2019\/11\/Woman-Cycling-CVR-profimedia-0474727813.jpg","type":"image\/jpeg"}],"author":"hegyizs","twitter_card":"summary_large_image","twitter_misc":{"Written by":"Megan Flottorp","Est. reading time":"7"},"schema":{"@context":"https:\/\/schema.org","@graph":[{"@type":"WebPage","@id":"https:\/\/www.welovecycling.com\/hu\/kozosseg-es-kultura\/mi-tartja-vissza-a-noket-a-biciklizestol\/","url":"https:\/\/www.welovecycling.com\/hu\/kozosseg-es-kultura\/mi-tartja-vissza-a-noket-a-biciklizestol\/","name":"Mi tartja vissza a n\u0151ket a bicikliz\u00e9st\u0151l? - \u0160koda We Love Cycling - Magyarorsz\u00e1g","isPartOf":{"@id":"https:\/\/www.welovecycling.com\/hu\/#website"},"primaryImageOfPage":{"@id":"https:\/\/www.welovecycling.com\/hu\/kozosseg-es-kultura\/mi-tartja-vissza-a-noket-a-biciklizestol\/#primaryimage"},"image":{"@id":"https:\/\/www.welovecycling.com\/hu\/kozosseg-es-kultura\/mi-tartja-vissza-a-noket-a-biciklizestol\/#primaryimage"},"thumbnailUrl":"https:\/\/d2p6e6u75xmxt8.cloudfront.net\/12\/2019\/11\/Woman-Cycling-CVR-profimedia-0474727813.jpg","datePublished":"2019-12-03T07:00:27+00:00","author":{"@id":"https:\/\/www.welovecycling.com\/hu\/#\/schema\/person\/414a2aebf1801691a5320edb6468e194"},"breadcrumb":{"@id":"https:\/\/www.welovecycling.com\/hu\/kozosseg-es-kultura\/mi-tartja-vissza-a-noket-a-biciklizestol\/#breadcrumb"},"inLanguage":"hu","potentialAction":[{"@type":"ReadAction","target":["https:\/\/www.welovecycling.com\/hu\/kozosseg-es-kultura\/mi-tartja-vissza-a-noket-a-biciklizestol\/"]}]},{"@type":"ImageObject","inLanguage":"hu","@id":"https:\/\/www.welovecycling.com\/hu\/kozosseg-es-kultura\/mi-tartja-vissza-a-noket-a-biciklizestol\/#primaryimage","url":"https:\/\/d2p6e6u75xmxt8.cloudfront.net\/12\/2019\/11\/Woman-Cycling-CVR-profimedia-0474727813.jpg","contentUrl":"https:\/\/d2p6e6u75xmxt8.cloudfront.net\/12\/2019\/11\/Woman-Cycling-CVR-profimedia-0474727813.jpg","width":1366,"height":600},{"@type":"BreadcrumbList","@id":"https:\/\/www.welovecycling.com\/hu\/kozosseg-es-kultura\/mi-tartja-vissza-a-noket-a-biciklizestol\/#breadcrumb","itemListElement":[{"@type":"ListItem","position":1,"name":"Home","item":"https:\/\/www.welovecycling.com\/hu\/"},{"@type":"ListItem","position":2,"name":"Mi tartja vissza a n\u0151ket a bicikliz\u00e9st\u0151l?"}]},{"@type":"WebSite","@id":"https:\/\/www.welovecycling.com\/hu\/#website","url":"https:\/\/www.welovecycling.com\/hu\/","name":"\u0160koda We Love Cycling - Magyarorsz\u00e1g","description":"\u0160koda WeLoveCycling","potentialAction":[{"@type":"SearchAction","target":{"@type":"EntryPoint","urlTemplate":"https:\/\/www.welovecycling.com\/hu\/?s={search_term_string}"},"query-input":{"@type":"PropertyValueSpecification","valueRequired":true,"valueName":"search_term_string"}}],"inLanguage":"hu"},{"@type":"Person","@id":"https:\/\/www.welovecycling.com\/hu\/#\/schema\/person\/414a2aebf1801691a5320edb6468e194","name":"hegyizs","image":{"@type":"ImageObject","inLanguage":"hu","@id":"https:\/\/www.welovecycling.com\/hu\/#\/schema\/person\/image\/","url":"https:\/\/secure.gravatar.com\/avatar\/02cf8a7906b8cf90cecb4679defac7cfd33a1c2e3b88e4903d947f3bb58eedd3?s=96&d=mm&r=g","contentUrl":"https:\/\/secure.gravatar.com\/avatar\/02cf8a7906b8cf90cecb4679defac7cfd33a1c2e3b88e4903d947f3bb58eedd3?s=96&d=mm&r=g","caption":"hegyizs"},"url":"https:\/\/www.welovecycling.com\/hu\/author\/hegyizs\/"}]}},"_links":{"self":[{"href":"https:\/\/www.welovecycling.com\/hu\/wp-json\/wp\/v2\/posts\/5789","targetHints":{"allow":["GET"]}}],"collection":[{"href":"https:\/\/www.welovecycling.com\/hu\/wp-json\/wp\/v2\/posts"}],"about":[{"href":"https:\/\/www.welovecycling.com\/hu\/wp-json\/wp\/v2\/types\/post"}],"author":[{"embeddable":true,"href":"https:\/\/www.welovecycling.com\/hu\/wp-json\/wp\/v2\/users\/71"}],"replies":[{"embeddable":true,"href":"https:\/\/www.welovecycling.com\/hu\/wp-json\/wp\/v2\/comments?post=5789"}],"version-history":[{"count":2,"href":"https:\/\/www.welovecycling.com\/hu\/wp-json\/wp\/v2\/posts\/5789\/revisions"}],"predecessor-version":[{"id":5820,"href":"https:\/\/www.welovecycling.com\/hu\/wp-json\/wp\/v2\/posts\/5789\/revisions\/5820"}],"wp:featuredmedia":[{"embeddable":true,"href":"https:\/\/www.welovecycling.com\/hu\/wp-json\/wp\/v2\/media\/5793"}],"wp:attachment":[{"href":"https:\/\/www.welovecycling.com\/hu\/wp-json\/wp\/v2\/media?parent=5789"}],"wp:term":[{"taxonomy":"category","embeddable":true,"href":"https:\/\/www.welovecycling.com\/hu\/wp-json\/wp\/v2\/categories?post=5789"},{"taxonomy":"post_tag","embeddable":true,"href":"https:\/\/www.welovecycling.com\/hu\/wp-json\/wp\/v2\/tags?post=5789"},{"taxonomy":"global-categories","embeddable":true,"href":"https:\/\/www.welovecycling.com\/hu\/wp-json\/wp\/v2\/global-categories?post=5789"}],"curies":[{"name":"wp","href":"https:\/\/api.w.org\/{rel}","templated":true}]}}