{"id":5775,"date":"2019-12-01T08:00:20","date_gmt":"2019-12-01T07:00:20","guid":{"rendered":"https:\/\/www.welovecycling.com\/hu\/?p=5775"},"modified":"2019-11-28T16:11:58","modified_gmt":"2019-11-28T15:11:58","slug":"az-5-legkreativabb-bringas-karacsonyi-disz","status":"publish","type":"post","link":"https:\/\/www.welovecycling.com\/hu\/blog\/az-5-legkreativabb-bringas-karacsonyi-disz\/","title":{"rendered":"Az 5 legkreat\u00edvabb bring\u00e1s kar\u00e1csonyi d\u00edsz"},"content":{"rendered":"<p><strong>Elj\u00f6tt a december, most m\u00e1r hivatalosan is besz\u00e9lhet\u00fcnk a Kar\u00e1csonyr\u00f3l an\u00e9lk\u00fcl, hogy a november-m\u00e9g-nem-t\u00e9l mott\u00f3t ism\u00e9telget\u0151 grincsek \u00f6nmaguk felh\u00e1borod\u00e1s\u00e1t valid\u00e1lva a szem\u00fcket forgatn\u00e1k. Bele is csapunk a k\u00f6zep\u00e9be: m\u00e1r mindenhol \u00e1llnak a legk\u00fcl\u00f6nf\u00e9l\u00e9bb d\u00edszek, a pinterest legkeresettebb oldala biztos a <em>Christmas decorations<\/em>, a mikul\u00e1ssapk\u00e1k pedig el\u0151ker\u00fcltek a padl\u00e1s m\u00e9ly\u00e9n rejt\u0151z\u0151 legvid\u00e1mabb dobozokb\u00f3l, \u00e9s v\u00e1rj\u00e1k a napot, hogy p\u00fcnk\u00f6sdi (mikul\u00e1si) kir\u00e1lys\u00e1gukat b\u00fcszk\u00e9n t\u00f6lts\u00e9k el a kobakokon. Mi pedig term\u00e9szetesen, ez\u00fattal is a biciklikre koncentr\u00e1lunk! J\u00f6jjenek h\u00e1t a legjobb bring\u00e1s d\u00edszek!<\/strong><!--more--><\/p>\n<h3><strong>5. Kar\u00e1csonyfad\u00edsz<\/strong><\/h3>\n<p><img loading=\"lazy\" decoding=\"async\" class=\"aligncenter size-full wp-image-5777\" src=\"https:\/\/d2p6e6u75xmxt8.cloudfront.net\/12\/2019\/11\/wlc_5legkr_000.jpg\" alt=\"\" width=\"846\" height=\"592\" srcset=\"https:\/\/d2p6e6u75xmxt8.cloudfront.net\/12\/2019\/11\/wlc_5legkr_000.jpg 846w, https:\/\/d2p6e6u75xmxt8.cloudfront.net\/12\/2019\/11\/wlc_5legkr_000-300x210.jpg 300w, https:\/\/d2p6e6u75xmxt8.cloudfront.net\/12\/2019\/11\/wlc_5legkr_000-768x537.jpg 768w\" sizes=\"auto, (max-width: 846px) 100vw, 846px\" \/><\/p>\n<p>Mi sem egyszer\u0171bb \u00e9s egy\u00e9rtelm\u0171bb kifejez\u00e9se a bicikliz\u00e9s ir\u00e1nti szeretet\u00fcnknek, ha egyszer\u0171en fogunk egy miniat\u0171r ker\u00e9kp\u00e1rt \u00e9s a szoba \u00e9k\u00e9re, a feny\u0151f\u00e1ra akasztjuk. Mit egyet? Ak\u00e1r t\u00edzet is, s\u0151t! Mi\u00e9rt ne lehetne minden \u00e1gon bicikli, hovatov\u00e1bb: a kar\u00e1csonyfa alatt is \u00e1lljanak garmad\u00e1val!<\/p>\n<h3><strong> 4. D\u00edsz\u00edtett bicikli<\/strong><\/h3>\n<p>Az el\u0151z\u0151 t\u00edpus inverze, ha mag\u00e1t a biciklit d\u00edsz\u00edtj\u00fck fel csillog\u00f3 d\u00edszekkel, \u00e9g\u0151sorral, piros szalaggal \u00e1tk\u00f6t\u00f6tt koszor\u00faval. Igen, ak\u00e1r ker\u00e9kp\u00e1ros d\u00edszekkel, de ez m\u00e1r t\u00e9nyleg mindennek a teteje.<\/p>\n<p><img loading=\"lazy\" decoding=\"async\" class=\"aligncenter size-full wp-image-5778\" src=\"https:\/\/d2p6e6u75xmxt8.cloudfront.net\/12\/2019\/11\/wlc_5legkr_001.jpg\" alt=\"\" width=\"858\" height=\"906\" srcset=\"https:\/\/d2p6e6u75xmxt8.cloudfront.net\/12\/2019\/11\/wlc_5legkr_001.jpg 858w, https:\/\/d2p6e6u75xmxt8.cloudfront.net\/12\/2019\/11\/wlc_5legkr_001-284x300.jpg 284w, https:\/\/d2p6e6u75xmxt8.cloudfront.net\/12\/2019\/11\/wlc_5legkr_001-768x811.jpg 768w\" sizes=\"auto, (max-width: 858px) 100vw, 858px\" \/><\/p>\n<h3><strong> 3. Ker\u00e9k-koszor\u00fa<\/strong><\/h3>\n<p>Ez\u00e9rt meg\u00e9ri megv\u00e1lni az egyik kerekedt\u0151l, de ha \u00fcgyes vagy, esetleg a p\u00e1rod\u00e9t is eltulajdon\u00edthatod, hogy azt\u00e1n v\u00e9gign\u00e9zd az arc\u00e1t, ahogy megl\u00e1tja a csod\u00e1latos koszor\u00fat. \u00c9s \u00f6sszerakja a k\u00e9pet. Esetleg kar\u00e1csonyi aj\u00e1nd\u00e9kk\u00e9nt visszakaphatja a kerek\u00e9t, \u00e9s akkor ez is le van tudva.<\/p>\n<p><img loading=\"lazy\" decoding=\"async\" class=\"aligncenter size-full wp-image-5779\" src=\"https:\/\/d2p6e6u75xmxt8.cloudfront.net\/12\/2019\/11\/wlc_5legkr_002.jpg\" alt=\"\" width=\"869\" height=\"442\" srcset=\"https:\/\/d2p6e6u75xmxt8.cloudfront.net\/12\/2019\/11\/wlc_5legkr_002.jpg 869w, https:\/\/d2p6e6u75xmxt8.cloudfront.net\/12\/2019\/11\/wlc_5legkr_002-300x153.jpg 300w, https:\/\/d2p6e6u75xmxt8.cloudfront.net\/12\/2019\/11\/wlc_5legkr_002-768x391.jpg 768w\" sizes=\"auto, (max-width: 869px) 100vw, 869px\" \/><\/p>\n<h3><strong> 2. Ker\u00e9k-ember<\/strong><\/h3>\n<p>Ehhez m\u00e1r nem el\u00e9g egy bicikli, ak\u00e1r az eg\u00e9sz csal\u00e1d is fel\u00e1ldozhatja k\u00f6zleked\u00e9si eszk\u00f6z\u00e9t, \u00fagysem megy\u00fcnk kar\u00e1csonykor sehova, legal\u00e1bb biztosan egy\u00fctt t\u00f6ltitek az id\u0151t! Viccet f\u00e9lret\u00e9ve, a ker\u00e9k-emberek (gyermek-lelk\u0171ek sz\u00e1m\u00e1ra csak vasemberek) az\u00e9rt m\u00e1r el\u00e9g profi d\u00edsz\u00edt\u00e9sek, r\u00e1ad\u00e1sul el sem olvadnak!<\/p>\n<h3><img loading=\"lazy\" decoding=\"async\" class=\"aligncenter size-full wp-image-5780\" src=\"https:\/\/d2p6e6u75xmxt8.cloudfront.net\/12\/2019\/11\/wlc_5legkr_003.jpg\" alt=\"\" width=\"445\" height=\"644\" srcset=\"https:\/\/d2p6e6u75xmxt8.cloudfront.net\/12\/2019\/11\/wlc_5legkr_003.jpg 445w, https:\/\/d2p6e6u75xmxt8.cloudfront.net\/12\/2019\/11\/wlc_5legkr_003-207x300.jpg 207w\" sizes=\"auto, (max-width: 445px) 100vw, 445px\" \/><br \/>\n1. <strong>Maga a kar\u00e1csonyfa?<\/strong><\/h3>\n<p>A v\u00e9g\u00e9re hagytuk a legelvetem\u00fcltebb \u2013 \u00e9s egyben legink\u00e1bb feny\u0151-, \u00e9s k\u00f6rnyezetbar\u00e1t \u2013 megold\u00e1st: ebb\u0151l biztosan nem potyognak a t\u0171levelek! Ha \u00fcgyes vagy k\u00e9sz\u00edthetsz forgathat\u00f3 emeleteket is, onnan pedig csak egy l\u00e9p\u00e9s a mini-k\u00f6rhinta!<\/p>\n<p><img loading=\"lazy\" decoding=\"async\" class=\"aligncenter size-full wp-image-5782\" src=\"https:\/\/d2p6e6u75xmxt8.cloudfront.net\/12\/2019\/11\/wlc_5legkr_006.jpg\" alt=\"\" width=\"720\" height=\"541\" srcset=\"https:\/\/d2p6e6u75xmxt8.cloudfront.net\/12\/2019\/11\/wlc_5legkr_006.jpg 720w, https:\/\/d2p6e6u75xmxt8.cloudfront.net\/12\/2019\/11\/wlc_5legkr_006-300x225.jpg 300w\" sizes=\"auto, (max-width: 720px) 100vw, 720px\" \/><\/p>\n<h3><strong>+1. Ezt ne pr\u00f3b\u00e1lj\u00e1tok ki otthon!<\/strong><\/h3>\n<p>Az egyetlen, aminek nem buzd\u00edtunk a megval\u00f3s\u00edt\u00e1s\u00e1ra, hacsak nincs egy roncsteleped tele csinos ker\u00e9kp\u00e1rokkal: a biciklilop\u00e1s rossz, \u00e9rtem?<\/p>\n<p><img loading=\"lazy\" decoding=\"async\" class=\"aligncenter size-full wp-image-5781\" src=\"https:\/\/d2p6e6u75xmxt8.cloudfront.net\/12\/2019\/11\/wlc_5legkr_004.jpg\" alt=\"\" width=\"564\" height=\"848\" srcset=\"https:\/\/d2p6e6u75xmxt8.cloudfront.net\/12\/2019\/11\/wlc_5legkr_004.jpg 564w, https:\/\/d2p6e6u75xmxt8.cloudfront.net\/12\/2019\/11\/wlc_5legkr_004-200x300.jpg 200w\" sizes=\"auto, (max-width: 564px) 100vw, 564px\" \/><\/p>\n","protected":false},"excerpt":{"rendered":"<p>Elj\u00f6tt a december, most m\u00e1r hivatalosan is besz\u00e9lhet\u00fcnk a Kar\u00e1csonyr\u00f3l an\u00e9lk\u00fcl, hogy a november-m\u00e9g-nem-t\u00e9l mott\u00f3t ism\u00e9telget\u0151 grincsek \u00f6nmaguk felh\u00e1borod\u00e1s\u00e1t valid\u00e1lva [&hellip;]<\/p>\n","protected":false},"author":71,"featured_media":5776,"comment_status":"open","ping_status":"open","sticky":false,"template":"","format":"standard","meta":{"footnotes":""},"categories":[13],"tags":[],"global-categories":[],"class_list":["post-5775","post","type-post","status-publish","format-standard","has-post-thumbnail","hentry","category-blog"],"yoast_head":"<!-- This site is optimized with the Yoast SEO Premium plugin v25.3 (Yoast SEO v25.9) - https:\/\/yoast.com\/wordpress\/plugins\/seo\/ -->\n<title>Az 5 legkreat\u00edvabb bring\u00e1s kar\u00e1csonyi d\u00edsz - \u0160koda We Love Cycling - Magyarorsz\u00e1g<\/title>\n<meta name=\"robots\" content=\"index, follow, max-snippet:-1, max-image-preview:large, max-video-preview:-1\" \/>\n<link rel=\"canonical\" href=\"https:\/\/www.welovecycling.com\/hu\/blog\/az-5-legkreativabb-bringas-karacsonyi-disz\/\" \/>\n<meta property=\"og:locale\" content=\"hu_HU\" \/>\n<meta property=\"og:type\" content=\"article\" \/>\n<meta property=\"og:title\" content=\"Az 5 legkreat\u00edvabb bring\u00e1s kar\u00e1csonyi d\u00edsz\" \/>\n<meta property=\"og:description\" content=\"Elj\u00f6tt a december, most m\u00e1r hivatalosan is besz\u00e9lhet\u00fcnk a Kar\u00e1csonyr\u00f3l an\u00e9lk\u00fcl, hogy a november-m\u00e9g-nem-t\u00e9l mott\u00f3t ism\u00e9telget\u0151 grincsek \u00f6nmaguk felh\u00e1borod\u00e1s\u00e1t valid\u00e1lva [&hellip;]\" \/>\n<meta property=\"og:url\" content=\"https:\/\/www.welovecycling.com\/hu\/blog\/az-5-legkreativabb-bringas-karacsonyi-disz\/\" \/>\n<meta property=\"og:site_name\" content=\"\u0160koda We Love Cycling - Magyarorsz\u00e1g\" \/>\n<meta property=\"article:publisher\" content=\"https:\/\/www.facebook.com\/WeLoveCyclingHungary\/\" \/>\n<meta property=\"article:published_time\" content=\"2019-12-01T07:00:20+00:00\" \/>\n<meta property=\"og:image\" content=\"https:\/\/d2p6e6u75xmxt8.cloudfront.net\/12\/2019\/11\/CC-2011-Holiday-Lights-display-night-lo-res.jpg\" \/>\n\t<meta property=\"og:image:width\" content=\"1024\" \/>\n\t<meta property=\"og:image:height\" content=\"539\" \/>\n\t<meta property=\"og:image:type\" content=\"image\/jpeg\" \/>\n<meta name=\"author\" content=\"hegyizs\" \/>\n<meta name=\"twitter:card\" content=\"summary_large_image\" \/>\n<meta name=\"twitter:label1\" content=\"Written by\" \/>\n\t<meta name=\"twitter:data1\" content=\"WLC\" \/>\n\t<meta name=\"twitter:label2\" content=\"Est. reading time\" \/>\n\t<meta name=\"twitter:data2\" content=\"2 minutes\" \/>\n<script type=\"application\/ld+json\" class=\"yoast-schema-graph\">{\"@context\":\"https:\/\/schema.org\",\"@graph\":[{\"@type\":\"WebPage\",\"@id\":\"https:\/\/www.welovecycling.com\/hu\/blog\/az-5-legkreativabb-bringas-karacsonyi-disz\/\",\"url\":\"https:\/\/www.welovecycling.com\/hu\/blog\/az-5-legkreativabb-bringas-karacsonyi-disz\/\",\"name\":\"Az 5 legkreat\u00edvabb bring\u00e1s kar\u00e1csonyi d\u00edsz - \u0160koda We Love Cycling - Magyarorsz\u00e1g\",\"isPartOf\":{\"@id\":\"https:\/\/www.welovecycling.com\/hu\/#website\"},\"primaryImageOfPage\":{\"@id\":\"https:\/\/www.welovecycling.com\/hu\/blog\/az-5-legkreativabb-bringas-karacsonyi-disz\/#primaryimage\"},\"image\":{\"@id\":\"https:\/\/www.welovecycling.com\/hu\/blog\/az-5-legkreativabb-bringas-karacsonyi-disz\/#primaryimage\"},\"thumbnailUrl\":\"https:\/\/d2p6e6u75xmxt8.cloudfront.net\/12\/2019\/11\/CC-2011-Holiday-Lights-display-night-lo-res.jpg\",\"datePublished\":\"2019-12-01T07:00:20+00:00\",\"author\":{\"@id\":\"https:\/\/www.welovecycling.com\/hu\/#\/schema\/person\/414a2aebf1801691a5320edb6468e194\"},\"breadcrumb\":{\"@id\":\"https:\/\/www.welovecycling.com\/hu\/blog\/az-5-legkreativabb-bringas-karacsonyi-disz\/#breadcrumb\"},\"inLanguage\":\"hu\",\"potentialAction\":[{\"@type\":\"ReadAction\",\"target\":[\"https:\/\/www.welovecycling.com\/hu\/blog\/az-5-legkreativabb-bringas-karacsonyi-disz\/\"]}]},{\"@type\":\"ImageObject\",\"inLanguage\":\"hu\",\"@id\":\"https:\/\/www.welovecycling.com\/hu\/blog\/az-5-legkreativabb-bringas-karacsonyi-disz\/#primaryimage\",\"url\":\"https:\/\/d2p6e6u75xmxt8.cloudfront.net\/12\/2019\/11\/CC-2011-Holiday-Lights-display-night-lo-res.jpg\",\"contentUrl\":\"https:\/\/d2p6e6u75xmxt8.cloudfront.net\/12\/2019\/11\/CC-2011-Holiday-Lights-display-night-lo-res.jpg\",\"width\":1024,\"height\":539},{\"@type\":\"BreadcrumbList\",\"@id\":\"https:\/\/www.welovecycling.com\/hu\/blog\/az-5-legkreativabb-bringas-karacsonyi-disz\/#breadcrumb\",\"itemListElement\":[{\"@type\":\"ListItem\",\"position\":1,\"name\":\"Home\",\"item\":\"https:\/\/www.welovecycling.com\/hu\/\"},{\"@type\":\"ListItem\",\"position\":2,\"name\":\"Az 5 legkreat\u00edvabb bring\u00e1s kar\u00e1csonyi d\u00edsz\"}]},{\"@type\":\"WebSite\",\"@id\":\"https:\/\/www.welovecycling.com\/hu\/#website\",\"url\":\"https:\/\/www.welovecycling.com\/hu\/\",\"name\":\"\u0160koda We Love Cycling - Magyarorsz\u00e1g\",\"description\":\"\u0160koda WeLoveCycling\",\"potentialAction\":[{\"@type\":\"SearchAction\",\"target\":{\"@type\":\"EntryPoint\",\"urlTemplate\":\"https:\/\/www.welovecycling.com\/hu\/?s={search_term_string}\"},\"query-input\":{\"@type\":\"PropertyValueSpecification\",\"valueRequired\":true,\"valueName\":\"search_term_string\"}}],\"inLanguage\":\"hu\"},{\"@type\":\"Person\",\"@id\":\"https:\/\/www.welovecycling.com\/hu\/#\/schema\/person\/414a2aebf1801691a5320edb6468e194\",\"name\":\"hegyizs\",\"image\":{\"@type\":\"ImageObject\",\"inLanguage\":\"hu\",\"@id\":\"https:\/\/www.welovecycling.com\/hu\/#\/schema\/person\/image\/\",\"url\":\"https:\/\/secure.gravatar.com\/avatar\/02cf8a7906b8cf90cecb4679defac7cfd33a1c2e3b88e4903d947f3bb58eedd3?s=96&d=mm&r=g\",\"contentUrl\":\"https:\/\/secure.gravatar.com\/avatar\/02cf8a7906b8cf90cecb4679defac7cfd33a1c2e3b88e4903d947f3bb58eedd3?s=96&d=mm&r=g\",\"caption\":\"hegyizs\"},\"url\":\"https:\/\/www.welovecycling.com\/hu\/author\/hegyizs\/\"}]}<\/script>\n<!-- \/ Yoast SEO Premium plugin. -->","yoast_head_json":{"title":"Az 5 legkreat\u00edvabb bring\u00e1s kar\u00e1csonyi d\u00edsz - \u0160koda We Love Cycling - Magyarorsz\u00e1g","robots":{"index":"index","follow":"follow","max-snippet":"max-snippet:-1","max-image-preview":"max-image-preview:large","max-video-preview":"max-video-preview:-1"},"canonical":"https:\/\/www.welovecycling.com\/hu\/blog\/az-5-legkreativabb-bringas-karacsonyi-disz\/","og_locale":"hu_HU","og_type":"article","og_title":"Az 5 legkreat\u00edvabb bring\u00e1s kar\u00e1csonyi d\u00edsz","og_description":"Elj\u00f6tt a december, most m\u00e1r hivatalosan is besz\u00e9lhet\u00fcnk a Kar\u00e1csonyr\u00f3l an\u00e9lk\u00fcl, hogy a november-m\u00e9g-nem-t\u00e9l mott\u00f3t ism\u00e9telget\u0151 grincsek \u00f6nmaguk felh\u00e1borod\u00e1s\u00e1t valid\u00e1lva [&hellip;]","og_url":"https:\/\/www.welovecycling.com\/hu\/blog\/az-5-legkreativabb-bringas-karacsonyi-disz\/","og_site_name":"\u0160koda We Love Cycling - Magyarorsz\u00e1g","article_publisher":"https:\/\/www.facebook.com\/WeLoveCyclingHungary\/","article_published_time":"2019-12-01T07:00:20+00:00","og_image":[{"width":1024,"height":539,"url":"https:\/\/d2p6e6u75xmxt8.cloudfront.net\/12\/2019\/11\/CC-2011-Holiday-Lights-display-night-lo-res.jpg","type":"image\/jpeg"}],"author":"hegyizs","twitter_card":"summary_large_image","twitter_misc":{"Written by":"WLC","Est. reading time":"2 minutes"},"schema":{"@context":"https:\/\/schema.org","@graph":[{"@type":"WebPage","@id":"https:\/\/www.welovecycling.com\/hu\/blog\/az-5-legkreativabb-bringas-karacsonyi-disz\/","url":"https:\/\/www.welovecycling.com\/hu\/blog\/az-5-legkreativabb-bringas-karacsonyi-disz\/","name":"Az 5 legkreat\u00edvabb bring\u00e1s kar\u00e1csonyi d\u00edsz - \u0160koda We Love Cycling - Magyarorsz\u00e1g","isPartOf":{"@id":"https:\/\/www.welovecycling.com\/hu\/#website"},"primaryImageOfPage":{"@id":"https:\/\/www.welovecycling.com\/hu\/blog\/az-5-legkreativabb-bringas-karacsonyi-disz\/#primaryimage"},"image":{"@id":"https:\/\/www.welovecycling.com\/hu\/blog\/az-5-legkreativabb-bringas-karacsonyi-disz\/#primaryimage"},"thumbnailUrl":"https:\/\/d2p6e6u75xmxt8.cloudfront.net\/12\/2019\/11\/CC-2011-Holiday-Lights-display-night-lo-res.jpg","datePublished":"2019-12-01T07:00:20+00:00","author":{"@id":"https:\/\/www.welovecycling.com\/hu\/#\/schema\/person\/414a2aebf1801691a5320edb6468e194"},"breadcrumb":{"@id":"https:\/\/www.welovecycling.com\/hu\/blog\/az-5-legkreativabb-bringas-karacsonyi-disz\/#breadcrumb"},"inLanguage":"hu","potentialAction":[{"@type":"ReadAction","target":["https:\/\/www.welovecycling.com\/hu\/blog\/az-5-legkreativabb-bringas-karacsonyi-disz\/"]}]},{"@type":"ImageObject","inLanguage":"hu","@id":"https:\/\/www.welovecycling.com\/hu\/blog\/az-5-legkreativabb-bringas-karacsonyi-disz\/#primaryimage","url":"https:\/\/d2p6e6u75xmxt8.cloudfront.net\/12\/2019\/11\/CC-2011-Holiday-Lights-display-night-lo-res.jpg","contentUrl":"https:\/\/d2p6e6u75xmxt8.cloudfront.net\/12\/2019\/11\/CC-2011-Holiday-Lights-display-night-lo-res.jpg","width":1024,"height":539},{"@type":"BreadcrumbList","@id":"https:\/\/www.welovecycling.com\/hu\/blog\/az-5-legkreativabb-bringas-karacsonyi-disz\/#breadcrumb","itemListElement":[{"@type":"ListItem","position":1,"name":"Home","item":"https:\/\/www.welovecycling.com\/hu\/"},{"@type":"ListItem","position":2,"name":"Az 5 legkreat\u00edvabb bring\u00e1s kar\u00e1csonyi d\u00edsz"}]},{"@type":"WebSite","@id":"https:\/\/www.welovecycling.com\/hu\/#website","url":"https:\/\/www.welovecycling.com\/hu\/","name":"\u0160koda We Love Cycling - Magyarorsz\u00e1g","description":"\u0160koda WeLoveCycling","potentialAction":[{"@type":"SearchAction","target":{"@type":"EntryPoint","urlTemplate":"https:\/\/www.welovecycling.com\/hu\/?s={search_term_string}"},"query-input":{"@type":"PropertyValueSpecification","valueRequired":true,"valueName":"search_term_string"}}],"inLanguage":"hu"},{"@type":"Person","@id":"https:\/\/www.welovecycling.com\/hu\/#\/schema\/person\/414a2aebf1801691a5320edb6468e194","name":"hegyizs","image":{"@type":"ImageObject","inLanguage":"hu","@id":"https:\/\/www.welovecycling.com\/hu\/#\/schema\/person\/image\/","url":"https:\/\/secure.gravatar.com\/avatar\/02cf8a7906b8cf90cecb4679defac7cfd33a1c2e3b88e4903d947f3bb58eedd3?s=96&d=mm&r=g","contentUrl":"https:\/\/secure.gravatar.com\/avatar\/02cf8a7906b8cf90cecb4679defac7cfd33a1c2e3b88e4903d947f3bb58eedd3?s=96&d=mm&r=g","caption":"hegyizs"},"url":"https:\/\/www.welovecycling.com\/hu\/author\/hegyizs\/"}]}},"_links":{"self":[{"href":"https:\/\/www.welovecycling.com\/hu\/wp-json\/wp\/v2\/posts\/5775","targetHints":{"allow":["GET"]}}],"collection":[{"href":"https:\/\/www.welovecycling.com\/hu\/wp-json\/wp\/v2\/posts"}],"about":[{"href":"https:\/\/www.welovecycling.com\/hu\/wp-json\/wp\/v2\/types\/post"}],"author":[{"embeddable":true,"href":"https:\/\/www.welovecycling.com\/hu\/wp-json\/wp\/v2\/users\/71"}],"replies":[{"embeddable":true,"href":"https:\/\/www.welovecycling.com\/hu\/wp-json\/wp\/v2\/comments?post=5775"}],"version-history":[{"count":1,"href":"https:\/\/www.welovecycling.com\/hu\/wp-json\/wp\/v2\/posts\/5775\/revisions"}],"predecessor-version":[{"id":5783,"href":"https:\/\/www.welovecycling.com\/hu\/wp-json\/wp\/v2\/posts\/5775\/revisions\/5783"}],"wp:featuredmedia":[{"embeddable":true,"href":"https:\/\/www.welovecycling.com\/hu\/wp-json\/wp\/v2\/media\/5776"}],"wp:attachment":[{"href":"https:\/\/www.welovecycling.com\/hu\/wp-json\/wp\/v2\/media?parent=5775"}],"wp:term":[{"taxonomy":"category","embeddable":true,"href":"https:\/\/www.welovecycling.com\/hu\/wp-json\/wp\/v2\/categories?post=5775"},{"taxonomy":"post_tag","embeddable":true,"href":"https:\/\/www.welovecycling.com\/hu\/wp-json\/wp\/v2\/tags?post=5775"},{"taxonomy":"global-categories","embeddable":true,"href":"https:\/\/www.welovecycling.com\/hu\/wp-json\/wp\/v2\/global-categories?post=5775"}],"curies":[{"name":"wp","href":"https:\/\/api.w.org\/{rel}","templated":true}]}}