{"id":5768,"date":"2019-11-30T13:00:51","date_gmt":"2019-11-30T12:00:51","guid":{"rendered":"https:\/\/www.welovecycling.com\/hu\/?p=5768"},"modified":"2019-11-28T16:10:58","modified_gmt":"2019-11-28T15:10:58","slug":"egy-meno-bringas-konyv-amely-visszarepit-a-multba","status":"publish","type":"post","link":"https:\/\/www.welovecycling.com\/hu\/blog\/egy-meno-bringas-konyv-amely-visszarepit-a-multba\/","title":{"rendered":"Egy men\u0151 bring\u00e1s k\u00f6nyv, amely visszarep\u00edt a m\u00faltba"},"content":{"rendered":"<p><strong>Egy igaz\u00e1n j\u00f3 biciklis k\u00f6nyvre v\u00e1gysz? Amiben nem t\u00fara\u00fatvonalakat tal\u00e1lsz, hanem olvas\u00e1s k\u00f6zben azt \u00e9rzed, hogy biciklizni az egyik legjobb dolog a vil\u00e1gon?<br \/>\n<\/strong><strong>A Budapest Bike Maffia \u00e9s a Fortepan kiadv\u00e1nya, a <em>Tekerj! &#8211; A szabads\u00e1g k\u00f6nny\u0171 m\u00e1mora<\/em> egy k\u00e9pes album \u00e9s ker\u00e9kp\u00e1rt\u00f6rt\u00e9neti kalandoz\u00e1s is egyben, amelyb\u0151l egyszerre ismerheted meg a ker\u00e9kp\u00e1roz\u00e1s m\u00faltj\u00e1t \u00e9s jelen\u00e9t.<\/strong><!--more--><\/p>\n<p><strong>\u00a0<\/strong>Megtudhatod p\u00e9ld\u00e1ul a k\u00f6nyvb\u0151l, hogy egykoron csak az lehetett \u201e<em>bicziklista\u201d<\/em>, aki negyed\u00e9vente megjelent a rend\u0151rs\u00e9gen \u00e9s igazolta, hogy nincs l\u00fadtalpa (!) vagy azt, hogy a Hajt\u00e1s Pajt\u00e1s els\u0151 h\u00edv\u00e1sait annak idej\u00e9n a Tilos az \u00c1-ban fogadt\u00e1k. \u00c9s azt p\u00e9ld\u00e1ul gondoltad volna, hogy bringaemel\u0151s fot\u00f3 bizony m\u00e1r 1942-ben is k\u00e9sz\u00fclt?<\/p>\n<h2><strong>A ker\u00e9kp\u00e1roz\u00e1s t\u00f6rt\u00e9nete k\u00e9pekben<\/strong><\/h2>\n<p><em>\u201eIdefigyeljetek balfa\u0301ca\u0301nok! A bicikli na\u0301lunk vila\u0301gne\u0301zet. Ott a\u0301llunk meg, e\u0301s oda megy\u00fcnk, ahova\u0301 akarunk!\u201d <\/em>&#8211; ezzel az 1966-os filmid\u00e9zettel kezdi Po\u00f3s Zolt\u00e1n a <em>Tekerj!<\/em>-t, utalva a bring\u00e1z\u00e1s ny\u00fajtotta szabads\u00e1gra.<\/p>\n<p>Po\u00f3s Zolt\u00e1n \u00edr\u00f3 a t\u0151le megszokott szellemes m\u00faltid\u00e9z\u00e9ssel mutatja be a hazai ker\u00e9kp\u00e1roz\u00e1s t\u00f6rt\u00e9net\u00e9t az 1900-as \u00e9vek legelej\u00e9t\u0151l eg\u00e9szen a nyolcvanas \u00e9vekig. A k\u00f6nyv amellett, hogy a Fortepan zseni\u00e1lis fot\u00f3in kereszt\u00fcl visszatekint a bicikliz\u00e9s m\u00faltj\u00e1ra, felsorakoztatja a mai ker\u00e9kp\u00e1ros szervezeteket is: Budapest Bike Maffia, Critical Mass, Hajt\u00e1s Pajt\u00e1s, Magyar Ker\u00e9kp\u00e1rosklub. Ezek a szervezetek ak\u00e1r hobbik\u00e9nt, ak\u00e1r hivat\u00e1sk\u00e9nt tekintenek a bicikliz\u00e9sre, a t\u00e1rsadalmat form\u00e1l\u00f3 akci\u00f3ikkal nap mint nap er\u0151s\u00edtik a bring\u00e1s k\u00f6z\u00f6ss\u00e9geket Budapesten.<\/p>\n<p>A k\u00f6nyvben tal\u00e1lhat\u00f3 sz\u00f6vegek egyt\u0151l egyig magyarul \u00e9s angolul is olvashat\u00f3ak<\/p>\n<p><img loading=\"lazy\" decoding=\"async\" class=\"aligncenter size-full wp-image-5771\" src=\"https:\/\/d2p6e6u75xmxt8.cloudfront.net\/12\/2019\/11\/wlc_tekerj02.png\" alt=\"\" width=\"560\" height=\"315\" srcset=\"https:\/\/d2p6e6u75xmxt8.cloudfront.net\/12\/2019\/11\/wlc_tekerj02.png 560w, https:\/\/d2p6e6u75xmxt8.cloudfront.net\/12\/2019\/11\/wlc_tekerj02-300x169.png 300w\" sizes=\"auto, (max-width: 560px) 100vw, 560px\" \/><\/p>\n<h2><strong>A <em>Tekerj!<\/em> t\u00f6bb, mint egy bring\u00e1s k\u00f6nyv!<\/strong><\/h2>\n<p>Amellett, hogy veszel egy szuper ker\u00e9kp\u00e1ros k\u00f6nyvet, a <em>Tekerj!<\/em> megv\u00e1s\u00e1rl\u00e1s\u00e1val a Budapest Bike Maffia \u00e9s a Fortepan munk\u00e1j\u00e1t t\u00e1mogatod!<\/p>\n<p>A Bike Maffia egy innovat\u00edv civil szervezet, melyet fiatal ker\u00e9kp\u00e1rosok h\u00edvtak \u00e9letre 2011 kar\u00e1csony\u00e1n. Alaptev\u00e9kenys\u00e9g\u00fck az adom\u00e1nyok gy\u0171jt\u00e9se \u00e9s annak sz\u00e9toszt\u00e1sa hajl\u00e9ktalan emberek k\u00f6z\u00f6tt. Az egykori bring\u00e1s csapatb\u00f3l m\u00e1ra t\u00f6bb sz\u00e1zas l\u00e9tsz\u00e1mmal b\u00edr\u00f3 seg\u00edt\u0151 h\u00e1l\u00f3zat lett, \u00e9vente t\u00f6bb mint sz\u00e1zezer adag \u00e9telt juttatnak el r\u00e1szorul\u00f3knak.<\/p>\n<p>A Fortepan online arch\u00edvum k\u00e9t mag\u00e1nember, Szepessy \u00c1kos \u00e9s Tam\u00e1si Mikl\u00f3s kezdem\u00e9nyez\u00e9s\u00e9re j\u00f6tt l\u00e9tre 2010-ben, a fot\u00f3gy\u0171jtem\u00e9ny alapja f\u0151k\u00e9nt budapesti lomtalan\u00edt\u00e1sokb\u00f3l sz\u00e1rmazott. Az alap\u00edt\u00f3k egyr\u00e9szt szerett\u00e9k volna felh\u00edvni a figyelmet az amat\u0151r fot\u00f3sok hagyat\u00e9kaira, m\u00e1sr\u00e9szt a szabadon publik\u00e1lhat\u00f3, t\u00f6rt\u00e9neti \u00e9rt\u00e9k\u0171 fot\u00f3kat szerett\u00e9k volna k\u00f6zkinccs\u00e9 tenni. Az arch\u00edvum \u00e9vente t\u00f6bb ezer k\u00e9ppel b\u0151v\u00fcl.<\/p>\n<p><img loading=\"lazy\" decoding=\"async\" class=\"aligncenter size-full wp-image-5772\" src=\"https:\/\/d2p6e6u75xmxt8.cloudfront.net\/12\/2019\/11\/wlc_tekerj03.png\" alt=\"\" width=\"560\" height=\"315\" srcset=\"https:\/\/d2p6e6u75xmxt8.cloudfront.net\/12\/2019\/11\/wlc_tekerj03.png 560w, https:\/\/d2p6e6u75xmxt8.cloudfront.net\/12\/2019\/11\/wlc_tekerj03-300x169.png 300w\" sizes=\"auto, (max-width: 560px) 100vw, 560px\" \/><\/p>\n","protected":false},"excerpt":{"rendered":"<p>Egy igaz\u00e1n j\u00f3 biciklis k\u00f6nyvre v\u00e1gysz? Amiben nem t\u00fara\u00fatvonalakat tal\u00e1lsz, hanem olvas\u00e1s k\u00f6zben azt \u00e9rzed, hogy biciklizni az egyik legjobb [&hellip;]<\/p>\n","protected":false},"author":71,"featured_media":5773,"comment_status":"open","ping_status":"open","sticky":false,"template":"","format":"standard","meta":{"footnotes":""},"categories":[13],"tags":[],"global-categories":[],"class_list":["post-5768","post","type-post","status-publish","format-standard","has-post-thumbnail","hentry","category-blog"],"yoast_head":"<!-- This site is optimized with the Yoast SEO Premium plugin v25.3 (Yoast SEO v25.9) - https:\/\/yoast.com\/wordpress\/plugins\/seo\/ -->\n<title>Egy men\u0151 bring\u00e1s k\u00f6nyv, amely visszarep\u00edt a m\u00faltba - \u0160koda We Love Cycling - Magyarorsz\u00e1g<\/title>\n<meta name=\"robots\" content=\"index, follow, max-snippet:-1, max-image-preview:large, max-video-preview:-1\" \/>\n<link rel=\"canonical\" href=\"https:\/\/www.welovecycling.com\/hu\/blog\/egy-meno-bringas-konyv-amely-visszarepit-a-multba\/\" \/>\n<meta property=\"og:locale\" content=\"hu_HU\" \/>\n<meta property=\"og:type\" content=\"article\" \/>\n<meta property=\"og:title\" content=\"Egy men\u0151 bring\u00e1s k\u00f6nyv, amely visszarep\u00edt a m\u00faltba\" \/>\n<meta property=\"og:description\" content=\"Egy igaz\u00e1n j\u00f3 biciklis k\u00f6nyvre v\u00e1gysz? Amiben nem t\u00fara\u00fatvonalakat tal\u00e1lsz, hanem olvas\u00e1s k\u00f6zben azt \u00e9rzed, hogy biciklizni az egyik legjobb [&hellip;]\" \/>\n<meta property=\"og:url\" content=\"https:\/\/www.welovecycling.com\/hu\/blog\/egy-meno-bringas-konyv-amely-visszarepit-a-multba\/\" \/>\n<meta property=\"og:site_name\" content=\"\u0160koda We Love Cycling - Magyarorsz\u00e1g\" \/>\n<meta property=\"article:publisher\" content=\"https:\/\/www.facebook.com\/WeLoveCyclingHungary\/\" \/>\n<meta property=\"article:published_time\" content=\"2019-11-30T12:00:51+00:00\" \/>\n<meta property=\"og:image\" content=\"https:\/\/d2p6e6u75xmxt8.cloudfront.net\/12\/2019\/11\/tekerj_konyv_fortepan_budapest_bike_maffia_banner_wlc.jpg\" \/>\n\t<meta property=\"og:image:width\" content=\"1200\" \/>\n\t<meta property=\"og:image:height\" content=\"800\" \/>\n\t<meta property=\"og:image:type\" content=\"image\/jpeg\" \/>\n<meta name=\"author\" content=\"hegyizs\" \/>\n<meta name=\"twitter:card\" content=\"summary_large_image\" \/>\n<meta name=\"twitter:label1\" content=\"Written by\" \/>\n\t<meta name=\"twitter:data1\" content=\"WLC\" \/>\n\t<meta name=\"twitter:label2\" content=\"Est. reading time\" \/>\n\t<meta name=\"twitter:data2\" content=\"3 minutes\" \/>\n<script type=\"application\/ld+json\" class=\"yoast-schema-graph\">{\"@context\":\"https:\/\/schema.org\",\"@graph\":[{\"@type\":\"WebPage\",\"@id\":\"https:\/\/www.welovecycling.com\/hu\/blog\/egy-meno-bringas-konyv-amely-visszarepit-a-multba\/\",\"url\":\"https:\/\/www.welovecycling.com\/hu\/blog\/egy-meno-bringas-konyv-amely-visszarepit-a-multba\/\",\"name\":\"Egy men\u0151 bring\u00e1s k\u00f6nyv, amely visszarep\u00edt a m\u00faltba - \u0160koda We Love Cycling - Magyarorsz\u00e1g\",\"isPartOf\":{\"@id\":\"https:\/\/www.welovecycling.com\/hu\/#website\"},\"primaryImageOfPage\":{\"@id\":\"https:\/\/www.welovecycling.com\/hu\/blog\/egy-meno-bringas-konyv-amely-visszarepit-a-multba\/#primaryimage\"},\"image\":{\"@id\":\"https:\/\/www.welovecycling.com\/hu\/blog\/egy-meno-bringas-konyv-amely-visszarepit-a-multba\/#primaryimage\"},\"thumbnailUrl\":\"https:\/\/d2p6e6u75xmxt8.cloudfront.net\/12\/2019\/11\/tekerj_konyv_fortepan_budapest_bike_maffia_banner_wlc.jpg\",\"datePublished\":\"2019-11-30T12:00:51+00:00\",\"author\":{\"@id\":\"https:\/\/www.welovecycling.com\/hu\/#\/schema\/person\/414a2aebf1801691a5320edb6468e194\"},\"breadcrumb\":{\"@id\":\"https:\/\/www.welovecycling.com\/hu\/blog\/egy-meno-bringas-konyv-amely-visszarepit-a-multba\/#breadcrumb\"},\"inLanguage\":\"hu\",\"potentialAction\":[{\"@type\":\"ReadAction\",\"target\":[\"https:\/\/www.welovecycling.com\/hu\/blog\/egy-meno-bringas-konyv-amely-visszarepit-a-multba\/\"]}]},{\"@type\":\"ImageObject\",\"inLanguage\":\"hu\",\"@id\":\"https:\/\/www.welovecycling.com\/hu\/blog\/egy-meno-bringas-konyv-amely-visszarepit-a-multba\/#primaryimage\",\"url\":\"https:\/\/d2p6e6u75xmxt8.cloudfront.net\/12\/2019\/11\/tekerj_konyv_fortepan_budapest_bike_maffia_banner_wlc.jpg\",\"contentUrl\":\"https:\/\/d2p6e6u75xmxt8.cloudfront.net\/12\/2019\/11\/tekerj_konyv_fortepan_budapest_bike_maffia_banner_wlc.jpg\",\"width\":1200,\"height\":800},{\"@type\":\"BreadcrumbList\",\"@id\":\"https:\/\/www.welovecycling.com\/hu\/blog\/egy-meno-bringas-konyv-amely-visszarepit-a-multba\/#breadcrumb\",\"itemListElement\":[{\"@type\":\"ListItem\",\"position\":1,\"name\":\"Home\",\"item\":\"https:\/\/www.welovecycling.com\/hu\/\"},{\"@type\":\"ListItem\",\"position\":2,\"name\":\"Egy men\u0151 bring\u00e1s k\u00f6nyv, amely visszarep\u00edt a m\u00faltba\"}]},{\"@type\":\"WebSite\",\"@id\":\"https:\/\/www.welovecycling.com\/hu\/#website\",\"url\":\"https:\/\/www.welovecycling.com\/hu\/\",\"name\":\"\u0160koda We Love Cycling - Magyarorsz\u00e1g\",\"description\":\"\u0160koda WeLoveCycling\",\"potentialAction\":[{\"@type\":\"SearchAction\",\"target\":{\"@type\":\"EntryPoint\",\"urlTemplate\":\"https:\/\/www.welovecycling.com\/hu\/?s={search_term_string}\"},\"query-input\":{\"@type\":\"PropertyValueSpecification\",\"valueRequired\":true,\"valueName\":\"search_term_string\"}}],\"inLanguage\":\"hu\"},{\"@type\":\"Person\",\"@id\":\"https:\/\/www.welovecycling.com\/hu\/#\/schema\/person\/414a2aebf1801691a5320edb6468e194\",\"name\":\"hegyizs\",\"image\":{\"@type\":\"ImageObject\",\"inLanguage\":\"hu\",\"@id\":\"https:\/\/www.welovecycling.com\/hu\/#\/schema\/person\/image\/\",\"url\":\"https:\/\/secure.gravatar.com\/avatar\/02cf8a7906b8cf90cecb4679defac7cfd33a1c2e3b88e4903d947f3bb58eedd3?s=96&d=mm&r=g\",\"contentUrl\":\"https:\/\/secure.gravatar.com\/avatar\/02cf8a7906b8cf90cecb4679defac7cfd33a1c2e3b88e4903d947f3bb58eedd3?s=96&d=mm&r=g\",\"caption\":\"hegyizs\"},\"url\":\"https:\/\/www.welovecycling.com\/hu\/author\/hegyizs\/\"}]}<\/script>\n<!-- \/ Yoast SEO Premium plugin. -->","yoast_head_json":{"title":"Egy men\u0151 bring\u00e1s k\u00f6nyv, amely visszarep\u00edt a m\u00faltba - \u0160koda We Love Cycling - Magyarorsz\u00e1g","robots":{"index":"index","follow":"follow","max-snippet":"max-snippet:-1","max-image-preview":"max-image-preview:large","max-video-preview":"max-video-preview:-1"},"canonical":"https:\/\/www.welovecycling.com\/hu\/blog\/egy-meno-bringas-konyv-amely-visszarepit-a-multba\/","og_locale":"hu_HU","og_type":"article","og_title":"Egy men\u0151 bring\u00e1s k\u00f6nyv, amely visszarep\u00edt a m\u00faltba","og_description":"Egy igaz\u00e1n j\u00f3 biciklis k\u00f6nyvre v\u00e1gysz? Amiben nem t\u00fara\u00fatvonalakat tal\u00e1lsz, hanem olvas\u00e1s k\u00f6zben azt \u00e9rzed, hogy biciklizni az egyik legjobb [&hellip;]","og_url":"https:\/\/www.welovecycling.com\/hu\/blog\/egy-meno-bringas-konyv-amely-visszarepit-a-multba\/","og_site_name":"\u0160koda We Love Cycling - Magyarorsz\u00e1g","article_publisher":"https:\/\/www.facebook.com\/WeLoveCyclingHungary\/","article_published_time":"2019-11-30T12:00:51+00:00","og_image":[{"width":1200,"height":800,"url":"https:\/\/d2p6e6u75xmxt8.cloudfront.net\/12\/2019\/11\/tekerj_konyv_fortepan_budapest_bike_maffia_banner_wlc.jpg","type":"image\/jpeg"}],"author":"hegyizs","twitter_card":"summary_large_image","twitter_misc":{"Written by":"WLC","Est. reading time":"3 minutes"},"schema":{"@context":"https:\/\/schema.org","@graph":[{"@type":"WebPage","@id":"https:\/\/www.welovecycling.com\/hu\/blog\/egy-meno-bringas-konyv-amely-visszarepit-a-multba\/","url":"https:\/\/www.welovecycling.com\/hu\/blog\/egy-meno-bringas-konyv-amely-visszarepit-a-multba\/","name":"Egy men\u0151 bring\u00e1s k\u00f6nyv, amely visszarep\u00edt a m\u00faltba - \u0160koda We Love Cycling - Magyarorsz\u00e1g","isPartOf":{"@id":"https:\/\/www.welovecycling.com\/hu\/#website"},"primaryImageOfPage":{"@id":"https:\/\/www.welovecycling.com\/hu\/blog\/egy-meno-bringas-konyv-amely-visszarepit-a-multba\/#primaryimage"},"image":{"@id":"https:\/\/www.welovecycling.com\/hu\/blog\/egy-meno-bringas-konyv-amely-visszarepit-a-multba\/#primaryimage"},"thumbnailUrl":"https:\/\/d2p6e6u75xmxt8.cloudfront.net\/12\/2019\/11\/tekerj_konyv_fortepan_budapest_bike_maffia_banner_wlc.jpg","datePublished":"2019-11-30T12:00:51+00:00","author":{"@id":"https:\/\/www.welovecycling.com\/hu\/#\/schema\/person\/414a2aebf1801691a5320edb6468e194"},"breadcrumb":{"@id":"https:\/\/www.welovecycling.com\/hu\/blog\/egy-meno-bringas-konyv-amely-visszarepit-a-multba\/#breadcrumb"},"inLanguage":"hu","potentialAction":[{"@type":"ReadAction","target":["https:\/\/www.welovecycling.com\/hu\/blog\/egy-meno-bringas-konyv-amely-visszarepit-a-multba\/"]}]},{"@type":"ImageObject","inLanguage":"hu","@id":"https:\/\/www.welovecycling.com\/hu\/blog\/egy-meno-bringas-konyv-amely-visszarepit-a-multba\/#primaryimage","url":"https:\/\/d2p6e6u75xmxt8.cloudfront.net\/12\/2019\/11\/tekerj_konyv_fortepan_budapest_bike_maffia_banner_wlc.jpg","contentUrl":"https:\/\/d2p6e6u75xmxt8.cloudfront.net\/12\/2019\/11\/tekerj_konyv_fortepan_budapest_bike_maffia_banner_wlc.jpg","width":1200,"height":800},{"@type":"BreadcrumbList","@id":"https:\/\/www.welovecycling.com\/hu\/blog\/egy-meno-bringas-konyv-amely-visszarepit-a-multba\/#breadcrumb","itemListElement":[{"@type":"ListItem","position":1,"name":"Home","item":"https:\/\/www.welovecycling.com\/hu\/"},{"@type":"ListItem","position":2,"name":"Egy men\u0151 bring\u00e1s k\u00f6nyv, amely visszarep\u00edt a m\u00faltba"}]},{"@type":"WebSite","@id":"https:\/\/www.welovecycling.com\/hu\/#website","url":"https:\/\/www.welovecycling.com\/hu\/","name":"\u0160koda We Love Cycling - Magyarorsz\u00e1g","description":"\u0160koda WeLoveCycling","potentialAction":[{"@type":"SearchAction","target":{"@type":"EntryPoint","urlTemplate":"https:\/\/www.welovecycling.com\/hu\/?s={search_term_string}"},"query-input":{"@type":"PropertyValueSpecification","valueRequired":true,"valueName":"search_term_string"}}],"inLanguage":"hu"},{"@type":"Person","@id":"https:\/\/www.welovecycling.com\/hu\/#\/schema\/person\/414a2aebf1801691a5320edb6468e194","name":"hegyizs","image":{"@type":"ImageObject","inLanguage":"hu","@id":"https:\/\/www.welovecycling.com\/hu\/#\/schema\/person\/image\/","url":"https:\/\/secure.gravatar.com\/avatar\/02cf8a7906b8cf90cecb4679defac7cfd33a1c2e3b88e4903d947f3bb58eedd3?s=96&d=mm&r=g","contentUrl":"https:\/\/secure.gravatar.com\/avatar\/02cf8a7906b8cf90cecb4679defac7cfd33a1c2e3b88e4903d947f3bb58eedd3?s=96&d=mm&r=g","caption":"hegyizs"},"url":"https:\/\/www.welovecycling.com\/hu\/author\/hegyizs\/"}]}},"_links":{"self":[{"href":"https:\/\/www.welovecycling.com\/hu\/wp-json\/wp\/v2\/posts\/5768","targetHints":{"allow":["GET"]}}],"collection":[{"href":"https:\/\/www.welovecycling.com\/hu\/wp-json\/wp\/v2\/posts"}],"about":[{"href":"https:\/\/www.welovecycling.com\/hu\/wp-json\/wp\/v2\/types\/post"}],"author":[{"embeddable":true,"href":"https:\/\/www.welovecycling.com\/hu\/wp-json\/wp\/v2\/users\/71"}],"replies":[{"embeddable":true,"href":"https:\/\/www.welovecycling.com\/hu\/wp-json\/wp\/v2\/comments?post=5768"}],"version-history":[{"count":2,"href":"https:\/\/www.welovecycling.com\/hu\/wp-json\/wp\/v2\/posts\/5768\/revisions"}],"predecessor-version":[{"id":5774,"href":"https:\/\/www.welovecycling.com\/hu\/wp-json\/wp\/v2\/posts\/5768\/revisions\/5774"}],"wp:featuredmedia":[{"embeddable":true,"href":"https:\/\/www.welovecycling.com\/hu\/wp-json\/wp\/v2\/media\/5773"}],"wp:attachment":[{"href":"https:\/\/www.welovecycling.com\/hu\/wp-json\/wp\/v2\/media?parent=5768"}],"wp:term":[{"taxonomy":"category","embeddable":true,"href":"https:\/\/www.welovecycling.com\/hu\/wp-json\/wp\/v2\/categories?post=5768"},{"taxonomy":"post_tag","embeddable":true,"href":"https:\/\/www.welovecycling.com\/hu\/wp-json\/wp\/v2\/tags?post=5768"},{"taxonomy":"global-categories","embeddable":true,"href":"https:\/\/www.welovecycling.com\/hu\/wp-json\/wp\/v2\/global-categories?post=5768"}],"curies":[{"name":"wp","href":"https:\/\/api.w.org\/{rel}","templated":true}]}}