{"id":5753,"date":"2019-11-30T08:10:17","date_gmt":"2019-11-30T07:10:17","guid":{"rendered":"https:\/\/www.welovecycling.com\/hu\/?p=5753"},"modified":"2019-11-28T16:09:34","modified_gmt":"2019-11-28T15:09:34","slug":"igy-vedd-ra-a-parod-hogy-veled-bringazzon","status":"publish","type":"post","link":"https:\/\/www.welovecycling.com\/hu\/kozosseg-es-kultura\/igy-vedd-ra-a-parod-hogy-veled-bringazzon\/","title":{"rendered":"\u00cdgy vedd r\u00e1 a p\u00e1rod, hogy veled bring\u00e1zzon!"},"content":{"rendered":"<p><strong>A bicikliz\u00e9s szuper k\u00f6z\u00f6s program lehet a szerelmeddel \u00e9s tal\u00e1n j\u00f6v\u0151beli csemet\u00e9itekkel is, egy olyan tev\u00e9kenys\u00e9g, amit az eg\u00e9sz csal\u00e1d \u00e9lvezhet. Term\u00e9szetesen, ha a p\u00e1rod sz\u00e1m\u00e1ra m\u00e9g teljesen \u00faj a k\u00e9t ker\u00e9ken val\u00f3 \u00e9let, tal\u00e1n sz\u00fcks\u00e9ge lesz n\u00e9mi felk\u00e9sz\u00fcl\u00e9sre. Egy \u00faj dolog kipr\u00f3b\u00e1l\u00e1sa f\u00e9lelmetes lehet, fontos, hogy a lehet\u0151 legsim\u00e1bban menjen minden az els\u0151 alkalmak sor\u00e1n, hogy v\u00e9g\u00fcl olyan elk\u00f6telezett bring\u00e1s legyen, mint te! Ha nagy k\u00fcl\u00f6nbs\u00e9g van k\u00f6ztetek fitts\u00e9g vagy r\u00e1termetts\u00e9g ter\u00e9n, nagy kih\u00edv\u00e1s lehet \u00f6sszeegyeztetni az ig\u00e9nyeket. De soha sem lehetetlen! Mindegy, hogy mag\u00e1t\u00f3l \u00e9rdekl\u0151dik a sport ir\u00e1nt, vagy te d\u00f6ntesz \u00fagy, hogy be szeretn\u00e9d vonni, hogy t\u00f6bb id\u0151t t\u00f6lthessetek egy\u00fctt, hoztunk n\u00e9h\u00e1ny tippet, ami seg\u00edthet.<\/strong><\/p>\n<p><!--more--><\/p>\n<h2><strong>Id\u00e9zd fel TE mi\u00e9rt szerett\u00e9l bele! (A bicikliz\u00e9sbe.)<\/strong><\/h2>\n<p>Ha partnered eddig egy\u00e1ltal\u00e1n nem kac\u00e9rkodott a ker\u00e9kp\u00e1roz\u00e1s gondolat\u00e1val, kicsit t\u00f6bb munk\u00e1d lesz vele. Az egyik legjobb m\u00f3dszer arra, hogy r\u00e1vedd a teker\u00e9sre, ha visszagondolsz, te mi\u00e9rt szerett\u00e9l bele ebbe a mozg\u00e1sform\u00e1ba. A szabads\u00e1g \u00e9rz\u00e9se, az \u00faj helyek felfedez\u00e9s\u00e9nek \u00e9lm\u00e9nye, esetleg az izgalmas testedz\u00e9s \u00edg\u00e9rete miatt? Oszd meg p\u00e1roddal ezeket az eml\u00e9keket \u00e9s rem\u00e9lhet\u0151leg megfert\u0151z\u00f6d vel\u00fck! Ne felejtsd el persze a praktikus okokat sem felsorolni, p\u00e9ld\u00e1ul hogy \u00edgy t\u00f6bb id\u0151t tudtok egy\u00fctt t\u00f6lteni, fittebbek lesztek \u00e9s m\u00e9g p\u00e9nzt is sp\u00f3rolhattok a benzinen, ha bring\u00e1val j\u00e1rtok a v\u00e1rosban! B\u00e1r sz\u00e1modra tal\u00e1n egy\u00e9rtelm\u0171 mi\u00e9rt is j\u00f3 ez a sport, egy k\u00edv\u00fcl\u00e1ll\u00f3nak kev\u00e9sb\u00e9, legyen t\u00fcrelmed elmondani neki!<\/p>\n<figure id=\"attachment_5754\" aria-describedby=\"caption-attachment-5754\" style=\"width: 1250px\" class=\"wp-caption alignnone\"><a href=\"https:\/\/d2p6e6u75xmxt8.cloudfront.net\/12\/2019\/11\/Cycling-Couple-profimedia-0198576029.jpg\"><img loading=\"lazy\" decoding=\"async\" class=\"wp-image-5754 size-full\" src=\"https:\/\/d2p6e6u75xmxt8.cloudfront.net\/12\/2019\/11\/Cycling-Couple-profimedia-0198576029.jpg\" alt=\"\" width=\"1250\" height=\"833\" srcset=\"https:\/\/d2p6e6u75xmxt8.cloudfront.net\/12\/2019\/11\/Cycling-Couple-profimedia-0198576029.jpg 1250w, https:\/\/d2p6e6u75xmxt8.cloudfront.net\/12\/2019\/11\/Cycling-Couple-profimedia-0198576029-300x200.jpg 300w, https:\/\/d2p6e6u75xmxt8.cloudfront.net\/12\/2019\/11\/Cycling-Couple-profimedia-0198576029-768x512.jpg 768w, https:\/\/d2p6e6u75xmxt8.cloudfront.net\/12\/2019\/11\/Cycling-Couple-profimedia-0198576029-1024x682.jpg 1024w, https:\/\/d2p6e6u75xmxt8.cloudfront.net\/12\/2019\/11\/Cycling-Couple-profimedia-0198576029-272x182.jpg 272w\" sizes=\"auto, (max-width: 1250px) 100vw, 1250px\" \/><\/a><figcaption id=\"caption-attachment-5754\" class=\"wp-caption-text\">A t\u00fcrelem a kulcs. \u00a9 Wavebreak \/ Profimedia<\/figcaption><\/figure>\n<h2><strong>T\u0171zzetek ki k\u00f6z\u00f6s c\u00e9lokat<\/strong><\/h2>\n<p>Az els\u0151 k\u00f6z\u00f6s t\u00fara alkalm\u00e1val \u00e1ll\u00edtsatok el\u00e9rhet\u0151 c\u00e9lokat, \u00e9s bizonyosodjatok meg r\u00f3la, hogy ugyanaz a k\u00e9p \u00e9l a fejetekben. Tegy\u00e9tek fel a k\u00e9rd\u00e9seket: Milyen neh\u00e9zs\u00e9g\u0171 \u00e9s hossz\u00fas\u00e1g\u00fa t\u00far\u00e1t szeretn\u00e9tek? Szeretn\u00e9k, ha seg\u00edten\u00e9l neki, vagy ink\u00e1bb egyed\u00fcl n\u00e9z szembe a kih\u00edv\u00e1sokkal? Besz\u00e9ljetek ezekr\u0151l a dolgokr\u00f3l, tervezz\u00e9tek meg a sz\u00fcneteket \u00e9s mindig figyelj r\u00e1, hogy lass\u00edtsatok vagy meg tudjatok \u00e1llni, ha szeretn\u00e9. Feleslegesnek t\u0171nhet ennyi szervezget\u00e9s egy kis t\u00fara el\u0151tt, de nem fogj\u00e1tok megb\u00e1nni. Ha nem besz\u00e9ltek \u00e1t minden r\u00e9szletet el\u0151re, k\u00e9s\u0151bb veszeked\u00e9sbe fulladhat az eg\u00e9sz.<\/p>\n<h2><strong>Ne tegy\u00e9l r\u00e1 nyom\u00e1st!<\/strong><\/h2>\n<p>Pr\u00f3b\u00e1ld meg belek\u00e9pzelni magad a p\u00e1rod hely\u00e9be \u00e9s eml\u00e9keztesd magad arra, hogy senki nem szereti a t\u00fal nagy nyom\u00e1st. F\u0151leg, ha nem is biztos ebben az eg\u00e9szben. Tekerjetek \u00fagy, ahogy neki k\u00e9nyelmes: hamarosan gyorsan fog majd fejl\u0151dni, de a tanul\u00e1shoz id\u0151 kell! Ne felejtsd el, hogy te is volt\u00e1l kezd\u0151!<\/p>\n<h2><strong>Ne nagyzolj!<\/strong><\/h2>\n<p>Biztosan izgatott leszel, ha v\u00e9gre egy\u00fctt indultok \u00fatnak, de ez ne vezessen ahhoz, hogy minden\u00e1ron meg akarod neki mutatni, mit tudsz. Ez egy term\u00e9szetes reakci\u00f3 \u00e9s persze tudjuk, hogy csak az vele a c\u00e9lod, hogy m\u00e9g ink\u00e1bb motiv\u00e1ld, de ez nem a megfelel\u0151 id\u0151pont. Val\u00f3sz\u00edn\u0171leg m\u00e1r r\u00e9g tudja, hogy kir\u00e1ly vagy, ha bicikliz\u00e9sr\u0151l van sz\u00f3, \u00fagyhogy nyugodtan tekerj mellette, vele egy temp\u00f3ban! Kezdetben a te feladatod, hogy j\u00f3l \u00e9rezze mag\u00e1t \u00e9s kiemelten kell figyelned a forgalomra, hogy elker\u00fclj\u00e9tek a vesz\u00e9lyes helyzeteket. Ne agg\u00f3dj, rengeteg id\u0151d lesz r\u00e1 k\u00e9s\u0151bb, hogy nagyzolj egy picit.<\/p>\n<figure id=\"attachment_5755\" aria-describedby=\"caption-attachment-5755\" style=\"width: 1250px\" class=\"wp-caption alignnone\"><a href=\"https:\/\/d2p6e6u75xmxt8.cloudfront.net\/12\/2019\/11\/Cycling-Couple-profimedia-0309065074.jpg\"><img loading=\"lazy\" decoding=\"async\" class=\"wp-image-5755 size-full\" src=\"https:\/\/d2p6e6u75xmxt8.cloudfront.net\/12\/2019\/11\/Cycling-Couple-profimedia-0309065074.jpg\" alt=\"\" width=\"1250\" height=\"833\" srcset=\"https:\/\/d2p6e6u75xmxt8.cloudfront.net\/12\/2019\/11\/Cycling-Couple-profimedia-0309065074.jpg 1250w, https:\/\/d2p6e6u75xmxt8.cloudfront.net\/12\/2019\/11\/Cycling-Couple-profimedia-0309065074-300x200.jpg 300w, https:\/\/d2p6e6u75xmxt8.cloudfront.net\/12\/2019\/11\/Cycling-Couple-profimedia-0309065074-768x512.jpg 768w, https:\/\/d2p6e6u75xmxt8.cloudfront.net\/12\/2019\/11\/Cycling-Couple-profimedia-0309065074-1024x682.jpg 1024w, https:\/\/d2p6e6u75xmxt8.cloudfront.net\/12\/2019\/11\/Cycling-Couple-profimedia-0309065074-272x182.jpg 272w\" sizes=\"auto, (max-width: 1250px) 100vw, 1250px\" \/><\/a><figcaption id=\"caption-attachment-5755\" class=\"wp-caption-text\">Senki nem szereti, ha t\u00fal nagy rajt a nyom\u00e1s.\u00a0\u00a9\u00a0Wavebreak \/ Profimedia<\/figcaption><\/figure>\n<h2><strong>Oszd meg amit a megfelel\u0151 technik\u00e1r\u00f3l tudsz!<\/strong><\/h2>\n<p>Ha m\u00e1r t\u00fal vagytok n\u00e9h\u00e1ny k\u00f6z\u00f6s bring\u00e1z\u00e1son \u00e9s \u00fagy t\u0171nik, minden sim\u00e1n megy, kicsit belemehettek a technikai r\u00e9szletekbe. F\u0151leg, ha m\u00e1r sz\u00f3ba ker\u00fclt egy \u00faj ker\u00e9kp\u00e1r v\u00e1s\u00e1rl\u00e1sa. Semmi sem tud \u00fagy elsz\u00farni egy j\u00f3 \u00e9lm\u00e9nyt, mint a rossz felszerel\u00e9s, teh\u00e1t fontos, hogy szakmai szemmel seg\u00edts a d\u00f6nt\u00e9sben, de persze ne ess t\u00falz\u00e1sba! Az eg\u00e9sz biztosan nem fog seg\u00edteni, ha a legapr\u00f3bb kieg\u00e9sz\u00edt\u0151n is \u00f6sszevesztek. Kiv\u00e9ve persze, ha a biztons\u00e1g\u00e1r\u00f3l van sz\u00f3, akkor ne engedj az igazadb\u00f3l!<\/p>\n<h2><strong>A l\u00e9nyeg, hogy j\u00f3l \u00e9rezz\u00e9tek magatokat!<\/strong><\/h2>\n<p>Ez pedig jelenthet teljesen m\u00e1st sz\u00e1modra \u00e9s partnered sz\u00e1m\u00e1ra. A sport bemutat\u00e1sakor fontos, hogy t\u00fcrelmes legy\u00e9l \u00e9s ne sajn\u00e1ld a plusz id\u0151t, amit vele kell t\u00f6ltened! Ha pedig nem siker\u00fclt megszerettetned vele a sportot, az sem a vil\u00e1g v\u00e9ge. Te mindent megtett\u00e9l \u00e9s tal\u00e1n siker\u00fclt is el\u00fcltetned egy magot, ami majd k\u00e9s\u0151bb kikel. Persze az is teljesen rendben van, ha m\u00e1s dolgok ir\u00e1nt \u00e9rdekl\u0151dt\u00f6k. M\u00e9g ha egyed\u00fcl is falod a kilom\u00e9tereket, legal\u00e1bb jobban meg\u00e9rti, hogy mi\u00e9rt szereted a bring\u00e1z\u00e1st!<\/p>\n","protected":false},"excerpt":{"rendered":"<p>A bicikliz\u00e9s szuper k\u00f6z\u00f6s program lehet a szerelmeddel \u00e9s tal\u00e1n j\u00f6v\u0151beli csemet\u00e9itekkel is, egy olyan tev\u00e9kenys\u00e9g, amit az eg\u00e9sz csal\u00e1d [&hellip;]<\/p>\n","protected":false},"author":71,"featured_media":5757,"comment_status":"open","ping_status":"open","sticky":false,"template":"","format":"standard","meta":{"footnotes":""},"categories":[12],"tags":[],"global-categories":[],"class_list":["post-5753","post","type-post","status-publish","format-standard","has-post-thumbnail","hentry","category-kozosseg-es-kultura"],"yoast_head":"<!-- This site is optimized with the Yoast SEO Premium plugin v25.3 (Yoast SEO v25.9) - https:\/\/yoast.com\/wordpress\/plugins\/seo\/ -->\n<title>\u00cdgy vedd r\u00e1 a p\u00e1rod, hogy veled bring\u00e1zzon! - \u0160koda We Love Cycling - Magyarorsz\u00e1g<\/title>\n<meta name=\"robots\" content=\"index, follow, max-snippet:-1, max-image-preview:large, max-video-preview:-1\" \/>\n<link rel=\"canonical\" href=\"https:\/\/www.welovecycling.com\/hu\/kozosseg-es-kultura\/igy-vedd-ra-a-parod-hogy-veled-bringazzon\/\" \/>\n<meta property=\"og:locale\" content=\"hu_HU\" \/>\n<meta property=\"og:type\" content=\"article\" \/>\n<meta property=\"og:title\" content=\"\u00cdgy vedd r\u00e1 a p\u00e1rod, hogy veled bring\u00e1zzon!\" \/>\n<meta property=\"og:description\" content=\"A bicikliz\u00e9s szuper k\u00f6z\u00f6s program lehet a szerelmeddel \u00e9s tal\u00e1n j\u00f6v\u0151beli csemet\u00e9itekkel is, egy olyan tev\u00e9kenys\u00e9g, amit az eg\u00e9sz csal\u00e1d [&hellip;]\" \/>\n<meta property=\"og:url\" content=\"https:\/\/www.welovecycling.com\/hu\/kozosseg-es-kultura\/igy-vedd-ra-a-parod-hogy-veled-bringazzon\/\" \/>\n<meta property=\"og:site_name\" content=\"\u0160koda We Love Cycling - Magyarorsz\u00e1g\" \/>\n<meta property=\"article:publisher\" content=\"https:\/\/www.facebook.com\/WeLoveCyclingHungary\/\" \/>\n<meta property=\"article:published_time\" content=\"2019-11-30T07:10:17+00:00\" \/>\n<meta property=\"og:image\" content=\"https:\/\/d2p6e6u75xmxt8.cloudfront.net\/12\/2019\/11\/Bicycle-Couple-CVR-profimedia-0309084850.jpg\" \/>\n\t<meta property=\"og:image:width\" content=\"1366\" \/>\n\t<meta property=\"og:image:height\" content=\"600\" \/>\n\t<meta property=\"og:image:type\" content=\"image\/jpeg\" \/>\n<meta name=\"author\" content=\"hegyizs\" \/>\n<meta name=\"twitter:card\" content=\"summary_large_image\" \/>\n<meta name=\"twitter:label1\" content=\"Written by\" \/>\n\t<meta name=\"twitter:data1\" content=\"Megan Flottorp\" \/>\n\t<meta name=\"twitter:label2\" content=\"Est. reading time\" \/>\n\t<meta name=\"twitter:data2\" content=\"7\" \/>\n<script type=\"application\/ld+json\" class=\"yoast-schema-graph\">{\"@context\":\"https:\/\/schema.org\",\"@graph\":[{\"@type\":\"WebPage\",\"@id\":\"https:\/\/www.welovecycling.com\/hu\/kozosseg-es-kultura\/igy-vedd-ra-a-parod-hogy-veled-bringazzon\/\",\"url\":\"https:\/\/www.welovecycling.com\/hu\/kozosseg-es-kultura\/igy-vedd-ra-a-parod-hogy-veled-bringazzon\/\",\"name\":\"\u00cdgy vedd r\u00e1 a p\u00e1rod, hogy veled bring\u00e1zzon! - \u0160koda We Love Cycling - Magyarorsz\u00e1g\",\"isPartOf\":{\"@id\":\"https:\/\/www.welovecycling.com\/hu\/#website\"},\"primaryImageOfPage\":{\"@id\":\"https:\/\/www.welovecycling.com\/hu\/kozosseg-es-kultura\/igy-vedd-ra-a-parod-hogy-veled-bringazzon\/#primaryimage\"},\"image\":{\"@id\":\"https:\/\/www.welovecycling.com\/hu\/kozosseg-es-kultura\/igy-vedd-ra-a-parod-hogy-veled-bringazzon\/#primaryimage\"},\"thumbnailUrl\":\"https:\/\/d2p6e6u75xmxt8.cloudfront.net\/12\/2019\/11\/Bicycle-Couple-CVR-profimedia-0309084850.jpg\",\"datePublished\":\"2019-11-30T07:10:17+00:00\",\"author\":{\"@id\":\"https:\/\/www.welovecycling.com\/hu\/#\/schema\/person\/414a2aebf1801691a5320edb6468e194\"},\"breadcrumb\":{\"@id\":\"https:\/\/www.welovecycling.com\/hu\/kozosseg-es-kultura\/igy-vedd-ra-a-parod-hogy-veled-bringazzon\/#breadcrumb\"},\"inLanguage\":\"hu\",\"potentialAction\":[{\"@type\":\"ReadAction\",\"target\":[\"https:\/\/www.welovecycling.com\/hu\/kozosseg-es-kultura\/igy-vedd-ra-a-parod-hogy-veled-bringazzon\/\"]}]},{\"@type\":\"ImageObject\",\"inLanguage\":\"hu\",\"@id\":\"https:\/\/www.welovecycling.com\/hu\/kozosseg-es-kultura\/igy-vedd-ra-a-parod-hogy-veled-bringazzon\/#primaryimage\",\"url\":\"https:\/\/d2p6e6u75xmxt8.cloudfront.net\/12\/2019\/11\/Bicycle-Couple-CVR-profimedia-0309084850.jpg\",\"contentUrl\":\"https:\/\/d2p6e6u75xmxt8.cloudfront.net\/12\/2019\/11\/Bicycle-Couple-CVR-profimedia-0309084850.jpg\",\"width\":1366,\"height\":600},{\"@type\":\"BreadcrumbList\",\"@id\":\"https:\/\/www.welovecycling.com\/hu\/kozosseg-es-kultura\/igy-vedd-ra-a-parod-hogy-veled-bringazzon\/#breadcrumb\",\"itemListElement\":[{\"@type\":\"ListItem\",\"position\":1,\"name\":\"Home\",\"item\":\"https:\/\/www.welovecycling.com\/hu\/\"},{\"@type\":\"ListItem\",\"position\":2,\"name\":\"\u00cdgy vedd r\u00e1 a p\u00e1rod, hogy veled bring\u00e1zzon!\"}]},{\"@type\":\"WebSite\",\"@id\":\"https:\/\/www.welovecycling.com\/hu\/#website\",\"url\":\"https:\/\/www.welovecycling.com\/hu\/\",\"name\":\"\u0160koda We Love Cycling - Magyarorsz\u00e1g\",\"description\":\"\u0160koda WeLoveCycling\",\"potentialAction\":[{\"@type\":\"SearchAction\",\"target\":{\"@type\":\"EntryPoint\",\"urlTemplate\":\"https:\/\/www.welovecycling.com\/hu\/?s={search_term_string}\"},\"query-input\":{\"@type\":\"PropertyValueSpecification\",\"valueRequired\":true,\"valueName\":\"search_term_string\"}}],\"inLanguage\":\"hu\"},{\"@type\":\"Person\",\"@id\":\"https:\/\/www.welovecycling.com\/hu\/#\/schema\/person\/414a2aebf1801691a5320edb6468e194\",\"name\":\"hegyizs\",\"image\":{\"@type\":\"ImageObject\",\"inLanguage\":\"hu\",\"@id\":\"https:\/\/www.welovecycling.com\/hu\/#\/schema\/person\/image\/\",\"url\":\"https:\/\/secure.gravatar.com\/avatar\/02cf8a7906b8cf90cecb4679defac7cfd33a1c2e3b88e4903d947f3bb58eedd3?s=96&d=mm&r=g\",\"contentUrl\":\"https:\/\/secure.gravatar.com\/avatar\/02cf8a7906b8cf90cecb4679defac7cfd33a1c2e3b88e4903d947f3bb58eedd3?s=96&d=mm&r=g\",\"caption\":\"hegyizs\"},\"url\":\"https:\/\/www.welovecycling.com\/hu\/author\/hegyizs\/\"}]}<\/script>\n<!-- \/ Yoast SEO Premium plugin. -->","yoast_head_json":{"title":"\u00cdgy vedd r\u00e1 a p\u00e1rod, hogy veled bring\u00e1zzon! - \u0160koda We Love Cycling - Magyarorsz\u00e1g","robots":{"index":"index","follow":"follow","max-snippet":"max-snippet:-1","max-image-preview":"max-image-preview:large","max-video-preview":"max-video-preview:-1"},"canonical":"https:\/\/www.welovecycling.com\/hu\/kozosseg-es-kultura\/igy-vedd-ra-a-parod-hogy-veled-bringazzon\/","og_locale":"hu_HU","og_type":"article","og_title":"\u00cdgy vedd r\u00e1 a p\u00e1rod, hogy veled bring\u00e1zzon!","og_description":"A bicikliz\u00e9s szuper k\u00f6z\u00f6s program lehet a szerelmeddel \u00e9s tal\u00e1n j\u00f6v\u0151beli csemet\u00e9itekkel is, egy olyan tev\u00e9kenys\u00e9g, amit az eg\u00e9sz csal\u00e1d [&hellip;]","og_url":"https:\/\/www.welovecycling.com\/hu\/kozosseg-es-kultura\/igy-vedd-ra-a-parod-hogy-veled-bringazzon\/","og_site_name":"\u0160koda We Love Cycling - Magyarorsz\u00e1g","article_publisher":"https:\/\/www.facebook.com\/WeLoveCyclingHungary\/","article_published_time":"2019-11-30T07:10:17+00:00","og_image":[{"width":1366,"height":600,"url":"https:\/\/d2p6e6u75xmxt8.cloudfront.net\/12\/2019\/11\/Bicycle-Couple-CVR-profimedia-0309084850.jpg","type":"image\/jpeg"}],"author":"hegyizs","twitter_card":"summary_large_image","twitter_misc":{"Written by":"Megan Flottorp","Est. reading time":"7"},"schema":{"@context":"https:\/\/schema.org","@graph":[{"@type":"WebPage","@id":"https:\/\/www.welovecycling.com\/hu\/kozosseg-es-kultura\/igy-vedd-ra-a-parod-hogy-veled-bringazzon\/","url":"https:\/\/www.welovecycling.com\/hu\/kozosseg-es-kultura\/igy-vedd-ra-a-parod-hogy-veled-bringazzon\/","name":"\u00cdgy vedd r\u00e1 a p\u00e1rod, hogy veled bring\u00e1zzon! - \u0160koda We Love Cycling - Magyarorsz\u00e1g","isPartOf":{"@id":"https:\/\/www.welovecycling.com\/hu\/#website"},"primaryImageOfPage":{"@id":"https:\/\/www.welovecycling.com\/hu\/kozosseg-es-kultura\/igy-vedd-ra-a-parod-hogy-veled-bringazzon\/#primaryimage"},"image":{"@id":"https:\/\/www.welovecycling.com\/hu\/kozosseg-es-kultura\/igy-vedd-ra-a-parod-hogy-veled-bringazzon\/#primaryimage"},"thumbnailUrl":"https:\/\/d2p6e6u75xmxt8.cloudfront.net\/12\/2019\/11\/Bicycle-Couple-CVR-profimedia-0309084850.jpg","datePublished":"2019-11-30T07:10:17+00:00","author":{"@id":"https:\/\/www.welovecycling.com\/hu\/#\/schema\/person\/414a2aebf1801691a5320edb6468e194"},"breadcrumb":{"@id":"https:\/\/www.welovecycling.com\/hu\/kozosseg-es-kultura\/igy-vedd-ra-a-parod-hogy-veled-bringazzon\/#breadcrumb"},"inLanguage":"hu","potentialAction":[{"@type":"ReadAction","target":["https:\/\/www.welovecycling.com\/hu\/kozosseg-es-kultura\/igy-vedd-ra-a-parod-hogy-veled-bringazzon\/"]}]},{"@type":"ImageObject","inLanguage":"hu","@id":"https:\/\/www.welovecycling.com\/hu\/kozosseg-es-kultura\/igy-vedd-ra-a-parod-hogy-veled-bringazzon\/#primaryimage","url":"https:\/\/d2p6e6u75xmxt8.cloudfront.net\/12\/2019\/11\/Bicycle-Couple-CVR-profimedia-0309084850.jpg","contentUrl":"https:\/\/d2p6e6u75xmxt8.cloudfront.net\/12\/2019\/11\/Bicycle-Couple-CVR-profimedia-0309084850.jpg","width":1366,"height":600},{"@type":"BreadcrumbList","@id":"https:\/\/www.welovecycling.com\/hu\/kozosseg-es-kultura\/igy-vedd-ra-a-parod-hogy-veled-bringazzon\/#breadcrumb","itemListElement":[{"@type":"ListItem","position":1,"name":"Home","item":"https:\/\/www.welovecycling.com\/hu\/"},{"@type":"ListItem","position":2,"name":"\u00cdgy vedd r\u00e1 a p\u00e1rod, hogy veled bring\u00e1zzon!"}]},{"@type":"WebSite","@id":"https:\/\/www.welovecycling.com\/hu\/#website","url":"https:\/\/www.welovecycling.com\/hu\/","name":"\u0160koda We Love Cycling - Magyarorsz\u00e1g","description":"\u0160koda WeLoveCycling","potentialAction":[{"@type":"SearchAction","target":{"@type":"EntryPoint","urlTemplate":"https:\/\/www.welovecycling.com\/hu\/?s={search_term_string}"},"query-input":{"@type":"PropertyValueSpecification","valueRequired":true,"valueName":"search_term_string"}}],"inLanguage":"hu"},{"@type":"Person","@id":"https:\/\/www.welovecycling.com\/hu\/#\/schema\/person\/414a2aebf1801691a5320edb6468e194","name":"hegyizs","image":{"@type":"ImageObject","inLanguage":"hu","@id":"https:\/\/www.welovecycling.com\/hu\/#\/schema\/person\/image\/","url":"https:\/\/secure.gravatar.com\/avatar\/02cf8a7906b8cf90cecb4679defac7cfd33a1c2e3b88e4903d947f3bb58eedd3?s=96&d=mm&r=g","contentUrl":"https:\/\/secure.gravatar.com\/avatar\/02cf8a7906b8cf90cecb4679defac7cfd33a1c2e3b88e4903d947f3bb58eedd3?s=96&d=mm&r=g","caption":"hegyizs"},"url":"https:\/\/www.welovecycling.com\/hu\/author\/hegyizs\/"}]}},"_links":{"self":[{"href":"https:\/\/www.welovecycling.com\/hu\/wp-json\/wp\/v2\/posts\/5753","targetHints":{"allow":["GET"]}}],"collection":[{"href":"https:\/\/www.welovecycling.com\/hu\/wp-json\/wp\/v2\/posts"}],"about":[{"href":"https:\/\/www.welovecycling.com\/hu\/wp-json\/wp\/v2\/types\/post"}],"author":[{"embeddable":true,"href":"https:\/\/www.welovecycling.com\/hu\/wp-json\/wp\/v2\/users\/71"}],"replies":[{"embeddable":true,"href":"https:\/\/www.welovecycling.com\/hu\/wp-json\/wp\/v2\/comments?post=5753"}],"version-history":[{"count":2,"href":"https:\/\/www.welovecycling.com\/hu\/wp-json\/wp\/v2\/posts\/5753\/revisions"}],"predecessor-version":[{"id":5767,"href":"https:\/\/www.welovecycling.com\/hu\/wp-json\/wp\/v2\/posts\/5753\/revisions\/5767"}],"wp:featuredmedia":[{"embeddable":true,"href":"https:\/\/www.welovecycling.com\/hu\/wp-json\/wp\/v2\/media\/5757"}],"wp:attachment":[{"href":"https:\/\/www.welovecycling.com\/hu\/wp-json\/wp\/v2\/media?parent=5753"}],"wp:term":[{"taxonomy":"category","embeddable":true,"href":"https:\/\/www.welovecycling.com\/hu\/wp-json\/wp\/v2\/categories?post=5753"},{"taxonomy":"post_tag","embeddable":true,"href":"https:\/\/www.welovecycling.com\/hu\/wp-json\/wp\/v2\/tags?post=5753"},{"taxonomy":"global-categories","embeddable":true,"href":"https:\/\/www.welovecycling.com\/hu\/wp-json\/wp\/v2\/global-categories?post=5753"}],"curies":[{"name":"wp","href":"https:\/\/api.w.org\/{rel}","templated":true}]}}