{"id":5692,"date":"2019-11-25T11:18:00","date_gmt":"2019-11-25T10:18:00","guid":{"rendered":""},"modified":"2020-02-11T14:47:55","modified_gmt":"2020-02-11T13:47:55","slug":"fontos-hogy-ne-csak-tekerj-de-elvezd-is-cseh-veronika-interju","status":"publish","type":"post","link":"https:\/\/www.welovecycling.com\/hu\/blog\/fontos-hogy-ne-csak-tekerj-de-elvezd-is-cseh-veronika-interju\/","title":{"rendered":"Fontos, hogy ne csak tekerj, de \u00e9lvezd is \u2013 Cseh Veronika interj\u00fa"},"content":{"rendered":"<p><strong>Cseh Veronika v\u00e1logatott cross country versenyz\u0151, \u00e9s a t\u00e1jbring\u00e1z\u00e1s t\u00f6bbsz\u00f6r\u00f6s vil\u00e1gbajnoka. Mindegy, hogy cyclocross, crosscountry, vagy \u00e9pp endur\u00f3, ha terepen kell tekerni, \u0151 ott van \u00e9s csin\u00e1lja. Besz\u00e9lgett\u00fcnk c\u00e9lokr\u00f3l, motiv\u00e1ci\u00f3r\u00f3l, \u00e9s arr\u00f3l, mennyire fontos \u00e9lvezni a sportot. <\/strong><\/p>\n<p><!--more--><\/p>\n<h3><strong>37 \u00e9ves korodig a t\u00e1jfut\u00e1s volt sportod, ut\u00e1na bring\u00e1ra \u00fclt\u00e9l. Mi\u00e9rt v\u00e1ltott\u00e1l?<\/strong><\/h3>\n<p>A t\u00e1jfut\u00e1s miatt lett egy gerincs\u00e9rvem, \u00e9s ezt ugyan megm\u0171t\u00f6tt\u00e9k, pr\u00f3b\u00e1lkoztam is ut\u00e1na a fut\u00e1ssal, de a visszat\u00e9r\u0151 probl\u00e9m\u00e1k miatt szembes\u00fcln\u00f6m kellett vele, hogy abba kell hagynom. Nyilv\u00e1n, ha ezt csin\u00e1lod ezer \u00e9ve, akkor ezt nehezen fogadod el, \u00e9s mindig n\u00e9ztem a t\u00e1jfut\u00f3 versenyek mellett megszervezett t\u00e1jbringa versenyeket, amiket ugyan\u00fagy bonyol\u00edtanak le. Gondoltam, ha m\u00e1r nem futhatok, kipr\u00f3b\u00e1lom, mert bring\u00e1zni mindenki tud, \u00e9s itt kezd\u0151d\u00f6tt minden. A bring\u00e1n eleinte hal\u00e1l b\u00e9na voltam, \u00e1testem a korm\u00e1nyon \u00e9s hasonl\u00f3k, azt\u00e1n 2007-ben indultam az els\u0151 maratonomon Szilv\u00e1sv\u00e1radon. Ut\u00e1na meg j\u00f6tt mindenf\u00e9le bring\u00e1s szak\u00e1g, mindent kipr\u00f3b\u00e1lok, amit tudok.<\/p>\n<p>&nbsp;<\/p>\n<p><img loading=\"lazy\" decoding=\"async\" class=\"aligncenter size-full wp-image-5693\" src=\"https:\/\/d2p6e6u75xmxt8.cloudfront.net\/12\/2019\/11\/Optimized-cseh01_wlc.jpg\" alt=\"\" width=\"1348\" height=\"900\" srcset=\"https:\/\/d2p6e6u75xmxt8.cloudfront.net\/12\/2019\/11\/Optimized-cseh01_wlc.jpg 1348w, https:\/\/d2p6e6u75xmxt8.cloudfront.net\/12\/2019\/11\/Optimized-cseh01_wlc-300x200.jpg 300w, https:\/\/d2p6e6u75xmxt8.cloudfront.net\/12\/2019\/11\/Optimized-cseh01_wlc-768x513.jpg 768w, https:\/\/d2p6e6u75xmxt8.cloudfront.net\/12\/2019\/11\/Optimized-cseh01_wlc-1024x684.jpg 1024w, https:\/\/d2p6e6u75xmxt8.cloudfront.net\/12\/2019\/11\/Optimized-cseh01_wlc-272x182.jpg 272w\" sizes=\"auto, (max-width: 1348px) 100vw, 1348px\" \/><\/p>\n<h3><strong>De mi az a t\u00e1jbringa?<\/strong><\/h3>\n<p>Ez nem egy klasszikus ker\u00e9kp\u00e1ros szak\u00e1g, ink\u00e1bb a t\u00e1j\u00e9koz\u00f3d\u00e1si sportokhoz kapcsol\u00f3dik, m\u00e9g csak nem is a ker\u00e9kp\u00e1ros sz\u00f6vets\u00e9ghez tartozik. Hasonl\u00f3 elven m\u0171k\u00f6dik, mint a t\u00e1jfut\u00e1s, teh\u00e1t nem csak a fizikum, de a t\u00e1j\u00e9koz\u00f3d\u00e1si k\u00e9szs\u00e9g is sz\u00e1m\u00edt.<\/p>\n<h3><strong>Meddig tartott, am\u00edg \u00e1t\u00e1llt\u00e1l a fut\u00e1sr\u00f3l a teker\u00e9sre? Sok\u00e1ig tartott elengedni a fut\u00e1st?<\/strong><\/h3>\n<p>A fut\u00e1st teljesen elengedni\u2026 (nevet) m\u00e9g szerintem tavaly is volt olyan, hogy megpr\u00f3b\u00e1ltam. Elhat\u00e1roztam, hogy \u00fajb\u00f3l futni fogok, de minden alkalom ut\u00e1n k\u00e9t nappal m\u00e1r nem b\u00edrtam l\u00e1bra \u00e1llni. Ott a fut\u00f3cip\u0151, n\u00e9ha felveszem, elmegyek ide-oda, de mostanra tudom\u00e1sul vettem, hogy nem szabad er\u0151ltetni. Van, amikor a teker\u00e9st\u0151l is \u00e9rzem, de bring\u00e1n abszol\u00fat kezelhet\u0151 a s\u00e9rv.<\/p>\n<h3><strong>Jogi v\u00e9gzetts\u00e9ged van, \u00e9s az ilyen munka sok id\u0151t elvesz. Hogyan f\u00e9r bele mellette, hogy m\u00e9gis v\u00e1logatottk\u00e9nt bring\u00e1zol?<\/strong><\/h3>\n<p>Szerintem alapvet\u0151en mindenkinek az f\u00e9r bele, amit akar. Most konkr\u00e9tan itt \u00fcl\u00f6k egy hib\u00e1s teljes\u00edt\u00e9sr\u0151l felsz\u00f3l\u00edt\u00f3 lev\u00e9l felett, tudom, hogy ha d\u00e9lel\u0151tt bring\u00e1zom, akkor d\u00e9lut\u00e1n, este fogok dolgozni, van, hogy hajnal kett\u0151ig. Magam vagyok, nem egy nagy \u00fcgyv\u00e9di irod\u00e1ban dolgozom, \u00e9n osztom be, mikor, mit akarok csin\u00e1lni, persze p\u00e9ld\u00e1ul a t\u00e1rgyal\u00e1sok id\u0151h\u00f6z k\u00f6t\u00f6ttek. Szerencs\u00e9s helyzetben vagyok, mert viszonylag j\u00f3l tudok gazd\u00e1lkodni a saj\u00e1t id\u0151mmel.<\/p>\n<h3><strong>Milyen bring\u00e1kon m\u00e9sz?<\/strong><\/h3>\n<p>Van endur\u00f3m, van hagyom\u00e1nyos, merev montim, meg cyclocross g\u00e9pem, \u00e9s s\u00e1rh\u00e1ny\u00f3s v\u00e1rosi bring\u00e1m is. Az el\u0151bbi h\u00e1rom mind Giant, a s\u00e1rh\u00e1ny\u00f3s meg az <em>ez\u00fcstny\u00edl<\/em>, tulajdonk\u00e9ppen m\u00e1rk\u00e1ja sincs. Van az a fajta id\u0151j\u00e1r\u00e1s, amikor sajn\u00e1lom b\u00e1rmelyik Giantet kivinni, \u00e9s akkor ink\u00e1bb a s\u00e1rh\u00e1ny\u00f3ssal megyek.<\/p>\n<p><img loading=\"lazy\" decoding=\"async\" class=\"aligncenter size-full wp-image-5695\" src=\"https:\/\/d2p6e6u75xmxt8.cloudfront.net\/12\/2019\/11\/Optimized-cseh03_wlc.jpg\" alt=\"\" width=\"1200\" height=\"801\" srcset=\"https:\/\/d2p6e6u75xmxt8.cloudfront.net\/12\/2019\/11\/Optimized-cseh03_wlc.jpg 1200w, https:\/\/d2p6e6u75xmxt8.cloudfront.net\/12\/2019\/11\/Optimized-cseh03_wlc-300x200.jpg 300w, https:\/\/d2p6e6u75xmxt8.cloudfront.net\/12\/2019\/11\/Optimized-cseh03_wlc-768x513.jpg 768w, https:\/\/d2p6e6u75xmxt8.cloudfront.net\/12\/2019\/11\/Optimized-cseh03_wlc-1024x684.jpg 1024w, https:\/\/d2p6e6u75xmxt8.cloudfront.net\/12\/2019\/11\/Optimized-cseh03_wlc-272x182.jpg 272w\" sizes=\"auto, (max-width: 1200px) 100vw, 1200px\" \/><\/p>\n<h3><strong>Sz\u00edvesen pr\u00f3b\u00e1lsz ki \u00faj szak\u00e1gakat, mi az, ami most \u00e9ppen a legink\u00e1bb megfogott?<\/strong><\/h3>\n<p>Most az endur\u00f3. F\u0151leg az\u00e9rt, mert ezt a p\u00e1rommal egy\u00fctt tudjuk csin\u00e1lni. \u0150 is bring\u00e1zik, \u00e9s ugyan nem egy verseng\u0151 alkat, viszont legal\u00e1bb az endur\u00f3 versenyeket szereti, \u00e9s j\u00f3l is megy neki.<\/p>\n<h3><strong>Az\u00e9rt ez itthon nem egy n\u00e9pszer\u0171 szak\u00e1g.<\/strong><\/h3>\n<p>Mi t\u00f6bbnyire Szlov\u00e9ni\u00e1ba j\u00e1runk, de id\u00e9n el\u0151sz\u00f6r voltunk Csehorsz\u00e1gban is, az ut\u00f3bbi nagyon bej\u00f6tt. Voltunk Sloendur\u00f3n is, az a k\u00f6z\u00f6ss\u00e9g miatt az igazi. J\u00f3 a hangulata, mindenki ismer mindenkit, olyan kis csal\u00e1dias versenysorozat. Meg a Sloenduro futamok teljes\u00edthet\u0151ek, ott is van m\u00e1sz\u00e1s, de nem olyan kem\u00e9ny,\u00e9s nagyon sz\u00e9p helyeken van. Az endur\u00f3ban \u00e9s a t\u00e1jbring\u00e1ban is azt szeretem, hogy nem t\u00f6megrajt van, hanem egyed\u00fcl vagy, \u00e9s ez meghat\u00e1rozza az eg\u00e9sz verseny hangulat\u00e1t.<\/p>\n<h3><strong>Azt olvastam, kifejezetten kevesen indulnak a korcsoportodban.<\/strong><\/h3>\n<p>Igen, j\u00f6v\u0151re \u00f6tven \u00e9ves leszek, ez m\u00e1r Master 3 kateg\u00f3ria, maratonban, k\u00f6z\u00e9pt\u00e1von m\u00e1r nincsenek Master 3-as n\u00e9nik, csak r\u00f6vidt\u00e1von, cross countryban pedig egy\u00e1ltal\u00e1n nincs ilyen kateg\u00f3ria. Ott annak \u00f6r\u00fcl\u00fcnk, ha egy\u00e1ltal\u00e1n ind\u00edtanak Master kateg\u00f3ri\u00e1t, ami harminc \u00e9vt\u0151l a hal\u00e1lig van. Azt is csak akkor ind\u00edtj\u00e1k, ha van n\u00e9gy n\u0151 h\u00e1rom k\u00fcl\u00f6nb\u00f6z\u0151 egyes\u00fclett\u0151l.<\/p>\n<h3><strong>De a sport a motiv\u00e1ci\u00f3r\u00f3l sz\u00f3l, a megm\u00e9rettet\u00e9sr\u0151l. Amikor kv\u00e1zi nincsenek ellenfeleid, az nem lelomboz\u00f3?<\/strong><\/h3>\n<p>Ilyen szempontb\u00f3l k\u00fcl\u00f6nleges helyzetben vagyok, az olimpiai kv\u00f3tafut\u00e1s miatt elit kateg\u00f3ri\u00e1ban indulok versenyeken. J\u00f6v\u0151 m\u00e1jusig m\u00e9g v\u00e1llaltam, hogy csin\u00e1lom, mert egyr\u00e9szt nekem ez m\u00e1r egyr\u00e9szt baromi megterhel\u0151, m\u00e1sr\u00e9szt a h\u00fasz\u00e9ves l\u00e1nyokkal versenyezni el\u00e9g durva. Edzek, felk\u00e9sz\u00fcl\u00f6k r\u00e1, de fizikailag ilyen korban nem tudsz \u00fagy ott lenni a topon, viszont el tudom helyezni magam a mez\u0151nyben, ki tudok t\u0171zni egy c\u00e9l. Az az\u00e9rt viszont egy kicsit hi\u00e1nyzik, hogy nincs olyan siker\u00e9lm\u00e9ny \u00edgy, mert p\u00e9ld\u00e1ul eleve tudom, hogy dobog\u00f3ra nem tudok \u00e1llni.<\/p>\n<h3><strong>A t\u00f6bbi versenyz\u0151 hogy \u00e1ll hozz\u00e1d? Ink\u00e1bb feln\u00e9znek r\u00e1d, mint nagy \u00f6reg, vagy nem \u00e9rtik, mit keresel m\u00e9g ott?<\/strong><\/h3>\n<p>Volt p\u00e9ld\u00e1ul a Szilv\u00e1sv\u00e1rad maratonon egy l\u00e1ny, akinek szerintem az els\u0151 \u00e9ve volt az elit kateg\u00f3ri\u00e1ban. Egym\u00e1s mellett tekert\u00fcnk, \u00e9s azt mondta, \u00e9n vagyok a p\u00e9ldak\u00e9pe. Nekem ez d\u00f6bbenet volt, teljesen lefagytam, persze \u00f3ri\u00e1si pozit\u00edvumnak \u00e9ltem meg. A cross country versenyeken sokan h\u00edvnak <em>anyunak<\/em>, \u00edgy szurkolnak, igaz\u00e1b\u00f3l ez j\u00f3 \u00e9rz\u00e9s. Semmi pejorat\u00edvat nem \u00e9rzek em\u00f6g\u00f6tt, \u00e9lvezem.<\/p>\n<h3><strong>Az \u00e9lsport el\u00e9g durv\u00e1n kihaszn\u00e1lja a testet fizikailag, mit gondolsz, meddig folytathat\u00f3 m\u00e9g?<\/strong><\/h3>\n<p>Biol\u00f3giai \u00e9rtelemben szerintem roppant egy\u00e9nf\u00fcgg\u0151, mondjuk, ha megn\u00e9zem a gimn\u00e1ziumi oszt\u00e1lyt\u00e1rsaimat, nincs k\u00f6zt\u00fck, aki ilyen akt\u00edvan mozogna, de mondjuk egy master eb-n vagy vb-n hetven \u00e9v felettiek is tekernek. Ez azon m\u00falik, meddig \u00e9rzed \u00fagy, hogy versenyezni akarsz.<\/p>\n<h3><strong>Mik a terveid a k\u00f6zelj\u00f6v\u0151re?<\/strong><\/h3>\n<p>2020 m\u00e1jus v\u00e9g\u00e9ig tart az olimpiai kv\u00f3tafut\u00e1s, addig elvileg m\u00e9g v\u00e1logatott kerettag vagyok, de ink\u00e1bb m\u00e1r a fiatal versenyz\u0151ket versenyeztetj\u00fck. Ink\u00e1bb tartal\u00e9kosk\u00e9nt tekintek magamra, ha nagyon sz\u00fcks\u00e9g van r\u00e1, helyt\u00e1llok, am\u00fagy meg \u00f6r\u00f6mk\u00f6d\u00f6m, ak\u00e1r monti, ak\u00e1r endur\u00f3 versenyeken. Fontos, hogy az ember ne csak az \u00f3r\u00e1t n\u00e9zze, nem csak az edz\u00e9s v\u00e9g\u00e9t kell v\u00e1rni. \u00c9lvezni kell, n\u00e9ha k\u00f6rben\u00e9zni, kicsit felfogni, hol is tekersz.<\/p>\n","protected":false},"excerpt":{"rendered":"<p>Cseh Veronika v\u00e1logatott cross country versenyz\u0151, \u00e9s a t\u00e1jbring\u00e1z\u00e1s t\u00f6bbsz\u00f6r\u00f6s vil\u00e1gbajnoka. Mindegy, hogy cyclocross, crosscountry, vagy \u00e9pp endur\u00f3, ha terepen [&hellip;]<\/p>\n","protected":false},"author":71,"featured_media":5694,"comment_status":"open","ping_status":"open","sticky":false,"template":"","format":"standard","meta":{"footnotes":""},"categories":[13],"tags":[],"global-categories":[],"class_list":["post-5692","post","type-post","status-publish","format-standard","has-post-thumbnail","hentry","category-blog"],"yoast_head":"<!-- This site is optimized with the Yoast SEO Premium plugin v25.3 (Yoast SEO v25.9) - https:\/\/yoast.com\/wordpress\/plugins\/seo\/ -->\n<title>Fontos, hogy ne csak tekerj, de \u00e9lvezd is \u2013 Cseh Veronika interj\u00fa - \u0160koda We Love Cycling - Magyarorsz\u00e1g<\/title>\n<meta name=\"robots\" content=\"index, follow, max-snippet:-1, max-image-preview:large, max-video-preview:-1\" \/>\n<link rel=\"canonical\" href=\"https:\/\/www.welovecycling.com\/hu\/blog\/fontos-hogy-ne-csak-tekerj-de-elvezd-is-cseh-veronika-interju\/\" \/>\n<meta property=\"og:locale\" content=\"hu_HU\" \/>\n<meta property=\"og:type\" content=\"article\" \/>\n<meta property=\"og:title\" content=\"Fontos, hogy ne csak tekerj, de \u00e9lvezd is \u2013 Cseh Veronika interj\u00fa\" \/>\n<meta property=\"og:description\" content=\"Cseh Veronika v\u00e1logatott cross country versenyz\u0151, \u00e9s a t\u00e1jbring\u00e1z\u00e1s t\u00f6bbsz\u00f6r\u00f6s vil\u00e1gbajnoka. Mindegy, hogy cyclocross, crosscountry, vagy \u00e9pp endur\u00f3, ha terepen [&hellip;]\" \/>\n<meta property=\"og:url\" content=\"https:\/\/www.welovecycling.com\/hu\/blog\/fontos-hogy-ne-csak-tekerj-de-elvezd-is-cseh-veronika-interju\/\" \/>\n<meta property=\"og:site_name\" content=\"\u0160koda We Love Cycling - Magyarorsz\u00e1g\" \/>\n<meta property=\"article:publisher\" content=\"https:\/\/www.facebook.com\/WeLoveCyclingHungary\/\" \/>\n<meta property=\"article:published_time\" content=\"2019-11-25T10:18:00+00:00\" \/>\n<meta property=\"article:modified_time\" content=\"2020-02-11T13:47:55+00:00\" \/>\n<meta property=\"og:image\" content=\"https:\/\/d2p6e6u75xmxt8.cloudfront.net\/12\/2019\/11\/Optimized-cseh02_wlc.jpg\" \/>\n\t<meta property=\"og:image:width\" content=\"1200\" \/>\n\t<meta property=\"og:image:height\" content=\"800\" \/>\n\t<meta property=\"og:image:type\" content=\"image\/jpeg\" \/>\n<meta name=\"author\" content=\"hegyizs\" \/>\n<meta name=\"twitter:card\" content=\"summary_large_image\" \/>\n<meta name=\"twitter:label1\" content=\"Written by\" \/>\n\t<meta name=\"twitter:data1\" content=\"WLC\" \/>\n\t<meta name=\"twitter:label2\" content=\"Est. reading time\" \/>\n\t<meta name=\"twitter:data2\" content=\"6 minutes\" \/>\n<script type=\"application\/ld+json\" class=\"yoast-schema-graph\">{\"@context\":\"https:\/\/schema.org\",\"@graph\":[{\"@type\":\"WebPage\",\"@id\":\"https:\/\/www.welovecycling.com\/hu\/blog\/fontos-hogy-ne-csak-tekerj-de-elvezd-is-cseh-veronika-interju\/\",\"url\":\"https:\/\/www.welovecycling.com\/hu\/blog\/fontos-hogy-ne-csak-tekerj-de-elvezd-is-cseh-veronika-interju\/\",\"name\":\"Fontos, hogy ne csak tekerj, de \u00e9lvezd is \u2013 Cseh Veronika interj\u00fa - \u0160koda We Love Cycling - Magyarorsz\u00e1g\",\"isPartOf\":{\"@id\":\"https:\/\/www.welovecycling.com\/hu\/#website\"},\"primaryImageOfPage\":{\"@id\":\"https:\/\/www.welovecycling.com\/hu\/blog\/fontos-hogy-ne-csak-tekerj-de-elvezd-is-cseh-veronika-interju\/#primaryimage\"},\"image\":{\"@id\":\"https:\/\/www.welovecycling.com\/hu\/blog\/fontos-hogy-ne-csak-tekerj-de-elvezd-is-cseh-veronika-interju\/#primaryimage\"},\"thumbnailUrl\":\"https:\/\/d2p6e6u75xmxt8.cloudfront.net\/12\/2019\/11\/Optimized-cseh02_wlc.jpg\",\"datePublished\":\"2019-11-25T10:18:00+00:00\",\"dateModified\":\"2020-02-11T13:47:55+00:00\",\"author\":{\"@id\":\"https:\/\/www.welovecycling.com\/hu\/#\/schema\/person\/414a2aebf1801691a5320edb6468e194\"},\"breadcrumb\":{\"@id\":\"https:\/\/www.welovecycling.com\/hu\/blog\/fontos-hogy-ne-csak-tekerj-de-elvezd-is-cseh-veronika-interju\/#breadcrumb\"},\"inLanguage\":\"hu\",\"potentialAction\":[{\"@type\":\"ReadAction\",\"target\":[\"https:\/\/www.welovecycling.com\/hu\/blog\/fontos-hogy-ne-csak-tekerj-de-elvezd-is-cseh-veronika-interju\/\"]}]},{\"@type\":\"ImageObject\",\"inLanguage\":\"hu\",\"@id\":\"https:\/\/www.welovecycling.com\/hu\/blog\/fontos-hogy-ne-csak-tekerj-de-elvezd-is-cseh-veronika-interju\/#primaryimage\",\"url\":\"https:\/\/d2p6e6u75xmxt8.cloudfront.net\/12\/2019\/11\/Optimized-cseh02_wlc.jpg\",\"contentUrl\":\"https:\/\/d2p6e6u75xmxt8.cloudfront.net\/12\/2019\/11\/Optimized-cseh02_wlc.jpg\",\"width\":1200,\"height\":800},{\"@type\":\"BreadcrumbList\",\"@id\":\"https:\/\/www.welovecycling.com\/hu\/blog\/fontos-hogy-ne-csak-tekerj-de-elvezd-is-cseh-veronika-interju\/#breadcrumb\",\"itemListElement\":[{\"@type\":\"ListItem\",\"position\":1,\"name\":\"Home\",\"item\":\"https:\/\/www.welovecycling.com\/hu\/\"},{\"@type\":\"ListItem\",\"position\":2,\"name\":\"Fontos, hogy ne csak tekerj, de \u00e9lvezd is \u2013 Cseh Veronika interj\u00fa\"}]},{\"@type\":\"WebSite\",\"@id\":\"https:\/\/www.welovecycling.com\/hu\/#website\",\"url\":\"https:\/\/www.welovecycling.com\/hu\/\",\"name\":\"\u0160koda We Love Cycling - Magyarorsz\u00e1g\",\"description\":\"\u0160koda WeLoveCycling\",\"potentialAction\":[{\"@type\":\"SearchAction\",\"target\":{\"@type\":\"EntryPoint\",\"urlTemplate\":\"https:\/\/www.welovecycling.com\/hu\/?s={search_term_string}\"},\"query-input\":{\"@type\":\"PropertyValueSpecification\",\"valueRequired\":true,\"valueName\":\"search_term_string\"}}],\"inLanguage\":\"hu\"},{\"@type\":\"Person\",\"@id\":\"https:\/\/www.welovecycling.com\/hu\/#\/schema\/person\/414a2aebf1801691a5320edb6468e194\",\"name\":\"hegyizs\",\"image\":{\"@type\":\"ImageObject\",\"inLanguage\":\"hu\",\"@id\":\"https:\/\/www.welovecycling.com\/hu\/#\/schema\/person\/image\/\",\"url\":\"https:\/\/secure.gravatar.com\/avatar\/02cf8a7906b8cf90cecb4679defac7cfd33a1c2e3b88e4903d947f3bb58eedd3?s=96&d=mm&r=g\",\"contentUrl\":\"https:\/\/secure.gravatar.com\/avatar\/02cf8a7906b8cf90cecb4679defac7cfd33a1c2e3b88e4903d947f3bb58eedd3?s=96&d=mm&r=g\",\"caption\":\"hegyizs\"},\"url\":\"https:\/\/www.welovecycling.com\/hu\/author\/hegyizs\/\"}]}<\/script>\n<!-- \/ Yoast SEO Premium plugin. -->","yoast_head_json":{"title":"Fontos, hogy ne csak tekerj, de \u00e9lvezd is \u2013 Cseh Veronika interj\u00fa - \u0160koda We Love Cycling - Magyarorsz\u00e1g","robots":{"index":"index","follow":"follow","max-snippet":"max-snippet:-1","max-image-preview":"max-image-preview:large","max-video-preview":"max-video-preview:-1"},"canonical":"https:\/\/www.welovecycling.com\/hu\/blog\/fontos-hogy-ne-csak-tekerj-de-elvezd-is-cseh-veronika-interju\/","og_locale":"hu_HU","og_type":"article","og_title":"Fontos, hogy ne csak tekerj, de \u00e9lvezd is \u2013 Cseh Veronika interj\u00fa","og_description":"Cseh Veronika v\u00e1logatott cross country versenyz\u0151, \u00e9s a t\u00e1jbring\u00e1z\u00e1s t\u00f6bbsz\u00f6r\u00f6s vil\u00e1gbajnoka. Mindegy, hogy cyclocross, crosscountry, vagy \u00e9pp endur\u00f3, ha terepen [&hellip;]","og_url":"https:\/\/www.welovecycling.com\/hu\/blog\/fontos-hogy-ne-csak-tekerj-de-elvezd-is-cseh-veronika-interju\/","og_site_name":"\u0160koda We Love Cycling - Magyarorsz\u00e1g","article_publisher":"https:\/\/www.facebook.com\/WeLoveCyclingHungary\/","article_published_time":"2019-11-25T10:18:00+00:00","article_modified_time":"2020-02-11T13:47:55+00:00","og_image":[{"width":1200,"height":800,"url":"https:\/\/d2p6e6u75xmxt8.cloudfront.net\/12\/2019\/11\/Optimized-cseh02_wlc.jpg","type":"image\/jpeg"}],"author":"hegyizs","twitter_card":"summary_large_image","twitter_misc":{"Written by":"WLC","Est. reading time":"6 minutes"},"schema":{"@context":"https:\/\/schema.org","@graph":[{"@type":"WebPage","@id":"https:\/\/www.welovecycling.com\/hu\/blog\/fontos-hogy-ne-csak-tekerj-de-elvezd-is-cseh-veronika-interju\/","url":"https:\/\/www.welovecycling.com\/hu\/blog\/fontos-hogy-ne-csak-tekerj-de-elvezd-is-cseh-veronika-interju\/","name":"Fontos, hogy ne csak tekerj, de \u00e9lvezd is \u2013 Cseh Veronika interj\u00fa - \u0160koda We Love Cycling - Magyarorsz\u00e1g","isPartOf":{"@id":"https:\/\/www.welovecycling.com\/hu\/#website"},"primaryImageOfPage":{"@id":"https:\/\/www.welovecycling.com\/hu\/blog\/fontos-hogy-ne-csak-tekerj-de-elvezd-is-cseh-veronika-interju\/#primaryimage"},"image":{"@id":"https:\/\/www.welovecycling.com\/hu\/blog\/fontos-hogy-ne-csak-tekerj-de-elvezd-is-cseh-veronika-interju\/#primaryimage"},"thumbnailUrl":"https:\/\/d2p6e6u75xmxt8.cloudfront.net\/12\/2019\/11\/Optimized-cseh02_wlc.jpg","datePublished":"2019-11-25T10:18:00+00:00","dateModified":"2020-02-11T13:47:55+00:00","author":{"@id":"https:\/\/www.welovecycling.com\/hu\/#\/schema\/person\/414a2aebf1801691a5320edb6468e194"},"breadcrumb":{"@id":"https:\/\/www.welovecycling.com\/hu\/blog\/fontos-hogy-ne-csak-tekerj-de-elvezd-is-cseh-veronika-interju\/#breadcrumb"},"inLanguage":"hu","potentialAction":[{"@type":"ReadAction","target":["https:\/\/www.welovecycling.com\/hu\/blog\/fontos-hogy-ne-csak-tekerj-de-elvezd-is-cseh-veronika-interju\/"]}]},{"@type":"ImageObject","inLanguage":"hu","@id":"https:\/\/www.welovecycling.com\/hu\/blog\/fontos-hogy-ne-csak-tekerj-de-elvezd-is-cseh-veronika-interju\/#primaryimage","url":"https:\/\/d2p6e6u75xmxt8.cloudfront.net\/12\/2019\/11\/Optimized-cseh02_wlc.jpg","contentUrl":"https:\/\/d2p6e6u75xmxt8.cloudfront.net\/12\/2019\/11\/Optimized-cseh02_wlc.jpg","width":1200,"height":800},{"@type":"BreadcrumbList","@id":"https:\/\/www.welovecycling.com\/hu\/blog\/fontos-hogy-ne-csak-tekerj-de-elvezd-is-cseh-veronika-interju\/#breadcrumb","itemListElement":[{"@type":"ListItem","position":1,"name":"Home","item":"https:\/\/www.welovecycling.com\/hu\/"},{"@type":"ListItem","position":2,"name":"Fontos, hogy ne csak tekerj, de \u00e9lvezd is \u2013 Cseh Veronika interj\u00fa"}]},{"@type":"WebSite","@id":"https:\/\/www.welovecycling.com\/hu\/#website","url":"https:\/\/www.welovecycling.com\/hu\/","name":"\u0160koda We Love Cycling - Magyarorsz\u00e1g","description":"\u0160koda WeLoveCycling","potentialAction":[{"@type":"SearchAction","target":{"@type":"EntryPoint","urlTemplate":"https:\/\/www.welovecycling.com\/hu\/?s={search_term_string}"},"query-input":{"@type":"PropertyValueSpecification","valueRequired":true,"valueName":"search_term_string"}}],"inLanguage":"hu"},{"@type":"Person","@id":"https:\/\/www.welovecycling.com\/hu\/#\/schema\/person\/414a2aebf1801691a5320edb6468e194","name":"hegyizs","image":{"@type":"ImageObject","inLanguage":"hu","@id":"https:\/\/www.welovecycling.com\/hu\/#\/schema\/person\/image\/","url":"https:\/\/secure.gravatar.com\/avatar\/02cf8a7906b8cf90cecb4679defac7cfd33a1c2e3b88e4903d947f3bb58eedd3?s=96&d=mm&r=g","contentUrl":"https:\/\/secure.gravatar.com\/avatar\/02cf8a7906b8cf90cecb4679defac7cfd33a1c2e3b88e4903d947f3bb58eedd3?s=96&d=mm&r=g","caption":"hegyizs"},"url":"https:\/\/www.welovecycling.com\/hu\/author\/hegyizs\/"}]}},"_links":{"self":[{"href":"https:\/\/www.welovecycling.com\/hu\/wp-json\/wp\/v2\/posts\/5692","targetHints":{"allow":["GET"]}}],"collection":[{"href":"https:\/\/www.welovecycling.com\/hu\/wp-json\/wp\/v2\/posts"}],"about":[{"href":"https:\/\/www.welovecycling.com\/hu\/wp-json\/wp\/v2\/types\/post"}],"author":[{"embeddable":true,"href":"https:\/\/www.welovecycling.com\/hu\/wp-json\/wp\/v2\/users\/71"}],"replies":[{"embeddable":true,"href":"https:\/\/www.welovecycling.com\/hu\/wp-json\/wp\/v2\/comments?post=5692"}],"version-history":[{"count":2,"href":"https:\/\/www.welovecycling.com\/hu\/wp-json\/wp\/v2\/posts\/5692\/revisions"}],"predecessor-version":[{"id":5698,"href":"https:\/\/www.welovecycling.com\/hu\/wp-json\/wp\/v2\/posts\/5692\/revisions\/5698"}],"wp:featuredmedia":[{"embeddable":true,"href":"https:\/\/www.welovecycling.com\/hu\/wp-json\/wp\/v2\/media\/5694"}],"wp:attachment":[{"href":"https:\/\/www.welovecycling.com\/hu\/wp-json\/wp\/v2\/media?parent=5692"}],"wp:term":[{"taxonomy":"category","embeddable":true,"href":"https:\/\/www.welovecycling.com\/hu\/wp-json\/wp\/v2\/categories?post=5692"},{"taxonomy":"post_tag","embeddable":true,"href":"https:\/\/www.welovecycling.com\/hu\/wp-json\/wp\/v2\/tags?post=5692"},{"taxonomy":"global-categories","embeddable":true,"href":"https:\/\/www.welovecycling.com\/hu\/wp-json\/wp\/v2\/global-categories?post=5692"}],"curies":[{"name":"wp","href":"https:\/\/api.w.org\/{rel}","templated":true}]}}