{"id":5661,"date":"2019-11-24T08:03:11","date_gmt":"2019-11-24T07:03:11","guid":{"rendered":""},"modified":"2019-11-14T16:16:23","modified_gmt":"2019-11-14T15:16:23","slug":"igy-vezesd-be-a-szuleid-a-kerekparozas-vilagaba","status":"publish","type":"post","link":"https:\/\/www.welovecycling.com\/hu\/kozosseg-es-kultura\/igy-vezesd-be-a-szuleid-a-kerekparozas-vilagaba\/","title":{"rendered":"\u00cdgy vezesd be a sz\u00fcleid a ker\u00e9kp\u00e1roz\u00e1s vil\u00e1g\u00e1ba"},"content":{"rendered":"<p><strong>A ker\u00e9kp\u00e1roz\u00e1s \u00f6r\u00f6m\u00e9nek felfedez\u00e9se megv\u00e1ltoztathatja az \u00e9let\u00fcnket. V\u00e9gtelen \u00f6r\u00f6mforr\u00e1s \u00e9s szabads\u00e1g\u00e9rzet, olcs\u00f3 k\u00f6zleked\u00e9si eszk\u00f6z \u00e9s folyamatos edz\u00e9s. Az, hogy egy csal\u00e1dtagot megismertetsz ezzel a vil\u00e1ggal, a legnagyobb aj\u00e1nd\u00e9k lehet, amit csak adhatsz. Hoztunk n\u00e9h\u00e1ny tippet, hogy vond be a sz\u00fcleidet!<\/strong><!--more--><\/p>\n<h2><strong>Szervezz csal\u00e1di esem\u00e9nyt<\/strong><\/h2>\n<p>El\u0151sz\u00f6r is vonz\u00f3v\u00e1 kell tenned sz\u00e1mukra a ker\u00e9kp\u00e1roz\u00e1st. A sz\u00fcleid minden bizonnyal szeretn\u00e9nek min\u00e9l t\u00f6bb min\u0151s\u00e9gi id\u0151t egy\u00fctt t\u00f6lteni veled, erre pedig t\u00f6k\u00e9letes egy biciklit\u00fara. Egy r\u00f6vid k\u00f6z\u00f6s teker\u00e9s j\u00f3 kezdet lehet, amin mindenki j\u00f3l \u00e9rzi mag\u00e1t.<\/p>\n<figure id=\"attachment_5662\" aria-describedby=\"caption-attachment-5662\" style=\"width: 1800px\" class=\"wp-caption alignnone\"><a href=\"https:\/\/d2p6e6u75xmxt8.cloudfront.net\/12\/2019\/11\/profimedia-0397940235.jpg\"><img loading=\"lazy\" decoding=\"async\" class=\"size-full wp-image-5662\" src=\"https:\/\/d2p6e6u75xmxt8.cloudfront.net\/12\/2019\/11\/profimedia-0397940235.jpg\" alt=\"\" width=\"1800\" height=\"1200\" srcset=\"https:\/\/d2p6e6u75xmxt8.cloudfront.net\/12\/2019\/11\/profimedia-0397940235.jpg 1800w, https:\/\/d2p6e6u75xmxt8.cloudfront.net\/12\/2019\/11\/profimedia-0397940235-300x200.jpg 300w, https:\/\/d2p6e6u75xmxt8.cloudfront.net\/12\/2019\/11\/profimedia-0397940235-768x512.jpg 768w, https:\/\/d2p6e6u75xmxt8.cloudfront.net\/12\/2019\/11\/profimedia-0397940235-1024x683.jpg 1024w, https:\/\/d2p6e6u75xmxt8.cloudfront.net\/12\/2019\/11\/profimedia-0397940235-272x182.jpg 272w\" sizes=\"auto, (max-width: 1800px) 100vw, 1800px\" \/><\/a><figcaption id=\"caption-attachment-5662\" class=\"wp-caption-text\">\u00a9\u00a0Nadezhda1906 \/ DPphoto \/ Profimedia<\/figcaption><\/figure>\n<h2><strong>Mondd el, mi\u00e9rt j\u00f3<\/strong><\/h2>\n<p>Ha m\u00e1r sz\u00edvesen pattannak k\u00e9tker\u00e9kre \u00e9s mennek el veled kir\u00e1ndulni, mes\u00e9lj nekik arr\u00f3l, mennyire j\u00f3t tesz a bicikliz\u00e9s, \u00edgy nagyobb es\u00e9llyel v\u00e1lik rendszeress\u00e9 az \u00e9let\u00fckben. Kutat\u00e1sok kimutatt\u00e1k, hogy a rendszeres mozg\u00e1s nagyon sok modern betegs\u00e9g kialakul\u00e1s\u00e1nak cs\u00f6kkenti az es\u00e9lyeit, mint p\u00e9ld\u00e1ul a k\u00f3ros t\u00fals\u00faly, a cukorbetegs\u00e9g, sz\u00edvprobl\u00e9m\u00e1k \u00e9s idegrendszerei betegs\u00e9gek. A rendszeres ker\u00e9kp\u00e1roz\u00e1s pedig a ment\u00e1lis eg\u00e9szs\u00e9ghez is hozz\u00e1j\u00e1rul. A legjobb pedig, hogy gyakorlatilag b\u00e1rmikor elkezdheted, \u00e9letkort\u00f3l f\u00fcggetlen\u00fcl: nem \u00e1rt az \u00edz\u00fcleteknek, nem kell hozz\u00e1 fittnek lenned \u00e9s nem kell \u00f3r\u00e1kra beiratkoznod sem.<\/p>\n<h2><strong>\u00d6sszecsukhat\u00f3 ker\u00e9kp\u00e1rok?<\/strong><\/h2>\n<p>Egy m\u00e1sik nagy el\u0151nye a bicikliz\u00e9snek a szabads\u00e1g, amit ny\u00fajt. A leggyorsabb k\u00f6zleked\u00e9si eszk\u00f6z a v\u00e1rosban, \u00e9s sokkal nagyobb ter\u00fcleteket fedezhetsz fel vele, mint s\u00e9t\u00e1lva. Az \u00f6sszecsukhat\u00f3 bring\u00e1k pedig m\u00e9g nagyobb szabads\u00e1got adnak. K\u00f6nnyen kinyithat\u00f3ak \u00e9s \u00f6sszecsukhat\u00f3ak, \u00e9s lehet\u0151s\u00e9get ny\u00fajtanak arra, hogy b\u00e1rmikor meg\u00e1llj, a h\u00f3nod al\u00e1 csapd \u00e9s felsz\u00e1llj a buszra, ami hazavisz. Sokkal k\u00e9nyelmesebb az ing\u00e1z\u00e1s is \u00edgy: nem kell parkol\u00f3helyet keresned, csak beviszed magaddal az irod\u00e1ba.<\/p>\n<figure id=\"attachment_4376\" aria-describedby=\"caption-attachment-4376\" style=\"width: 1250px\" class=\"wp-caption alignnone\"><a href=\"https:\/\/d2p6e6u75xmxt8.cloudfront.net\/12\/2019\/07\/bakfiets-profimedia-0108285671.jpg\"><img loading=\"lazy\" decoding=\"async\" class=\"size-full wp-image-4376\" src=\"https:\/\/d2p6e6u75xmxt8.cloudfront.net\/12\/2019\/07\/bakfiets-profimedia-0108285671.jpg\" alt=\"\" width=\"1250\" height=\"832\" srcset=\"https:\/\/d2p6e6u75xmxt8.cloudfront.net\/12\/2019\/07\/bakfiets-profimedia-0108285671.jpg 1250w, https:\/\/d2p6e6u75xmxt8.cloudfront.net\/12\/2019\/07\/bakfiets-profimedia-0108285671-300x200.jpg 300w, https:\/\/d2p6e6u75xmxt8.cloudfront.net\/12\/2019\/07\/bakfiets-profimedia-0108285671-768x511.jpg 768w, https:\/\/d2p6e6u75xmxt8.cloudfront.net\/12\/2019\/07\/bakfiets-profimedia-0108285671-1024x682.jpg 1024w, https:\/\/d2p6e6u75xmxt8.cloudfront.net\/12\/2019\/07\/bakfiets-profimedia-0108285671-272x182.jpg 272w\" sizes=\"auto, (max-width: 1250px) 100vw, 1250px\" \/><\/a><figcaption id=\"caption-attachment-4376\" class=\"wp-caption-text\">\u00a9\u00a0Profimedia, Alamy<\/figcaption><\/figure>\n<h2><strong>Tan\u00edts meg \u0151ket biztons\u00e1gosan tekerni<\/strong><\/h2>\n<p>Mondd el nekik, hogy norm\u00e1lis, ha kicsit bizonytalanok az elej\u00e9n, el fog m\u00falni. Vegy\u00e9tek \u00e1t a biztons\u00e1gos bicikliz\u00e9s alapjait, az utakat \u00e9s a biciklis\u00e1vokat is figyelembe v\u00e9ve, hogy tudj\u00e1k, mire sz\u00e1m\u00edtsanak. El\u0151sz\u00f6r pr\u00f3b\u00e1lj\u00e1k ki a ker\u00e9kp\u00e1rokat biztons\u00e1gos ter\u00fcleten \u00e9s v\u00e1laszolj minden k\u00e9rd\u00e9s\u00fckre! Kezdj\u00e9tek kicsiben. Fontos, hogy az els\u0151 \u00e9lm\u00e9ny ne az legyen, hogy f\u00e1raszt\u00f3, kimer\u00edt\u0151 sport ez, hanem hogy felszabad\u00edt\u00f3 \u00e9s biztons\u00e1gos.<\/p>\n<h2><strong>Javasold az e-biciklit<\/strong><\/h2>\n<p>Ha arra panaszkodnak, hogy t\u00fal \u00f6regek \u0151k m\u00e1r ehhez, nincsenek form\u00e1ban \u00e9s nem tudnak el\u00e9g messzire eltekerni ahhoz, hogy \u00e9rdekes utakat fedezzenek fel, akkor ki kell j\u00e1tszanod az e-bicikli k\u00e1rty\u00e1t. Az elektronikus ker\u00e9kp\u00e1rokon nem kell f\u00e9lni\u00fck att\u00f3l, hogy nem jutnak \u00e1t egy dombon vagy kifogynak hazafel\u00e9 az energi\u00e1b\u00f3l. Akkor is mehetnek t\u00far\u00e1zni, ha aznap nincs erej\u00fck a ped\u00e1loz\u00e1shoz \u2013 \u00e9s m\u00e9g \u00edgy is edzenek! Egy e-bring\u00e1val k\u00f6nnyen akt\u00edvak maradhatnak \u00e9s r\u00e9szt vehetnek a csal\u00e1di ker\u00e9kp\u00e1roz\u00e1sokon.<\/p>\n","protected":false},"excerpt":{"rendered":"<p>A ker\u00e9kp\u00e1roz\u00e1s \u00f6r\u00f6m\u00e9nek felfedez\u00e9se megv\u00e1ltoztathatja az \u00e9let\u00fcnket. V\u00e9gtelen \u00f6r\u00f6mforr\u00e1s \u00e9s szabads\u00e1g\u00e9rzet, olcs\u00f3 k\u00f6zleked\u00e9si eszk\u00f6z \u00e9s folyamatos edz\u00e9s. Az, hogy egy [&hellip;]<\/p>\n","protected":false},"author":71,"featured_media":5664,"comment_status":"open","ping_status":"open","sticky":false,"template":"","format":"standard","meta":{"footnotes":""},"categories":[12],"tags":[],"global-categories":[],"class_list":["post-5661","post","type-post","status-publish","format-standard","has-post-thumbnail","hentry","category-kozosseg-es-kultura"],"yoast_head":"<!-- This site is optimized with the Yoast SEO Premium plugin v25.3 (Yoast SEO v25.9) - https:\/\/yoast.com\/wordpress\/plugins\/seo\/ -->\n<title>\u00cdgy vezesd be a sz\u00fcleid a ker\u00e9kp\u00e1roz\u00e1s vil\u00e1g\u00e1ba - \u0160koda We Love Cycling - Magyarorsz\u00e1g<\/title>\n<meta name=\"robots\" content=\"index, follow, max-snippet:-1, max-image-preview:large, max-video-preview:-1\" \/>\n<link rel=\"canonical\" href=\"https:\/\/www.welovecycling.com\/hu\/kozosseg-es-kultura\/igy-vezesd-be-a-szuleid-a-kerekparozas-vilagaba\/\" \/>\n<meta property=\"og:locale\" content=\"hu_HU\" \/>\n<meta property=\"og:type\" content=\"article\" \/>\n<meta property=\"og:title\" content=\"\u00cdgy vezesd be a sz\u00fcleid a ker\u00e9kp\u00e1roz\u00e1s vil\u00e1g\u00e1ba\" \/>\n<meta property=\"og:description\" content=\"A ker\u00e9kp\u00e1roz\u00e1s \u00f6r\u00f6m\u00e9nek felfedez\u00e9se megv\u00e1ltoztathatja az \u00e9let\u00fcnket. V\u00e9gtelen \u00f6r\u00f6mforr\u00e1s \u00e9s szabads\u00e1g\u00e9rzet, olcs\u00f3 k\u00f6zleked\u00e9si eszk\u00f6z \u00e9s folyamatos edz\u00e9s. Az, hogy egy [&hellip;]\" \/>\n<meta property=\"og:url\" content=\"https:\/\/www.welovecycling.com\/hu\/kozosseg-es-kultura\/igy-vezesd-be-a-szuleid-a-kerekparozas-vilagaba\/\" \/>\n<meta property=\"og:site_name\" content=\"\u0160koda We Love Cycling - Magyarorsz\u00e1g\" \/>\n<meta property=\"article:publisher\" content=\"https:\/\/www.facebook.com\/WeLoveCyclingHungary\/\" \/>\n<meta property=\"article:published_time\" content=\"2019-11-24T07:03:11+00:00\" \/>\n<meta property=\"og:image\" content=\"https:\/\/d2p6e6u75xmxt8.cloudfront.net\/12\/2019\/11\/Senior-CVR-profimedia-0400553063-1.jpg\" \/>\n\t<meta property=\"og:image:width\" content=\"1366\" \/>\n\t<meta property=\"og:image:height\" content=\"600\" \/>\n\t<meta property=\"og:image:type\" content=\"image\/jpeg\" \/>\n<meta name=\"author\" content=\"hegyizs\" \/>\n<meta name=\"twitter:card\" content=\"summary_large_image\" \/>\n<meta name=\"twitter:label1\" content=\"Written by\" \/>\n\t<meta name=\"twitter:data1\" content=\"Jiri Kaloc\" \/>\n\t<meta name=\"twitter:label2\" content=\"Est. reading time\" \/>\n\t<meta name=\"twitter:data2\" content=\"5\" \/>\n<script type=\"application\/ld+json\" class=\"yoast-schema-graph\">{\"@context\":\"https:\/\/schema.org\",\"@graph\":[{\"@type\":\"WebPage\",\"@id\":\"https:\/\/www.welovecycling.com\/hu\/kozosseg-es-kultura\/igy-vezesd-be-a-szuleid-a-kerekparozas-vilagaba\/\",\"url\":\"https:\/\/www.welovecycling.com\/hu\/kozosseg-es-kultura\/igy-vezesd-be-a-szuleid-a-kerekparozas-vilagaba\/\",\"name\":\"\u00cdgy vezesd be a sz\u00fcleid a ker\u00e9kp\u00e1roz\u00e1s vil\u00e1g\u00e1ba - \u0160koda We Love Cycling - Magyarorsz\u00e1g\",\"isPartOf\":{\"@id\":\"https:\/\/www.welovecycling.com\/hu\/#website\"},\"primaryImageOfPage\":{\"@id\":\"https:\/\/www.welovecycling.com\/hu\/kozosseg-es-kultura\/igy-vezesd-be-a-szuleid-a-kerekparozas-vilagaba\/#primaryimage\"},\"image\":{\"@id\":\"https:\/\/www.welovecycling.com\/hu\/kozosseg-es-kultura\/igy-vezesd-be-a-szuleid-a-kerekparozas-vilagaba\/#primaryimage\"},\"thumbnailUrl\":\"https:\/\/d2p6e6u75xmxt8.cloudfront.net\/12\/2019\/11\/Senior-CVR-profimedia-0400553063-1.jpg\",\"datePublished\":\"2019-11-24T07:03:11+00:00\",\"author\":{\"@id\":\"https:\/\/www.welovecycling.com\/hu\/#\/schema\/person\/414a2aebf1801691a5320edb6468e194\"},\"breadcrumb\":{\"@id\":\"https:\/\/www.welovecycling.com\/hu\/kozosseg-es-kultura\/igy-vezesd-be-a-szuleid-a-kerekparozas-vilagaba\/#breadcrumb\"},\"inLanguage\":\"hu\",\"potentialAction\":[{\"@type\":\"ReadAction\",\"target\":[\"https:\/\/www.welovecycling.com\/hu\/kozosseg-es-kultura\/igy-vezesd-be-a-szuleid-a-kerekparozas-vilagaba\/\"]}]},{\"@type\":\"ImageObject\",\"inLanguage\":\"hu\",\"@id\":\"https:\/\/www.welovecycling.com\/hu\/kozosseg-es-kultura\/igy-vezesd-be-a-szuleid-a-kerekparozas-vilagaba\/#primaryimage\",\"url\":\"https:\/\/d2p6e6u75xmxt8.cloudfront.net\/12\/2019\/11\/Senior-CVR-profimedia-0400553063-1.jpg\",\"contentUrl\":\"https:\/\/d2p6e6u75xmxt8.cloudfront.net\/12\/2019\/11\/Senior-CVR-profimedia-0400553063-1.jpg\",\"width\":1366,\"height\":600},{\"@type\":\"BreadcrumbList\",\"@id\":\"https:\/\/www.welovecycling.com\/hu\/kozosseg-es-kultura\/igy-vezesd-be-a-szuleid-a-kerekparozas-vilagaba\/#breadcrumb\",\"itemListElement\":[{\"@type\":\"ListItem\",\"position\":1,\"name\":\"Home\",\"item\":\"https:\/\/www.welovecycling.com\/hu\/\"},{\"@type\":\"ListItem\",\"position\":2,\"name\":\"\u00cdgy vezesd be a sz\u00fcleid a ker\u00e9kp\u00e1roz\u00e1s vil\u00e1g\u00e1ba\"}]},{\"@type\":\"WebSite\",\"@id\":\"https:\/\/www.welovecycling.com\/hu\/#website\",\"url\":\"https:\/\/www.welovecycling.com\/hu\/\",\"name\":\"\u0160koda We Love Cycling - Magyarorsz\u00e1g\",\"description\":\"\u0160koda WeLoveCycling\",\"potentialAction\":[{\"@type\":\"SearchAction\",\"target\":{\"@type\":\"EntryPoint\",\"urlTemplate\":\"https:\/\/www.welovecycling.com\/hu\/?s={search_term_string}\"},\"query-input\":{\"@type\":\"PropertyValueSpecification\",\"valueRequired\":true,\"valueName\":\"search_term_string\"}}],\"inLanguage\":\"hu\"},{\"@type\":\"Person\",\"@id\":\"https:\/\/www.welovecycling.com\/hu\/#\/schema\/person\/414a2aebf1801691a5320edb6468e194\",\"name\":\"hegyizs\",\"image\":{\"@type\":\"ImageObject\",\"inLanguage\":\"hu\",\"@id\":\"https:\/\/www.welovecycling.com\/hu\/#\/schema\/person\/image\/\",\"url\":\"https:\/\/secure.gravatar.com\/avatar\/02cf8a7906b8cf90cecb4679defac7cfd33a1c2e3b88e4903d947f3bb58eedd3?s=96&d=mm&r=g\",\"contentUrl\":\"https:\/\/secure.gravatar.com\/avatar\/02cf8a7906b8cf90cecb4679defac7cfd33a1c2e3b88e4903d947f3bb58eedd3?s=96&d=mm&r=g\",\"caption\":\"hegyizs\"},\"url\":\"https:\/\/www.welovecycling.com\/hu\/author\/hegyizs\/\"}]}<\/script>\n<!-- \/ Yoast SEO Premium plugin. -->","yoast_head_json":{"title":"\u00cdgy vezesd be a sz\u00fcleid a ker\u00e9kp\u00e1roz\u00e1s vil\u00e1g\u00e1ba - \u0160koda We Love Cycling - Magyarorsz\u00e1g","robots":{"index":"index","follow":"follow","max-snippet":"max-snippet:-1","max-image-preview":"max-image-preview:large","max-video-preview":"max-video-preview:-1"},"canonical":"https:\/\/www.welovecycling.com\/hu\/kozosseg-es-kultura\/igy-vezesd-be-a-szuleid-a-kerekparozas-vilagaba\/","og_locale":"hu_HU","og_type":"article","og_title":"\u00cdgy vezesd be a sz\u00fcleid a ker\u00e9kp\u00e1roz\u00e1s vil\u00e1g\u00e1ba","og_description":"A ker\u00e9kp\u00e1roz\u00e1s \u00f6r\u00f6m\u00e9nek felfedez\u00e9se megv\u00e1ltoztathatja az \u00e9let\u00fcnket. V\u00e9gtelen \u00f6r\u00f6mforr\u00e1s \u00e9s szabads\u00e1g\u00e9rzet, olcs\u00f3 k\u00f6zleked\u00e9si eszk\u00f6z \u00e9s folyamatos edz\u00e9s. Az, hogy egy [&hellip;]","og_url":"https:\/\/www.welovecycling.com\/hu\/kozosseg-es-kultura\/igy-vezesd-be-a-szuleid-a-kerekparozas-vilagaba\/","og_site_name":"\u0160koda We Love Cycling - Magyarorsz\u00e1g","article_publisher":"https:\/\/www.facebook.com\/WeLoveCyclingHungary\/","article_published_time":"2019-11-24T07:03:11+00:00","og_image":[{"width":1366,"height":600,"url":"https:\/\/d2p6e6u75xmxt8.cloudfront.net\/12\/2019\/11\/Senior-CVR-profimedia-0400553063-1.jpg","type":"image\/jpeg"}],"author":"hegyizs","twitter_card":"summary_large_image","twitter_misc":{"Written by":"Jiri Kaloc","Est. reading time":"5"},"schema":{"@context":"https:\/\/schema.org","@graph":[{"@type":"WebPage","@id":"https:\/\/www.welovecycling.com\/hu\/kozosseg-es-kultura\/igy-vezesd-be-a-szuleid-a-kerekparozas-vilagaba\/","url":"https:\/\/www.welovecycling.com\/hu\/kozosseg-es-kultura\/igy-vezesd-be-a-szuleid-a-kerekparozas-vilagaba\/","name":"\u00cdgy vezesd be a sz\u00fcleid a ker\u00e9kp\u00e1roz\u00e1s vil\u00e1g\u00e1ba - \u0160koda We Love Cycling - Magyarorsz\u00e1g","isPartOf":{"@id":"https:\/\/www.welovecycling.com\/hu\/#website"},"primaryImageOfPage":{"@id":"https:\/\/www.welovecycling.com\/hu\/kozosseg-es-kultura\/igy-vezesd-be-a-szuleid-a-kerekparozas-vilagaba\/#primaryimage"},"image":{"@id":"https:\/\/www.welovecycling.com\/hu\/kozosseg-es-kultura\/igy-vezesd-be-a-szuleid-a-kerekparozas-vilagaba\/#primaryimage"},"thumbnailUrl":"https:\/\/d2p6e6u75xmxt8.cloudfront.net\/12\/2019\/11\/Senior-CVR-profimedia-0400553063-1.jpg","datePublished":"2019-11-24T07:03:11+00:00","author":{"@id":"https:\/\/www.welovecycling.com\/hu\/#\/schema\/person\/414a2aebf1801691a5320edb6468e194"},"breadcrumb":{"@id":"https:\/\/www.welovecycling.com\/hu\/kozosseg-es-kultura\/igy-vezesd-be-a-szuleid-a-kerekparozas-vilagaba\/#breadcrumb"},"inLanguage":"hu","potentialAction":[{"@type":"ReadAction","target":["https:\/\/www.welovecycling.com\/hu\/kozosseg-es-kultura\/igy-vezesd-be-a-szuleid-a-kerekparozas-vilagaba\/"]}]},{"@type":"ImageObject","inLanguage":"hu","@id":"https:\/\/www.welovecycling.com\/hu\/kozosseg-es-kultura\/igy-vezesd-be-a-szuleid-a-kerekparozas-vilagaba\/#primaryimage","url":"https:\/\/d2p6e6u75xmxt8.cloudfront.net\/12\/2019\/11\/Senior-CVR-profimedia-0400553063-1.jpg","contentUrl":"https:\/\/d2p6e6u75xmxt8.cloudfront.net\/12\/2019\/11\/Senior-CVR-profimedia-0400553063-1.jpg","width":1366,"height":600},{"@type":"BreadcrumbList","@id":"https:\/\/www.welovecycling.com\/hu\/kozosseg-es-kultura\/igy-vezesd-be-a-szuleid-a-kerekparozas-vilagaba\/#breadcrumb","itemListElement":[{"@type":"ListItem","position":1,"name":"Home","item":"https:\/\/www.welovecycling.com\/hu\/"},{"@type":"ListItem","position":2,"name":"\u00cdgy vezesd be a sz\u00fcleid a ker\u00e9kp\u00e1roz\u00e1s vil\u00e1g\u00e1ba"}]},{"@type":"WebSite","@id":"https:\/\/www.welovecycling.com\/hu\/#website","url":"https:\/\/www.welovecycling.com\/hu\/","name":"\u0160koda We Love Cycling - Magyarorsz\u00e1g","description":"\u0160koda WeLoveCycling","potentialAction":[{"@type":"SearchAction","target":{"@type":"EntryPoint","urlTemplate":"https:\/\/www.welovecycling.com\/hu\/?s={search_term_string}"},"query-input":{"@type":"PropertyValueSpecification","valueRequired":true,"valueName":"search_term_string"}}],"inLanguage":"hu"},{"@type":"Person","@id":"https:\/\/www.welovecycling.com\/hu\/#\/schema\/person\/414a2aebf1801691a5320edb6468e194","name":"hegyizs","image":{"@type":"ImageObject","inLanguage":"hu","@id":"https:\/\/www.welovecycling.com\/hu\/#\/schema\/person\/image\/","url":"https:\/\/secure.gravatar.com\/avatar\/02cf8a7906b8cf90cecb4679defac7cfd33a1c2e3b88e4903d947f3bb58eedd3?s=96&d=mm&r=g","contentUrl":"https:\/\/secure.gravatar.com\/avatar\/02cf8a7906b8cf90cecb4679defac7cfd33a1c2e3b88e4903d947f3bb58eedd3?s=96&d=mm&r=g","caption":"hegyizs"},"url":"https:\/\/www.welovecycling.com\/hu\/author\/hegyizs\/"}]}},"_links":{"self":[{"href":"https:\/\/www.welovecycling.com\/hu\/wp-json\/wp\/v2\/posts\/5661","targetHints":{"allow":["GET"]}}],"collection":[{"href":"https:\/\/www.welovecycling.com\/hu\/wp-json\/wp\/v2\/posts"}],"about":[{"href":"https:\/\/www.welovecycling.com\/hu\/wp-json\/wp\/v2\/types\/post"}],"author":[{"embeddable":true,"href":"https:\/\/www.welovecycling.com\/hu\/wp-json\/wp\/v2\/users\/71"}],"replies":[{"embeddable":true,"href":"https:\/\/www.welovecycling.com\/hu\/wp-json\/wp\/v2\/comments?post=5661"}],"version-history":[{"count":2,"href":"https:\/\/www.welovecycling.com\/hu\/wp-json\/wp\/v2\/posts\/5661\/revisions"}],"predecessor-version":[{"id":5689,"href":"https:\/\/www.welovecycling.com\/hu\/wp-json\/wp\/v2\/posts\/5661\/revisions\/5689"}],"wp:featuredmedia":[{"embeddable":true,"href":"https:\/\/www.welovecycling.com\/hu\/wp-json\/wp\/v2\/media\/5664"}],"wp:attachment":[{"href":"https:\/\/www.welovecycling.com\/hu\/wp-json\/wp\/v2\/media?parent=5661"}],"wp:term":[{"taxonomy":"category","embeddable":true,"href":"https:\/\/www.welovecycling.com\/hu\/wp-json\/wp\/v2\/categories?post=5661"},{"taxonomy":"post_tag","embeddable":true,"href":"https:\/\/www.welovecycling.com\/hu\/wp-json\/wp\/v2\/tags?post=5661"},{"taxonomy":"global-categories","embeddable":true,"href":"https:\/\/www.welovecycling.com\/hu\/wp-json\/wp\/v2\/global-categories?post=5661"}],"curies":[{"name":"wp","href":"https:\/\/api.w.org\/{rel}","templated":true}]}}