{"id":5656,"date":"2019-11-23T08:05:37","date_gmt":"2019-11-23T07:05:37","guid":{"rendered":"https:\/\/www.welovecycling.com\/hu\/?p=5656"},"modified":"2019-11-14T16:15:30","modified_gmt":"2019-11-14T15:15:30","slug":"hogy-tedd-el-a-bringadat-telre","status":"publish","type":"post","link":"https:\/\/www.welovecycling.com\/hu\/trekking-mtb\/hogy-tedd-el-a-bringadat-telre\/","title":{"rendered":"Hogy tedd el a bring\u00e1dat t\u00e9lre?"},"content":{"rendered":"<p><strong>Az \u00e9vente ism\u00e9tl\u0151d\u0151 fogadalmak ellen\u00e9re, legt\u00f6bben nem bicikliz\u00fcnk t\u00e9len, m\u00e1r novemberben feladjuk az els\u0151 es\u0151z\u00e9sekn\u00e9l. B\u00e1r a ker\u00e9kp\u00e1rokat nem annyira bonyolult hossz\u00fa id\u0151re eltenni, mint a motorokat, eset\u00fckben is van n\u00e9h\u00e1ny fontos l\u00e9p\u00e9s. Ha m\u00e1rciusban szeretn\u00e9d a bring\u00e1don \u00e9lvezni az els\u0151 naps\u00fct\u00e9st, ezekre figyelj!<\/strong><!--more--><\/p>\n<h2><strong>Tiszt\u00edtsd le a ker\u00e9kp\u00e1rt<\/strong><\/h2>\n<p>Egy megfelel\u0151 kef\u00e9vel s\u00farold le a v\u00e1zr\u00f3l \u00e9s minden alkatr\u00e9szr\u0151l a sarat &#8211; igaz\u00e1n nem \u00e9rdemli meg a j\u00e1rg\u00e1nyod, hogy belesz\u00e1radjon &#8211; majd t\u00f6r\u00f6ld sz\u00e1razra!<\/p>\n<p><a href=\"https:\/\/d2p6e6u75xmxt8.cloudfront.net\/12\/2019\/11\/Adam-Marsal-Bike-Cleaning-11.jpg\"><img loading=\"lazy\" decoding=\"async\" class=\"alignnone size-full wp-image-5657\" src=\"https:\/\/d2p6e6u75xmxt8.cloudfront.net\/12\/2019\/11\/Adam-Marsal-Bike-Cleaning-11.jpg\" alt=\"\" width=\"1366\" height=\"600\" srcset=\"https:\/\/d2p6e6u75xmxt8.cloudfront.net\/12\/2019\/11\/Adam-Marsal-Bike-Cleaning-11.jpg 1366w, https:\/\/d2p6e6u75xmxt8.cloudfront.net\/12\/2019\/11\/Adam-Marsal-Bike-Cleaning-11-300x132.jpg 300w, https:\/\/d2p6e6u75xmxt8.cloudfront.net\/12\/2019\/11\/Adam-Marsal-Bike-Cleaning-11-768x337.jpg 768w, https:\/\/d2p6e6u75xmxt8.cloudfront.net\/12\/2019\/11\/Adam-Marsal-Bike-Cleaning-11-1024x450.jpg 1024w\" sizes=\"auto, (max-width: 1366px) 100vw, 1366px\" \/><\/a><\/p>\n<h2><strong>Tiszt\u00edtsd \u00e9s olajozd a l\u00e1ncot<\/strong><\/h2>\n<p>K\u00f6r\u00fcltekint\u0151en \u00e1llj neki a l\u00e1nc megtiszt\u00edt\u00e1s\u00e1nak, haszn\u00e1lj egy kifejezetten erre a c\u00e9lra aj\u00e1nlott l\u00e1nc-tiszt\u00edt\u00f3t \u2013 b\u00e1rmelyik bring\u00e1s boltban meg tudod venni \u2013 vagy speci\u00e1lis kef\u00e9t, melyek t\u00f6bb m\u00e9retben is el\u00e9rhet\u0151k. De egy kis k\u00e9zi kefe egy fogkef\u00e9vel kombin\u00e1lva t\u00f6k\u00e9letesen megfelel a c\u00e9lnak.<\/p>\n<h2><strong>Harcolj a p\u00e1ra ellen<\/strong><\/h2>\n<p>A legt\u00f6bb t\u00e1rol\u00f3 nyirkos \u00e9s p\u00e1r\u00e1s, ami el\u0151seg\u00edti a rozsd\u00e1sod\u00e1st \u00e9s a pen\u00e9sz kialakul\u00e1s\u00e1t. Ahhoz, hogy megel\u0151zd az er\u00f3zi\u00f3t, t\u00f6r\u00f6ld v\u00e9gig a v\u00e1zat \u00e9s az alkatr\u00e9szeket egy szilikon olajjal \u00e1titatott ruh\u00e1val! \u00cdgy m\u00e1r \u00e1t kell v\u00e9szelnie a telet. Emellett a l\u00e1ncot is meg kell v\u00e9dened: ha szeretn\u00e9d majd es\u0151ben is haszn\u00e1lni a bring\u00e1t, haszn\u00e1lj zs\u00edrt, miel\u0151tt elcsomagolod! V\u00e9g\u00fcl takard le a j\u00e1rm\u0171vet egy nagy takar\u00f3val, hogy megv\u00e9dd a port\u00f3l.<\/p>\n<h2><strong>Ne hagyd t\u00f6nkremenni a gumikat<\/strong><\/h2>\n<p>Ha a bicikli sok\u00e1ig \u00e1ll egy helyben, lapos kerekekkel, a gumis anyag lassan t\u00f6nkremegy \u00e9s leereszt, ugyan\u00fagy, mint az aut\u00f3kn\u00e1l, ha \u2013 a j\u00e1rm\u0171 s\u00falya id\u0151vel \u00e1tnyomja az abroncsot a gumin. Ahhoz hogy ezt megakad\u00e1lyozd, pump\u00e1ld fel a kerekeket \u00e9s havonta n\u00e9zz r\u00e1juk!<\/p>\n<p><a href=\"https:\/\/d2p6e6u75xmxt8.cloudfront.net\/12\/2019\/11\/coverpoh.jpg\"><img loading=\"lazy\" decoding=\"async\" class=\"alignnone size-full wp-image-5658\" src=\"https:\/\/d2p6e6u75xmxt8.cloudfront.net\/12\/2019\/11\/coverpoh.jpg\" alt=\"\" width=\"1375\" height=\"600\" srcset=\"https:\/\/d2p6e6u75xmxt8.cloudfront.net\/12\/2019\/11\/coverpoh.jpg 1375w, https:\/\/d2p6e6u75xmxt8.cloudfront.net\/12\/2019\/11\/coverpoh-300x131.jpg 300w, https:\/\/d2p6e6u75xmxt8.cloudfront.net\/12\/2019\/11\/coverpoh-768x335.jpg 768w, https:\/\/d2p6e6u75xmxt8.cloudfront.net\/12\/2019\/11\/coverpoh-1024x447.jpg 1024w\" sizes=\"auto, (max-width: 1375px) 100vw, 1375px\" \/><\/a><\/p>\n<h2><strong>Ott t\u00e1rold, ahol \u00e9lsz<\/strong><\/h2>\n<p>A legjobb hely a biciklid sz\u00e1m\u00e1ra egy sz\u00e1raz szoba a lak\u00e1sodban, egyenletes, 19 fok feletti h\u0151m\u00e9rs\u00e9klettel. Ha el\u00e9g nagy a lak\u00e1s, egyszer\u0171en kihagyhatod szinte az \u00f6sszes l\u00e9p\u00e9st, hiszen sem a hideg, sem a p\u00e1ra nem vesz\u00e9lyezteti itt a ker\u00e9kp\u00e1rt. A l\u00e1ncot pedig ne olajozd meg, mert \u00f6sszekeni a b\u00fatort \u00e9s a padl\u00f3t.<\/p>\n<h2><strong>Szervizelj most<\/strong><\/h2>\n<p>Ha a tavasz els\u0151 napsugarain\u00e1l m\u00e1r tekerni akarsz, a legjobb, ha m\u00e9g \u0151sszel elviszed a biciklid szervizbe \u00e9s egy teljes karbantart\u00e1si proced\u00far\u00e1t csin\u00e1ltatsz. Tavasszal val\u00f3s\u00e1ggal megrohamozz\u00e1k a biciklis boltokat, hogy miel\u0151tt kijuthassanak a term\u00e9szetbe, \u0151sszel \u00e9s t\u00e9len viszont kevesebbet kell v\u00e1rnod, p\u00e1r nap alatt vissza is kapod a bring\u00e1d.<\/p>\n<h2><strong>Tedd zs\u00e1kba<\/strong><\/h2>\n<p>Vannak, akik sz\u00e9tszedik az eg\u00e9sz ker\u00e9kp\u00e1rt, leszerelik a kerekeket, a korm\u00e1nyt \u00e9s az \u00fcl\u00e9st, a v\u00e1zat pedig biciklizs\u00e1kba teszik \u00e9s ebben t\u00e1rolj\u00e1k t\u00e9len. Ez a megold\u00e1s igen helytakar\u00e9kos \u00e9s biztosan j\u00f3 \u00e1llapotban tartja a bring\u00e1t!<\/p>\n","protected":false},"excerpt":{"rendered":"<p>Az \u00e9vente ism\u00e9tl\u0151d\u0151 fogadalmak ellen\u00e9re, legt\u00f6bben nem bicikliz\u00fcnk t\u00e9len, m\u00e1r novemberben feladjuk az els\u0151 es\u0151z\u00e9sekn\u00e9l. B\u00e1r a ker\u00e9kp\u00e1rokat nem annyira [&hellip;]<\/p>\n","protected":false},"author":71,"featured_media":5660,"comment_status":"open","ping_status":"open","sticky":false,"template":"","format":"standard","meta":{"footnotes":""},"categories":[7],"tags":[],"global-categories":[],"class_list":["post-5656","post","type-post","status-publish","format-standard","has-post-thumbnail","hentry","category-trekking-mtb"],"yoast_head":"<!-- This site is optimized with the Yoast SEO Premium plugin v25.3 (Yoast SEO v25.9) - https:\/\/yoast.com\/wordpress\/plugins\/seo\/ -->\n<title>Hogy tedd el a bring\u00e1dat t\u00e9lre? - \u0160koda We Love Cycling - Magyarorsz\u00e1g<\/title>\n<meta name=\"robots\" content=\"index, follow, max-snippet:-1, max-image-preview:large, max-video-preview:-1\" \/>\n<link rel=\"canonical\" href=\"https:\/\/www.welovecycling.com\/hu\/trekking-mtb\/hogy-tedd-el-a-bringadat-telre\/\" \/>\n<meta property=\"og:locale\" content=\"hu_HU\" \/>\n<meta property=\"og:type\" content=\"article\" \/>\n<meta property=\"og:title\" content=\"Hogy tedd el a bring\u00e1dat t\u00e9lre?\" \/>\n<meta property=\"og:description\" content=\"Az \u00e9vente ism\u00e9tl\u0151d\u0151 fogadalmak ellen\u00e9re, legt\u00f6bben nem bicikliz\u00fcnk t\u00e9len, m\u00e1r novemberben feladjuk az els\u0151 es\u0151z\u00e9sekn\u00e9l. B\u00e1r a ker\u00e9kp\u00e1rokat nem annyira [&hellip;]\" \/>\n<meta property=\"og:url\" content=\"https:\/\/www.welovecycling.com\/hu\/trekking-mtb\/hogy-tedd-el-a-bringadat-telre\/\" \/>\n<meta property=\"og:site_name\" content=\"\u0160koda We Love Cycling - Magyarorsz\u00e1g\" \/>\n<meta property=\"article:publisher\" content=\"https:\/\/www.facebook.com\/WeLoveCyclingHungary\/\" \/>\n<meta property=\"article:published_time\" content=\"2019-11-23T07:05:37+00:00\" \/>\n<meta property=\"og:image\" content=\"https:\/\/d2p6e6u75xmxt8.cloudfront.net\/12\/2019\/11\/Bicycle-Winter-CVR-profimedia-0310952546.jpg\" \/>\n\t<meta property=\"og:image:width\" content=\"1366\" \/>\n\t<meta property=\"og:image:height\" content=\"600\" \/>\n\t<meta property=\"og:image:type\" content=\"image\/jpeg\" \/>\n<meta name=\"author\" content=\"hegyizs\" \/>\n<meta name=\"twitter:card\" content=\"summary_large_image\" \/>\n<meta name=\"twitter:label1\" content=\"Written by\" \/>\n\t<meta name=\"twitter:data1\" content=\"Adam Marsal\" \/>\n\t<meta name=\"twitter:label2\" content=\"Est. reading time\" \/>\n\t<meta name=\"twitter:data2\" content=\"5\" \/>\n<script type=\"application\/ld+json\" class=\"yoast-schema-graph\">{\"@context\":\"https:\/\/schema.org\",\"@graph\":[{\"@type\":\"WebPage\",\"@id\":\"https:\/\/www.welovecycling.com\/hu\/trekking-mtb\/hogy-tedd-el-a-bringadat-telre\/\",\"url\":\"https:\/\/www.welovecycling.com\/hu\/trekking-mtb\/hogy-tedd-el-a-bringadat-telre\/\",\"name\":\"Hogy tedd el a bring\u00e1dat t\u00e9lre? - \u0160koda We Love Cycling - Magyarorsz\u00e1g\",\"isPartOf\":{\"@id\":\"https:\/\/www.welovecycling.com\/hu\/#website\"},\"primaryImageOfPage\":{\"@id\":\"https:\/\/www.welovecycling.com\/hu\/trekking-mtb\/hogy-tedd-el-a-bringadat-telre\/#primaryimage\"},\"image\":{\"@id\":\"https:\/\/www.welovecycling.com\/hu\/trekking-mtb\/hogy-tedd-el-a-bringadat-telre\/#primaryimage\"},\"thumbnailUrl\":\"https:\/\/d2p6e6u75xmxt8.cloudfront.net\/12\/2019\/11\/Bicycle-Winter-CVR-profimedia-0310952546.jpg\",\"datePublished\":\"2019-11-23T07:05:37+00:00\",\"author\":{\"@id\":\"https:\/\/www.welovecycling.com\/hu\/#\/schema\/person\/414a2aebf1801691a5320edb6468e194\"},\"breadcrumb\":{\"@id\":\"https:\/\/www.welovecycling.com\/hu\/trekking-mtb\/hogy-tedd-el-a-bringadat-telre\/#breadcrumb\"},\"inLanguage\":\"hu\",\"potentialAction\":[{\"@type\":\"ReadAction\",\"target\":[\"https:\/\/www.welovecycling.com\/hu\/trekking-mtb\/hogy-tedd-el-a-bringadat-telre\/\"]}]},{\"@type\":\"ImageObject\",\"inLanguage\":\"hu\",\"@id\":\"https:\/\/www.welovecycling.com\/hu\/trekking-mtb\/hogy-tedd-el-a-bringadat-telre\/#primaryimage\",\"url\":\"https:\/\/d2p6e6u75xmxt8.cloudfront.net\/12\/2019\/11\/Bicycle-Winter-CVR-profimedia-0310952546.jpg\",\"contentUrl\":\"https:\/\/d2p6e6u75xmxt8.cloudfront.net\/12\/2019\/11\/Bicycle-Winter-CVR-profimedia-0310952546.jpg\",\"width\":1366,\"height\":600},{\"@type\":\"BreadcrumbList\",\"@id\":\"https:\/\/www.welovecycling.com\/hu\/trekking-mtb\/hogy-tedd-el-a-bringadat-telre\/#breadcrumb\",\"itemListElement\":[{\"@type\":\"ListItem\",\"position\":1,\"name\":\"Home\",\"item\":\"https:\/\/www.welovecycling.com\/hu\/\"},{\"@type\":\"ListItem\",\"position\":2,\"name\":\"Hogy tedd el a bring\u00e1dat t\u00e9lre?\"}]},{\"@type\":\"WebSite\",\"@id\":\"https:\/\/www.welovecycling.com\/hu\/#website\",\"url\":\"https:\/\/www.welovecycling.com\/hu\/\",\"name\":\"\u0160koda We Love Cycling - Magyarorsz\u00e1g\",\"description\":\"\u0160koda WeLoveCycling\",\"potentialAction\":[{\"@type\":\"SearchAction\",\"target\":{\"@type\":\"EntryPoint\",\"urlTemplate\":\"https:\/\/www.welovecycling.com\/hu\/?s={search_term_string}\"},\"query-input\":{\"@type\":\"PropertyValueSpecification\",\"valueRequired\":true,\"valueName\":\"search_term_string\"}}],\"inLanguage\":\"hu\"},{\"@type\":\"Person\",\"@id\":\"https:\/\/www.welovecycling.com\/hu\/#\/schema\/person\/414a2aebf1801691a5320edb6468e194\",\"name\":\"hegyizs\",\"image\":{\"@type\":\"ImageObject\",\"inLanguage\":\"hu\",\"@id\":\"https:\/\/www.welovecycling.com\/hu\/#\/schema\/person\/image\/\",\"url\":\"https:\/\/secure.gravatar.com\/avatar\/02cf8a7906b8cf90cecb4679defac7cfd33a1c2e3b88e4903d947f3bb58eedd3?s=96&d=mm&r=g\",\"contentUrl\":\"https:\/\/secure.gravatar.com\/avatar\/02cf8a7906b8cf90cecb4679defac7cfd33a1c2e3b88e4903d947f3bb58eedd3?s=96&d=mm&r=g\",\"caption\":\"hegyizs\"},\"url\":\"https:\/\/www.welovecycling.com\/hu\/author\/hegyizs\/\"}]}<\/script>\n<!-- \/ Yoast SEO Premium plugin. -->","yoast_head_json":{"title":"Hogy tedd el a bring\u00e1dat t\u00e9lre? - \u0160koda We Love Cycling - Magyarorsz\u00e1g","robots":{"index":"index","follow":"follow","max-snippet":"max-snippet:-1","max-image-preview":"max-image-preview:large","max-video-preview":"max-video-preview:-1"},"canonical":"https:\/\/www.welovecycling.com\/hu\/trekking-mtb\/hogy-tedd-el-a-bringadat-telre\/","og_locale":"hu_HU","og_type":"article","og_title":"Hogy tedd el a bring\u00e1dat t\u00e9lre?","og_description":"Az \u00e9vente ism\u00e9tl\u0151d\u0151 fogadalmak ellen\u00e9re, legt\u00f6bben nem bicikliz\u00fcnk t\u00e9len, m\u00e1r novemberben feladjuk az els\u0151 es\u0151z\u00e9sekn\u00e9l. B\u00e1r a ker\u00e9kp\u00e1rokat nem annyira [&hellip;]","og_url":"https:\/\/www.welovecycling.com\/hu\/trekking-mtb\/hogy-tedd-el-a-bringadat-telre\/","og_site_name":"\u0160koda We Love Cycling - Magyarorsz\u00e1g","article_publisher":"https:\/\/www.facebook.com\/WeLoveCyclingHungary\/","article_published_time":"2019-11-23T07:05:37+00:00","og_image":[{"width":1366,"height":600,"url":"https:\/\/d2p6e6u75xmxt8.cloudfront.net\/12\/2019\/11\/Bicycle-Winter-CVR-profimedia-0310952546.jpg","type":"image\/jpeg"}],"author":"hegyizs","twitter_card":"summary_large_image","twitter_misc":{"Written by":"Adam Marsal","Est. reading time":"5"},"schema":{"@context":"https:\/\/schema.org","@graph":[{"@type":"WebPage","@id":"https:\/\/www.welovecycling.com\/hu\/trekking-mtb\/hogy-tedd-el-a-bringadat-telre\/","url":"https:\/\/www.welovecycling.com\/hu\/trekking-mtb\/hogy-tedd-el-a-bringadat-telre\/","name":"Hogy tedd el a bring\u00e1dat t\u00e9lre? - \u0160koda We Love Cycling - Magyarorsz\u00e1g","isPartOf":{"@id":"https:\/\/www.welovecycling.com\/hu\/#website"},"primaryImageOfPage":{"@id":"https:\/\/www.welovecycling.com\/hu\/trekking-mtb\/hogy-tedd-el-a-bringadat-telre\/#primaryimage"},"image":{"@id":"https:\/\/www.welovecycling.com\/hu\/trekking-mtb\/hogy-tedd-el-a-bringadat-telre\/#primaryimage"},"thumbnailUrl":"https:\/\/d2p6e6u75xmxt8.cloudfront.net\/12\/2019\/11\/Bicycle-Winter-CVR-profimedia-0310952546.jpg","datePublished":"2019-11-23T07:05:37+00:00","author":{"@id":"https:\/\/www.welovecycling.com\/hu\/#\/schema\/person\/414a2aebf1801691a5320edb6468e194"},"breadcrumb":{"@id":"https:\/\/www.welovecycling.com\/hu\/trekking-mtb\/hogy-tedd-el-a-bringadat-telre\/#breadcrumb"},"inLanguage":"hu","potentialAction":[{"@type":"ReadAction","target":["https:\/\/www.welovecycling.com\/hu\/trekking-mtb\/hogy-tedd-el-a-bringadat-telre\/"]}]},{"@type":"ImageObject","inLanguage":"hu","@id":"https:\/\/www.welovecycling.com\/hu\/trekking-mtb\/hogy-tedd-el-a-bringadat-telre\/#primaryimage","url":"https:\/\/d2p6e6u75xmxt8.cloudfront.net\/12\/2019\/11\/Bicycle-Winter-CVR-profimedia-0310952546.jpg","contentUrl":"https:\/\/d2p6e6u75xmxt8.cloudfront.net\/12\/2019\/11\/Bicycle-Winter-CVR-profimedia-0310952546.jpg","width":1366,"height":600},{"@type":"BreadcrumbList","@id":"https:\/\/www.welovecycling.com\/hu\/trekking-mtb\/hogy-tedd-el-a-bringadat-telre\/#breadcrumb","itemListElement":[{"@type":"ListItem","position":1,"name":"Home","item":"https:\/\/www.welovecycling.com\/hu\/"},{"@type":"ListItem","position":2,"name":"Hogy tedd el a bring\u00e1dat t\u00e9lre?"}]},{"@type":"WebSite","@id":"https:\/\/www.welovecycling.com\/hu\/#website","url":"https:\/\/www.welovecycling.com\/hu\/","name":"\u0160koda We Love Cycling - Magyarorsz\u00e1g","description":"\u0160koda WeLoveCycling","potentialAction":[{"@type":"SearchAction","target":{"@type":"EntryPoint","urlTemplate":"https:\/\/www.welovecycling.com\/hu\/?s={search_term_string}"},"query-input":{"@type":"PropertyValueSpecification","valueRequired":true,"valueName":"search_term_string"}}],"inLanguage":"hu"},{"@type":"Person","@id":"https:\/\/www.welovecycling.com\/hu\/#\/schema\/person\/414a2aebf1801691a5320edb6468e194","name":"hegyizs","image":{"@type":"ImageObject","inLanguage":"hu","@id":"https:\/\/www.welovecycling.com\/hu\/#\/schema\/person\/image\/","url":"https:\/\/secure.gravatar.com\/avatar\/02cf8a7906b8cf90cecb4679defac7cfd33a1c2e3b88e4903d947f3bb58eedd3?s=96&d=mm&r=g","contentUrl":"https:\/\/secure.gravatar.com\/avatar\/02cf8a7906b8cf90cecb4679defac7cfd33a1c2e3b88e4903d947f3bb58eedd3?s=96&d=mm&r=g","caption":"hegyizs"},"url":"https:\/\/www.welovecycling.com\/hu\/author\/hegyizs\/"}]}},"_links":{"self":[{"href":"https:\/\/www.welovecycling.com\/hu\/wp-json\/wp\/v2\/posts\/5656","targetHints":{"allow":["GET"]}}],"collection":[{"href":"https:\/\/www.welovecycling.com\/hu\/wp-json\/wp\/v2\/posts"}],"about":[{"href":"https:\/\/www.welovecycling.com\/hu\/wp-json\/wp\/v2\/types\/post"}],"author":[{"embeddable":true,"href":"https:\/\/www.welovecycling.com\/hu\/wp-json\/wp\/v2\/users\/71"}],"replies":[{"embeddable":true,"href":"https:\/\/www.welovecycling.com\/hu\/wp-json\/wp\/v2\/comments?post=5656"}],"version-history":[{"count":2,"href":"https:\/\/www.welovecycling.com\/hu\/wp-json\/wp\/v2\/posts\/5656\/revisions"}],"predecessor-version":[{"id":5686,"href":"https:\/\/www.welovecycling.com\/hu\/wp-json\/wp\/v2\/posts\/5656\/revisions\/5686"}],"wp:featuredmedia":[{"embeddable":true,"href":"https:\/\/www.welovecycling.com\/hu\/wp-json\/wp\/v2\/media\/5660"}],"wp:attachment":[{"href":"https:\/\/www.welovecycling.com\/hu\/wp-json\/wp\/v2\/media?parent=5656"}],"wp:term":[{"taxonomy":"category","embeddable":true,"href":"https:\/\/www.welovecycling.com\/hu\/wp-json\/wp\/v2\/categories?post=5656"},{"taxonomy":"post_tag","embeddable":true,"href":"https:\/\/www.welovecycling.com\/hu\/wp-json\/wp\/v2\/tags?post=5656"},{"taxonomy":"global-categories","embeddable":true,"href":"https:\/\/www.welovecycling.com\/hu\/wp-json\/wp\/v2\/global-categories?post=5656"}],"curies":[{"name":"wp","href":"https:\/\/api.w.org\/{rel}","templated":true}]}}