{"id":5648,"date":"2019-11-22T08:00:38","date_gmt":"2019-11-22T07:00:38","guid":{"rendered":""},"modified":"2019-11-14T16:14:35","modified_gmt":"2019-11-14T15:14:35","slug":"interju-egy-hivatasos-tolvajjal-hogyan-lopj-biciklit","status":"publish","type":"post","link":"https:\/\/www.welovecycling.com\/hu\/orszaguti-kerekpar\/interju-egy-hivatasos-tolvajjal-hogyan-lopj-biciklit\/","title":{"rendered":"Interj\u00fa egy hivat\u00e1sos tolvajjal: hogyan lopj biciklit?"},"content":{"rendered":"<p><strong>A bringalop\u00e1s tal\u00e1n megoszt\u00f3 t\u00e9ma, de ha meg\u00e9rted, hogyan gondolkodnak \u00e9s dolgoznak a tolvajok, tal\u00e1n megmenek\u00fclhetsz az ellopott bicikli okozta gy\u00e1szt\u00f3l. Richard Cantle, a londoni Stolen Ride (stolenride.co.uk) alap\u00edt\u00f3ja, megtette ezt a kis ker\u00fcl\u0151utat \u00e9s interj\u00fat k\u00e9sz\u00edtett egy hivat\u00e1sos ker\u00e9kp\u00e1rtolvajjal, aki hasznos tippeket adott arr\u00f3l, hogy hogyan tudod megv\u00e9deni szeretett j\u00e1rg\u00e1nyod az eltulajdon\u00edt\u00e1st\u00f3l.<\/strong><!--more--><\/p>\n<h4><img loading=\"lazy\" decoding=\"async\" class=\"alignnone size-full wp-image-5650\" src=\"https:\/\/d2p6e6u75xmxt8.cloudfront.net\/12\/2019\/11\/Tubular-lock-pick-1.jpg\" alt=\"Tubular lock pick\" width=\"720\" height=\"540\" srcset=\"https:\/\/d2p6e6u75xmxt8.cloudfront.net\/12\/2019\/11\/Tubular-lock-pick-1.jpg 720w, https:\/\/d2p6e6u75xmxt8.cloudfront.net\/12\/2019\/11\/Tubular-lock-pick-1-300x225.jpg 300w\" sizes=\"auto, (max-width: 720px) 100vw, 720px\" \/><\/h4>\n<h4><strong>Sz\u00f3val, te egy ex-bringatolvaj vagy Londonb\u00f3l, ugye? Mikor \u00e9s mi\u00e9rt kezdt\u00e9l el bicikliket lopni?<\/strong><\/h4>\n<p>16 \u00e9vesen kezdtem, a motiv\u00e1ci\u00f3 a p\u00e9nz volt: a ker\u00e9kp\u00e1rokkal k\u00f6nnyen \u00e9s gyorsan p\u00e9nzt szereztem. P\u00e1rban vitt\u00fck el a ped\u00e1los bicikliket \u00e9s a j\u00f3 teljes\u00edtm\u00e9ny\u0171 motorbicikliket.<\/p>\n<h4><strong>Konkr\u00e9t modellekre \u00e9s helysz\u00ednekre vad\u00e1sztatok? Mi volt a strat\u00e9gia?<\/strong><\/h4>\n<p>A nagy \u00e9rt\u00e9k\u0171 biciklik voltak az els\u0151dleges c\u00e9lpontok \u2013 p\u00e9ld\u00e1ul Carrera versenybring\u00e1k, fixik, Boardman \u00e9s Ridgeback j\u00e1rg\u00e1nyok. Ezeket tudtuk gyorsan eladni, aranyk\u00e9nt emlegett\u00fck \u0151ket.<\/p>\n<p>A helysz\u00ednekkel kapcsolatban, Londonban gy\u0171r\u0171k alapj\u00e1n v\u00e1ltozik, hogy mennyire van biztons\u00e1gban a bring\u00e1d. Ahogy haladunk a v\u00e1ros k\u00f6zepe fel\u00e9 haladva egyre rosszabbak a z\u00e1rak, az emberek egyre kev\u00e9sb\u00e9 \u0151rzik a bicikliket. Kifel\u00e9 pedig a z\u00e1rak jobbak lesznek \u00e9s kevesebb a tolvajl\u00e1sra megfelel\u0151 helysz\u00edn, ez\u00e9rt nem \u00e9ri meg belefektetni az id\u0151t \u00e9s energi\u00e1t. Islington, Hackney, West End \u00e9s a k\u00f6z\u00e9ps\u0151 ker\u00fcletek voltak a f\u0151 c\u00e9lpontjaink. Min\u00e9l t\u00f6bb ember \u00e9s kamera, ann\u00e1l jobb. Az emberek, olyanok, mint a b\u00e1r\u00e1nyok, ha sokan vannak, biztons\u00e1gban \u00e9rzik magukat \u00e9s kev\u00e9sb\u00e9 figyelnek.<\/p>\n<p>Kezdetben v\u00e9letlenszer\u0171en csaptunk le. Csak ragadd meg \u00e9s vidd: ez volt a m\u00f3dszer. K\u00e9s\u0151bb azonban, ahogy egyre t\u00f6bbet dolgoztunk \u00e9s egyre t\u00f6bbet kerest\u00fcnk, magasabbra c\u00e9loztunk. P\u00e9ld\u00e1ul ha egy bring\u00e1n l\u00e1tszott, hogy nem tudjuk eladni t\u00f6bb mint 200 font\u00e9rt, akkor nem vitt\u00fck el.<\/p>\n<h4><strong>Hogyan loptatok? Milyen eszk\u00f6z\u00f6ket \u00e9s technik\u00e1kat haszn\u00e1ltatok?<\/strong><\/h4>\n<p>Az elej\u00e9n sima dr\u00f3tv\u00e1g\u00f3val \u00e9s csapszegv\u00e1g\u00f3val dolgoztunk, ezeket szinte b\u00e1rhol megveheted. Az id\u0151 haladt\u00e1val egyre jobb eszk\u00f6z\u00f6ket haszn\u00e1ltunk: egy bar\u00e1t hozott Amerik\u00e1b\u00f3l egy p\u00e1r er\u0151sebb csapszegv\u00e1g\u00f3t. Ezek b\u00e1rmelyik h\u00e1tizs\u00e1kba bef\u00e9rtek \u00e9s minden l\u00e1ncot elv\u00e1gtak.<\/p>\n<p>Ne hagyd, hogy megt\u00e9vesszenek a Kryptonite lakatok, nem olyan kem\u00e9nyek, mint amilyennek mondj\u00e1k \u0151ket. Ugyan\u00edgy a cs\u00f6ves z\u00e1rak: soha ne haszn\u00e1ld \u0151ket, ezeket a legk\u00f6nnyebb hat\u00e1stalan\u00edtani, egy apr\u00f3 \u00e9s diszkr\u00e9t kis eszk\u00f6zzel. Nem csap zajt, nem okoz felt\u0171n\u00e9st \u2013 mintha csak kinyitn\u00e1d a bicikliz\u00e1rad. A csapszegv\u00e1g\u00f3kkal pedig magas teljes\u00edtm\u00e9ny\u0171 motorokat k\u00f6t\u00f6tt\u00fcnk el, ketten \u00fclt\u00fcnk egy j\u00e1rg\u00e1nyon. Ha olyan biciklit tal\u00e1ltunk, aminek a p\u00f3t\u00fcl\u00e9se sim\u00e1n lej\u00f6tt, m\u00e1sodpercek alatt sz\u00e9tszedt\u00fck: eszk\u00f6z\u00f6k a h\u00e1tizs\u00e1kba, ezzel elhajtott a sof\u0151r, a p\u00f3t\u00fcl\u00e9st meg vitt\u00fck k\u00fcl\u00f6n. Ezt ak\u00e1r \u00e9jszak\u00e1nk\u00e9nt 5-sz\u00f6r is megcsin\u00e1ltuk, minden h\u00e9tv\u00e9g\u00e9n.<\/p>\n<lite-youtube videoid=-yTFiP_co0U params=\"enablejsapi=1\" style=\"background-image: url('https:\/\/i.ytimg.com\/vi_webp\/-yTFiP_co0U\/maxresdefault.webp');\"><\/lite-youtube>\n<h4><strong>Hogyan \u00e9s kinek adt\u00e1tok el a lopott ker\u00e9kp\u00e1rokat?<\/strong><\/h4>\n<p>El\u0151sz\u00f6r a Gumtree oldal\u00e1n, de id\u0151vel egyre t\u00f6bb kapcsolatra tett\u00fcnk szert. Hamarosan eg\u00e9sz h\u00e1l\u00f3zatunk volt Londonban \u2013 \u00e9szakon, d\u00e9len, nyugaton \u00e9s keleten. Min\u00e9l messzebbre vitt\u00e9k, ann\u00e1l nagyobb csomagokban kellettek. Egy d\u00e9li kontakt p\u00e9ld\u00e1ul egyszerre 10-et vitt, havonta egyszer vette fel \u0151ket. Soha nem adtuk el \u0151ket alkatr\u00e9sznek \u2013 nem \u00e9rte volna meg a befektetett id\u0151t \u00e9s energi\u00e1t.<\/p>\n<h4><strong>Milyen gyorsan lehet t\u00faladni egy bring\u00e1n \u00e9s mennyi\u00e9rt?<\/strong><\/h4>\n<p>Ak\u00e1r percek alatt is. A leghosszabb id\u0151 egy nap volt. Soha nem tartottuk \u0151ket otthon, mindig az utc\u00e1n voltak lelakatolva. Ak\u00e1r rend\u0151rs\u00e9g k\u00f6zel\u00e9ben is. Ha a rend\u0151r\u00f6k h\u00e1zkutat\u00e1st tartottak, nem tal\u00e1lhattak semmit.<\/p>\n<h4><strong>A lop\u00e1s \u00e9s elad\u00e1s teljes munkaid\u0151s \u00e1ll\u00e1s volt? Mennyi bring\u00e1t vittetek el havi szinten?<\/strong><\/h4>\n<p>Nem, teljes \u00e1ll\u00e1sban dolgoztam, mint g\u00e9pkezel\u0151, de a fizet\u00e9sem alig volt el\u00e9g a sz\u00e1ml\u00e1kra \u00e9s a lakb\u00e9rre. Nem lehet meg\u00e9lni minim\u00e1lb\u00e9rb\u0151l\u2026<\/p>\n<p>Az \u00e1r feleannyi volt, mint az adott modell eredeti \u00e1ra. Teh\u00e1t egy ezer fontos bicikli\u00e9rt 500-at kaptunk a Gumtreen kereszt\u00fcl, 400at m\u00e1s platformon. Cs\u00fct\u00f6rt\u00f6k\u00f6n, p\u00e9nteken \u00e9s szombaton dolgoztunk, amint s\u00f6t\u00e9t lett. A rend\u0151rs\u00e9g a r\u00e9szegekkel bajl\u00f3dott akkoriban. Egy h\u00e9tv\u00e9ge alatt \u00e1tlagosan 10 bicajt szedt\u00fcnk \u00f6ssze.<\/p>\n<p><img loading=\"lazy\" decoding=\"async\" class=\"alignnone size-full wp-image-5651\" src=\"https:\/\/d2p6e6u75xmxt8.cloudfront.net\/12\/2019\/11\/Tubular-lock-pick-2.jpg\" alt=\"How quickly could you sell a bike on and how much would you get on average for each bike? A bike could be sold in a matter of minutes at the peak of it, to one of many known regular contacts. Longest was around a day. Bikes were never kept at home, they were always locked back up on the street. Somewhere, even outside police stations locked up. If the police ever raided your house then no goods would ever be found.\" width=\"540\" height=\"720\" srcset=\"https:\/\/d2p6e6u75xmxt8.cloudfront.net\/12\/2019\/11\/Tubular-lock-pick-2.jpg 540w, https:\/\/d2p6e6u75xmxt8.cloudfront.net\/12\/2019\/11\/Tubular-lock-pick-2-225x300.jpg 225w\" sizes=\"auto, (max-width: 540px) 100vw, 540px\" \/><\/p>\n<h4><strong>Dolgoztatok valaha konkr\u00e9t megrendel\u00e9s teljes\u00edt\u00e9s\u00e9re? Figyeltetek meg egyes bring\u00e1sokat, miel\u0151tt lecsaptatok?<\/strong><\/h4>\n<p>Nem, ez t\u00fal hossz\u00fara ny\u00fajtan\u00e1 a folyamatot. Sz\u00f3 szerint kiment\u00fcnk \u00e9s felkaptuk, amit tal\u00e1ltunk.<\/p>\n<p>Att\u00f3l kezdve, hogy megk\u00f6zel\u00edted a c\u00e9lpontot, elv\u00e1god a z\u00e1rat \u00e9s elpakolsz, 10 m\u00e1sodperc alatt megvagy, \u00fagyhogy nem igaz\u00e1n j\u00f6hetnek r\u00e1, hogy mit csin\u00e1lsz. M\u00e9g ha l\u00e1t is valaki, ennyi id\u0151 alatt fel sem fogja mit l\u00e1t.<\/p>\n<p>Soha senki nem konfront\u00e1l\u00f3dott vel\u00fcnk vagy k\u00e9rdezte meg, hogy mit csin\u00e1lunk.<\/p>\n<h4><strong>Volt, hogy elt\u00e1ntor\u00edtott valami egy c\u00e9lpontt\u00f3l? A helysz\u00edn vagy a biztons\u00e1gi rendszerek?<\/strong><\/h4>\n<p>A CCTV soha nem volt visszatart\u00f3 er\u0151. Buk\u00f3sisak volt rajtunk, \u00fagyhogy nem lehetett minket felismerni (legal\u00e1bbis mi \u00edgy gondoltuk). A helysz\u00edn nem sz\u00e1m\u00edtott, fiatalok voltunk \u00e9s rettenthetetlenek, nem \u00e9rdekeltek a biztons\u00e1gi rendszerek vagy az emberek. Ha valami balul s\u00fclt el, felpattantunk a biciklire \u00e9s elh\u00faztuk a cs\u00edkot.<\/p>\n<h4><strong>Eszedbe jutottak n\u00e9ha a tulajdonosok? \u00c9rezt\u00e9l b\u0171ntudatot?<\/strong><\/h4>\n<p>Igen, folyamatosan, nem mondhatn\u00e1m, hogy sz\u00edvtelen b\u0171n\u00f6z\u0151 vagyok. Sokat gondoltam az \u00e1ldozatokra, de ember embernek farkasa ebben a vil\u00e1gban\u2026 Sajn\u00e1ltam \u0151ket, de a p\u00e9nz olyan dolgokra \u00f6szt\u00f6k\u00e9l, amiket nem kellene megtenned. Hogyan \u00e9lhetn\u00e9l egy olyan vil\u00e1gban, \u00e9s hogyan tan\u00edthatn\u00e1d a gyerekeidnek, hogy j\u00f3k legyenek, amikor k\u00f6r\u00fclveszik \u0151ket a t\u00f6rv\u00e9nytelen\u00fcl meggazdagodott emberek \u00e9s a szeg\u00e9nyek, akik ha betartj\u00e1k a t\u00f6rv\u00e9nyeket, ruh\u00e1ra sincs p\u00e9nz\u00fck? Ha egyszer az \u00e1rak folyamatosan n\u0151nek, a fizet\u00e9sek pedig cs\u00f6kkennek? Erre a k\u00e9rd\u00e9se senki nem tud v\u00e1laszolni.<\/p>\n<p><img loading=\"lazy\" decoding=\"async\" class=\"alignnone size-full wp-image-5652\" src=\"https:\/\/d2p6e6u75xmxt8.cloudfront.net\/12\/2019\/11\/Bolt-Cutters-2.jpg\" alt=\"Were you ever put off stealing certain bikes? Was it due to location or security measures? CCTV was not a put off. We had helmets on so we couldn\u2019t be identified (well, we thought so at least). Location didn\u2019t matter, we were young and reckless, and we didn\u2019t care about security or people. If it went wrong, just get back on bike and go.\" width=\"540\" height=\"720\" srcset=\"https:\/\/d2p6e6u75xmxt8.cloudfront.net\/12\/2019\/11\/Bolt-Cutters-2.jpg 540w, https:\/\/d2p6e6u75xmxt8.cloudfront.net\/12\/2019\/11\/Bolt-Cutters-2-225x300.jpg 225w\" sizes=\"auto, (max-width: 540px) 100vw, 540px\" \/><\/p>\n<h4><strong>Mi\u00e9rt d\u00f6nt\u00f6tt\u00e9l \u00fagy, hogy abbahagyod a lop\u00e1st? T\u00f6rt\u00e9nt valami konkr\u00e9t dolog?<\/strong><\/h4>\n<p>T\u00fal sokat akartam, \u00e9s elkaptak \u2013 a fejembe sz\u00e1llt a p\u00e9nz. Rend\u0151raut\u00f3kkal \u00e9s helikopterrel \u00fcld\u00f6ztek. Az aut\u00f3k el\u0151l m\u00e9g siker\u00fclt megl\u00f3gnunk, a zs\u00e1km\u00e1nyt h\u00e1trahagyva, de a helikopter m\u00e1r a nyomunkban volt.<\/p>\n<p>18 h\u00f3nap let\u00f6ltend\u0151 id\u0151re \u00edt\u00e9ltek a fiatalok b\u00f6rt\u00f6n\u00e9ben, 20 \u00e9vesen. A 21. sz\u00fclinapomat, a Kar\u00e1csonyt \u00e9s a Szilvesztert b\u00f6rt\u00f6nben t\u00f6lt\u00f6ttem \u00e9s nem fogok hazudni: megszakadt a sz\u00edvem, hogy nem lehettem a csal\u00e1dommal, a gyerekekkel vagy legal\u00e1bb otthon az \u00fcnnepek alatt.<\/p>\n<p>R\u00e1j\u00f6ttem, hogy a csal\u00e1dom fontosabb, mint a men\u0151 ruh\u00e1k \u00e9s a dr\u00e1ga cip\u0151k, vagy a zs\u00e1knyi p\u00e9nz. Abban a pillanatban csapott ez meg, amikor a b\u00edr\u00f3 kimondta az \u00edt\u00e9letet \u00e9s l\u00e1ttam, hogy any\u00e1m s\u00edr, mert \u00fagy \u00e9rezte, nem tudott j\u00f3l felnevelni. Ap\u00e1m egyszer sem tette be a l\u00e1b\u00e1t a b\u00edr\u00f3s\u00e1gra.<\/p>\n<p>Ez volt a legrosszabb \u00e9rz\u00e9s, amit valaha \u00e9reztem: cserbenhagytam azokat, akiket tiszteltem. Sz\u00e9gyenkeztem.<\/p>\n<h4><strong>Te hogyan v\u00e9den\u00e9d meg a saj\u00e1t biciklid? Mik a tippjeid?<\/strong><\/h4>\n<p>Soha ne haszn\u00e1lj l\u00e1ncot, t\u00fal k\u00f6nny\u0171 elv\u00e1gni. Ink\u00e1bb egy kisebb D-lakatot vegy\u00e9l, el\u0151re \u00e9s h\u00e1tra is. Ha mozd\u00edthat\u00f3 a z\u00e1rad, az azt jelenti, hogy a tolvaj hozz\u00e1 tud f\u00e9rni az eszk\u00f6zeivel. Egy merev D-lakatn\u00e1l viszont csak a megfelel\u0151 sz\u00f6gben tudja hat\u00e1stalan\u00edtani a z\u00e1rat, \u00edgy kisebb az es\u00e9ly r\u00e1, hogy el tudja vinni a bring\u00e1d.<\/p>\n<h4><strong>Mit tehetne a rend\u0151rs\u00e9g \u00e9s az illet\u00e9kesek, hogy seg\u00edtsenek a tulajdonosoknak megv\u00e9deni a biciklij\u00fcket? Kinek a felel\u0151ss\u00e9ge a tolvajl\u00e1s?<\/strong><\/h4>\n<p>Azt hiszem, a rend\u0151rs\u00e9g nem igaz\u00e1n tud mit tenni, hacsak nem kapnak el mik\u00f6zben \u00e1tv\u00e1god a l\u00e1ncot. T\u00fal sok emberi jog\u2026<\/p>\n<p>A biciklik sz\u00e1moz\u00e1sa annyira k\u00f6nnyen elt\u00e1vol\u00edthat\u00f3 \u00e9s \u00e1tfesthet\u0151. Valahogy ezeket k\u00e9ne megb\u00edzhat\u00f3bbra tervezni, \u00e9s elkezdeni komolyan regisztr\u00e1lni a bicikliket, valahogy \u00fagy, mint az aut\u00f3kn\u00e1l. Az egyetlen j\u00e1rhat\u00f3 \u00fat, ha lef\u00fajod a bring\u00e1d egy speci\u00e1lis, l\u00e1thatatlan anyaggal, ami \u00f6sszegy\u0171jti az ujjlenyomatokat, melyek UV f\u00e9nyn\u00e9l lesznek l\u00e1that\u00f3ak.<\/p>\n<p>A lek\u00f6vet\u00e9s j\u00f3l j\u00f6het, de ez\u00e9rt tartottuk az utc\u00e1n a bicikliket, \u00edgy ha megtal\u00e1lt\u00e1k \u0151ket, egyszer\u0171en visszavitt\u00e9k. Az \u0151rz\u00f6tt parkol\u00f3k a legrosszabb helyek, ahol hagyhatod a bring\u00e1d, annyira kevesen vannak ott, gyan\u00fatlanul el lehet \u0151ket vinni.<\/p>\n<p><img loading=\"lazy\" decoding=\"async\" class=\"alignnone size-full wp-image-5653\" src=\"https:\/\/d2p6e6u75xmxt8.cloudfront.net\/12\/2019\/11\/Tubular-lock-pick-3.jpg\" alt=\"How would you prevent your own bike becoming stolen? What are your top tips? Never use a chain, they\u2019re too easy to snip. Use a small D-lock on front and back wheels. If your lock can be moved about that means the thief\u2019s bolt cutters can get around them, at the right angle they won\u2019t. Stiff D-locks are hard to snip because you need the right angle on the cutters to get the force to close them.\" width=\"720\" height=\"540\" srcset=\"https:\/\/d2p6e6u75xmxt8.cloudfront.net\/12\/2019\/11\/Tubular-lock-pick-3.jpg 720w, https:\/\/d2p6e6u75xmxt8.cloudfront.net\/12\/2019\/11\/Tubular-lock-pick-3-300x225.jpg 300w\" sizes=\"auto, (max-width: 720px) 100vw, 720px\" \/><\/p>\n<h4><strong>Van m\u00e9g valami, amit szeretn\u00e9l megosztani?<\/strong><\/h4>\n<p>\u00c9n csak pr\u00f3b\u00e1lok egy kicsit t\u00f6rleszteni a t\u00e1rsadalomnak, t\u00fal sokat vettem el: ez a legkevesebb, amit megtehetek. Sajn\u00e1lom az embereket, akiknek elloptam a biciklij\u00e9t, de neh\u00e9z id\u0151ket \u00e9lt\u00fcnk, \u00e9s ameddig nem j\u00e1rt\u00e1l az \u00e9n utamon, nem \u00e9rtheted ezt meg. De t\u00e9nyleg sajn\u00e1lom.<\/p>\n","protected":false},"excerpt":{"rendered":"<p>A bringalop\u00e1s tal\u00e1n megoszt\u00f3 t\u00e9ma, de ha meg\u00e9rted, hogyan gondolkodnak \u00e9s dolgoznak a tolvajok, tal\u00e1n megmenek\u00fclhetsz az ellopott bicikli okozta [&hellip;]<\/p>\n","protected":false},"author":71,"featured_media":5655,"comment_status":"open","ping_status":"open","sticky":false,"template":"","format":"standard","meta":{"footnotes":""},"categories":[8],"tags":[],"global-categories":[],"class_list":["post-5648","post","type-post","status-publish","format-standard","has-post-thumbnail","hentry","category-orszaguti-kerekpar"],"yoast_head":"<!-- This site is optimized with the Yoast SEO Premium plugin v25.3 (Yoast SEO v25.9) - https:\/\/yoast.com\/wordpress\/plugins\/seo\/ -->\n<title>Interj\u00fa egy hivat\u00e1sos tolvajjal: hogyan lopj biciklit? - \u0160koda We Love Cycling - Magyarorsz\u00e1g<\/title>\n<meta name=\"robots\" content=\"index, follow, max-snippet:-1, max-image-preview:large, max-video-preview:-1\" \/>\n<link rel=\"canonical\" href=\"https:\/\/www.welovecycling.com\/hu\/orszaguti-kerekpar\/interju-egy-hivatasos-tolvajjal-hogyan-lopj-biciklit\/\" \/>\n<meta property=\"og:locale\" content=\"hu_HU\" \/>\n<meta property=\"og:type\" content=\"article\" \/>\n<meta property=\"og:title\" content=\"Interj\u00fa egy hivat\u00e1sos tolvajjal: hogyan lopj biciklit?\" \/>\n<meta property=\"og:description\" content=\"A bringalop\u00e1s tal\u00e1n megoszt\u00f3 t\u00e9ma, de ha meg\u00e9rted, hogyan gondolkodnak \u00e9s dolgoznak a tolvajok, tal\u00e1n megmenek\u00fclhetsz az ellopott bicikli okozta [&hellip;]\" \/>\n<meta property=\"og:url\" content=\"https:\/\/www.welovecycling.com\/hu\/orszaguti-kerekpar\/interju-egy-hivatasos-tolvajjal-hogyan-lopj-biciklit\/\" \/>\n<meta property=\"og:site_name\" content=\"\u0160koda We Love Cycling - Magyarorsz\u00e1g\" \/>\n<meta property=\"article:publisher\" content=\"https:\/\/www.facebook.com\/WeLoveCyclingHungary\/\" \/>\n<meta property=\"article:published_time\" content=\"2019-11-22T07:00:38+00:00\" \/>\n<meta property=\"og:image\" content=\"https:\/\/d2p6e6u75xmxt8.cloudfront.net\/12\/2019\/11\/574548_4984984.jpg\" \/>\n\t<meta property=\"og:image:width\" content=\"1375\" \/>\n\t<meta property=\"og:image:height\" content=\"600\" \/>\n\t<meta property=\"og:image:type\" content=\"image\/jpeg\" \/>\n<meta name=\"author\" content=\"hegyizs\" \/>\n<meta name=\"twitter:card\" content=\"summary_large_image\" \/>\n<meta name=\"twitter:label1\" content=\"Written by\" \/>\n\t<meta name=\"twitter:data1\" content=\"Richard Cantle\" \/>\n\t<meta name=\"twitter:label2\" content=\"Est. reading time\" \/>\n\t<meta name=\"twitter:data2\" content=\"8 minutes\" \/>\n<script type=\"application\/ld+json\" class=\"yoast-schema-graph\">{\"@context\":\"https:\/\/schema.org\",\"@graph\":[{\"@type\":\"WebPage\",\"@id\":\"https:\/\/www.welovecycling.com\/hu\/orszaguti-kerekpar\/interju-egy-hivatasos-tolvajjal-hogyan-lopj-biciklit\/\",\"url\":\"https:\/\/www.welovecycling.com\/hu\/orszaguti-kerekpar\/interju-egy-hivatasos-tolvajjal-hogyan-lopj-biciklit\/\",\"name\":\"Interj\u00fa egy hivat\u00e1sos tolvajjal: hogyan lopj biciklit? - \u0160koda We Love Cycling - Magyarorsz\u00e1g\",\"isPartOf\":{\"@id\":\"https:\/\/www.welovecycling.com\/hu\/#website\"},\"primaryImageOfPage\":{\"@id\":\"https:\/\/www.welovecycling.com\/hu\/orszaguti-kerekpar\/interju-egy-hivatasos-tolvajjal-hogyan-lopj-biciklit\/#primaryimage\"},\"image\":{\"@id\":\"https:\/\/www.welovecycling.com\/hu\/orszaguti-kerekpar\/interju-egy-hivatasos-tolvajjal-hogyan-lopj-biciklit\/#primaryimage\"},\"thumbnailUrl\":\"https:\/\/d2p6e6u75xmxt8.cloudfront.net\/12\/2019\/11\/574548_4984984.jpg\",\"datePublished\":\"2019-11-22T07:00:38+00:00\",\"author\":{\"@id\":\"https:\/\/www.welovecycling.com\/hu\/#\/schema\/person\/414a2aebf1801691a5320edb6468e194\"},\"breadcrumb\":{\"@id\":\"https:\/\/www.welovecycling.com\/hu\/orszaguti-kerekpar\/interju-egy-hivatasos-tolvajjal-hogyan-lopj-biciklit\/#breadcrumb\"},\"inLanguage\":\"hu\",\"potentialAction\":[{\"@type\":\"ReadAction\",\"target\":[\"https:\/\/www.welovecycling.com\/hu\/orszaguti-kerekpar\/interju-egy-hivatasos-tolvajjal-hogyan-lopj-biciklit\/\"]}]},{\"@type\":\"ImageObject\",\"inLanguage\":\"hu\",\"@id\":\"https:\/\/www.welovecycling.com\/hu\/orszaguti-kerekpar\/interju-egy-hivatasos-tolvajjal-hogyan-lopj-biciklit\/#primaryimage\",\"url\":\"https:\/\/d2p6e6u75xmxt8.cloudfront.net\/12\/2019\/11\/574548_4984984.jpg\",\"contentUrl\":\"https:\/\/d2p6e6u75xmxt8.cloudfront.net\/12\/2019\/11\/574548_4984984.jpg\",\"width\":1375,\"height\":600},{\"@type\":\"BreadcrumbList\",\"@id\":\"https:\/\/www.welovecycling.com\/hu\/orszaguti-kerekpar\/interju-egy-hivatasos-tolvajjal-hogyan-lopj-biciklit\/#breadcrumb\",\"itemListElement\":[{\"@type\":\"ListItem\",\"position\":1,\"name\":\"Home\",\"item\":\"https:\/\/www.welovecycling.com\/hu\/\"},{\"@type\":\"ListItem\",\"position\":2,\"name\":\"Interj\u00fa egy hivat\u00e1sos tolvajjal: hogyan lopj biciklit?\"}]},{\"@type\":\"WebSite\",\"@id\":\"https:\/\/www.welovecycling.com\/hu\/#website\",\"url\":\"https:\/\/www.welovecycling.com\/hu\/\",\"name\":\"\u0160koda We Love Cycling - Magyarorsz\u00e1g\",\"description\":\"\u0160koda WeLoveCycling\",\"potentialAction\":[{\"@type\":\"SearchAction\",\"target\":{\"@type\":\"EntryPoint\",\"urlTemplate\":\"https:\/\/www.welovecycling.com\/hu\/?s={search_term_string}\"},\"query-input\":{\"@type\":\"PropertyValueSpecification\",\"valueRequired\":true,\"valueName\":\"search_term_string\"}}],\"inLanguage\":\"hu\"},{\"@type\":\"Person\",\"@id\":\"https:\/\/www.welovecycling.com\/hu\/#\/schema\/person\/414a2aebf1801691a5320edb6468e194\",\"name\":\"hegyizs\",\"image\":{\"@type\":\"ImageObject\",\"inLanguage\":\"hu\",\"@id\":\"https:\/\/www.welovecycling.com\/hu\/#\/schema\/person\/image\/\",\"url\":\"https:\/\/secure.gravatar.com\/avatar\/02cf8a7906b8cf90cecb4679defac7cfd33a1c2e3b88e4903d947f3bb58eedd3?s=96&d=mm&r=g\",\"contentUrl\":\"https:\/\/secure.gravatar.com\/avatar\/02cf8a7906b8cf90cecb4679defac7cfd33a1c2e3b88e4903d947f3bb58eedd3?s=96&d=mm&r=g\",\"caption\":\"hegyizs\"},\"url\":\"https:\/\/www.welovecycling.com\/hu\/author\/hegyizs\/\"}]}<\/script>\n<!-- \/ Yoast SEO Premium plugin. -->","yoast_head_json":{"title":"Interj\u00fa egy hivat\u00e1sos tolvajjal: hogyan lopj biciklit? - \u0160koda We Love Cycling - Magyarorsz\u00e1g","robots":{"index":"index","follow":"follow","max-snippet":"max-snippet:-1","max-image-preview":"max-image-preview:large","max-video-preview":"max-video-preview:-1"},"canonical":"https:\/\/www.welovecycling.com\/hu\/orszaguti-kerekpar\/interju-egy-hivatasos-tolvajjal-hogyan-lopj-biciklit\/","og_locale":"hu_HU","og_type":"article","og_title":"Interj\u00fa egy hivat\u00e1sos tolvajjal: hogyan lopj biciklit?","og_description":"A bringalop\u00e1s tal\u00e1n megoszt\u00f3 t\u00e9ma, de ha meg\u00e9rted, hogyan gondolkodnak \u00e9s dolgoznak a tolvajok, tal\u00e1n megmenek\u00fclhetsz az ellopott bicikli okozta [&hellip;]","og_url":"https:\/\/www.welovecycling.com\/hu\/orszaguti-kerekpar\/interju-egy-hivatasos-tolvajjal-hogyan-lopj-biciklit\/","og_site_name":"\u0160koda We Love Cycling - Magyarorsz\u00e1g","article_publisher":"https:\/\/www.facebook.com\/WeLoveCyclingHungary\/","article_published_time":"2019-11-22T07:00:38+00:00","og_image":[{"width":1375,"height":600,"url":"https:\/\/d2p6e6u75xmxt8.cloudfront.net\/12\/2019\/11\/574548_4984984.jpg","type":"image\/jpeg"}],"author":"hegyizs","twitter_card":"summary_large_image","twitter_misc":{"Written by":"Richard Cantle","Est. reading time":"8 minutes"},"schema":{"@context":"https:\/\/schema.org","@graph":[{"@type":"WebPage","@id":"https:\/\/www.welovecycling.com\/hu\/orszaguti-kerekpar\/interju-egy-hivatasos-tolvajjal-hogyan-lopj-biciklit\/","url":"https:\/\/www.welovecycling.com\/hu\/orszaguti-kerekpar\/interju-egy-hivatasos-tolvajjal-hogyan-lopj-biciklit\/","name":"Interj\u00fa egy hivat\u00e1sos tolvajjal: hogyan lopj biciklit? - \u0160koda We Love Cycling - Magyarorsz\u00e1g","isPartOf":{"@id":"https:\/\/www.welovecycling.com\/hu\/#website"},"primaryImageOfPage":{"@id":"https:\/\/www.welovecycling.com\/hu\/orszaguti-kerekpar\/interju-egy-hivatasos-tolvajjal-hogyan-lopj-biciklit\/#primaryimage"},"image":{"@id":"https:\/\/www.welovecycling.com\/hu\/orszaguti-kerekpar\/interju-egy-hivatasos-tolvajjal-hogyan-lopj-biciklit\/#primaryimage"},"thumbnailUrl":"https:\/\/d2p6e6u75xmxt8.cloudfront.net\/12\/2019\/11\/574548_4984984.jpg","datePublished":"2019-11-22T07:00:38+00:00","author":{"@id":"https:\/\/www.welovecycling.com\/hu\/#\/schema\/person\/414a2aebf1801691a5320edb6468e194"},"breadcrumb":{"@id":"https:\/\/www.welovecycling.com\/hu\/orszaguti-kerekpar\/interju-egy-hivatasos-tolvajjal-hogyan-lopj-biciklit\/#breadcrumb"},"inLanguage":"hu","potentialAction":[{"@type":"ReadAction","target":["https:\/\/www.welovecycling.com\/hu\/orszaguti-kerekpar\/interju-egy-hivatasos-tolvajjal-hogyan-lopj-biciklit\/"]}]},{"@type":"ImageObject","inLanguage":"hu","@id":"https:\/\/www.welovecycling.com\/hu\/orszaguti-kerekpar\/interju-egy-hivatasos-tolvajjal-hogyan-lopj-biciklit\/#primaryimage","url":"https:\/\/d2p6e6u75xmxt8.cloudfront.net\/12\/2019\/11\/574548_4984984.jpg","contentUrl":"https:\/\/d2p6e6u75xmxt8.cloudfront.net\/12\/2019\/11\/574548_4984984.jpg","width":1375,"height":600},{"@type":"BreadcrumbList","@id":"https:\/\/www.welovecycling.com\/hu\/orszaguti-kerekpar\/interju-egy-hivatasos-tolvajjal-hogyan-lopj-biciklit\/#breadcrumb","itemListElement":[{"@type":"ListItem","position":1,"name":"Home","item":"https:\/\/www.welovecycling.com\/hu\/"},{"@type":"ListItem","position":2,"name":"Interj\u00fa egy hivat\u00e1sos tolvajjal: hogyan lopj biciklit?"}]},{"@type":"WebSite","@id":"https:\/\/www.welovecycling.com\/hu\/#website","url":"https:\/\/www.welovecycling.com\/hu\/","name":"\u0160koda We Love Cycling - Magyarorsz\u00e1g","description":"\u0160koda WeLoveCycling","potentialAction":[{"@type":"SearchAction","target":{"@type":"EntryPoint","urlTemplate":"https:\/\/www.welovecycling.com\/hu\/?s={search_term_string}"},"query-input":{"@type":"PropertyValueSpecification","valueRequired":true,"valueName":"search_term_string"}}],"inLanguage":"hu"},{"@type":"Person","@id":"https:\/\/www.welovecycling.com\/hu\/#\/schema\/person\/414a2aebf1801691a5320edb6468e194","name":"hegyizs","image":{"@type":"ImageObject","inLanguage":"hu","@id":"https:\/\/www.welovecycling.com\/hu\/#\/schema\/person\/image\/","url":"https:\/\/secure.gravatar.com\/avatar\/02cf8a7906b8cf90cecb4679defac7cfd33a1c2e3b88e4903d947f3bb58eedd3?s=96&d=mm&r=g","contentUrl":"https:\/\/secure.gravatar.com\/avatar\/02cf8a7906b8cf90cecb4679defac7cfd33a1c2e3b88e4903d947f3bb58eedd3?s=96&d=mm&r=g","caption":"hegyizs"},"url":"https:\/\/www.welovecycling.com\/hu\/author\/hegyizs\/"}]}},"_links":{"self":[{"href":"https:\/\/www.welovecycling.com\/hu\/wp-json\/wp\/v2\/posts\/5648","targetHints":{"allow":["GET"]}}],"collection":[{"href":"https:\/\/www.welovecycling.com\/hu\/wp-json\/wp\/v2\/posts"}],"about":[{"href":"https:\/\/www.welovecycling.com\/hu\/wp-json\/wp\/v2\/types\/post"}],"author":[{"embeddable":true,"href":"https:\/\/www.welovecycling.com\/hu\/wp-json\/wp\/v2\/users\/71"}],"replies":[{"embeddable":true,"href":"https:\/\/www.welovecycling.com\/hu\/wp-json\/wp\/v2\/comments?post=5648"}],"version-history":[{"count":2,"href":"https:\/\/www.welovecycling.com\/hu\/wp-json\/wp\/v2\/posts\/5648\/revisions"}],"predecessor-version":[{"id":5683,"href":"https:\/\/www.welovecycling.com\/hu\/wp-json\/wp\/v2\/posts\/5648\/revisions\/5683"}],"wp:featuredmedia":[{"embeddable":true,"href":"https:\/\/www.welovecycling.com\/hu\/wp-json\/wp\/v2\/media\/5655"}],"wp:attachment":[{"href":"https:\/\/www.welovecycling.com\/hu\/wp-json\/wp\/v2\/media?parent=5648"}],"wp:term":[{"taxonomy":"category","embeddable":true,"href":"https:\/\/www.welovecycling.com\/hu\/wp-json\/wp\/v2\/categories?post=5648"},{"taxonomy":"post_tag","embeddable":true,"href":"https:\/\/www.welovecycling.com\/hu\/wp-json\/wp\/v2\/tags?post=5648"},{"taxonomy":"global-categories","embeddable":true,"href":"https:\/\/www.welovecycling.com\/hu\/wp-json\/wp\/v2\/global-categories?post=5648"}],"curies":[{"name":"wp","href":"https:\/\/api.w.org\/{rel}","templated":true}]}}