{"id":5644,"date":"2019-11-20T08:00:18","date_gmt":"2019-11-20T07:00:18","guid":{"rendered":"https:\/\/www.welovecycling.com\/hu\/?p=5644"},"modified":"2019-11-14T16:11:04","modified_gmt":"2019-11-14T15:11:04","slug":"a-balesetben-megserult-bringasok-nagy-reszen-nincs-sisak","status":"publish","type":"post","link":"https:\/\/www.welovecycling.com\/hu\/biztonsag\/a-balesetben-megserult-bringasok-nagy-reszen-nincs-sisak\/","title":{"rendered":"A balesetben megs\u00e9r\u00fclt bring\u00e1sok nagy r\u00e9sz\u00e9n nincs sisak"},"content":{"rendered":"<p><strong>Egy \u00faj kutat\u00e1s meger\u0151s\u00edtette a buk\u00f3sisakok fontoss\u00e1g\u00e1t, az\u00e1ltal, hogy megmutatta, mi t\u00f6rt\u00e9nik, ha nem hordod \u0151ket. A kutat\u00f3k t\u00f6bb mint 70000 biciklis balesetet vizsg\u00e1ltak meg, az eredm\u00e9ny: a megs\u00e9r\u00fclt bring\u00e1sok mind\u00f6ssze 22%-\u00e1nak volt sisak a fej\u00e9n. Milyen hat\u00e1ssal van teh\u00e1t a v\u00e9delem a s\u00e9r\u00fcl\u00e9svesz\u00e9lyre \u00e9s a fel\u00e9p\u00fcl\u00e9sre?<\/strong><br \/>\n<!--more--><\/p>\n<p>A Charles R. Drew University of Medicine &amp; Science\u00a0egyetem \u00e9s a David Geffen School of Medicine at UCLA orvosi egyetem 10 \u00e9v anyag\u00e1t dolgozta fel 2002-t\u0151l 2012-ig terjed\u0151en, a Nemzeti Trauma Adatb\u00e1zis seg\u00edts\u00e9g\u00e9vel. \u00d6sszesen 76032 biciklis (81,1% f\u00e9rfi \u00e9s 18,9% n\u0151) eset\u00e9t vizsg\u00e1lt\u00e1k meg, \u00e9s az eredm\u00e9ny csak meger\u0151s\u00edti azt, amit m\u00e1r sokan: kell a buk\u00f3sisak!<\/p>\n<figure id=\"attachment_5645\" aria-describedby=\"caption-attachment-5645\" style=\"width: 1250px\" class=\"wp-caption alignnone\"><a href=\"https:\/\/d2p6e6u75xmxt8.cloudfront.net\/12\/2019\/11\/profimedia-0209537683.jpg\"><img loading=\"lazy\" decoding=\"async\" class=\"size-full wp-image-5645\" src=\"https:\/\/d2p6e6u75xmxt8.cloudfront.net\/12\/2019\/11\/profimedia-0209537683.jpg\" alt=\"\" width=\"1250\" height=\"827\" srcset=\"https:\/\/d2p6e6u75xmxt8.cloudfront.net\/12\/2019\/11\/profimedia-0209537683.jpg 1250w, https:\/\/d2p6e6u75xmxt8.cloudfront.net\/12\/2019\/11\/profimedia-0209537683-300x198.jpg 300w, https:\/\/d2p6e6u75xmxt8.cloudfront.net\/12\/2019\/11\/profimedia-0209537683-768x508.jpg 768w, https:\/\/d2p6e6u75xmxt8.cloudfront.net\/12\/2019\/11\/profimedia-0209537683-1024x677.jpg 1024w\" sizes=\"auto, (max-width: 1250px) 100vw, 1250px\" \/><\/a><figcaption id=\"caption-attachment-5645\" class=\"wp-caption-text\">\u00a9 Profimedia<\/figcaption><\/figure>\n<h2><strong>Ha van rajtad sisak, hamarabb szabadulsz a k\u00f3rh\u00e1zb\u00f3l<\/strong><\/h2>\n<p>A 76032 nyak vagy fejs\u00e9r\u00fcl\u00e9st szenvedett biciklis k\u00f6z\u00fcl mind\u00f6ssze 22%-uk viselt sisakot. A szerz\u0151k al\u00e1t\u00e1masztott\u00e1k, hogy a v\u00e9d\u0151felszerel\u00e9s szignifik\u00e1nsan cs\u00f6kkenti a s\u00e9r\u00fcl\u00e9sek s\u00falyoss\u00e1g\u00e1t, ezzel egy\u00fctt a k\u00f3rh\u00e1zban t\u00f6lt\u00f6tt napok, \u00e9s a teljes fel\u00e9p\u00fcl\u00e9s idej\u00e9t is. Teh\u00e1t a marad\u00e9k 78% anyagilag is sokkal rosszabbul j\u00e1rt.<\/p>\n<h2><strong>A n\u0151k \u00e9s a f\u00e9rfiak egyar\u00e1nt sokat k\u00f6sz\u00f6nhetnek nekik<\/strong><\/h2>\n<p>A kutat\u00e1s kimutatta, hogy a n\u0151k nagyobb ar\u00e1nyban (28,3%) veszik fel a sisakjukat, mint a f\u00e9rfiak (20,6%). Ez \u00f6sszef\u00fcgg\u00e9sben van a t\u00e9nnyel, hogy azok k\u00f6z\u00fcl, akik nyak, vagy fejs\u00e9r\u00fcl\u00e9st szenvedtek, a f\u00e9rfiak 36%-kal nagyobb es\u00e9llyel haltak bele a s\u00e9r\u00fcl\u00e9sekbe, mint a n\u0151k. Emellett \u00e1tlagosan a f\u00e9rfiak s\u00falyosabb \u00e1llapotban, t\u00f6bb id\u0151t t\u00f6lt\u00f6ttek a k\u00f3rh\u00e1zban.<\/p>\n<figure id=\"attachment_3020\" aria-describedby=\"caption-attachment-3020\" style=\"width: 1250px\" class=\"wp-caption alignnone\"><a href=\"https:\/\/d2p6e6u75xmxt8.cloudfront.net\/12\/2019\/04\/profimedia-0346857655.jpg\"><img loading=\"lazy\" decoding=\"async\" class=\"size-full wp-image-3020\" src=\"https:\/\/d2p6e6u75xmxt8.cloudfront.net\/12\/2019\/04\/profimedia-0346857655.jpg\" alt=\"\" width=\"1250\" height=\"834\" srcset=\"https:\/\/d2p6e6u75xmxt8.cloudfront.net\/12\/2019\/04\/profimedia-0346857655.jpg 1250w, https:\/\/d2p6e6u75xmxt8.cloudfront.net\/12\/2019\/04\/profimedia-0346857655-300x200.jpg 300w, https:\/\/d2p6e6u75xmxt8.cloudfront.net\/12\/2019\/04\/profimedia-0346857655-768x512.jpg 768w, https:\/\/d2p6e6u75xmxt8.cloudfront.net\/12\/2019\/04\/profimedia-0346857655-1024x683.jpg 1024w, https:\/\/d2p6e6u75xmxt8.cloudfront.net\/12\/2019\/04\/profimedia-0346857655-272x182.jpg 272w\" sizes=\"auto, (max-width: 1250px) 100vw, 1250px\" \/><\/a><figcaption id=\"caption-attachment-3020\" class=\"wp-caption-text\">\u00a9 Profimedia, Alamy<\/figcaption><\/figure>\n<p>\u201eTal\u00e1n nem meglep\u0151, hogy a n\u0151k sz\u00edvesebben teszik fel a buk\u00f3sisakot, mint a f\u00e9rfiak. Nem teljesen tiszta azonban az, hogy mi\u00e9rt t\u00f6lt\u00f6ttek ennyivel t\u00f6bb id\u0151t az intenz\u00edven a f\u00e9rfi p\u00e1ciensek\u201d \u2013 nyilatkozta a szerz\u0151.<\/p>\n<h2><strong>A 17 \u00e9v alattiak sz\u00e1m\u00e1ra a legfontosabb <\/strong><\/h2>\n<p>Az elemz\u00e9s arra is r\u00e1mutatott, hogy a 40 f\u00f6l\u00f6tti koroszt\u00e1ly haszn\u00e1l legink\u00e1bb v\u00e9d\u0151felszerel\u00e9st (31,8%-ban), \u00e9s a 17 \u00e9v alattiak a legkev\u00e9sb\u00e9 (12,1%). Ez amiatt lehet, hogy a fiatalok sokszor ideges\u00edt\u0151nek \u00e9s k\u00e9nyelmetlennek tal\u00e1lj\u00e1k a sisakokat.<\/p>\n<p>\u201eEgy, a k\u00f6telez\u0151 sisakhaszn\u00e1latot el\u0151\u00edr\u00f3 t\u00f6rv\u00e9ny tal\u00e1n seg\u00edthetne abban, hogy kevesebben \u00e9s kev\u00e9sb\u00e9 s\u00falyosan s\u00e9r\u00fcljenek meg. Fontos lenne a megel\u0151z\u00e9s: a buk\u00f3sisakhaszn\u00e1lat ar\u00e1ny\u00e1nak n\u00f6vekedni kell!\u201d<\/p>\n","protected":false},"excerpt":{"rendered":"<p>Egy \u00faj kutat\u00e1s meger\u0151s\u00edtette a buk\u00f3sisakok fontoss\u00e1g\u00e1t, az\u00e1ltal, hogy megmutatta, mi t\u00f6rt\u00e9nik, ha nem hordod \u0151ket. A kutat\u00f3k t\u00f6bb mint [&hellip;]<\/p>\n","protected":false},"author":71,"featured_media":5647,"comment_status":"open","ping_status":"open","sticky":false,"template":"","format":"standard","meta":{"footnotes":""},"categories":[10],"tags":[],"global-categories":[],"class_list":["post-5644","post","type-post","status-publish","format-standard","has-post-thumbnail","hentry","category-biztonsag"],"yoast_head":"<!-- This site is optimized with the Yoast SEO Premium plugin v25.3 (Yoast SEO v25.9) - https:\/\/yoast.com\/wordpress\/plugins\/seo\/ -->\n<title>A balesetben megs\u00e9r\u00fclt bring\u00e1sok nagy r\u00e9sz\u00e9n nincs sisak - \u0160koda We Love Cycling - Magyarorsz\u00e1g<\/title>\n<meta name=\"robots\" content=\"index, follow, max-snippet:-1, max-image-preview:large, max-video-preview:-1\" \/>\n<link rel=\"canonical\" href=\"https:\/\/www.welovecycling.com\/hu\/biztonsag\/a-balesetben-megserult-bringasok-nagy-reszen-nincs-sisak\/\" \/>\n<meta property=\"og:locale\" content=\"hu_HU\" \/>\n<meta property=\"og:type\" content=\"article\" \/>\n<meta property=\"og:title\" content=\"A balesetben megs\u00e9r\u00fclt bring\u00e1sok nagy r\u00e9sz\u00e9n nincs sisak\" \/>\n<meta property=\"og:description\" content=\"Egy \u00faj kutat\u00e1s meger\u0151s\u00edtette a buk\u00f3sisakok fontoss\u00e1g\u00e1t, az\u00e1ltal, hogy megmutatta, mi t\u00f6rt\u00e9nik, ha nem hordod \u0151ket. A kutat\u00f3k t\u00f6bb mint [&hellip;]\" \/>\n<meta property=\"og:url\" content=\"https:\/\/www.welovecycling.com\/hu\/biztonsag\/a-balesetben-megserult-bringasok-nagy-reszen-nincs-sisak\/\" \/>\n<meta property=\"og:site_name\" content=\"\u0160koda We Love Cycling - Magyarorsz\u00e1g\" \/>\n<meta property=\"article:publisher\" content=\"https:\/\/www.facebook.com\/WeLoveCyclingHungary\/\" \/>\n<meta property=\"article:published_time\" content=\"2019-11-20T07:00:18+00:00\" \/>\n<meta property=\"og:image\" content=\"https:\/\/d2p6e6u75xmxt8.cloudfront.net\/12\/2019\/11\/London-Cycling-CVR-profimedia-0057037415.jpg\" \/>\n\t<meta property=\"og:image:width\" content=\"1366\" \/>\n\t<meta property=\"og:image:height\" content=\"600\" \/>\n\t<meta property=\"og:image:type\" content=\"image\/jpeg\" \/>\n<meta name=\"author\" content=\"hegyizs\" \/>\n<meta name=\"twitter:card\" content=\"summary_large_image\" \/>\n<meta name=\"twitter:label1\" content=\"Written by\" \/>\n\t<meta name=\"twitter:data1\" content=\"Jiri Kaloc\" \/>\n\t<meta name=\"twitter:label2\" content=\"Est. reading time\" \/>\n\t<meta name=\"twitter:data2\" content=\"4\" \/>\n<script type=\"application\/ld+json\" class=\"yoast-schema-graph\">{\"@context\":\"https:\/\/schema.org\",\"@graph\":[{\"@type\":\"WebPage\",\"@id\":\"https:\/\/www.welovecycling.com\/hu\/biztonsag\/a-balesetben-megserult-bringasok-nagy-reszen-nincs-sisak\/\",\"url\":\"https:\/\/www.welovecycling.com\/hu\/biztonsag\/a-balesetben-megserult-bringasok-nagy-reszen-nincs-sisak\/\",\"name\":\"A balesetben megs\u00e9r\u00fclt bring\u00e1sok nagy r\u00e9sz\u00e9n nincs sisak - \u0160koda We Love Cycling - Magyarorsz\u00e1g\",\"isPartOf\":{\"@id\":\"https:\/\/www.welovecycling.com\/hu\/#website\"},\"primaryImageOfPage\":{\"@id\":\"https:\/\/www.welovecycling.com\/hu\/biztonsag\/a-balesetben-megserult-bringasok-nagy-reszen-nincs-sisak\/#primaryimage\"},\"image\":{\"@id\":\"https:\/\/www.welovecycling.com\/hu\/biztonsag\/a-balesetben-megserult-bringasok-nagy-reszen-nincs-sisak\/#primaryimage\"},\"thumbnailUrl\":\"https:\/\/d2p6e6u75xmxt8.cloudfront.net\/12\/2019\/11\/London-Cycling-CVR-profimedia-0057037415.jpg\",\"datePublished\":\"2019-11-20T07:00:18+00:00\",\"author\":{\"@id\":\"https:\/\/www.welovecycling.com\/hu\/#\/schema\/person\/414a2aebf1801691a5320edb6468e194\"},\"breadcrumb\":{\"@id\":\"https:\/\/www.welovecycling.com\/hu\/biztonsag\/a-balesetben-megserult-bringasok-nagy-reszen-nincs-sisak\/#breadcrumb\"},\"inLanguage\":\"hu\",\"potentialAction\":[{\"@type\":\"ReadAction\",\"target\":[\"https:\/\/www.welovecycling.com\/hu\/biztonsag\/a-balesetben-megserult-bringasok-nagy-reszen-nincs-sisak\/\"]}]},{\"@type\":\"ImageObject\",\"inLanguage\":\"hu\",\"@id\":\"https:\/\/www.welovecycling.com\/hu\/biztonsag\/a-balesetben-megserult-bringasok-nagy-reszen-nincs-sisak\/#primaryimage\",\"url\":\"https:\/\/d2p6e6u75xmxt8.cloudfront.net\/12\/2019\/11\/London-Cycling-CVR-profimedia-0057037415.jpg\",\"contentUrl\":\"https:\/\/d2p6e6u75xmxt8.cloudfront.net\/12\/2019\/11\/London-Cycling-CVR-profimedia-0057037415.jpg\",\"width\":1366,\"height\":600},{\"@type\":\"BreadcrumbList\",\"@id\":\"https:\/\/www.welovecycling.com\/hu\/biztonsag\/a-balesetben-megserult-bringasok-nagy-reszen-nincs-sisak\/#breadcrumb\",\"itemListElement\":[{\"@type\":\"ListItem\",\"position\":1,\"name\":\"Home\",\"item\":\"https:\/\/www.welovecycling.com\/hu\/\"},{\"@type\":\"ListItem\",\"position\":2,\"name\":\"A balesetben megs\u00e9r\u00fclt bring\u00e1sok nagy r\u00e9sz\u00e9n nincs sisak\"}]},{\"@type\":\"WebSite\",\"@id\":\"https:\/\/www.welovecycling.com\/hu\/#website\",\"url\":\"https:\/\/www.welovecycling.com\/hu\/\",\"name\":\"\u0160koda We Love Cycling - Magyarorsz\u00e1g\",\"description\":\"\u0160koda WeLoveCycling\",\"potentialAction\":[{\"@type\":\"SearchAction\",\"target\":{\"@type\":\"EntryPoint\",\"urlTemplate\":\"https:\/\/www.welovecycling.com\/hu\/?s={search_term_string}\"},\"query-input\":{\"@type\":\"PropertyValueSpecification\",\"valueRequired\":true,\"valueName\":\"search_term_string\"}}],\"inLanguage\":\"hu\"},{\"@type\":\"Person\",\"@id\":\"https:\/\/www.welovecycling.com\/hu\/#\/schema\/person\/414a2aebf1801691a5320edb6468e194\",\"name\":\"hegyizs\",\"image\":{\"@type\":\"ImageObject\",\"inLanguage\":\"hu\",\"@id\":\"https:\/\/www.welovecycling.com\/hu\/#\/schema\/person\/image\/\",\"url\":\"https:\/\/secure.gravatar.com\/avatar\/02cf8a7906b8cf90cecb4679defac7cfd33a1c2e3b88e4903d947f3bb58eedd3?s=96&d=mm&r=g\",\"contentUrl\":\"https:\/\/secure.gravatar.com\/avatar\/02cf8a7906b8cf90cecb4679defac7cfd33a1c2e3b88e4903d947f3bb58eedd3?s=96&d=mm&r=g\",\"caption\":\"hegyizs\"},\"url\":\"https:\/\/www.welovecycling.com\/hu\/author\/hegyizs\/\"}]}<\/script>\n<!-- \/ Yoast SEO Premium plugin. -->","yoast_head_json":{"title":"A balesetben megs\u00e9r\u00fclt bring\u00e1sok nagy r\u00e9sz\u00e9n nincs sisak - \u0160koda We Love Cycling - Magyarorsz\u00e1g","robots":{"index":"index","follow":"follow","max-snippet":"max-snippet:-1","max-image-preview":"max-image-preview:large","max-video-preview":"max-video-preview:-1"},"canonical":"https:\/\/www.welovecycling.com\/hu\/biztonsag\/a-balesetben-megserult-bringasok-nagy-reszen-nincs-sisak\/","og_locale":"hu_HU","og_type":"article","og_title":"A balesetben megs\u00e9r\u00fclt bring\u00e1sok nagy r\u00e9sz\u00e9n nincs sisak","og_description":"Egy \u00faj kutat\u00e1s meger\u0151s\u00edtette a buk\u00f3sisakok fontoss\u00e1g\u00e1t, az\u00e1ltal, hogy megmutatta, mi t\u00f6rt\u00e9nik, ha nem hordod \u0151ket. A kutat\u00f3k t\u00f6bb mint [&hellip;]","og_url":"https:\/\/www.welovecycling.com\/hu\/biztonsag\/a-balesetben-megserult-bringasok-nagy-reszen-nincs-sisak\/","og_site_name":"\u0160koda We Love Cycling - Magyarorsz\u00e1g","article_publisher":"https:\/\/www.facebook.com\/WeLoveCyclingHungary\/","article_published_time":"2019-11-20T07:00:18+00:00","og_image":[{"width":1366,"height":600,"url":"https:\/\/d2p6e6u75xmxt8.cloudfront.net\/12\/2019\/11\/London-Cycling-CVR-profimedia-0057037415.jpg","type":"image\/jpeg"}],"author":"hegyizs","twitter_card":"summary_large_image","twitter_misc":{"Written by":"Jiri Kaloc","Est. reading time":"4"},"schema":{"@context":"https:\/\/schema.org","@graph":[{"@type":"WebPage","@id":"https:\/\/www.welovecycling.com\/hu\/biztonsag\/a-balesetben-megserult-bringasok-nagy-reszen-nincs-sisak\/","url":"https:\/\/www.welovecycling.com\/hu\/biztonsag\/a-balesetben-megserult-bringasok-nagy-reszen-nincs-sisak\/","name":"A balesetben megs\u00e9r\u00fclt bring\u00e1sok nagy r\u00e9sz\u00e9n nincs sisak - \u0160koda We Love Cycling - Magyarorsz\u00e1g","isPartOf":{"@id":"https:\/\/www.welovecycling.com\/hu\/#website"},"primaryImageOfPage":{"@id":"https:\/\/www.welovecycling.com\/hu\/biztonsag\/a-balesetben-megserult-bringasok-nagy-reszen-nincs-sisak\/#primaryimage"},"image":{"@id":"https:\/\/www.welovecycling.com\/hu\/biztonsag\/a-balesetben-megserult-bringasok-nagy-reszen-nincs-sisak\/#primaryimage"},"thumbnailUrl":"https:\/\/d2p6e6u75xmxt8.cloudfront.net\/12\/2019\/11\/London-Cycling-CVR-profimedia-0057037415.jpg","datePublished":"2019-11-20T07:00:18+00:00","author":{"@id":"https:\/\/www.welovecycling.com\/hu\/#\/schema\/person\/414a2aebf1801691a5320edb6468e194"},"breadcrumb":{"@id":"https:\/\/www.welovecycling.com\/hu\/biztonsag\/a-balesetben-megserult-bringasok-nagy-reszen-nincs-sisak\/#breadcrumb"},"inLanguage":"hu","potentialAction":[{"@type":"ReadAction","target":["https:\/\/www.welovecycling.com\/hu\/biztonsag\/a-balesetben-megserult-bringasok-nagy-reszen-nincs-sisak\/"]}]},{"@type":"ImageObject","inLanguage":"hu","@id":"https:\/\/www.welovecycling.com\/hu\/biztonsag\/a-balesetben-megserult-bringasok-nagy-reszen-nincs-sisak\/#primaryimage","url":"https:\/\/d2p6e6u75xmxt8.cloudfront.net\/12\/2019\/11\/London-Cycling-CVR-profimedia-0057037415.jpg","contentUrl":"https:\/\/d2p6e6u75xmxt8.cloudfront.net\/12\/2019\/11\/London-Cycling-CVR-profimedia-0057037415.jpg","width":1366,"height":600},{"@type":"BreadcrumbList","@id":"https:\/\/www.welovecycling.com\/hu\/biztonsag\/a-balesetben-megserult-bringasok-nagy-reszen-nincs-sisak\/#breadcrumb","itemListElement":[{"@type":"ListItem","position":1,"name":"Home","item":"https:\/\/www.welovecycling.com\/hu\/"},{"@type":"ListItem","position":2,"name":"A balesetben megs\u00e9r\u00fclt bring\u00e1sok nagy r\u00e9sz\u00e9n nincs sisak"}]},{"@type":"WebSite","@id":"https:\/\/www.welovecycling.com\/hu\/#website","url":"https:\/\/www.welovecycling.com\/hu\/","name":"\u0160koda We Love Cycling - Magyarorsz\u00e1g","description":"\u0160koda WeLoveCycling","potentialAction":[{"@type":"SearchAction","target":{"@type":"EntryPoint","urlTemplate":"https:\/\/www.welovecycling.com\/hu\/?s={search_term_string}"},"query-input":{"@type":"PropertyValueSpecification","valueRequired":true,"valueName":"search_term_string"}}],"inLanguage":"hu"},{"@type":"Person","@id":"https:\/\/www.welovecycling.com\/hu\/#\/schema\/person\/414a2aebf1801691a5320edb6468e194","name":"hegyizs","image":{"@type":"ImageObject","inLanguage":"hu","@id":"https:\/\/www.welovecycling.com\/hu\/#\/schema\/person\/image\/","url":"https:\/\/secure.gravatar.com\/avatar\/02cf8a7906b8cf90cecb4679defac7cfd33a1c2e3b88e4903d947f3bb58eedd3?s=96&d=mm&r=g","contentUrl":"https:\/\/secure.gravatar.com\/avatar\/02cf8a7906b8cf90cecb4679defac7cfd33a1c2e3b88e4903d947f3bb58eedd3?s=96&d=mm&r=g","caption":"hegyizs"},"url":"https:\/\/www.welovecycling.com\/hu\/author\/hegyizs\/"}]}},"_links":{"self":[{"href":"https:\/\/www.welovecycling.com\/hu\/wp-json\/wp\/v2\/posts\/5644","targetHints":{"allow":["GET"]}}],"collection":[{"href":"https:\/\/www.welovecycling.com\/hu\/wp-json\/wp\/v2\/posts"}],"about":[{"href":"https:\/\/www.welovecycling.com\/hu\/wp-json\/wp\/v2\/types\/post"}],"author":[{"embeddable":true,"href":"https:\/\/www.welovecycling.com\/hu\/wp-json\/wp\/v2\/users\/71"}],"replies":[{"embeddable":true,"href":"https:\/\/www.welovecycling.com\/hu\/wp-json\/wp\/v2\/comments?post=5644"}],"version-history":[{"count":2,"href":"https:\/\/www.welovecycling.com\/hu\/wp-json\/wp\/v2\/posts\/5644\/revisions"}],"predecessor-version":[{"id":5681,"href":"https:\/\/www.welovecycling.com\/hu\/wp-json\/wp\/v2\/posts\/5644\/revisions\/5681"}],"wp:featuredmedia":[{"embeddable":true,"href":"https:\/\/www.welovecycling.com\/hu\/wp-json\/wp\/v2\/media\/5647"}],"wp:attachment":[{"href":"https:\/\/www.welovecycling.com\/hu\/wp-json\/wp\/v2\/media?parent=5644"}],"wp:term":[{"taxonomy":"category","embeddable":true,"href":"https:\/\/www.welovecycling.com\/hu\/wp-json\/wp\/v2\/categories?post=5644"},{"taxonomy":"post_tag","embeddable":true,"href":"https:\/\/www.welovecycling.com\/hu\/wp-json\/wp\/v2\/tags?post=5644"},{"taxonomy":"global-categories","embeddable":true,"href":"https:\/\/www.welovecycling.com\/hu\/wp-json\/wp\/v2\/global-categories?post=5644"}],"curies":[{"name":"wp","href":"https:\/\/api.w.org\/{rel}","templated":true}]}}