{"id":5637,"date":"2019-11-18T08:00:00","date_gmt":"2019-11-18T07:00:00","guid":{"rendered":"https:\/\/www.welovecycling.com\/hu\/?p=5637"},"modified":"2019-11-14T16:10:23","modified_gmt":"2019-11-14T15:10:23","slug":"a-lany-aki-egy-ev-alatt-elit-downhilles-lett","status":"publish","type":"post","link":"https:\/\/www.welovecycling.com\/hu\/trekking-mtb\/a-lany-aki-egy-ev-alatt-elit-downhilles-lett\/","title":{"rendered":"A l\u00e1ny, aki egy \u00e9v alatt elit downhilles lett"},"content":{"rendered":"<p><strong>A 30-as \u00e9veiben j\u00e1r\u00f3, cseh Monika Mixova jelenleg Angil\u00e1ban \u00e9l, \u00e9s itt is kezdte meg downhill karrierj\u00e9t: mind\u00f6ssze egy \u00e9v alatt feljutott a profik k\u00f6z\u00e9. R\u00e9gebben sokat utazgatott, 3 \u00e9vet t\u00f6lt\u00f6tt \u00daj-Z\u00e9landon, itt ismerte meg az angol Mike-ot, akivel az\u00f3ta is p\u00e1rkapcsolatban \u00e9l. K\u00e9t \u00e9vet t\u00f6lt\u00f6tt Queenstown-ban, miel\u0151tt \u00fagy d\u00f6nt\u00f6tt, hogy visszat\u00e9r Eur\u00f3p\u00e1ba, \u00edgy k\u00f6t\u00f6tt ki Angli\u00e1ban. Monika kor\u00e1bban p\u00e1lya-ker\u00e9kp\u00e1ros volt, most azonban downhillesk\u00e9nt versenyzik a brit lejt\u0151k\u00f6n.<\/strong><!--more--><\/p>\n<p><strong><em>Sok n\u0151 teker mountain bike-on, de kevesen adj\u00e1k a fej\u00fcket versenyz\u00e9sre. Mikor d\u00f6nt\u00f6tt\u00e9l \u00fagy, hogy nekiv\u00e1gsz?<\/em><\/strong><\/p>\n<p>Szerintem az ut\u00f3bbi p\u00e1r \u00e9vben j\u00f3csk\u00e1n megugrott a mountain bike-ok n\u00e9pszer\u0171s\u00e9ge itt, Angli\u00e1ban. Sokan a bar\u00e1taik vagy a pasijuk miatt kezdik el, vagy egyszer\u0171en csak \u00e9lvezik a hegymenetet. Manaps\u00e1g rengeteg kifejezetten n\u0151i edz\u00e9s l\u00e9tezik, ahol a l\u00e1nyok el\u00e9g \u00f6nbizalomra tehetnek szert ahhoz, hogy elkezdjenek versenyezni. A bel\u00e9p\u0151 szint ut\u00e1n m\u00e9g h\u00e1rom kateg\u00f3ri\u00e1ban tekerhetnek: vannak nyitott, senior \u00e9s elit versenyek. Sz\u00f3val mindenki a saj\u00e1t temp\u00f3j\u00e1ban haladhat. A bar\u00e1tom \u00f6telete volt, hogy nevezzek be az els\u0151 angol versenyemre.<\/p>\n<p><a href=\"https:\/\/d2p6e6u75xmxt8.cloudfront.net\/12\/2019\/11\/46793817_10215616036267193_4096930700488343552_o.jpg\"><img loading=\"lazy\" decoding=\"async\" class=\"alignnone size-full wp-image-5638\" src=\"https:\/\/d2p6e6u75xmxt8.cloudfront.net\/12\/2019\/11\/46793817_10215616036267193_4096930700488343552_o.jpg\" alt=\"\" width=\"1872\" height=\"2048\" srcset=\"https:\/\/d2p6e6u75xmxt8.cloudfront.net\/12\/2019\/11\/46793817_10215616036267193_4096930700488343552_o.jpg 1872w, https:\/\/d2p6e6u75xmxt8.cloudfront.net\/12\/2019\/11\/46793817_10215616036267193_4096930700488343552_o-274x300.jpg 274w, https:\/\/d2p6e6u75xmxt8.cloudfront.net\/12\/2019\/11\/46793817_10215616036267193_4096930700488343552_o-768x840.jpg 768w, https:\/\/d2p6e6u75xmxt8.cloudfront.net\/12\/2019\/11\/46793817_10215616036267193_4096930700488343552_o-936x1024.jpg 936w, https:\/\/d2p6e6u75xmxt8.cloudfront.net\/12\/2019\/11\/46793817_10215616036267193_4096930700488343552_o-1755x1920.jpg 1755w, https:\/\/d2p6e6u75xmxt8.cloudfront.net\/12\/2019\/11\/46793817_10215616036267193_4096930700488343552_o-1755x1920.jpg 1755w\" sizes=\"auto, (max-width: 1872px) 100vw, 1872px\" \/><\/a><\/p>\n<p><strong><em>Neh\u00e9z volt bet\u00f6rni a versenyz\u00e9s vil\u00e1g\u00e1ba?<\/em><\/strong><\/p>\n<p>Kisebb versenyekkel kezdtem, \u00e9s csak ezek ut\u00e1n neveztem be egy nemzetk\u00f6zire, seniork\u00e9nt 2017-ben. Nem ismertem senkit \u00e9s fogalmam sem volt arr\u00f3l, hogy mit csin\u00e1lok. Az, hogy biciklizni tudok, nem jelentette azt, hogy versenyezni is. 2018-ban az eg\u00e9sz szezont v\u00e9gigcsin\u00e1ltam senior kateg\u00f3ri\u00e1ban \u00e9s megnyertem az \u00f6sszes\u00edtett versenyt. Az idei \u00e9v elej\u00e9t\u0151l tekerek az elit kateg\u00f3ri\u00e1ban, ami m\u00e9g mindig kicsit bizarr sz\u00e1momra. Nagyon gyorsan t\u00f6rt\u00e9nt az el\u0151rel\u00e9p\u00e9s.<\/p>\n<p><strong><em>Van k\u00fcl\u00f6nbs\u00e9g a cseh \u00e9s az angol ker\u00e9kp\u00e1roz\u00e1s k\u00f6z\u00f6tt?<\/em><\/strong><\/p>\n<p>Nem \u00e9ltem t\u00fal sok\u00e1ig Csehorsz\u00e1gban, \u00fagyhogy nem vagyok benne biztos, hogy \u00f6ssze tudom hasonl\u00edtani a kett\u0151t. Angli\u00e1ban van egy hatalmas MTB k\u00f6z\u00f6ss\u00e9g \u00e9s szerintem ez az\u00e9rt van \u00edgy, mert a vil\u00e1g legjobbjai k\u00f6z\u00fcl sokan itt sz\u00fclettek. A motiv\u00e1ci\u00f3 \u00e9s az inspir\u00e1ci\u00f3 kifogyhatatlan, amikor a legprofibbakkal versenyezhetsz.<\/p>\n<p><strong><em>Mi volt az eddig legnagyobb sikered \u00e9s melyik versenyen kellett legink\u00e1bb k\u00fczdened?<\/em><\/strong><\/p>\n<p>A Fort William-ben rendezett verseny egyed\u00fcl\u00e1ll\u00f3 \u00e9lm\u00e9ny volt. De mint minden megm\u00e9rettet\u00e9sen, az eredm\u00e9nyt\u0151l f\u00fcggetlen\u00fcl, akkor voltam sikeres, ha a finisben \u00fagy \u00e9rzem, minden t\u0151lem telhet\u0151t megtettem. A legnagyobb k\u00fczdelem egy\u00e9rtelm\u0171en az volt, amikor t\u00f6r\u00f6tt bord\u00e1val versenyeztem \u00e9v elej\u00e9n.<\/p>\n<p><a href=\"https:\/\/d2p6e6u75xmxt8.cloudfront.net\/12\/2019\/11\/Monika-Maxova.jpg\"><img loading=\"lazy\" decoding=\"async\" class=\"alignnone size-full wp-image-5639\" src=\"https:\/\/d2p6e6u75xmxt8.cloudfront.net\/12\/2019\/11\/Monika-Maxova.jpg\" alt=\"\" width=\"1600\" height=\"1200\" srcset=\"https:\/\/d2p6e6u75xmxt8.cloudfront.net\/12\/2019\/11\/Monika-Maxova.jpg 1600w, https:\/\/d2p6e6u75xmxt8.cloudfront.net\/12\/2019\/11\/Monika-Maxova-300x225.jpg 300w, https:\/\/d2p6e6u75xmxt8.cloudfront.net\/12\/2019\/11\/Monika-Maxova-768x576.jpg 768w, https:\/\/d2p6e6u75xmxt8.cloudfront.net\/12\/2019\/11\/Monika-Maxova-1024x768.jpg 1024w\" sizes=\"auto, (max-width: 1600px) 100vw, 1600px\" \/><\/a><\/p>\n<p><strong><em>K\u00e9ts\u00e9gtelen, hogy az MTB DH \u00e9s az endur\u00f3 versenyek iszonyatosan meger\u0151ltet\u0151ek. Milyen kapcsolat van a l\u00e1nyok k\u00f6z\u00f6tt, akik m\u00e9gis b\u00edrj\u00e1k \u0151ket?<\/em><\/strong><\/p>\n<p>\u00dagy hiszem, hogy kateg\u00f3ri\u00e1t\u00f3l f\u00fcggetlen\u00fcl mindenki j\u00f3ban van mindenkivel \u00e9s j\u00f3kat szoktunk nevetni egy-egy hegy cs\u00facs\u00e1n. Mindannyiunkban er\u0151s a versenyszellem, de az id\u0151vel harcolunk, nem egym\u00e1ssal, sz\u00f3val nincs k\u00f6z\u00f6tt\u00fcnk fesz\u00fclts\u00e9g. A legrosszabb \u00e9lm\u00e9nyem az volt, amikor egy bar\u00e1tn\u0151m balesetezett gyakorl\u00e1s k\u00f6zben, ott fek\u00fcdt a f\u00f6ld\u00f6n egy esetleges gerincs\u00e9r\u00fcl\u00e9ssel \u00e9s nem tudtam mit tehetn\u00e9k. V\u00e9g\u00fcl helikopterrel sz\u00e1ll\u00edtott\u00e1k k\u00f3rh\u00e1zba \u2013 szerencs\u00e9re m\u00e1r j\u00f3l van.<\/p>\n<p><strong><em>Beker\u00fclt\u00e9l az MBUK magazinba is, ahogy \u00e9pp egy erd\u0151ben tekersz. Hogy j\u00f6tt ez \u00f6ssze \u00e9s milyen \u00e9rz\u00e9s volt?<\/em><\/strong><\/p>\n<p>Ugyanott bicikliztem, ahol Mick Kirkman, a magazin egyik fot\u00f3sa, \u00edgy k\u00e9sz\u00edtett\u00fcnk p\u00e1r fot\u00f3sorozatot teszt bring\u00e1kkal. Az utols\u00f3 fot\u00f3z\u00e1s m\u00e1s volt, mint a t\u00f6bbi \u2013 Santa Cruz \u00e9s Juliana ker\u00e9kp\u00e1rokat dobott a piacra, a Stif eg\u00e9sz oldalas rekl\u00e1mot akart ezekr\u0151l az MBUK magazinba, \u00e9s n\u00e9h\u00e1ny men\u0151 fot\u00f3t a weboldalra. Egy m\u00e1sik h\u00edres sport-fot\u00f3s, Sam Needham is csatlakozott hozz\u00e1nk, \u00e9s j\u00f3 n\u00e9h\u00e1ny \u00f3r\u00e1t elt\u00f6lt\u00f6tt\u00fcnk egy\u00fctt a helyi erd\u0151kben, a k\u00e9pek pedig csod\u00e1latosak lettek.<\/p>\n<p><a href=\"https:\/\/d2p6e6u75xmxt8.cloudfront.net\/12\/2019\/11\/Monika-Mixova.jpg\"><img loading=\"lazy\" decoding=\"async\" class=\"alignnone size-full wp-image-5640\" src=\"https:\/\/d2p6e6u75xmxt8.cloudfront.net\/12\/2019\/11\/Monika-Mixova.jpg\" alt=\"\" width=\"1377\" height=\"918\" srcset=\"https:\/\/d2p6e6u75xmxt8.cloudfront.net\/12\/2019\/11\/Monika-Mixova.jpg 1377w, https:\/\/d2p6e6u75xmxt8.cloudfront.net\/12\/2019\/11\/Monika-Mixova-300x200.jpg 300w, https:\/\/d2p6e6u75xmxt8.cloudfront.net\/12\/2019\/11\/Monika-Mixova-768x512.jpg 768w, https:\/\/d2p6e6u75xmxt8.cloudfront.net\/12\/2019\/11\/Monika-Mixova-1024x683.jpg 1024w, https:\/\/d2p6e6u75xmxt8.cloudfront.net\/12\/2019\/11\/Monika-Mixova-272x182.jpg 272w\" sizes=\"auto, (max-width: 1377px) 100vw, 1377px\" \/><\/a><\/p>\n<div id='gallery-1' class='gallery galleryid-5637 gallery-columns-2 gallery-size-large'><figure class='gallery-item'>\n\t\t\t<div class='gallery-icon landscape'>\n\t\t\t\t<a href='https:\/\/d2p6e6u75xmxt8.cloudfront.net\/12\/2019\/11\/Monika-Mixova-3.jpg'><img loading=\"lazy\" decoding=\"async\" width=\"1024\" height=\"683\" src=\"https:\/\/d2p6e6u75xmxt8.cloudfront.net\/12\/2019\/11\/Monika-Mixova-3-1024x683.jpg\" class=\"attachment-large size-large\" alt=\"\" srcset=\"https:\/\/d2p6e6u75xmxt8.cloudfront.net\/12\/2019\/11\/Monika-Mixova-3-1024x683.jpg 1024w, https:\/\/d2p6e6u75xmxt8.cloudfront.net\/12\/2019\/11\/Monika-Mixova-3-300x200.jpg 300w, https:\/\/d2p6e6u75xmxt8.cloudfront.net\/12\/2019\/11\/Monika-Mixova-3-768x512.jpg 768w, https:\/\/d2p6e6u75xmxt8.cloudfront.net\/12\/2019\/11\/Monika-Mixova-3-272x182.jpg 272w, https:\/\/d2p6e6u75xmxt8.cloudfront.net\/12\/2019\/11\/Monika-Mixova-3.jpg 1377w\" sizes=\"auto, (max-width: 1024px) 100vw, 1024px\" \/><\/a>\n\t\t\t<\/div><\/figure><figure class='gallery-item'>\n\t\t\t<div class='gallery-icon landscape'>\n\t\t\t\t<a href='https:\/\/d2p6e6u75xmxt8.cloudfront.net\/12\/2019\/11\/Monika-Mixova-2.jpg'><img loading=\"lazy\" decoding=\"async\" width=\"1024\" height=\"683\" src=\"https:\/\/d2p6e6u75xmxt8.cloudfront.net\/12\/2019\/11\/Monika-Mixova-2-1024x683.jpg\" class=\"attachment-large size-large\" alt=\"\" srcset=\"https:\/\/d2p6e6u75xmxt8.cloudfront.net\/12\/2019\/11\/Monika-Mixova-2-1024x683.jpg 1024w, https:\/\/d2p6e6u75xmxt8.cloudfront.net\/12\/2019\/11\/Monika-Mixova-2-300x200.jpg 300w, https:\/\/d2p6e6u75xmxt8.cloudfront.net\/12\/2019\/11\/Monika-Mixova-2-768x512.jpg 768w, https:\/\/d2p6e6u75xmxt8.cloudfront.net\/12\/2019\/11\/Monika-Mixova-2-272x182.jpg 272w, https:\/\/d2p6e6u75xmxt8.cloudfront.net\/12\/2019\/11\/Monika-Mixova-2.jpg 1377w\" sizes=\"auto, (max-width: 1024px) 100vw, 1024px\" \/><\/a>\n\t\t\t<\/div><\/figure>\n\t\t<\/div>\n\n<p><strong><em>A szakad\u00e9kok \u00e1tugr\u00e1sa \u00e9s a lefel\u00e9 sz\u00e1guld\u00e1s alapvet\u0151en a f\u00e9lelem legy\u0151z\u00e9s\u00e9r\u0151l sz\u00f3l. Mik voltak a legf\u00e9lelmetesebb pillanataid?<\/em><\/strong><\/p>\n<p>Im\u00e1dom azt az \u00e9rz\u00e9st, ami egy nagy ugr\u00e1s el\u0151tt t\u00f6lt el. Nem szoktam f\u00e9lni, ink\u00e1bb izgatott vagyok. Azt hiszem, m\u00e1r megtanultam, hogy m\u00e9rjem fel az akad\u00e1lyt, ez\u00e9rt biztos lehetek benne, hogy meg tudom csin\u00e1lni. Nem megyek bele olyanba, amir\u0151l \u00fagy l\u00e1tom, hogy nem fog menni \u2013 az akad\u00e1ly ott lesz k\u00e9s\u0151bb is, amikor m\u00e1r k\u00e9pes leszek megugrani. A lejt\u0151k pedig csak akkor f\u00e9lelmetesek, ha meg\u00e1llsz a tetej\u00fck\u00f6n \u00e9s t\u00fal sok\u00e1ig n\u00e9zel a m\u00e9lybe. Ilyenkor kezdesz el k\u00e9telkedni magadban. Megtanultam, hogy egy gyors terepszemle ut\u00e1n induljak is. Azt hiszem, m\u00e1r el\u00e9rtem egy olyan szintet, ahol megb\u00edzhatok a k\u00e9pess\u00e9geimben \u00e9s \u00e1ltal\u00e1ban j\u00f3l m\u0171k\u00f6dnek a meg\u00e9rz\u00e9seim. Vagy nem\u2026 de legal\u00e1bb megpr\u00f3b\u00e1ltam.<\/p>\n<p><strong><em>A montisok igencsak ki vannak t\u00e9ve a les\u00e9r\u00fcl\u00e9s vesz\u00e9ly\u00e9nek. Neked volt m\u00e1r nagyobb baleseted?<\/em><\/strong><\/p>\n<p>Persze, hogy volt. Amikor elkezdtem az eg\u00e9szet (amikor m\u00e9g fogalmam sem volt arr\u00f3l, hogy mit csin\u00e1lok), siker\u00fclt beszereznem egy j\u00f3 kis kompresszi\u00f3s csigolyat\u00f6r\u00e9st. P\u00e1r \u00e9vvel k\u00e9s\u0151bb pedig szil\u00e1nkosra t\u00f6rtem a bal csukl\u00f3m \u00daj-Z\u00e9landon. Tavaly a jobb kezem t\u00f6r\u00f6tt el, id\u00e9n pedig a bord\u00e1m. T\u00f6bbsz\u00f6r volt agyr\u00e1zk\u00f3d\u00e1som, a horzsol\u00e1sokat \u00e9s a szalag probl\u00e9m\u00e1kat pedig m\u00e1r megsz\u00e1molni sem tudom. \u00c1ltal\u00e1ban buta hib\u00e1kb\u00f3l s\u00e9r\u00fcltem le. Ez\u00e9rt hordok mindig csukl\u00f3v\u00e9d\u0151t, gerincv\u00e9d\u0151t \u00e9s nyakmerev\u00edt\u0151t.<\/p>\n<p><strong><em>A montik mellett gyakran \u00fclsz MX motorbiciklin is. A motoroz\u00e1s seg\u00edt fejleszteni a bicikliz\u00e9shez sz\u00fcks\u00e9ges k\u00e9szs\u00e9geket? Jobb downhilles leszel t\u0151le?<\/em><\/strong><\/p>\n<p>A motocross neh\u00e9z fizikai munka, de ugyanennyire nagy \u00e9lm\u00e9ny is. M\u00e9g csak most tanulom, de azt hiszem hat\u00e1rozottan seg\u00edt a downhillez\u00e9sben. A p\u00e1ly\u00e1k nagyon kem\u00e9nyek \u00e9s arra kellett r\u00e1j\u00f6nn\u00f6m, hogy addig nem baj, ha mindk\u00e9t kereked egyszerre cs\u00faszik a s\u00e1rban, ameddig nem p\u00e1nikolsz be.<\/p>\n<p><a href=\"https:\/\/d2p6e6u75xmxt8.cloudfront.net\/12\/2019\/11\/Monika-Mixova-4.jpg\"><img loading=\"lazy\" decoding=\"async\" class=\"alignnone size-full wp-image-5641\" src=\"https:\/\/d2p6e6u75xmxt8.cloudfront.net\/12\/2019\/11\/Monika-Mixova-4.jpg\" alt=\"\" width=\"1377\" height=\"918\" srcset=\"https:\/\/d2p6e6u75xmxt8.cloudfront.net\/12\/2019\/11\/Monika-Mixova-4.jpg 1377w, https:\/\/d2p6e6u75xmxt8.cloudfront.net\/12\/2019\/11\/Monika-Mixova-4-300x200.jpg 300w, https:\/\/d2p6e6u75xmxt8.cloudfront.net\/12\/2019\/11\/Monika-Mixova-4-768x512.jpg 768w, https:\/\/d2p6e6u75xmxt8.cloudfront.net\/12\/2019\/11\/Monika-Mixova-4-1024x683.jpg 1024w, https:\/\/d2p6e6u75xmxt8.cloudfront.net\/12\/2019\/11\/Monika-Mixova-4-272x182.jpg 272w\" sizes=\"auto, (max-width: 1377px) 100vw, 1377px\" \/><\/a><\/p>\n<p><strong><em>Hogyan szerezt\u00e9l szponzorokat Angil\u00e1ban? Ez egy \u00e1ltal\u00e1nos dolog, ami minden bring\u00e1snak van, vagy szerencs\u00e9d volt?<\/em><\/strong><\/p>\n<p>2017 december\u00e9ben \u00edrtam e-mailt a Stif Mountain Bike-nak, hogy t\u00e1mogat\u00e1st k\u00e9rjek a k\u00f6vetkez\u0151 \u00e9vre. Mivel teljesen \u00faj tagja voltam a k\u00f6z\u00f6ss\u00e9gnek \u00e9s csak 3 versenyen voltam m\u00e9g t\u00fal, nemleges v\u00e1laszra, vagy egy 10%-os kedvezm\u00e9nyre sz\u00e1m\u00edtottam. Tetszett nekik az Instagram profilom \u00e9s l\u00e1ttak bennem potenci\u00e1lt, \u00fagyhogy 2018 febru\u00e1rj\u00e1ban egy sokkal kedvez\u0151bb aj\u00e1nlatot kaptam, mint amire sz\u00e1m\u00edtottam. Santa Cruz Juliana bring\u00e1kkal versenyezhetek \u00e9s nagy b\u00fcszkes\u00e9ggel k\u00e9pviselem a Stif-et a montis esem\u00e9nyeken. Nem hiszem, hogy k\u00f6nny\u0171 szponzort tal\u00e1lni \u2013 valami k\u00fcl\u00f6nlegeset, valami m\u00e1st kell ny\u00fajtanod. Nem az a fontos, hogy te legy\u00e9l a leggyorsabb, hanem hogy \u00e9szrevegyenek \u00e9s pozit\u00edv legyen a kisug\u00e1rz\u00e1sod. Az \u00e9n esetemben a k\u00e9z n\u00e9lk\u00fcli tr\u00fckk\u00f6k \u00e9s a k\u00f6z\u00f6ss\u00e9gi m\u00e9di\u00e1n val\u00f3 megjelen\u00e9sembe fektetett energia \u00e9s id\u0151 volt az, ami egy kis szerencs\u00e9vel egy\u00fctt, szponzorhoz juttatott.<\/p>\n<p><strong><em>Mik a c\u00e9ljaid a k\u00f6vetkez\u0151 szezonra?<\/em><\/strong><\/p>\n<p>Azt tervezem, hogy sokkal t\u00f6bb id\u0151t t\u00f6lt\u00f6k az ugrat\u00f3s bring\u00e1mon \u00e9s t\u00f6k\u00e9letes\u00edtem az ugr\u00e1saimat. Szeretn\u00e9k tov\u00e1bbra is nemzetk\u00f6zi szinten DH versenyeken r\u00e9szt venni. A f\u0151 c\u00e9lom, hogy ne s\u00e9r\u00fcljek meg \u00e9s fejl\u0151djek. Rem\u00e9lem vissza t\u00e9rhetek majd Csehorsz\u00e1gba a biciklimmel egy\u00fctt, de nem hiszem, hogy erre m\u00e1r a k\u00f6vetkez\u0151 \u00e9vben lesz lehet\u0151s\u00e9gem.<\/p>\n","protected":false},"excerpt":{"rendered":"<p>A 30-as \u00e9veiben j\u00e1r\u00f3, cseh Monika Mixova jelenleg Angil\u00e1ban \u00e9l, \u00e9s itt is kezdte meg downhill karrierj\u00e9t: mind\u00f6ssze egy \u00e9v [&hellip;]<\/p>\n","protected":false},"author":71,"featured_media":5643,"comment_status":"open","ping_status":"open","sticky":false,"template":"","format":"standard","meta":{"footnotes":""},"categories":[7],"tags":[],"global-categories":[],"class_list":["post-5637","post","type-post","status-publish","format-standard","has-post-thumbnail","hentry","category-trekking-mtb"],"yoast_head":"<!-- This site is optimized with the Yoast SEO Premium plugin v25.3 (Yoast SEO v25.9) - https:\/\/yoast.com\/wordpress\/plugins\/seo\/ -->\n<title>A l\u00e1ny, aki egy \u00e9v alatt elit downhilles lett - \u0160koda We Love Cycling - Magyarorsz\u00e1g<\/title>\n<meta name=\"robots\" content=\"index, follow, max-snippet:-1, max-image-preview:large, max-video-preview:-1\" \/>\n<link rel=\"canonical\" href=\"https:\/\/www.welovecycling.com\/hu\/trekking-mtb\/a-lany-aki-egy-ev-alatt-elit-downhilles-lett\/\" \/>\n<meta property=\"og:locale\" content=\"hu_HU\" \/>\n<meta property=\"og:type\" content=\"article\" \/>\n<meta property=\"og:title\" content=\"A l\u00e1ny, aki egy \u00e9v alatt elit downhilles lett\" \/>\n<meta property=\"og:description\" content=\"A 30-as \u00e9veiben j\u00e1r\u00f3, cseh Monika Mixova jelenleg Angil\u00e1ban \u00e9l, \u00e9s itt is kezdte meg downhill karrierj\u00e9t: mind\u00f6ssze egy \u00e9v [&hellip;]\" \/>\n<meta property=\"og:url\" content=\"https:\/\/www.welovecycling.com\/hu\/trekking-mtb\/a-lany-aki-egy-ev-alatt-elit-downhilles-lett\/\" \/>\n<meta property=\"og:site_name\" content=\"\u0160koda We Love Cycling - Magyarorsz\u00e1g\" \/>\n<meta property=\"article:publisher\" content=\"https:\/\/www.facebook.com\/WeLoveCyclingHungary\/\" \/>\n<meta property=\"article:published_time\" content=\"2019-11-18T07:00:00+00:00\" \/>\n<meta property=\"og:image\" content=\"https:\/\/d2p6e6u75xmxt8.cloudfront.net\/12\/2019\/11\/Monika-Maxova-CVR.jpg\" \/>\n\t<meta property=\"og:image:width\" content=\"1366\" \/>\n\t<meta property=\"og:image:height\" content=\"600\" \/>\n\t<meta property=\"og:image:type\" content=\"image\/jpeg\" \/>\n<meta name=\"author\" content=\"hegyizs\" \/>\n<meta name=\"twitter:card\" content=\"summary_large_image\" \/>\n<meta name=\"twitter:label1\" content=\"Written by\" \/>\n\t<meta name=\"twitter:data1\" content=\"Adam Marsal\/ Photos: Rich Easton , Sam Needham, Jerry Tatton (JWDT Photography)\" \/>\n\t<meta name=\"twitter:label2\" content=\"Est. reading time\" \/>\n\t<meta name=\"twitter:data2\" content=\"7\" \/>\n<script type=\"application\/ld+json\" class=\"yoast-schema-graph\">{\"@context\":\"https:\/\/schema.org\",\"@graph\":[{\"@type\":\"WebPage\",\"@id\":\"https:\/\/www.welovecycling.com\/hu\/trekking-mtb\/a-lany-aki-egy-ev-alatt-elit-downhilles-lett\/\",\"url\":\"https:\/\/www.welovecycling.com\/hu\/trekking-mtb\/a-lany-aki-egy-ev-alatt-elit-downhilles-lett\/\",\"name\":\"A l\u00e1ny, aki egy \u00e9v alatt elit downhilles lett - \u0160koda We Love Cycling - Magyarorsz\u00e1g\",\"isPartOf\":{\"@id\":\"https:\/\/www.welovecycling.com\/hu\/#website\"},\"primaryImageOfPage\":{\"@id\":\"https:\/\/www.welovecycling.com\/hu\/trekking-mtb\/a-lany-aki-egy-ev-alatt-elit-downhilles-lett\/#primaryimage\"},\"image\":{\"@id\":\"https:\/\/www.welovecycling.com\/hu\/trekking-mtb\/a-lany-aki-egy-ev-alatt-elit-downhilles-lett\/#primaryimage\"},\"thumbnailUrl\":\"https:\/\/d2p6e6u75xmxt8.cloudfront.net\/12\/2019\/11\/Monika-Maxova-CVR.jpg\",\"datePublished\":\"2019-11-18T07:00:00+00:00\",\"author\":{\"@id\":\"https:\/\/www.welovecycling.com\/hu\/#\/schema\/person\/414a2aebf1801691a5320edb6468e194\"},\"breadcrumb\":{\"@id\":\"https:\/\/www.welovecycling.com\/hu\/trekking-mtb\/a-lany-aki-egy-ev-alatt-elit-downhilles-lett\/#breadcrumb\"},\"inLanguage\":\"hu\",\"potentialAction\":[{\"@type\":\"ReadAction\",\"target\":[\"https:\/\/www.welovecycling.com\/hu\/trekking-mtb\/a-lany-aki-egy-ev-alatt-elit-downhilles-lett\/\"]}]},{\"@type\":\"ImageObject\",\"inLanguage\":\"hu\",\"@id\":\"https:\/\/www.welovecycling.com\/hu\/trekking-mtb\/a-lany-aki-egy-ev-alatt-elit-downhilles-lett\/#primaryimage\",\"url\":\"https:\/\/d2p6e6u75xmxt8.cloudfront.net\/12\/2019\/11\/Monika-Maxova-CVR.jpg\",\"contentUrl\":\"https:\/\/d2p6e6u75xmxt8.cloudfront.net\/12\/2019\/11\/Monika-Maxova-CVR.jpg\",\"width\":1366,\"height\":600},{\"@type\":\"BreadcrumbList\",\"@id\":\"https:\/\/www.welovecycling.com\/hu\/trekking-mtb\/a-lany-aki-egy-ev-alatt-elit-downhilles-lett\/#breadcrumb\",\"itemListElement\":[{\"@type\":\"ListItem\",\"position\":1,\"name\":\"Home\",\"item\":\"https:\/\/www.welovecycling.com\/hu\/\"},{\"@type\":\"ListItem\",\"position\":2,\"name\":\"A l\u00e1ny, aki egy \u00e9v alatt elit downhilles lett\"}]},{\"@type\":\"WebSite\",\"@id\":\"https:\/\/www.welovecycling.com\/hu\/#website\",\"url\":\"https:\/\/www.welovecycling.com\/hu\/\",\"name\":\"\u0160koda We Love Cycling - Magyarorsz\u00e1g\",\"description\":\"\u0160koda WeLoveCycling\",\"potentialAction\":[{\"@type\":\"SearchAction\",\"target\":{\"@type\":\"EntryPoint\",\"urlTemplate\":\"https:\/\/www.welovecycling.com\/hu\/?s={search_term_string}\"},\"query-input\":{\"@type\":\"PropertyValueSpecification\",\"valueRequired\":true,\"valueName\":\"search_term_string\"}}],\"inLanguage\":\"hu\"},{\"@type\":\"Person\",\"@id\":\"https:\/\/www.welovecycling.com\/hu\/#\/schema\/person\/414a2aebf1801691a5320edb6468e194\",\"name\":\"hegyizs\",\"image\":{\"@type\":\"ImageObject\",\"inLanguage\":\"hu\",\"@id\":\"https:\/\/www.welovecycling.com\/hu\/#\/schema\/person\/image\/\",\"url\":\"https:\/\/secure.gravatar.com\/avatar\/02cf8a7906b8cf90cecb4679defac7cfd33a1c2e3b88e4903d947f3bb58eedd3?s=96&d=mm&r=g\",\"contentUrl\":\"https:\/\/secure.gravatar.com\/avatar\/02cf8a7906b8cf90cecb4679defac7cfd33a1c2e3b88e4903d947f3bb58eedd3?s=96&d=mm&r=g\",\"caption\":\"hegyizs\"},\"url\":\"https:\/\/www.welovecycling.com\/hu\/author\/hegyizs\/\"}]}<\/script>\n<!-- \/ Yoast SEO Premium plugin. -->","yoast_head_json":{"title":"A l\u00e1ny, aki egy \u00e9v alatt elit downhilles lett - \u0160koda We Love Cycling - Magyarorsz\u00e1g","robots":{"index":"index","follow":"follow","max-snippet":"max-snippet:-1","max-image-preview":"max-image-preview:large","max-video-preview":"max-video-preview:-1"},"canonical":"https:\/\/www.welovecycling.com\/hu\/trekking-mtb\/a-lany-aki-egy-ev-alatt-elit-downhilles-lett\/","og_locale":"hu_HU","og_type":"article","og_title":"A l\u00e1ny, aki egy \u00e9v alatt elit downhilles lett","og_description":"A 30-as \u00e9veiben j\u00e1r\u00f3, cseh Monika Mixova jelenleg Angil\u00e1ban \u00e9l, \u00e9s itt is kezdte meg downhill karrierj\u00e9t: mind\u00f6ssze egy \u00e9v [&hellip;]","og_url":"https:\/\/www.welovecycling.com\/hu\/trekking-mtb\/a-lany-aki-egy-ev-alatt-elit-downhilles-lett\/","og_site_name":"\u0160koda We Love Cycling - Magyarorsz\u00e1g","article_publisher":"https:\/\/www.facebook.com\/WeLoveCyclingHungary\/","article_published_time":"2019-11-18T07:00:00+00:00","og_image":[{"width":1366,"height":600,"url":"https:\/\/d2p6e6u75xmxt8.cloudfront.net\/12\/2019\/11\/Monika-Maxova-CVR.jpg","type":"image\/jpeg"}],"author":"hegyizs","twitter_card":"summary_large_image","twitter_misc":{"Written by":"Adam Marsal\/ Photos: Rich Easton , Sam Needham, Jerry Tatton (JWDT Photography)","Est. reading time":"7"},"schema":{"@context":"https:\/\/schema.org","@graph":[{"@type":"WebPage","@id":"https:\/\/www.welovecycling.com\/hu\/trekking-mtb\/a-lany-aki-egy-ev-alatt-elit-downhilles-lett\/","url":"https:\/\/www.welovecycling.com\/hu\/trekking-mtb\/a-lany-aki-egy-ev-alatt-elit-downhilles-lett\/","name":"A l\u00e1ny, aki egy \u00e9v alatt elit downhilles lett - \u0160koda We Love Cycling - Magyarorsz\u00e1g","isPartOf":{"@id":"https:\/\/www.welovecycling.com\/hu\/#website"},"primaryImageOfPage":{"@id":"https:\/\/www.welovecycling.com\/hu\/trekking-mtb\/a-lany-aki-egy-ev-alatt-elit-downhilles-lett\/#primaryimage"},"image":{"@id":"https:\/\/www.welovecycling.com\/hu\/trekking-mtb\/a-lany-aki-egy-ev-alatt-elit-downhilles-lett\/#primaryimage"},"thumbnailUrl":"https:\/\/d2p6e6u75xmxt8.cloudfront.net\/12\/2019\/11\/Monika-Maxova-CVR.jpg","datePublished":"2019-11-18T07:00:00+00:00","author":{"@id":"https:\/\/www.welovecycling.com\/hu\/#\/schema\/person\/414a2aebf1801691a5320edb6468e194"},"breadcrumb":{"@id":"https:\/\/www.welovecycling.com\/hu\/trekking-mtb\/a-lany-aki-egy-ev-alatt-elit-downhilles-lett\/#breadcrumb"},"inLanguage":"hu","potentialAction":[{"@type":"ReadAction","target":["https:\/\/www.welovecycling.com\/hu\/trekking-mtb\/a-lany-aki-egy-ev-alatt-elit-downhilles-lett\/"]}]},{"@type":"ImageObject","inLanguage":"hu","@id":"https:\/\/www.welovecycling.com\/hu\/trekking-mtb\/a-lany-aki-egy-ev-alatt-elit-downhilles-lett\/#primaryimage","url":"https:\/\/d2p6e6u75xmxt8.cloudfront.net\/12\/2019\/11\/Monika-Maxova-CVR.jpg","contentUrl":"https:\/\/d2p6e6u75xmxt8.cloudfront.net\/12\/2019\/11\/Monika-Maxova-CVR.jpg","width":1366,"height":600},{"@type":"BreadcrumbList","@id":"https:\/\/www.welovecycling.com\/hu\/trekking-mtb\/a-lany-aki-egy-ev-alatt-elit-downhilles-lett\/#breadcrumb","itemListElement":[{"@type":"ListItem","position":1,"name":"Home","item":"https:\/\/www.welovecycling.com\/hu\/"},{"@type":"ListItem","position":2,"name":"A l\u00e1ny, aki egy \u00e9v alatt elit downhilles lett"}]},{"@type":"WebSite","@id":"https:\/\/www.welovecycling.com\/hu\/#website","url":"https:\/\/www.welovecycling.com\/hu\/","name":"\u0160koda We Love Cycling - Magyarorsz\u00e1g","description":"\u0160koda WeLoveCycling","potentialAction":[{"@type":"SearchAction","target":{"@type":"EntryPoint","urlTemplate":"https:\/\/www.welovecycling.com\/hu\/?s={search_term_string}"},"query-input":{"@type":"PropertyValueSpecification","valueRequired":true,"valueName":"search_term_string"}}],"inLanguage":"hu"},{"@type":"Person","@id":"https:\/\/www.welovecycling.com\/hu\/#\/schema\/person\/414a2aebf1801691a5320edb6468e194","name":"hegyizs","image":{"@type":"ImageObject","inLanguage":"hu","@id":"https:\/\/www.welovecycling.com\/hu\/#\/schema\/person\/image\/","url":"https:\/\/secure.gravatar.com\/avatar\/02cf8a7906b8cf90cecb4679defac7cfd33a1c2e3b88e4903d947f3bb58eedd3?s=96&d=mm&r=g","contentUrl":"https:\/\/secure.gravatar.com\/avatar\/02cf8a7906b8cf90cecb4679defac7cfd33a1c2e3b88e4903d947f3bb58eedd3?s=96&d=mm&r=g","caption":"hegyizs"},"url":"https:\/\/www.welovecycling.com\/hu\/author\/hegyizs\/"}]}},"_links":{"self":[{"href":"https:\/\/www.welovecycling.com\/hu\/wp-json\/wp\/v2\/posts\/5637","targetHints":{"allow":["GET"]}}],"collection":[{"href":"https:\/\/www.welovecycling.com\/hu\/wp-json\/wp\/v2\/posts"}],"about":[{"href":"https:\/\/www.welovecycling.com\/hu\/wp-json\/wp\/v2\/types\/post"}],"author":[{"embeddable":true,"href":"https:\/\/www.welovecycling.com\/hu\/wp-json\/wp\/v2\/users\/71"}],"replies":[{"embeddable":true,"href":"https:\/\/www.welovecycling.com\/hu\/wp-json\/wp\/v2\/comments?post=5637"}],"version-history":[{"count":2,"href":"https:\/\/www.welovecycling.com\/hu\/wp-json\/wp\/v2\/posts\/5637\/revisions"}],"predecessor-version":[{"id":5680,"href":"https:\/\/www.welovecycling.com\/hu\/wp-json\/wp\/v2\/posts\/5637\/revisions\/5680"}],"wp:featuredmedia":[{"embeddable":true,"href":"https:\/\/www.welovecycling.com\/hu\/wp-json\/wp\/v2\/media\/5643"}],"wp:attachment":[{"href":"https:\/\/www.welovecycling.com\/hu\/wp-json\/wp\/v2\/media?parent=5637"}],"wp:term":[{"taxonomy":"category","embeddable":true,"href":"https:\/\/www.welovecycling.com\/hu\/wp-json\/wp\/v2\/categories?post=5637"},{"taxonomy":"post_tag","embeddable":true,"href":"https:\/\/www.welovecycling.com\/hu\/wp-json\/wp\/v2\/tags?post=5637"},{"taxonomy":"global-categories","embeddable":true,"href":"https:\/\/www.welovecycling.com\/hu\/wp-json\/wp\/v2\/global-categories?post=5637"}],"curies":[{"name":"wp","href":"https:\/\/api.w.org\/{rel}","templated":true}]}}