{"id":5615,"date":"2019-11-14T08:07:12","date_gmt":"2019-11-14T07:07:12","guid":{"rendered":"https:\/\/www.welovecycling.com\/hu\/?p=5615"},"modified":"2019-11-09T12:25:21","modified_gmt":"2019-11-09T11:25:21","slug":"ne-a-kormanyt-hibaztasd-cselekedj","status":"publish","type":"post","link":"https:\/\/www.welovecycling.com\/hu\/edzes-es-eletmod\/ne-a-kormanyt-hibaztasd-cselekedj\/","title":{"rendered":"Ne a korm\u00e1nyt hib\u00e1ztasd, cselekedj!"},"content":{"rendered":"<p><strong>A korm\u00e1nycsap\u00e1gy egy jelent\u00e9ktelennek t\u0171n\u0151 alkatr\u00e9sz, hiszen alig csin\u00e1l valamit, m\u00e9g teljes fordulatot sem tesz. Csak ott van a bringa elej\u00e9ben, ha ford\u00edtjuk a korm\u00e1nyt, fordul a ker\u00e9k, semmi \u00e9rdekes. M\u00e9gis, a korm\u00e1nycsap\u00e1gy is ig\u00e9nyli a t\u00f6r\u0151d\u00e9st, hiszen komoly terhel\u00e9st kap, k\u00f6zben pedig por \u00e9s v\u00edz is \u00e9ri. \u00c9rdemes r\u00e1 odafigyelni. <\/strong><!--more--><\/p>\n<p>Napjainkban k\u00e9t f\u0151 korm\u00e1nycsap\u00e1gy-rendszerrel vehet\u00fcnk biciklit: a lassan egyeduralkod\u00f3 A-headessel, \u00e9s a r\u00e9gebben haszn\u00e1lt menetessel. Az elt\u00e9r\u00e9s komoly, hiszen a r\u00e9gebbi, menetesn\u00e9l nem csak a csap\u00e1gyak, de a villanyak is m\u00e1s, ugyanis ezen is van egy menet. Enn\u00e9l a megold\u00e1sn\u00e1l a csap\u00e1gyak cs\u00e9sz\u00e9kben vannak, ezeket \u00fagy pr\u00e9selik bele a homlokcs\u0151be. A csap\u00e1gy be\u00e1ll\u00edt\u00e1sa a menettel t\u00f6rt\u00e9nik, majd a megfelel\u0151 be\u00e1ll\u00edt\u00e1s ut\u00e1n egy kontraany\u00e1val r\u00f6gz\u00fcl a korm\u00e1nysz\u00e1r.<\/p>\n<figure id=\"attachment_5617\" aria-describedby=\"caption-attachment-5617\" style=\"width: 264px\" class=\"wp-caption aligncenter\"><img loading=\"lazy\" decoding=\"async\" class=\"size-full wp-image-5617\" src=\"https:\/\/d2p6e6u75xmxt8.cloudfront.net\/12\/2019\/11\/image002.jpg\" alt=\"\" width=\"264\" height=\"264\" srcset=\"https:\/\/d2p6e6u75xmxt8.cloudfront.net\/12\/2019\/11\/image002.jpg 264w, https:\/\/d2p6e6u75xmxt8.cloudfront.net\/12\/2019\/11\/image002-150x150.jpg 150w\" sizes=\"auto, (max-width: 264px) 100vw, 264px\" \/><figcaption id=\"caption-attachment-5617\" class=\"wp-caption-text\">Menetes korm\u00e1nycsap\u00e1gy<\/figcaption><\/figure>\n<p>Az A-heades rendszern\u00e9l ezzel szemben nem mindig csap\u00e1gycs\u00e9sz\u00e9ben vannak a csap\u00e1gyak, l\u00e9tezik integr\u00e1lt \u00e9s f\u00e9lintegr\u00e1lt v\u00e1ltozat is. Integr\u00e1ltakn\u00e1l az ipari csap\u00e1gy k\u00f6zvetlen\u00fcl a homlokcs\u0151ben helyezkedik el, a f\u00e9lintegr\u00e1ltakn\u00e1l egy k\u00f6ztes ac\u00e9lcs\u00e9sze ker\u00fcl a v\u00e1z anyaga \u00e9s a csap\u00e1gy k\u00f6z\u00e9, v\u00e9dve ezzel a v\u00e1zat. Manaps\u00e1g m\u00e1r szinte csak a legrosszabb min\u0151s\u00e9g\u0171, \u00e1ruh\u00e1zi b\u00f3vli bring\u00e1k nem A-head-es szabv\u00e1ny\u00faak, nincs is olyan bringabolt, ahol ne kaphatn\u00e1nk ehhez val\u00f3 t\u00e1vtart\u00f3kat, csap\u00e1gyakat, vagy b\u00e1rmit, ami kell.<\/p>\n<p><img loading=\"lazy\" decoding=\"async\" class=\"aligncenter size-full wp-image-5618\" src=\"https:\/\/d2p6e6u75xmxt8.cloudfront.net\/12\/2019\/11\/image003.jpg\" alt=\"\" width=\"631\" height=\"304\" srcset=\"https:\/\/d2p6e6u75xmxt8.cloudfront.net\/12\/2019\/11\/image003.jpg 631w, https:\/\/d2p6e6u75xmxt8.cloudfront.net\/12\/2019\/11\/image003-300x145.jpg 300w\" sizes=\"auto, (max-width: 631px) 100vw, 631px\" \/><\/p>\n<p>Szerel\u00e9s szempontj\u00e1b\u00f3l sokkal k\u00f6nnyebb dolgunk van az A-headdel, f\u0151leg, ha nem k\u00f3nuszos, hanem z\u00e1rt, ipari csap\u00e1gyas. Ilyenkor el\u00e9g levenni z\u00e1r\u00f3kupakot a villanyakr\u00f3l, oldani a korm\u00e1nysz\u00e1r csavarjait, majd a villa kih\u00fazhat\u00f3 a v\u00e1zb\u00f3l. El\u0151fordulhat, hogy az elhanyagolts\u00e1g miatt nem j\u00f6n sz\u00e9t a csap\u00e1gyegy\u00fcttes a r\u00f6gz\u00edt\u0151\u00e9kn\u00e9l, ilyenkor old\u00f3szerrel \u00e9s gumikalap\u00e1csos kocogtat\u00e1ssal \u00e9rdemes pr\u00f3b\u00e1lkozni. Ha az ipari csap\u00e1gy t\u00f6nkremegy, csak a csere javasolt, jellemz\u0151 t\u00fcnet a kotyog\u00e1s, az akadoz\u00f3 mozg\u00e1s, vagy ropog\u00e1s komolyabb terhel\u00e9sn\u00e9l. Ha viszont k\u00f3nuszos az A-head, akkor a cs\u00e9sz\u00e9k \u00e9s goly\u00f3k megtiszt\u00edt\u00e1sa \u00e9s \u00fajraken\u00e9se is el\u00e9g lehet, mivel a probl\u00e9m\u00e1t sokszor a porv\u00e9d\u0151 al\u00e1 jutott szennyez\u0151d\u00e9s okozza.<\/p>\n<p><img loading=\"lazy\" decoding=\"async\" class=\"aligncenter size-full wp-image-5619\" src=\"https:\/\/d2p6e6u75xmxt8.cloudfront.net\/12\/2019\/11\/image004.jpg\" alt=\"\" width=\"417\" height=\"235\" srcset=\"https:\/\/d2p6e6u75xmxt8.cloudfront.net\/12\/2019\/11\/image004.jpg 417w, https:\/\/d2p6e6u75xmxt8.cloudfront.net\/12\/2019\/11\/image004-300x169.jpg 300w\" sizes=\"auto, (max-width: 417px) 100vw, 417px\" \/><\/p>\n<p>Sz\u00e9tszerel\u00e9s k\u00f6zben viszont \u00e9rdemes odafigyelni arra, hogy a t\u00e1vtart\u00f3kat, porv\u00e9d\u0151ket, r\u00f6gz\u00edt\u0151\u00e9ket milyen sorrendben szedt\u00fck le, mert az \u00f6sszeszerel\u00e9sn\u00e9l is \u00edgy kell majd \u00f6sszerakni. Ha a villa bent van a v\u00e1zban, \u00e9s az A-head minden alkatr\u00e9sze is stimmel, j\u00f6het a z\u00e1r\u00f3kupak. Ez jellemz\u0151en a villanyakba \u00fct\u00f6tt \u00fan. r\u00f3zsa menet\u00e9be kell belehajtani. A r\u00f3zsa tulajdonk\u00e9ppen egy k\u00e9t lemezb\u0151l \u00e1ll\u00f3 dug\u00f3, amelyet csak egy ir\u00e1nyba lehet be\u00fctni a cs\u0151be, a lemezek kialak\u00edt\u00e1sa miatt kih\u00fazni szinte lehetetlen.<\/p>\n<p>Emiatt alkalmas arra, hogy az A-head kupak csavarj\u00e1t behajtva \u00f6sszeh\u00fazza a csap\u00e1gyakat \u00e9s a porv\u00e9d\u0151ket. A be\u00e1ll\u00edt\u00e1s nagyon prec\u00edz m\u0171velet, ha nem h\u00fazzuk meg el\u00e9gg\u00e9, l\u00f3gni fog a villa, ha t\u00falh\u00fazzuk, s\u00e9r\u00fclnek a csap\u00e1gyak, \u00e9rdemes t\u00f6bbsz\u00f6r ellen\u0151rizni, miel\u0151tt t\u00falfordulna az imbusz. Ha siker\u00fclt be\u00e1ll\u00edtani, m\u00e1r csak a korm\u00e1nysz\u00e1r bilincscsavarjait kell megh\u00fazni, de persze csak miut\u00e1n be\u00e1ll\u00edtottuk a korm\u00e1ny k\u00f6z\u00e9p\u00e1ll\u00e1s\u00e1t.<\/p>\n<p>A menetes vill\u00e1kn\u00e1l a karbantart\u00e1s hasonl\u00f3 l\u00e9p\u00e9sekb\u0151l \u00e1ll, mint az A-headn\u00e9l: tiszt\u00edt\u00e1s \u00e9s ken\u00e9s. Ha esetleg a csap\u00e1gygoly\u00f3k deform\u00e1l\u00f3dtak, vagy s\u00e9r\u00fclt a cs\u00e9sze, ezeket \u00e9rdemes cser\u00e9lni, igaz ez a t\u0171g\u00f6rg\u0151s v\u00e1ltozatokra is. Miut\u00e1n kiemelt\u00fck az egy csavarral oldhat\u00f3 korm\u00e1nysz\u00e1rat a villanyakb\u00f3l, a menetes korm\u00e1nycsap\u00e1gy megbont\u00e1s\u00e1hoz a kontraany\u00e1t kell el\u0151sz\u00f6r leszedni, majd az alatta l\u00e9v\u0151 any\u00e1t letekerve kiemelhet\u0151 a villa a v\u00e1zb\u00f3l. Miut\u00e1n elv\u00e9gezt\u00fck a tiszt\u00edt\u00e1st, \u00e9s \u00f6sszeraktuk a csap\u00e1gyat, itt is komolyan kell venni a be\u00e1ll\u00edt\u00e1st, \u00e9rdemes t\u00f6bbsz\u00f6r, ak\u00e1r egyszerre csak millim\u00e9tereket ford\u00edtani az any\u00e1t, miel\u0151tt r\u00e1h\u00fazzuk a kontr\u00e1t, mivel \u00edgy tudjuk elker\u00fclni a csap\u00e1gyak roncsol\u00e1s\u00e1t.<\/p>\n<p><img loading=\"lazy\" decoding=\"async\" class=\"aligncenter size-full wp-image-5620\" src=\"https:\/\/d2p6e6u75xmxt8.cloudfront.net\/12\/2019\/11\/image005.jpg\" alt=\"\" width=\"545\" height=\"307\" srcset=\"https:\/\/d2p6e6u75xmxt8.cloudfront.net\/12\/2019\/11\/image005.jpg 545w, https:\/\/d2p6e6u75xmxt8.cloudfront.net\/12\/2019\/11\/image005-300x169.jpg 300w\" sizes=\"auto, (max-width: 545px) 100vw, 545px\" \/><\/p>\n<p>A korm\u00e1nycsap\u00e1gy karbantart\u00e1sa sok esetben otthon, p\u00e1r alapvet\u0151 szersz\u00e1mmal \u00e9s minim\u00e1lis m\u0171szaki \u00e9rz\u00e9kkel megoldhat\u00f3. Ellenben, ha nem vagyunk biztosak a dolgunkban egy nagyobb \u00e9rt\u00e9k\u0171 bring\u00e1n\u00e1l, \u00e9rdemes szakemberhez fordulni, mert egy meggondolatlan mozdulattal is okozhatunk komoly k\u00e1rt. Egy biztos: ak\u00e1rmennyire is jelent\u00e9ktelennek t\u0171nik, a korm\u00e1nycsap\u00e1ggyal is t\u00f6r\u0151dni kell!<\/p>\n","protected":false},"excerpt":{"rendered":"<p>A korm\u00e1nycsap\u00e1gy egy jelent\u00e9ktelennek t\u0171n\u0151 alkatr\u00e9sz, hiszen alig csin\u00e1l valamit, m\u00e9g teljes fordulatot sem tesz. Csak ott van a bringa [&hellip;]<\/p>\n","protected":false},"author":71,"featured_media":5616,"comment_status":"open","ping_status":"open","sticky":false,"template":"","format":"standard","meta":{"footnotes":""},"categories":[6],"tags":[],"global-categories":[],"class_list":["post-5615","post","type-post","status-publish","format-standard","has-post-thumbnail","hentry","category-edzes-es-eletmod"],"yoast_head":"<!-- This site is optimized with the Yoast SEO Premium plugin v25.3 (Yoast SEO v25.9) - https:\/\/yoast.com\/wordpress\/plugins\/seo\/ -->\n<title>Ne a korm\u00e1nyt hib\u00e1ztasd, cselekedj! - \u0160koda We Love Cycling - Magyarorsz\u00e1g<\/title>\n<meta name=\"robots\" content=\"index, follow, max-snippet:-1, max-image-preview:large, max-video-preview:-1\" \/>\n<link rel=\"canonical\" href=\"https:\/\/www.welovecycling.com\/hu\/edzes-es-eletmod\/ne-a-kormanyt-hibaztasd-cselekedj\/\" \/>\n<meta property=\"og:locale\" content=\"hu_HU\" \/>\n<meta property=\"og:type\" content=\"article\" \/>\n<meta property=\"og:title\" content=\"Ne a korm\u00e1nyt hib\u00e1ztasd, cselekedj!\" \/>\n<meta property=\"og:description\" content=\"A korm\u00e1nycsap\u00e1gy egy jelent\u00e9ktelennek t\u0171n\u0151 alkatr\u00e9sz, hiszen alig csin\u00e1l valamit, m\u00e9g teljes fordulatot sem tesz. Csak ott van a bringa [&hellip;]\" \/>\n<meta property=\"og:url\" content=\"https:\/\/www.welovecycling.com\/hu\/edzes-es-eletmod\/ne-a-kormanyt-hibaztasd-cselekedj\/\" \/>\n<meta property=\"og:site_name\" content=\"\u0160koda We Love Cycling - Magyarorsz\u00e1g\" \/>\n<meta property=\"article:publisher\" content=\"https:\/\/www.facebook.com\/WeLoveCyclingHungary\/\" \/>\n<meta property=\"article:published_time\" content=\"2019-11-14T07:07:12+00:00\" \/>\n<meta property=\"og:image\" content=\"https:\/\/d2p6e6u75xmxt8.cloudfront.net\/12\/2019\/11\/kormany.jpg\" \/>\n\t<meta property=\"og:image:width\" content=\"2880\" \/>\n\t<meta property=\"og:image:height\" content=\"1624\" \/>\n\t<meta property=\"og:image:type\" content=\"image\/jpeg\" \/>\n<meta name=\"author\" content=\"hegyizs\" \/>\n<meta name=\"twitter:card\" content=\"summary_large_image\" \/>\n<meta name=\"twitter:label1\" content=\"Written by\" \/>\n\t<meta name=\"twitter:data1\" content=\"WLC\" \/>\n\t<meta name=\"twitter:label2\" content=\"Est. reading time\" \/>\n\t<meta name=\"twitter:data2\" content=\"4 minutes\" \/>\n<script type=\"application\/ld+json\" class=\"yoast-schema-graph\">{\"@context\":\"https:\/\/schema.org\",\"@graph\":[{\"@type\":\"WebPage\",\"@id\":\"https:\/\/www.welovecycling.com\/hu\/edzes-es-eletmod\/ne-a-kormanyt-hibaztasd-cselekedj\/\",\"url\":\"https:\/\/www.welovecycling.com\/hu\/edzes-es-eletmod\/ne-a-kormanyt-hibaztasd-cselekedj\/\",\"name\":\"Ne a korm\u00e1nyt hib\u00e1ztasd, cselekedj! - \u0160koda We Love Cycling - Magyarorsz\u00e1g\",\"isPartOf\":{\"@id\":\"https:\/\/www.welovecycling.com\/hu\/#website\"},\"primaryImageOfPage\":{\"@id\":\"https:\/\/www.welovecycling.com\/hu\/edzes-es-eletmod\/ne-a-kormanyt-hibaztasd-cselekedj\/#primaryimage\"},\"image\":{\"@id\":\"https:\/\/www.welovecycling.com\/hu\/edzes-es-eletmod\/ne-a-kormanyt-hibaztasd-cselekedj\/#primaryimage\"},\"thumbnailUrl\":\"https:\/\/d2p6e6u75xmxt8.cloudfront.net\/12\/2019\/11\/kormany.jpg\",\"datePublished\":\"2019-11-14T07:07:12+00:00\",\"author\":{\"@id\":\"https:\/\/www.welovecycling.com\/hu\/#\/schema\/person\/414a2aebf1801691a5320edb6468e194\"},\"breadcrumb\":{\"@id\":\"https:\/\/www.welovecycling.com\/hu\/edzes-es-eletmod\/ne-a-kormanyt-hibaztasd-cselekedj\/#breadcrumb\"},\"inLanguage\":\"hu\",\"potentialAction\":[{\"@type\":\"ReadAction\",\"target\":[\"https:\/\/www.welovecycling.com\/hu\/edzes-es-eletmod\/ne-a-kormanyt-hibaztasd-cselekedj\/\"]}]},{\"@type\":\"ImageObject\",\"inLanguage\":\"hu\",\"@id\":\"https:\/\/www.welovecycling.com\/hu\/edzes-es-eletmod\/ne-a-kormanyt-hibaztasd-cselekedj\/#primaryimage\",\"url\":\"https:\/\/d2p6e6u75xmxt8.cloudfront.net\/12\/2019\/11\/kormany.jpg\",\"contentUrl\":\"https:\/\/d2p6e6u75xmxt8.cloudfront.net\/12\/2019\/11\/kormany.jpg\",\"width\":2880,\"height\":1624},{\"@type\":\"BreadcrumbList\",\"@id\":\"https:\/\/www.welovecycling.com\/hu\/edzes-es-eletmod\/ne-a-kormanyt-hibaztasd-cselekedj\/#breadcrumb\",\"itemListElement\":[{\"@type\":\"ListItem\",\"position\":1,\"name\":\"Home\",\"item\":\"https:\/\/www.welovecycling.com\/hu\/\"},{\"@type\":\"ListItem\",\"position\":2,\"name\":\"Ne a korm\u00e1nyt hib\u00e1ztasd, cselekedj!\"}]},{\"@type\":\"WebSite\",\"@id\":\"https:\/\/www.welovecycling.com\/hu\/#website\",\"url\":\"https:\/\/www.welovecycling.com\/hu\/\",\"name\":\"\u0160koda We Love Cycling - Magyarorsz\u00e1g\",\"description\":\"\u0160koda WeLoveCycling\",\"potentialAction\":[{\"@type\":\"SearchAction\",\"target\":{\"@type\":\"EntryPoint\",\"urlTemplate\":\"https:\/\/www.welovecycling.com\/hu\/?s={search_term_string}\"},\"query-input\":{\"@type\":\"PropertyValueSpecification\",\"valueRequired\":true,\"valueName\":\"search_term_string\"}}],\"inLanguage\":\"hu\"},{\"@type\":\"Person\",\"@id\":\"https:\/\/www.welovecycling.com\/hu\/#\/schema\/person\/414a2aebf1801691a5320edb6468e194\",\"name\":\"hegyizs\",\"image\":{\"@type\":\"ImageObject\",\"inLanguage\":\"hu\",\"@id\":\"https:\/\/www.welovecycling.com\/hu\/#\/schema\/person\/image\/\",\"url\":\"https:\/\/secure.gravatar.com\/avatar\/02cf8a7906b8cf90cecb4679defac7cfd33a1c2e3b88e4903d947f3bb58eedd3?s=96&d=mm&r=g\",\"contentUrl\":\"https:\/\/secure.gravatar.com\/avatar\/02cf8a7906b8cf90cecb4679defac7cfd33a1c2e3b88e4903d947f3bb58eedd3?s=96&d=mm&r=g\",\"caption\":\"hegyizs\"},\"url\":\"https:\/\/www.welovecycling.com\/hu\/author\/hegyizs\/\"}]}<\/script>\n<!-- \/ Yoast SEO Premium plugin. -->","yoast_head_json":{"title":"Ne a korm\u00e1nyt hib\u00e1ztasd, cselekedj! - \u0160koda We Love Cycling - Magyarorsz\u00e1g","robots":{"index":"index","follow":"follow","max-snippet":"max-snippet:-1","max-image-preview":"max-image-preview:large","max-video-preview":"max-video-preview:-1"},"canonical":"https:\/\/www.welovecycling.com\/hu\/edzes-es-eletmod\/ne-a-kormanyt-hibaztasd-cselekedj\/","og_locale":"hu_HU","og_type":"article","og_title":"Ne a korm\u00e1nyt hib\u00e1ztasd, cselekedj!","og_description":"A korm\u00e1nycsap\u00e1gy egy jelent\u00e9ktelennek t\u0171n\u0151 alkatr\u00e9sz, hiszen alig csin\u00e1l valamit, m\u00e9g teljes fordulatot sem tesz. Csak ott van a bringa [&hellip;]","og_url":"https:\/\/www.welovecycling.com\/hu\/edzes-es-eletmod\/ne-a-kormanyt-hibaztasd-cselekedj\/","og_site_name":"\u0160koda We Love Cycling - Magyarorsz\u00e1g","article_publisher":"https:\/\/www.facebook.com\/WeLoveCyclingHungary\/","article_published_time":"2019-11-14T07:07:12+00:00","og_image":[{"width":2880,"height":1624,"url":"https:\/\/d2p6e6u75xmxt8.cloudfront.net\/12\/2019\/11\/kormany.jpg","type":"image\/jpeg"}],"author":"hegyizs","twitter_card":"summary_large_image","twitter_misc":{"Written by":"WLC","Est. reading time":"4 minutes"},"schema":{"@context":"https:\/\/schema.org","@graph":[{"@type":"WebPage","@id":"https:\/\/www.welovecycling.com\/hu\/edzes-es-eletmod\/ne-a-kormanyt-hibaztasd-cselekedj\/","url":"https:\/\/www.welovecycling.com\/hu\/edzes-es-eletmod\/ne-a-kormanyt-hibaztasd-cselekedj\/","name":"Ne a korm\u00e1nyt hib\u00e1ztasd, cselekedj! - \u0160koda We Love Cycling - Magyarorsz\u00e1g","isPartOf":{"@id":"https:\/\/www.welovecycling.com\/hu\/#website"},"primaryImageOfPage":{"@id":"https:\/\/www.welovecycling.com\/hu\/edzes-es-eletmod\/ne-a-kormanyt-hibaztasd-cselekedj\/#primaryimage"},"image":{"@id":"https:\/\/www.welovecycling.com\/hu\/edzes-es-eletmod\/ne-a-kormanyt-hibaztasd-cselekedj\/#primaryimage"},"thumbnailUrl":"https:\/\/d2p6e6u75xmxt8.cloudfront.net\/12\/2019\/11\/kormany.jpg","datePublished":"2019-11-14T07:07:12+00:00","author":{"@id":"https:\/\/www.welovecycling.com\/hu\/#\/schema\/person\/414a2aebf1801691a5320edb6468e194"},"breadcrumb":{"@id":"https:\/\/www.welovecycling.com\/hu\/edzes-es-eletmod\/ne-a-kormanyt-hibaztasd-cselekedj\/#breadcrumb"},"inLanguage":"hu","potentialAction":[{"@type":"ReadAction","target":["https:\/\/www.welovecycling.com\/hu\/edzes-es-eletmod\/ne-a-kormanyt-hibaztasd-cselekedj\/"]}]},{"@type":"ImageObject","inLanguage":"hu","@id":"https:\/\/www.welovecycling.com\/hu\/edzes-es-eletmod\/ne-a-kormanyt-hibaztasd-cselekedj\/#primaryimage","url":"https:\/\/d2p6e6u75xmxt8.cloudfront.net\/12\/2019\/11\/kormany.jpg","contentUrl":"https:\/\/d2p6e6u75xmxt8.cloudfront.net\/12\/2019\/11\/kormany.jpg","width":2880,"height":1624},{"@type":"BreadcrumbList","@id":"https:\/\/www.welovecycling.com\/hu\/edzes-es-eletmod\/ne-a-kormanyt-hibaztasd-cselekedj\/#breadcrumb","itemListElement":[{"@type":"ListItem","position":1,"name":"Home","item":"https:\/\/www.welovecycling.com\/hu\/"},{"@type":"ListItem","position":2,"name":"Ne a korm\u00e1nyt hib\u00e1ztasd, cselekedj!"}]},{"@type":"WebSite","@id":"https:\/\/www.welovecycling.com\/hu\/#website","url":"https:\/\/www.welovecycling.com\/hu\/","name":"\u0160koda We Love Cycling - Magyarorsz\u00e1g","description":"\u0160koda WeLoveCycling","potentialAction":[{"@type":"SearchAction","target":{"@type":"EntryPoint","urlTemplate":"https:\/\/www.welovecycling.com\/hu\/?s={search_term_string}"},"query-input":{"@type":"PropertyValueSpecification","valueRequired":true,"valueName":"search_term_string"}}],"inLanguage":"hu"},{"@type":"Person","@id":"https:\/\/www.welovecycling.com\/hu\/#\/schema\/person\/414a2aebf1801691a5320edb6468e194","name":"hegyizs","image":{"@type":"ImageObject","inLanguage":"hu","@id":"https:\/\/www.welovecycling.com\/hu\/#\/schema\/person\/image\/","url":"https:\/\/secure.gravatar.com\/avatar\/02cf8a7906b8cf90cecb4679defac7cfd33a1c2e3b88e4903d947f3bb58eedd3?s=96&d=mm&r=g","contentUrl":"https:\/\/secure.gravatar.com\/avatar\/02cf8a7906b8cf90cecb4679defac7cfd33a1c2e3b88e4903d947f3bb58eedd3?s=96&d=mm&r=g","caption":"hegyizs"},"url":"https:\/\/www.welovecycling.com\/hu\/author\/hegyizs\/"}]}},"_links":{"self":[{"href":"https:\/\/www.welovecycling.com\/hu\/wp-json\/wp\/v2\/posts\/5615","targetHints":{"allow":["GET"]}}],"collection":[{"href":"https:\/\/www.welovecycling.com\/hu\/wp-json\/wp\/v2\/posts"}],"about":[{"href":"https:\/\/www.welovecycling.com\/hu\/wp-json\/wp\/v2\/types\/post"}],"author":[{"embeddable":true,"href":"https:\/\/www.welovecycling.com\/hu\/wp-json\/wp\/v2\/users\/71"}],"replies":[{"embeddable":true,"href":"https:\/\/www.welovecycling.com\/hu\/wp-json\/wp\/v2\/comments?post=5615"}],"version-history":[{"count":1,"href":"https:\/\/www.welovecycling.com\/hu\/wp-json\/wp\/v2\/posts\/5615\/revisions"}],"predecessor-version":[{"id":5621,"href":"https:\/\/www.welovecycling.com\/hu\/wp-json\/wp\/v2\/posts\/5615\/revisions\/5621"}],"wp:featuredmedia":[{"embeddable":true,"href":"https:\/\/www.welovecycling.com\/hu\/wp-json\/wp\/v2\/media\/5616"}],"wp:attachment":[{"href":"https:\/\/www.welovecycling.com\/hu\/wp-json\/wp\/v2\/media?parent=5615"}],"wp:term":[{"taxonomy":"category","embeddable":true,"href":"https:\/\/www.welovecycling.com\/hu\/wp-json\/wp\/v2\/categories?post=5615"},{"taxonomy":"post_tag","embeddable":true,"href":"https:\/\/www.welovecycling.com\/hu\/wp-json\/wp\/v2\/tags?post=5615"},{"taxonomy":"global-categories","embeddable":true,"href":"https:\/\/www.welovecycling.com\/hu\/wp-json\/wp\/v2\/global-categories?post=5615"}],"curies":[{"name":"wp","href":"https:\/\/api.w.org\/{rel}","templated":true}]}}