{"id":5606,"date":"2019-11-12T08:00:57","date_gmt":"2019-11-12T07:00:57","guid":{"rendered":"https:\/\/www.welovecycling.com\/hu\/?p=5606"},"modified":"2019-11-09T12:22:54","modified_gmt":"2019-11-09T11:22:54","slug":"betegen-edzeni","status":"publish","type":"post","link":"https:\/\/www.welovecycling.com\/hu\/edzes-es-eletmod\/betegen-edzeni\/","title":{"rendered":"Betegen edzeni?"},"content":{"rendered":"<p><strong>M\u00e1r \u00e9ppen hozz\u00e1szokt\u00e1l az edz\u00e9s-rutinodhoz: est\u00e9nk\u00e9nt a konditerembe m\u00e9sz a kocsma helyett, hi\u00e1ba van hatalmas akci\u00f3 a kedvenc italodra. M\u00e9g a reggeli teker\u00e9seket is betartod \u2013 \u00e9s ami m\u00e9g leny\u0171g\u00f6z\u0151bb, nem csalsz az \u00e9tkez\u00e9sek sor\u00e1n sem! \u00dagy fest, hogy semmi sem \u00e1ll\u00edthat meg abban, hogy el\u00e9rd a kit\u0171z\u00f6tt c\u00e9lokat \u2013 eg\u00e9szen addig, ameddig el nem kezded \u00e9rezni azt a kis kapar\u00e1st a torkodban.<\/strong><!--more--><\/p>\n<p>Itt van az \u0151sz, hullanak a falevelek, cs\u00f6kken a h\u0151m\u00e9rs\u00e9klet, f\u00faj a sz\u00e9l \u00e9s tombolnak a bakt\u00e9riumok. El\u0151sz\u00f6r csak torokf\u00e1j\u00e1s, azt\u00e1n j\u00f6n a t\u00fcssz\u00f6g\u00e9s \u00e9s a k\u00f6h\u00f6g\u00e9s is. Megf\u00e1zt\u00e1l, az edz\u00e9si rutinod pedig vesz\u00e9lybe ker\u00fclt. Pihen\u00e9sre van sz\u00fcks\u00e9ges, vagy betegen is le tudod nyomni, amit le kell?<\/p>\n<p>Te melyik t\u00edpus vagy? Csak akkor hagysz ki edz\u00e9st, ha m\u00e1r nem tudsz felkelni a kanap\u00e9r\u00f3l? Vagy amint \u00e9rzed a megf\u00e1z\u00e1s el\u0151jeleit, r\u00f6gt\u00f6n le\u00e1llsz?<\/p>\n<p>A megf\u00e1z\u00e1s \u00e9s m\u00e1s kisebb betegs\u00e9gek k\u00f6nnyen t\u00f6nkre tehetik az edz\u00e9sterved, hiszen a CDC (Centers for Disease Control and Prevention) szervezet adatai szerint egy \u00e1tlagos feln\u0151tt \u00e9vente 2-3 alkalommal f\u00e1zik meg. A t\u00fcneteket mindenk\u00e9pp kezelned kell, de nem \u00e1rt azt is megtanulni, hogy mi sz\u00e1m\u00edt el\u00e9g komolynak ahhoz, hogy abbahagyd miatta az edz\u00e9st.<\/p>\n<p>Ha teh\u00e1t beteg vagy, de szeretn\u00e9l edzeni, tegy\u00e9l fel magadnak egy k\u00e9rd\u00e9st: a t\u00fcneteid nyakt\u00f3l lefel\u00e9, vagy felfel\u00e9 jelentkeznek?<\/p>\n<h3><strong>Ha a t\u00fcnetek nyakt\u00f3l felfel\u00e9 jelentkeznek<\/strong><\/h3>\n<p>Ha csak a fejeden \u00e9s a torkodon \u00e9rzed, hogy beteg vagy \u2013 folyik az orrod, f\u00e1j a torkod \u00e9s t\u00fcssz\u00f6gsz \u2013 akkor nyugodtan folytathatod az edz\u00e9st, persze az\u00e9rt moder\u00e1ltabban.<\/p>\n<p>Ker\u00fcld a nyugtat\u00f3 hat\u00e1s\u00fa, \u00e1lmos\u00edt\u00f3 gy\u00f3gyszereket! Ha \u00fagy \u00e9rzed, van el\u00e9g energi\u00e1d, akkor mehetsz kondizni vagy bring\u00e1zni is: de kapcsold lejjebb az intenzit\u00e1st!<\/p>\n<figure id=\"attachment_5608\" aria-describedby=\"caption-attachment-5608\" style=\"width: 640px\" class=\"wp-caption aligncenter\"><img loading=\"lazy\" decoding=\"async\" class=\"wp-image-5608 size-full\" src=\"https:\/\/d2p6e6u75xmxt8.cloudfront.net\/12\/2019\/11\/wlc_betegen2.jpg\" alt=\"\" width=\"640\" height=\"637\" srcset=\"https:\/\/d2p6e6u75xmxt8.cloudfront.net\/12\/2019\/11\/wlc_betegen2.jpg 640w, https:\/\/d2p6e6u75xmxt8.cloudfront.net\/12\/2019\/11\/wlc_betegen2-150x150.jpg 150w, https:\/\/d2p6e6u75xmxt8.cloudfront.net\/12\/2019\/11\/wlc_betegen2-300x300.jpg 300w\" sizes=\"auto, (max-width: 640px) 100vw, 640px\" \/><figcaption id=\"caption-attachment-5608\" class=\"wp-caption-text\">Aleksej SarifulinGetty Images<\/figcaption><\/figure>\n<p>Gondolj azonban m\u00e1sokra is: alaposan moss kezet, takar\u00edtsd le a g\u00e9peket haszn\u00e1lat ut\u00e1n, \u00e9s ink\u00e1bb a v\u00e1lladba k\u00f6h\u00f6gj \u00e9s t\u00fcssz\u00f6gj, mint a kezedbe, hogy cs\u00f6kkentsd a vesz\u00e9ly\u00e9t annak, hogy m\u00e1soknak is \u00e1tadod a k\u00f3rokoz\u00f3kat.<\/p>\n<p>Ha rosszabbul \u00e9rzed magad, pihenj vagy hagyd abba az edz\u00e9st, nehogy ronts a helyzeten! Fokozatosan \u00e9p\u00edtsd vissza az edz\u00e9seket: ha hirtelen ott folytatod, ahol abbahagytad a betegs\u00e9g el\u0151tt, lelass\u00edthatod a fel\u00e9p\u00fcl\u00e9sedet!<\/p>\n<h3><strong>Ha a t\u00fcnetek nyakt\u00f3l lefel\u00e9 jelentkeznek<\/strong><\/h3>\n<p>Ha nyakt\u00f3l lefel\u00e9 is vannak panaszaid \u2013 k\u00f6h\u00f6gsz, nehezen veszed a leveg\u0151t, \u00e9g a mellkasod, \u00e9melyegsz, h\u00e1nysz vagy hasmen\u00e9sed van \u2013 vagy ha az eg\u00e9sz rendszerben z\u0171r van: l\u00e1zas vagy \u00e9s f\u00e1jnak az izmaid, hagyd ki az edz\u00e9st!<\/p>\n<figure id=\"attachment_5609\" aria-describedby=\"caption-attachment-5609\" style=\"width: 640px\" class=\"wp-caption aligncenter\"><img loading=\"lazy\" decoding=\"async\" class=\"wp-image-5609 size-full\" src=\"https:\/\/d2p6e6u75xmxt8.cloudfront.net\/12\/2019\/11\/wlc_betegen3.jpg\" alt=\"\" width=\"640\" height=\"636\" srcset=\"https:\/\/d2p6e6u75xmxt8.cloudfront.net\/12\/2019\/11\/wlc_betegen3.jpg 640w, https:\/\/d2p6e6u75xmxt8.cloudfront.net\/12\/2019\/11\/wlc_betegen3-150x150.jpg 150w, https:\/\/d2p6e6u75xmxt8.cloudfront.net\/12\/2019\/11\/wlc_betegen3-300x298.jpg 300w\" sizes=\"auto, (max-width: 640px) 100vw, 640px\" \/><figcaption id=\"caption-attachment-5609\" class=\"wp-caption-text\">Moyo StudioGetty Images<\/figcaption><\/figure>\n<p>Nem csak, hogy nem fogod tudni v\u00e9gigcsin\u00e1lni, de ha ilyen \u00e1llapotban neki\u00e1llsz, azzal vesz\u00e9lynek teszed ki a t\u00fcd\u0151det, kisz\u00e1radhatsz, de ak\u00e1r el is \u00e1julhatsz.<\/p>\n<h3><strong>Vannak betegs\u00e9g-bar\u00e1t mozg\u00e1sform\u00e1k?<\/strong><\/h3>\n<p>Nem a mozg\u00e1s t\u00edpusa, hanem az intenzit\u00e1sa az, ami igaz\u00e1n sz\u00e1m\u00edt. Ha p\u00e9ld\u00e1ul s\u00falyemel\u00e9sr\u0151l van sz\u00f3, dolgozz kisebb s\u00falyokkal \u00e9s tarts hosszabb pihen\u0151ket!<\/p>\n<p>Ha a fitnesz \u00f3r\u00e1k\u00e9rt bolondulsz, j\u00f3 \u00f6tlet lehet kihagyni a csoportos edz\u00e9st \u00e9s ink\u00e1bb egyed\u00fcl mozogni picit. Ahogy m\u00e1r eml\u00edtett\u00fck, nem akarjuk megfert\u0151zni a t\u00f6bbieket!<\/p>\n<p><em>Forr\u00e1s: <\/em><a href=\"https:\/\/www.bicycling.com\/health-nutrition\/a29638475\/should-i-exercise-when-i-am-sick-doctor-input\/\"><em>bicycling.com<\/em><\/a><\/p>\n","protected":false},"excerpt":{"rendered":"<p>M\u00e1r \u00e9ppen hozz\u00e1szokt\u00e1l az edz\u00e9s-rutinodhoz: est\u00e9nk\u00e9nt a konditerembe m\u00e9sz a kocsma helyett, hi\u00e1ba van hatalmas akci\u00f3 a kedvenc italodra. M\u00e9g [&hellip;]<\/p>\n","protected":false},"author":71,"featured_media":5612,"comment_status":"open","ping_status":"open","sticky":false,"template":"","format":"standard","meta":{"footnotes":""},"categories":[6],"tags":[],"global-categories":[],"class_list":["post-5606","post","type-post","status-publish","format-standard","has-post-thumbnail","hentry","category-edzes-es-eletmod"],"yoast_head":"<!-- This site is optimized with the Yoast SEO Premium plugin v25.3 (Yoast SEO v25.9) - https:\/\/yoast.com\/wordpress\/plugins\/seo\/ -->\n<title>Betegen edzeni? - \u0160koda We Love Cycling - Magyarorsz\u00e1g<\/title>\n<meta name=\"robots\" content=\"index, follow, max-snippet:-1, max-image-preview:large, max-video-preview:-1\" \/>\n<link rel=\"canonical\" href=\"https:\/\/www.welovecycling.com\/hu\/edzes-es-eletmod\/betegen-edzeni\/\" \/>\n<meta property=\"og:locale\" content=\"hu_HU\" \/>\n<meta property=\"og:type\" content=\"article\" \/>\n<meta property=\"og:title\" content=\"Betegen edzeni?\" \/>\n<meta property=\"og:description\" content=\"M\u00e1r \u00e9ppen hozz\u00e1szokt\u00e1l az edz\u00e9s-rutinodhoz: est\u00e9nk\u00e9nt a konditerembe m\u00e9sz a kocsma helyett, hi\u00e1ba van hatalmas akci\u00f3 a kedvenc italodra. M\u00e9g [&hellip;]\" \/>\n<meta property=\"og:url\" content=\"https:\/\/www.welovecycling.com\/hu\/edzes-es-eletmod\/betegen-edzeni\/\" \/>\n<meta property=\"og:site_name\" content=\"\u0160koda We Love Cycling - Magyarorsz\u00e1g\" \/>\n<meta property=\"article:publisher\" content=\"https:\/\/www.facebook.com\/WeLoveCyclingHungary\/\" \/>\n<meta property=\"article:published_time\" content=\"2019-11-12T07:00:57+00:00\" \/>\n<meta property=\"og:image\" content=\"https:\/\/d2p6e6u75xmxt8.cloudfront.net\/12\/2019\/11\/wlc_betegen0.jpg\" \/>\n\t<meta property=\"og:image:width\" content=\"1400\" \/>\n\t<meta property=\"og:image:height\" content=\"933\" \/>\n\t<meta property=\"og:image:type\" content=\"image\/jpeg\" \/>\n<meta name=\"author\" content=\"hegyizs\" \/>\n<meta name=\"twitter:card\" content=\"summary_large_image\" \/>\n<meta name=\"twitter:label1\" content=\"Written by\" \/>\n\t<meta name=\"twitter:data1\" content=\"WLC\" \/>\n\t<meta name=\"twitter:label2\" content=\"Est. reading time\" \/>\n\t<meta name=\"twitter:data2\" content=\"3 minutes\" \/>\n<script type=\"application\/ld+json\" class=\"yoast-schema-graph\">{\"@context\":\"https:\/\/schema.org\",\"@graph\":[{\"@type\":\"WebPage\",\"@id\":\"https:\/\/www.welovecycling.com\/hu\/edzes-es-eletmod\/betegen-edzeni\/\",\"url\":\"https:\/\/www.welovecycling.com\/hu\/edzes-es-eletmod\/betegen-edzeni\/\",\"name\":\"Betegen edzeni? - \u0160koda We Love Cycling - Magyarorsz\u00e1g\",\"isPartOf\":{\"@id\":\"https:\/\/www.welovecycling.com\/hu\/#website\"},\"primaryImageOfPage\":{\"@id\":\"https:\/\/www.welovecycling.com\/hu\/edzes-es-eletmod\/betegen-edzeni\/#primaryimage\"},\"image\":{\"@id\":\"https:\/\/www.welovecycling.com\/hu\/edzes-es-eletmod\/betegen-edzeni\/#primaryimage\"},\"thumbnailUrl\":\"https:\/\/d2p6e6u75xmxt8.cloudfront.net\/12\/2019\/11\/wlc_betegen0.jpg\",\"datePublished\":\"2019-11-12T07:00:57+00:00\",\"author\":{\"@id\":\"https:\/\/www.welovecycling.com\/hu\/#\/schema\/person\/414a2aebf1801691a5320edb6468e194\"},\"breadcrumb\":{\"@id\":\"https:\/\/www.welovecycling.com\/hu\/edzes-es-eletmod\/betegen-edzeni\/#breadcrumb\"},\"inLanguage\":\"hu\",\"potentialAction\":[{\"@type\":\"ReadAction\",\"target\":[\"https:\/\/www.welovecycling.com\/hu\/edzes-es-eletmod\/betegen-edzeni\/\"]}]},{\"@type\":\"ImageObject\",\"inLanguage\":\"hu\",\"@id\":\"https:\/\/www.welovecycling.com\/hu\/edzes-es-eletmod\/betegen-edzeni\/#primaryimage\",\"url\":\"https:\/\/d2p6e6u75xmxt8.cloudfront.net\/12\/2019\/11\/wlc_betegen0.jpg\",\"contentUrl\":\"https:\/\/d2p6e6u75xmxt8.cloudfront.net\/12\/2019\/11\/wlc_betegen0.jpg\",\"width\":1400,\"height\":933},{\"@type\":\"BreadcrumbList\",\"@id\":\"https:\/\/www.welovecycling.com\/hu\/edzes-es-eletmod\/betegen-edzeni\/#breadcrumb\",\"itemListElement\":[{\"@type\":\"ListItem\",\"position\":1,\"name\":\"Home\",\"item\":\"https:\/\/www.welovecycling.com\/hu\/\"},{\"@type\":\"ListItem\",\"position\":2,\"name\":\"Betegen edzeni?\"}]},{\"@type\":\"WebSite\",\"@id\":\"https:\/\/www.welovecycling.com\/hu\/#website\",\"url\":\"https:\/\/www.welovecycling.com\/hu\/\",\"name\":\"\u0160koda We Love Cycling - Magyarorsz\u00e1g\",\"description\":\"\u0160koda WeLoveCycling\",\"potentialAction\":[{\"@type\":\"SearchAction\",\"target\":{\"@type\":\"EntryPoint\",\"urlTemplate\":\"https:\/\/www.welovecycling.com\/hu\/?s={search_term_string}\"},\"query-input\":{\"@type\":\"PropertyValueSpecification\",\"valueRequired\":true,\"valueName\":\"search_term_string\"}}],\"inLanguage\":\"hu\"},{\"@type\":\"Person\",\"@id\":\"https:\/\/www.welovecycling.com\/hu\/#\/schema\/person\/414a2aebf1801691a5320edb6468e194\",\"name\":\"hegyizs\",\"image\":{\"@type\":\"ImageObject\",\"inLanguage\":\"hu\",\"@id\":\"https:\/\/www.welovecycling.com\/hu\/#\/schema\/person\/image\/\",\"url\":\"https:\/\/secure.gravatar.com\/avatar\/02cf8a7906b8cf90cecb4679defac7cfd33a1c2e3b88e4903d947f3bb58eedd3?s=96&d=mm&r=g\",\"contentUrl\":\"https:\/\/secure.gravatar.com\/avatar\/02cf8a7906b8cf90cecb4679defac7cfd33a1c2e3b88e4903d947f3bb58eedd3?s=96&d=mm&r=g\",\"caption\":\"hegyizs\"},\"url\":\"https:\/\/www.welovecycling.com\/hu\/author\/hegyizs\/\"}]}<\/script>\n<!-- \/ Yoast SEO Premium plugin. -->","yoast_head_json":{"title":"Betegen edzeni? - \u0160koda We Love Cycling - Magyarorsz\u00e1g","robots":{"index":"index","follow":"follow","max-snippet":"max-snippet:-1","max-image-preview":"max-image-preview:large","max-video-preview":"max-video-preview:-1"},"canonical":"https:\/\/www.welovecycling.com\/hu\/edzes-es-eletmod\/betegen-edzeni\/","og_locale":"hu_HU","og_type":"article","og_title":"Betegen edzeni?","og_description":"M\u00e1r \u00e9ppen hozz\u00e1szokt\u00e1l az edz\u00e9s-rutinodhoz: est\u00e9nk\u00e9nt a konditerembe m\u00e9sz a kocsma helyett, hi\u00e1ba van hatalmas akci\u00f3 a kedvenc italodra. M\u00e9g [&hellip;]","og_url":"https:\/\/www.welovecycling.com\/hu\/edzes-es-eletmod\/betegen-edzeni\/","og_site_name":"\u0160koda We Love Cycling - Magyarorsz\u00e1g","article_publisher":"https:\/\/www.facebook.com\/WeLoveCyclingHungary\/","article_published_time":"2019-11-12T07:00:57+00:00","og_image":[{"width":1400,"height":933,"url":"https:\/\/d2p6e6u75xmxt8.cloudfront.net\/12\/2019\/11\/wlc_betegen0.jpg","type":"image\/jpeg"}],"author":"hegyizs","twitter_card":"summary_large_image","twitter_misc":{"Written by":"WLC","Est. reading time":"3 minutes"},"schema":{"@context":"https:\/\/schema.org","@graph":[{"@type":"WebPage","@id":"https:\/\/www.welovecycling.com\/hu\/edzes-es-eletmod\/betegen-edzeni\/","url":"https:\/\/www.welovecycling.com\/hu\/edzes-es-eletmod\/betegen-edzeni\/","name":"Betegen edzeni? - \u0160koda We Love Cycling - Magyarorsz\u00e1g","isPartOf":{"@id":"https:\/\/www.welovecycling.com\/hu\/#website"},"primaryImageOfPage":{"@id":"https:\/\/www.welovecycling.com\/hu\/edzes-es-eletmod\/betegen-edzeni\/#primaryimage"},"image":{"@id":"https:\/\/www.welovecycling.com\/hu\/edzes-es-eletmod\/betegen-edzeni\/#primaryimage"},"thumbnailUrl":"https:\/\/d2p6e6u75xmxt8.cloudfront.net\/12\/2019\/11\/wlc_betegen0.jpg","datePublished":"2019-11-12T07:00:57+00:00","author":{"@id":"https:\/\/www.welovecycling.com\/hu\/#\/schema\/person\/414a2aebf1801691a5320edb6468e194"},"breadcrumb":{"@id":"https:\/\/www.welovecycling.com\/hu\/edzes-es-eletmod\/betegen-edzeni\/#breadcrumb"},"inLanguage":"hu","potentialAction":[{"@type":"ReadAction","target":["https:\/\/www.welovecycling.com\/hu\/edzes-es-eletmod\/betegen-edzeni\/"]}]},{"@type":"ImageObject","inLanguage":"hu","@id":"https:\/\/www.welovecycling.com\/hu\/edzes-es-eletmod\/betegen-edzeni\/#primaryimage","url":"https:\/\/d2p6e6u75xmxt8.cloudfront.net\/12\/2019\/11\/wlc_betegen0.jpg","contentUrl":"https:\/\/d2p6e6u75xmxt8.cloudfront.net\/12\/2019\/11\/wlc_betegen0.jpg","width":1400,"height":933},{"@type":"BreadcrumbList","@id":"https:\/\/www.welovecycling.com\/hu\/edzes-es-eletmod\/betegen-edzeni\/#breadcrumb","itemListElement":[{"@type":"ListItem","position":1,"name":"Home","item":"https:\/\/www.welovecycling.com\/hu\/"},{"@type":"ListItem","position":2,"name":"Betegen edzeni?"}]},{"@type":"WebSite","@id":"https:\/\/www.welovecycling.com\/hu\/#website","url":"https:\/\/www.welovecycling.com\/hu\/","name":"\u0160koda We Love Cycling - Magyarorsz\u00e1g","description":"\u0160koda WeLoveCycling","potentialAction":[{"@type":"SearchAction","target":{"@type":"EntryPoint","urlTemplate":"https:\/\/www.welovecycling.com\/hu\/?s={search_term_string}"},"query-input":{"@type":"PropertyValueSpecification","valueRequired":true,"valueName":"search_term_string"}}],"inLanguage":"hu"},{"@type":"Person","@id":"https:\/\/www.welovecycling.com\/hu\/#\/schema\/person\/414a2aebf1801691a5320edb6468e194","name":"hegyizs","image":{"@type":"ImageObject","inLanguage":"hu","@id":"https:\/\/www.welovecycling.com\/hu\/#\/schema\/person\/image\/","url":"https:\/\/secure.gravatar.com\/avatar\/02cf8a7906b8cf90cecb4679defac7cfd33a1c2e3b88e4903d947f3bb58eedd3?s=96&d=mm&r=g","contentUrl":"https:\/\/secure.gravatar.com\/avatar\/02cf8a7906b8cf90cecb4679defac7cfd33a1c2e3b88e4903d947f3bb58eedd3?s=96&d=mm&r=g","caption":"hegyizs"},"url":"https:\/\/www.welovecycling.com\/hu\/author\/hegyizs\/"}]}},"_links":{"self":[{"href":"https:\/\/www.welovecycling.com\/hu\/wp-json\/wp\/v2\/posts\/5606","targetHints":{"allow":["GET"]}}],"collection":[{"href":"https:\/\/www.welovecycling.com\/hu\/wp-json\/wp\/v2\/posts"}],"about":[{"href":"https:\/\/www.welovecycling.com\/hu\/wp-json\/wp\/v2\/types\/post"}],"author":[{"embeddable":true,"href":"https:\/\/www.welovecycling.com\/hu\/wp-json\/wp\/v2\/users\/71"}],"replies":[{"embeddable":true,"href":"https:\/\/www.welovecycling.com\/hu\/wp-json\/wp\/v2\/comments?post=5606"}],"version-history":[{"count":2,"href":"https:\/\/www.welovecycling.com\/hu\/wp-json\/wp\/v2\/posts\/5606\/revisions"}],"predecessor-version":[{"id":5614,"href":"https:\/\/www.welovecycling.com\/hu\/wp-json\/wp\/v2\/posts\/5606\/revisions\/5614"}],"wp:featuredmedia":[{"embeddable":true,"href":"https:\/\/www.welovecycling.com\/hu\/wp-json\/wp\/v2\/media\/5612"}],"wp:attachment":[{"href":"https:\/\/www.welovecycling.com\/hu\/wp-json\/wp\/v2\/media?parent=5606"}],"wp:term":[{"taxonomy":"category","embeddable":true,"href":"https:\/\/www.welovecycling.com\/hu\/wp-json\/wp\/v2\/categories?post=5606"},{"taxonomy":"post_tag","embeddable":true,"href":"https:\/\/www.welovecycling.com\/hu\/wp-json\/wp\/v2\/tags?post=5606"},{"taxonomy":"global-categories","embeddable":true,"href":"https:\/\/www.welovecycling.com\/hu\/wp-json\/wp\/v2\/global-categories?post=5606"}],"curies":[{"name":"wp","href":"https:\/\/api.w.org\/{rel}","templated":true}]}}