{"id":5586,"date":"2019-11-17T08:01:44","date_gmt":"2019-11-17T07:01:44","guid":{"rendered":"https:\/\/www.welovecycling.com\/hu\/?p=5586"},"modified":"2019-11-09T12:35:34","modified_gmt":"2019-11-09T11:35:34","slug":"az-olimpiai-remenyseg-aki-arra-hasznalta-a-bringajat-hogy-kiraboljon-26-bankot","status":"publish","type":"post","link":"https:\/\/www.welovecycling.com\/hu\/varosi-kerekparozas\/az-olimpiai-remenyseg-aki-arra-hasznalta-a-bringajat-hogy-kiraboljon-26-bankot\/","title":{"rendered":"Az Olimpiai rem\u00e9nys\u00e9g, aki arra haszn\u00e1lta a bring\u00e1j\u00e1t, hogy kiraboljon 26 bankot"},"content":{"rendered":"<p><strong>Tom Justice tal\u00e1n a valaha \u00e9lt legsikeresebb bankrabl\u00f3, aki biciklivel hagyta el a tettek sz\u00ednhelyeit. Egy chicag\u00f3i magazin hozta le a t\u00f6rt\u00e9net\u00e9t: a libertyville-i biciklis, aki 1998 \u00e9s 2002 k\u00f6z\u00f6tt 26 bankot rabolt ki California, Ilinois \u00e9s Wiscosin ter\u00fclet\u00e9n, avagy a \u201eK\u00f3rusfi\u00fa\u201d, ahogy az FBI nevezte. \u00d6sszess\u00e9g\u00e9ben, b\u00e1r t\u00f6bb bankot rabolt ki, mint a h\u00edrhedt John Dillinger, mind\u00f6ssze 129\u00a0338 doll\u00e1rt lopott el, \u00e1tlagosan 4\u00a0975 doll\u00e1rt bankonk\u00e9nt.<\/strong><\/p>\n<p><!--more--><\/p>\n<p>Egyszer\u0171en leparkolta a biciklij\u00e9t \u2013 egy haszn\u00e1lt, narancss\u00e1rga Steelmant &#8211; a kirabolni k\u00edv\u00e1nt bank k\u00f6zel\u00e9ben, persze lez\u00e1ratlanul. A rabl\u00e1sok sor\u00e1n baseball sapk\u00e1t \u00e9s napszem\u00fcveget viselt, hogy eltakarja az arc\u00e1t a kamer\u00e1k el\u0151l \u00e9s \u00e1tadott a p\u00e9nzt\u00e1rosnak egy cetlit, amin ez \u00e1llt: \u201ePisztolyom van, add \u00e1t a p\u00e9nzt.\u201d\u00a0 Miut\u00e1n megkapta a zs\u00e1km\u00e1nyt, visszament a biciklij\u00e9hez, spandex ruh\u00e1zatot \u00f6lt\u00f6tt mag\u00e1ra, felvette ez\u00fcst sisakj\u00e1t \u00e9s egy p\u00e1r bring\u00e1s cip\u0151t, \u00e9s elkerekezett, mintha mi sem t\u00f6rt\u00e9nt volna.<\/p>\n<figure id=\"attachment_5587\" aria-describedby=\"caption-attachment-5587\" style=\"width: 900px\" class=\"wp-caption alignnone\"><a href=\"https:\/\/d2p6e6u75xmxt8.cloudfront.net\/12\/2019\/11\/C201902-Bicycle-Thief-age-4.jpg\"><img loading=\"lazy\" decoding=\"async\" class=\"size-full wp-image-5587\" src=\"https:\/\/d2p6e6u75xmxt8.cloudfront.net\/12\/2019\/11\/C201902-Bicycle-Thief-age-4.jpg\" alt=\"\" width=\"900\" height=\"600\" srcset=\"https:\/\/d2p6e6u75xmxt8.cloudfront.net\/12\/2019\/11\/C201902-Bicycle-Thief-age-4.jpg 900w, https:\/\/d2p6e6u75xmxt8.cloudfront.net\/12\/2019\/11\/C201902-Bicycle-Thief-age-4-300x200.jpg 300w, https:\/\/d2p6e6u75xmxt8.cloudfront.net\/12\/2019\/11\/C201902-Bicycle-Thief-age-4-768x512.jpg 768w, https:\/\/d2p6e6u75xmxt8.cloudfront.net\/12\/2019\/11\/C201902-Bicycle-Thief-age-4-272x182.jpg 272w\" sizes=\"auto, (max-width: 900px) 100vw, 900px\" \/><\/a><figcaption id=\"caption-attachment-5587\" class=\"wp-caption-text\">\u00a9 Tom Justice<\/figcaption><\/figure>\n<p>A klasszikus menek\u00fcl\u0151-aut\u00f3 hi\u00e1nya \u00e9vekig h\u00e1tr\u00e1ltatta a rend\u0151rs\u00e9get. Azonban Justice sz\u00e1m\u00e1ra a bicikli volt a t\u00f6k\u00e9letes j\u00e1rg\u00e1ny, hiszen versenyszinten ker\u00e9kp\u00e1rorozott, az Olimpi\u00e1ra is k\u00e9sz\u00fclt, csak id\u0151k\u00f6zben elvesztette a motiv\u00e1ci\u00f3j\u00e1t. \u00c9rdekes m\u00f3don, Justice nem a p\u00e9nz\u00e9rt rabolt, t\u00f6bbnyire a zs\u00e1km\u00e1nynak csak egy kis r\u00e9sz\u00e9t tartotta meg. A t\u00f6bbit vagy kidobta, odaadta valakinek vagy egyszer\u0171en otthagyta valahol, hogy m\u00e1sok megtal\u00e1lhass\u00e1k. Justice az adrenalinl\u00f6ket \u00e9s a sz\u00e1guld\u00e1s \u00f6r\u00f6me miatt rabolt bankot. V\u00e9g\u00fclis az 1000 m\u00e9teres sprint volt a specialit\u00e1sa.<\/p>\n<p>Ir\u00f3nikus, hogy v\u00e9g\u00fcl a narancs Steelman buktatta le. Egyik akci\u00f3ja ut\u00e1n egy rend\u0151r meg\u00e1ll\u00edtotta, \u00e9s k\u00e9rte, hogy mutassa meg t\u00e1sk\u00e1j\u00e1nak tartalm\u00e1t. Justice ugyan elmenek\u00fclt, de a biciklit \u00e9s a cip\u0151j\u00e9t el kellett rejtenie egy h\u00edd al\u00e1. A Steelman egy kis californiai gy\u00e1rt\u00f3, \u00e9vente mind\u00f6ssze 50 v\u00e1zat ad el, \u00edgy k\u00f6nny\u0171 volt lenyomozni a bringa tulajdonos\u00e1t. Egy h\u00f3nappal ezut\u00e1n a bankrabl\u00e1s ut\u00e1n egy chicag\u00f3i ker\u00e9kp\u00e1rbolt menedzsere telefon\u00e1lt a rend\u0151rs\u00e9gre: siker\u00fclt kider\u00edtenie, hogy ki volt a narancs bringa eredeti tulajdonosa, \u00e9s azt is, hogy kinek adta tov\u00e1bb.<\/p>\n<figure id=\"attachment_5588\" aria-describedby=\"caption-attachment-5588\" style=\"width: 900px\" class=\"wp-caption alignnone\"><a href=\"https:\/\/d2p6e6u75xmxt8.cloudfront.net\/12\/2019\/11\/C201902-Bicycle-Thief-track-cycling-2-1.jpg\"><img loading=\"lazy\" decoding=\"async\" class=\"wp-image-5588 size-full\" src=\"https:\/\/d2p6e6u75xmxt8.cloudfront.net\/12\/2019\/11\/C201902-Bicycle-Thief-track-cycling-2-1.jpg\" alt=\"\" width=\"900\" height=\"900\" srcset=\"https:\/\/d2p6e6u75xmxt8.cloudfront.net\/12\/2019\/11\/C201902-Bicycle-Thief-track-cycling-2-1.jpg 900w, https:\/\/d2p6e6u75xmxt8.cloudfront.net\/12\/2019\/11\/C201902-Bicycle-Thief-track-cycling-2-1-150x150.jpg 150w, https:\/\/d2p6e6u75xmxt8.cloudfront.net\/12\/2019\/11\/C201902-Bicycle-Thief-track-cycling-2-1-300x300.jpg 300w, https:\/\/d2p6e6u75xmxt8.cloudfront.net\/12\/2019\/11\/C201902-Bicycle-Thief-track-cycling-2-1-768x768.jpg 768w\" sizes=\"auto, (max-width: 900px) 100vw, 900px\" \/><\/a><figcaption id=\"caption-attachment-5588\" class=\"wp-caption-text\">\u00a9 Tom Justice<\/figcaption><\/figure>\n<p>Tom Justice-t 2003 m\u00e1jus\u00e1ban tart\u00f3ztatt\u00e1k le, a b\u00edr\u00f3s\u00e1g b\u0171n\u00f6snek tal\u00e1lta \u00e9s 11 \u00e9v let\u00f6ltend\u0151 b\u00f6rt\u00f6nb\u00fcntet\u00e9sre \u00edt\u00e9lte, amib\u0151l 9 \u00e9vet \u00fclt le. Miut\u00e1n 2011-ben szabadl\u00e1bra ker\u00fclt, visszat\u00e9rt a bicikliz\u00e9shez. Jelenleg egy f\u00e1nk\u00fczletben dolgozik.<\/p>\n<p>Nem sokkal Justice letart\u00f3ztat\u00e1sa ut\u00e1n \u00e9desapja megl\u00e1togatta a b\u00f6rt\u00f6nben \u00e9s megk\u00e9rdezte, mi\u00e9rt csin\u00e1lta ezt az eg\u00e9szet. <em>\u201eNem tudom\u201d<\/em> \u2013 v\u00e1laszolta \u2013 <em>\u201eegyszer\u0171en csak megcsin\u00e1ltam.\u201d<\/em><\/p>\n<p>Azonban apja el\u0151tt csak szer\u00e9nykedett. Justice egy bar\u00e1tja \u00e9s szobat\u00e1rsa elmondta, hogy a bring\u00e1s tolvaj b\u00fcszke volt sikereire. <em>\u201eNem csak egy bankrabl\u00f3 vagyok. Egy j\u00f3 bankrabl\u00f3 vagyok.\u201d <\/em>Val\u00f3sz\u00edn\u0171leg van igazs\u00e1g abban, amit a bar\u00e1t \u00e1ll\u00edt, hiszen hi\u00e1ba adta fel az \u00e1lm\u00e1t, hogy olimpikon legyen, v\u00e9g\u00fcl csak megszerezte az aranyat.<\/p>\n","protected":false},"excerpt":{"rendered":"<p>Tom Justice tal\u00e1n a valaha \u00e9lt legsikeresebb bankrabl\u00f3, aki biciklivel hagyta el a tettek sz\u00ednhelyeit. Egy chicag\u00f3i magazin hozta le [&hellip;]<\/p>\n","protected":false},"author":71,"featured_media":5590,"comment_status":"open","ping_status":"open","sticky":false,"template":"","format":"standard","meta":{"footnotes":""},"categories":[9],"tags":[],"global-categories":[],"class_list":["post-5586","post","type-post","status-publish","format-standard","has-post-thumbnail","hentry","category-varosi-kerekparozas"],"yoast_head":"<!-- This site is optimized with the Yoast SEO Premium plugin v25.3 (Yoast SEO v25.9) - https:\/\/yoast.com\/wordpress\/plugins\/seo\/ -->\n<title>Az Olimpiai rem\u00e9nys\u00e9g, aki arra haszn\u00e1lta a bring\u00e1j\u00e1t, hogy kiraboljon 26 bankot - \u0160koda We Love Cycling - Magyarorsz\u00e1g<\/title>\n<meta name=\"robots\" content=\"index, follow, max-snippet:-1, max-image-preview:large, max-video-preview:-1\" \/>\n<link rel=\"canonical\" href=\"https:\/\/www.welovecycling.com\/hu\/varosi-kerekparozas\/az-olimpiai-remenyseg-aki-arra-hasznalta-a-bringajat-hogy-kiraboljon-26-bankot\/\" \/>\n<meta property=\"og:locale\" content=\"hu_HU\" \/>\n<meta property=\"og:type\" content=\"article\" \/>\n<meta property=\"og:title\" content=\"Az Olimpiai rem\u00e9nys\u00e9g, aki arra haszn\u00e1lta a bring\u00e1j\u00e1t, hogy kiraboljon 26 bankot\" \/>\n<meta property=\"og:description\" content=\"Tom Justice tal\u00e1n a valaha \u00e9lt legsikeresebb bankrabl\u00f3, aki biciklivel hagyta el a tettek sz\u00ednhelyeit. Egy chicag\u00f3i magazin hozta le [&hellip;]\" \/>\n<meta property=\"og:url\" content=\"https:\/\/www.welovecycling.com\/hu\/varosi-kerekparozas\/az-olimpiai-remenyseg-aki-arra-hasznalta-a-bringajat-hogy-kiraboljon-26-bankot\/\" \/>\n<meta property=\"og:site_name\" content=\"\u0160koda We Love Cycling - Magyarorsz\u00e1g\" \/>\n<meta property=\"article:publisher\" content=\"https:\/\/www.facebook.com\/WeLoveCyclingHungary\/\" \/>\n<meta property=\"article:published_time\" content=\"2019-11-17T07:01:44+00:00\" \/>\n<meta property=\"og:image\" content=\"https:\/\/d2p6e6u75xmxt8.cloudfront.net\/12\/2019\/11\/Tom-Justice-CVR.jpg\" \/>\n\t<meta property=\"og:image:width\" content=\"1366\" \/>\n\t<meta property=\"og:image:height\" content=\"600\" \/>\n\t<meta property=\"og:image:type\" content=\"image\/jpeg\" \/>\n<meta name=\"author\" content=\"hegyizs\" \/>\n<meta name=\"twitter:card\" content=\"summary_large_image\" \/>\n<meta name=\"twitter:label1\" content=\"Written by\" \/>\n\t<meta name=\"twitter:data1\" content=\"Siegfried Mortkowitz\" \/>\n\t<meta name=\"twitter:label2\" content=\"Est. reading time\" \/>\n\t<meta name=\"twitter:data2\" content=\"7\" \/>\n<script type=\"application\/ld+json\" class=\"yoast-schema-graph\">{\"@context\":\"https:\/\/schema.org\",\"@graph\":[{\"@type\":\"WebPage\",\"@id\":\"https:\/\/www.welovecycling.com\/hu\/varosi-kerekparozas\/az-olimpiai-remenyseg-aki-arra-hasznalta-a-bringajat-hogy-kiraboljon-26-bankot\/\",\"url\":\"https:\/\/www.welovecycling.com\/hu\/varosi-kerekparozas\/az-olimpiai-remenyseg-aki-arra-hasznalta-a-bringajat-hogy-kiraboljon-26-bankot\/\",\"name\":\"Az Olimpiai rem\u00e9nys\u00e9g, aki arra haszn\u00e1lta a bring\u00e1j\u00e1t, hogy kiraboljon 26 bankot - \u0160koda We Love Cycling - Magyarorsz\u00e1g\",\"isPartOf\":{\"@id\":\"https:\/\/www.welovecycling.com\/hu\/#website\"},\"primaryImageOfPage\":{\"@id\":\"https:\/\/www.welovecycling.com\/hu\/varosi-kerekparozas\/az-olimpiai-remenyseg-aki-arra-hasznalta-a-bringajat-hogy-kiraboljon-26-bankot\/#primaryimage\"},\"image\":{\"@id\":\"https:\/\/www.welovecycling.com\/hu\/varosi-kerekparozas\/az-olimpiai-remenyseg-aki-arra-hasznalta-a-bringajat-hogy-kiraboljon-26-bankot\/#primaryimage\"},\"thumbnailUrl\":\"https:\/\/d2p6e6u75xmxt8.cloudfront.net\/12\/2019\/11\/Tom-Justice-CVR.jpg\",\"datePublished\":\"2019-11-17T07:01:44+00:00\",\"author\":{\"@id\":\"https:\/\/www.welovecycling.com\/hu\/#\/schema\/person\/414a2aebf1801691a5320edb6468e194\"},\"breadcrumb\":{\"@id\":\"https:\/\/www.welovecycling.com\/hu\/varosi-kerekparozas\/az-olimpiai-remenyseg-aki-arra-hasznalta-a-bringajat-hogy-kiraboljon-26-bankot\/#breadcrumb\"},\"inLanguage\":\"hu\",\"potentialAction\":[{\"@type\":\"ReadAction\",\"target\":[\"https:\/\/www.welovecycling.com\/hu\/varosi-kerekparozas\/az-olimpiai-remenyseg-aki-arra-hasznalta-a-bringajat-hogy-kiraboljon-26-bankot\/\"]}]},{\"@type\":\"ImageObject\",\"inLanguage\":\"hu\",\"@id\":\"https:\/\/www.welovecycling.com\/hu\/varosi-kerekparozas\/az-olimpiai-remenyseg-aki-arra-hasznalta-a-bringajat-hogy-kiraboljon-26-bankot\/#primaryimage\",\"url\":\"https:\/\/d2p6e6u75xmxt8.cloudfront.net\/12\/2019\/11\/Tom-Justice-CVR.jpg\",\"contentUrl\":\"https:\/\/d2p6e6u75xmxt8.cloudfront.net\/12\/2019\/11\/Tom-Justice-CVR.jpg\",\"width\":1366,\"height\":600},{\"@type\":\"BreadcrumbList\",\"@id\":\"https:\/\/www.welovecycling.com\/hu\/varosi-kerekparozas\/az-olimpiai-remenyseg-aki-arra-hasznalta-a-bringajat-hogy-kiraboljon-26-bankot\/#breadcrumb\",\"itemListElement\":[{\"@type\":\"ListItem\",\"position\":1,\"name\":\"Home\",\"item\":\"https:\/\/www.welovecycling.com\/hu\/\"},{\"@type\":\"ListItem\",\"position\":2,\"name\":\"Az Olimpiai rem\u00e9nys\u00e9g, aki arra haszn\u00e1lta a bring\u00e1j\u00e1t, hogy kiraboljon 26 bankot\"}]},{\"@type\":\"WebSite\",\"@id\":\"https:\/\/www.welovecycling.com\/hu\/#website\",\"url\":\"https:\/\/www.welovecycling.com\/hu\/\",\"name\":\"\u0160koda We Love Cycling - Magyarorsz\u00e1g\",\"description\":\"\u0160koda WeLoveCycling\",\"potentialAction\":[{\"@type\":\"SearchAction\",\"target\":{\"@type\":\"EntryPoint\",\"urlTemplate\":\"https:\/\/www.welovecycling.com\/hu\/?s={search_term_string}\"},\"query-input\":{\"@type\":\"PropertyValueSpecification\",\"valueRequired\":true,\"valueName\":\"search_term_string\"}}],\"inLanguage\":\"hu\"},{\"@type\":\"Person\",\"@id\":\"https:\/\/www.welovecycling.com\/hu\/#\/schema\/person\/414a2aebf1801691a5320edb6468e194\",\"name\":\"hegyizs\",\"image\":{\"@type\":\"ImageObject\",\"inLanguage\":\"hu\",\"@id\":\"https:\/\/www.welovecycling.com\/hu\/#\/schema\/person\/image\/\",\"url\":\"https:\/\/secure.gravatar.com\/avatar\/02cf8a7906b8cf90cecb4679defac7cfd33a1c2e3b88e4903d947f3bb58eedd3?s=96&d=mm&r=g\",\"contentUrl\":\"https:\/\/secure.gravatar.com\/avatar\/02cf8a7906b8cf90cecb4679defac7cfd33a1c2e3b88e4903d947f3bb58eedd3?s=96&d=mm&r=g\",\"caption\":\"hegyizs\"},\"url\":\"https:\/\/www.welovecycling.com\/hu\/author\/hegyizs\/\"}]}<\/script>\n<!-- \/ Yoast SEO Premium plugin. -->","yoast_head_json":{"title":"Az Olimpiai rem\u00e9nys\u00e9g, aki arra haszn\u00e1lta a bring\u00e1j\u00e1t, hogy kiraboljon 26 bankot - \u0160koda We Love Cycling - Magyarorsz\u00e1g","robots":{"index":"index","follow":"follow","max-snippet":"max-snippet:-1","max-image-preview":"max-image-preview:large","max-video-preview":"max-video-preview:-1"},"canonical":"https:\/\/www.welovecycling.com\/hu\/varosi-kerekparozas\/az-olimpiai-remenyseg-aki-arra-hasznalta-a-bringajat-hogy-kiraboljon-26-bankot\/","og_locale":"hu_HU","og_type":"article","og_title":"Az Olimpiai rem\u00e9nys\u00e9g, aki arra haszn\u00e1lta a bring\u00e1j\u00e1t, hogy kiraboljon 26 bankot","og_description":"Tom Justice tal\u00e1n a valaha \u00e9lt legsikeresebb bankrabl\u00f3, aki biciklivel hagyta el a tettek sz\u00ednhelyeit. Egy chicag\u00f3i magazin hozta le [&hellip;]","og_url":"https:\/\/www.welovecycling.com\/hu\/varosi-kerekparozas\/az-olimpiai-remenyseg-aki-arra-hasznalta-a-bringajat-hogy-kiraboljon-26-bankot\/","og_site_name":"\u0160koda We Love Cycling - Magyarorsz\u00e1g","article_publisher":"https:\/\/www.facebook.com\/WeLoveCyclingHungary\/","article_published_time":"2019-11-17T07:01:44+00:00","og_image":[{"width":1366,"height":600,"url":"https:\/\/d2p6e6u75xmxt8.cloudfront.net\/12\/2019\/11\/Tom-Justice-CVR.jpg","type":"image\/jpeg"}],"author":"hegyizs","twitter_card":"summary_large_image","twitter_misc":{"Written by":"Siegfried Mortkowitz","Est. reading time":"7"},"schema":{"@context":"https:\/\/schema.org","@graph":[{"@type":"WebPage","@id":"https:\/\/www.welovecycling.com\/hu\/varosi-kerekparozas\/az-olimpiai-remenyseg-aki-arra-hasznalta-a-bringajat-hogy-kiraboljon-26-bankot\/","url":"https:\/\/www.welovecycling.com\/hu\/varosi-kerekparozas\/az-olimpiai-remenyseg-aki-arra-hasznalta-a-bringajat-hogy-kiraboljon-26-bankot\/","name":"Az Olimpiai rem\u00e9nys\u00e9g, aki arra haszn\u00e1lta a bring\u00e1j\u00e1t, hogy kiraboljon 26 bankot - \u0160koda We Love Cycling - Magyarorsz\u00e1g","isPartOf":{"@id":"https:\/\/www.welovecycling.com\/hu\/#website"},"primaryImageOfPage":{"@id":"https:\/\/www.welovecycling.com\/hu\/varosi-kerekparozas\/az-olimpiai-remenyseg-aki-arra-hasznalta-a-bringajat-hogy-kiraboljon-26-bankot\/#primaryimage"},"image":{"@id":"https:\/\/www.welovecycling.com\/hu\/varosi-kerekparozas\/az-olimpiai-remenyseg-aki-arra-hasznalta-a-bringajat-hogy-kiraboljon-26-bankot\/#primaryimage"},"thumbnailUrl":"https:\/\/d2p6e6u75xmxt8.cloudfront.net\/12\/2019\/11\/Tom-Justice-CVR.jpg","datePublished":"2019-11-17T07:01:44+00:00","author":{"@id":"https:\/\/www.welovecycling.com\/hu\/#\/schema\/person\/414a2aebf1801691a5320edb6468e194"},"breadcrumb":{"@id":"https:\/\/www.welovecycling.com\/hu\/varosi-kerekparozas\/az-olimpiai-remenyseg-aki-arra-hasznalta-a-bringajat-hogy-kiraboljon-26-bankot\/#breadcrumb"},"inLanguage":"hu","potentialAction":[{"@type":"ReadAction","target":["https:\/\/www.welovecycling.com\/hu\/varosi-kerekparozas\/az-olimpiai-remenyseg-aki-arra-hasznalta-a-bringajat-hogy-kiraboljon-26-bankot\/"]}]},{"@type":"ImageObject","inLanguage":"hu","@id":"https:\/\/www.welovecycling.com\/hu\/varosi-kerekparozas\/az-olimpiai-remenyseg-aki-arra-hasznalta-a-bringajat-hogy-kiraboljon-26-bankot\/#primaryimage","url":"https:\/\/d2p6e6u75xmxt8.cloudfront.net\/12\/2019\/11\/Tom-Justice-CVR.jpg","contentUrl":"https:\/\/d2p6e6u75xmxt8.cloudfront.net\/12\/2019\/11\/Tom-Justice-CVR.jpg","width":1366,"height":600},{"@type":"BreadcrumbList","@id":"https:\/\/www.welovecycling.com\/hu\/varosi-kerekparozas\/az-olimpiai-remenyseg-aki-arra-hasznalta-a-bringajat-hogy-kiraboljon-26-bankot\/#breadcrumb","itemListElement":[{"@type":"ListItem","position":1,"name":"Home","item":"https:\/\/www.welovecycling.com\/hu\/"},{"@type":"ListItem","position":2,"name":"Az Olimpiai rem\u00e9nys\u00e9g, aki arra haszn\u00e1lta a bring\u00e1j\u00e1t, hogy kiraboljon 26 bankot"}]},{"@type":"WebSite","@id":"https:\/\/www.welovecycling.com\/hu\/#website","url":"https:\/\/www.welovecycling.com\/hu\/","name":"\u0160koda We Love Cycling - Magyarorsz\u00e1g","description":"\u0160koda WeLoveCycling","potentialAction":[{"@type":"SearchAction","target":{"@type":"EntryPoint","urlTemplate":"https:\/\/www.welovecycling.com\/hu\/?s={search_term_string}"},"query-input":{"@type":"PropertyValueSpecification","valueRequired":true,"valueName":"search_term_string"}}],"inLanguage":"hu"},{"@type":"Person","@id":"https:\/\/www.welovecycling.com\/hu\/#\/schema\/person\/414a2aebf1801691a5320edb6468e194","name":"hegyizs","image":{"@type":"ImageObject","inLanguage":"hu","@id":"https:\/\/www.welovecycling.com\/hu\/#\/schema\/person\/image\/","url":"https:\/\/secure.gravatar.com\/avatar\/02cf8a7906b8cf90cecb4679defac7cfd33a1c2e3b88e4903d947f3bb58eedd3?s=96&d=mm&r=g","contentUrl":"https:\/\/secure.gravatar.com\/avatar\/02cf8a7906b8cf90cecb4679defac7cfd33a1c2e3b88e4903d947f3bb58eedd3?s=96&d=mm&r=g","caption":"hegyizs"},"url":"https:\/\/www.welovecycling.com\/hu\/author\/hegyizs\/"}]}},"_links":{"self":[{"href":"https:\/\/www.welovecycling.com\/hu\/wp-json\/wp\/v2\/posts\/5586","targetHints":{"allow":["GET"]}}],"collection":[{"href":"https:\/\/www.welovecycling.com\/hu\/wp-json\/wp\/v2\/posts"}],"about":[{"href":"https:\/\/www.welovecycling.com\/hu\/wp-json\/wp\/v2\/types\/post"}],"author":[{"embeddable":true,"href":"https:\/\/www.welovecycling.com\/hu\/wp-json\/wp\/v2\/users\/71"}],"replies":[{"embeddable":true,"href":"https:\/\/www.welovecycling.com\/hu\/wp-json\/wp\/v2\/comments?post=5586"}],"version-history":[{"count":2,"href":"https:\/\/www.welovecycling.com\/hu\/wp-json\/wp\/v2\/posts\/5586\/revisions"}],"predecessor-version":[{"id":5605,"href":"https:\/\/www.welovecycling.com\/hu\/wp-json\/wp\/v2\/posts\/5586\/revisions\/5605"}],"wp:featuredmedia":[{"embeddable":true,"href":"https:\/\/www.welovecycling.com\/hu\/wp-json\/wp\/v2\/media\/5590"}],"wp:attachment":[{"href":"https:\/\/www.welovecycling.com\/hu\/wp-json\/wp\/v2\/media?parent=5586"}],"wp:term":[{"taxonomy":"category","embeddable":true,"href":"https:\/\/www.welovecycling.com\/hu\/wp-json\/wp\/v2\/categories?post=5586"},{"taxonomy":"post_tag","embeddable":true,"href":"https:\/\/www.welovecycling.com\/hu\/wp-json\/wp\/v2\/tags?post=5586"},{"taxonomy":"global-categories","embeddable":true,"href":"https:\/\/www.welovecycling.com\/hu\/wp-json\/wp\/v2\/global-categories?post=5586"}],"curies":[{"name":"wp","href":"https:\/\/api.w.org\/{rel}","templated":true}]}}