{"id":5569,"date":"2019-11-13T08:00:12","date_gmt":"2019-11-13T07:00:12","guid":{"rendered":"https:\/\/www.welovecycling.com\/hu\/?p=5569"},"modified":"2019-11-09T12:23:59","modified_gmt":"2019-11-09T11:23:59","slug":"a-nagy-noi-kerekpar-vita-mirol-is-szol","status":"publish","type":"post","link":"https:\/\/www.welovecycling.com\/hu\/orszaguti-kerekpar\/a-nagy-noi-kerekpar-vita-mirol-is-szol\/","title":{"rendered":"A nagy n\u0151i ker\u00e9kp\u00e1r vita: mir\u0151l is sz\u00f3l?"},"content":{"rendered":"<p><strong>A jelens\u00e9g a 2000-es \u00e9vek elej\u00e9n kezd\u0151d\u00f6tt: n\u0151i bring\u00e1k, ejtett fels\u0151cs\u00f6vek, hosszabb nyeregcs\u0151, egy l\u00e9p\u00e9s a j\u00f3 ir\u00e1nyba \u2013 legal\u00e1bbis kezdetben \u00edgy t\u0171nt. A l\u00e1tv\u00e1nyos anat\u00f3miai k\u00fcl\u00f6nbs\u00e9gekhez igaz\u00edtott diz\u00e1jn egy j\u00f3l megalapozott \u00f6tletk\u00e9nt indult.<\/strong><!--more--><\/p>\n<p>\u00c9vek hossz\u00fa kutat\u00f3munk\u00e1ja sor\u00e1n az \u00e9let sz\u00e1mos ter\u00fclet\u00e9t vett\u00e9k m\u00e1r g\u00f3rcs\u0151 al\u00e1, hogy megvizsg\u00e1lj\u00e1k, milyen k\u00fcl\u00f6nbs\u00e9gek vannak (ha vannak) nemek szerint bizonyos term\u00e9kek \u2013 borotva, multivitaminok, szem\u00fcvegek, \u00e9s gyakorlatilag minden egy\u00e9b \u2013 eset\u00e9ben. V\u00e9g\u00fcl elj\u00f6tt a biciklik ideje. B\u00e1r rengeteg tudom\u00e1nyos adat al\u00e1t\u00e1masztja, hogy a n\u0151k \u00e1ltal\u00e1ban hosszabb l\u00e1bakkal \u00e9s r\u00f6videbb fels\u0151testtel rendelkeznek, mint a f\u00e9rfiak, ez azonban t\u00e9nyleg azt jelenti, hogy a \u201en\u0151i ker\u00e9kp\u00e1rok\u201d jobbak sz\u00e1mukra?<\/p>\n<p><a href=\"https:\/\/d2p6e6u75xmxt8.cloudfront.net\/12\/2019\/11\/17159331_10154522442590914_5498289843460889827_o.jpg\"><img loading=\"lazy\" decoding=\"async\" class=\"size-full wp-image-5570\" src=\"https:\/\/d2p6e6u75xmxt8.cloudfront.net\/12\/2019\/11\/17159331_10154522442590914_5498289843460889827_o.jpg\" alt=\"\" width=\"2048\" height=\"1252\" srcset=\"https:\/\/d2p6e6u75xmxt8.cloudfront.net\/12\/2019\/11\/17159331_10154522442590914_5498289843460889827_o.jpg 2048w, https:\/\/d2p6e6u75xmxt8.cloudfront.net\/12\/2019\/11\/17159331_10154522442590914_5498289843460889827_o-300x183.jpg 300w, https:\/\/d2p6e6u75xmxt8.cloudfront.net\/12\/2019\/11\/17159331_10154522442590914_5498289843460889827_o-768x470.jpg 768w, https:\/\/d2p6e6u75xmxt8.cloudfront.net\/12\/2019\/11\/17159331_10154522442590914_5498289843460889827_o-1024x626.jpg 1024w, https:\/\/d2p6e6u75xmxt8.cloudfront.net\/12\/2019\/11\/17159331_10154522442590914_5498289843460889827_o-1920x1174.jpg 1920w, https:\/\/d2p6e6u75xmxt8.cloudfront.net\/12\/2019\/11\/17159331_10154522442590914_5498289843460889827_o-1920x1174.jpg 1920w\" sizes=\"auto, (max-width: 2048px) 100vw, 2048px\" \/><\/a><\/p>\n<p>Jelenleg vannak, akik a n\u0151i modellekre esk\u00fcsznek, m\u00e1sok pedig nonszensznek tartj\u00e1k a l\u00e9tez\u00e9s\u00fcket is. Term\u00e9szetesen nem vagyunk hivatottak eld\u00f6nteni, hogy kinek van igaza, puszt\u00e1n szeretn\u00e9nk kiemelni a f\u0151bb pontokat, amik ment\u00e9n a vita zajlik, hogy a n\u0151k ezzel a tud\u00e1ssal felszerelkezve magabiztosan eld\u00f6nthess\u00e9k, hogy sz\u00e1mukra mi a legjobb v\u00e1laszt\u00e1s.<\/p>\n<p>\u00cdme a f\u0151 vit\u00e1s k\u00e9rd\u00e9sek:<\/p>\n<h2><strong>T\u00e9nyleg r\u00f6videbb a n\u0151k fels\u0151teste?<\/strong><\/h2>\n<p>Az egyik f\u0151 \u00e9rv a n\u0151i biciklik megalkot\u00e1sa mellett az, hogy a n\u0151knek \u00e1tlagosan r\u00f6videbb a fels\u0151test\u00fck \u00e9s a karjuk, mint a f\u00e9rfiaknak. Vannak, akik ebb\u0151l arra k\u00f6vetkeztetnek, hogy a n\u0151k karjaiban \u00e9s l\u00e1baiban kevesebb er\u0151 lakozik, ez\u00e9rt t\u00f6bbet kell dolgozniuk a t\u00f6rzs\u00fckkel. N\u00e9ha m\u00e9g a gravit\u00e1ci\u00f3s pont is sz\u00f3ba j\u00f6n.<\/p>\n<p>Mindett\u0151l f\u00fcggetlen\u00fcl, azok a m\u00e1rk\u00e1k, akik a n\u0151i bicikliket gy\u00e1rtj\u00e1k, azt \u00e1ll\u00edtj\u00e1k, hogy a n\u0151knek kisebb t\u00e1vols\u00e1gra van sz\u00fcks\u00e9g\u00fck a korm\u00e1ny \u00e9s az \u00fcl\u00e9s k\u00f6z\u00f6tt, mint a f\u00e9rfiaknak. Teh\u00e1t j\u00f6het a r\u00f6videbb v\u00e1z \u00e9s a magasabb \u00fcl\u00e9s!<\/p>\n<p>Az elm\u00e9let kritikusai szerint hi\u00e1ba igaz, hogy m\u00e1s a k\u00e9t nem testfel\u00e9p\u00edt\u00e9se, ezt nem lehet annyival megoldani, hogy r\u00f6videbb v\u00e1zat szerel\u00fcnk a n\u0151i ker\u00e9kp\u00e1rokra. A megfelel\u0151 v\u00e1z kialak\u00edt\u00e1sa val\u00f3sz\u00edn\u0171leg sokkal t\u00f6bb befektet\u00e9st \u00e9s munk\u00e1t ig\u00e9nyelne, mint amennyit egy gy\u00e1rt\u00f3 foglalkozik a probl\u00e9m\u00e1val. Ha megford\u00edtjuk a dolgot \u00e9s a f\u00e9rfiaknak mondjuk azt, hogy \u201esz\u00e1motokra egy hosszabb bringa kell, de j\u00f3 lesz az a 150 mm-es sz\u00e1r is\u201d, egyb\u0151l rosszabbul hangzik!<\/p>\n<p><a href=\"https:\/\/d2p6e6u75xmxt8.cloudfront.net\/12\/2019\/11\/475745457457.jpg\"><img loading=\"lazy\" decoding=\"async\" class=\"alignnone size-full wp-image-5571\" src=\"https:\/\/d2p6e6u75xmxt8.cloudfront.net\/12\/2019\/11\/475745457457.jpg\" alt=\"\" width=\"1366\" height=\"600\" srcset=\"https:\/\/d2p6e6u75xmxt8.cloudfront.net\/12\/2019\/11\/475745457457.jpg 1366w, https:\/\/d2p6e6u75xmxt8.cloudfront.net\/12\/2019\/11\/475745457457-300x132.jpg 300w, https:\/\/d2p6e6u75xmxt8.cloudfront.net\/12\/2019\/11\/475745457457-768x337.jpg 768w, https:\/\/d2p6e6u75xmxt8.cloudfront.net\/12\/2019\/11\/475745457457-1024x450.jpg 1024w\" sizes=\"auto, (max-width: 1366px) 100vw, 1366px\" \/><\/a><\/p>\n<h2><strong>M\u00e1st akarnak-e a n\u0151k, mint a f\u00e9rfiak?<\/strong><\/h2>\n<p>Azzal az \u00e9rvvel is tal\u00e1lkozhatsz, hogy nem az\u00e9rt kell a n\u0151knek r\u00f6videbb sz\u00e1r, mert kisebb a fels\u0151test\u00fck, hanem mert m\u00e1s \u00e9lm\u00e9nyeket keresnek bicikliz\u00e9skor. N\u00e9h\u00e1ny m\u00e1rka az\u00e9rt alak\u00edtja ki \u00edgy a n\u0151i modelljeit, mert \u00fagy gondolj\u00e1k, a n\u0151k ink\u00e1bb egy relax\u00e1l\u00f3s, \u00e1ll\u00f3k\u00e9pess\u00e9get jav\u00edt\u00f3 teker\u00e9sre v\u00e1gynak, nem pedig arra, hogy az aerodinamikailag megfelel\u0151 kialak\u00edt\u00e1s miatt min\u00e9l gyorsabban sz\u00e1guldhassanak.<\/p>\n<p>A probl\u00e9ma az, hogy m\u00e1r sz\u00e1mos bicikli l\u00e9tezik pontosan ezekre a c\u00e9lokra. Nemt\u0151l f\u00fcggetlen\u00fcl d\u00f6nthetsz \u00fagy, hogy az \u00e1ll\u00f3k\u00e9pess\u00e9geden jav\u00edtasz, vagy ink\u00e1bb egy cyclocross, esetleg gravel bring\u00e1t szeretn\u00e9l, lehetsz felfedez\u0151 \u00e9s nyugalomra v\u00e1gy\u00f3, ez\u00e9rt l\u00e9teznek a k\u00fcl\u00f6nb\u00f6z\u0151 modellek!<\/p>\n<p>Ha kutat\u00e1sok al\u00e1t\u00e1masztan\u00e1k, hogy a n\u0151knek, fel\u00e9p\u00edt\u00e9s\u00fckb\u0151l ad\u00f3d\u00f3an sz\u00fcks\u00e9ges a r\u00f6videbb v\u00e1z, az tal\u00e1n meger\u0151s\u00edten\u00e9 a n\u0151i bringa p\u00e1rtiak \u00e9rveit. Jelenleg az\u00e9rt b\u0151ven van ok szkepticizmusra.<\/p>\n<h2><strong>M\u00e1shogy tekernek a n\u0151k?<\/strong><\/h2>\n<p>Aki egy kis id\u0151t is elt\u00f6lt\u00f6tt m\u00e1r a ker\u00e9kp\u00e1r kialak\u00edt\u00e1s\u00e1n elm\u00e9lkedve, biztosan le van ny\u0171g\u00f6zve a szil\u00e1rds\u00e1g \u00e9s a k\u00f6nny\u0171s\u00e9g egyens\u00faly\u00e1nak m\u0171v\u00e9szet\u00e9t\u0151l. Egy j\u00f3 \u00e9rv a n\u0151i modellek mellett, hogy az egyens\u00falyoz\u00e1s \u00e1ltal\u00e1ban a f\u00e9rfiakra van szabva, holott egy \u00e1tlagos n\u0151 k\u00f6nnyebb egy \u00e1tlagos f\u00e9rfin\u00e1l, \u00e9s kevesebb er\u0151t tud kifejteni \u2013 teh\u00e1t ebb\u0151l a szempontb\u00f3l t\u00e9nyleg valami m\u00e1sra van sz\u00fcks\u00e9ge.<\/p>\n<p><a href=\"https:\/\/d2p6e6u75xmxt8.cloudfront.net\/12\/2019\/11\/WhyWeRide.jpg\"><img loading=\"lazy\" decoding=\"async\" class=\"alignnone size-full wp-image-5572\" src=\"https:\/\/d2p6e6u75xmxt8.cloudfront.net\/12\/2019\/11\/WhyWeRide.jpg\" alt=\"\" width=\"1377\" height=\"918\" srcset=\"https:\/\/d2p6e6u75xmxt8.cloudfront.net\/12\/2019\/11\/WhyWeRide.jpg 1377w, https:\/\/d2p6e6u75xmxt8.cloudfront.net\/12\/2019\/11\/WhyWeRide-300x200.jpg 300w, https:\/\/d2p6e6u75xmxt8.cloudfront.net\/12\/2019\/11\/WhyWeRide-768x512.jpg 768w, https:\/\/d2p6e6u75xmxt8.cloudfront.net\/12\/2019\/11\/WhyWeRide-1024x683.jpg 1024w, https:\/\/d2p6e6u75xmxt8.cloudfront.net\/12\/2019\/11\/WhyWeRide-272x182.jpg 272w\" sizes=\"auto, (max-width: 1377px) 100vw, 1377px\" \/><\/a><\/p>\n<p>Egy olyan vil\u00e1gban, ahol minden n\u0151 \u00e9s minden f\u00e9rfi ugyanolyan, ez lehetne a k\u00e9t nem k\u00fcl\u00f6nb\u00f6z\u0151 ker\u00e9kp\u00e1rjainak alapja. Sajnos nagyon kevesen \u00e9rzik \u00fagy, hogy az \u0151 test\u00fck t\u00f6k\u00e9letesen \u00e1tlagos. Rengeteg f\u00e9le bringa van m\u00e1r a piacon, n\u00e9h\u00e1nyan szuper-massz\u00edvak, m\u00e1sok pedig ink\u00e1bb a k\u00e9nyelemre mennek, teljesen f\u00fcggetlen\u00fcl a nemt\u0151l.<\/p>\n<h2><strong>A profik n\u0151i bring\u00e1n tekernek?<\/strong><\/h2>\n<p>Ez a k\u00e9rd\u00e9s elker\u00fclhetetlen egy vita sor\u00e1n. A profik \u00e1ltal\u00e1ban unisex ker\u00e9kp\u00e1rokat haszn\u00e1lnak, ezen bel\u00fcl is rengeteg vizsg\u00e1lat el\u0151zi meg, hogy egy szak\u00e9rt\u0151i csapat kiv\u00e1lassza a sz\u00e1mukra megfelel\u0151t, a test\u00fcket, az erej\u00fcket \u00e9s a c\u00e9ljaikat is figyelembe v\u00e9ve. Hat\u00e1rozottan \u00e9rezz\u00fck azonban a probl\u00e9m\u00e1t, amikor egy edz\u0151 azt nyilatkozza, hogy \u201ea l\u00e1nyok a szponzoraink f\u00e9rfi modelljein tekernek, ennyire j\u00f3 bring\u00e1sok!\u201d Tudjuk azonban, hogy milyen sok \u201eennyire j\u00f3 bring\u00e1s\u201d szereti a n\u0151i modelleket is, teh\u00e1t kimondhatjuk, hogy az a j\u00f3 bicikli, ami illik hozz\u00e1d!<\/p>\n<h2><strong>Miben fejl\u0151dhet a piac?<\/strong><\/h2>\n<p>Megk\u00e9rd\u0151jelezhetetlen t\u00e9ny, hogy a n\u0151k olyan bicikliket akarnak, amiket ugyanazokra az adatokra t\u00e1maszkodva alkotnak meg, mint a top ker\u00e9kp\u00e1rokat. B\u00e1r n\u00e9h\u00e1ny \u00e9rv val\u00f3ban vitathatatlan, p\u00e9ld\u00e1ul az, hogy a nyereg \u00e9s a korm\u00e1ny tekintet\u00e9ben a n\u0151knek t\u00e9nyleg valami m\u00e1sra van sz\u00fcks\u00e9ge, mint a f\u00e9rfiaknak, minden m\u00e1s tov\u00e1bbra is marad vita t\u00e1rgya.<\/p>\n<p><a href=\"https:\/\/d2p6e6u75xmxt8.cloudfront.net\/12\/2019\/11\/Peachescvr-2.jpg\"><img loading=\"lazy\" decoding=\"async\" class=\"alignnone size-full wp-image-5573\" src=\"https:\/\/d2p6e6u75xmxt8.cloudfront.net\/12\/2019\/11\/Peachescvr-2.jpg\" alt=\"\" width=\"1377\" height=\"918\" srcset=\"https:\/\/d2p6e6u75xmxt8.cloudfront.net\/12\/2019\/11\/Peachescvr-2.jpg 1377w, https:\/\/d2p6e6u75xmxt8.cloudfront.net\/12\/2019\/11\/Peachescvr-2-300x200.jpg 300w, https:\/\/d2p6e6u75xmxt8.cloudfront.net\/12\/2019\/11\/Peachescvr-2-768x512.jpg 768w, https:\/\/d2p6e6u75xmxt8.cloudfront.net\/12\/2019\/11\/Peachescvr-2-1024x683.jpg 1024w, https:\/\/d2p6e6u75xmxt8.cloudfront.net\/12\/2019\/11\/Peachescvr-2-272x182.jpg 272w\" sizes=\"auto, (max-width: 1377px) 100vw, 1377px\" \/><\/a><\/p>\n<p>A legjobb dolog, amit a gy\u00e1rt\u00f3k tehetnek, hogy \u0151szint\u00e9n besz\u00e9lnek arr\u00f3l, hogy mi\u00e9rt alak\u00edtj\u00e1k \u00fagy a modelleket, ahogy, \u00e9s k\u00f6zz\u00e9teszik a kutat\u00e1sokat, amikre alapoznak. Ha az adatok, a kutat\u00e1sok, a v\u00e1s\u00e1rl\u00f3i visszajelz\u00e9sek \u00e9s az eg\u00e9szs\u00e9g\u00fcgyi szak\u00e9rt\u0151k al\u00e1t\u00e1masztj\u00e1k az elk\u00e9pzel\u00e9st, akkor kell a n\u0151i modell. Ha nem, akkor nem.<\/p>\n<p>Ha a gyakorlatban bicikliv\u00e1s\u00e1rl\u00e1sra ker\u00fcl sor, tartsd szem el\u0151tt, hogy a gy\u00e1rt\u00f3knak \u201e\u00e1tlag\u201d ker\u00e9kp\u00e1rokat kell piacra dobniuk, hogy min\u00e9l t\u00f6bb embert el\u00e9rhessenek. Egy j\u00f3 m\u00e1rka azonban nem t\u00f6r\u0151dik a marketinggel \u00e9s arra koncentr\u00e1l, hogy a hozz\u00e1d legjobban ill\u0151 modellt kapd! \u00c9s mivel minden test m\u00e1s \u00e9s m\u00e1s, az egyetlen \u00fat ehhez az, ha sok bring\u00e1t kipr\u00f3b\u00e1lsz!<\/p>\n","protected":false},"excerpt":{"rendered":"<p>A jelens\u00e9g a 2000-es \u00e9vek elej\u00e9n kezd\u0151d\u00f6tt: n\u0151i bring\u00e1k, ejtett fels\u0151cs\u00f6vek, hosszabb nyeregcs\u0151, egy l\u00e9p\u00e9s a j\u00f3 ir\u00e1nyba \u2013 legal\u00e1bbis [&hellip;]<\/p>\n","protected":false},"author":71,"featured_media":5575,"comment_status":"open","ping_status":"open","sticky":false,"template":"","format":"standard","meta":{"footnotes":""},"categories":[8],"tags":[],"global-categories":[],"class_list":["post-5569","post","type-post","status-publish","format-standard","has-post-thumbnail","hentry","category-orszaguti-kerekpar"],"yoast_head":"<!-- This site is optimized with the Yoast SEO Premium plugin v25.3 (Yoast SEO v25.9) - https:\/\/yoast.com\/wordpress\/plugins\/seo\/ -->\n<title>A nagy n\u0151i ker\u00e9kp\u00e1r vita: mir\u0151l is sz\u00f3l? - \u0160koda We Love Cycling - Magyarorsz\u00e1g<\/title>\n<meta name=\"robots\" content=\"index, follow, max-snippet:-1, max-image-preview:large, max-video-preview:-1\" \/>\n<link rel=\"canonical\" href=\"https:\/\/www.welovecycling.com\/hu\/orszaguti-kerekpar\/a-nagy-noi-kerekpar-vita-mirol-is-szol\/\" \/>\n<meta property=\"og:locale\" content=\"hu_HU\" \/>\n<meta property=\"og:type\" content=\"article\" \/>\n<meta property=\"og:title\" content=\"A nagy n\u0151i ker\u00e9kp\u00e1r vita: mir\u0151l is sz\u00f3l?\" \/>\n<meta property=\"og:description\" content=\"A jelens\u00e9g a 2000-es \u00e9vek elej\u00e9n kezd\u0151d\u00f6tt: n\u0151i bring\u00e1k, ejtett fels\u0151cs\u00f6vek, hosszabb nyeregcs\u0151, egy l\u00e9p\u00e9s a j\u00f3 ir\u00e1nyba \u2013 legal\u00e1bbis [&hellip;]\" \/>\n<meta property=\"og:url\" content=\"https:\/\/www.welovecycling.com\/hu\/orszaguti-kerekpar\/a-nagy-noi-kerekpar-vita-mirol-is-szol\/\" \/>\n<meta property=\"og:site_name\" content=\"\u0160koda We Love Cycling - Magyarorsz\u00e1g\" \/>\n<meta property=\"article:publisher\" content=\"https:\/\/www.facebook.com\/WeLoveCyclingHungary\/\" \/>\n<meta property=\"article:published_time\" content=\"2019-11-13T07:00:12+00:00\" \/>\n<meta property=\"og:image\" content=\"https:\/\/d2p6e6u75xmxt8.cloudfront.net\/12\/2019\/11\/Women-Cycling-MTB-CVR-profimedia-0416480064.jpg\" \/>\n\t<meta property=\"og:image:width\" content=\"1366\" \/>\n\t<meta property=\"og:image:height\" content=\"600\" \/>\n\t<meta property=\"og:image:type\" content=\"image\/jpeg\" \/>\n<meta name=\"author\" content=\"hegyizs\" \/>\n<meta name=\"twitter:card\" content=\"summary_large_image\" \/>\n<meta name=\"twitter:label1\" content=\"Written by\" \/>\n\t<meta name=\"twitter:data1\" content=\"Megan Flottorp\" \/>\n\t<meta name=\"twitter:label2\" content=\"Est. reading time\" \/>\n\t<meta name=\"twitter:data2\" content=\"7\" \/>\n<script type=\"application\/ld+json\" class=\"yoast-schema-graph\">{\"@context\":\"https:\/\/schema.org\",\"@graph\":[{\"@type\":\"WebPage\",\"@id\":\"https:\/\/www.welovecycling.com\/hu\/orszaguti-kerekpar\/a-nagy-noi-kerekpar-vita-mirol-is-szol\/\",\"url\":\"https:\/\/www.welovecycling.com\/hu\/orszaguti-kerekpar\/a-nagy-noi-kerekpar-vita-mirol-is-szol\/\",\"name\":\"A nagy n\u0151i ker\u00e9kp\u00e1r vita: mir\u0151l is sz\u00f3l? - \u0160koda We Love Cycling - Magyarorsz\u00e1g\",\"isPartOf\":{\"@id\":\"https:\/\/www.welovecycling.com\/hu\/#website\"},\"primaryImageOfPage\":{\"@id\":\"https:\/\/www.welovecycling.com\/hu\/orszaguti-kerekpar\/a-nagy-noi-kerekpar-vita-mirol-is-szol\/#primaryimage\"},\"image\":{\"@id\":\"https:\/\/www.welovecycling.com\/hu\/orszaguti-kerekpar\/a-nagy-noi-kerekpar-vita-mirol-is-szol\/#primaryimage\"},\"thumbnailUrl\":\"https:\/\/d2p6e6u75xmxt8.cloudfront.net\/12\/2019\/11\/Women-Cycling-MTB-CVR-profimedia-0416480064.jpg\",\"datePublished\":\"2019-11-13T07:00:12+00:00\",\"author\":{\"@id\":\"https:\/\/www.welovecycling.com\/hu\/#\/schema\/person\/414a2aebf1801691a5320edb6468e194\"},\"breadcrumb\":{\"@id\":\"https:\/\/www.welovecycling.com\/hu\/orszaguti-kerekpar\/a-nagy-noi-kerekpar-vita-mirol-is-szol\/#breadcrumb\"},\"inLanguage\":\"hu\",\"potentialAction\":[{\"@type\":\"ReadAction\",\"target\":[\"https:\/\/www.welovecycling.com\/hu\/orszaguti-kerekpar\/a-nagy-noi-kerekpar-vita-mirol-is-szol\/\"]}]},{\"@type\":\"ImageObject\",\"inLanguage\":\"hu\",\"@id\":\"https:\/\/www.welovecycling.com\/hu\/orszaguti-kerekpar\/a-nagy-noi-kerekpar-vita-mirol-is-szol\/#primaryimage\",\"url\":\"https:\/\/d2p6e6u75xmxt8.cloudfront.net\/12\/2019\/11\/Women-Cycling-MTB-CVR-profimedia-0416480064.jpg\",\"contentUrl\":\"https:\/\/d2p6e6u75xmxt8.cloudfront.net\/12\/2019\/11\/Women-Cycling-MTB-CVR-profimedia-0416480064.jpg\",\"width\":1366,\"height\":600},{\"@type\":\"BreadcrumbList\",\"@id\":\"https:\/\/www.welovecycling.com\/hu\/orszaguti-kerekpar\/a-nagy-noi-kerekpar-vita-mirol-is-szol\/#breadcrumb\",\"itemListElement\":[{\"@type\":\"ListItem\",\"position\":1,\"name\":\"Home\",\"item\":\"https:\/\/www.welovecycling.com\/hu\/\"},{\"@type\":\"ListItem\",\"position\":2,\"name\":\"A nagy n\u0151i ker\u00e9kp\u00e1r vita: mir\u0151l is sz\u00f3l?\"}]},{\"@type\":\"WebSite\",\"@id\":\"https:\/\/www.welovecycling.com\/hu\/#website\",\"url\":\"https:\/\/www.welovecycling.com\/hu\/\",\"name\":\"\u0160koda We Love Cycling - Magyarorsz\u00e1g\",\"description\":\"\u0160koda WeLoveCycling\",\"potentialAction\":[{\"@type\":\"SearchAction\",\"target\":{\"@type\":\"EntryPoint\",\"urlTemplate\":\"https:\/\/www.welovecycling.com\/hu\/?s={search_term_string}\"},\"query-input\":{\"@type\":\"PropertyValueSpecification\",\"valueRequired\":true,\"valueName\":\"search_term_string\"}}],\"inLanguage\":\"hu\"},{\"@type\":\"Person\",\"@id\":\"https:\/\/www.welovecycling.com\/hu\/#\/schema\/person\/414a2aebf1801691a5320edb6468e194\",\"name\":\"hegyizs\",\"image\":{\"@type\":\"ImageObject\",\"inLanguage\":\"hu\",\"@id\":\"https:\/\/www.welovecycling.com\/hu\/#\/schema\/person\/image\/\",\"url\":\"https:\/\/secure.gravatar.com\/avatar\/02cf8a7906b8cf90cecb4679defac7cfd33a1c2e3b88e4903d947f3bb58eedd3?s=96&d=mm&r=g\",\"contentUrl\":\"https:\/\/secure.gravatar.com\/avatar\/02cf8a7906b8cf90cecb4679defac7cfd33a1c2e3b88e4903d947f3bb58eedd3?s=96&d=mm&r=g\",\"caption\":\"hegyizs\"},\"url\":\"https:\/\/www.welovecycling.com\/hu\/author\/hegyizs\/\"}]}<\/script>\n<!-- \/ Yoast SEO Premium plugin. -->","yoast_head_json":{"title":"A nagy n\u0151i ker\u00e9kp\u00e1r vita: mir\u0151l is sz\u00f3l? - \u0160koda We Love Cycling - Magyarorsz\u00e1g","robots":{"index":"index","follow":"follow","max-snippet":"max-snippet:-1","max-image-preview":"max-image-preview:large","max-video-preview":"max-video-preview:-1"},"canonical":"https:\/\/www.welovecycling.com\/hu\/orszaguti-kerekpar\/a-nagy-noi-kerekpar-vita-mirol-is-szol\/","og_locale":"hu_HU","og_type":"article","og_title":"A nagy n\u0151i ker\u00e9kp\u00e1r vita: mir\u0151l is sz\u00f3l?","og_description":"A jelens\u00e9g a 2000-es \u00e9vek elej\u00e9n kezd\u0151d\u00f6tt: n\u0151i bring\u00e1k, ejtett fels\u0151cs\u00f6vek, hosszabb nyeregcs\u0151, egy l\u00e9p\u00e9s a j\u00f3 ir\u00e1nyba \u2013 legal\u00e1bbis [&hellip;]","og_url":"https:\/\/www.welovecycling.com\/hu\/orszaguti-kerekpar\/a-nagy-noi-kerekpar-vita-mirol-is-szol\/","og_site_name":"\u0160koda We Love Cycling - Magyarorsz\u00e1g","article_publisher":"https:\/\/www.facebook.com\/WeLoveCyclingHungary\/","article_published_time":"2019-11-13T07:00:12+00:00","og_image":[{"width":1366,"height":600,"url":"https:\/\/d2p6e6u75xmxt8.cloudfront.net\/12\/2019\/11\/Women-Cycling-MTB-CVR-profimedia-0416480064.jpg","type":"image\/jpeg"}],"author":"hegyizs","twitter_card":"summary_large_image","twitter_misc":{"Written by":"Megan Flottorp","Est. reading time":"7"},"schema":{"@context":"https:\/\/schema.org","@graph":[{"@type":"WebPage","@id":"https:\/\/www.welovecycling.com\/hu\/orszaguti-kerekpar\/a-nagy-noi-kerekpar-vita-mirol-is-szol\/","url":"https:\/\/www.welovecycling.com\/hu\/orszaguti-kerekpar\/a-nagy-noi-kerekpar-vita-mirol-is-szol\/","name":"A nagy n\u0151i ker\u00e9kp\u00e1r vita: mir\u0151l is sz\u00f3l? - \u0160koda We Love Cycling - Magyarorsz\u00e1g","isPartOf":{"@id":"https:\/\/www.welovecycling.com\/hu\/#website"},"primaryImageOfPage":{"@id":"https:\/\/www.welovecycling.com\/hu\/orszaguti-kerekpar\/a-nagy-noi-kerekpar-vita-mirol-is-szol\/#primaryimage"},"image":{"@id":"https:\/\/www.welovecycling.com\/hu\/orszaguti-kerekpar\/a-nagy-noi-kerekpar-vita-mirol-is-szol\/#primaryimage"},"thumbnailUrl":"https:\/\/d2p6e6u75xmxt8.cloudfront.net\/12\/2019\/11\/Women-Cycling-MTB-CVR-profimedia-0416480064.jpg","datePublished":"2019-11-13T07:00:12+00:00","author":{"@id":"https:\/\/www.welovecycling.com\/hu\/#\/schema\/person\/414a2aebf1801691a5320edb6468e194"},"breadcrumb":{"@id":"https:\/\/www.welovecycling.com\/hu\/orszaguti-kerekpar\/a-nagy-noi-kerekpar-vita-mirol-is-szol\/#breadcrumb"},"inLanguage":"hu","potentialAction":[{"@type":"ReadAction","target":["https:\/\/www.welovecycling.com\/hu\/orszaguti-kerekpar\/a-nagy-noi-kerekpar-vita-mirol-is-szol\/"]}]},{"@type":"ImageObject","inLanguage":"hu","@id":"https:\/\/www.welovecycling.com\/hu\/orszaguti-kerekpar\/a-nagy-noi-kerekpar-vita-mirol-is-szol\/#primaryimage","url":"https:\/\/d2p6e6u75xmxt8.cloudfront.net\/12\/2019\/11\/Women-Cycling-MTB-CVR-profimedia-0416480064.jpg","contentUrl":"https:\/\/d2p6e6u75xmxt8.cloudfront.net\/12\/2019\/11\/Women-Cycling-MTB-CVR-profimedia-0416480064.jpg","width":1366,"height":600},{"@type":"BreadcrumbList","@id":"https:\/\/www.welovecycling.com\/hu\/orszaguti-kerekpar\/a-nagy-noi-kerekpar-vita-mirol-is-szol\/#breadcrumb","itemListElement":[{"@type":"ListItem","position":1,"name":"Home","item":"https:\/\/www.welovecycling.com\/hu\/"},{"@type":"ListItem","position":2,"name":"A nagy n\u0151i ker\u00e9kp\u00e1r vita: mir\u0151l is sz\u00f3l?"}]},{"@type":"WebSite","@id":"https:\/\/www.welovecycling.com\/hu\/#website","url":"https:\/\/www.welovecycling.com\/hu\/","name":"\u0160koda We Love Cycling - Magyarorsz\u00e1g","description":"\u0160koda WeLoveCycling","potentialAction":[{"@type":"SearchAction","target":{"@type":"EntryPoint","urlTemplate":"https:\/\/www.welovecycling.com\/hu\/?s={search_term_string}"},"query-input":{"@type":"PropertyValueSpecification","valueRequired":true,"valueName":"search_term_string"}}],"inLanguage":"hu"},{"@type":"Person","@id":"https:\/\/www.welovecycling.com\/hu\/#\/schema\/person\/414a2aebf1801691a5320edb6468e194","name":"hegyizs","image":{"@type":"ImageObject","inLanguage":"hu","@id":"https:\/\/www.welovecycling.com\/hu\/#\/schema\/person\/image\/","url":"https:\/\/secure.gravatar.com\/avatar\/02cf8a7906b8cf90cecb4679defac7cfd33a1c2e3b88e4903d947f3bb58eedd3?s=96&d=mm&r=g","contentUrl":"https:\/\/secure.gravatar.com\/avatar\/02cf8a7906b8cf90cecb4679defac7cfd33a1c2e3b88e4903d947f3bb58eedd3?s=96&d=mm&r=g","caption":"hegyizs"},"url":"https:\/\/www.welovecycling.com\/hu\/author\/hegyizs\/"}]}},"_links":{"self":[{"href":"https:\/\/www.welovecycling.com\/hu\/wp-json\/wp\/v2\/posts\/5569","targetHints":{"allow":["GET"]}}],"collection":[{"href":"https:\/\/www.welovecycling.com\/hu\/wp-json\/wp\/v2\/posts"}],"about":[{"href":"https:\/\/www.welovecycling.com\/hu\/wp-json\/wp\/v2\/types\/post"}],"author":[{"embeddable":true,"href":"https:\/\/www.welovecycling.com\/hu\/wp-json\/wp\/v2\/users\/71"}],"replies":[{"embeddable":true,"href":"https:\/\/www.welovecycling.com\/hu\/wp-json\/wp\/v2\/comments?post=5569"}],"version-history":[{"count":2,"href":"https:\/\/www.welovecycling.com\/hu\/wp-json\/wp\/v2\/posts\/5569\/revisions"}],"predecessor-version":[{"id":5596,"href":"https:\/\/www.welovecycling.com\/hu\/wp-json\/wp\/v2\/posts\/5569\/revisions\/5596"}],"wp:featuredmedia":[{"embeddable":true,"href":"https:\/\/www.welovecycling.com\/hu\/wp-json\/wp\/v2\/media\/5575"}],"wp:attachment":[{"href":"https:\/\/www.welovecycling.com\/hu\/wp-json\/wp\/v2\/media?parent=5569"}],"wp:term":[{"taxonomy":"category","embeddable":true,"href":"https:\/\/www.welovecycling.com\/hu\/wp-json\/wp\/v2\/categories?post=5569"},{"taxonomy":"post_tag","embeddable":true,"href":"https:\/\/www.welovecycling.com\/hu\/wp-json\/wp\/v2\/tags?post=5569"},{"taxonomy":"global-categories","embeddable":true,"href":"https:\/\/www.welovecycling.com\/hu\/wp-json\/wp\/v2\/global-categories?post=5569"}],"curies":[{"name":"wp","href":"https:\/\/api.w.org\/{rel}","templated":true}]}}